{"id":5456,"date":"2025-05-23T09:00:25","date_gmt":"2025-05-23T12:00:25","guid":{"rendered":"https:\/\/transamerica93.com.br\/home\/?p=5456"},"modified":"2025-05-13T18:55:36","modified_gmt":"2025-05-13T21:55:36","slug":"divulgado-resultado-de-pedido-de-isencao-da-inscricao-para-o-enem-2025","status":"publish","type":"post","link":"https:\/\/transamerica93.com.br\/home\/divulgado-resultado-de-pedido-de-isencao-da-inscricao-para-o-enem-2025\/","title":{"rendered":"Divulgado resultado de pedido de isen\u00e7\u00e3o da inscri\u00e7\u00e3o para o Enem 2025"},"content":{"rendered":"<div class=\"conteudo-noticia\">\n<p><strong>As pessoas que solicitaram isen\u00e7\u00e3o da taxa de inscri\u00e7\u00e3o para o Exame Nacional do Ensino M\u00e9dio (Enem) deste ano j\u00e1 podem conferir se o pedido foi aceito pelo Instituto Nacional de Estudos e Pesquisas Educacionais An\u00edsio Teixeira (Inep) diretamente na\u00a0<a href=\"https:\/\/enem.inep.gov.br\/participante\/#!\/\" target=\"_blank\" rel=\"noopener\">P\u00e1gina do Participante<\/a>\u00a0do exame, com o\u00a0<em>login\u00a0<\/em>no portal \u00fanico de servi\u00e7os digitais do governo federal, o Gov.br.<\/strong><img decoding=\"async\" data-src=\"https:\/\/agenciabrasil.ebc.com.br\/ebc.png?id=1642407&amp;o=node\" src=\"data:image\/svg+xml;base64,PHN2ZyB3aWR0aD0iMSIgaGVpZ2h0PSIxIiB4bWxucz0iaHR0cDovL3d3dy53My5vcmcvMjAwMC9zdmciPjwvc3ZnPg==\" class=\"lazyload\" \/><img decoding=\"async\" data-src=\"https:\/\/agenciabrasil.ebc.com.br\/ebc.gif?id=1642407&amp;o=node\" src=\"data:image\/svg+xml;base64,PHN2ZyB3aWR0aD0iMSIgaGVpZ2h0PSIxIiB4bWxucz0iaHR0cDovL3d3dy53My5vcmcvMjAwMC9zdmciPjwvc3ZnPg==\" class=\"lazyload\" \/><\/p>\n<p><strong>O Inep tamb\u00e9m disponibilizou os resultados referentes \u00e0s justificativas dos candidatos da edi\u00e7\u00e3o de 2024 que n\u00e3o compareceram aos dois dias de prova, mas querem participar da edi\u00e7\u00e3o de 2025 gratuitamente.<\/strong><\/p>\n<blockquote><p>Ter a aprova\u00e7\u00e3o da solicita\u00e7\u00e3o de isen\u00e7\u00e3o e\/ou de justificativa de aus\u00eancia no Enem 2024 n\u00e3o garante a efetiva\u00e7\u00e3o da inscri\u00e7\u00e3o no Enem 2025.\u00a0<a href=\"https:\/\/agenciabrasil.ebc.com.br\/educacao\/noticia\/2025-05\/enem-2025-saiba-datas-de-inscricoes-e-das-provas-deste-ano\" target=\"_blank\" rel=\"noopener\">Todos os interessados dever\u00e3o fazer a inscri\u00e7\u00e3o\u00a0<em>online<\/em>\u00a0de 26 de maio a 6 de junho<\/a>. O edital do Enem 2025\u00a0 \u2013 com as regras desta edi\u00e7\u00e3o \u2013 ainda ser\u00e1 publicado pelo Minist\u00e9rio da Educa\u00e7\u00e3o (MEC).<\/p><\/blockquote>\n<p><a href=\"https:\/\/www.whatsapp.com\/channel\/0029VaoRTgrInlqYLSk59B2M\" target=\"_blank\" rel=\"noopener\">&gt;&gt; Siga o canal da\u00a0<strong>Ag\u00eancia Brasil\u00a0<\/strong>no WhatsApp<\/a><\/p>\n<h2>Recursos<\/h2>\n<p>Os candidatos que tiveram negado o pedido de isen\u00e7\u00e3o de pagamento da taxa de inscri\u00e7\u00e3o do exame ou a justificativa de aus\u00eancia no Enem 2024 reprovada pela equipe do Inep podem entrar com recurso a partir desta segunda-feira (12) at\u00e9 as 23h59 de sexta-feira (16), no mesmo endere\u00e7o eletr\u00f4nico: a\u00a0<a href=\"https:\/\/enem.inep.gov.br\/participante\/#!\/\" target=\"_blank\" rel=\"noopener\">P\u00e1gina do Participante<\/a>.<\/p>\n<p><a href=\"https:\/\/agenciabrasil.ebc.com.br\/educacao\/noticia\/2025-04\/enem-2025-saiba-como-pedir-isencao-de-taxa-de-inscricao\" target=\"_blank\" rel=\"noopener\">Para a solicita\u00e7\u00e3o de recurso da isen\u00e7\u00e3o de pagamento da taxa de inscri\u00e7\u00e3o para o Enem 2025, o participante deve enviar documenta\u00e7\u00e3o que comprove uma das situa\u00e7\u00f5es definidas pelo MEC<\/a>, conforme previsto no anexo I do edital:<\/p>\n<p><strong>. matriculadas na 3\u00aa s\u00e9rie do ensino m\u00e9dio (neste ano de 2025), em escola p\u00fablica;<\/strong><\/p>\n<p><strong>. que cursaram todo o ensino m\u00e9dio em escola p\u00fablica ou como bolsista integral em unidade de ensino privada;<\/strong><\/p>\n<p><strong>. em situa\u00e7\u00e3o de vulnerabilidade socioecon\u00f4mica e Integrantes de fam\u00edlias inscritas no Cadastro \u00danico para Programas Sociais do governo federal (Cad\u00danico), e com renda familiar de at\u00e9 tr\u00eas sal\u00e1rios m\u00ednimos ou per capita de at\u00e9 meio sal\u00e1rio m\u00ednimo;<\/strong><\/p>\n<p><strong>. participantes do programa federal P\u00e9-de-Meia.<\/strong><\/p>\n<p><a href=\"https:\/\/agenciabrasil.ebc.com.br\/educacao\/noticia\/2025-04\/enem-2025-saiba-como-pedir-isencao-de-taxa-de-inscricao\" target=\"_blank\" rel=\"noopener\">Entre os documentos exigidos<\/a>, est\u00e1 a declara\u00e7\u00e3o de realiza\u00e7\u00e3o de todo o ensino m\u00e9dio em escola do sistema p\u00fablico de ensino do Brasil (municipal, estadual ou federal) ou hist\u00f3rico escolar do ensino m\u00e9dio, com assinatura da escola.<\/p>\n<p>Para entrar com recurso da justificativa de aus\u00eancia, \u00e9 preciso enviar nova documenta\u00e7\u00e3o.<\/p>\n<p><a href=\"https:\/\/agenciabrasil.ebc.com.br\/educacao\/noticia\/2025-05\/enem-2025-saiba-documentacao-aceita-para-justificar-ausencia\" target=\"_blank\" rel=\"noopener\">Confira aqui as situa\u00e7\u00f5es previstas e os documentos aceitos pelo Inep.<\/a><\/p>\n<p>Em toda a documenta\u00e7\u00e3o apresentada dever\u00e1 constar o nome completo do faltoso em 2024. As declara\u00e7\u00f5es devem estar datadas e assinadas. Ser\u00e3o aceitos somente documentos nos formatos PDF, PNG ou JPG, com o tamanho m\u00e1ximo de 2 megabytes (MB).<\/p>\n<p>N\u00e3o ser\u00e3o aceitos documentos autodeclarat\u00f3rios ou emitidos, por exemplo, por pais ou respons\u00e1veis dos participantes.<\/p>\n<p><strong>Se for constatado que o participante declarou informa\u00e7\u00f5es falsas ou inexatas, conseguindo uma isen\u00e7\u00e3o indevida, ele ser\u00e1 eliminado do exame, a qualquer tempo, e dever\u00e1 ressarcir \u00e0 Uni\u00e3o os custos referentes \u00e0 taxa de inscri\u00e7\u00e3o, podendo ainda responder por crime contra a f\u00e9 p\u00fablica.<\/strong><\/p>\n<h2>Resultados<\/h2>\n<p>O resultado final dos recursos ser\u00e1 conhecido em 22 de maio. O candidato que teve o pedido do recurso de isen\u00e7\u00e3o negado em definitivo dever\u00e1 pagar a taxa para se inscrever no exame.<\/p>\n<h2>Exame<\/h2>\n<p><strong>O Enem, que avalia o desempenho escolar dos estudantes ao t\u00e9rmino da educa\u00e7\u00e3o b\u00e1sica, \u00e9 considerado a principal forma de entrada na educa\u00e7\u00e3o superior no Brasil, por meio de programas federais como Sistema de Sele\u00e7\u00e3o Unificada (Sisu), Programa Universidade para Todos (Prouni) e Fundo de Financiamento Estudantil (Fies). As institui\u00e7\u00f5es de ensino p\u00fablicas e privadas usam os resultados das provas para selecionar estudantes.<\/strong><\/p>\n<p><strong>Os resultados individuais do exame tamb\u00e9m podem ser aproveitados em processos seletivos de institui\u00e7\u00f5es portuguesas que t\u00eam conv\u00eanio com o Inep. Os acordos garantem acesso facilitado \u00e0s notas dos estudantes brasileiros interessados em cursar a educa\u00e7\u00e3o superior em Portugal.<\/strong><\/p>\n<\/div>\n<div class=\"footer-noticia\">\n<div class=\"editor rowflex\">Edi\u00e7\u00e3o: N\u00e1dia Franco<\/div>\n<\/div>\n","protected":false},"excerpt":{"rendered":"<p>As pessoas que solicitaram isen\u00e7\u00e3o da taxa de inscri\u00e7\u00e3o para o Exame Nacional do Ensino M\u00e9dio (Enem) deste ano j\u00e1 podem conferir se o pedido foi aceito pelo Instituto Nacional de Estudos e Pesquisas Educacionais An\u00edsio Teixeira (Inep) diretamente na\u00a0P\u00e1gina do Participante\u00a0do exame, com o\u00a0login\u00a0no portal \u00fanico de servi\u00e7os digitais do governo federal, o Gov.br. &hellip;<\/p>\n","protected":false},"author":1,"featured_media":5457,"comment_status":"closed","ping_status":"closed","sticky":false,"template":"","format":"standard","meta":{"footnotes":""},"categories":[30],"tags":[],"class_list":["post-5456","post","type-post","status-publish","format-standard","has-post-thumbnail","hentry","category-geral"],"yoast_head":"<!-- This site is optimized with the Yoast SEO plugin v27.4 - https:\/\/yoast.com\/product\/yoast-seo-wordpress\/ -->\n<title>Divulgado resultado de pedido de isen\u00e7\u00e3o da inscri\u00e7\u00e3o para o Enem 2025 - Transam\u00e9rica Mococa 93,3<\/title>\n<meta name=\"robots\" content=\"index, follow, max-snippet:-1, max-image-preview:large, max-video-preview:-1\" \/>\n<link rel=\"canonical\" href=\"https:\/\/transamerica93.com.br\/home\/divulgado-resultado-de-pedido-de-isencao-da-inscricao-para-o-enem-2025\/\" \/>\n<meta property=\"og:locale\" content=\"pt_BR\" \/>\n<meta property=\"og:type\" content=\"article\" \/>\n<meta property=\"og:title\" content=\"Divulgado resultado de pedido de isen\u00e7\u00e3o da inscri\u00e7\u00e3o para o Enem 2025 - Transam\u00e9rica Mococa 93,3\" \/>\n<meta property=\"og:description\" content=\"As pessoas que solicitaram isen\u00e7\u00e3o da taxa de inscri\u00e7\u00e3o para o Exame Nacional do Ensino M\u00e9dio (Enem) deste ano j\u00e1 podem conferir se o pedido foi aceito pelo Instituto Nacional de Estudos e Pesquisas Educacionais An\u00edsio Teixeira (Inep) diretamente na\u00a0P\u00e1gina do Participante\u00a0do exame, com o\u00a0login\u00a0no portal \u00fanico de servi\u00e7os digitais do governo federal, o Gov.br. &hellip;\" \/>\n<meta property=\"og:url\" content=\"https:\/\/transamerica93.com.br\/home\/divulgado-resultado-de-pedido-de-isencao-da-inscricao-para-o-enem-2025\/\" \/>\n<meta property=\"og:site_name\" content=\"Transam\u00e9rica Mococa 93,3\" \/>\n<meta property=\"article:publisher\" content=\"https:\/\/www.facebook.com\/transamericamococa\" \/>\n<meta property=\"article:published_time\" content=\"2025-05-23T12:00:25+00:00\" \/>\n<meta property=\"og:image\" content=\"https:\/\/transamerica93.com.br\/home\/wp-content\/uploads\/2025\/05\/1-63.jpg\" \/>\n\t<meta property=\"og:image:width\" content=\"1170\" \/>\n\t<meta property=\"og:image:height\" content=\"700\" \/>\n\t<meta property=\"og:image:type\" content=\"image\/jpeg\" \/>\n<meta name=\"author\" content=\"Reda\u00e7\u00e3o\" \/>\n<meta name=\"twitter:card\" content=\"summary_large_image\" \/>\n<meta name=\"twitter:creator\" content=\"@transamerica933\" \/>\n<meta name=\"twitter:site\" content=\"@transamerica933\" \/>\n<meta name=\"twitter:label1\" content=\"Escrito por\" \/>\n\t<meta name=\"twitter:data1\" content=\"Reda\u00e7\u00e3o\" \/>\n\t<meta name=\"twitter:label2\" content=\"Est. tempo de leitura\" \/>\n\t<meta name=\"twitter:data2\" content=\"4 minutos\" \/>\n<script type=\"application\/ld+json\" class=\"yoast-schema-graph\">{\"@context\":\"https:\\\/\\\/schema.org\",\"@graph\":[{\"@type\":\"Article\",\"@id\":\"https:\\\/\\\/transamerica93.com.br\\\/home\\\/divulgado-resultado-de-pedido-de-isencao-da-inscricao-para-o-enem-2025\\\/#article\",\"isPartOf\":{\"@id\":\"https:\\\/\\\/transamerica93.com.br\\\/home\\\/divulgado-resultado-de-pedido-de-isencao-da-inscricao-para-o-enem-2025\\\/\"},\"author\":{\"name\":\"Reda\u00e7\u00e3o\",\"@id\":\"https:\\\/\\\/transamerica93.com.br\\\/home\\\/#\\\/schema\\\/person\\\/7fed7c99c0d4562efa8561bc0f543172\"},\"headline\":\"Divulgado resultado de pedido de isen\u00e7\u00e3o da inscri\u00e7\u00e3o para o Enem 2025\",\"datePublished\":\"2025-05-23T12:00:25+00:00\",\"mainEntityOfPage\":{\"@id\":\"https:\\\/\\\/transamerica93.com.br\\\/home\\\/divulgado-resultado-de-pedido-de-isencao-da-inscricao-para-o-enem-2025\\\/\"},\"wordCount\":703,\"publisher\":{\"@id\":\"https:\\\/\\\/transamerica93.com.br\\\/home\\\/#organization\"},\"image\":{\"@id\":\"https:\\\/\\\/transamerica93.com.br\\\/home\\\/divulgado-resultado-de-pedido-de-isencao-da-inscricao-para-o-enem-2025\\\/#primaryimage\"},\"thumbnailUrl\":\"https:\\\/\\\/transamerica93.com.br\\\/home\\\/wp-content\\\/uploads\\\/2025\\\/05\\\/1-63.jpg\",\"articleSection\":[\"Geral\"],\"inLanguage\":\"pt-BR\"},{\"@type\":\"WebPage\",\"@id\":\"https:\\\/\\\/transamerica93.com.br\\\/home\\\/divulgado-resultado-de-pedido-de-isencao-da-inscricao-para-o-enem-2025\\\/\",\"url\":\"https:\\\/\\\/transamerica93.com.br\\\/home\\\/divulgado-resultado-de-pedido-de-isencao-da-inscricao-para-o-enem-2025\\\/\",\"name\":\"Divulgado resultado de pedido de isen\u00e7\u00e3o da inscri\u00e7\u00e3o para o Enem 2025 - Transam\u00e9rica Mococa 93,3\",\"isPartOf\":{\"@id\":\"https:\\\/\\\/transamerica93.com.br\\\/home\\\/#website\"},\"primaryImageOfPage\":{\"@id\":\"https:\\\/\\\/transamerica93.com.br\\\/home\\\/divulgado-resultado-de-pedido-de-isencao-da-inscricao-para-o-enem-2025\\\/#primaryimage\"},\"image\":{\"@id\":\"https:\\\/\\\/transamerica93.com.br\\\/home\\\/divulgado-resultado-de-pedido-de-isencao-da-inscricao-para-o-enem-2025\\\/#primaryimage\"},\"thumbnailUrl\":\"https:\\\/\\\/transamerica93.com.br\\\/home\\\/wp-content\\\/uploads\\\/2025\\\/05\\\/1-63.jpg\",\"datePublished\":\"2025-05-23T12:00:25+00:00\",\"breadcrumb\":{\"@id\":\"https:\\\/\\\/transamerica93.com.br\\\/home\\\/divulgado-resultado-de-pedido-de-isencao-da-inscricao-para-o-enem-2025\\\/#breadcrumb\"},\"inLanguage\":\"pt-BR\",\"potentialAction\":[{\"@type\":\"ReadAction\",\"target\":[\"https:\\\/\\\/transamerica93.com.br\\\/home\\\/divulgado-resultado-de-pedido-de-isencao-da-inscricao-para-o-enem-2025\\\/\"]}]},{\"@type\":\"ImageObject\",\"inLanguage\":\"pt-BR\",\"@id\":\"https:\\\/\\\/transamerica93.com.br\\\/home\\\/divulgado-resultado-de-pedido-de-isencao-da-inscricao-para-o-enem-2025\\\/#primaryimage\",\"url\":\"https:\\\/\\\/transamerica93.com.br\\\/home\\\/wp-content\\\/uploads\\\/2025\\\/05\\\/1-63.jpg\",\"contentUrl\":\"https:\\\/\\\/transamerica93.com.br\\\/home\\\/wp-content\\\/uploads\\\/2025\\\/05\\\/1-63.jpg\",\"width\":1170,\"height\":700},{\"@type\":\"BreadcrumbList\",\"@id\":\"https:\\\/\\\/transamerica93.com.br\\\/home\\\/divulgado-resultado-de-pedido-de-isencao-da-inscricao-para-o-enem-2025\\\/#breadcrumb\",\"itemListElement\":[{\"@type\":\"ListItem\",\"position\":1,\"name\":\"In\u00edcio\",\"item\":\"https:\\\/\\\/transamerica93.com.br\\\/home\\\/\"},{\"@type\":\"ListItem\",\"position\":2,\"name\":\"Divulgado resultado de pedido de isen\u00e7\u00e3o da inscri\u00e7\u00e3o para o Enem 2025\"}]},{\"@type\":\"WebSite\",\"@id\":\"https:\\\/\\\/transamerica93.com.br\\\/home\\\/#website\",\"url\":\"https:\\\/\\\/transamerica93.com.br\\\/home\\\/\",\"name\":\"Transam\u00e9rica Mococa 93,3\",\"description\":\"\",\"publisher\":{\"@id\":\"https:\\\/\\\/transamerica93.com.br\\\/home\\\/#organization\"},\"potentialAction\":[{\"@type\":\"SearchAction\",\"target\":{\"@type\":\"EntryPoint\",\"urlTemplate\":\"https:\\\/\\\/transamerica93.com.br\\\/home\\\/?s={search_term_string}\"},\"query-input\":{\"@type\":\"PropertyValueSpecification\",\"valueRequired\":true,\"valueName\":\"search_term_string\"}}],\"inLanguage\":\"pt-BR\"},{\"@type\":\"Organization\",\"@id\":\"https:\\\/\\\/transamerica93.com.br\\\/home\\\/#organization\",\"name\":\"Transam\u00e9rica Mococa 93,3\",\"url\":\"https:\\\/\\\/transamerica93.com.br\\\/home\\\/\",\"logo\":{\"@type\":\"ImageObject\",\"inLanguage\":\"pt-BR\",\"@id\":\"https:\\\/\\\/transamerica93.com.br\\\/home\\\/#\\\/schema\\\/logo\\\/image\\\/\",\"url\":\"https:\\\/\\\/transamerica93.com.br\\\/home\\\/wp-content\\\/uploads\\\/2023\\\/10\\\/logo2.png\",\"contentUrl\":\"https:\\\/\\\/transamerica93.com.br\\\/home\\\/wp-content\\\/uploads\\\/2023\\\/10\\\/logo2.png\",\"width\":800,\"height\":500,\"caption\":\"Transam\u00e9rica Mococa 93,3\"},\"image\":{\"@id\":\"https:\\\/\\\/transamerica93.com.br\\\/home\\\/#\\\/schema\\\/logo\\\/image\\\/\"},\"sameAs\":[\"https:\\\/\\\/www.facebook.com\\\/transamericamococa\",\"https:\\\/\\\/x.com\\\/transamerica933\",\"https:\\\/\\\/www.instagram.com\\\/transamericamococa\"]},{\"@type\":\"Person\",\"@id\":\"https:\\\/\\\/transamerica93.com.br\\\/home\\\/#\\\/schema\\\/person\\\/7fed7c99c0d4562efa8561bc0f543172\",\"name\":\"Reda\u00e7\u00e3o\",\"image\":{\"@type\":\"ImageObject\",\"inLanguage\":\"pt-BR\",\"@id\":\"https:\\\/\\\/secure.gravatar.com\\\/avatar\\\/1072c6b775fb02ef8506ce967551d95926669a6b7d2c2147b42eea4d7c68395e?s=96&d=mm&r=g\",\"url\":\"https:\\\/\\\/secure.gravatar.com\\\/avatar\\\/1072c6b775fb02ef8506ce967551d95926669a6b7d2c2147b42eea4d7c68395e?s=96&d=mm&r=g\",\"contentUrl\":\"https:\\\/\\\/secure.gravatar.com\\\/avatar\\\/1072c6b775fb02ef8506ce967551d95926669a6b7d2c2147b42eea4d7c68395e?s=96&d=mm&r=g\",\"caption\":\"Reda\u00e7\u00e3o\"},\"sameAs\":[\"https:\\\/\\\/transamerica93.com.br\\\/home\"],\"url\":\"https:\\\/\\\/transamerica93.com.br\\\/home\\\/author\\\/william\\\/\"}]}<\/script>\n<!-- \/ Yoast SEO plugin. -->","yoast_head_json":{"title":"Divulgado resultado de pedido de isen\u00e7\u00e3o da inscri\u00e7\u00e3o para o Enem 2025 - Transam\u00e9rica Mococa 93,3","robots":{"index":"index","follow":"follow","max-snippet":"max-snippet:-1","max-image-preview":"max-image-preview:large","max-video-preview":"max-video-preview:-1"},"canonical":"https:\/\/transamerica93.com.br\/home\/divulgado-resultado-de-pedido-de-isencao-da-inscricao-para-o-enem-2025\/","og_locale":"pt_BR","og_type":"article","og_title":"Divulgado resultado de pedido de isen\u00e7\u00e3o da inscri\u00e7\u00e3o para o Enem 2025 - Transam\u00e9rica Mococa 93,3","og_description":"As pessoas que solicitaram isen\u00e7\u00e3o da taxa de inscri\u00e7\u00e3o para o Exame Nacional do Ensino M\u00e9dio (Enem) deste ano j\u00e1 podem conferir se o pedido foi aceito pelo Instituto Nacional de Estudos e Pesquisas Educacionais An\u00edsio Teixeira (Inep) diretamente na\u00a0P\u00e1gina do Participante\u00a0do exame, com o\u00a0login\u00a0no portal \u00fanico de servi\u00e7os digitais do governo federal, o Gov.br. &hellip;","og_url":"https:\/\/transamerica93.com.br\/home\/divulgado-resultado-de-pedido-de-isencao-da-inscricao-para-o-enem-2025\/","og_site_name":"Transam\u00e9rica Mococa 93,3","article_publisher":"https:\/\/www.facebook.com\/transamericamococa","article_published_time":"2025-05-23T12:00:25+00:00","og_image":[{"width":1170,"height":700,"url":"https:\/\/transamerica93.com.br\/home\/wp-content\/uploads\/2025\/05\/1-63.jpg","type":"image\/jpeg"}],"author":"Reda\u00e7\u00e3o","twitter_card":"summary_large_image","twitter_creator":"@transamerica933","twitter_site":"@transamerica933","twitter_misc":{"Escrito por":"Reda\u00e7\u00e3o","Est. tempo de leitura":"4 minutos"},"schema":{"@context":"https:\/\/schema.org","@graph":[{"@type":"Article","@id":"https:\/\/transamerica93.com.br\/home\/divulgado-resultado-de-pedido-de-isencao-da-inscricao-para-o-enem-2025\/#article","isPartOf":{"@id":"https:\/\/transamerica93.com.br\/home\/divulgado-resultado-de-pedido-de-isencao-da-inscricao-para-o-enem-2025\/"},"author":{"name":"Reda\u00e7\u00e3o","@id":"https:\/\/transamerica93.com.br\/home\/#\/schema\/person\/7fed7c99c0d4562efa8561bc0f543172"},"headline":"Divulgado resultado de pedido de isen\u00e7\u00e3o da inscri\u00e7\u00e3o para o Enem 2025","datePublished":"2025-05-23T12:00:25+00:00","mainEntityOfPage":{"@id":"https:\/\/transamerica93.com.br\/home\/divulgado-resultado-de-pedido-de-isencao-da-inscricao-para-o-enem-2025\/"},"wordCount":703,"publisher":{"@id":"https:\/\/transamerica93.com.br\/home\/#organization"},"image":{"@id":"https:\/\/transamerica93.com.br\/home\/divulgado-resultado-de-pedido-de-isencao-da-inscricao-para-o-enem-2025\/#primaryimage"},"thumbnailUrl":"https:\/\/transamerica93.com.br\/home\/wp-content\/uploads\/2025\/05\/1-63.jpg","articleSection":["Geral"],"inLanguage":"pt-BR"},{"@type":"WebPage","@id":"https:\/\/transamerica93.com.br\/home\/divulgado-resultado-de-pedido-de-isencao-da-inscricao-para-o-enem-2025\/","url":"https:\/\/transamerica93.com.br\/home\/divulgado-resultado-de-pedido-de-isencao-da-inscricao-para-o-enem-2025\/","name":"Divulgado resultado de pedido de isen\u00e7\u00e3o da inscri\u00e7\u00e3o para o Enem 2025 - Transam\u00e9rica Mococa 93,3","isPartOf":{"@id":"https:\/\/transamerica93.com.br\/home\/#website"},"primaryImageOfPage":{"@id":"https:\/\/transamerica93.com.br\/home\/divulgado-resultado-de-pedido-de-isencao-da-inscricao-para-o-enem-2025\/#primaryimage"},"image":{"@id":"https:\/\/transamerica93.com.br\/home\/divulgado-resultado-de-pedido-de-isencao-da-inscricao-para-o-enem-2025\/#primaryimage"},"thumbnailUrl":"https:\/\/transamerica93.com.br\/home\/wp-content\/uploads\/2025\/05\/1-63.jpg","datePublished":"2025-05-23T12:00:25+00:00","breadcrumb":{"@id":"https:\/\/transamerica93.com.br\/home\/divulgado-resultado-de-pedido-de-isencao-da-inscricao-para-o-enem-2025\/#breadcrumb"},"inLanguage":"pt-BR","potentialAction":[{"@type":"ReadAction","target":["https:\/\/transamerica93.com.br\/home\/divulgado-resultado-de-pedido-de-isencao-da-inscricao-para-o-enem-2025\/"]}]},{"@type":"ImageObject","inLanguage":"pt-BR","@id":"https:\/\/transamerica93.com.br\/home\/divulgado-resultado-de-pedido-de-isencao-da-inscricao-para-o-enem-2025\/#primaryimage","url":"https:\/\/transamerica93.com.br\/home\/wp-content\/uploads\/2025\/05\/1-63.jpg","contentUrl":"https:\/\/transamerica93.com.br\/home\/wp-content\/uploads\/2025\/05\/1-63.jpg","width":1170,"height":700},{"@type":"BreadcrumbList","@id":"https:\/\/transamerica93.com.br\/home\/divulgado-resultado-de-pedido-de-isencao-da-inscricao-para-o-enem-2025\/#breadcrumb","itemListElement":[{"@type":"ListItem","position":1,"name":"In\u00edcio","item":"https:\/\/transamerica93.com.br\/home\/"},{"@type":"ListItem","position":2,"name":"Divulgado resultado de pedido de isen\u00e7\u00e3o da inscri\u00e7\u00e3o para o Enem 2025"}]},{"@type":"WebSite","@id":"https:\/\/transamerica93.com.br\/home\/#website","url":"https:\/\/transamerica93.com.br\/home\/","name":"Transam\u00e9rica Mococa 93,3","description":"","publisher":{"@id":"https:\/\/transamerica93.com.br\/home\/#organization"},"potentialAction":[{"@type":"SearchAction","target":{"@type":"EntryPoint","urlTemplate":"https:\/\/transamerica93.com.br\/home\/?s={search_term_string}"},"query-input":{"@type":"PropertyValueSpecification","valueRequired":true,"valueName":"search_term_string"}}],"inLanguage":"pt-BR"},{"@type":"Organization","@id":"https:\/\/transamerica93.com.br\/home\/#organization","name":"Transam\u00e9rica Mococa 93,3","url":"https:\/\/transamerica93.com.br\/home\/","logo":{"@type":"ImageObject","inLanguage":"pt-BR","@id":"https:\/\/transamerica93.com.br\/home\/#\/schema\/logo\/image\/","url":"https:\/\/transamerica93.com.br\/home\/wp-content\/uploads\/2023\/10\/logo2.png","contentUrl":"https:\/\/transamerica93.com.br\/home\/wp-content\/uploads\/2023\/10\/logo2.png","width":800,"height":500,"caption":"Transam\u00e9rica Mococa 93,3"},"image":{"@id":"https:\/\/transamerica93.com.br\/home\/#\/schema\/logo\/image\/"},"sameAs":["https:\/\/www.facebook.com\/transamericamococa","https:\/\/x.com\/transamerica933","https:\/\/www.instagram.com\/transamericamococa"]},{"@type":"Person","@id":"https:\/\/transamerica93.com.br\/home\/#\/schema\/person\/7fed7c99c0d4562efa8561bc0f543172","name":"Reda\u00e7\u00e3o","image":{"@type":"ImageObject","inLanguage":"pt-BR","@id":"https:\/\/secure.gravatar.com\/avatar\/1072c6b775fb02ef8506ce967551d95926669a6b7d2c2147b42eea4d7c68395e?s=96&d=mm&r=g","url":"https:\/\/secure.gravatar.com\/avatar\/1072c6b775fb02ef8506ce967551d95926669a6b7d2c2147b42eea4d7c68395e?s=96&d=mm&r=g","contentUrl":"https:\/\/secure.gravatar.com\/avatar\/1072c6b775fb02ef8506ce967551d95926669a6b7d2c2147b42eea4d7c68395e?s=96&d=mm&r=g","caption":"Reda\u00e7\u00e3o"},"sameAs":["https:\/\/transamerica93.com.br\/home"],"url":"https:\/\/transamerica93.com.br\/home\/author\/william\/"}]}},"_links":{"self":[{"href":"https:\/\/transamerica93.com.br\/home\/wp-json\/wp\/v2\/posts\/5456","targetHints":{"allow":["GET"]}}],"collection":[{"href":"https:\/\/transamerica93.com.br\/home\/wp-json\/wp\/v2\/posts"}],"about":[{"href":"https:\/\/transamerica93.com.br\/home\/wp-json\/wp\/v2\/types\/post"}],"author":[{"embeddable":true,"href":"https:\/\/transamerica93.com.br\/home\/wp-json\/wp\/v2\/users\/1"}],"replies":[{"embeddable":true,"href":"https:\/\/transamerica93.com.br\/home\/wp-json\/wp\/v2\/comments?post=5456"}],"version-history":[{"count":1,"href":"https:\/\/transamerica93.com.br\/home\/wp-json\/wp\/v2\/posts\/5456\/revisions"}],"predecessor-version":[{"id":5458,"href":"https:\/\/transamerica93.com.br\/home\/wp-json\/wp\/v2\/posts\/5456\/revisions\/5458"}],"wp:featuredmedia":[{"embeddable":true,"href":"https:\/\/transamerica93.com.br\/home\/wp-json\/wp\/v2\/media\/5457"}],"wp:attachment":[{"href":"https:\/\/transamerica93.com.br\/home\/wp-json\/wp\/v2\/media?parent=5456"}],"wp:term":[{"taxonomy":"category","embeddable":true,"href":"https:\/\/transamerica93.com.br\/home\/wp-json\/wp\/v2\/categories?post=5456"},{"taxonomy":"post_tag","embeddable":true,"href":"https:\/\/transamerica93.com.br\/home\/wp-json\/wp\/v2\/tags?post=5456"}],"curies":[{"name":"wp","href":"https:\/\/api.w.org\/{rel}","templated":true}]}}