{"id":5465,"date":"2025-05-21T12:00:39","date_gmt":"2025-05-21T15:00:39","guid":{"rendered":"https:\/\/transamerica93.com.br\/home\/?p=5465"},"modified":"2025-05-13T22:48:44","modified_gmt":"2025-05-14T01:48:44","slug":"kaka-na-selecao-com-ancelotti-ex-jogador-se-dedica-aos-estudos-e-foca-em-gestao-esportiva","status":"publish","type":"post","link":"https:\/\/transamerica93.com.br\/home\/kaka-na-selecao-com-ancelotti-ex-jogador-se-dedica-aos-estudos-e-foca-em-gestao-esportiva\/","title":{"rendered":"Kak\u00e1 na sele\u00e7\u00e3o com Ancelotti? Ex-jogador se dedica aos estudos e foca em gest\u00e3o esportiva"},"content":{"rendered":"<p>Anunciado como novo treinador do Brasil na \u00faltima segunda-feira, Carlo Ancelotti pretende contar, na comiss\u00e3o t\u00e9cnica, com ex-jogadores brasileiros que trabalharam com ele ao longo da carreira. Um dos nomes especulados para integrar a comiss\u00e3o \u00e9 o de Kak\u00e1.<\/p>\n<p>Comandado pelo treinador italiano no Milan, Kak\u00e1 foi eleito o melhor jogador do mundo no ano de 2007. Eles trabalharam juntos novamente anos depois, no Real Madrid. Na \u00faltima segunda, Kak\u00e1 exaltou a chegada de Carlo Ancelotti ao comando da sele\u00e7\u00e3o nacional.<\/p>\n<p>&#8220;Seja muito bem vindo, Mister Carlo Ancelotti! Que Deus aben\u00e7oe&#8221;, escreveu Kak\u00e1 no X (antigo Twitter). Desde que pendurou as chuteiras, em outubro de 2017, Kak\u00e1 tem focado nos estudos. O ex-meia tem se preparado para assumir fun\u00e7\u00f5es dentro do futebol.<\/p>\n<p>&#8220;Depois que eu parei de jogar, eu me dediquei muito aos estudos. Foram cinco anos fazendo v\u00e1rios cursos. Fiz curso de Gest\u00e3o Esportiva da Fifa, da Uefa, fiz um curso de neg\u00f3cios no esporte em Harvard, nos Estados Unidos, fiz o curso de treinador da CBF, aqui no Brasil. Eu queria aprender um pouco mais de \u00e1reas do futebol, que \u00e9 aquilo que eu mais entendo&#8221;, disse Kak\u00e1 em entrevista ao Estad\u00e3o em fevereiro deste ano.<\/p>\n<p>&#8220;Ent\u00e3o, foi um pouco a minha escolha nesse per\u00edodo, at\u00e9 para ver do que eu gostava, do que eu n\u00e3o gostava, se eu quisesse continuar no futebol, como que seria. Os estudos foram mais nessa dire\u00e7\u00e3o de conhecimento e autoconhecimento tamb\u00e9m&#8221;, prosseguiu.<\/p>\n<p>Kak\u00e1 revelou que a parte de gest\u00e3o esportiva o atrai. Na Fifa, o ex-meia realizou o programa de executivos em gest\u00e3o esportiva. Na Uefa, uma das prioridades foi o curso de forma\u00e7\u00e3o de ex-jogadores para fun\u00e7\u00f5es fora de campo.<\/p>\n<p>&#8220;A parte que eu mais gosto \u00e9 essa da gest\u00e3o esportiva, menos a de treinador. Mas eu sei da dedica\u00e7\u00e3o que precisa no futebol para as coisas, para voc\u00ea tentar que as coisas deem certo. Realmente, eu n\u00e3o queria trocar o meu tempo com a fam\u00edlia. Hoje eu tenho quatro filhos, amo estar perto deles, participar do dia a dia, dessa rotina deles. Acho que \u00e9 muito dif\u00edcil fazer essa valida\u00e7\u00e3o da vida no futebol, mais intensa, com a vida pessoal, que eu gosto bastante de estar aproveitando&#8221;, contou ao Estad\u00e3o<\/p>\n<p>Em fevereiro, a sele\u00e7\u00e3o brasileira ainda era comandada por Dorival J\u00fanior. O t\u00e9cnico foi demitido pela CBF no final de mar\u00e7o. Na entrevista ao Estad\u00e3o, Kak\u00e1 avaliou o momento vivido pela equipe do Brasil.<\/p>\n<p>&#8220;Bom, acho natural (os desafios enfrentados pelo Brasil). Esse ciclo de sele\u00e7\u00e3o brasileira, de renova\u00e7\u00f5es, de novos jogadores, troca de treinadores. Acho que esse \u00e9 um processo realmente natural. Normalmente, a gente pensa, aqui no Brasil, em ciclos de Copa do Mundo. Ent\u00e3o, a gente teve o Tite por dois ciclos. Agora, nesse ciclo, a gente teve algumas trocas, tentando se encaixar. N\u00e3o acho que a gente vai ter problema em se classificar para a Copa&#8221;, previu.<\/p>\n<p>&#8220;A etapa de Copa do Mundo, a\u00ed \u00e9 outra hist\u00f3ria. Na convoca\u00e7\u00e3o, tem de ver quem est\u00e1 no melhor momento. Copa do Mundo \u00e9 muito dif\u00edcil, muito dif\u00edcil. Essa \u00e9 uma grande realidade. Como eu acabei ganhando uma e perdendo duas, eu sei os dois lados, as dificuldades e necessidades que precisa para vencer. Eu, de fora, realmente fico na torcida para que a sele\u00e7\u00e3o se encaixe&#8221;, complementou na ocasi\u00e3o.<\/p>\n<p>Carlo Ancelotti ir\u00e1 estrear pelo Brasil na pr\u00f3xima Data Fifa, em junho, quando a sele\u00e7\u00e3o nacional enfrenta o Equador, fora de casa, e o Paraguai, na Neo Qu\u00edmica Arena.<\/p>\n","protected":false},"excerpt":{"rendered":"<p>Anunciado como novo treinador do Brasil na \u00faltima segunda-feira, Carlo Ancelotti pretende contar, na comiss\u00e3o t\u00e9cnica, com ex-jogadores brasileiros que trabalharam com ele ao longo da carreira. Um dos nomes especulados para integrar a comiss\u00e3o \u00e9 o de Kak\u00e1. Comandado pelo treinador italiano no Milan, Kak\u00e1 foi eleito o melhor jogador do mundo no ano &hellip;<\/p>\n","protected":false},"author":1,"featured_media":5466,"comment_status":"closed","ping_status":"closed","sticky":false,"template":"","format":"standard","meta":{"footnotes":""},"categories":[31],"tags":[],"class_list":["post-5465","post","type-post","status-publish","format-standard","has-post-thumbnail","hentry","category-esportes"],"yoast_head":"<!-- This site is optimized with the Yoast SEO plugin v27.4 - https:\/\/yoast.com\/product\/yoast-seo-wordpress\/ -->\n<title>Kak\u00e1 na sele\u00e7\u00e3o com Ancelotti? Ex-jogador se dedica aos estudos e foca em gest\u00e3o esportiva - Transam\u00e9rica Mococa 93,3<\/title>\n<meta name=\"robots\" content=\"index, follow, max-snippet:-1, max-image-preview:large, max-video-preview:-1\" \/>\n<link rel=\"canonical\" href=\"https:\/\/transamerica93.com.br\/home\/kaka-na-selecao-com-ancelotti-ex-jogador-se-dedica-aos-estudos-e-foca-em-gestao-esportiva\/\" \/>\n<meta property=\"og:locale\" content=\"pt_BR\" \/>\n<meta property=\"og:type\" content=\"article\" \/>\n<meta property=\"og:title\" content=\"Kak\u00e1 na sele\u00e7\u00e3o com Ancelotti? Ex-jogador se dedica aos estudos e foca em gest\u00e3o esportiva - Transam\u00e9rica Mococa 93,3\" \/>\n<meta property=\"og:description\" content=\"Anunciado como novo treinador do Brasil na \u00faltima segunda-feira, Carlo Ancelotti pretende contar, na comiss\u00e3o t\u00e9cnica, com ex-jogadores brasileiros que trabalharam com ele ao longo da carreira. Um dos nomes especulados para integrar a comiss\u00e3o \u00e9 o de Kak\u00e1. Comandado pelo treinador italiano no Milan, Kak\u00e1 foi eleito o melhor jogador do mundo no ano &hellip;\" \/>\n<meta property=\"og:url\" content=\"https:\/\/transamerica93.com.br\/home\/kaka-na-selecao-com-ancelotti-ex-jogador-se-dedica-aos-estudos-e-foca-em-gestao-esportiva\/\" \/>\n<meta property=\"og:site_name\" content=\"Transam\u00e9rica Mococa 93,3\" \/>\n<meta property=\"article:publisher\" content=\"https:\/\/www.facebook.com\/transamericamococa\" \/>\n<meta property=\"article:published_time\" content=\"2025-05-21T15:00:39+00:00\" \/>\n<meta property=\"og:image\" content=\"https:\/\/transamerica93.com.br\/home\/wp-content\/uploads\/2025\/05\/1-66.jpg\" \/>\n\t<meta property=\"og:image:width\" content=\"1200\" \/>\n\t<meta property=\"og:image:height\" content=\"750\" \/>\n\t<meta property=\"og:image:type\" content=\"image\/jpeg\" \/>\n<meta name=\"author\" content=\"Reda\u00e7\u00e3o\" \/>\n<meta name=\"twitter:card\" content=\"summary_large_image\" \/>\n<meta name=\"twitter:creator\" content=\"@transamerica933\" \/>\n<meta name=\"twitter:site\" content=\"@transamerica933\" \/>\n<meta name=\"twitter:label1\" content=\"Escrito por\" \/>\n\t<meta name=\"twitter:data1\" content=\"Reda\u00e7\u00e3o\" \/>\n\t<meta name=\"twitter:label2\" content=\"Est. tempo de leitura\" \/>\n\t<meta name=\"twitter:data2\" content=\"1 minuto\" \/>\n<script type=\"application\/ld+json\" class=\"yoast-schema-graph\">{\"@context\":\"https:\\\/\\\/schema.org\",\"@graph\":[{\"@type\":\"Article\",\"@id\":\"https:\\\/\\\/transamerica93.com.br\\\/home\\\/kaka-na-selecao-com-ancelotti-ex-jogador-se-dedica-aos-estudos-e-foca-em-gestao-esportiva\\\/#article\",\"isPartOf\":{\"@id\":\"https:\\\/\\\/transamerica93.com.br\\\/home\\\/kaka-na-selecao-com-ancelotti-ex-jogador-se-dedica-aos-estudos-e-foca-em-gestao-esportiva\\\/\"},\"author\":{\"name\":\"Reda\u00e7\u00e3o\",\"@id\":\"https:\\\/\\\/transamerica93.com.br\\\/home\\\/#\\\/schema\\\/person\\\/7fed7c99c0d4562efa8561bc0f543172\"},\"headline\":\"Kak\u00e1 na sele\u00e7\u00e3o com Ancelotti? Ex-jogador se dedica aos estudos e foca em gest\u00e3o esportiva\",\"datePublished\":\"2025-05-21T15:00:39+00:00\",\"mainEntityOfPage\":{\"@id\":\"https:\\\/\\\/transamerica93.com.br\\\/home\\\/kaka-na-selecao-com-ancelotti-ex-jogador-se-dedica-aos-estudos-e-foca-em-gestao-esportiva\\\/\"},\"wordCount\":631,\"publisher\":{\"@id\":\"https:\\\/\\\/transamerica93.com.br\\\/home\\\/#organization\"},\"image\":{\"@id\":\"https:\\\/\\\/transamerica93.com.br\\\/home\\\/kaka-na-selecao-com-ancelotti-ex-jogador-se-dedica-aos-estudos-e-foca-em-gestao-esportiva\\\/#primaryimage\"},\"thumbnailUrl\":\"https:\\\/\\\/transamerica93.com.br\\\/home\\\/wp-content\\\/uploads\\\/2025\\\/05\\\/1-66.jpg\",\"articleSection\":[\"Esportes\"],\"inLanguage\":\"pt-BR\"},{\"@type\":\"WebPage\",\"@id\":\"https:\\\/\\\/transamerica93.com.br\\\/home\\\/kaka-na-selecao-com-ancelotti-ex-jogador-se-dedica-aos-estudos-e-foca-em-gestao-esportiva\\\/\",\"url\":\"https:\\\/\\\/transamerica93.com.br\\\/home\\\/kaka-na-selecao-com-ancelotti-ex-jogador-se-dedica-aos-estudos-e-foca-em-gestao-esportiva\\\/\",\"name\":\"Kak\u00e1 na sele\u00e7\u00e3o com Ancelotti? Ex-jogador se dedica aos estudos e foca em gest\u00e3o esportiva - Transam\u00e9rica Mococa 93,3\",\"isPartOf\":{\"@id\":\"https:\\\/\\\/transamerica93.com.br\\\/home\\\/#website\"},\"primaryImageOfPage\":{\"@id\":\"https:\\\/\\\/transamerica93.com.br\\\/home\\\/kaka-na-selecao-com-ancelotti-ex-jogador-se-dedica-aos-estudos-e-foca-em-gestao-esportiva\\\/#primaryimage\"},\"image\":{\"@id\":\"https:\\\/\\\/transamerica93.com.br\\\/home\\\/kaka-na-selecao-com-ancelotti-ex-jogador-se-dedica-aos-estudos-e-foca-em-gestao-esportiva\\\/#primaryimage\"},\"thumbnailUrl\":\"https:\\\/\\\/transamerica93.com.br\\\/home\\\/wp-content\\\/uploads\\\/2025\\\/05\\\/1-66.jpg\",\"datePublished\":\"2025-05-21T15:00:39+00:00\",\"breadcrumb\":{\"@id\":\"https:\\\/\\\/transamerica93.com.br\\\/home\\\/kaka-na-selecao-com-ancelotti-ex-jogador-se-dedica-aos-estudos-e-foca-em-gestao-esportiva\\\/#breadcrumb\"},\"inLanguage\":\"pt-BR\",\"potentialAction\":[{\"@type\":\"ReadAction\",\"target\":[\"https:\\\/\\\/transamerica93.com.br\\\/home\\\/kaka-na-selecao-com-ancelotti-ex-jogador-se-dedica-aos-estudos-e-foca-em-gestao-esportiva\\\/\"]}]},{\"@type\":\"ImageObject\",\"inLanguage\":\"pt-BR\",\"@id\":\"https:\\\/\\\/transamerica93.com.br\\\/home\\\/kaka-na-selecao-com-ancelotti-ex-jogador-se-dedica-aos-estudos-e-foca-em-gestao-esportiva\\\/#primaryimage\",\"url\":\"https:\\\/\\\/transamerica93.com.br\\\/home\\\/wp-content\\\/uploads\\\/2025\\\/05\\\/1-66.jpg\",\"contentUrl\":\"https:\\\/\\\/transamerica93.com.br\\\/home\\\/wp-content\\\/uploads\\\/2025\\\/05\\\/1-66.jpg\",\"width\":1200,\"height\":750},{\"@type\":\"BreadcrumbList\",\"@id\":\"https:\\\/\\\/transamerica93.com.br\\\/home\\\/kaka-na-selecao-com-ancelotti-ex-jogador-se-dedica-aos-estudos-e-foca-em-gestao-esportiva\\\/#breadcrumb\",\"itemListElement\":[{\"@type\":\"ListItem\",\"position\":1,\"name\":\"In\u00edcio\",\"item\":\"https:\\\/\\\/transamerica93.com.br\\\/home\\\/\"},{\"@type\":\"ListItem\",\"position\":2,\"name\":\"Kak\u00e1 na sele\u00e7\u00e3o com Ancelotti? Ex-jogador se dedica aos estudos e foca em gest\u00e3o esportiva\"}]},{\"@type\":\"WebSite\",\"@id\":\"https:\\\/\\\/transamerica93.com.br\\\/home\\\/#website\",\"url\":\"https:\\\/\\\/transamerica93.com.br\\\/home\\\/\",\"name\":\"Transam\u00e9rica Mococa 93,3\",\"description\":\"\",\"publisher\":{\"@id\":\"https:\\\/\\\/transamerica93.com.br\\\/home\\\/#organization\"},\"potentialAction\":[{\"@type\":\"SearchAction\",\"target\":{\"@type\":\"EntryPoint\",\"urlTemplate\":\"https:\\\/\\\/transamerica93.com.br\\\/home\\\/?s={search_term_string}\"},\"query-input\":{\"@type\":\"PropertyValueSpecification\",\"valueRequired\":true,\"valueName\":\"search_term_string\"}}],\"inLanguage\":\"pt-BR\"},{\"@type\":\"Organization\",\"@id\":\"https:\\\/\\\/transamerica93.com.br\\\/home\\\/#organization\",\"name\":\"Transam\u00e9rica Mococa 93,3\",\"url\":\"https:\\\/\\\/transamerica93.com.br\\\/home\\\/\",\"logo\":{\"@type\":\"ImageObject\",\"inLanguage\":\"pt-BR\",\"@id\":\"https:\\\/\\\/transamerica93.com.br\\\/home\\\/#\\\/schema\\\/logo\\\/image\\\/\",\"url\":\"https:\\\/\\\/transamerica93.com.br\\\/home\\\/wp-content\\\/uploads\\\/2023\\\/10\\\/logo2.png\",\"contentUrl\":\"https:\\\/\\\/transamerica93.com.br\\\/home\\\/wp-content\\\/uploads\\\/2023\\\/10\\\/logo2.png\",\"width\":800,\"height\":500,\"caption\":\"Transam\u00e9rica Mococa 93,3\"},\"image\":{\"@id\":\"https:\\\/\\\/transamerica93.com.br\\\/home\\\/#\\\/schema\\\/logo\\\/image\\\/\"},\"sameAs\":[\"https:\\\/\\\/www.facebook.com\\\/transamericamococa\",\"https:\\\/\\\/x.com\\\/transamerica933\",\"https:\\\/\\\/www.instagram.com\\\/transamericamococa\"]},{\"@type\":\"Person\",\"@id\":\"https:\\\/\\\/transamerica93.com.br\\\/home\\\/#\\\/schema\\\/person\\\/7fed7c99c0d4562efa8561bc0f543172\",\"name\":\"Reda\u00e7\u00e3o\",\"image\":{\"@type\":\"ImageObject\",\"inLanguage\":\"pt-BR\",\"@id\":\"https:\\\/\\\/secure.gravatar.com\\\/avatar\\\/1072c6b775fb02ef8506ce967551d95926669a6b7d2c2147b42eea4d7c68395e?s=96&d=mm&r=g\",\"url\":\"https:\\\/\\\/secure.gravatar.com\\\/avatar\\\/1072c6b775fb02ef8506ce967551d95926669a6b7d2c2147b42eea4d7c68395e?s=96&d=mm&r=g\",\"contentUrl\":\"https:\\\/\\\/secure.gravatar.com\\\/avatar\\\/1072c6b775fb02ef8506ce967551d95926669a6b7d2c2147b42eea4d7c68395e?s=96&d=mm&r=g\",\"caption\":\"Reda\u00e7\u00e3o\"},\"sameAs\":[\"https:\\\/\\\/transamerica93.com.br\\\/home\"],\"url\":\"https:\\\/\\\/transamerica93.com.br\\\/home\\\/author\\\/william\\\/\"}]}<\/script>\n<!-- \/ Yoast SEO plugin. -->","yoast_head_json":{"title":"Kak\u00e1 na sele\u00e7\u00e3o com Ancelotti? Ex-jogador se dedica aos estudos e foca em gest\u00e3o esportiva - Transam\u00e9rica Mococa 93,3","robots":{"index":"index","follow":"follow","max-snippet":"max-snippet:-1","max-image-preview":"max-image-preview:large","max-video-preview":"max-video-preview:-1"},"canonical":"https:\/\/transamerica93.com.br\/home\/kaka-na-selecao-com-ancelotti-ex-jogador-se-dedica-aos-estudos-e-foca-em-gestao-esportiva\/","og_locale":"pt_BR","og_type":"article","og_title":"Kak\u00e1 na sele\u00e7\u00e3o com Ancelotti? Ex-jogador se dedica aos estudos e foca em gest\u00e3o esportiva - Transam\u00e9rica Mococa 93,3","og_description":"Anunciado como novo treinador do Brasil na \u00faltima segunda-feira, Carlo Ancelotti pretende contar, na comiss\u00e3o t\u00e9cnica, com ex-jogadores brasileiros que trabalharam com ele ao longo da carreira. Um dos nomes especulados para integrar a comiss\u00e3o \u00e9 o de Kak\u00e1. Comandado pelo treinador italiano no Milan, Kak\u00e1 foi eleito o melhor jogador do mundo no ano &hellip;","og_url":"https:\/\/transamerica93.com.br\/home\/kaka-na-selecao-com-ancelotti-ex-jogador-se-dedica-aos-estudos-e-foca-em-gestao-esportiva\/","og_site_name":"Transam\u00e9rica Mococa 93,3","article_publisher":"https:\/\/www.facebook.com\/transamericamococa","article_published_time":"2025-05-21T15:00:39+00:00","og_image":[{"width":1200,"height":750,"url":"https:\/\/transamerica93.com.br\/home\/wp-content\/uploads\/2025\/05\/1-66.jpg","type":"image\/jpeg"}],"author":"Reda\u00e7\u00e3o","twitter_card":"summary_large_image","twitter_creator":"@transamerica933","twitter_site":"@transamerica933","twitter_misc":{"Escrito por":"Reda\u00e7\u00e3o","Est. tempo de leitura":"1 minuto"},"schema":{"@context":"https:\/\/schema.org","@graph":[{"@type":"Article","@id":"https:\/\/transamerica93.com.br\/home\/kaka-na-selecao-com-ancelotti-ex-jogador-se-dedica-aos-estudos-e-foca-em-gestao-esportiva\/#article","isPartOf":{"@id":"https:\/\/transamerica93.com.br\/home\/kaka-na-selecao-com-ancelotti-ex-jogador-se-dedica-aos-estudos-e-foca-em-gestao-esportiva\/"},"author":{"name":"Reda\u00e7\u00e3o","@id":"https:\/\/transamerica93.com.br\/home\/#\/schema\/person\/7fed7c99c0d4562efa8561bc0f543172"},"headline":"Kak\u00e1 na sele\u00e7\u00e3o com Ancelotti? Ex-jogador se dedica aos estudos e foca em gest\u00e3o esportiva","datePublished":"2025-05-21T15:00:39+00:00","mainEntityOfPage":{"@id":"https:\/\/transamerica93.com.br\/home\/kaka-na-selecao-com-ancelotti-ex-jogador-se-dedica-aos-estudos-e-foca-em-gestao-esportiva\/"},"wordCount":631,"publisher":{"@id":"https:\/\/transamerica93.com.br\/home\/#organization"},"image":{"@id":"https:\/\/transamerica93.com.br\/home\/kaka-na-selecao-com-ancelotti-ex-jogador-se-dedica-aos-estudos-e-foca-em-gestao-esportiva\/#primaryimage"},"thumbnailUrl":"https:\/\/transamerica93.com.br\/home\/wp-content\/uploads\/2025\/05\/1-66.jpg","articleSection":["Esportes"],"inLanguage":"pt-BR"},{"@type":"WebPage","@id":"https:\/\/transamerica93.com.br\/home\/kaka-na-selecao-com-ancelotti-ex-jogador-se-dedica-aos-estudos-e-foca-em-gestao-esportiva\/","url":"https:\/\/transamerica93.com.br\/home\/kaka-na-selecao-com-ancelotti-ex-jogador-se-dedica-aos-estudos-e-foca-em-gestao-esportiva\/","name":"Kak\u00e1 na sele\u00e7\u00e3o com Ancelotti? Ex-jogador se dedica aos estudos e foca em gest\u00e3o esportiva - Transam\u00e9rica Mococa 93,3","isPartOf":{"@id":"https:\/\/transamerica93.com.br\/home\/#website"},"primaryImageOfPage":{"@id":"https:\/\/transamerica93.com.br\/home\/kaka-na-selecao-com-ancelotti-ex-jogador-se-dedica-aos-estudos-e-foca-em-gestao-esportiva\/#primaryimage"},"image":{"@id":"https:\/\/transamerica93.com.br\/home\/kaka-na-selecao-com-ancelotti-ex-jogador-se-dedica-aos-estudos-e-foca-em-gestao-esportiva\/#primaryimage"},"thumbnailUrl":"https:\/\/transamerica93.com.br\/home\/wp-content\/uploads\/2025\/05\/1-66.jpg","datePublished":"2025-05-21T15:00:39+00:00","breadcrumb":{"@id":"https:\/\/transamerica93.com.br\/home\/kaka-na-selecao-com-ancelotti-ex-jogador-se-dedica-aos-estudos-e-foca-em-gestao-esportiva\/#breadcrumb"},"inLanguage":"pt-BR","potentialAction":[{"@type":"ReadAction","target":["https:\/\/transamerica93.com.br\/home\/kaka-na-selecao-com-ancelotti-ex-jogador-se-dedica-aos-estudos-e-foca-em-gestao-esportiva\/"]}]},{"@type":"ImageObject","inLanguage":"pt-BR","@id":"https:\/\/transamerica93.com.br\/home\/kaka-na-selecao-com-ancelotti-ex-jogador-se-dedica-aos-estudos-e-foca-em-gestao-esportiva\/#primaryimage","url":"https:\/\/transamerica93.com.br\/home\/wp-content\/uploads\/2025\/05\/1-66.jpg","contentUrl":"https:\/\/transamerica93.com.br\/home\/wp-content\/uploads\/2025\/05\/1-66.jpg","width":1200,"height":750},{"@type":"BreadcrumbList","@id":"https:\/\/transamerica93.com.br\/home\/kaka-na-selecao-com-ancelotti-ex-jogador-se-dedica-aos-estudos-e-foca-em-gestao-esportiva\/#breadcrumb","itemListElement":[{"@type":"ListItem","position":1,"name":"In\u00edcio","item":"https:\/\/transamerica93.com.br\/home\/"},{"@type":"ListItem","position":2,"name":"Kak\u00e1 na sele\u00e7\u00e3o com Ancelotti? Ex-jogador se dedica aos estudos e foca em gest\u00e3o esportiva"}]},{"@type":"WebSite","@id":"https:\/\/transamerica93.com.br\/home\/#website","url":"https:\/\/transamerica93.com.br\/home\/","name":"Transam\u00e9rica Mococa 93,3","description":"","publisher":{"@id":"https:\/\/transamerica93.com.br\/home\/#organization"},"potentialAction":[{"@type":"SearchAction","target":{"@type":"EntryPoint","urlTemplate":"https:\/\/transamerica93.com.br\/home\/?s={search_term_string}"},"query-input":{"@type":"PropertyValueSpecification","valueRequired":true,"valueName":"search_term_string"}}],"inLanguage":"pt-BR"},{"@type":"Organization","@id":"https:\/\/transamerica93.com.br\/home\/#organization","name":"Transam\u00e9rica Mococa 93,3","url":"https:\/\/transamerica93.com.br\/home\/","logo":{"@type":"ImageObject","inLanguage":"pt-BR","@id":"https:\/\/transamerica93.com.br\/home\/#\/schema\/logo\/image\/","url":"https:\/\/transamerica93.com.br\/home\/wp-content\/uploads\/2023\/10\/logo2.png","contentUrl":"https:\/\/transamerica93.com.br\/home\/wp-content\/uploads\/2023\/10\/logo2.png","width":800,"height":500,"caption":"Transam\u00e9rica Mococa 93,3"},"image":{"@id":"https:\/\/transamerica93.com.br\/home\/#\/schema\/logo\/image\/"},"sameAs":["https:\/\/www.facebook.com\/transamericamococa","https:\/\/x.com\/transamerica933","https:\/\/www.instagram.com\/transamericamococa"]},{"@type":"Person","@id":"https:\/\/transamerica93.com.br\/home\/#\/schema\/person\/7fed7c99c0d4562efa8561bc0f543172","name":"Reda\u00e7\u00e3o","image":{"@type":"ImageObject","inLanguage":"pt-BR","@id":"https:\/\/secure.gravatar.com\/avatar\/1072c6b775fb02ef8506ce967551d95926669a6b7d2c2147b42eea4d7c68395e?s=96&d=mm&r=g","url":"https:\/\/secure.gravatar.com\/avatar\/1072c6b775fb02ef8506ce967551d95926669a6b7d2c2147b42eea4d7c68395e?s=96&d=mm&r=g","contentUrl":"https:\/\/secure.gravatar.com\/avatar\/1072c6b775fb02ef8506ce967551d95926669a6b7d2c2147b42eea4d7c68395e?s=96&d=mm&r=g","caption":"Reda\u00e7\u00e3o"},"sameAs":["https:\/\/transamerica93.com.br\/home"],"url":"https:\/\/transamerica93.com.br\/home\/author\/william\/"}]}},"_links":{"self":[{"href":"https:\/\/transamerica93.com.br\/home\/wp-json\/wp\/v2\/posts\/5465","targetHints":{"allow":["GET"]}}],"collection":[{"href":"https:\/\/transamerica93.com.br\/home\/wp-json\/wp\/v2\/posts"}],"about":[{"href":"https:\/\/transamerica93.com.br\/home\/wp-json\/wp\/v2\/types\/post"}],"author":[{"embeddable":true,"href":"https:\/\/transamerica93.com.br\/home\/wp-json\/wp\/v2\/users\/1"}],"replies":[{"embeddable":true,"href":"https:\/\/transamerica93.com.br\/home\/wp-json\/wp\/v2\/comments?post=5465"}],"version-history":[{"count":1,"href":"https:\/\/transamerica93.com.br\/home\/wp-json\/wp\/v2\/posts\/5465\/revisions"}],"predecessor-version":[{"id":5467,"href":"https:\/\/transamerica93.com.br\/home\/wp-json\/wp\/v2\/posts\/5465\/revisions\/5467"}],"wp:featuredmedia":[{"embeddable":true,"href":"https:\/\/transamerica93.com.br\/home\/wp-json\/wp\/v2\/media\/5466"}],"wp:attachment":[{"href":"https:\/\/transamerica93.com.br\/home\/wp-json\/wp\/v2\/media?parent=5465"}],"wp:term":[{"taxonomy":"category","embeddable":true,"href":"https:\/\/transamerica93.com.br\/home\/wp-json\/wp\/v2\/categories?post=5465"},{"taxonomy":"post_tag","embeddable":true,"href":"https:\/\/transamerica93.com.br\/home\/wp-json\/wp\/v2\/tags?post=5465"}],"curies":[{"name":"wp","href":"https:\/\/api.w.org\/{rel}","templated":true}]}}