{"id":5468,"date":"2025-05-22T12:00:12","date_gmt":"2025-05-22T15:00:12","guid":{"rendered":"https:\/\/transamerica93.com.br\/home\/?p=5468"},"modified":"2025-05-13T22:50:28","modified_gmt":"2025-05-14T01:50:28","slug":"marta-volta-a-selecao-de-futebol-apos-9-meses-da-prata-olimpica-para-amistosos-com-o-japao","status":"publish","type":"post","link":"https:\/\/transamerica93.com.br\/home\/marta-volta-a-selecao-de-futebol-apos-9-meses-da-prata-olimpica-para-amistosos-com-o-japao\/","title":{"rendered":"Marta volta \u00e0 sele\u00e7\u00e3o de futebol ap\u00f3s 9 meses da prata ol\u00edmpica para amistosos com o Jap\u00e3o"},"content":{"rendered":"<p>Arthur Elias sempre faz quest\u00e3o de dizer que a &#8220;rainha&#8221; Marta n\u00e3o precisa ser observada na sele\u00e7\u00e3o brasileira. O treinador deixou a estrela fora desde a conquista na prata ol\u00edmpica, em Paris-2024, no m\u00eas de agosto, para iniciar um processo de renova\u00e7\u00e3o na equipe nacional, usando o per\u00edodo para observar diversas jogadoras. Nesta ter\u00e7a-feira, o treinador anunciou sua \u00faltima convoca\u00e7\u00e3o antes da lista definitiva para a Copa Am\u00e9rica com a camisa 10 sendo a novidade entre as 26 chamadas.<\/p>\n<p>Marta est\u00e1 de volta \u00e0 esquadra nacional para amistosos diante da boa sele\u00e7\u00e3o do Jap\u00e3o, dias 30 de maio, na Neo Qu\u00edmica Arena, em S\u00e3o Paulo, \u00e0s 21h30, e 2 de junho, em Bragan\u00e7a Paulista, no renovado Est\u00e1dio Municipal C\u00edcero de Souza, casa do Red Bull Bragantino enquanto o Nabi Abi Chedid passa por reformas. O segundo jogo est\u00e1 agendado para 20 horas.<\/p>\n<p>O Jap\u00e3o aparece na quinta coloca\u00e7\u00e3o do ranking da Fifa e conquistou o t\u00edtulo da She Believes Cup 2025 em fevereiro, o que o transforma em um bom teste final antes da copa Am\u00e9rica do Equador. Na hist\u00f3ria, as sele\u00e7\u00f5es j\u00e1 se encararam 16 vezes, com as asi\u00e1ticas ganhando sete e perdendo seis. Foram mais tr\u00eas empates, um deles na She Believes de 2024, na disputa do terceiro lugar. Ap\u00f3s 1 a 1 na ocasi\u00e3o, o Brasil fez 3 a 0 nos p\u00eanaltis.<\/p>\n<p>Marta desfalcou a sele\u00e7\u00e3o brasileira nos \u00faltimos seis amistosos p\u00f3s-Olimp\u00edada. De fora, viu as companheiras encararem por duas vezes a Col\u00f4mbia (1 a 1 e vit\u00f3ria por 3 a 1), a Austr\u00e1lia (triunfos por 3 a 1 e 2 a 1) e os Estados Unidos (derrota por 2 a 0 e volta por cima com 2 a 1 na Calif\u00f3rnia).<\/p>\n<p>Ele retorna para confirmar presen\u00e7a na Copa Am\u00e9rica. Assim como Debinha tamb\u00e9m ganha nova oportunidade. A ex-Corinthians Gabi Portilho, um dos destaques em Paris-2024, est\u00e1 fora da lista. Depois de encarar as japonesas, Arthur Elias define a convoca\u00e7\u00e3o para a competi\u00e7\u00e3o do Equador e que ser\u00e1 utilizada em amistoso na casa da Fran\u00e7a.<\/p>\n<p>CONFIRA AS 26 CONVOCADAS:<\/p>\n<p>Goleiras &#8211; Lorena (Kansas-EUA), Camila (Cruzeiro) e Claudia (Fluminense)<\/p>\n<p>Laterais &#8211; F\u00ea Palermo (Palmeiras), Bruna Calderan (S\u00e3o Paulo), Yasmim (Real Madrid-ESP) e F\u00e1tima Dutra (Ferrovi\u00e1ria)<\/p>\n<p>Zagueiras &#8211; Isa Haas (Cruzeiro), Kak\u00e1 (S\u00e3o Paulo), Tarciana (Lyon-FRA), Mariza (Corinthians) e Thais Ferreira (Corinthians)<\/p>\n<p>Meio-campistas &#8211; Angelina (Orlando Pride-EUA), Duda Sampaio (Corinthians), La\u00eds Estevam (Palmeiras), Yaya (Corinthians) e Ana Vit\u00f3ria (Atl\u00e9tico de Madrid-ESP)<\/p>\n<p>Atacantes &#8211; Amanda Gutierres (Palmeiras), Jheniffer (Tigres-MEX), Gio (Atl\u00e9tico de Madrid-ESP), Kerolin (Manchester City-ING), Dudinha (S\u00e3o Paulo), Jhonson (Corinthinas), Luany (Atl\u00e9tico de Madrid-ESP), Debinha (Kansas-EUA), Marta (Orlando Pride)<\/p>\n","protected":false},"excerpt":{"rendered":"<p>Arthur Elias sempre faz quest\u00e3o de dizer que a &#8220;rainha&#8221; Marta n\u00e3o precisa ser observada na sele\u00e7\u00e3o brasileira. O treinador deixou a estrela fora desde a conquista na prata ol\u00edmpica, em Paris-2024, no m\u00eas de agosto, para iniciar um processo de renova\u00e7\u00e3o na equipe nacional, usando o per\u00edodo para observar diversas jogadoras. Nesta ter\u00e7a-feira, o &hellip;<\/p>\n","protected":false},"author":1,"featured_media":5469,"comment_status":"closed","ping_status":"closed","sticky":false,"template":"","format":"standard","meta":{"footnotes":""},"categories":[31],"tags":[],"class_list":["post-5468","post","type-post","status-publish","format-standard","has-post-thumbnail","hentry","category-esportes"],"yoast_head":"<!-- This site is optimized with the Yoast SEO plugin v27.4 - https:\/\/yoast.com\/product\/yoast-seo-wordpress\/ -->\n<title>Marta volta \u00e0 sele\u00e7\u00e3o de futebol ap\u00f3s 9 meses da prata ol\u00edmpica para amistosos com o Jap\u00e3o - Transam\u00e9rica Mococa 93,3<\/title>\n<meta name=\"robots\" content=\"index, follow, max-snippet:-1, max-image-preview:large, max-video-preview:-1\" \/>\n<link rel=\"canonical\" href=\"https:\/\/transamerica93.com.br\/home\/marta-volta-a-selecao-de-futebol-apos-9-meses-da-prata-olimpica-para-amistosos-com-o-japao\/\" \/>\n<meta property=\"og:locale\" content=\"pt_BR\" \/>\n<meta property=\"og:type\" content=\"article\" \/>\n<meta property=\"og:title\" content=\"Marta volta \u00e0 sele\u00e7\u00e3o de futebol ap\u00f3s 9 meses da prata ol\u00edmpica para amistosos com o Jap\u00e3o - Transam\u00e9rica Mococa 93,3\" \/>\n<meta property=\"og:description\" content=\"Arthur Elias sempre faz quest\u00e3o de dizer que a &#8220;rainha&#8221; Marta n\u00e3o precisa ser observada na sele\u00e7\u00e3o brasileira. O treinador deixou a estrela fora desde a conquista na prata ol\u00edmpica, em Paris-2024, no m\u00eas de agosto, para iniciar um processo de renova\u00e7\u00e3o na equipe nacional, usando o per\u00edodo para observar diversas jogadoras. Nesta ter\u00e7a-feira, o &hellip;\" \/>\n<meta property=\"og:url\" content=\"https:\/\/transamerica93.com.br\/home\/marta-volta-a-selecao-de-futebol-apos-9-meses-da-prata-olimpica-para-amistosos-com-o-japao\/\" \/>\n<meta property=\"og:site_name\" content=\"Transam\u00e9rica Mococa 93,3\" \/>\n<meta property=\"article:publisher\" content=\"https:\/\/www.facebook.com\/transamericamococa\" \/>\n<meta property=\"article:published_time\" content=\"2025-05-22T15:00:12+00:00\" \/>\n<meta property=\"og:image\" content=\"https:\/\/transamerica93.com.br\/home\/wp-content\/uploads\/2025\/05\/1-67.jpg\" \/>\n\t<meta property=\"og:image:width\" content=\"913\" \/>\n\t<meta property=\"og:image:height\" content=\"533\" \/>\n\t<meta property=\"og:image:type\" content=\"image\/jpeg\" \/>\n<meta name=\"author\" content=\"Reda\u00e7\u00e3o\" \/>\n<meta name=\"twitter:card\" content=\"summary_large_image\" \/>\n<meta name=\"twitter:creator\" content=\"@transamerica933\" \/>\n<meta name=\"twitter:site\" content=\"@transamerica933\" \/>\n<meta name=\"twitter:label1\" content=\"Escrito por\" \/>\n\t<meta name=\"twitter:data1\" content=\"Reda\u00e7\u00e3o\" \/>\n\t<meta name=\"twitter:label2\" content=\"Est. tempo de leitura\" \/>\n\t<meta name=\"twitter:data2\" content=\"3 minutos\" \/>\n<script type=\"application\/ld+json\" class=\"yoast-schema-graph\">{\"@context\":\"https:\\\/\\\/schema.org\",\"@graph\":[{\"@type\":\"Article\",\"@id\":\"https:\\\/\\\/transamerica93.com.br\\\/home\\\/marta-volta-a-selecao-de-futebol-apos-9-meses-da-prata-olimpica-para-amistosos-com-o-japao\\\/#article\",\"isPartOf\":{\"@id\":\"https:\\\/\\\/transamerica93.com.br\\\/home\\\/marta-volta-a-selecao-de-futebol-apos-9-meses-da-prata-olimpica-para-amistosos-com-o-japao\\\/\"},\"author\":{\"name\":\"Reda\u00e7\u00e3o\",\"@id\":\"https:\\\/\\\/transamerica93.com.br\\\/home\\\/#\\\/schema\\\/person\\\/7fed7c99c0d4562efa8561bc0f543172\"},\"headline\":\"Marta volta \u00e0 sele\u00e7\u00e3o de futebol ap\u00f3s 9 meses da prata ol\u00edmpica para amistosos com o Jap\u00e3o\",\"datePublished\":\"2025-05-22T15:00:12+00:00\",\"mainEntityOfPage\":{\"@id\":\"https:\\\/\\\/transamerica93.com.br\\\/home\\\/marta-volta-a-selecao-de-futebol-apos-9-meses-da-prata-olimpica-para-amistosos-com-o-japao\\\/\"},\"wordCount\":474,\"publisher\":{\"@id\":\"https:\\\/\\\/transamerica93.com.br\\\/home\\\/#organization\"},\"image\":{\"@id\":\"https:\\\/\\\/transamerica93.com.br\\\/home\\\/marta-volta-a-selecao-de-futebol-apos-9-meses-da-prata-olimpica-para-amistosos-com-o-japao\\\/#primaryimage\"},\"thumbnailUrl\":\"https:\\\/\\\/transamerica93.com.br\\\/home\\\/wp-content\\\/uploads\\\/2025\\\/05\\\/1-67.jpg\",\"articleSection\":[\"Esportes\"],\"inLanguage\":\"pt-BR\"},{\"@type\":\"WebPage\",\"@id\":\"https:\\\/\\\/transamerica93.com.br\\\/home\\\/marta-volta-a-selecao-de-futebol-apos-9-meses-da-prata-olimpica-para-amistosos-com-o-japao\\\/\",\"url\":\"https:\\\/\\\/transamerica93.com.br\\\/home\\\/marta-volta-a-selecao-de-futebol-apos-9-meses-da-prata-olimpica-para-amistosos-com-o-japao\\\/\",\"name\":\"Marta volta \u00e0 sele\u00e7\u00e3o de futebol ap\u00f3s 9 meses da prata ol\u00edmpica para amistosos com o Jap\u00e3o - Transam\u00e9rica Mococa 93,3\",\"isPartOf\":{\"@id\":\"https:\\\/\\\/transamerica93.com.br\\\/home\\\/#website\"},\"primaryImageOfPage\":{\"@id\":\"https:\\\/\\\/transamerica93.com.br\\\/home\\\/marta-volta-a-selecao-de-futebol-apos-9-meses-da-prata-olimpica-para-amistosos-com-o-japao\\\/#primaryimage\"},\"image\":{\"@id\":\"https:\\\/\\\/transamerica93.com.br\\\/home\\\/marta-volta-a-selecao-de-futebol-apos-9-meses-da-prata-olimpica-para-amistosos-com-o-japao\\\/#primaryimage\"},\"thumbnailUrl\":\"https:\\\/\\\/transamerica93.com.br\\\/home\\\/wp-content\\\/uploads\\\/2025\\\/05\\\/1-67.jpg\",\"datePublished\":\"2025-05-22T15:00:12+00:00\",\"breadcrumb\":{\"@id\":\"https:\\\/\\\/transamerica93.com.br\\\/home\\\/marta-volta-a-selecao-de-futebol-apos-9-meses-da-prata-olimpica-para-amistosos-com-o-japao\\\/#breadcrumb\"},\"inLanguage\":\"pt-BR\",\"potentialAction\":[{\"@type\":\"ReadAction\",\"target\":[\"https:\\\/\\\/transamerica93.com.br\\\/home\\\/marta-volta-a-selecao-de-futebol-apos-9-meses-da-prata-olimpica-para-amistosos-com-o-japao\\\/\"]}]},{\"@type\":\"ImageObject\",\"inLanguage\":\"pt-BR\",\"@id\":\"https:\\\/\\\/transamerica93.com.br\\\/home\\\/marta-volta-a-selecao-de-futebol-apos-9-meses-da-prata-olimpica-para-amistosos-com-o-japao\\\/#primaryimage\",\"url\":\"https:\\\/\\\/transamerica93.com.br\\\/home\\\/wp-content\\\/uploads\\\/2025\\\/05\\\/1-67.jpg\",\"contentUrl\":\"https:\\\/\\\/transamerica93.com.br\\\/home\\\/wp-content\\\/uploads\\\/2025\\\/05\\\/1-67.jpg\",\"width\":913,\"height\":533},{\"@type\":\"BreadcrumbList\",\"@id\":\"https:\\\/\\\/transamerica93.com.br\\\/home\\\/marta-volta-a-selecao-de-futebol-apos-9-meses-da-prata-olimpica-para-amistosos-com-o-japao\\\/#breadcrumb\",\"itemListElement\":[{\"@type\":\"ListItem\",\"position\":1,\"name\":\"In\u00edcio\",\"item\":\"https:\\\/\\\/transamerica93.com.br\\\/home\\\/\"},{\"@type\":\"ListItem\",\"position\":2,\"name\":\"Marta volta \u00e0 sele\u00e7\u00e3o de futebol ap\u00f3s 9 meses da prata ol\u00edmpica para amistosos com o Jap\u00e3o\"}]},{\"@type\":\"WebSite\",\"@id\":\"https:\\\/\\\/transamerica93.com.br\\\/home\\\/#website\",\"url\":\"https:\\\/\\\/transamerica93.com.br\\\/home\\\/\",\"name\":\"Transam\u00e9rica Mococa 93,3\",\"description\":\"\",\"publisher\":{\"@id\":\"https:\\\/\\\/transamerica93.com.br\\\/home\\\/#organization\"},\"potentialAction\":[{\"@type\":\"SearchAction\",\"target\":{\"@type\":\"EntryPoint\",\"urlTemplate\":\"https:\\\/\\\/transamerica93.com.br\\\/home\\\/?s={search_term_string}\"},\"query-input\":{\"@type\":\"PropertyValueSpecification\",\"valueRequired\":true,\"valueName\":\"search_term_string\"}}],\"inLanguage\":\"pt-BR\"},{\"@type\":\"Organization\",\"@id\":\"https:\\\/\\\/transamerica93.com.br\\\/home\\\/#organization\",\"name\":\"Transam\u00e9rica Mococa 93,3\",\"url\":\"https:\\\/\\\/transamerica93.com.br\\\/home\\\/\",\"logo\":{\"@type\":\"ImageObject\",\"inLanguage\":\"pt-BR\",\"@id\":\"https:\\\/\\\/transamerica93.com.br\\\/home\\\/#\\\/schema\\\/logo\\\/image\\\/\",\"url\":\"https:\\\/\\\/transamerica93.com.br\\\/home\\\/wp-content\\\/uploads\\\/2023\\\/10\\\/logo2.png\",\"contentUrl\":\"https:\\\/\\\/transamerica93.com.br\\\/home\\\/wp-content\\\/uploads\\\/2023\\\/10\\\/logo2.png\",\"width\":800,\"height\":500,\"caption\":\"Transam\u00e9rica Mococa 93,3\"},\"image\":{\"@id\":\"https:\\\/\\\/transamerica93.com.br\\\/home\\\/#\\\/schema\\\/logo\\\/image\\\/\"},\"sameAs\":[\"https:\\\/\\\/www.facebook.com\\\/transamericamococa\",\"https:\\\/\\\/x.com\\\/transamerica933\",\"https:\\\/\\\/www.instagram.com\\\/transamericamococa\"]},{\"@type\":\"Person\",\"@id\":\"https:\\\/\\\/transamerica93.com.br\\\/home\\\/#\\\/schema\\\/person\\\/7fed7c99c0d4562efa8561bc0f543172\",\"name\":\"Reda\u00e7\u00e3o\",\"image\":{\"@type\":\"ImageObject\",\"inLanguage\":\"pt-BR\",\"@id\":\"https:\\\/\\\/secure.gravatar.com\\\/avatar\\\/1072c6b775fb02ef8506ce967551d95926669a6b7d2c2147b42eea4d7c68395e?s=96&d=mm&r=g\",\"url\":\"https:\\\/\\\/secure.gravatar.com\\\/avatar\\\/1072c6b775fb02ef8506ce967551d95926669a6b7d2c2147b42eea4d7c68395e?s=96&d=mm&r=g\",\"contentUrl\":\"https:\\\/\\\/secure.gravatar.com\\\/avatar\\\/1072c6b775fb02ef8506ce967551d95926669a6b7d2c2147b42eea4d7c68395e?s=96&d=mm&r=g\",\"caption\":\"Reda\u00e7\u00e3o\"},\"sameAs\":[\"https:\\\/\\\/transamerica93.com.br\\\/home\"],\"url\":\"https:\\\/\\\/transamerica93.com.br\\\/home\\\/author\\\/william\\\/\"}]}<\/script>\n<!-- \/ Yoast SEO plugin. -->","yoast_head_json":{"title":"Marta volta \u00e0 sele\u00e7\u00e3o de futebol ap\u00f3s 9 meses da prata ol\u00edmpica para amistosos com o Jap\u00e3o - Transam\u00e9rica Mococa 93,3","robots":{"index":"index","follow":"follow","max-snippet":"max-snippet:-1","max-image-preview":"max-image-preview:large","max-video-preview":"max-video-preview:-1"},"canonical":"https:\/\/transamerica93.com.br\/home\/marta-volta-a-selecao-de-futebol-apos-9-meses-da-prata-olimpica-para-amistosos-com-o-japao\/","og_locale":"pt_BR","og_type":"article","og_title":"Marta volta \u00e0 sele\u00e7\u00e3o de futebol ap\u00f3s 9 meses da prata ol\u00edmpica para amistosos com o Jap\u00e3o - Transam\u00e9rica Mococa 93,3","og_description":"Arthur Elias sempre faz quest\u00e3o de dizer que a &#8220;rainha&#8221; Marta n\u00e3o precisa ser observada na sele\u00e7\u00e3o brasileira. O treinador deixou a estrela fora desde a conquista na prata ol\u00edmpica, em Paris-2024, no m\u00eas de agosto, para iniciar um processo de renova\u00e7\u00e3o na equipe nacional, usando o per\u00edodo para observar diversas jogadoras. Nesta ter\u00e7a-feira, o &hellip;","og_url":"https:\/\/transamerica93.com.br\/home\/marta-volta-a-selecao-de-futebol-apos-9-meses-da-prata-olimpica-para-amistosos-com-o-japao\/","og_site_name":"Transam\u00e9rica Mococa 93,3","article_publisher":"https:\/\/www.facebook.com\/transamericamococa","article_published_time":"2025-05-22T15:00:12+00:00","og_image":[{"width":913,"height":533,"url":"https:\/\/transamerica93.com.br\/home\/wp-content\/uploads\/2025\/05\/1-67.jpg","type":"image\/jpeg"}],"author":"Reda\u00e7\u00e3o","twitter_card":"summary_large_image","twitter_creator":"@transamerica933","twitter_site":"@transamerica933","twitter_misc":{"Escrito por":"Reda\u00e7\u00e3o","Est. tempo de leitura":"3 minutos"},"schema":{"@context":"https:\/\/schema.org","@graph":[{"@type":"Article","@id":"https:\/\/transamerica93.com.br\/home\/marta-volta-a-selecao-de-futebol-apos-9-meses-da-prata-olimpica-para-amistosos-com-o-japao\/#article","isPartOf":{"@id":"https:\/\/transamerica93.com.br\/home\/marta-volta-a-selecao-de-futebol-apos-9-meses-da-prata-olimpica-para-amistosos-com-o-japao\/"},"author":{"name":"Reda\u00e7\u00e3o","@id":"https:\/\/transamerica93.com.br\/home\/#\/schema\/person\/7fed7c99c0d4562efa8561bc0f543172"},"headline":"Marta volta \u00e0 sele\u00e7\u00e3o de futebol ap\u00f3s 9 meses da prata ol\u00edmpica para amistosos com o Jap\u00e3o","datePublished":"2025-05-22T15:00:12+00:00","mainEntityOfPage":{"@id":"https:\/\/transamerica93.com.br\/home\/marta-volta-a-selecao-de-futebol-apos-9-meses-da-prata-olimpica-para-amistosos-com-o-japao\/"},"wordCount":474,"publisher":{"@id":"https:\/\/transamerica93.com.br\/home\/#organization"},"image":{"@id":"https:\/\/transamerica93.com.br\/home\/marta-volta-a-selecao-de-futebol-apos-9-meses-da-prata-olimpica-para-amistosos-com-o-japao\/#primaryimage"},"thumbnailUrl":"https:\/\/transamerica93.com.br\/home\/wp-content\/uploads\/2025\/05\/1-67.jpg","articleSection":["Esportes"],"inLanguage":"pt-BR"},{"@type":"WebPage","@id":"https:\/\/transamerica93.com.br\/home\/marta-volta-a-selecao-de-futebol-apos-9-meses-da-prata-olimpica-para-amistosos-com-o-japao\/","url":"https:\/\/transamerica93.com.br\/home\/marta-volta-a-selecao-de-futebol-apos-9-meses-da-prata-olimpica-para-amistosos-com-o-japao\/","name":"Marta volta \u00e0 sele\u00e7\u00e3o de futebol ap\u00f3s 9 meses da prata ol\u00edmpica para amistosos com o Jap\u00e3o - Transam\u00e9rica Mococa 93,3","isPartOf":{"@id":"https:\/\/transamerica93.com.br\/home\/#website"},"primaryImageOfPage":{"@id":"https:\/\/transamerica93.com.br\/home\/marta-volta-a-selecao-de-futebol-apos-9-meses-da-prata-olimpica-para-amistosos-com-o-japao\/#primaryimage"},"image":{"@id":"https:\/\/transamerica93.com.br\/home\/marta-volta-a-selecao-de-futebol-apos-9-meses-da-prata-olimpica-para-amistosos-com-o-japao\/#primaryimage"},"thumbnailUrl":"https:\/\/transamerica93.com.br\/home\/wp-content\/uploads\/2025\/05\/1-67.jpg","datePublished":"2025-05-22T15:00:12+00:00","breadcrumb":{"@id":"https:\/\/transamerica93.com.br\/home\/marta-volta-a-selecao-de-futebol-apos-9-meses-da-prata-olimpica-para-amistosos-com-o-japao\/#breadcrumb"},"inLanguage":"pt-BR","potentialAction":[{"@type":"ReadAction","target":["https:\/\/transamerica93.com.br\/home\/marta-volta-a-selecao-de-futebol-apos-9-meses-da-prata-olimpica-para-amistosos-com-o-japao\/"]}]},{"@type":"ImageObject","inLanguage":"pt-BR","@id":"https:\/\/transamerica93.com.br\/home\/marta-volta-a-selecao-de-futebol-apos-9-meses-da-prata-olimpica-para-amistosos-com-o-japao\/#primaryimage","url":"https:\/\/transamerica93.com.br\/home\/wp-content\/uploads\/2025\/05\/1-67.jpg","contentUrl":"https:\/\/transamerica93.com.br\/home\/wp-content\/uploads\/2025\/05\/1-67.jpg","width":913,"height":533},{"@type":"BreadcrumbList","@id":"https:\/\/transamerica93.com.br\/home\/marta-volta-a-selecao-de-futebol-apos-9-meses-da-prata-olimpica-para-amistosos-com-o-japao\/#breadcrumb","itemListElement":[{"@type":"ListItem","position":1,"name":"In\u00edcio","item":"https:\/\/transamerica93.com.br\/home\/"},{"@type":"ListItem","position":2,"name":"Marta volta \u00e0 sele\u00e7\u00e3o de futebol ap\u00f3s 9 meses da prata ol\u00edmpica para amistosos com o Jap\u00e3o"}]},{"@type":"WebSite","@id":"https:\/\/transamerica93.com.br\/home\/#website","url":"https:\/\/transamerica93.com.br\/home\/","name":"Transam\u00e9rica Mococa 93,3","description":"","publisher":{"@id":"https:\/\/transamerica93.com.br\/home\/#organization"},"potentialAction":[{"@type":"SearchAction","target":{"@type":"EntryPoint","urlTemplate":"https:\/\/transamerica93.com.br\/home\/?s={search_term_string}"},"query-input":{"@type":"PropertyValueSpecification","valueRequired":true,"valueName":"search_term_string"}}],"inLanguage":"pt-BR"},{"@type":"Organization","@id":"https:\/\/transamerica93.com.br\/home\/#organization","name":"Transam\u00e9rica Mococa 93,3","url":"https:\/\/transamerica93.com.br\/home\/","logo":{"@type":"ImageObject","inLanguage":"pt-BR","@id":"https:\/\/transamerica93.com.br\/home\/#\/schema\/logo\/image\/","url":"https:\/\/transamerica93.com.br\/home\/wp-content\/uploads\/2023\/10\/logo2.png","contentUrl":"https:\/\/transamerica93.com.br\/home\/wp-content\/uploads\/2023\/10\/logo2.png","width":800,"height":500,"caption":"Transam\u00e9rica Mococa 93,3"},"image":{"@id":"https:\/\/transamerica93.com.br\/home\/#\/schema\/logo\/image\/"},"sameAs":["https:\/\/www.facebook.com\/transamericamococa","https:\/\/x.com\/transamerica933","https:\/\/www.instagram.com\/transamericamococa"]},{"@type":"Person","@id":"https:\/\/transamerica93.com.br\/home\/#\/schema\/person\/7fed7c99c0d4562efa8561bc0f543172","name":"Reda\u00e7\u00e3o","image":{"@type":"ImageObject","inLanguage":"pt-BR","@id":"https:\/\/secure.gravatar.com\/avatar\/1072c6b775fb02ef8506ce967551d95926669a6b7d2c2147b42eea4d7c68395e?s=96&d=mm&r=g","url":"https:\/\/secure.gravatar.com\/avatar\/1072c6b775fb02ef8506ce967551d95926669a6b7d2c2147b42eea4d7c68395e?s=96&d=mm&r=g","contentUrl":"https:\/\/secure.gravatar.com\/avatar\/1072c6b775fb02ef8506ce967551d95926669a6b7d2c2147b42eea4d7c68395e?s=96&d=mm&r=g","caption":"Reda\u00e7\u00e3o"},"sameAs":["https:\/\/transamerica93.com.br\/home"],"url":"https:\/\/transamerica93.com.br\/home\/author\/william\/"}]}},"_links":{"self":[{"href":"https:\/\/transamerica93.com.br\/home\/wp-json\/wp\/v2\/posts\/5468","targetHints":{"allow":["GET"]}}],"collection":[{"href":"https:\/\/transamerica93.com.br\/home\/wp-json\/wp\/v2\/posts"}],"about":[{"href":"https:\/\/transamerica93.com.br\/home\/wp-json\/wp\/v2\/types\/post"}],"author":[{"embeddable":true,"href":"https:\/\/transamerica93.com.br\/home\/wp-json\/wp\/v2\/users\/1"}],"replies":[{"embeddable":true,"href":"https:\/\/transamerica93.com.br\/home\/wp-json\/wp\/v2\/comments?post=5468"}],"version-history":[{"count":1,"href":"https:\/\/transamerica93.com.br\/home\/wp-json\/wp\/v2\/posts\/5468\/revisions"}],"predecessor-version":[{"id":5470,"href":"https:\/\/transamerica93.com.br\/home\/wp-json\/wp\/v2\/posts\/5468\/revisions\/5470"}],"wp:featuredmedia":[{"embeddable":true,"href":"https:\/\/transamerica93.com.br\/home\/wp-json\/wp\/v2\/media\/5469"}],"wp:attachment":[{"href":"https:\/\/transamerica93.com.br\/home\/wp-json\/wp\/v2\/media?parent=5468"}],"wp:term":[{"taxonomy":"category","embeddable":true,"href":"https:\/\/transamerica93.com.br\/home\/wp-json\/wp\/v2\/categories?post=5468"},{"taxonomy":"post_tag","embeddable":true,"href":"https:\/\/transamerica93.com.br\/home\/wp-json\/wp\/v2\/tags?post=5468"}],"curies":[{"name":"wp","href":"https:\/\/api.w.org\/{rel}","templated":true}]}}