{"id":5471,"date":"2025-05-23T12:00:50","date_gmt":"2025-05-23T15:00:50","guid":{"rendered":"https:\/\/transamerica93.com.br\/home\/?p=5471"},"modified":"2025-05-13T22:52:03","modified_gmt":"2025-05-14T01:52:03","slug":"ancelotti-possui-mais-seguidores-nas-redes-sociais-do-que-todos-os-tecnicos-do-brasileirao","status":"publish","type":"post","link":"https:\/\/transamerica93.com.br\/home\/ancelotti-possui-mais-seguidores-nas-redes-sociais-do-que-todos-os-tecnicos-do-brasileirao\/","title":{"rendered":"Ancelotti possui mais seguidores nas redes sociais do que todos os t\u00e9cnicos do Brasileir\u00e3o"},"content":{"rendered":"<p>O t\u00e9cnico Carlo Ancelotti confirmou que ser\u00e1 o novo t\u00e9cnico da sele\u00e7\u00e3o brasileira. Aos 65 anos, ele vai come\u00e7ar os trabalhos ainda no m\u00eas de maio e comandar a equipe nos pr\u00f3ximos confrontos das Eliminat\u00f3rias da Copa do Mundo de 2026, contra Equador e Paraguai, nos dias 5 e 10 de junho.<\/p>\n<p>Se, dentro de campo Ancelotti \u00e9 considerado um dos mais vencedores da hist\u00f3ria, com mais de 30 ta\u00e7as, fora dos gramados ele tamb\u00e9m fez sucesso e \u00e9 o t\u00e9cnico com mais seguidores no Instagram, com incr\u00edveis 16,6 milh\u00f5es de f\u00e3s &#8211; de fazer inveja a muitos atletas. A conta da CBF no Instagram, por exemplo, possui 17,7 milh\u00f5es.<\/p>\n<p>A t\u00edtulo de compara\u00e7\u00e3o, somado todos os t\u00e9cnicos da S\u00e9rie A do Campeonato Brasileiro, a conta total chega a 13,6 milh\u00f5es de seguidores. Filipe Lu\u00eds, do Flamengo, lidera a lista no Pa\u00eds, com 6,5 milh\u00f5es, mas quase a maioria deste n\u00famero conquistada no per\u00edodo de quando ainda era atleta. O treinador rubro-negro \u00e9 seguido por Abel Ferreira, do Palmeiras, com 1,7 milh\u00e3o; Dorival J\u00fanior, do Corinthians, com 1,4 milh\u00e3o, e Rog\u00e9rio Ceni, do Bahia, com 1 milh\u00e3o.<\/p>\n<p>&#8220;Ancellotti \u00e9 uma joia rara em termos de imagem. Em vez de ar t\u00e9cnico e ret\u00f3ricas b\u00e9licas, ele transita entre o discreto e o acolhedor, transparecendo para o p\u00fablico ser pr\u00f3ximo aos atletas e divertido, ao mesmo tempo em que passa tranquilidade e n\u00e3o disputa os holofotes com as estrelas do espet\u00e1culo&#8221;, analisa Alexandre Vasconcellos, gerente regional da Flashscore no Brasil e especialista em marketing esportivo.<\/p>\n<p>Entre os treinadores mais renomados da Europa, Ancelotti tamb\u00e9m ganha de bra\u00e7adas. O mais pr\u00f3ximo dele \u00e9 Pep Guardiola, do Manchester City, com 8,5 milh\u00f5es no Instagram, seguido por J\u00fcrgen Klopp, ex-Liverpool, com 4,6 milh\u00f5es, Lionel Scaloni, da Argentina, com 2,3 milh\u00f5es, e Diego Simeone, do Atl\u00e9tico de Madrid, com 1,9 milh\u00e3o.<\/p>\n<p>&#8220;A presen\u00e7a digital de Carlo Ancelotti \u00e9 um ativo estrat\u00e9gico para a CBF. Em um cen\u00e1rio onde o engajamento nas redes sociais se traduz em valor de marca, audi\u00eancia e novas receitas, contar com um t\u00e9cnico que tem mais seguidores do que toda a elite do futebol brasileiro somada \u00e9 um diferencial raro&#8221;, acrescenta Bruno Brum, CMO da Ag\u00eancia End to End, hub de solu\u00e7\u00f5es e engajamento para o mercado esportivo.<\/p>\n<p><b>Confira o n\u00famero de seguidores de t\u00e9cnicos europeus ou de outras sele\u00e7\u00f5es:<\/b><\/p>\n<p>Pep Guardiola (Manchester City) &#8211; 8,5 milh\u00f5es (pepteam)<\/p>\n<p>J\u00fcrgen Klopp (ex-Liverpool) &#8211; 4,6 mi (kloppo)<\/p>\n<p>Lionel Scaloni (Argentina) &#8211; 2,3 mi (lioscaloni)<\/p>\n<p>Diego Simeone (Atl\u00e9tico de Madrid) &#8211; 1,9 mi (simeone)<\/p>\n<p>Luis Enrique (Paris Saint-Germain) &#8211; 771 mil (luisenrique_2121)<\/p>\n<p>Hansi Flick (Barceliona) &#8211; 433 mil (hansiflickpage)<\/p>\n<p><b>Veja o n\u00famero de seguidores dos t\u00e9cnicos do Campeonato Brasileiro:<\/b>*<\/p>\n<p>Filipe Lu\u00eds (Flamengo) &#8211; 6,5 mi (filipeluis)<\/p>\n<p>Abel Ferreira (Palmeiras) &#8211; 1,7 mi (coachabelferreira)<\/p>\n<p>Dorival J\u00fanior (Corinthians) &#8211; 1,4 mi (dorivaljroficial)<\/p>\n<p>Rog\u00e9rio Ceni (Bahia) &#8211; 1 mi (rogerioceni)<\/p>\n<p>Renato Ga\u00facho (Fluminense) &#8211; 975 mil (renatogaucho)<\/p>\n<p>Fernando Diniz (Vasco) &#8211; 396 mil (timediniz)<\/p>\n<p>Mano Menezes (Gr\u00eamio) &#8211; 322 mil (manomenezes_oficial)<\/p>\n<p>Ant\u00f3nio Oliveira (Cuiab\u00e1) &#8211; 303 mil (antonio_oliveira33)<\/p>\n<p>Luis Zubeld\u00eda (S\u00e3o Paulo) &#8211; 265 mil (zubeldia.oficial)<\/p>\n<p>Thiago Carpini (Vit\u00f3ria) &#8211; 254 mil (tcarpini)<\/p>\n<p>Roger Machado (Internacional) &#8211; 136 mil (rogermachado_treinador)<\/p>\n<p>Leonardo Jardim (Cruzeiro) &#8211; 108 mil (leonardojjardim)<\/p>\n<p>Renato Paiva (Botafogo) &#8211; 45,2 mil (renatopaiva009)<\/p>\n<p>L\u00e9o Cond\u00e9 (Cear\u00e1) &#8211; 17,9 mil (leonardoconde.treinador)<\/p>\n<p>Fernando Seabra (Red Bull Bragantino) &#8211; 15 mil (fernandoseabratreinador)<\/p>\n<p>Rafael Guanaes (Mirassol) &#8211; 7 mil (rafaelguanaesoficial)<\/p>\n<p>* Cuca (Atl\u00e9tico-MG), Vojvoda (Fortaleza) e Cl\u00e9ber Xavier (Santos) n\u00e3o possuem contas oficiais no Instagram e o Juventude est\u00e1 sem t\u00e9cnico.<\/p>\n","protected":false},"excerpt":{"rendered":"<p>O t\u00e9cnico Carlo Ancelotti confirmou que ser\u00e1 o novo t\u00e9cnico da sele\u00e7\u00e3o brasileira. Aos 65 anos, ele vai come\u00e7ar os trabalhos ainda no m\u00eas de maio e comandar a equipe nos pr\u00f3ximos confrontos das Eliminat\u00f3rias da Copa do Mundo de 2026, contra Equador e Paraguai, nos dias 5 e 10 de junho. Se, dentro de &hellip;<\/p>\n","protected":false},"author":1,"featured_media":5472,"comment_status":"closed","ping_status":"closed","sticky":false,"template":"","format":"standard","meta":{"footnotes":""},"categories":[31],"tags":[],"class_list":["post-5471","post","type-post","status-publish","format-standard","has-post-thumbnail","hentry","category-esportes"],"yoast_head":"<!-- This site is optimized with the Yoast SEO plugin v27.4 - https:\/\/yoast.com\/product\/yoast-seo-wordpress\/ -->\n<title>Ancelotti possui mais seguidores nas redes sociais do que todos os t\u00e9cnicos do Brasileir\u00e3o - Transam\u00e9rica Mococa 93,3<\/title>\n<meta name=\"robots\" content=\"index, follow, max-snippet:-1, max-image-preview:large, max-video-preview:-1\" \/>\n<link rel=\"canonical\" href=\"https:\/\/transamerica93.com.br\/home\/ancelotti-possui-mais-seguidores-nas-redes-sociais-do-que-todos-os-tecnicos-do-brasileirao\/\" \/>\n<meta property=\"og:locale\" content=\"pt_BR\" \/>\n<meta property=\"og:type\" content=\"article\" \/>\n<meta property=\"og:title\" content=\"Ancelotti possui mais seguidores nas redes sociais do que todos os t\u00e9cnicos do Brasileir\u00e3o - Transam\u00e9rica Mococa 93,3\" \/>\n<meta property=\"og:description\" content=\"O t\u00e9cnico Carlo Ancelotti confirmou que ser\u00e1 o novo t\u00e9cnico da sele\u00e7\u00e3o brasileira. Aos 65 anos, ele vai come\u00e7ar os trabalhos ainda no m\u00eas de maio e comandar a equipe nos pr\u00f3ximos confrontos das Eliminat\u00f3rias da Copa do Mundo de 2026, contra Equador e Paraguai, nos dias 5 e 10 de junho. Se, dentro de &hellip;\" \/>\n<meta property=\"og:url\" content=\"https:\/\/transamerica93.com.br\/home\/ancelotti-possui-mais-seguidores-nas-redes-sociais-do-que-todos-os-tecnicos-do-brasileirao\/\" \/>\n<meta property=\"og:site_name\" content=\"Transam\u00e9rica Mococa 93,3\" \/>\n<meta property=\"article:publisher\" content=\"https:\/\/www.facebook.com\/transamericamococa\" \/>\n<meta property=\"article:published_time\" content=\"2025-05-23T15:00:50+00:00\" \/>\n<meta property=\"og:image\" content=\"https:\/\/transamerica93.com.br\/home\/wp-content\/uploads\/2025\/05\/1-68.jpg\" \/>\n\t<meta property=\"og:image:width\" content=\"1728\" \/>\n\t<meta property=\"og:image:height\" content=\"1080\" \/>\n\t<meta property=\"og:image:type\" content=\"image\/jpeg\" \/>\n<meta name=\"author\" content=\"Reda\u00e7\u00e3o\" \/>\n<meta name=\"twitter:card\" content=\"summary_large_image\" \/>\n<meta name=\"twitter:creator\" content=\"@transamerica933\" \/>\n<meta name=\"twitter:site\" content=\"@transamerica933\" \/>\n<meta name=\"twitter:label1\" content=\"Escrito por\" \/>\n\t<meta name=\"twitter:data1\" content=\"Reda\u00e7\u00e3o\" \/>\n\t<meta name=\"twitter:label2\" content=\"Est. tempo de leitura\" \/>\n\t<meta name=\"twitter:data2\" content=\"4 minutos\" \/>\n<script type=\"application\/ld+json\" class=\"yoast-schema-graph\">{\"@context\":\"https:\\\/\\\/schema.org\",\"@graph\":[{\"@type\":\"Article\",\"@id\":\"https:\\\/\\\/transamerica93.com.br\\\/home\\\/ancelotti-possui-mais-seguidores-nas-redes-sociais-do-que-todos-os-tecnicos-do-brasileirao\\\/#article\",\"isPartOf\":{\"@id\":\"https:\\\/\\\/transamerica93.com.br\\\/home\\\/ancelotti-possui-mais-seguidores-nas-redes-sociais-do-que-todos-os-tecnicos-do-brasileirao\\\/\"},\"author\":{\"name\":\"Reda\u00e7\u00e3o\",\"@id\":\"https:\\\/\\\/transamerica93.com.br\\\/home\\\/#\\\/schema\\\/person\\\/7fed7c99c0d4562efa8561bc0f543172\"},\"headline\":\"Ancelotti possui mais seguidores nas redes sociais do que todos os t\u00e9cnicos do Brasileir\u00e3o\",\"datePublished\":\"2025-05-23T15:00:50+00:00\",\"mainEntityOfPage\":{\"@id\":\"https:\\\/\\\/transamerica93.com.br\\\/home\\\/ancelotti-possui-mais-seguidores-nas-redes-sociais-do-que-todos-os-tecnicos-do-brasileirao\\\/\"},\"wordCount\":630,\"publisher\":{\"@id\":\"https:\\\/\\\/transamerica93.com.br\\\/home\\\/#organization\"},\"image\":{\"@id\":\"https:\\\/\\\/transamerica93.com.br\\\/home\\\/ancelotti-possui-mais-seguidores-nas-redes-sociais-do-que-todos-os-tecnicos-do-brasileirao\\\/#primaryimage\"},\"thumbnailUrl\":\"https:\\\/\\\/transamerica93.com.br\\\/home\\\/wp-content\\\/uploads\\\/2025\\\/05\\\/1-68.jpg\",\"articleSection\":[\"Esportes\"],\"inLanguage\":\"pt-BR\"},{\"@type\":\"WebPage\",\"@id\":\"https:\\\/\\\/transamerica93.com.br\\\/home\\\/ancelotti-possui-mais-seguidores-nas-redes-sociais-do-que-todos-os-tecnicos-do-brasileirao\\\/\",\"url\":\"https:\\\/\\\/transamerica93.com.br\\\/home\\\/ancelotti-possui-mais-seguidores-nas-redes-sociais-do-que-todos-os-tecnicos-do-brasileirao\\\/\",\"name\":\"Ancelotti possui mais seguidores nas redes sociais do que todos os t\u00e9cnicos do Brasileir\u00e3o - Transam\u00e9rica Mococa 93,3\",\"isPartOf\":{\"@id\":\"https:\\\/\\\/transamerica93.com.br\\\/home\\\/#website\"},\"primaryImageOfPage\":{\"@id\":\"https:\\\/\\\/transamerica93.com.br\\\/home\\\/ancelotti-possui-mais-seguidores-nas-redes-sociais-do-que-todos-os-tecnicos-do-brasileirao\\\/#primaryimage\"},\"image\":{\"@id\":\"https:\\\/\\\/transamerica93.com.br\\\/home\\\/ancelotti-possui-mais-seguidores-nas-redes-sociais-do-que-todos-os-tecnicos-do-brasileirao\\\/#primaryimage\"},\"thumbnailUrl\":\"https:\\\/\\\/transamerica93.com.br\\\/home\\\/wp-content\\\/uploads\\\/2025\\\/05\\\/1-68.jpg\",\"datePublished\":\"2025-05-23T15:00:50+00:00\",\"breadcrumb\":{\"@id\":\"https:\\\/\\\/transamerica93.com.br\\\/home\\\/ancelotti-possui-mais-seguidores-nas-redes-sociais-do-que-todos-os-tecnicos-do-brasileirao\\\/#breadcrumb\"},\"inLanguage\":\"pt-BR\",\"potentialAction\":[{\"@type\":\"ReadAction\",\"target\":[\"https:\\\/\\\/transamerica93.com.br\\\/home\\\/ancelotti-possui-mais-seguidores-nas-redes-sociais-do-que-todos-os-tecnicos-do-brasileirao\\\/\"]}]},{\"@type\":\"ImageObject\",\"inLanguage\":\"pt-BR\",\"@id\":\"https:\\\/\\\/transamerica93.com.br\\\/home\\\/ancelotti-possui-mais-seguidores-nas-redes-sociais-do-que-todos-os-tecnicos-do-brasileirao\\\/#primaryimage\",\"url\":\"https:\\\/\\\/transamerica93.com.br\\\/home\\\/wp-content\\\/uploads\\\/2025\\\/05\\\/1-68.jpg\",\"contentUrl\":\"https:\\\/\\\/transamerica93.com.br\\\/home\\\/wp-content\\\/uploads\\\/2025\\\/05\\\/1-68.jpg\",\"width\":1728,\"height\":1080},{\"@type\":\"BreadcrumbList\",\"@id\":\"https:\\\/\\\/transamerica93.com.br\\\/home\\\/ancelotti-possui-mais-seguidores-nas-redes-sociais-do-que-todos-os-tecnicos-do-brasileirao\\\/#breadcrumb\",\"itemListElement\":[{\"@type\":\"ListItem\",\"position\":1,\"name\":\"In\u00edcio\",\"item\":\"https:\\\/\\\/transamerica93.com.br\\\/home\\\/\"},{\"@type\":\"ListItem\",\"position\":2,\"name\":\"Ancelotti possui mais seguidores nas redes sociais do que todos os t\u00e9cnicos do Brasileir\u00e3o\"}]},{\"@type\":\"WebSite\",\"@id\":\"https:\\\/\\\/transamerica93.com.br\\\/home\\\/#website\",\"url\":\"https:\\\/\\\/transamerica93.com.br\\\/home\\\/\",\"name\":\"Transam\u00e9rica Mococa 93,3\",\"description\":\"\",\"publisher\":{\"@id\":\"https:\\\/\\\/transamerica93.com.br\\\/home\\\/#organization\"},\"potentialAction\":[{\"@type\":\"SearchAction\",\"target\":{\"@type\":\"EntryPoint\",\"urlTemplate\":\"https:\\\/\\\/transamerica93.com.br\\\/home\\\/?s={search_term_string}\"},\"query-input\":{\"@type\":\"PropertyValueSpecification\",\"valueRequired\":true,\"valueName\":\"search_term_string\"}}],\"inLanguage\":\"pt-BR\"},{\"@type\":\"Organization\",\"@id\":\"https:\\\/\\\/transamerica93.com.br\\\/home\\\/#organization\",\"name\":\"Transam\u00e9rica Mococa 93,3\",\"url\":\"https:\\\/\\\/transamerica93.com.br\\\/home\\\/\",\"logo\":{\"@type\":\"ImageObject\",\"inLanguage\":\"pt-BR\",\"@id\":\"https:\\\/\\\/transamerica93.com.br\\\/home\\\/#\\\/schema\\\/logo\\\/image\\\/\",\"url\":\"https:\\\/\\\/transamerica93.com.br\\\/home\\\/wp-content\\\/uploads\\\/2023\\\/10\\\/logo2.png\",\"contentUrl\":\"https:\\\/\\\/transamerica93.com.br\\\/home\\\/wp-content\\\/uploads\\\/2023\\\/10\\\/logo2.png\",\"width\":800,\"height\":500,\"caption\":\"Transam\u00e9rica Mococa 93,3\"},\"image\":{\"@id\":\"https:\\\/\\\/transamerica93.com.br\\\/home\\\/#\\\/schema\\\/logo\\\/image\\\/\"},\"sameAs\":[\"https:\\\/\\\/www.facebook.com\\\/transamericamococa\",\"https:\\\/\\\/x.com\\\/transamerica933\",\"https:\\\/\\\/www.instagram.com\\\/transamericamococa\"]},{\"@type\":\"Person\",\"@id\":\"https:\\\/\\\/transamerica93.com.br\\\/home\\\/#\\\/schema\\\/person\\\/7fed7c99c0d4562efa8561bc0f543172\",\"name\":\"Reda\u00e7\u00e3o\",\"image\":{\"@type\":\"ImageObject\",\"inLanguage\":\"pt-BR\",\"@id\":\"https:\\\/\\\/secure.gravatar.com\\\/avatar\\\/1072c6b775fb02ef8506ce967551d95926669a6b7d2c2147b42eea4d7c68395e?s=96&d=mm&r=g\",\"url\":\"https:\\\/\\\/secure.gravatar.com\\\/avatar\\\/1072c6b775fb02ef8506ce967551d95926669a6b7d2c2147b42eea4d7c68395e?s=96&d=mm&r=g\",\"contentUrl\":\"https:\\\/\\\/secure.gravatar.com\\\/avatar\\\/1072c6b775fb02ef8506ce967551d95926669a6b7d2c2147b42eea4d7c68395e?s=96&d=mm&r=g\",\"caption\":\"Reda\u00e7\u00e3o\"},\"sameAs\":[\"https:\\\/\\\/transamerica93.com.br\\\/home\"],\"url\":\"https:\\\/\\\/transamerica93.com.br\\\/home\\\/author\\\/william\\\/\"}]}<\/script>\n<!-- \/ Yoast SEO plugin. -->","yoast_head_json":{"title":"Ancelotti possui mais seguidores nas redes sociais do que todos os t\u00e9cnicos do Brasileir\u00e3o - Transam\u00e9rica Mococa 93,3","robots":{"index":"index","follow":"follow","max-snippet":"max-snippet:-1","max-image-preview":"max-image-preview:large","max-video-preview":"max-video-preview:-1"},"canonical":"https:\/\/transamerica93.com.br\/home\/ancelotti-possui-mais-seguidores-nas-redes-sociais-do-que-todos-os-tecnicos-do-brasileirao\/","og_locale":"pt_BR","og_type":"article","og_title":"Ancelotti possui mais seguidores nas redes sociais do que todos os t\u00e9cnicos do Brasileir\u00e3o - Transam\u00e9rica Mococa 93,3","og_description":"O t\u00e9cnico Carlo Ancelotti confirmou que ser\u00e1 o novo t\u00e9cnico da sele\u00e7\u00e3o brasileira. Aos 65 anos, ele vai come\u00e7ar os trabalhos ainda no m\u00eas de maio e comandar a equipe nos pr\u00f3ximos confrontos das Eliminat\u00f3rias da Copa do Mundo de 2026, contra Equador e Paraguai, nos dias 5 e 10 de junho. Se, dentro de &hellip;","og_url":"https:\/\/transamerica93.com.br\/home\/ancelotti-possui-mais-seguidores-nas-redes-sociais-do-que-todos-os-tecnicos-do-brasileirao\/","og_site_name":"Transam\u00e9rica Mococa 93,3","article_publisher":"https:\/\/www.facebook.com\/transamericamococa","article_published_time":"2025-05-23T15:00:50+00:00","og_image":[{"width":1728,"height":1080,"url":"https:\/\/transamerica93.com.br\/home\/wp-content\/uploads\/2025\/05\/1-68.jpg","type":"image\/jpeg"}],"author":"Reda\u00e7\u00e3o","twitter_card":"summary_large_image","twitter_creator":"@transamerica933","twitter_site":"@transamerica933","twitter_misc":{"Escrito por":"Reda\u00e7\u00e3o","Est. tempo de leitura":"4 minutos"},"schema":{"@context":"https:\/\/schema.org","@graph":[{"@type":"Article","@id":"https:\/\/transamerica93.com.br\/home\/ancelotti-possui-mais-seguidores-nas-redes-sociais-do-que-todos-os-tecnicos-do-brasileirao\/#article","isPartOf":{"@id":"https:\/\/transamerica93.com.br\/home\/ancelotti-possui-mais-seguidores-nas-redes-sociais-do-que-todos-os-tecnicos-do-brasileirao\/"},"author":{"name":"Reda\u00e7\u00e3o","@id":"https:\/\/transamerica93.com.br\/home\/#\/schema\/person\/7fed7c99c0d4562efa8561bc0f543172"},"headline":"Ancelotti possui mais seguidores nas redes sociais do que todos os t\u00e9cnicos do Brasileir\u00e3o","datePublished":"2025-05-23T15:00:50+00:00","mainEntityOfPage":{"@id":"https:\/\/transamerica93.com.br\/home\/ancelotti-possui-mais-seguidores-nas-redes-sociais-do-que-todos-os-tecnicos-do-brasileirao\/"},"wordCount":630,"publisher":{"@id":"https:\/\/transamerica93.com.br\/home\/#organization"},"image":{"@id":"https:\/\/transamerica93.com.br\/home\/ancelotti-possui-mais-seguidores-nas-redes-sociais-do-que-todos-os-tecnicos-do-brasileirao\/#primaryimage"},"thumbnailUrl":"https:\/\/transamerica93.com.br\/home\/wp-content\/uploads\/2025\/05\/1-68.jpg","articleSection":["Esportes"],"inLanguage":"pt-BR"},{"@type":"WebPage","@id":"https:\/\/transamerica93.com.br\/home\/ancelotti-possui-mais-seguidores-nas-redes-sociais-do-que-todos-os-tecnicos-do-brasileirao\/","url":"https:\/\/transamerica93.com.br\/home\/ancelotti-possui-mais-seguidores-nas-redes-sociais-do-que-todos-os-tecnicos-do-brasileirao\/","name":"Ancelotti possui mais seguidores nas redes sociais do que todos os t\u00e9cnicos do Brasileir\u00e3o - Transam\u00e9rica Mococa 93,3","isPartOf":{"@id":"https:\/\/transamerica93.com.br\/home\/#website"},"primaryImageOfPage":{"@id":"https:\/\/transamerica93.com.br\/home\/ancelotti-possui-mais-seguidores-nas-redes-sociais-do-que-todos-os-tecnicos-do-brasileirao\/#primaryimage"},"image":{"@id":"https:\/\/transamerica93.com.br\/home\/ancelotti-possui-mais-seguidores-nas-redes-sociais-do-que-todos-os-tecnicos-do-brasileirao\/#primaryimage"},"thumbnailUrl":"https:\/\/transamerica93.com.br\/home\/wp-content\/uploads\/2025\/05\/1-68.jpg","datePublished":"2025-05-23T15:00:50+00:00","breadcrumb":{"@id":"https:\/\/transamerica93.com.br\/home\/ancelotti-possui-mais-seguidores-nas-redes-sociais-do-que-todos-os-tecnicos-do-brasileirao\/#breadcrumb"},"inLanguage":"pt-BR","potentialAction":[{"@type":"ReadAction","target":["https:\/\/transamerica93.com.br\/home\/ancelotti-possui-mais-seguidores-nas-redes-sociais-do-que-todos-os-tecnicos-do-brasileirao\/"]}]},{"@type":"ImageObject","inLanguage":"pt-BR","@id":"https:\/\/transamerica93.com.br\/home\/ancelotti-possui-mais-seguidores-nas-redes-sociais-do-que-todos-os-tecnicos-do-brasileirao\/#primaryimage","url":"https:\/\/transamerica93.com.br\/home\/wp-content\/uploads\/2025\/05\/1-68.jpg","contentUrl":"https:\/\/transamerica93.com.br\/home\/wp-content\/uploads\/2025\/05\/1-68.jpg","width":1728,"height":1080},{"@type":"BreadcrumbList","@id":"https:\/\/transamerica93.com.br\/home\/ancelotti-possui-mais-seguidores-nas-redes-sociais-do-que-todos-os-tecnicos-do-brasileirao\/#breadcrumb","itemListElement":[{"@type":"ListItem","position":1,"name":"In\u00edcio","item":"https:\/\/transamerica93.com.br\/home\/"},{"@type":"ListItem","position":2,"name":"Ancelotti possui mais seguidores nas redes sociais do que todos os t\u00e9cnicos do Brasileir\u00e3o"}]},{"@type":"WebSite","@id":"https:\/\/transamerica93.com.br\/home\/#website","url":"https:\/\/transamerica93.com.br\/home\/","name":"Transam\u00e9rica Mococa 93,3","description":"","publisher":{"@id":"https:\/\/transamerica93.com.br\/home\/#organization"},"potentialAction":[{"@type":"SearchAction","target":{"@type":"EntryPoint","urlTemplate":"https:\/\/transamerica93.com.br\/home\/?s={search_term_string}"},"query-input":{"@type":"PropertyValueSpecification","valueRequired":true,"valueName":"search_term_string"}}],"inLanguage":"pt-BR"},{"@type":"Organization","@id":"https:\/\/transamerica93.com.br\/home\/#organization","name":"Transam\u00e9rica Mococa 93,3","url":"https:\/\/transamerica93.com.br\/home\/","logo":{"@type":"ImageObject","inLanguage":"pt-BR","@id":"https:\/\/transamerica93.com.br\/home\/#\/schema\/logo\/image\/","url":"https:\/\/transamerica93.com.br\/home\/wp-content\/uploads\/2023\/10\/logo2.png","contentUrl":"https:\/\/transamerica93.com.br\/home\/wp-content\/uploads\/2023\/10\/logo2.png","width":800,"height":500,"caption":"Transam\u00e9rica Mococa 93,3"},"image":{"@id":"https:\/\/transamerica93.com.br\/home\/#\/schema\/logo\/image\/"},"sameAs":["https:\/\/www.facebook.com\/transamericamococa","https:\/\/x.com\/transamerica933","https:\/\/www.instagram.com\/transamericamococa"]},{"@type":"Person","@id":"https:\/\/transamerica93.com.br\/home\/#\/schema\/person\/7fed7c99c0d4562efa8561bc0f543172","name":"Reda\u00e7\u00e3o","image":{"@type":"ImageObject","inLanguage":"pt-BR","@id":"https:\/\/secure.gravatar.com\/avatar\/1072c6b775fb02ef8506ce967551d95926669a6b7d2c2147b42eea4d7c68395e?s=96&d=mm&r=g","url":"https:\/\/secure.gravatar.com\/avatar\/1072c6b775fb02ef8506ce967551d95926669a6b7d2c2147b42eea4d7c68395e?s=96&d=mm&r=g","contentUrl":"https:\/\/secure.gravatar.com\/avatar\/1072c6b775fb02ef8506ce967551d95926669a6b7d2c2147b42eea4d7c68395e?s=96&d=mm&r=g","caption":"Reda\u00e7\u00e3o"},"sameAs":["https:\/\/transamerica93.com.br\/home"],"url":"https:\/\/transamerica93.com.br\/home\/author\/william\/"}]}},"_links":{"self":[{"href":"https:\/\/transamerica93.com.br\/home\/wp-json\/wp\/v2\/posts\/5471","targetHints":{"allow":["GET"]}}],"collection":[{"href":"https:\/\/transamerica93.com.br\/home\/wp-json\/wp\/v2\/posts"}],"about":[{"href":"https:\/\/transamerica93.com.br\/home\/wp-json\/wp\/v2\/types\/post"}],"author":[{"embeddable":true,"href":"https:\/\/transamerica93.com.br\/home\/wp-json\/wp\/v2\/users\/1"}],"replies":[{"embeddable":true,"href":"https:\/\/transamerica93.com.br\/home\/wp-json\/wp\/v2\/comments?post=5471"}],"version-history":[{"count":1,"href":"https:\/\/transamerica93.com.br\/home\/wp-json\/wp\/v2\/posts\/5471\/revisions"}],"predecessor-version":[{"id":5473,"href":"https:\/\/transamerica93.com.br\/home\/wp-json\/wp\/v2\/posts\/5471\/revisions\/5473"}],"wp:featuredmedia":[{"embeddable":true,"href":"https:\/\/transamerica93.com.br\/home\/wp-json\/wp\/v2\/media\/5472"}],"wp:attachment":[{"href":"https:\/\/transamerica93.com.br\/home\/wp-json\/wp\/v2\/media?parent=5471"}],"wp:term":[{"taxonomy":"category","embeddable":true,"href":"https:\/\/transamerica93.com.br\/home\/wp-json\/wp\/v2\/categories?post=5471"},{"taxonomy":"post_tag","embeddable":true,"href":"https:\/\/transamerica93.com.br\/home\/wp-json\/wp\/v2\/tags?post=5471"}],"curies":[{"name":"wp","href":"https:\/\/api.w.org\/{rel}","templated":true}]}}