{"id":5482,"date":"2025-05-20T18:00:49","date_gmt":"2025-05-20T21:00:49","guid":{"rendered":"https:\/\/transamerica93.com.br\/home\/?p=5482"},"modified":"2025-05-13T22:57:56","modified_gmt":"2025-05-14T01:57:56","slug":"capitao-america-admiravel-mundo-novo-ganha-data-de-lancamento-no-streaming-saiba-quando","status":"publish","type":"post","link":"https:\/\/transamerica93.com.br\/home\/capitao-america-admiravel-mundo-novo-ganha-data-de-lancamento-no-streaming-saiba-quando\/","title":{"rendered":"&#8216;Capit\u00e3o Am\u00e9rica: Admir\u00e1vel Mundo Novo&#8217; ganha data de lan\u00e7amento no streaming; saiba quando"},"content":{"rendered":"<p>Por Gabriela Caputo<\/p>\n<p><i>Capit\u00e3o Am\u00e9rica: Admir\u00e1vel Mundo Novo<\/i>\u00a0tem data confirmada para estrear no streaming: o filme da Marvel poder\u00e1 ser assistido no Disney+ a partir de 28 de maio.<\/p>\n<p>Lan\u00e7ado nos cinemas em fevereiro, o longa apresentou oficialmente Anthony Mackie como o novo Capit\u00e3o Am\u00e9rica, ap\u00f3s oito anos de Chris Evans como personagem-t\u00edtulo. O ator Danny Ramirez, por sua vez, substitui o pr\u00f3prio Mackie como Falc\u00e3o.<\/p>\n<p>O veterano Harrison Ford tamb\u00e9m est\u00e1 no elenco do filme no papel de Thunderbolt Ross, general eleito presidente americano que se transforma no tem\u00edvel Hulk Vermelho. H\u00e1 um clima generalizado de thriller pol\u00edtico em toda a produ\u00e7\u00e3o.<\/p>\n","protected":false},"excerpt":{"rendered":"<p>Por Gabriela Caputo Capit\u00e3o Am\u00e9rica: Admir\u00e1vel Mundo Novo\u00a0tem data confirmada para estrear no streaming: o filme da Marvel poder\u00e1 ser assistido no Disney+ a partir de 28 de maio. Lan\u00e7ado nos cinemas em fevereiro, o longa apresentou oficialmente Anthony Mackie como o novo Capit\u00e3o Am\u00e9rica, ap\u00f3s oito anos de Chris Evans como personagem-t\u00edtulo. O ator &hellip;<\/p>\n","protected":false},"author":1,"featured_media":5483,"comment_status":"closed","ping_status":"closed","sticky":false,"template":"","format":"standard","meta":{"footnotes":""},"categories":[24],"tags":[],"class_list":["post-5482","post","type-post","status-publish","format-standard","has-post-thumbnail","hentry","category-entretenimento"],"yoast_head":"<!-- This site is optimized with the Yoast SEO plugin v27.4 - https:\/\/yoast.com\/product\/yoast-seo-wordpress\/ -->\n<title>&#039;Capit\u00e3o Am\u00e9rica: Admir\u00e1vel Mundo Novo&#039; ganha data de lan\u00e7amento no streaming; saiba quando - Transam\u00e9rica Mococa 93,3<\/title>\n<meta name=\"robots\" content=\"index, follow, max-snippet:-1, max-image-preview:large, max-video-preview:-1\" \/>\n<link rel=\"canonical\" href=\"https:\/\/transamerica93.com.br\/home\/capitao-america-admiravel-mundo-novo-ganha-data-de-lancamento-no-streaming-saiba-quando\/\" \/>\n<meta property=\"og:locale\" content=\"pt_BR\" \/>\n<meta property=\"og:type\" content=\"article\" \/>\n<meta property=\"og:title\" content=\"&#039;Capit\u00e3o Am\u00e9rica: Admir\u00e1vel Mundo Novo&#039; ganha data de lan\u00e7amento no streaming; saiba quando - Transam\u00e9rica Mococa 93,3\" \/>\n<meta property=\"og:description\" content=\"Por Gabriela Caputo Capit\u00e3o Am\u00e9rica: Admir\u00e1vel Mundo Novo\u00a0tem data confirmada para estrear no streaming: o filme da Marvel poder\u00e1 ser assistido no Disney+ a partir de 28 de maio. Lan\u00e7ado nos cinemas em fevereiro, o longa apresentou oficialmente Anthony Mackie como o novo Capit\u00e3o Am\u00e9rica, ap\u00f3s oito anos de Chris Evans como personagem-t\u00edtulo. O ator &hellip;\" \/>\n<meta property=\"og:url\" content=\"https:\/\/transamerica93.com.br\/home\/capitao-america-admiravel-mundo-novo-ganha-data-de-lancamento-no-streaming-saiba-quando\/\" \/>\n<meta property=\"og:site_name\" content=\"Transam\u00e9rica Mococa 93,3\" \/>\n<meta property=\"article:publisher\" content=\"https:\/\/www.facebook.com\/transamericamococa\" \/>\n<meta property=\"article:published_time\" content=\"2025-05-20T21:00:49+00:00\" \/>\n<meta property=\"og:image\" content=\"https:\/\/transamerica93.com.br\/home\/wp-content\/uploads\/2025\/05\/1-71.jpg\" \/>\n\t<meta property=\"og:image:width\" content=\"1200\" \/>\n\t<meta property=\"og:image:height\" content=\"667\" \/>\n\t<meta property=\"og:image:type\" content=\"image\/jpeg\" \/>\n<meta name=\"author\" content=\"Reda\u00e7\u00e3o\" \/>\n<meta name=\"twitter:card\" content=\"summary_large_image\" \/>\n<meta name=\"twitter:creator\" content=\"@transamerica933\" \/>\n<meta name=\"twitter:site\" content=\"@transamerica933\" \/>\n<meta name=\"twitter:label1\" content=\"Escrito por\" \/>\n\t<meta name=\"twitter:data1\" content=\"Reda\u00e7\u00e3o\" \/>\n\t<meta name=\"twitter:label2\" content=\"Est. tempo de leitura\" \/>\n\t<meta name=\"twitter:data2\" content=\"1 minuto\" \/>\n<script type=\"application\/ld+json\" class=\"yoast-schema-graph\">{\"@context\":\"https:\\\/\\\/schema.org\",\"@graph\":[{\"@type\":\"Article\",\"@id\":\"https:\\\/\\\/transamerica93.com.br\\\/home\\\/capitao-america-admiravel-mundo-novo-ganha-data-de-lancamento-no-streaming-saiba-quando\\\/#article\",\"isPartOf\":{\"@id\":\"https:\\\/\\\/transamerica93.com.br\\\/home\\\/capitao-america-admiravel-mundo-novo-ganha-data-de-lancamento-no-streaming-saiba-quando\\\/\"},\"author\":{\"name\":\"Reda\u00e7\u00e3o\",\"@id\":\"https:\\\/\\\/transamerica93.com.br\\\/home\\\/#\\\/schema\\\/person\\\/7fed7c99c0d4562efa8561bc0f543172\"},\"headline\":\"&#8216;Capit\u00e3o Am\u00e9rica: Admir\u00e1vel Mundo Novo&#8217; ganha data de lan\u00e7amento no streaming; saiba quando\",\"datePublished\":\"2025-05-20T21:00:49+00:00\",\"mainEntityOfPage\":{\"@id\":\"https:\\\/\\\/transamerica93.com.br\\\/home\\\/capitao-america-admiravel-mundo-novo-ganha-data-de-lancamento-no-streaming-saiba-quando\\\/\"},\"wordCount\":134,\"publisher\":{\"@id\":\"https:\\\/\\\/transamerica93.com.br\\\/home\\\/#organization\"},\"image\":{\"@id\":\"https:\\\/\\\/transamerica93.com.br\\\/home\\\/capitao-america-admiravel-mundo-novo-ganha-data-de-lancamento-no-streaming-saiba-quando\\\/#primaryimage\"},\"thumbnailUrl\":\"https:\\\/\\\/transamerica93.com.br\\\/home\\\/wp-content\\\/uploads\\\/2025\\\/05\\\/1-71.jpg\",\"articleSection\":[\"Entretenimento\"],\"inLanguage\":\"pt-BR\"},{\"@type\":\"WebPage\",\"@id\":\"https:\\\/\\\/transamerica93.com.br\\\/home\\\/capitao-america-admiravel-mundo-novo-ganha-data-de-lancamento-no-streaming-saiba-quando\\\/\",\"url\":\"https:\\\/\\\/transamerica93.com.br\\\/home\\\/capitao-america-admiravel-mundo-novo-ganha-data-de-lancamento-no-streaming-saiba-quando\\\/\",\"name\":\"'Capit\u00e3o Am\u00e9rica: Admir\u00e1vel Mundo Novo' ganha data de lan\u00e7amento no streaming; saiba quando - Transam\u00e9rica Mococa 93,3\",\"isPartOf\":{\"@id\":\"https:\\\/\\\/transamerica93.com.br\\\/home\\\/#website\"},\"primaryImageOfPage\":{\"@id\":\"https:\\\/\\\/transamerica93.com.br\\\/home\\\/capitao-america-admiravel-mundo-novo-ganha-data-de-lancamento-no-streaming-saiba-quando\\\/#primaryimage\"},\"image\":{\"@id\":\"https:\\\/\\\/transamerica93.com.br\\\/home\\\/capitao-america-admiravel-mundo-novo-ganha-data-de-lancamento-no-streaming-saiba-quando\\\/#primaryimage\"},\"thumbnailUrl\":\"https:\\\/\\\/transamerica93.com.br\\\/home\\\/wp-content\\\/uploads\\\/2025\\\/05\\\/1-71.jpg\",\"datePublished\":\"2025-05-20T21:00:49+00:00\",\"breadcrumb\":{\"@id\":\"https:\\\/\\\/transamerica93.com.br\\\/home\\\/capitao-america-admiravel-mundo-novo-ganha-data-de-lancamento-no-streaming-saiba-quando\\\/#breadcrumb\"},\"inLanguage\":\"pt-BR\",\"potentialAction\":[{\"@type\":\"ReadAction\",\"target\":[\"https:\\\/\\\/transamerica93.com.br\\\/home\\\/capitao-america-admiravel-mundo-novo-ganha-data-de-lancamento-no-streaming-saiba-quando\\\/\"]}]},{\"@type\":\"ImageObject\",\"inLanguage\":\"pt-BR\",\"@id\":\"https:\\\/\\\/transamerica93.com.br\\\/home\\\/capitao-america-admiravel-mundo-novo-ganha-data-de-lancamento-no-streaming-saiba-quando\\\/#primaryimage\",\"url\":\"https:\\\/\\\/transamerica93.com.br\\\/home\\\/wp-content\\\/uploads\\\/2025\\\/05\\\/1-71.jpg\",\"contentUrl\":\"https:\\\/\\\/transamerica93.com.br\\\/home\\\/wp-content\\\/uploads\\\/2025\\\/05\\\/1-71.jpg\",\"width\":1200,\"height\":667},{\"@type\":\"BreadcrumbList\",\"@id\":\"https:\\\/\\\/transamerica93.com.br\\\/home\\\/capitao-america-admiravel-mundo-novo-ganha-data-de-lancamento-no-streaming-saiba-quando\\\/#breadcrumb\",\"itemListElement\":[{\"@type\":\"ListItem\",\"position\":1,\"name\":\"In\u00edcio\",\"item\":\"https:\\\/\\\/transamerica93.com.br\\\/home\\\/\"},{\"@type\":\"ListItem\",\"position\":2,\"name\":\"&#8216;Capit\u00e3o Am\u00e9rica: Admir\u00e1vel Mundo Novo&#8217; ganha data de lan\u00e7amento no streaming; saiba quando\"}]},{\"@type\":\"WebSite\",\"@id\":\"https:\\\/\\\/transamerica93.com.br\\\/home\\\/#website\",\"url\":\"https:\\\/\\\/transamerica93.com.br\\\/home\\\/\",\"name\":\"Transam\u00e9rica Mococa 93,3\",\"description\":\"\",\"publisher\":{\"@id\":\"https:\\\/\\\/transamerica93.com.br\\\/home\\\/#organization\"},\"potentialAction\":[{\"@type\":\"SearchAction\",\"target\":{\"@type\":\"EntryPoint\",\"urlTemplate\":\"https:\\\/\\\/transamerica93.com.br\\\/home\\\/?s={search_term_string}\"},\"query-input\":{\"@type\":\"PropertyValueSpecification\",\"valueRequired\":true,\"valueName\":\"search_term_string\"}}],\"inLanguage\":\"pt-BR\"},{\"@type\":\"Organization\",\"@id\":\"https:\\\/\\\/transamerica93.com.br\\\/home\\\/#organization\",\"name\":\"Transam\u00e9rica Mococa 93,3\",\"url\":\"https:\\\/\\\/transamerica93.com.br\\\/home\\\/\",\"logo\":{\"@type\":\"ImageObject\",\"inLanguage\":\"pt-BR\",\"@id\":\"https:\\\/\\\/transamerica93.com.br\\\/home\\\/#\\\/schema\\\/logo\\\/image\\\/\",\"url\":\"https:\\\/\\\/transamerica93.com.br\\\/home\\\/wp-content\\\/uploads\\\/2023\\\/10\\\/logo2.png\",\"contentUrl\":\"https:\\\/\\\/transamerica93.com.br\\\/home\\\/wp-content\\\/uploads\\\/2023\\\/10\\\/logo2.png\",\"width\":800,\"height\":500,\"caption\":\"Transam\u00e9rica Mococa 93,3\"},\"image\":{\"@id\":\"https:\\\/\\\/transamerica93.com.br\\\/home\\\/#\\\/schema\\\/logo\\\/image\\\/\"},\"sameAs\":[\"https:\\\/\\\/www.facebook.com\\\/transamericamococa\",\"https:\\\/\\\/x.com\\\/transamerica933\",\"https:\\\/\\\/www.instagram.com\\\/transamericamococa\"]},{\"@type\":\"Person\",\"@id\":\"https:\\\/\\\/transamerica93.com.br\\\/home\\\/#\\\/schema\\\/person\\\/7fed7c99c0d4562efa8561bc0f543172\",\"name\":\"Reda\u00e7\u00e3o\",\"image\":{\"@type\":\"ImageObject\",\"inLanguage\":\"pt-BR\",\"@id\":\"https:\\\/\\\/secure.gravatar.com\\\/avatar\\\/1072c6b775fb02ef8506ce967551d95926669a6b7d2c2147b42eea4d7c68395e?s=96&d=mm&r=g\",\"url\":\"https:\\\/\\\/secure.gravatar.com\\\/avatar\\\/1072c6b775fb02ef8506ce967551d95926669a6b7d2c2147b42eea4d7c68395e?s=96&d=mm&r=g\",\"contentUrl\":\"https:\\\/\\\/secure.gravatar.com\\\/avatar\\\/1072c6b775fb02ef8506ce967551d95926669a6b7d2c2147b42eea4d7c68395e?s=96&d=mm&r=g\",\"caption\":\"Reda\u00e7\u00e3o\"},\"sameAs\":[\"https:\\\/\\\/transamerica93.com.br\\\/home\"],\"url\":\"https:\\\/\\\/transamerica93.com.br\\\/home\\\/author\\\/william\\\/\"}]}<\/script>\n<!-- \/ Yoast SEO plugin. -->","yoast_head_json":{"title":"'Capit\u00e3o Am\u00e9rica: Admir\u00e1vel Mundo Novo' ganha data de lan\u00e7amento no streaming; saiba quando - Transam\u00e9rica Mococa 93,3","robots":{"index":"index","follow":"follow","max-snippet":"max-snippet:-1","max-image-preview":"max-image-preview:large","max-video-preview":"max-video-preview:-1"},"canonical":"https:\/\/transamerica93.com.br\/home\/capitao-america-admiravel-mundo-novo-ganha-data-de-lancamento-no-streaming-saiba-quando\/","og_locale":"pt_BR","og_type":"article","og_title":"'Capit\u00e3o Am\u00e9rica: Admir\u00e1vel Mundo Novo' ganha data de lan\u00e7amento no streaming; saiba quando - Transam\u00e9rica Mococa 93,3","og_description":"Por Gabriela Caputo Capit\u00e3o Am\u00e9rica: Admir\u00e1vel Mundo Novo\u00a0tem data confirmada para estrear no streaming: o filme da Marvel poder\u00e1 ser assistido no Disney+ a partir de 28 de maio. Lan\u00e7ado nos cinemas em fevereiro, o longa apresentou oficialmente Anthony Mackie como o novo Capit\u00e3o Am\u00e9rica, ap\u00f3s oito anos de Chris Evans como personagem-t\u00edtulo. O ator &hellip;","og_url":"https:\/\/transamerica93.com.br\/home\/capitao-america-admiravel-mundo-novo-ganha-data-de-lancamento-no-streaming-saiba-quando\/","og_site_name":"Transam\u00e9rica Mococa 93,3","article_publisher":"https:\/\/www.facebook.com\/transamericamococa","article_published_time":"2025-05-20T21:00:49+00:00","og_image":[{"width":1200,"height":667,"url":"https:\/\/transamerica93.com.br\/home\/wp-content\/uploads\/2025\/05\/1-71.jpg","type":"image\/jpeg"}],"author":"Reda\u00e7\u00e3o","twitter_card":"summary_large_image","twitter_creator":"@transamerica933","twitter_site":"@transamerica933","twitter_misc":{"Escrito por":"Reda\u00e7\u00e3o","Est. tempo de leitura":"1 minuto"},"schema":{"@context":"https:\/\/schema.org","@graph":[{"@type":"Article","@id":"https:\/\/transamerica93.com.br\/home\/capitao-america-admiravel-mundo-novo-ganha-data-de-lancamento-no-streaming-saiba-quando\/#article","isPartOf":{"@id":"https:\/\/transamerica93.com.br\/home\/capitao-america-admiravel-mundo-novo-ganha-data-de-lancamento-no-streaming-saiba-quando\/"},"author":{"name":"Reda\u00e7\u00e3o","@id":"https:\/\/transamerica93.com.br\/home\/#\/schema\/person\/7fed7c99c0d4562efa8561bc0f543172"},"headline":"&#8216;Capit\u00e3o Am\u00e9rica: Admir\u00e1vel Mundo Novo&#8217; ganha data de lan\u00e7amento no streaming; saiba quando","datePublished":"2025-05-20T21:00:49+00:00","mainEntityOfPage":{"@id":"https:\/\/transamerica93.com.br\/home\/capitao-america-admiravel-mundo-novo-ganha-data-de-lancamento-no-streaming-saiba-quando\/"},"wordCount":134,"publisher":{"@id":"https:\/\/transamerica93.com.br\/home\/#organization"},"image":{"@id":"https:\/\/transamerica93.com.br\/home\/capitao-america-admiravel-mundo-novo-ganha-data-de-lancamento-no-streaming-saiba-quando\/#primaryimage"},"thumbnailUrl":"https:\/\/transamerica93.com.br\/home\/wp-content\/uploads\/2025\/05\/1-71.jpg","articleSection":["Entretenimento"],"inLanguage":"pt-BR"},{"@type":"WebPage","@id":"https:\/\/transamerica93.com.br\/home\/capitao-america-admiravel-mundo-novo-ganha-data-de-lancamento-no-streaming-saiba-quando\/","url":"https:\/\/transamerica93.com.br\/home\/capitao-america-admiravel-mundo-novo-ganha-data-de-lancamento-no-streaming-saiba-quando\/","name":"'Capit\u00e3o Am\u00e9rica: Admir\u00e1vel Mundo Novo' ganha data de lan\u00e7amento no streaming; saiba quando - Transam\u00e9rica Mococa 93,3","isPartOf":{"@id":"https:\/\/transamerica93.com.br\/home\/#website"},"primaryImageOfPage":{"@id":"https:\/\/transamerica93.com.br\/home\/capitao-america-admiravel-mundo-novo-ganha-data-de-lancamento-no-streaming-saiba-quando\/#primaryimage"},"image":{"@id":"https:\/\/transamerica93.com.br\/home\/capitao-america-admiravel-mundo-novo-ganha-data-de-lancamento-no-streaming-saiba-quando\/#primaryimage"},"thumbnailUrl":"https:\/\/transamerica93.com.br\/home\/wp-content\/uploads\/2025\/05\/1-71.jpg","datePublished":"2025-05-20T21:00:49+00:00","breadcrumb":{"@id":"https:\/\/transamerica93.com.br\/home\/capitao-america-admiravel-mundo-novo-ganha-data-de-lancamento-no-streaming-saiba-quando\/#breadcrumb"},"inLanguage":"pt-BR","potentialAction":[{"@type":"ReadAction","target":["https:\/\/transamerica93.com.br\/home\/capitao-america-admiravel-mundo-novo-ganha-data-de-lancamento-no-streaming-saiba-quando\/"]}]},{"@type":"ImageObject","inLanguage":"pt-BR","@id":"https:\/\/transamerica93.com.br\/home\/capitao-america-admiravel-mundo-novo-ganha-data-de-lancamento-no-streaming-saiba-quando\/#primaryimage","url":"https:\/\/transamerica93.com.br\/home\/wp-content\/uploads\/2025\/05\/1-71.jpg","contentUrl":"https:\/\/transamerica93.com.br\/home\/wp-content\/uploads\/2025\/05\/1-71.jpg","width":1200,"height":667},{"@type":"BreadcrumbList","@id":"https:\/\/transamerica93.com.br\/home\/capitao-america-admiravel-mundo-novo-ganha-data-de-lancamento-no-streaming-saiba-quando\/#breadcrumb","itemListElement":[{"@type":"ListItem","position":1,"name":"In\u00edcio","item":"https:\/\/transamerica93.com.br\/home\/"},{"@type":"ListItem","position":2,"name":"&#8216;Capit\u00e3o Am\u00e9rica: Admir\u00e1vel Mundo Novo&#8217; ganha data de lan\u00e7amento no streaming; saiba quando"}]},{"@type":"WebSite","@id":"https:\/\/transamerica93.com.br\/home\/#website","url":"https:\/\/transamerica93.com.br\/home\/","name":"Transam\u00e9rica Mococa 93,3","description":"","publisher":{"@id":"https:\/\/transamerica93.com.br\/home\/#organization"},"potentialAction":[{"@type":"SearchAction","target":{"@type":"EntryPoint","urlTemplate":"https:\/\/transamerica93.com.br\/home\/?s={search_term_string}"},"query-input":{"@type":"PropertyValueSpecification","valueRequired":true,"valueName":"search_term_string"}}],"inLanguage":"pt-BR"},{"@type":"Organization","@id":"https:\/\/transamerica93.com.br\/home\/#organization","name":"Transam\u00e9rica Mococa 93,3","url":"https:\/\/transamerica93.com.br\/home\/","logo":{"@type":"ImageObject","inLanguage":"pt-BR","@id":"https:\/\/transamerica93.com.br\/home\/#\/schema\/logo\/image\/","url":"https:\/\/transamerica93.com.br\/home\/wp-content\/uploads\/2023\/10\/logo2.png","contentUrl":"https:\/\/transamerica93.com.br\/home\/wp-content\/uploads\/2023\/10\/logo2.png","width":800,"height":500,"caption":"Transam\u00e9rica Mococa 93,3"},"image":{"@id":"https:\/\/transamerica93.com.br\/home\/#\/schema\/logo\/image\/"},"sameAs":["https:\/\/www.facebook.com\/transamericamococa","https:\/\/x.com\/transamerica933","https:\/\/www.instagram.com\/transamericamococa"]},{"@type":"Person","@id":"https:\/\/transamerica93.com.br\/home\/#\/schema\/person\/7fed7c99c0d4562efa8561bc0f543172","name":"Reda\u00e7\u00e3o","image":{"@type":"ImageObject","inLanguage":"pt-BR","@id":"https:\/\/secure.gravatar.com\/avatar\/1072c6b775fb02ef8506ce967551d95926669a6b7d2c2147b42eea4d7c68395e?s=96&d=mm&r=g","url":"https:\/\/secure.gravatar.com\/avatar\/1072c6b775fb02ef8506ce967551d95926669a6b7d2c2147b42eea4d7c68395e?s=96&d=mm&r=g","contentUrl":"https:\/\/secure.gravatar.com\/avatar\/1072c6b775fb02ef8506ce967551d95926669a6b7d2c2147b42eea4d7c68395e?s=96&d=mm&r=g","caption":"Reda\u00e7\u00e3o"},"sameAs":["https:\/\/transamerica93.com.br\/home"],"url":"https:\/\/transamerica93.com.br\/home\/author\/william\/"}]}},"_links":{"self":[{"href":"https:\/\/transamerica93.com.br\/home\/wp-json\/wp\/v2\/posts\/5482","targetHints":{"allow":["GET"]}}],"collection":[{"href":"https:\/\/transamerica93.com.br\/home\/wp-json\/wp\/v2\/posts"}],"about":[{"href":"https:\/\/transamerica93.com.br\/home\/wp-json\/wp\/v2\/types\/post"}],"author":[{"embeddable":true,"href":"https:\/\/transamerica93.com.br\/home\/wp-json\/wp\/v2\/users\/1"}],"replies":[{"embeddable":true,"href":"https:\/\/transamerica93.com.br\/home\/wp-json\/wp\/v2\/comments?post=5482"}],"version-history":[{"count":1,"href":"https:\/\/transamerica93.com.br\/home\/wp-json\/wp\/v2\/posts\/5482\/revisions"}],"predecessor-version":[{"id":5484,"href":"https:\/\/transamerica93.com.br\/home\/wp-json\/wp\/v2\/posts\/5482\/revisions\/5484"}],"wp:featuredmedia":[{"embeddable":true,"href":"https:\/\/transamerica93.com.br\/home\/wp-json\/wp\/v2\/media\/5483"}],"wp:attachment":[{"href":"https:\/\/transamerica93.com.br\/home\/wp-json\/wp\/v2\/media?parent=5482"}],"wp:term":[{"taxonomy":"category","embeddable":true,"href":"https:\/\/transamerica93.com.br\/home\/wp-json\/wp\/v2\/categories?post=5482"},{"taxonomy":"post_tag","embeddable":true,"href":"https:\/\/transamerica93.com.br\/home\/wp-json\/wp\/v2\/tags?post=5482"}],"curies":[{"name":"wp","href":"https:\/\/api.w.org\/{rel}","templated":true}]}}