{"id":5494,"date":"2025-05-23T15:00:53","date_gmt":"2025-05-23T18:00:53","guid":{"rendered":"https:\/\/transamerica93.com.br\/home\/?p=5494"},"modified":"2025-05-13T23:05:57","modified_gmt":"2025-05-14T02:05:57","slug":"ainda-internado-marrone-teve-5-costelas-trincadas-e-passou-por-cirurgia-apos-queda-de-palco","status":"publish","type":"post","link":"https:\/\/transamerica93.com.br\/home\/ainda-internado-marrone-teve-5-costelas-trincadas-e-passou-por-cirurgia-apos-queda-de-palco\/","title":{"rendered":"Ainda internado, Marrone teve 5 costelas trincadas e passou por cirurgia ap\u00f3s queda de palco"},"content":{"rendered":"<p>Por Sabrina Legramandi<\/p>\n<p>O sertanejo Marrone precisou passar por uma cirurgia depois de sofrer um acidente durante um show em Goi\u00e2nia. A informa\u00e7\u00e3o foi confirmada pela assessoria de imprensa do cantor ao <b>Estad\u00e3o<\/b>\u00a0nesta segunda, 12.<\/p>\n<p>O artista segue internado no Hospital Albert Einstein da capital goiana, sem previs\u00e3o de alta. Ele sofreu um corte pr\u00f3ximo ao superc\u00edlio, uma fratura em um dos dedos da m\u00e3o esquerda e teve cinco costelas trincadas. O procedimento cir\u00fargico foi realizado na m\u00e3o do sertanejo.<\/p>\n<p>A dupla Bruno &amp; Marrone faria uma apresenta\u00e7\u00e3o nesta segunda em Itaquira\u00ed, munic\u00edpio do Mato Grosso do Sul. O show ser\u00e1 realizado apenas por Bruno.<\/p>\n<p>No s\u00e1bado, Marrone fazia uma apresenta\u00e7\u00e3o ao lado da dupla, quando pisou em falso e caiu do palco. Ele chegou a bater a cabe\u00e7a.<\/p>\n<p>&#8220;Em decorr\u00eancia do acidente sofrido no \u00faltimo s\u00e1bado (10), Marrone segue internado, em observa\u00e7\u00e3o. Al\u00e9m do corte pr\u00f3ximo ao superc\u00edlio, houve uma fratura no dedo da m\u00e3o esquerda, que precisou de uma pequena cirurgia. Exames mais minuciosos apontaram cinco costelas trincadas. Marrone segue internado, ainda sem previs\u00e3o de alta e passa bem.<\/p>\n<p>A apresenta\u00e7\u00e3o da dupla marcada para esta segunda-feira (12), na cidade de Itaquira\u00ed\/MS, no Pavilh\u00e3o de Eventos de Itaquira\u00ed, ser\u00e1 realizada somente por Bruno.<\/p>\n<p>A queda no palco ocorreu ao final do show de Bruno &amp; Marrone em Goi\u00e2nia, no \u00faltimo s\u00e1bado. Ao se despedir do p\u00fablico, Marrone se desequilibrou ao pisar em falso e acabou sofrendo o acidente.<\/p>\n<p>Ele foi prontamente atendido pelos param\u00e9dicos e conduzido ao Hospital Albert Einstein, em Goi\u00e2nia.<\/p>\n<p>Agradecemos o carinho com Marrone.&#8221;<\/p>\n","protected":false},"excerpt":{"rendered":"<p>Por Sabrina Legramandi O sertanejo Marrone precisou passar por uma cirurgia depois de sofrer um acidente durante um show em Goi\u00e2nia. A informa\u00e7\u00e3o foi confirmada pela assessoria de imprensa do cantor ao Estad\u00e3o\u00a0nesta segunda, 12. O artista segue internado no Hospital Albert Einstein da capital goiana, sem previs\u00e3o de alta. Ele sofreu um corte pr\u00f3ximo &hellip;<\/p>\n","protected":false},"author":1,"featured_media":5495,"comment_status":"closed","ping_status":"closed","sticky":false,"template":"","format":"standard","meta":{"footnotes":""},"categories":[25],"tags":[],"class_list":["post-5494","post","type-post","status-publish","format-standard","has-post-thumbnail","hentry","category-musica"],"yoast_head":"<!-- This site is optimized with the Yoast SEO plugin v27.4 - https:\/\/yoast.com\/product\/yoast-seo-wordpress\/ -->\n<title>Ainda internado, Marrone teve 5 costelas trincadas e passou por cirurgia ap\u00f3s queda de palco - Transam\u00e9rica Mococa 93,3<\/title>\n<meta name=\"robots\" content=\"index, follow, max-snippet:-1, max-image-preview:large, max-video-preview:-1\" \/>\n<link rel=\"canonical\" href=\"https:\/\/transamerica93.com.br\/home\/ainda-internado-marrone-teve-5-costelas-trincadas-e-passou-por-cirurgia-apos-queda-de-palco\/\" \/>\n<meta property=\"og:locale\" content=\"pt_BR\" \/>\n<meta property=\"og:type\" content=\"article\" \/>\n<meta property=\"og:title\" content=\"Ainda internado, Marrone teve 5 costelas trincadas e passou por cirurgia ap\u00f3s queda de palco - Transam\u00e9rica Mococa 93,3\" \/>\n<meta property=\"og:description\" content=\"Por Sabrina Legramandi O sertanejo Marrone precisou passar por uma cirurgia depois de sofrer um acidente durante um show em Goi\u00e2nia. A informa\u00e7\u00e3o foi confirmada pela assessoria de imprensa do cantor ao Estad\u00e3o\u00a0nesta segunda, 12. O artista segue internado no Hospital Albert Einstein da capital goiana, sem previs\u00e3o de alta. Ele sofreu um corte pr\u00f3ximo &hellip;\" \/>\n<meta property=\"og:url\" content=\"https:\/\/transamerica93.com.br\/home\/ainda-internado-marrone-teve-5-costelas-trincadas-e-passou-por-cirurgia-apos-queda-de-palco\/\" \/>\n<meta property=\"og:site_name\" content=\"Transam\u00e9rica Mococa 93,3\" \/>\n<meta property=\"article:publisher\" content=\"https:\/\/www.facebook.com\/transamericamococa\" \/>\n<meta property=\"article:published_time\" content=\"2025-05-23T18:00:53+00:00\" \/>\n<meta property=\"og:image\" content=\"https:\/\/transamerica93.com.br\/home\/wp-content\/uploads\/2025\/05\/1-75.jpg\" \/>\n\t<meta property=\"og:image:width\" content=\"979\" \/>\n\t<meta property=\"og:image:height\" content=\"615\" \/>\n\t<meta property=\"og:image:type\" content=\"image\/jpeg\" \/>\n<meta name=\"author\" content=\"Reda\u00e7\u00e3o\" \/>\n<meta name=\"twitter:card\" content=\"summary_large_image\" \/>\n<meta name=\"twitter:creator\" content=\"@transamerica933\" \/>\n<meta name=\"twitter:site\" content=\"@transamerica933\" \/>\n<meta name=\"twitter:label1\" content=\"Escrito por\" \/>\n\t<meta name=\"twitter:data1\" content=\"Reda\u00e7\u00e3o\" \/>\n\t<meta name=\"twitter:label2\" content=\"Est. tempo de leitura\" \/>\n\t<meta name=\"twitter:data2\" content=\"2 minutos\" \/>\n<script type=\"application\/ld+json\" class=\"yoast-schema-graph\">{\"@context\":\"https:\\\/\\\/schema.org\",\"@graph\":[{\"@type\":\"Article\",\"@id\":\"https:\\\/\\\/transamerica93.com.br\\\/home\\\/ainda-internado-marrone-teve-5-costelas-trincadas-e-passou-por-cirurgia-apos-queda-de-palco\\\/#article\",\"isPartOf\":{\"@id\":\"https:\\\/\\\/transamerica93.com.br\\\/home\\\/ainda-internado-marrone-teve-5-costelas-trincadas-e-passou-por-cirurgia-apos-queda-de-palco\\\/\"},\"author\":{\"name\":\"Reda\u00e7\u00e3o\",\"@id\":\"https:\\\/\\\/transamerica93.com.br\\\/home\\\/#\\\/schema\\\/person\\\/7fed7c99c0d4562efa8561bc0f543172\"},\"headline\":\"Ainda internado, Marrone teve 5 costelas trincadas e passou por cirurgia ap\u00f3s queda de palco\",\"datePublished\":\"2025-05-23T18:00:53+00:00\",\"mainEntityOfPage\":{\"@id\":\"https:\\\/\\\/transamerica93.com.br\\\/home\\\/ainda-internado-marrone-teve-5-costelas-trincadas-e-passou-por-cirurgia-apos-queda-de-palco\\\/\"},\"wordCount\":302,\"publisher\":{\"@id\":\"https:\\\/\\\/transamerica93.com.br\\\/home\\\/#organization\"},\"image\":{\"@id\":\"https:\\\/\\\/transamerica93.com.br\\\/home\\\/ainda-internado-marrone-teve-5-costelas-trincadas-e-passou-por-cirurgia-apos-queda-de-palco\\\/#primaryimage\"},\"thumbnailUrl\":\"https:\\\/\\\/transamerica93.com.br\\\/home\\\/wp-content\\\/uploads\\\/2025\\\/05\\\/1-75.jpg\",\"articleSection\":[\"M\u00fasica\"],\"inLanguage\":\"pt-BR\"},{\"@type\":\"WebPage\",\"@id\":\"https:\\\/\\\/transamerica93.com.br\\\/home\\\/ainda-internado-marrone-teve-5-costelas-trincadas-e-passou-por-cirurgia-apos-queda-de-palco\\\/\",\"url\":\"https:\\\/\\\/transamerica93.com.br\\\/home\\\/ainda-internado-marrone-teve-5-costelas-trincadas-e-passou-por-cirurgia-apos-queda-de-palco\\\/\",\"name\":\"Ainda internado, Marrone teve 5 costelas trincadas e passou por cirurgia ap\u00f3s queda de palco - Transam\u00e9rica Mococa 93,3\",\"isPartOf\":{\"@id\":\"https:\\\/\\\/transamerica93.com.br\\\/home\\\/#website\"},\"primaryImageOfPage\":{\"@id\":\"https:\\\/\\\/transamerica93.com.br\\\/home\\\/ainda-internado-marrone-teve-5-costelas-trincadas-e-passou-por-cirurgia-apos-queda-de-palco\\\/#primaryimage\"},\"image\":{\"@id\":\"https:\\\/\\\/transamerica93.com.br\\\/home\\\/ainda-internado-marrone-teve-5-costelas-trincadas-e-passou-por-cirurgia-apos-queda-de-palco\\\/#primaryimage\"},\"thumbnailUrl\":\"https:\\\/\\\/transamerica93.com.br\\\/home\\\/wp-content\\\/uploads\\\/2025\\\/05\\\/1-75.jpg\",\"datePublished\":\"2025-05-23T18:00:53+00:00\",\"breadcrumb\":{\"@id\":\"https:\\\/\\\/transamerica93.com.br\\\/home\\\/ainda-internado-marrone-teve-5-costelas-trincadas-e-passou-por-cirurgia-apos-queda-de-palco\\\/#breadcrumb\"},\"inLanguage\":\"pt-BR\",\"potentialAction\":[{\"@type\":\"ReadAction\",\"target\":[\"https:\\\/\\\/transamerica93.com.br\\\/home\\\/ainda-internado-marrone-teve-5-costelas-trincadas-e-passou-por-cirurgia-apos-queda-de-palco\\\/\"]}]},{\"@type\":\"ImageObject\",\"inLanguage\":\"pt-BR\",\"@id\":\"https:\\\/\\\/transamerica93.com.br\\\/home\\\/ainda-internado-marrone-teve-5-costelas-trincadas-e-passou-por-cirurgia-apos-queda-de-palco\\\/#primaryimage\",\"url\":\"https:\\\/\\\/transamerica93.com.br\\\/home\\\/wp-content\\\/uploads\\\/2025\\\/05\\\/1-75.jpg\",\"contentUrl\":\"https:\\\/\\\/transamerica93.com.br\\\/home\\\/wp-content\\\/uploads\\\/2025\\\/05\\\/1-75.jpg\",\"width\":979,\"height\":615},{\"@type\":\"BreadcrumbList\",\"@id\":\"https:\\\/\\\/transamerica93.com.br\\\/home\\\/ainda-internado-marrone-teve-5-costelas-trincadas-e-passou-por-cirurgia-apos-queda-de-palco\\\/#breadcrumb\",\"itemListElement\":[{\"@type\":\"ListItem\",\"position\":1,\"name\":\"In\u00edcio\",\"item\":\"https:\\\/\\\/transamerica93.com.br\\\/home\\\/\"},{\"@type\":\"ListItem\",\"position\":2,\"name\":\"Ainda internado, Marrone teve 5 costelas trincadas e passou por cirurgia ap\u00f3s queda de palco\"}]},{\"@type\":\"WebSite\",\"@id\":\"https:\\\/\\\/transamerica93.com.br\\\/home\\\/#website\",\"url\":\"https:\\\/\\\/transamerica93.com.br\\\/home\\\/\",\"name\":\"Transam\u00e9rica Mococa 93,3\",\"description\":\"\",\"publisher\":{\"@id\":\"https:\\\/\\\/transamerica93.com.br\\\/home\\\/#organization\"},\"potentialAction\":[{\"@type\":\"SearchAction\",\"target\":{\"@type\":\"EntryPoint\",\"urlTemplate\":\"https:\\\/\\\/transamerica93.com.br\\\/home\\\/?s={search_term_string}\"},\"query-input\":{\"@type\":\"PropertyValueSpecification\",\"valueRequired\":true,\"valueName\":\"search_term_string\"}}],\"inLanguage\":\"pt-BR\"},{\"@type\":\"Organization\",\"@id\":\"https:\\\/\\\/transamerica93.com.br\\\/home\\\/#organization\",\"name\":\"Transam\u00e9rica Mococa 93,3\",\"url\":\"https:\\\/\\\/transamerica93.com.br\\\/home\\\/\",\"logo\":{\"@type\":\"ImageObject\",\"inLanguage\":\"pt-BR\",\"@id\":\"https:\\\/\\\/transamerica93.com.br\\\/home\\\/#\\\/schema\\\/logo\\\/image\\\/\",\"url\":\"https:\\\/\\\/transamerica93.com.br\\\/home\\\/wp-content\\\/uploads\\\/2023\\\/10\\\/logo2.png\",\"contentUrl\":\"https:\\\/\\\/transamerica93.com.br\\\/home\\\/wp-content\\\/uploads\\\/2023\\\/10\\\/logo2.png\",\"width\":800,\"height\":500,\"caption\":\"Transam\u00e9rica Mococa 93,3\"},\"image\":{\"@id\":\"https:\\\/\\\/transamerica93.com.br\\\/home\\\/#\\\/schema\\\/logo\\\/image\\\/\"},\"sameAs\":[\"https:\\\/\\\/www.facebook.com\\\/transamericamococa\",\"https:\\\/\\\/x.com\\\/transamerica933\",\"https:\\\/\\\/www.instagram.com\\\/transamericamococa\"]},{\"@type\":\"Person\",\"@id\":\"https:\\\/\\\/transamerica93.com.br\\\/home\\\/#\\\/schema\\\/person\\\/7fed7c99c0d4562efa8561bc0f543172\",\"name\":\"Reda\u00e7\u00e3o\",\"image\":{\"@type\":\"ImageObject\",\"inLanguage\":\"pt-BR\",\"@id\":\"https:\\\/\\\/secure.gravatar.com\\\/avatar\\\/1072c6b775fb02ef8506ce967551d95926669a6b7d2c2147b42eea4d7c68395e?s=96&d=mm&r=g\",\"url\":\"https:\\\/\\\/secure.gravatar.com\\\/avatar\\\/1072c6b775fb02ef8506ce967551d95926669a6b7d2c2147b42eea4d7c68395e?s=96&d=mm&r=g\",\"contentUrl\":\"https:\\\/\\\/secure.gravatar.com\\\/avatar\\\/1072c6b775fb02ef8506ce967551d95926669a6b7d2c2147b42eea4d7c68395e?s=96&d=mm&r=g\",\"caption\":\"Reda\u00e7\u00e3o\"},\"sameAs\":[\"https:\\\/\\\/transamerica93.com.br\\\/home\"],\"url\":\"https:\\\/\\\/transamerica93.com.br\\\/home\\\/author\\\/william\\\/\"}]}<\/script>\n<!-- \/ Yoast SEO plugin. -->","yoast_head_json":{"title":"Ainda internado, Marrone teve 5 costelas trincadas e passou por cirurgia ap\u00f3s queda de palco - Transam\u00e9rica Mococa 93,3","robots":{"index":"index","follow":"follow","max-snippet":"max-snippet:-1","max-image-preview":"max-image-preview:large","max-video-preview":"max-video-preview:-1"},"canonical":"https:\/\/transamerica93.com.br\/home\/ainda-internado-marrone-teve-5-costelas-trincadas-e-passou-por-cirurgia-apos-queda-de-palco\/","og_locale":"pt_BR","og_type":"article","og_title":"Ainda internado, Marrone teve 5 costelas trincadas e passou por cirurgia ap\u00f3s queda de palco - Transam\u00e9rica Mococa 93,3","og_description":"Por Sabrina Legramandi O sertanejo Marrone precisou passar por uma cirurgia depois de sofrer um acidente durante um show em Goi\u00e2nia. A informa\u00e7\u00e3o foi confirmada pela assessoria de imprensa do cantor ao Estad\u00e3o\u00a0nesta segunda, 12. O artista segue internado no Hospital Albert Einstein da capital goiana, sem previs\u00e3o de alta. Ele sofreu um corte pr\u00f3ximo &hellip;","og_url":"https:\/\/transamerica93.com.br\/home\/ainda-internado-marrone-teve-5-costelas-trincadas-e-passou-por-cirurgia-apos-queda-de-palco\/","og_site_name":"Transam\u00e9rica Mococa 93,3","article_publisher":"https:\/\/www.facebook.com\/transamericamococa","article_published_time":"2025-05-23T18:00:53+00:00","og_image":[{"width":979,"height":615,"url":"https:\/\/transamerica93.com.br\/home\/wp-content\/uploads\/2025\/05\/1-75.jpg","type":"image\/jpeg"}],"author":"Reda\u00e7\u00e3o","twitter_card":"summary_large_image","twitter_creator":"@transamerica933","twitter_site":"@transamerica933","twitter_misc":{"Escrito por":"Reda\u00e7\u00e3o","Est. tempo de leitura":"2 minutos"},"schema":{"@context":"https:\/\/schema.org","@graph":[{"@type":"Article","@id":"https:\/\/transamerica93.com.br\/home\/ainda-internado-marrone-teve-5-costelas-trincadas-e-passou-por-cirurgia-apos-queda-de-palco\/#article","isPartOf":{"@id":"https:\/\/transamerica93.com.br\/home\/ainda-internado-marrone-teve-5-costelas-trincadas-e-passou-por-cirurgia-apos-queda-de-palco\/"},"author":{"name":"Reda\u00e7\u00e3o","@id":"https:\/\/transamerica93.com.br\/home\/#\/schema\/person\/7fed7c99c0d4562efa8561bc0f543172"},"headline":"Ainda internado, Marrone teve 5 costelas trincadas e passou por cirurgia ap\u00f3s queda de palco","datePublished":"2025-05-23T18:00:53+00:00","mainEntityOfPage":{"@id":"https:\/\/transamerica93.com.br\/home\/ainda-internado-marrone-teve-5-costelas-trincadas-e-passou-por-cirurgia-apos-queda-de-palco\/"},"wordCount":302,"publisher":{"@id":"https:\/\/transamerica93.com.br\/home\/#organization"},"image":{"@id":"https:\/\/transamerica93.com.br\/home\/ainda-internado-marrone-teve-5-costelas-trincadas-e-passou-por-cirurgia-apos-queda-de-palco\/#primaryimage"},"thumbnailUrl":"https:\/\/transamerica93.com.br\/home\/wp-content\/uploads\/2025\/05\/1-75.jpg","articleSection":["M\u00fasica"],"inLanguage":"pt-BR"},{"@type":"WebPage","@id":"https:\/\/transamerica93.com.br\/home\/ainda-internado-marrone-teve-5-costelas-trincadas-e-passou-por-cirurgia-apos-queda-de-palco\/","url":"https:\/\/transamerica93.com.br\/home\/ainda-internado-marrone-teve-5-costelas-trincadas-e-passou-por-cirurgia-apos-queda-de-palco\/","name":"Ainda internado, Marrone teve 5 costelas trincadas e passou por cirurgia ap\u00f3s queda de palco - Transam\u00e9rica Mococa 93,3","isPartOf":{"@id":"https:\/\/transamerica93.com.br\/home\/#website"},"primaryImageOfPage":{"@id":"https:\/\/transamerica93.com.br\/home\/ainda-internado-marrone-teve-5-costelas-trincadas-e-passou-por-cirurgia-apos-queda-de-palco\/#primaryimage"},"image":{"@id":"https:\/\/transamerica93.com.br\/home\/ainda-internado-marrone-teve-5-costelas-trincadas-e-passou-por-cirurgia-apos-queda-de-palco\/#primaryimage"},"thumbnailUrl":"https:\/\/transamerica93.com.br\/home\/wp-content\/uploads\/2025\/05\/1-75.jpg","datePublished":"2025-05-23T18:00:53+00:00","breadcrumb":{"@id":"https:\/\/transamerica93.com.br\/home\/ainda-internado-marrone-teve-5-costelas-trincadas-e-passou-por-cirurgia-apos-queda-de-palco\/#breadcrumb"},"inLanguage":"pt-BR","potentialAction":[{"@type":"ReadAction","target":["https:\/\/transamerica93.com.br\/home\/ainda-internado-marrone-teve-5-costelas-trincadas-e-passou-por-cirurgia-apos-queda-de-palco\/"]}]},{"@type":"ImageObject","inLanguage":"pt-BR","@id":"https:\/\/transamerica93.com.br\/home\/ainda-internado-marrone-teve-5-costelas-trincadas-e-passou-por-cirurgia-apos-queda-de-palco\/#primaryimage","url":"https:\/\/transamerica93.com.br\/home\/wp-content\/uploads\/2025\/05\/1-75.jpg","contentUrl":"https:\/\/transamerica93.com.br\/home\/wp-content\/uploads\/2025\/05\/1-75.jpg","width":979,"height":615},{"@type":"BreadcrumbList","@id":"https:\/\/transamerica93.com.br\/home\/ainda-internado-marrone-teve-5-costelas-trincadas-e-passou-por-cirurgia-apos-queda-de-palco\/#breadcrumb","itemListElement":[{"@type":"ListItem","position":1,"name":"In\u00edcio","item":"https:\/\/transamerica93.com.br\/home\/"},{"@type":"ListItem","position":2,"name":"Ainda internado, Marrone teve 5 costelas trincadas e passou por cirurgia ap\u00f3s queda de palco"}]},{"@type":"WebSite","@id":"https:\/\/transamerica93.com.br\/home\/#website","url":"https:\/\/transamerica93.com.br\/home\/","name":"Transam\u00e9rica Mococa 93,3","description":"","publisher":{"@id":"https:\/\/transamerica93.com.br\/home\/#organization"},"potentialAction":[{"@type":"SearchAction","target":{"@type":"EntryPoint","urlTemplate":"https:\/\/transamerica93.com.br\/home\/?s={search_term_string}"},"query-input":{"@type":"PropertyValueSpecification","valueRequired":true,"valueName":"search_term_string"}}],"inLanguage":"pt-BR"},{"@type":"Organization","@id":"https:\/\/transamerica93.com.br\/home\/#organization","name":"Transam\u00e9rica Mococa 93,3","url":"https:\/\/transamerica93.com.br\/home\/","logo":{"@type":"ImageObject","inLanguage":"pt-BR","@id":"https:\/\/transamerica93.com.br\/home\/#\/schema\/logo\/image\/","url":"https:\/\/transamerica93.com.br\/home\/wp-content\/uploads\/2023\/10\/logo2.png","contentUrl":"https:\/\/transamerica93.com.br\/home\/wp-content\/uploads\/2023\/10\/logo2.png","width":800,"height":500,"caption":"Transam\u00e9rica Mococa 93,3"},"image":{"@id":"https:\/\/transamerica93.com.br\/home\/#\/schema\/logo\/image\/"},"sameAs":["https:\/\/www.facebook.com\/transamericamococa","https:\/\/x.com\/transamerica933","https:\/\/www.instagram.com\/transamericamococa"]},{"@type":"Person","@id":"https:\/\/transamerica93.com.br\/home\/#\/schema\/person\/7fed7c99c0d4562efa8561bc0f543172","name":"Reda\u00e7\u00e3o","image":{"@type":"ImageObject","inLanguage":"pt-BR","@id":"https:\/\/secure.gravatar.com\/avatar\/1072c6b775fb02ef8506ce967551d95926669a6b7d2c2147b42eea4d7c68395e?s=96&d=mm&r=g","url":"https:\/\/secure.gravatar.com\/avatar\/1072c6b775fb02ef8506ce967551d95926669a6b7d2c2147b42eea4d7c68395e?s=96&d=mm&r=g","contentUrl":"https:\/\/secure.gravatar.com\/avatar\/1072c6b775fb02ef8506ce967551d95926669a6b7d2c2147b42eea4d7c68395e?s=96&d=mm&r=g","caption":"Reda\u00e7\u00e3o"},"sameAs":["https:\/\/transamerica93.com.br\/home"],"url":"https:\/\/transamerica93.com.br\/home\/author\/william\/"}]}},"_links":{"self":[{"href":"https:\/\/transamerica93.com.br\/home\/wp-json\/wp\/v2\/posts\/5494","targetHints":{"allow":["GET"]}}],"collection":[{"href":"https:\/\/transamerica93.com.br\/home\/wp-json\/wp\/v2\/posts"}],"about":[{"href":"https:\/\/transamerica93.com.br\/home\/wp-json\/wp\/v2\/types\/post"}],"author":[{"embeddable":true,"href":"https:\/\/transamerica93.com.br\/home\/wp-json\/wp\/v2\/users\/1"}],"replies":[{"embeddable":true,"href":"https:\/\/transamerica93.com.br\/home\/wp-json\/wp\/v2\/comments?post=5494"}],"version-history":[{"count":1,"href":"https:\/\/transamerica93.com.br\/home\/wp-json\/wp\/v2\/posts\/5494\/revisions"}],"predecessor-version":[{"id":5496,"href":"https:\/\/transamerica93.com.br\/home\/wp-json\/wp\/v2\/posts\/5494\/revisions\/5496"}],"wp:featuredmedia":[{"embeddable":true,"href":"https:\/\/transamerica93.com.br\/home\/wp-json\/wp\/v2\/media\/5495"}],"wp:attachment":[{"href":"https:\/\/transamerica93.com.br\/home\/wp-json\/wp\/v2\/media?parent=5494"}],"wp:term":[{"taxonomy":"category","embeddable":true,"href":"https:\/\/transamerica93.com.br\/home\/wp-json\/wp\/v2\/categories?post=5494"},{"taxonomy":"post_tag","embeddable":true,"href":"https:\/\/transamerica93.com.br\/home\/wp-json\/wp\/v2\/tags?post=5494"}],"curies":[{"name":"wp","href":"https:\/\/api.w.org\/{rel}","templated":true}]}}