{"id":5500,"date":"2025-05-26T09:00:05","date_gmt":"2025-05-26T12:00:05","guid":{"rendered":"https:\/\/transamerica93.com.br\/home\/?p=5500"},"modified":"2025-05-13T23:12:03","modified_gmt":"2025-05-14T02:12:03","slug":"carmen-lucia-pede-que-eleitor-regularize-titulo-ate-19-de-maio","status":"publish","type":"post","link":"https:\/\/transamerica93.com.br\/home\/carmen-lucia-pede-que-eleitor-regularize-titulo-ate-19-de-maio\/","title":{"rendered":"C\u00e1rmen L\u00facia pede que eleitor regularize t\u00edtulo at\u00e9 19 de maio"},"content":{"rendered":"<div class=\"conteudo-noticia\">\n<p>A presidente do Tribunal Superior Eleitoral (TSE), ministra C\u00e1rmen L\u00facia, alertou sobre o fim do prazo para o eleitor regularizar o t\u00edtulo e evitar o cancelamento do documento.<img decoding=\"async\" data-src=\"https:\/\/agenciabrasil.ebc.com.br\/ebc.png?id=1642610&amp;o=node\" src=\"data:image\/svg+xml;base64,PHN2ZyB3aWR0aD0iMSIgaGVpZ2h0PSIxIiB4bWxucz0iaHR0cDovL3d3dy53My5vcmcvMjAwMC9zdmciPjwvc3ZnPg==\" class=\"lazyload\" \/><img decoding=\"async\" data-src=\"https:\/\/agenciabrasil.ebc.com.br\/ebc.gif?id=1642610&amp;o=node\" src=\"data:image\/svg+xml;base64,PHN2ZyB3aWR0aD0iMSIgaGVpZ2h0PSIxIiB4bWxucz0iaHR0cDovL3d3dy53My5vcmcvMjAwMC9zdmciPjwvc3ZnPg==\" class=\"lazyload\" \/><\/p>\n<p><strong>Os eleitores que n\u00e3o votaram nas \u00faltimas tr\u00eas elei\u00e7\u00f5es (tr\u00eas turnos consecutivos), n\u00e3o justificaram a aus\u00eancia na vota\u00e7\u00e3o e n\u00e3o pagaram as multas por terem deixado de votar t\u00eam at\u00e9 segunda-feira (19) para resolver a situa\u00e7\u00e3o.<\/strong><\/p>\n<p>Durante a sess\u00e3o desta noite, a ministra disse que a regulariza\u00e7\u00e3o \u00e9 importante para o eleitor ficar apto a votar nas elei\u00e7\u00f5es do ano que vem e participar da democracia brasileira.<\/p>\n<blockquote><p>&#8220;Quem n\u00e3o votou nas \u00faltimas tr\u00eas elei\u00e7\u00f5es precisa regularizar. \u00c9 extremamente f\u00e1cil o processo de regulariza\u00e7\u00e3o. \u00c9 importante n\u00e3o s\u00f3 para participar das pr\u00f3ximas elei\u00e7\u00f5es, para exercer a cidadania&#8221;, afirmou.<\/p><\/blockquote>\n<p>C\u00e1rmen L\u00facia tamb\u00e9m celebrou os 29 anos da cria\u00e7\u00e3o da urna eletr\u00f4nica e\u00a0<strong>refor\u00e7ou que o sistema eletr\u00f4nico de vota\u00e7\u00e3o \u00e9 seguro, audit\u00e1vel e transparente<\/strong>.<\/p>\n<p>&#8220;\u00c9 um caso estudado no mundo inteiro como modelo. Todos os pa\u00edses olham e registram a excel\u00eancia das elei\u00e7\u00f5es exatamente pelo uso da urna eletr\u00f4nica&#8221;, completou a presidente da Corte.<\/p>\n<p><strong>De acordo com o TSE,\u00a0<a href=\"https:\/\/agenciabrasil.ebc.com.br\/politica\/noticia\/2025-05\/mais-de-5-milhoes-podem-ter-titulo-de-eleitor-cancelado\" target=\"_blank\" rel=\"noopener\">cerca de 5,3 milh\u00f5es de eleitores podem ter o t\u00edtulo cancelado<\/a>.<\/strong><\/p>\n<p>O cancelamento pode causar diversas restri\u00e7\u00f5es para o cidad\u00e3o, como n\u00e3o conseguir tirar passaporte ou carteira de identidade, renovar matr\u00edcula em institui\u00e7\u00e3o p\u00fablica de ensino e tomar posse em cargo p\u00fablico ap\u00f3s ser aprovado em concurso.<\/p>\n<h2>Como regularizar<\/h2>\n<p><strong>A regulariza\u00e7\u00e3o \u00e9 feita\u00a0presencialmente nos cart\u00f3rios eleitorais, pelo\u00a0<a href=\"https:\/\/www.tse.jus.br\/servicos-eleitorais\/autoatendimento-eleitoral#\/atendimento-eleitor\" target=\"_blank\" rel=\"noopener\"><em>site<\/em>\u00a0da Justi\u00e7a Eleitoral na internet<\/a>\u00a0ou pelo aplicativo e-T\u00edtulo.<\/strong>\u00a0Para saber se est\u00e1 na lista de pessoas que podem ter o t\u00edtulo cancelado, o cidad\u00e3o deve clicar no menu &#8220;Consultar a situa\u00e7\u00e3o eleitoral&#8221;.<\/p>\n<p>Em seguida, as multas eleitorais pela aus\u00eancia nas vota\u00e7\u00f5es devem ser pagas por meio de boleto, pix ou cart\u00e3o. O processamento do pedido de regulariza\u00e7\u00e3o pode ser acompanhado eletronicamente.<\/p>\n<p><strong>O cancelamento n\u00e3o vale para menores de 18 anos e maiores de 70 anos. Nesses casos, o voto \u00e9 facultativo.<\/strong><\/p>\n<div class=\"noticias-relacionadas rel-position rowflex\">\n<div class=\"titulo-noticia-relacionada\"><\/div>\n<\/div>\n<\/div>\n<div class=\"footer-noticia\">\n<div class=\"editor rowflex\">Edi\u00e7\u00e3o: Juliana Andrade<\/div>\n<\/div>\n","protected":false},"excerpt":{"rendered":"<p>A presidente do Tribunal Superior Eleitoral (TSE), ministra C\u00e1rmen L\u00facia, alertou sobre o fim do prazo para o eleitor regularizar o t\u00edtulo e evitar o cancelamento do documento. Os eleitores que n\u00e3o votaram nas \u00faltimas tr\u00eas elei\u00e7\u00f5es (tr\u00eas turnos consecutivos), n\u00e3o justificaram a aus\u00eancia na vota\u00e7\u00e3o e n\u00e3o pagaram as multas por terem deixado de &hellip;<\/p>\n","protected":false},"author":1,"featured_media":5501,"comment_status":"closed","ping_status":"closed","sticky":false,"template":"","format":"standard","meta":{"footnotes":""},"categories":[30],"tags":[],"class_list":["post-5500","post","type-post","status-publish","format-standard","has-post-thumbnail","hentry","category-geral"],"yoast_head":"<!-- This site is optimized with the Yoast SEO plugin v27.4 - https:\/\/yoast.com\/product\/yoast-seo-wordpress\/ -->\n<title>C\u00e1rmen L\u00facia pede que eleitor regularize t\u00edtulo at\u00e9 19 de maio - Transam\u00e9rica Mococa 93,3<\/title>\n<meta name=\"robots\" content=\"index, follow, max-snippet:-1, max-image-preview:large, max-video-preview:-1\" \/>\n<link rel=\"canonical\" href=\"https:\/\/transamerica93.com.br\/home\/carmen-lucia-pede-que-eleitor-regularize-titulo-ate-19-de-maio\/\" \/>\n<meta property=\"og:locale\" content=\"pt_BR\" \/>\n<meta property=\"og:type\" content=\"article\" \/>\n<meta property=\"og:title\" content=\"C\u00e1rmen L\u00facia pede que eleitor regularize t\u00edtulo at\u00e9 19 de maio - Transam\u00e9rica Mococa 93,3\" \/>\n<meta property=\"og:description\" content=\"A presidente do Tribunal Superior Eleitoral (TSE), ministra C\u00e1rmen L\u00facia, alertou sobre o fim do prazo para o eleitor regularizar o t\u00edtulo e evitar o cancelamento do documento. Os eleitores que n\u00e3o votaram nas \u00faltimas tr\u00eas elei\u00e7\u00f5es (tr\u00eas turnos consecutivos), n\u00e3o justificaram a aus\u00eancia na vota\u00e7\u00e3o e n\u00e3o pagaram as multas por terem deixado de &hellip;\" \/>\n<meta property=\"og:url\" content=\"https:\/\/transamerica93.com.br\/home\/carmen-lucia-pede-que-eleitor-regularize-titulo-ate-19-de-maio\/\" \/>\n<meta property=\"og:site_name\" content=\"Transam\u00e9rica Mococa 93,3\" \/>\n<meta property=\"article:publisher\" content=\"https:\/\/www.facebook.com\/transamericamococa\" \/>\n<meta property=\"article:published_time\" content=\"2025-05-26T12:00:05+00:00\" \/>\n<meta property=\"og:image\" content=\"https:\/\/transamerica93.com.br\/home\/wp-content\/uploads\/2025\/05\/1-77.jpg\" \/>\n\t<meta property=\"og:image:width\" content=\"1170\" \/>\n\t<meta property=\"og:image:height\" content=\"700\" \/>\n\t<meta property=\"og:image:type\" content=\"image\/jpeg\" \/>\n<meta name=\"author\" content=\"Reda\u00e7\u00e3o\" \/>\n<meta name=\"twitter:card\" content=\"summary_large_image\" \/>\n<meta name=\"twitter:creator\" content=\"@transamerica933\" \/>\n<meta name=\"twitter:site\" content=\"@transamerica933\" \/>\n<meta name=\"twitter:label1\" content=\"Escrito por\" \/>\n\t<meta name=\"twitter:data1\" content=\"Reda\u00e7\u00e3o\" \/>\n\t<meta name=\"twitter:label2\" content=\"Est. tempo de leitura\" \/>\n\t<meta name=\"twitter:data2\" content=\"3 minutos\" \/>\n<script type=\"application\/ld+json\" class=\"yoast-schema-graph\">{\"@context\":\"https:\\\/\\\/schema.org\",\"@graph\":[{\"@type\":\"Article\",\"@id\":\"https:\\\/\\\/transamerica93.com.br\\\/home\\\/carmen-lucia-pede-que-eleitor-regularize-titulo-ate-19-de-maio\\\/#article\",\"isPartOf\":{\"@id\":\"https:\\\/\\\/transamerica93.com.br\\\/home\\\/carmen-lucia-pede-que-eleitor-regularize-titulo-ate-19-de-maio\\\/\"},\"author\":{\"name\":\"Reda\u00e7\u00e3o\",\"@id\":\"https:\\\/\\\/transamerica93.com.br\\\/home\\\/#\\\/schema\\\/person\\\/7fed7c99c0d4562efa8561bc0f543172\"},\"headline\":\"C\u00e1rmen L\u00facia pede que eleitor regularize t\u00edtulo at\u00e9 19 de maio\",\"datePublished\":\"2025-05-26T12:00:05+00:00\",\"mainEntityOfPage\":{\"@id\":\"https:\\\/\\\/transamerica93.com.br\\\/home\\\/carmen-lucia-pede-que-eleitor-regularize-titulo-ate-19-de-maio\\\/\"},\"wordCount\":390,\"publisher\":{\"@id\":\"https:\\\/\\\/transamerica93.com.br\\\/home\\\/#organization\"},\"image\":{\"@id\":\"https:\\\/\\\/transamerica93.com.br\\\/home\\\/carmen-lucia-pede-que-eleitor-regularize-titulo-ate-19-de-maio\\\/#primaryimage\"},\"thumbnailUrl\":\"https:\\\/\\\/transamerica93.com.br\\\/home\\\/wp-content\\\/uploads\\\/2025\\\/05\\\/1-77.jpg\",\"articleSection\":[\"Geral\"],\"inLanguage\":\"pt-BR\"},{\"@type\":\"WebPage\",\"@id\":\"https:\\\/\\\/transamerica93.com.br\\\/home\\\/carmen-lucia-pede-que-eleitor-regularize-titulo-ate-19-de-maio\\\/\",\"url\":\"https:\\\/\\\/transamerica93.com.br\\\/home\\\/carmen-lucia-pede-que-eleitor-regularize-titulo-ate-19-de-maio\\\/\",\"name\":\"C\u00e1rmen L\u00facia pede que eleitor regularize t\u00edtulo at\u00e9 19 de maio - Transam\u00e9rica Mococa 93,3\",\"isPartOf\":{\"@id\":\"https:\\\/\\\/transamerica93.com.br\\\/home\\\/#website\"},\"primaryImageOfPage\":{\"@id\":\"https:\\\/\\\/transamerica93.com.br\\\/home\\\/carmen-lucia-pede-que-eleitor-regularize-titulo-ate-19-de-maio\\\/#primaryimage\"},\"image\":{\"@id\":\"https:\\\/\\\/transamerica93.com.br\\\/home\\\/carmen-lucia-pede-que-eleitor-regularize-titulo-ate-19-de-maio\\\/#primaryimage\"},\"thumbnailUrl\":\"https:\\\/\\\/transamerica93.com.br\\\/home\\\/wp-content\\\/uploads\\\/2025\\\/05\\\/1-77.jpg\",\"datePublished\":\"2025-05-26T12:00:05+00:00\",\"breadcrumb\":{\"@id\":\"https:\\\/\\\/transamerica93.com.br\\\/home\\\/carmen-lucia-pede-que-eleitor-regularize-titulo-ate-19-de-maio\\\/#breadcrumb\"},\"inLanguage\":\"pt-BR\",\"potentialAction\":[{\"@type\":\"ReadAction\",\"target\":[\"https:\\\/\\\/transamerica93.com.br\\\/home\\\/carmen-lucia-pede-que-eleitor-regularize-titulo-ate-19-de-maio\\\/\"]}]},{\"@type\":\"ImageObject\",\"inLanguage\":\"pt-BR\",\"@id\":\"https:\\\/\\\/transamerica93.com.br\\\/home\\\/carmen-lucia-pede-que-eleitor-regularize-titulo-ate-19-de-maio\\\/#primaryimage\",\"url\":\"https:\\\/\\\/transamerica93.com.br\\\/home\\\/wp-content\\\/uploads\\\/2025\\\/05\\\/1-77.jpg\",\"contentUrl\":\"https:\\\/\\\/transamerica93.com.br\\\/home\\\/wp-content\\\/uploads\\\/2025\\\/05\\\/1-77.jpg\",\"width\":1170,\"height\":700},{\"@type\":\"BreadcrumbList\",\"@id\":\"https:\\\/\\\/transamerica93.com.br\\\/home\\\/carmen-lucia-pede-que-eleitor-regularize-titulo-ate-19-de-maio\\\/#breadcrumb\",\"itemListElement\":[{\"@type\":\"ListItem\",\"position\":1,\"name\":\"In\u00edcio\",\"item\":\"https:\\\/\\\/transamerica93.com.br\\\/home\\\/\"},{\"@type\":\"ListItem\",\"position\":2,\"name\":\"C\u00e1rmen L\u00facia pede que eleitor regularize t\u00edtulo at\u00e9 19 de maio\"}]},{\"@type\":\"WebSite\",\"@id\":\"https:\\\/\\\/transamerica93.com.br\\\/home\\\/#website\",\"url\":\"https:\\\/\\\/transamerica93.com.br\\\/home\\\/\",\"name\":\"Transam\u00e9rica Mococa 93,3\",\"description\":\"\",\"publisher\":{\"@id\":\"https:\\\/\\\/transamerica93.com.br\\\/home\\\/#organization\"},\"potentialAction\":[{\"@type\":\"SearchAction\",\"target\":{\"@type\":\"EntryPoint\",\"urlTemplate\":\"https:\\\/\\\/transamerica93.com.br\\\/home\\\/?s={search_term_string}\"},\"query-input\":{\"@type\":\"PropertyValueSpecification\",\"valueRequired\":true,\"valueName\":\"search_term_string\"}}],\"inLanguage\":\"pt-BR\"},{\"@type\":\"Organization\",\"@id\":\"https:\\\/\\\/transamerica93.com.br\\\/home\\\/#organization\",\"name\":\"Transam\u00e9rica Mococa 93,3\",\"url\":\"https:\\\/\\\/transamerica93.com.br\\\/home\\\/\",\"logo\":{\"@type\":\"ImageObject\",\"inLanguage\":\"pt-BR\",\"@id\":\"https:\\\/\\\/transamerica93.com.br\\\/home\\\/#\\\/schema\\\/logo\\\/image\\\/\",\"url\":\"https:\\\/\\\/transamerica93.com.br\\\/home\\\/wp-content\\\/uploads\\\/2023\\\/10\\\/logo2.png\",\"contentUrl\":\"https:\\\/\\\/transamerica93.com.br\\\/home\\\/wp-content\\\/uploads\\\/2023\\\/10\\\/logo2.png\",\"width\":800,\"height\":500,\"caption\":\"Transam\u00e9rica Mococa 93,3\"},\"image\":{\"@id\":\"https:\\\/\\\/transamerica93.com.br\\\/home\\\/#\\\/schema\\\/logo\\\/image\\\/\"},\"sameAs\":[\"https:\\\/\\\/www.facebook.com\\\/transamericamococa\",\"https:\\\/\\\/x.com\\\/transamerica933\",\"https:\\\/\\\/www.instagram.com\\\/transamericamococa\"]},{\"@type\":\"Person\",\"@id\":\"https:\\\/\\\/transamerica93.com.br\\\/home\\\/#\\\/schema\\\/person\\\/7fed7c99c0d4562efa8561bc0f543172\",\"name\":\"Reda\u00e7\u00e3o\",\"image\":{\"@type\":\"ImageObject\",\"inLanguage\":\"pt-BR\",\"@id\":\"https:\\\/\\\/secure.gravatar.com\\\/avatar\\\/1072c6b775fb02ef8506ce967551d95926669a6b7d2c2147b42eea4d7c68395e?s=96&d=mm&r=g\",\"url\":\"https:\\\/\\\/secure.gravatar.com\\\/avatar\\\/1072c6b775fb02ef8506ce967551d95926669a6b7d2c2147b42eea4d7c68395e?s=96&d=mm&r=g\",\"contentUrl\":\"https:\\\/\\\/secure.gravatar.com\\\/avatar\\\/1072c6b775fb02ef8506ce967551d95926669a6b7d2c2147b42eea4d7c68395e?s=96&d=mm&r=g\",\"caption\":\"Reda\u00e7\u00e3o\"},\"sameAs\":[\"https:\\\/\\\/transamerica93.com.br\\\/home\"],\"url\":\"https:\\\/\\\/transamerica93.com.br\\\/home\\\/author\\\/william\\\/\"}]}<\/script>\n<!-- \/ Yoast SEO plugin. -->","yoast_head_json":{"title":"C\u00e1rmen L\u00facia pede que eleitor regularize t\u00edtulo at\u00e9 19 de maio - Transam\u00e9rica Mococa 93,3","robots":{"index":"index","follow":"follow","max-snippet":"max-snippet:-1","max-image-preview":"max-image-preview:large","max-video-preview":"max-video-preview:-1"},"canonical":"https:\/\/transamerica93.com.br\/home\/carmen-lucia-pede-que-eleitor-regularize-titulo-ate-19-de-maio\/","og_locale":"pt_BR","og_type":"article","og_title":"C\u00e1rmen L\u00facia pede que eleitor regularize t\u00edtulo at\u00e9 19 de maio - Transam\u00e9rica Mococa 93,3","og_description":"A presidente do Tribunal Superior Eleitoral (TSE), ministra C\u00e1rmen L\u00facia, alertou sobre o fim do prazo para o eleitor regularizar o t\u00edtulo e evitar o cancelamento do documento. Os eleitores que n\u00e3o votaram nas \u00faltimas tr\u00eas elei\u00e7\u00f5es (tr\u00eas turnos consecutivos), n\u00e3o justificaram a aus\u00eancia na vota\u00e7\u00e3o e n\u00e3o pagaram as multas por terem deixado de &hellip;","og_url":"https:\/\/transamerica93.com.br\/home\/carmen-lucia-pede-que-eleitor-regularize-titulo-ate-19-de-maio\/","og_site_name":"Transam\u00e9rica Mococa 93,3","article_publisher":"https:\/\/www.facebook.com\/transamericamococa","article_published_time":"2025-05-26T12:00:05+00:00","og_image":[{"width":1170,"height":700,"url":"https:\/\/transamerica93.com.br\/home\/wp-content\/uploads\/2025\/05\/1-77.jpg","type":"image\/jpeg"}],"author":"Reda\u00e7\u00e3o","twitter_card":"summary_large_image","twitter_creator":"@transamerica933","twitter_site":"@transamerica933","twitter_misc":{"Escrito por":"Reda\u00e7\u00e3o","Est. tempo de leitura":"3 minutos"},"schema":{"@context":"https:\/\/schema.org","@graph":[{"@type":"Article","@id":"https:\/\/transamerica93.com.br\/home\/carmen-lucia-pede-que-eleitor-regularize-titulo-ate-19-de-maio\/#article","isPartOf":{"@id":"https:\/\/transamerica93.com.br\/home\/carmen-lucia-pede-que-eleitor-regularize-titulo-ate-19-de-maio\/"},"author":{"name":"Reda\u00e7\u00e3o","@id":"https:\/\/transamerica93.com.br\/home\/#\/schema\/person\/7fed7c99c0d4562efa8561bc0f543172"},"headline":"C\u00e1rmen L\u00facia pede que eleitor regularize t\u00edtulo at\u00e9 19 de maio","datePublished":"2025-05-26T12:00:05+00:00","mainEntityOfPage":{"@id":"https:\/\/transamerica93.com.br\/home\/carmen-lucia-pede-que-eleitor-regularize-titulo-ate-19-de-maio\/"},"wordCount":390,"publisher":{"@id":"https:\/\/transamerica93.com.br\/home\/#organization"},"image":{"@id":"https:\/\/transamerica93.com.br\/home\/carmen-lucia-pede-que-eleitor-regularize-titulo-ate-19-de-maio\/#primaryimage"},"thumbnailUrl":"https:\/\/transamerica93.com.br\/home\/wp-content\/uploads\/2025\/05\/1-77.jpg","articleSection":["Geral"],"inLanguage":"pt-BR"},{"@type":"WebPage","@id":"https:\/\/transamerica93.com.br\/home\/carmen-lucia-pede-que-eleitor-regularize-titulo-ate-19-de-maio\/","url":"https:\/\/transamerica93.com.br\/home\/carmen-lucia-pede-que-eleitor-regularize-titulo-ate-19-de-maio\/","name":"C\u00e1rmen L\u00facia pede que eleitor regularize t\u00edtulo at\u00e9 19 de maio - Transam\u00e9rica Mococa 93,3","isPartOf":{"@id":"https:\/\/transamerica93.com.br\/home\/#website"},"primaryImageOfPage":{"@id":"https:\/\/transamerica93.com.br\/home\/carmen-lucia-pede-que-eleitor-regularize-titulo-ate-19-de-maio\/#primaryimage"},"image":{"@id":"https:\/\/transamerica93.com.br\/home\/carmen-lucia-pede-que-eleitor-regularize-titulo-ate-19-de-maio\/#primaryimage"},"thumbnailUrl":"https:\/\/transamerica93.com.br\/home\/wp-content\/uploads\/2025\/05\/1-77.jpg","datePublished":"2025-05-26T12:00:05+00:00","breadcrumb":{"@id":"https:\/\/transamerica93.com.br\/home\/carmen-lucia-pede-que-eleitor-regularize-titulo-ate-19-de-maio\/#breadcrumb"},"inLanguage":"pt-BR","potentialAction":[{"@type":"ReadAction","target":["https:\/\/transamerica93.com.br\/home\/carmen-lucia-pede-que-eleitor-regularize-titulo-ate-19-de-maio\/"]}]},{"@type":"ImageObject","inLanguage":"pt-BR","@id":"https:\/\/transamerica93.com.br\/home\/carmen-lucia-pede-que-eleitor-regularize-titulo-ate-19-de-maio\/#primaryimage","url":"https:\/\/transamerica93.com.br\/home\/wp-content\/uploads\/2025\/05\/1-77.jpg","contentUrl":"https:\/\/transamerica93.com.br\/home\/wp-content\/uploads\/2025\/05\/1-77.jpg","width":1170,"height":700},{"@type":"BreadcrumbList","@id":"https:\/\/transamerica93.com.br\/home\/carmen-lucia-pede-que-eleitor-regularize-titulo-ate-19-de-maio\/#breadcrumb","itemListElement":[{"@type":"ListItem","position":1,"name":"In\u00edcio","item":"https:\/\/transamerica93.com.br\/home\/"},{"@type":"ListItem","position":2,"name":"C\u00e1rmen L\u00facia pede que eleitor regularize t\u00edtulo at\u00e9 19 de maio"}]},{"@type":"WebSite","@id":"https:\/\/transamerica93.com.br\/home\/#website","url":"https:\/\/transamerica93.com.br\/home\/","name":"Transam\u00e9rica Mococa 93,3","description":"","publisher":{"@id":"https:\/\/transamerica93.com.br\/home\/#organization"},"potentialAction":[{"@type":"SearchAction","target":{"@type":"EntryPoint","urlTemplate":"https:\/\/transamerica93.com.br\/home\/?s={search_term_string}"},"query-input":{"@type":"PropertyValueSpecification","valueRequired":true,"valueName":"search_term_string"}}],"inLanguage":"pt-BR"},{"@type":"Organization","@id":"https:\/\/transamerica93.com.br\/home\/#organization","name":"Transam\u00e9rica Mococa 93,3","url":"https:\/\/transamerica93.com.br\/home\/","logo":{"@type":"ImageObject","inLanguage":"pt-BR","@id":"https:\/\/transamerica93.com.br\/home\/#\/schema\/logo\/image\/","url":"https:\/\/transamerica93.com.br\/home\/wp-content\/uploads\/2023\/10\/logo2.png","contentUrl":"https:\/\/transamerica93.com.br\/home\/wp-content\/uploads\/2023\/10\/logo2.png","width":800,"height":500,"caption":"Transam\u00e9rica Mococa 93,3"},"image":{"@id":"https:\/\/transamerica93.com.br\/home\/#\/schema\/logo\/image\/"},"sameAs":["https:\/\/www.facebook.com\/transamericamococa","https:\/\/x.com\/transamerica933","https:\/\/www.instagram.com\/transamericamococa"]},{"@type":"Person","@id":"https:\/\/transamerica93.com.br\/home\/#\/schema\/person\/7fed7c99c0d4562efa8561bc0f543172","name":"Reda\u00e7\u00e3o","image":{"@type":"ImageObject","inLanguage":"pt-BR","@id":"https:\/\/secure.gravatar.com\/avatar\/1072c6b775fb02ef8506ce967551d95926669a6b7d2c2147b42eea4d7c68395e?s=96&d=mm&r=g","url":"https:\/\/secure.gravatar.com\/avatar\/1072c6b775fb02ef8506ce967551d95926669a6b7d2c2147b42eea4d7c68395e?s=96&d=mm&r=g","contentUrl":"https:\/\/secure.gravatar.com\/avatar\/1072c6b775fb02ef8506ce967551d95926669a6b7d2c2147b42eea4d7c68395e?s=96&d=mm&r=g","caption":"Reda\u00e7\u00e3o"},"sameAs":["https:\/\/transamerica93.com.br\/home"],"url":"https:\/\/transamerica93.com.br\/home\/author\/william\/"}]}},"_links":{"self":[{"href":"https:\/\/transamerica93.com.br\/home\/wp-json\/wp\/v2\/posts\/5500","targetHints":{"allow":["GET"]}}],"collection":[{"href":"https:\/\/transamerica93.com.br\/home\/wp-json\/wp\/v2\/posts"}],"about":[{"href":"https:\/\/transamerica93.com.br\/home\/wp-json\/wp\/v2\/types\/post"}],"author":[{"embeddable":true,"href":"https:\/\/transamerica93.com.br\/home\/wp-json\/wp\/v2\/users\/1"}],"replies":[{"embeddable":true,"href":"https:\/\/transamerica93.com.br\/home\/wp-json\/wp\/v2\/comments?post=5500"}],"version-history":[{"count":1,"href":"https:\/\/transamerica93.com.br\/home\/wp-json\/wp\/v2\/posts\/5500\/revisions"}],"predecessor-version":[{"id":5502,"href":"https:\/\/transamerica93.com.br\/home\/wp-json\/wp\/v2\/posts\/5500\/revisions\/5502"}],"wp:featuredmedia":[{"embeddable":true,"href":"https:\/\/transamerica93.com.br\/home\/wp-json\/wp\/v2\/media\/5501"}],"wp:attachment":[{"href":"https:\/\/transamerica93.com.br\/home\/wp-json\/wp\/v2\/media?parent=5500"}],"wp:term":[{"taxonomy":"category","embeddable":true,"href":"https:\/\/transamerica93.com.br\/home\/wp-json\/wp\/v2\/categories?post=5500"},{"taxonomy":"post_tag","embeddable":true,"href":"https:\/\/transamerica93.com.br\/home\/wp-json\/wp\/v2\/tags?post=5500"}],"curies":[{"name":"wp","href":"https:\/\/api.w.org\/{rel}","templated":true}]}}