{"id":5509,"date":"2025-05-26T12:00:33","date_gmt":"2025-05-26T15:00:33","guid":{"rendered":"https:\/\/transamerica93.com.br\/home\/?p=5509"},"modified":"2025-05-19T07:31:12","modified_gmt":"2025-05-19T10:31:12","slug":"ednaldo-e-denunciado-na-comissao-de-etica-da-cbf-em-meio-a-anuncio-de-ancelotti","status":"publish","type":"post","link":"https:\/\/transamerica93.com.br\/home\/ednaldo-e-denunciado-na-comissao-de-etica-da-cbf-em-meio-a-anuncio-de-ancelotti\/","title":{"rendered":"Ednaldo \u00e9 denunciado na Comiss\u00e3o de \u00c9tica da CBF em meio a an\u00fancio de Ancelotti"},"content":{"rendered":"<h6 class=\"Assina\">Por Rodrigo Sampaio e Felipe Rosa Mendes<\/h6>\n<p>Em meio ao an\u00fancio de Carlo Ancelotti como novo t\u00e9cnico da sele\u00e7\u00e3o brasileira, Ednaldo Rodrigues se tornou alvo de tr\u00eas den\u00fancias na Comiss\u00e3o de \u00c9tica da Confedera\u00e7\u00e3o Brasileira de Futebol (CBF). Os pedidos de investiga\u00e7\u00e3o incluem o afastamento imediato do presidente e de parte da diretoria. A reportagem entrou em contato com a CBF, mas ainda n\u00e3o houve manifesta\u00e7\u00e3o sobre o caso.<\/p>\n<p>Uma das den\u00fancias atende a solicita\u00e7\u00e3o do vereador Marcos Dias (Podemos), presidente da Comiss\u00e3o de Direitos Humanos da C\u00e2mara Municipal do Rio de Janeiro. Ele se baseou em reportagens da piau\u00ed e do portal Leo Dias, al\u00e9m de den\u00fancias an\u00f4nimas, para formalizar o caso junto ao Minist\u00e9rio P\u00fablico do Trabalho (MPT)<\/p>\n<p>O vereador alega que recebeu relatos de funcion\u00e1rios da CBF envolvendo casos de ass\u00e9dio e o descumprimento de um Termo de Ajustamento de Conduta (TAC) firmado em 2021 com o MPT, que previa medidas para coibir pr\u00e1ticas abusivas na entidade.<\/p>\n<p>A segunda den\u00fancia na Comiss\u00e3o de \u00c9tica foi aberta a partir do pedido da deputada federal Daniela do Waguinho (Uni\u00e3o Brasil-RJ), que acionou o Supremo Tribunal Federal (STF) requerendo o afastamento imediato de Ednaldo e a revis\u00e3o do acordo homologado pela Corte em fevereiro deste ano, que encerrou a a\u00e7\u00e3o que questionava o processo eleitoral da CBF.<\/p>\n<p>A deputada anexou laudos de uma per\u00edcia que questiona a autenticidade da assinatura de Ant\u00f4nio Carlos Nunes de Lima, mais conhecido Coronel Nunes, no acordo que manteve Ednaldo no poder, al\u00e9m de laudo m\u00e9dico apontando incapacidade cognitiva do ex-vice-presidente da CBF na \u00e9poca do acordo.<\/p>\n<p>A per\u00edcia foi realizada a pedido do pr\u00f3prio Marcos Dias (Podemos). Segundo a an\u00e1lise realizada por Jacqueline Tirotti, foram observados elementos que diferenciam a escrita. &#8220;A convic\u00e7\u00e3o que se pode depreender de todas as caracter\u00edsticas observadas e considerando todas as limita\u00e7\u00f5es intr\u00ednsecas ao presente exame \u00e9 de n\u00e3o identifica\u00e7\u00e3o do punho periciado de Ant\u00f4nio Carlos Nunes de Lima&#8221;, diz o parecer.<\/p>\n<p>Al\u00e9m do pedido de afastamento de Ednaldo protocolado no STF por Daniela do Waguinho, outra peti\u00e7\u00e3o solicitando o afastamento imediato do dirigente foi manifestada por Fernando Sarney, ex-dirigente da CBF e um dos signat\u00e1rios do acordo. Ambas foram negadas por Gilmar Mendes, que determinou a investiga\u00e7\u00e3o do caso pelo Tribunal de Justi\u00e7a do Rio (TJ-RJ).<\/p>\n<p>Uma terceira den\u00fancia na Comiss\u00e3o de \u00c9tica da CBF foi protocolada pelo deputado federal Sargento Gon\u00e7alves (PL-RN). O parlamentar argumenta que Ednaldo usou indevidamente recursos da CBF ao custear viagens, hospedagem de luxo e despesas diversas de parentes distantes de presidentes de federa\u00e7\u00f5es estaduais, que houve gest\u00e3o temer\u00e1ria ao fazer cortes em \u00e1reas estrat\u00e9gias, como na qualifica\u00e7\u00e3o de \u00e1rbitros, conflito de interesses e vantagem indevida em rela\u00e7\u00e3o aos supostos benef\u00edcios financeiros a Ricardo Lima, presidente da Federa\u00e7\u00e3o Bahiana de Futebol (FBF), e falta de transpar\u00eancia na explica\u00e7\u00e3o sobre benefici\u00e1rios de pagamentos da entidade.<\/p>\n<p>Aos 71 anos, Ednaldo Rodrigues foi reeleito presidente da CBF em mar\u00e7o. Ele recebeu todos os votos das 27 federa\u00e7\u00f5es e tamb\u00e9m todos os votos dos 40 clubes das S\u00e9ries A e B, totalizando 141 votos e vai comandar o futebol nacional at\u00e9 2030. Diante da nova crise envolvendo a suposta fraude no acordo que o manteve no poder antes do pleito, o an\u00fancio de Carlo Ancelotti foi considerada nos bastidores uma vit\u00f3ria pol\u00edtica do dirigente.<\/p>\n<p>Em v\u00eddeo divulgado nesta segunda-feira, Ednaldo agradeceu ao Real Madrid pelo &#8220;di\u00e1logo&#8221; e confirmou o treinador italiano at\u00e9 a Copa do Mundo de 2026. O clube espanhol ainda n\u00e3o oficializou a sa\u00edda do treinador, que ainda vai comandar a equipe em tr\u00eas partidas at\u00e9 o fim da temporada.<\/p>\n","protected":false},"excerpt":{"rendered":"<p>Por Rodrigo Sampaio e Felipe Rosa Mendes Em meio ao an\u00fancio de Carlo Ancelotti como novo t\u00e9cnico da sele\u00e7\u00e3o brasileira, Ednaldo Rodrigues se tornou alvo de tr\u00eas den\u00fancias na Comiss\u00e3o de \u00c9tica da Confedera\u00e7\u00e3o Brasileira de Futebol (CBF). Os pedidos de investiga\u00e7\u00e3o incluem o afastamento imediato do presidente e de parte da diretoria. A reportagem &hellip;<\/p>\n","protected":false},"author":1,"featured_media":5510,"comment_status":"closed","ping_status":"closed","sticky":false,"template":"","format":"standard","meta":{"footnotes":""},"categories":[31],"tags":[],"class_list":["post-5509","post","type-post","status-publish","format-standard","has-post-thumbnail","hentry","category-esportes"],"yoast_head":"<!-- This site is optimized with the Yoast SEO plugin v27.4 - https:\/\/yoast.com\/product\/yoast-seo-wordpress\/ -->\n<title>Ednaldo \u00e9 denunciado na Comiss\u00e3o de \u00c9tica da CBF em meio a an\u00fancio de Ancelotti - Transam\u00e9rica Mococa 93,3<\/title>\n<meta name=\"robots\" content=\"index, follow, max-snippet:-1, max-image-preview:large, max-video-preview:-1\" \/>\n<link rel=\"canonical\" href=\"https:\/\/transamerica93.com.br\/home\/ednaldo-e-denunciado-na-comissao-de-etica-da-cbf-em-meio-a-anuncio-de-ancelotti\/\" \/>\n<meta property=\"og:locale\" content=\"pt_BR\" \/>\n<meta property=\"og:type\" content=\"article\" \/>\n<meta property=\"og:title\" content=\"Ednaldo \u00e9 denunciado na Comiss\u00e3o de \u00c9tica da CBF em meio a an\u00fancio de Ancelotti - Transam\u00e9rica Mococa 93,3\" \/>\n<meta property=\"og:description\" content=\"Por Rodrigo Sampaio e Felipe Rosa Mendes Em meio ao an\u00fancio de Carlo Ancelotti como novo t\u00e9cnico da sele\u00e7\u00e3o brasileira, Ednaldo Rodrigues se tornou alvo de tr\u00eas den\u00fancias na Comiss\u00e3o de \u00c9tica da Confedera\u00e7\u00e3o Brasileira de Futebol (CBF). Os pedidos de investiga\u00e7\u00e3o incluem o afastamento imediato do presidente e de parte da diretoria. A reportagem &hellip;\" \/>\n<meta property=\"og:url\" content=\"https:\/\/transamerica93.com.br\/home\/ednaldo-e-denunciado-na-comissao-de-etica-da-cbf-em-meio-a-anuncio-de-ancelotti\/\" \/>\n<meta property=\"og:site_name\" content=\"Transam\u00e9rica Mococa 93,3\" \/>\n<meta property=\"article:publisher\" content=\"https:\/\/www.facebook.com\/transamericamococa\" \/>\n<meta property=\"article:published_time\" content=\"2025-05-26T15:00:33+00:00\" \/>\n<meta property=\"og:image\" content=\"https:\/\/transamerica93.com.br\/home\/wp-content\/uploads\/2025\/05\/1-80.jpg\" \/>\n\t<meta property=\"og:image:width\" content=\"1200\" \/>\n\t<meta property=\"og:image:height\" content=\"900\" \/>\n\t<meta property=\"og:image:type\" content=\"image\/jpeg\" \/>\n<meta name=\"author\" content=\"Reda\u00e7\u00e3o\" \/>\n<meta name=\"twitter:card\" content=\"summary_large_image\" \/>\n<meta name=\"twitter:creator\" content=\"@transamerica933\" \/>\n<meta name=\"twitter:site\" content=\"@transamerica933\" \/>\n<meta name=\"twitter:label1\" content=\"Escrito por\" \/>\n\t<meta name=\"twitter:data1\" content=\"Reda\u00e7\u00e3o\" \/>\n\t<meta name=\"twitter:label2\" content=\"Est. tempo de leitura\" \/>\n\t<meta name=\"twitter:data2\" content=\"4 minutos\" \/>\n<script type=\"application\/ld+json\" class=\"yoast-schema-graph\">{\"@context\":\"https:\\\/\\\/schema.org\",\"@graph\":[{\"@type\":\"Article\",\"@id\":\"https:\\\/\\\/transamerica93.com.br\\\/home\\\/ednaldo-e-denunciado-na-comissao-de-etica-da-cbf-em-meio-a-anuncio-de-ancelotti\\\/#article\",\"isPartOf\":{\"@id\":\"https:\\\/\\\/transamerica93.com.br\\\/home\\\/ednaldo-e-denunciado-na-comissao-de-etica-da-cbf-em-meio-a-anuncio-de-ancelotti\\\/\"},\"author\":{\"name\":\"Reda\u00e7\u00e3o\",\"@id\":\"https:\\\/\\\/transamerica93.com.br\\\/home\\\/#\\\/schema\\\/person\\\/7fed7c99c0d4562efa8561bc0f543172\"},\"headline\":\"Ednaldo \u00e9 denunciado na Comiss\u00e3o de \u00c9tica da CBF em meio a an\u00fancio de Ancelotti\",\"datePublished\":\"2025-05-26T15:00:33+00:00\",\"mainEntityOfPage\":{\"@id\":\"https:\\\/\\\/transamerica93.com.br\\\/home\\\/ednaldo-e-denunciado-na-comissao-de-etica-da-cbf-em-meio-a-anuncio-de-ancelotti\\\/\"},\"wordCount\":675,\"publisher\":{\"@id\":\"https:\\\/\\\/transamerica93.com.br\\\/home\\\/#organization\"},\"image\":{\"@id\":\"https:\\\/\\\/transamerica93.com.br\\\/home\\\/ednaldo-e-denunciado-na-comissao-de-etica-da-cbf-em-meio-a-anuncio-de-ancelotti\\\/#primaryimage\"},\"thumbnailUrl\":\"https:\\\/\\\/transamerica93.com.br\\\/home\\\/wp-content\\\/uploads\\\/2025\\\/05\\\/1-80.jpg\",\"articleSection\":[\"Esportes\"],\"inLanguage\":\"pt-BR\"},{\"@type\":\"WebPage\",\"@id\":\"https:\\\/\\\/transamerica93.com.br\\\/home\\\/ednaldo-e-denunciado-na-comissao-de-etica-da-cbf-em-meio-a-anuncio-de-ancelotti\\\/\",\"url\":\"https:\\\/\\\/transamerica93.com.br\\\/home\\\/ednaldo-e-denunciado-na-comissao-de-etica-da-cbf-em-meio-a-anuncio-de-ancelotti\\\/\",\"name\":\"Ednaldo \u00e9 denunciado na Comiss\u00e3o de \u00c9tica da CBF em meio a an\u00fancio de Ancelotti - Transam\u00e9rica Mococa 93,3\",\"isPartOf\":{\"@id\":\"https:\\\/\\\/transamerica93.com.br\\\/home\\\/#website\"},\"primaryImageOfPage\":{\"@id\":\"https:\\\/\\\/transamerica93.com.br\\\/home\\\/ednaldo-e-denunciado-na-comissao-de-etica-da-cbf-em-meio-a-anuncio-de-ancelotti\\\/#primaryimage\"},\"image\":{\"@id\":\"https:\\\/\\\/transamerica93.com.br\\\/home\\\/ednaldo-e-denunciado-na-comissao-de-etica-da-cbf-em-meio-a-anuncio-de-ancelotti\\\/#primaryimage\"},\"thumbnailUrl\":\"https:\\\/\\\/transamerica93.com.br\\\/home\\\/wp-content\\\/uploads\\\/2025\\\/05\\\/1-80.jpg\",\"datePublished\":\"2025-05-26T15:00:33+00:00\",\"breadcrumb\":{\"@id\":\"https:\\\/\\\/transamerica93.com.br\\\/home\\\/ednaldo-e-denunciado-na-comissao-de-etica-da-cbf-em-meio-a-anuncio-de-ancelotti\\\/#breadcrumb\"},\"inLanguage\":\"pt-BR\",\"potentialAction\":[{\"@type\":\"ReadAction\",\"target\":[\"https:\\\/\\\/transamerica93.com.br\\\/home\\\/ednaldo-e-denunciado-na-comissao-de-etica-da-cbf-em-meio-a-anuncio-de-ancelotti\\\/\"]}]},{\"@type\":\"ImageObject\",\"inLanguage\":\"pt-BR\",\"@id\":\"https:\\\/\\\/transamerica93.com.br\\\/home\\\/ednaldo-e-denunciado-na-comissao-de-etica-da-cbf-em-meio-a-anuncio-de-ancelotti\\\/#primaryimage\",\"url\":\"https:\\\/\\\/transamerica93.com.br\\\/home\\\/wp-content\\\/uploads\\\/2025\\\/05\\\/1-80.jpg\",\"contentUrl\":\"https:\\\/\\\/transamerica93.com.br\\\/home\\\/wp-content\\\/uploads\\\/2025\\\/05\\\/1-80.jpg\",\"width\":1200,\"height\":900},{\"@type\":\"BreadcrumbList\",\"@id\":\"https:\\\/\\\/transamerica93.com.br\\\/home\\\/ednaldo-e-denunciado-na-comissao-de-etica-da-cbf-em-meio-a-anuncio-de-ancelotti\\\/#breadcrumb\",\"itemListElement\":[{\"@type\":\"ListItem\",\"position\":1,\"name\":\"In\u00edcio\",\"item\":\"https:\\\/\\\/transamerica93.com.br\\\/home\\\/\"},{\"@type\":\"ListItem\",\"position\":2,\"name\":\"Ednaldo \u00e9 denunciado na Comiss\u00e3o de \u00c9tica da CBF em meio a an\u00fancio de Ancelotti\"}]},{\"@type\":\"WebSite\",\"@id\":\"https:\\\/\\\/transamerica93.com.br\\\/home\\\/#website\",\"url\":\"https:\\\/\\\/transamerica93.com.br\\\/home\\\/\",\"name\":\"Transam\u00e9rica Mococa 93,3\",\"description\":\"\",\"publisher\":{\"@id\":\"https:\\\/\\\/transamerica93.com.br\\\/home\\\/#organization\"},\"potentialAction\":[{\"@type\":\"SearchAction\",\"target\":{\"@type\":\"EntryPoint\",\"urlTemplate\":\"https:\\\/\\\/transamerica93.com.br\\\/home\\\/?s={search_term_string}\"},\"query-input\":{\"@type\":\"PropertyValueSpecification\",\"valueRequired\":true,\"valueName\":\"search_term_string\"}}],\"inLanguage\":\"pt-BR\"},{\"@type\":\"Organization\",\"@id\":\"https:\\\/\\\/transamerica93.com.br\\\/home\\\/#organization\",\"name\":\"Transam\u00e9rica Mococa 93,3\",\"url\":\"https:\\\/\\\/transamerica93.com.br\\\/home\\\/\",\"logo\":{\"@type\":\"ImageObject\",\"inLanguage\":\"pt-BR\",\"@id\":\"https:\\\/\\\/transamerica93.com.br\\\/home\\\/#\\\/schema\\\/logo\\\/image\\\/\",\"url\":\"https:\\\/\\\/transamerica93.com.br\\\/home\\\/wp-content\\\/uploads\\\/2023\\\/10\\\/logo2.png\",\"contentUrl\":\"https:\\\/\\\/transamerica93.com.br\\\/home\\\/wp-content\\\/uploads\\\/2023\\\/10\\\/logo2.png\",\"width\":800,\"height\":500,\"caption\":\"Transam\u00e9rica Mococa 93,3\"},\"image\":{\"@id\":\"https:\\\/\\\/transamerica93.com.br\\\/home\\\/#\\\/schema\\\/logo\\\/image\\\/\"},\"sameAs\":[\"https:\\\/\\\/www.facebook.com\\\/transamericamococa\",\"https:\\\/\\\/x.com\\\/transamerica933\",\"https:\\\/\\\/www.instagram.com\\\/transamericamococa\"]},{\"@type\":\"Person\",\"@id\":\"https:\\\/\\\/transamerica93.com.br\\\/home\\\/#\\\/schema\\\/person\\\/7fed7c99c0d4562efa8561bc0f543172\",\"name\":\"Reda\u00e7\u00e3o\",\"image\":{\"@type\":\"ImageObject\",\"inLanguage\":\"pt-BR\",\"@id\":\"https:\\\/\\\/secure.gravatar.com\\\/avatar\\\/1072c6b775fb02ef8506ce967551d95926669a6b7d2c2147b42eea4d7c68395e?s=96&d=mm&r=g\",\"url\":\"https:\\\/\\\/secure.gravatar.com\\\/avatar\\\/1072c6b775fb02ef8506ce967551d95926669a6b7d2c2147b42eea4d7c68395e?s=96&d=mm&r=g\",\"contentUrl\":\"https:\\\/\\\/secure.gravatar.com\\\/avatar\\\/1072c6b775fb02ef8506ce967551d95926669a6b7d2c2147b42eea4d7c68395e?s=96&d=mm&r=g\",\"caption\":\"Reda\u00e7\u00e3o\"},\"sameAs\":[\"https:\\\/\\\/transamerica93.com.br\\\/home\"],\"url\":\"https:\\\/\\\/transamerica93.com.br\\\/home\\\/author\\\/william\\\/\"}]}<\/script>\n<!-- \/ Yoast SEO plugin. -->","yoast_head_json":{"title":"Ednaldo \u00e9 denunciado na Comiss\u00e3o de \u00c9tica da CBF em meio a an\u00fancio de Ancelotti - Transam\u00e9rica Mococa 93,3","robots":{"index":"index","follow":"follow","max-snippet":"max-snippet:-1","max-image-preview":"max-image-preview:large","max-video-preview":"max-video-preview:-1"},"canonical":"https:\/\/transamerica93.com.br\/home\/ednaldo-e-denunciado-na-comissao-de-etica-da-cbf-em-meio-a-anuncio-de-ancelotti\/","og_locale":"pt_BR","og_type":"article","og_title":"Ednaldo \u00e9 denunciado na Comiss\u00e3o de \u00c9tica da CBF em meio a an\u00fancio de Ancelotti - Transam\u00e9rica Mococa 93,3","og_description":"Por Rodrigo Sampaio e Felipe Rosa Mendes Em meio ao an\u00fancio de Carlo Ancelotti como novo t\u00e9cnico da sele\u00e7\u00e3o brasileira, Ednaldo Rodrigues se tornou alvo de tr\u00eas den\u00fancias na Comiss\u00e3o de \u00c9tica da Confedera\u00e7\u00e3o Brasileira de Futebol (CBF). Os pedidos de investiga\u00e7\u00e3o incluem o afastamento imediato do presidente e de parte da diretoria. A reportagem &hellip;","og_url":"https:\/\/transamerica93.com.br\/home\/ednaldo-e-denunciado-na-comissao-de-etica-da-cbf-em-meio-a-anuncio-de-ancelotti\/","og_site_name":"Transam\u00e9rica Mococa 93,3","article_publisher":"https:\/\/www.facebook.com\/transamericamococa","article_published_time":"2025-05-26T15:00:33+00:00","og_image":[{"width":1200,"height":900,"url":"https:\/\/transamerica93.com.br\/home\/wp-content\/uploads\/2025\/05\/1-80.jpg","type":"image\/jpeg"}],"author":"Reda\u00e7\u00e3o","twitter_card":"summary_large_image","twitter_creator":"@transamerica933","twitter_site":"@transamerica933","twitter_misc":{"Escrito por":"Reda\u00e7\u00e3o","Est. tempo de leitura":"4 minutos"},"schema":{"@context":"https:\/\/schema.org","@graph":[{"@type":"Article","@id":"https:\/\/transamerica93.com.br\/home\/ednaldo-e-denunciado-na-comissao-de-etica-da-cbf-em-meio-a-anuncio-de-ancelotti\/#article","isPartOf":{"@id":"https:\/\/transamerica93.com.br\/home\/ednaldo-e-denunciado-na-comissao-de-etica-da-cbf-em-meio-a-anuncio-de-ancelotti\/"},"author":{"name":"Reda\u00e7\u00e3o","@id":"https:\/\/transamerica93.com.br\/home\/#\/schema\/person\/7fed7c99c0d4562efa8561bc0f543172"},"headline":"Ednaldo \u00e9 denunciado na Comiss\u00e3o de \u00c9tica da CBF em meio a an\u00fancio de Ancelotti","datePublished":"2025-05-26T15:00:33+00:00","mainEntityOfPage":{"@id":"https:\/\/transamerica93.com.br\/home\/ednaldo-e-denunciado-na-comissao-de-etica-da-cbf-em-meio-a-anuncio-de-ancelotti\/"},"wordCount":675,"publisher":{"@id":"https:\/\/transamerica93.com.br\/home\/#organization"},"image":{"@id":"https:\/\/transamerica93.com.br\/home\/ednaldo-e-denunciado-na-comissao-de-etica-da-cbf-em-meio-a-anuncio-de-ancelotti\/#primaryimage"},"thumbnailUrl":"https:\/\/transamerica93.com.br\/home\/wp-content\/uploads\/2025\/05\/1-80.jpg","articleSection":["Esportes"],"inLanguage":"pt-BR"},{"@type":"WebPage","@id":"https:\/\/transamerica93.com.br\/home\/ednaldo-e-denunciado-na-comissao-de-etica-da-cbf-em-meio-a-anuncio-de-ancelotti\/","url":"https:\/\/transamerica93.com.br\/home\/ednaldo-e-denunciado-na-comissao-de-etica-da-cbf-em-meio-a-anuncio-de-ancelotti\/","name":"Ednaldo \u00e9 denunciado na Comiss\u00e3o de \u00c9tica da CBF em meio a an\u00fancio de Ancelotti - Transam\u00e9rica Mococa 93,3","isPartOf":{"@id":"https:\/\/transamerica93.com.br\/home\/#website"},"primaryImageOfPage":{"@id":"https:\/\/transamerica93.com.br\/home\/ednaldo-e-denunciado-na-comissao-de-etica-da-cbf-em-meio-a-anuncio-de-ancelotti\/#primaryimage"},"image":{"@id":"https:\/\/transamerica93.com.br\/home\/ednaldo-e-denunciado-na-comissao-de-etica-da-cbf-em-meio-a-anuncio-de-ancelotti\/#primaryimage"},"thumbnailUrl":"https:\/\/transamerica93.com.br\/home\/wp-content\/uploads\/2025\/05\/1-80.jpg","datePublished":"2025-05-26T15:00:33+00:00","breadcrumb":{"@id":"https:\/\/transamerica93.com.br\/home\/ednaldo-e-denunciado-na-comissao-de-etica-da-cbf-em-meio-a-anuncio-de-ancelotti\/#breadcrumb"},"inLanguage":"pt-BR","potentialAction":[{"@type":"ReadAction","target":["https:\/\/transamerica93.com.br\/home\/ednaldo-e-denunciado-na-comissao-de-etica-da-cbf-em-meio-a-anuncio-de-ancelotti\/"]}]},{"@type":"ImageObject","inLanguage":"pt-BR","@id":"https:\/\/transamerica93.com.br\/home\/ednaldo-e-denunciado-na-comissao-de-etica-da-cbf-em-meio-a-anuncio-de-ancelotti\/#primaryimage","url":"https:\/\/transamerica93.com.br\/home\/wp-content\/uploads\/2025\/05\/1-80.jpg","contentUrl":"https:\/\/transamerica93.com.br\/home\/wp-content\/uploads\/2025\/05\/1-80.jpg","width":1200,"height":900},{"@type":"BreadcrumbList","@id":"https:\/\/transamerica93.com.br\/home\/ednaldo-e-denunciado-na-comissao-de-etica-da-cbf-em-meio-a-anuncio-de-ancelotti\/#breadcrumb","itemListElement":[{"@type":"ListItem","position":1,"name":"In\u00edcio","item":"https:\/\/transamerica93.com.br\/home\/"},{"@type":"ListItem","position":2,"name":"Ednaldo \u00e9 denunciado na Comiss\u00e3o de \u00c9tica da CBF em meio a an\u00fancio de Ancelotti"}]},{"@type":"WebSite","@id":"https:\/\/transamerica93.com.br\/home\/#website","url":"https:\/\/transamerica93.com.br\/home\/","name":"Transam\u00e9rica Mococa 93,3","description":"","publisher":{"@id":"https:\/\/transamerica93.com.br\/home\/#organization"},"potentialAction":[{"@type":"SearchAction","target":{"@type":"EntryPoint","urlTemplate":"https:\/\/transamerica93.com.br\/home\/?s={search_term_string}"},"query-input":{"@type":"PropertyValueSpecification","valueRequired":true,"valueName":"search_term_string"}}],"inLanguage":"pt-BR"},{"@type":"Organization","@id":"https:\/\/transamerica93.com.br\/home\/#organization","name":"Transam\u00e9rica Mococa 93,3","url":"https:\/\/transamerica93.com.br\/home\/","logo":{"@type":"ImageObject","inLanguage":"pt-BR","@id":"https:\/\/transamerica93.com.br\/home\/#\/schema\/logo\/image\/","url":"https:\/\/transamerica93.com.br\/home\/wp-content\/uploads\/2023\/10\/logo2.png","contentUrl":"https:\/\/transamerica93.com.br\/home\/wp-content\/uploads\/2023\/10\/logo2.png","width":800,"height":500,"caption":"Transam\u00e9rica Mococa 93,3"},"image":{"@id":"https:\/\/transamerica93.com.br\/home\/#\/schema\/logo\/image\/"},"sameAs":["https:\/\/www.facebook.com\/transamericamococa","https:\/\/x.com\/transamerica933","https:\/\/www.instagram.com\/transamericamococa"]},{"@type":"Person","@id":"https:\/\/transamerica93.com.br\/home\/#\/schema\/person\/7fed7c99c0d4562efa8561bc0f543172","name":"Reda\u00e7\u00e3o","image":{"@type":"ImageObject","inLanguage":"pt-BR","@id":"https:\/\/secure.gravatar.com\/avatar\/1072c6b775fb02ef8506ce967551d95926669a6b7d2c2147b42eea4d7c68395e?s=96&d=mm&r=g","url":"https:\/\/secure.gravatar.com\/avatar\/1072c6b775fb02ef8506ce967551d95926669a6b7d2c2147b42eea4d7c68395e?s=96&d=mm&r=g","contentUrl":"https:\/\/secure.gravatar.com\/avatar\/1072c6b775fb02ef8506ce967551d95926669a6b7d2c2147b42eea4d7c68395e?s=96&d=mm&r=g","caption":"Reda\u00e7\u00e3o"},"sameAs":["https:\/\/transamerica93.com.br\/home"],"url":"https:\/\/transamerica93.com.br\/home\/author\/william\/"}]}},"_links":{"self":[{"href":"https:\/\/transamerica93.com.br\/home\/wp-json\/wp\/v2\/posts\/5509","targetHints":{"allow":["GET"]}}],"collection":[{"href":"https:\/\/transamerica93.com.br\/home\/wp-json\/wp\/v2\/posts"}],"about":[{"href":"https:\/\/transamerica93.com.br\/home\/wp-json\/wp\/v2\/types\/post"}],"author":[{"embeddable":true,"href":"https:\/\/transamerica93.com.br\/home\/wp-json\/wp\/v2\/users\/1"}],"replies":[{"embeddable":true,"href":"https:\/\/transamerica93.com.br\/home\/wp-json\/wp\/v2\/comments?post=5509"}],"version-history":[{"count":1,"href":"https:\/\/transamerica93.com.br\/home\/wp-json\/wp\/v2\/posts\/5509\/revisions"}],"predecessor-version":[{"id":5511,"href":"https:\/\/transamerica93.com.br\/home\/wp-json\/wp\/v2\/posts\/5509\/revisions\/5511"}],"wp:featuredmedia":[{"embeddable":true,"href":"https:\/\/transamerica93.com.br\/home\/wp-json\/wp\/v2\/media\/5510"}],"wp:attachment":[{"href":"https:\/\/transamerica93.com.br\/home\/wp-json\/wp\/v2\/media?parent=5509"}],"wp:term":[{"taxonomy":"category","embeddable":true,"href":"https:\/\/transamerica93.com.br\/home\/wp-json\/wp\/v2\/categories?post=5509"},{"taxonomy":"post_tag","embeddable":true,"href":"https:\/\/transamerica93.com.br\/home\/wp-json\/wp\/v2\/tags?post=5509"}],"curies":[{"name":"wp","href":"https:\/\/api.w.org\/{rel}","templated":true}]}}