{"id":5528,"date":"2025-06-03T09:00:22","date_gmt":"2025-06-03T12:00:22","guid":{"rendered":"https:\/\/transamerica93.com.br\/home\/?p=5528"},"modified":"2025-05-19T07:45:30","modified_gmt":"2025-05-19T10:45:30","slug":"ha-35-anos-oms-deixava-de-considerar-homossexualidade-uma-doenca","status":"publish","type":"post","link":"https:\/\/transamerica93.com.br\/home\/ha-35-anos-oms-deixava-de-considerar-homossexualidade-uma-doenca\/","title":{"rendered":"H\u00e1 35 anos, OMS deixava de considerar homossexualidade uma doen\u00e7a"},"content":{"rendered":"<div class=\"conteudo-noticia\">\n<p>No dia 16 de maio de 1990, quem consultasse o C\u00f3digo Internacional de Doen\u00e7as (CID), encontraria o termo homossexualidade ao lado do n\u00famero 302.0. Havia anos, no entanto, que a comunidade de LGBT lutava para que houvesse uma revis\u00e3o da publica\u00e7\u00e3o, da Organiza\u00e7\u00e3o Mundial da Sa\u00fade (OMS), e a palavra fosse retirada da lista de doen\u00e7as.<img decoding=\"async\" data-src=\"https:\/\/agenciabrasil.ebc.com.br\/ebc.png?id=1643010&amp;o=node\" src=\"data:image\/svg+xml;base64,PHN2ZyB3aWR0aD0iMSIgaGVpZ2h0PSIxIiB4bWxucz0iaHR0cDovL3d3dy53My5vcmcvMjAwMC9zdmciPjwvc3ZnPg==\" class=\"lazyload\" \/><img decoding=\"async\" data-src=\"https:\/\/agenciabrasil.ebc.com.br\/ebc.gif?id=1643010&amp;o=node\" src=\"data:image\/svg+xml;base64,PHN2ZyB3aWR0aD0iMSIgaGVpZ2h0PSIxIiB4bWxucz0iaHR0cDovL3d3dy53My5vcmcvMjAwMC9zdmciPjwvc3ZnPg==\" class=\"lazyload\" \/><\/p>\n<p>O dia seguinte seria considerado, portanto, um marco para os ativistas LGBT, j\u00e1 que a OMS, em sua 43\u00aa assembleia mundial, naquela data, finalmente revisaria o CID e deixaria de considerar a homossexualidade uma doen\u00e7a.<\/p>\n<p>Desde 2004, a data passou a ser conhecida como o Dia Internacional de Combate \u00e0 LGBTfobia, que <strong>celebra os 35 anos dessa decis\u00e3o da OMS<\/strong>.<\/p>\n<blockquote><p>\u201cFoi muito importante que uma das primeiras lutas desse ativismo organizado LGBTI+, justamente tenha sido combater os discursos e as tentativas de patologiza\u00e7\u00e3o\u201d, afirma o professor de Direito da Universidade Federal de S\u00e3o Paulo (Unifesp) e coordenador do N\u00facleo TransUnifesp, Renan Quinalha.<\/p><\/blockquote>\n<p>Segundo ele, a patologiza\u00e7\u00e3o da homossexualidade surge ainda no s\u00e9culo 19.<\/p>\n<p><strong>\u201cA primeira vez que o termo aparece, em 1869, como homossexualismo ainda, \u00e9 num tratado de psicopatologia sexual\u201d, ressalta o pesquisador.<\/strong><\/p>\n<p>Ele acrescenta que, entre o fim do s\u00e9culo 19 e o in\u00edcio do s\u00e9culo 20, esse discurso de homossexualidade como doen\u00e7a se intensifica, a ponto de haver manic\u00f4mios judiciais e hospitais psiqui\u00e1tricos \u201ccheios de homossexuais, pessoas acusadas de serem homossexuais ou assim diagnosticadas\u201d.<\/p>\n<blockquote><p>\u201cUma s\u00e9rie de torturas eram praticadas contra elas nessas terapias de reorienta\u00e7\u00e3o sexual, como eletrochoque, convulsoterapia, lobotomia\u201d.<\/p><\/blockquote>\n<p>Em 1948, o C\u00f3digo Internacional de Doen\u00e7as, em sua sexta edi\u00e7\u00e3o, passou a considerar homossexualidade um transtorno de personalidade. Quatro anos depois, a Associa\u00e7\u00e3o Americana de Psiquiatria (APA) lan\u00e7aria a primeira edi\u00e7\u00e3o de seu Manual Diagn\u00f3stico e Estat\u00edstico de Transtornos Mentais (DSM), que incluiria a homossexualidade como um \u201cdesvio sexual\u201d.<\/p>\n<p>A luta de ativistas LGBT para reverter essa tend\u00eancia de patologiza\u00e7\u00e3o dessa orienta\u00e7\u00e3o sexual come\u00e7ou a dar frutos na d\u00e9cada de 1970.\u00a0<strong>Em 1973, a APA decidiu retirar a palavra homossexualidade do DSM.<\/strong><\/p>\n<p>\u201cLogo em seguida, outros pa\u00edses caminham nesse sentido. O Brasil fez isso em 1985, gra\u00e7as a um abaixo-assinado, feito pelo Grupo Gay da Bahia, que contou com milhares de assinaturas, inclusive de personalidades not\u00e1veis da pol\u00edtica da \u00e9poca, como Fernando Henrique Cardoso e M\u00e1rio Covas\u201d, lembra Quinalha.<\/p>\n<blockquote><p>\u201cA\u00ed a gente chega nos anos 90, com essa decis\u00e3o da OMS, important\u00edssima, e retira [a homossexualidade] dessa classifica\u00e7\u00e3o internacional. Isso refor\u00e7a esse processo de despatologiza\u00e7\u00e3o que vinha se intensificando\u201d.<\/p><\/blockquote>\n<p>Apesar disso, Quinalha destaca que a vis\u00e3o da homossexualidade como uma patologia ainda persiste, principalmente em comunidades terap\u00eauticas ligadas a denomina\u00e7\u00f5es evang\u00e9licas, como as chamadas \u201ccuras gay\u201d.<\/p>\n<p><strong>\u201cA gente ainda v\u00ea essas pr\u00e1ticas sendo ofertadas, contrariando resolu\u00e7\u00f5es do Conselho Federal de Medicina e do Conselho Federal de Psicologia\u201d, disse.<\/strong><\/p>\n<p>Em suas redes sociais, a ministra dos Direitos Humanos e da Cidadania, Maca\u00e9 Evaristo, lembrou que o Dia Internacional de Combate \u00e0 LGBTfobia foi oficializado pelo Minist\u00e9rio da Sa\u00fade, em 2010.<\/p>\n<blockquote><p>&#8220;A data \u00e9 um momento de reflex\u00e3o e resist\u00eancia, mas tamb\u00e9m de celebra\u00e7\u00e3o das conquistas obtidas por meio da luta de movimentos sociais e ativistas, que, ao longo das d\u00e9cadas, v\u00eam construindo um Brasil mais justo, diverso e plural&#8221;, afirma a ministra.<\/p><\/blockquote>\n<p><strong>A ministra, no entanto, alerta que a popula\u00e7\u00e3o LGBT ainda enfrenta viola\u00e7\u00f5es de direitos, discrimina\u00e7\u00e3o e viol\u00eancia motivada por orienta\u00e7\u00e3o sexual ou identidade de g\u00eanero.<\/strong><\/p>\n<div class=\"noticias-relacionadas rel-position rowflex\">\n<div class=\"titulo-noticia-relacionada\"><\/div>\n<\/div>\n<\/div>\n<div class=\"footer-noticia\">\n<div class=\"editor rowflex\">Edi\u00e7\u00e3o: Fernando Fraga<\/div>\n<\/div>\n","protected":false},"excerpt":{"rendered":"<p>No dia 16 de maio de 1990, quem consultasse o C\u00f3digo Internacional de Doen\u00e7as (CID), encontraria o termo homossexualidade ao lado do n\u00famero 302.0. Havia anos, no entanto, que a comunidade de LGBT lutava para que houvesse uma revis\u00e3o da publica\u00e7\u00e3o, da Organiza\u00e7\u00e3o Mundial da Sa\u00fade (OMS), e a palavra fosse retirada da lista de &hellip;<\/p>\n","protected":false},"author":1,"featured_media":5529,"comment_status":"closed","ping_status":"closed","sticky":false,"template":"","format":"standard","meta":{"footnotes":""},"categories":[30],"tags":[],"class_list":["post-5528","post","type-post","status-publish","format-standard","has-post-thumbnail","hentry","category-geral"],"yoast_head":"<!-- This site is optimized with the Yoast SEO plugin v27.4 - https:\/\/yoast.com\/product\/yoast-seo-wordpress\/ -->\n<title>H\u00e1 35 anos, OMS deixava de considerar homossexualidade uma doen\u00e7a - Transam\u00e9rica Mococa 93,3<\/title>\n<meta name=\"robots\" content=\"index, follow, max-snippet:-1, max-image-preview:large, max-video-preview:-1\" \/>\n<link rel=\"canonical\" href=\"https:\/\/transamerica93.com.br\/home\/ha-35-anos-oms-deixava-de-considerar-homossexualidade-uma-doenca\/\" \/>\n<meta property=\"og:locale\" content=\"pt_BR\" \/>\n<meta property=\"og:type\" content=\"article\" \/>\n<meta property=\"og:title\" content=\"H\u00e1 35 anos, OMS deixava de considerar homossexualidade uma doen\u00e7a - Transam\u00e9rica Mococa 93,3\" \/>\n<meta property=\"og:description\" content=\"No dia 16 de maio de 1990, quem consultasse o C\u00f3digo Internacional de Doen\u00e7as (CID), encontraria o termo homossexualidade ao lado do n\u00famero 302.0. Havia anos, no entanto, que a comunidade de LGBT lutava para que houvesse uma revis\u00e3o da publica\u00e7\u00e3o, da Organiza\u00e7\u00e3o Mundial da Sa\u00fade (OMS), e a palavra fosse retirada da lista de &hellip;\" \/>\n<meta property=\"og:url\" content=\"https:\/\/transamerica93.com.br\/home\/ha-35-anos-oms-deixava-de-considerar-homossexualidade-uma-doenca\/\" \/>\n<meta property=\"og:site_name\" content=\"Transam\u00e9rica Mococa 93,3\" \/>\n<meta property=\"article:publisher\" content=\"https:\/\/www.facebook.com\/transamericamococa\" \/>\n<meta property=\"article:published_time\" content=\"2025-06-03T12:00:22+00:00\" \/>\n<meta property=\"og:image\" content=\"https:\/\/transamerica93.com.br\/home\/wp-content\/uploads\/2025\/05\/1-86.jpg\" \/>\n\t<meta property=\"og:image:width\" content=\"1170\" \/>\n\t<meta property=\"og:image:height\" content=\"700\" \/>\n\t<meta property=\"og:image:type\" content=\"image\/jpeg\" \/>\n<meta name=\"author\" content=\"Reda\u00e7\u00e3o\" \/>\n<meta name=\"twitter:card\" content=\"summary_large_image\" \/>\n<meta name=\"twitter:creator\" content=\"@transamerica933\" \/>\n<meta name=\"twitter:site\" content=\"@transamerica933\" \/>\n<meta name=\"twitter:label1\" content=\"Escrito por\" \/>\n\t<meta name=\"twitter:data1\" content=\"Reda\u00e7\u00e3o\" \/>\n\t<meta name=\"twitter:label2\" content=\"Est. tempo de leitura\" \/>\n\t<meta name=\"twitter:data2\" content=\"3 minutos\" \/>\n<script type=\"application\/ld+json\" class=\"yoast-schema-graph\">{\"@context\":\"https:\\\/\\\/schema.org\",\"@graph\":[{\"@type\":\"Article\",\"@id\":\"https:\\\/\\\/transamerica93.com.br\\\/home\\\/ha-35-anos-oms-deixava-de-considerar-homossexualidade-uma-doenca\\\/#article\",\"isPartOf\":{\"@id\":\"https:\\\/\\\/transamerica93.com.br\\\/home\\\/ha-35-anos-oms-deixava-de-considerar-homossexualidade-uma-doenca\\\/\"},\"author\":{\"name\":\"Reda\u00e7\u00e3o\",\"@id\":\"https:\\\/\\\/transamerica93.com.br\\\/home\\\/#\\\/schema\\\/person\\\/7fed7c99c0d4562efa8561bc0f543172\"},\"headline\":\"H\u00e1 35 anos, OMS deixava de considerar homossexualidade uma doen\u00e7a\",\"datePublished\":\"2025-06-03T12:00:22+00:00\",\"mainEntityOfPage\":{\"@id\":\"https:\\\/\\\/transamerica93.com.br\\\/home\\\/ha-35-anos-oms-deixava-de-considerar-homossexualidade-uma-doenca\\\/\"},\"wordCount\":617,\"publisher\":{\"@id\":\"https:\\\/\\\/transamerica93.com.br\\\/home\\\/#organization\"},\"image\":{\"@id\":\"https:\\\/\\\/transamerica93.com.br\\\/home\\\/ha-35-anos-oms-deixava-de-considerar-homossexualidade-uma-doenca\\\/#primaryimage\"},\"thumbnailUrl\":\"https:\\\/\\\/transamerica93.com.br\\\/home\\\/wp-content\\\/uploads\\\/2025\\\/05\\\/1-86.jpg\",\"articleSection\":[\"Geral\"],\"inLanguage\":\"pt-BR\"},{\"@type\":\"WebPage\",\"@id\":\"https:\\\/\\\/transamerica93.com.br\\\/home\\\/ha-35-anos-oms-deixava-de-considerar-homossexualidade-uma-doenca\\\/\",\"url\":\"https:\\\/\\\/transamerica93.com.br\\\/home\\\/ha-35-anos-oms-deixava-de-considerar-homossexualidade-uma-doenca\\\/\",\"name\":\"H\u00e1 35 anos, OMS deixava de considerar homossexualidade uma doen\u00e7a - Transam\u00e9rica Mococa 93,3\",\"isPartOf\":{\"@id\":\"https:\\\/\\\/transamerica93.com.br\\\/home\\\/#website\"},\"primaryImageOfPage\":{\"@id\":\"https:\\\/\\\/transamerica93.com.br\\\/home\\\/ha-35-anos-oms-deixava-de-considerar-homossexualidade-uma-doenca\\\/#primaryimage\"},\"image\":{\"@id\":\"https:\\\/\\\/transamerica93.com.br\\\/home\\\/ha-35-anos-oms-deixava-de-considerar-homossexualidade-uma-doenca\\\/#primaryimage\"},\"thumbnailUrl\":\"https:\\\/\\\/transamerica93.com.br\\\/home\\\/wp-content\\\/uploads\\\/2025\\\/05\\\/1-86.jpg\",\"datePublished\":\"2025-06-03T12:00:22+00:00\",\"breadcrumb\":{\"@id\":\"https:\\\/\\\/transamerica93.com.br\\\/home\\\/ha-35-anos-oms-deixava-de-considerar-homossexualidade-uma-doenca\\\/#breadcrumb\"},\"inLanguage\":\"pt-BR\",\"potentialAction\":[{\"@type\":\"ReadAction\",\"target\":[\"https:\\\/\\\/transamerica93.com.br\\\/home\\\/ha-35-anos-oms-deixava-de-considerar-homossexualidade-uma-doenca\\\/\"]}]},{\"@type\":\"ImageObject\",\"inLanguage\":\"pt-BR\",\"@id\":\"https:\\\/\\\/transamerica93.com.br\\\/home\\\/ha-35-anos-oms-deixava-de-considerar-homossexualidade-uma-doenca\\\/#primaryimage\",\"url\":\"https:\\\/\\\/transamerica93.com.br\\\/home\\\/wp-content\\\/uploads\\\/2025\\\/05\\\/1-86.jpg\",\"contentUrl\":\"https:\\\/\\\/transamerica93.com.br\\\/home\\\/wp-content\\\/uploads\\\/2025\\\/05\\\/1-86.jpg\",\"width\":1170,\"height\":700,\"caption\":\"\u00a9 conflgbtqia.org\\\/Divulga\u00e7\u00e3o\"},{\"@type\":\"BreadcrumbList\",\"@id\":\"https:\\\/\\\/transamerica93.com.br\\\/home\\\/ha-35-anos-oms-deixava-de-considerar-homossexualidade-uma-doenca\\\/#breadcrumb\",\"itemListElement\":[{\"@type\":\"ListItem\",\"position\":1,\"name\":\"In\u00edcio\",\"item\":\"https:\\\/\\\/transamerica93.com.br\\\/home\\\/\"},{\"@type\":\"ListItem\",\"position\":2,\"name\":\"H\u00e1 35 anos, OMS deixava de considerar homossexualidade uma doen\u00e7a\"}]},{\"@type\":\"WebSite\",\"@id\":\"https:\\\/\\\/transamerica93.com.br\\\/home\\\/#website\",\"url\":\"https:\\\/\\\/transamerica93.com.br\\\/home\\\/\",\"name\":\"Transam\u00e9rica Mococa 93,3\",\"description\":\"\",\"publisher\":{\"@id\":\"https:\\\/\\\/transamerica93.com.br\\\/home\\\/#organization\"},\"potentialAction\":[{\"@type\":\"SearchAction\",\"target\":{\"@type\":\"EntryPoint\",\"urlTemplate\":\"https:\\\/\\\/transamerica93.com.br\\\/home\\\/?s={search_term_string}\"},\"query-input\":{\"@type\":\"PropertyValueSpecification\",\"valueRequired\":true,\"valueName\":\"search_term_string\"}}],\"inLanguage\":\"pt-BR\"},{\"@type\":\"Organization\",\"@id\":\"https:\\\/\\\/transamerica93.com.br\\\/home\\\/#organization\",\"name\":\"Transam\u00e9rica Mococa 93,3\",\"url\":\"https:\\\/\\\/transamerica93.com.br\\\/home\\\/\",\"logo\":{\"@type\":\"ImageObject\",\"inLanguage\":\"pt-BR\",\"@id\":\"https:\\\/\\\/transamerica93.com.br\\\/home\\\/#\\\/schema\\\/logo\\\/image\\\/\",\"url\":\"https:\\\/\\\/transamerica93.com.br\\\/home\\\/wp-content\\\/uploads\\\/2023\\\/10\\\/logo2.png\",\"contentUrl\":\"https:\\\/\\\/transamerica93.com.br\\\/home\\\/wp-content\\\/uploads\\\/2023\\\/10\\\/logo2.png\",\"width\":800,\"height\":500,\"caption\":\"Transam\u00e9rica Mococa 93,3\"},\"image\":{\"@id\":\"https:\\\/\\\/transamerica93.com.br\\\/home\\\/#\\\/schema\\\/logo\\\/image\\\/\"},\"sameAs\":[\"https:\\\/\\\/www.facebook.com\\\/transamericamococa\",\"https:\\\/\\\/x.com\\\/transamerica933\",\"https:\\\/\\\/www.instagram.com\\\/transamericamococa\"]},{\"@type\":\"Person\",\"@id\":\"https:\\\/\\\/transamerica93.com.br\\\/home\\\/#\\\/schema\\\/person\\\/7fed7c99c0d4562efa8561bc0f543172\",\"name\":\"Reda\u00e7\u00e3o\",\"image\":{\"@type\":\"ImageObject\",\"inLanguage\":\"pt-BR\",\"@id\":\"https:\\\/\\\/secure.gravatar.com\\\/avatar\\\/1072c6b775fb02ef8506ce967551d95926669a6b7d2c2147b42eea4d7c68395e?s=96&d=mm&r=g\",\"url\":\"https:\\\/\\\/secure.gravatar.com\\\/avatar\\\/1072c6b775fb02ef8506ce967551d95926669a6b7d2c2147b42eea4d7c68395e?s=96&d=mm&r=g\",\"contentUrl\":\"https:\\\/\\\/secure.gravatar.com\\\/avatar\\\/1072c6b775fb02ef8506ce967551d95926669a6b7d2c2147b42eea4d7c68395e?s=96&d=mm&r=g\",\"caption\":\"Reda\u00e7\u00e3o\"},\"sameAs\":[\"https:\\\/\\\/transamerica93.com.br\\\/home\"],\"url\":\"https:\\\/\\\/transamerica93.com.br\\\/home\\\/author\\\/william\\\/\"}]}<\/script>\n<!-- \/ Yoast SEO plugin. -->","yoast_head_json":{"title":"H\u00e1 35 anos, OMS deixava de considerar homossexualidade uma doen\u00e7a - Transam\u00e9rica Mococa 93,3","robots":{"index":"index","follow":"follow","max-snippet":"max-snippet:-1","max-image-preview":"max-image-preview:large","max-video-preview":"max-video-preview:-1"},"canonical":"https:\/\/transamerica93.com.br\/home\/ha-35-anos-oms-deixava-de-considerar-homossexualidade-uma-doenca\/","og_locale":"pt_BR","og_type":"article","og_title":"H\u00e1 35 anos, OMS deixava de considerar homossexualidade uma doen\u00e7a - Transam\u00e9rica Mococa 93,3","og_description":"No dia 16 de maio de 1990, quem consultasse o C\u00f3digo Internacional de Doen\u00e7as (CID), encontraria o termo homossexualidade ao lado do n\u00famero 302.0. Havia anos, no entanto, que a comunidade de LGBT lutava para que houvesse uma revis\u00e3o da publica\u00e7\u00e3o, da Organiza\u00e7\u00e3o Mundial da Sa\u00fade (OMS), e a palavra fosse retirada da lista de &hellip;","og_url":"https:\/\/transamerica93.com.br\/home\/ha-35-anos-oms-deixava-de-considerar-homossexualidade-uma-doenca\/","og_site_name":"Transam\u00e9rica Mococa 93,3","article_publisher":"https:\/\/www.facebook.com\/transamericamococa","article_published_time":"2025-06-03T12:00:22+00:00","og_image":[{"width":1170,"height":700,"url":"https:\/\/transamerica93.com.br\/home\/wp-content\/uploads\/2025\/05\/1-86.jpg","type":"image\/jpeg"}],"author":"Reda\u00e7\u00e3o","twitter_card":"summary_large_image","twitter_creator":"@transamerica933","twitter_site":"@transamerica933","twitter_misc":{"Escrito por":"Reda\u00e7\u00e3o","Est. tempo de leitura":"3 minutos"},"schema":{"@context":"https:\/\/schema.org","@graph":[{"@type":"Article","@id":"https:\/\/transamerica93.com.br\/home\/ha-35-anos-oms-deixava-de-considerar-homossexualidade-uma-doenca\/#article","isPartOf":{"@id":"https:\/\/transamerica93.com.br\/home\/ha-35-anos-oms-deixava-de-considerar-homossexualidade-uma-doenca\/"},"author":{"name":"Reda\u00e7\u00e3o","@id":"https:\/\/transamerica93.com.br\/home\/#\/schema\/person\/7fed7c99c0d4562efa8561bc0f543172"},"headline":"H\u00e1 35 anos, OMS deixava de considerar homossexualidade uma doen\u00e7a","datePublished":"2025-06-03T12:00:22+00:00","mainEntityOfPage":{"@id":"https:\/\/transamerica93.com.br\/home\/ha-35-anos-oms-deixava-de-considerar-homossexualidade-uma-doenca\/"},"wordCount":617,"publisher":{"@id":"https:\/\/transamerica93.com.br\/home\/#organization"},"image":{"@id":"https:\/\/transamerica93.com.br\/home\/ha-35-anos-oms-deixava-de-considerar-homossexualidade-uma-doenca\/#primaryimage"},"thumbnailUrl":"https:\/\/transamerica93.com.br\/home\/wp-content\/uploads\/2025\/05\/1-86.jpg","articleSection":["Geral"],"inLanguage":"pt-BR"},{"@type":"WebPage","@id":"https:\/\/transamerica93.com.br\/home\/ha-35-anos-oms-deixava-de-considerar-homossexualidade-uma-doenca\/","url":"https:\/\/transamerica93.com.br\/home\/ha-35-anos-oms-deixava-de-considerar-homossexualidade-uma-doenca\/","name":"H\u00e1 35 anos, OMS deixava de considerar homossexualidade uma doen\u00e7a - Transam\u00e9rica Mococa 93,3","isPartOf":{"@id":"https:\/\/transamerica93.com.br\/home\/#website"},"primaryImageOfPage":{"@id":"https:\/\/transamerica93.com.br\/home\/ha-35-anos-oms-deixava-de-considerar-homossexualidade-uma-doenca\/#primaryimage"},"image":{"@id":"https:\/\/transamerica93.com.br\/home\/ha-35-anos-oms-deixava-de-considerar-homossexualidade-uma-doenca\/#primaryimage"},"thumbnailUrl":"https:\/\/transamerica93.com.br\/home\/wp-content\/uploads\/2025\/05\/1-86.jpg","datePublished":"2025-06-03T12:00:22+00:00","breadcrumb":{"@id":"https:\/\/transamerica93.com.br\/home\/ha-35-anos-oms-deixava-de-considerar-homossexualidade-uma-doenca\/#breadcrumb"},"inLanguage":"pt-BR","potentialAction":[{"@type":"ReadAction","target":["https:\/\/transamerica93.com.br\/home\/ha-35-anos-oms-deixava-de-considerar-homossexualidade-uma-doenca\/"]}]},{"@type":"ImageObject","inLanguage":"pt-BR","@id":"https:\/\/transamerica93.com.br\/home\/ha-35-anos-oms-deixava-de-considerar-homossexualidade-uma-doenca\/#primaryimage","url":"https:\/\/transamerica93.com.br\/home\/wp-content\/uploads\/2025\/05\/1-86.jpg","contentUrl":"https:\/\/transamerica93.com.br\/home\/wp-content\/uploads\/2025\/05\/1-86.jpg","width":1170,"height":700,"caption":"\u00a9 conflgbtqia.org\/Divulga\u00e7\u00e3o"},{"@type":"BreadcrumbList","@id":"https:\/\/transamerica93.com.br\/home\/ha-35-anos-oms-deixava-de-considerar-homossexualidade-uma-doenca\/#breadcrumb","itemListElement":[{"@type":"ListItem","position":1,"name":"In\u00edcio","item":"https:\/\/transamerica93.com.br\/home\/"},{"@type":"ListItem","position":2,"name":"H\u00e1 35 anos, OMS deixava de considerar homossexualidade uma doen\u00e7a"}]},{"@type":"WebSite","@id":"https:\/\/transamerica93.com.br\/home\/#website","url":"https:\/\/transamerica93.com.br\/home\/","name":"Transam\u00e9rica Mococa 93,3","description":"","publisher":{"@id":"https:\/\/transamerica93.com.br\/home\/#organization"},"potentialAction":[{"@type":"SearchAction","target":{"@type":"EntryPoint","urlTemplate":"https:\/\/transamerica93.com.br\/home\/?s={search_term_string}"},"query-input":{"@type":"PropertyValueSpecification","valueRequired":true,"valueName":"search_term_string"}}],"inLanguage":"pt-BR"},{"@type":"Organization","@id":"https:\/\/transamerica93.com.br\/home\/#organization","name":"Transam\u00e9rica Mococa 93,3","url":"https:\/\/transamerica93.com.br\/home\/","logo":{"@type":"ImageObject","inLanguage":"pt-BR","@id":"https:\/\/transamerica93.com.br\/home\/#\/schema\/logo\/image\/","url":"https:\/\/transamerica93.com.br\/home\/wp-content\/uploads\/2023\/10\/logo2.png","contentUrl":"https:\/\/transamerica93.com.br\/home\/wp-content\/uploads\/2023\/10\/logo2.png","width":800,"height":500,"caption":"Transam\u00e9rica Mococa 93,3"},"image":{"@id":"https:\/\/transamerica93.com.br\/home\/#\/schema\/logo\/image\/"},"sameAs":["https:\/\/www.facebook.com\/transamericamococa","https:\/\/x.com\/transamerica933","https:\/\/www.instagram.com\/transamericamococa"]},{"@type":"Person","@id":"https:\/\/transamerica93.com.br\/home\/#\/schema\/person\/7fed7c99c0d4562efa8561bc0f543172","name":"Reda\u00e7\u00e3o","image":{"@type":"ImageObject","inLanguage":"pt-BR","@id":"https:\/\/secure.gravatar.com\/avatar\/1072c6b775fb02ef8506ce967551d95926669a6b7d2c2147b42eea4d7c68395e?s=96&d=mm&r=g","url":"https:\/\/secure.gravatar.com\/avatar\/1072c6b775fb02ef8506ce967551d95926669a6b7d2c2147b42eea4d7c68395e?s=96&d=mm&r=g","contentUrl":"https:\/\/secure.gravatar.com\/avatar\/1072c6b775fb02ef8506ce967551d95926669a6b7d2c2147b42eea4d7c68395e?s=96&d=mm&r=g","caption":"Reda\u00e7\u00e3o"},"sameAs":["https:\/\/transamerica93.com.br\/home"],"url":"https:\/\/transamerica93.com.br\/home\/author\/william\/"}]}},"_links":{"self":[{"href":"https:\/\/transamerica93.com.br\/home\/wp-json\/wp\/v2\/posts\/5528","targetHints":{"allow":["GET"]}}],"collection":[{"href":"https:\/\/transamerica93.com.br\/home\/wp-json\/wp\/v2\/posts"}],"about":[{"href":"https:\/\/transamerica93.com.br\/home\/wp-json\/wp\/v2\/types\/post"}],"author":[{"embeddable":true,"href":"https:\/\/transamerica93.com.br\/home\/wp-json\/wp\/v2\/users\/1"}],"replies":[{"embeddable":true,"href":"https:\/\/transamerica93.com.br\/home\/wp-json\/wp\/v2\/comments?post=5528"}],"version-history":[{"count":1,"href":"https:\/\/transamerica93.com.br\/home\/wp-json\/wp\/v2\/posts\/5528\/revisions"}],"predecessor-version":[{"id":5530,"href":"https:\/\/transamerica93.com.br\/home\/wp-json\/wp\/v2\/posts\/5528\/revisions\/5530"}],"wp:featuredmedia":[{"embeddable":true,"href":"https:\/\/transamerica93.com.br\/home\/wp-json\/wp\/v2\/media\/5529"}],"wp:attachment":[{"href":"https:\/\/transamerica93.com.br\/home\/wp-json\/wp\/v2\/media?parent=5528"}],"wp:term":[{"taxonomy":"category","embeddable":true,"href":"https:\/\/transamerica93.com.br\/home\/wp-json\/wp\/v2\/categories?post=5528"},{"taxonomy":"post_tag","embeddable":true,"href":"https:\/\/transamerica93.com.br\/home\/wp-json\/wp\/v2\/tags?post=5528"}],"curies":[{"name":"wp","href":"https:\/\/api.w.org\/{rel}","templated":true}]}}