{"id":5537,"date":"2025-06-06T09:00:25","date_gmt":"2025-06-06T12:00:25","guid":{"rendered":"https:\/\/transamerica93.com.br\/home\/?p=5537"},"modified":"2025-05-19T07:49:30","modified_gmt":"2025-05-19T10:49:30","slug":"defensorias-publicas-batem-recorde-de-atendimentos-em-2024","status":"publish","type":"post","link":"https:\/\/transamerica93.com.br\/home\/defensorias-publicas-batem-recorde-de-atendimentos-em-2024\/","title":{"rendered":"Defensorias P\u00fablicas batem recorde de atendimentos em 2024"},"content":{"rendered":"<div class=\"conteudo-noticia\">\n<p>Em 2024, as Defensorias P\u00fablicas realizaram mais de 29,5 milh\u00f5es de atendimentos, um crescimento de quase 20% em rela\u00e7\u00e3o ao ano anterior. O n\u00famero de manifesta\u00e7\u00f5es processuais tamb\u00e9m disparou: 25,9 milh\u00f5es, representando uma alta de 45,3%. J\u00e1 os processos judiciais iniciados somaram 4,4 milh\u00f5es no per\u00edodo.<img decoding=\"async\" data-src=\"https:\/\/agenciabrasil.ebc.com.br\/ebc.png?id=1642968&amp;o=node\" src=\"data:image\/svg+xml;base64,PHN2ZyB3aWR0aD0iMSIgaGVpZ2h0PSIxIiB4bWxucz0iaHR0cDovL3d3dy53My5vcmcvMjAwMC9zdmciPjwvc3ZnPg==\" class=\"lazyload\" \/><img decoding=\"async\" data-src=\"https:\/\/agenciabrasil.ebc.com.br\/ebc.gif?id=1642968&amp;o=node\" src=\"data:image\/svg+xml;base64,PHN2ZyB3aWR0aD0iMSIgaGVpZ2h0PSIxIiB4bWxucz0iaHR0cDovL3d3dy53My5vcmcvMjAwMC9zdmciPjwvc3ZnPg==\" class=\"lazyload\" \/><\/p>\n<p>Os dados constam da\u00a0<a href=\"https:\/\/pesquisanacionaldefensoria.com.br\/\" target=\"_blank\" rel=\"noopener\">Pesquisa Nacional da Defensoria P\u00fablica 2025<\/a>, divulgada nesta sexta-feira (16), no Rio de Janeiro.<\/p>\n<p>Fruto de uma articula\u00e7\u00e3o nacional, a pesquisa \u00e9 realizada em parceria com o Conselho Nacional das Defensoras e Defensores P\u00fablicos-Gerais (Condege), o Col\u00e9gio Nacional dos Corregedores-Gerais (CNCG), a Defensoria P\u00fablica da Uni\u00e3o (DPU), a Associa\u00e7\u00e3o Nacional das Defensoras e Defensores P\u00fablicos Federais (ANADEF) e o Centro de Estudos Jur\u00eddicos da DPRJ (Cejur). O levantamento traz dados atualizados sobre a atua\u00e7\u00e3o e a estrutura das Defensorias P\u00fablicas de todo o pa\u00eds, revelando avan\u00e7os, desafios e contrastes que ainda persistem.<\/p>\n<p>Apesar do avan\u00e7o, a presen\u00e7a da Defensoria P\u00fablica ainda est\u00e1 longe de alcan\u00e7ar todo o territ\u00f3rio nacional. Apenas 52% das comarcas brasileiras (1.334 de um total de 2.563) contam com atendimento regular. Em outras 1.029 comarcas (40,2%), o servi\u00e7o \u00e9 prestado de forma complementar, muitas vezes por meio da advocacia dativa, um modelo considerado mais caro e menos eficaz.<\/p>\n<p><a href=\"https:\/\/www.whatsapp.com\/channel\/0029VaoRTgrInlqYLSk59B2M\" target=\"_blank\" rel=\"noopener\">&gt;&gt; Siga o canal da\u00a0<strong>Ag\u00eancia Brasil\u00a0<\/strong>no WhatsApp<\/a><\/p>\n<p>Entre 2021 e 2025, a cobertura aumentou 12,8 pontos percentuais, passando de 47,0% (em 2021) para 59,8% (em 2025), mas ainda 15 estados descumprem a Emenda Constitucional n\u00ba 80\/2014, que determina a presen\u00e7a da Defensoria em todas as comarcas (Bahia, Cear\u00e1, Esp\u00edrito Santo, Goi\u00e1s, Maranh\u00e3o, Minas Gerais, Par\u00e1, Para\u00edba, Paran\u00e1, Pernambuco, Piau\u00ed, Rio Grande do Norte, Santa Catarina, S\u00e3o Paulo e Sergipe).<\/p>\n<p>O Brasil conta hoje com 7.520 defensoras e defensores p\u00fablicos, o que equivale a um profissional para cada 31.107 habitantes. Quando se considera apenas a popula\u00e7\u00e3o em situa\u00e7\u00e3o de vulnerabilidade, essa m\u00e9dia melhora para um defensor a cada 27.363 pessoas. A situa\u00e7\u00e3o \u00e9 ainda mais cr\u00edtica na esfera federal: na Justi\u00e7a Federal, h\u00e1 apenas um defensor da Uni\u00e3o para cada 309.889 habitantes.<\/p>\n<p>O evento contou com a presen\u00e7a do ministro da Justi\u00e7a e Seguran\u00e7a P\u00fablica, Ricardo Lewandowski.<\/p>\n<blockquote><p>\u201cA Defensoria da Uni\u00e3o e dos estados est\u00e3o em defesa dos que s\u00e3o menos favorecidos economicamente. A Defensoria P\u00fablica \u00e9 um esteio fundamental do Estado Democr\u00e1tico de Direito porque est\u00e1 na trincheira da defesa dos direitos fundamentais daqueles que n\u00e3o podem se defender\u201d, disse o ministro.<\/p><\/blockquote>\n<h2>Destaque<\/h2>\n<p>O estado do Rio de Janeiro aparece com destaque em v\u00e1rios quesitos. Com 5.104 integrantes, a DPRJ \u00e9 a segunda maior do pa\u00eds, atr\u00e1s apenas da Defensoria de S\u00e3o Paulo. Tamb\u00e9m se sobressai pela composi\u00e7\u00e3o de sua for\u00e7a de trabalho: 66,9% dos profissionais s\u00e3o mulheres, o maior percentual do Brasil.<\/p>\n<p>Outro dado relevante \u00e9 a inclus\u00e3o dos acordos extrajudiciais firmados pela DPRJ na base nacional, a partir de 2023. Isso ajudou a impulsionar um aumento expressivo de 980,5% nos registros. Desde 2006, o n\u00famero de acordos no pa\u00eds cresceu 2.075,8%, sinalizando a consolida\u00e7\u00e3o da cultura da media\u00e7\u00e3o e da resolu\u00e7\u00e3o consensual de conflitos.<\/p>\n<\/div>\n<div class=\"footer-noticia\">\n<div class=\"editor rowflex\">Edi\u00e7\u00e3o: Maria Claudia<\/div>\n<\/div>\n","protected":false},"excerpt":{"rendered":"<p>Em 2024, as Defensorias P\u00fablicas realizaram mais de 29,5 milh\u00f5es de atendimentos, um crescimento de quase 20% em rela\u00e7\u00e3o ao ano anterior. O n\u00famero de manifesta\u00e7\u00f5es processuais tamb\u00e9m disparou: 25,9 milh\u00f5es, representando uma alta de 45,3%. J\u00e1 os processos judiciais iniciados somaram 4,4 milh\u00f5es no per\u00edodo. Os dados constam da\u00a0Pesquisa Nacional da Defensoria P\u00fablica 2025, &hellip;<\/p>\n","protected":false},"author":1,"featured_media":5538,"comment_status":"closed","ping_status":"closed","sticky":false,"template":"","format":"standard","meta":{"footnotes":""},"categories":[30],"tags":[],"class_list":["post-5537","post","type-post","status-publish","format-standard","has-post-thumbnail","hentry","category-geral"],"yoast_head":"<!-- This site is optimized with the Yoast SEO plugin v27.4 - https:\/\/yoast.com\/product\/yoast-seo-wordpress\/ -->\n<title>Defensorias P\u00fablicas batem recorde de atendimentos em 2024 - Transam\u00e9rica Mococa 93,3<\/title>\n<meta name=\"robots\" content=\"index, follow, max-snippet:-1, max-image-preview:large, max-video-preview:-1\" \/>\n<link rel=\"canonical\" href=\"https:\/\/transamerica93.com.br\/home\/defensorias-publicas-batem-recorde-de-atendimentos-em-2024\/\" \/>\n<meta property=\"og:locale\" content=\"pt_BR\" \/>\n<meta property=\"og:type\" content=\"article\" \/>\n<meta property=\"og:title\" content=\"Defensorias P\u00fablicas batem recorde de atendimentos em 2024 - Transam\u00e9rica Mococa 93,3\" \/>\n<meta property=\"og:description\" content=\"Em 2024, as Defensorias P\u00fablicas realizaram mais de 29,5 milh\u00f5es de atendimentos, um crescimento de quase 20% em rela\u00e7\u00e3o ao ano anterior. O n\u00famero de manifesta\u00e7\u00f5es processuais tamb\u00e9m disparou: 25,9 milh\u00f5es, representando uma alta de 45,3%. J\u00e1 os processos judiciais iniciados somaram 4,4 milh\u00f5es no per\u00edodo. Os dados constam da\u00a0Pesquisa Nacional da Defensoria P\u00fablica 2025, &hellip;\" \/>\n<meta property=\"og:url\" content=\"https:\/\/transamerica93.com.br\/home\/defensorias-publicas-batem-recorde-de-atendimentos-em-2024\/\" \/>\n<meta property=\"og:site_name\" content=\"Transam\u00e9rica Mococa 93,3\" \/>\n<meta property=\"article:publisher\" content=\"https:\/\/www.facebook.com\/transamericamococa\" \/>\n<meta property=\"article:published_time\" content=\"2025-06-06T12:00:25+00:00\" \/>\n<meta property=\"og:image\" content=\"https:\/\/transamerica93.com.br\/home\/wp-content\/uploads\/2025\/05\/1-89.jpg\" \/>\n\t<meta property=\"og:image:width\" content=\"1170\" \/>\n\t<meta property=\"og:image:height\" content=\"700\" \/>\n\t<meta property=\"og:image:type\" content=\"image\/jpeg\" \/>\n<meta name=\"author\" content=\"Reda\u00e7\u00e3o\" \/>\n<meta name=\"twitter:card\" content=\"summary_large_image\" \/>\n<meta name=\"twitter:creator\" content=\"@transamerica933\" \/>\n<meta name=\"twitter:site\" content=\"@transamerica933\" \/>\n<meta name=\"twitter:label1\" content=\"Escrito por\" \/>\n\t<meta name=\"twitter:data1\" content=\"Reda\u00e7\u00e3o\" \/>\n\t<meta name=\"twitter:label2\" content=\"Est. tempo de leitura\" \/>\n\t<meta name=\"twitter:data2\" content=\"4 minutos\" \/>\n<script type=\"application\/ld+json\" class=\"yoast-schema-graph\">{\"@context\":\"https:\\\/\\\/schema.org\",\"@graph\":[{\"@type\":\"Article\",\"@id\":\"https:\\\/\\\/transamerica93.com.br\\\/home\\\/defensorias-publicas-batem-recorde-de-atendimentos-em-2024\\\/#article\",\"isPartOf\":{\"@id\":\"https:\\\/\\\/transamerica93.com.br\\\/home\\\/defensorias-publicas-batem-recorde-de-atendimentos-em-2024\\\/\"},\"author\":{\"name\":\"Reda\u00e7\u00e3o\",\"@id\":\"https:\\\/\\\/transamerica93.com.br\\\/home\\\/#\\\/schema\\\/person\\\/7fed7c99c0d4562efa8561bc0f543172\"},\"headline\":\"Defensorias P\u00fablicas batem recorde de atendimentos em 2024\",\"datePublished\":\"2025-06-06T12:00:25+00:00\",\"mainEntityOfPage\":{\"@id\":\"https:\\\/\\\/transamerica93.com.br\\\/home\\\/defensorias-publicas-batem-recorde-de-atendimentos-em-2024\\\/\"},\"wordCount\":541,\"publisher\":{\"@id\":\"https:\\\/\\\/transamerica93.com.br\\\/home\\\/#organization\"},\"image\":{\"@id\":\"https:\\\/\\\/transamerica93.com.br\\\/home\\\/defensorias-publicas-batem-recorde-de-atendimentos-em-2024\\\/#primaryimage\"},\"thumbnailUrl\":\"https:\\\/\\\/transamerica93.com.br\\\/home\\\/wp-content\\\/uploads\\\/2025\\\/05\\\/1-89.jpg\",\"articleSection\":[\"Geral\"],\"inLanguage\":\"pt-BR\"},{\"@type\":\"WebPage\",\"@id\":\"https:\\\/\\\/transamerica93.com.br\\\/home\\\/defensorias-publicas-batem-recorde-de-atendimentos-em-2024\\\/\",\"url\":\"https:\\\/\\\/transamerica93.com.br\\\/home\\\/defensorias-publicas-batem-recorde-de-atendimentos-em-2024\\\/\",\"name\":\"Defensorias P\u00fablicas batem recorde de atendimentos em 2024 - Transam\u00e9rica Mococa 93,3\",\"isPartOf\":{\"@id\":\"https:\\\/\\\/transamerica93.com.br\\\/home\\\/#website\"},\"primaryImageOfPage\":{\"@id\":\"https:\\\/\\\/transamerica93.com.br\\\/home\\\/defensorias-publicas-batem-recorde-de-atendimentos-em-2024\\\/#primaryimage\"},\"image\":{\"@id\":\"https:\\\/\\\/transamerica93.com.br\\\/home\\\/defensorias-publicas-batem-recorde-de-atendimentos-em-2024\\\/#primaryimage\"},\"thumbnailUrl\":\"https:\\\/\\\/transamerica93.com.br\\\/home\\\/wp-content\\\/uploads\\\/2025\\\/05\\\/1-89.jpg\",\"datePublished\":\"2025-06-06T12:00:25+00:00\",\"breadcrumb\":{\"@id\":\"https:\\\/\\\/transamerica93.com.br\\\/home\\\/defensorias-publicas-batem-recorde-de-atendimentos-em-2024\\\/#breadcrumb\"},\"inLanguage\":\"pt-BR\",\"potentialAction\":[{\"@type\":\"ReadAction\",\"target\":[\"https:\\\/\\\/transamerica93.com.br\\\/home\\\/defensorias-publicas-batem-recorde-de-atendimentos-em-2024\\\/\"]}]},{\"@type\":\"ImageObject\",\"inLanguage\":\"pt-BR\",\"@id\":\"https:\\\/\\\/transamerica93.com.br\\\/home\\\/defensorias-publicas-batem-recorde-de-atendimentos-em-2024\\\/#primaryimage\",\"url\":\"https:\\\/\\\/transamerica93.com.br\\\/home\\\/wp-content\\\/uploads\\\/2025\\\/05\\\/1-89.jpg\",\"contentUrl\":\"https:\\\/\\\/transamerica93.com.br\\\/home\\\/wp-content\\\/uploads\\\/2025\\\/05\\\/1-89.jpg\",\"width\":1170,\"height\":700,\"caption\":\"\u00a9 DPRJ\\\/Divulga\u00e7\u00e3o\"},{\"@type\":\"BreadcrumbList\",\"@id\":\"https:\\\/\\\/transamerica93.com.br\\\/home\\\/defensorias-publicas-batem-recorde-de-atendimentos-em-2024\\\/#breadcrumb\",\"itemListElement\":[{\"@type\":\"ListItem\",\"position\":1,\"name\":\"In\u00edcio\",\"item\":\"https:\\\/\\\/transamerica93.com.br\\\/home\\\/\"},{\"@type\":\"ListItem\",\"position\":2,\"name\":\"Defensorias P\u00fablicas batem recorde de atendimentos em 2024\"}]},{\"@type\":\"WebSite\",\"@id\":\"https:\\\/\\\/transamerica93.com.br\\\/home\\\/#website\",\"url\":\"https:\\\/\\\/transamerica93.com.br\\\/home\\\/\",\"name\":\"Transam\u00e9rica Mococa 93,3\",\"description\":\"\",\"publisher\":{\"@id\":\"https:\\\/\\\/transamerica93.com.br\\\/home\\\/#organization\"},\"potentialAction\":[{\"@type\":\"SearchAction\",\"target\":{\"@type\":\"EntryPoint\",\"urlTemplate\":\"https:\\\/\\\/transamerica93.com.br\\\/home\\\/?s={search_term_string}\"},\"query-input\":{\"@type\":\"PropertyValueSpecification\",\"valueRequired\":true,\"valueName\":\"search_term_string\"}}],\"inLanguage\":\"pt-BR\"},{\"@type\":\"Organization\",\"@id\":\"https:\\\/\\\/transamerica93.com.br\\\/home\\\/#organization\",\"name\":\"Transam\u00e9rica Mococa 93,3\",\"url\":\"https:\\\/\\\/transamerica93.com.br\\\/home\\\/\",\"logo\":{\"@type\":\"ImageObject\",\"inLanguage\":\"pt-BR\",\"@id\":\"https:\\\/\\\/transamerica93.com.br\\\/home\\\/#\\\/schema\\\/logo\\\/image\\\/\",\"url\":\"https:\\\/\\\/transamerica93.com.br\\\/home\\\/wp-content\\\/uploads\\\/2023\\\/10\\\/logo2.png\",\"contentUrl\":\"https:\\\/\\\/transamerica93.com.br\\\/home\\\/wp-content\\\/uploads\\\/2023\\\/10\\\/logo2.png\",\"width\":800,\"height\":500,\"caption\":\"Transam\u00e9rica Mococa 93,3\"},\"image\":{\"@id\":\"https:\\\/\\\/transamerica93.com.br\\\/home\\\/#\\\/schema\\\/logo\\\/image\\\/\"},\"sameAs\":[\"https:\\\/\\\/www.facebook.com\\\/transamericamococa\",\"https:\\\/\\\/x.com\\\/transamerica933\",\"https:\\\/\\\/www.instagram.com\\\/transamericamococa\"]},{\"@type\":\"Person\",\"@id\":\"https:\\\/\\\/transamerica93.com.br\\\/home\\\/#\\\/schema\\\/person\\\/7fed7c99c0d4562efa8561bc0f543172\",\"name\":\"Reda\u00e7\u00e3o\",\"image\":{\"@type\":\"ImageObject\",\"inLanguage\":\"pt-BR\",\"@id\":\"https:\\\/\\\/secure.gravatar.com\\\/avatar\\\/1072c6b775fb02ef8506ce967551d95926669a6b7d2c2147b42eea4d7c68395e?s=96&d=mm&r=g\",\"url\":\"https:\\\/\\\/secure.gravatar.com\\\/avatar\\\/1072c6b775fb02ef8506ce967551d95926669a6b7d2c2147b42eea4d7c68395e?s=96&d=mm&r=g\",\"contentUrl\":\"https:\\\/\\\/secure.gravatar.com\\\/avatar\\\/1072c6b775fb02ef8506ce967551d95926669a6b7d2c2147b42eea4d7c68395e?s=96&d=mm&r=g\",\"caption\":\"Reda\u00e7\u00e3o\"},\"sameAs\":[\"https:\\\/\\\/transamerica93.com.br\\\/home\"],\"url\":\"https:\\\/\\\/transamerica93.com.br\\\/home\\\/author\\\/william\\\/\"}]}<\/script>\n<!-- \/ Yoast SEO plugin. -->","yoast_head_json":{"title":"Defensorias P\u00fablicas batem recorde de atendimentos em 2024 - Transam\u00e9rica Mococa 93,3","robots":{"index":"index","follow":"follow","max-snippet":"max-snippet:-1","max-image-preview":"max-image-preview:large","max-video-preview":"max-video-preview:-1"},"canonical":"https:\/\/transamerica93.com.br\/home\/defensorias-publicas-batem-recorde-de-atendimentos-em-2024\/","og_locale":"pt_BR","og_type":"article","og_title":"Defensorias P\u00fablicas batem recorde de atendimentos em 2024 - Transam\u00e9rica Mococa 93,3","og_description":"Em 2024, as Defensorias P\u00fablicas realizaram mais de 29,5 milh\u00f5es de atendimentos, um crescimento de quase 20% em rela\u00e7\u00e3o ao ano anterior. O n\u00famero de manifesta\u00e7\u00f5es processuais tamb\u00e9m disparou: 25,9 milh\u00f5es, representando uma alta de 45,3%. J\u00e1 os processos judiciais iniciados somaram 4,4 milh\u00f5es no per\u00edodo. Os dados constam da\u00a0Pesquisa Nacional da Defensoria P\u00fablica 2025, &hellip;","og_url":"https:\/\/transamerica93.com.br\/home\/defensorias-publicas-batem-recorde-de-atendimentos-em-2024\/","og_site_name":"Transam\u00e9rica Mococa 93,3","article_publisher":"https:\/\/www.facebook.com\/transamericamococa","article_published_time":"2025-06-06T12:00:25+00:00","og_image":[{"width":1170,"height":700,"url":"https:\/\/transamerica93.com.br\/home\/wp-content\/uploads\/2025\/05\/1-89.jpg","type":"image\/jpeg"}],"author":"Reda\u00e7\u00e3o","twitter_card":"summary_large_image","twitter_creator":"@transamerica933","twitter_site":"@transamerica933","twitter_misc":{"Escrito por":"Reda\u00e7\u00e3o","Est. tempo de leitura":"4 minutos"},"schema":{"@context":"https:\/\/schema.org","@graph":[{"@type":"Article","@id":"https:\/\/transamerica93.com.br\/home\/defensorias-publicas-batem-recorde-de-atendimentos-em-2024\/#article","isPartOf":{"@id":"https:\/\/transamerica93.com.br\/home\/defensorias-publicas-batem-recorde-de-atendimentos-em-2024\/"},"author":{"name":"Reda\u00e7\u00e3o","@id":"https:\/\/transamerica93.com.br\/home\/#\/schema\/person\/7fed7c99c0d4562efa8561bc0f543172"},"headline":"Defensorias P\u00fablicas batem recorde de atendimentos em 2024","datePublished":"2025-06-06T12:00:25+00:00","mainEntityOfPage":{"@id":"https:\/\/transamerica93.com.br\/home\/defensorias-publicas-batem-recorde-de-atendimentos-em-2024\/"},"wordCount":541,"publisher":{"@id":"https:\/\/transamerica93.com.br\/home\/#organization"},"image":{"@id":"https:\/\/transamerica93.com.br\/home\/defensorias-publicas-batem-recorde-de-atendimentos-em-2024\/#primaryimage"},"thumbnailUrl":"https:\/\/transamerica93.com.br\/home\/wp-content\/uploads\/2025\/05\/1-89.jpg","articleSection":["Geral"],"inLanguage":"pt-BR"},{"@type":"WebPage","@id":"https:\/\/transamerica93.com.br\/home\/defensorias-publicas-batem-recorde-de-atendimentos-em-2024\/","url":"https:\/\/transamerica93.com.br\/home\/defensorias-publicas-batem-recorde-de-atendimentos-em-2024\/","name":"Defensorias P\u00fablicas batem recorde de atendimentos em 2024 - Transam\u00e9rica Mococa 93,3","isPartOf":{"@id":"https:\/\/transamerica93.com.br\/home\/#website"},"primaryImageOfPage":{"@id":"https:\/\/transamerica93.com.br\/home\/defensorias-publicas-batem-recorde-de-atendimentos-em-2024\/#primaryimage"},"image":{"@id":"https:\/\/transamerica93.com.br\/home\/defensorias-publicas-batem-recorde-de-atendimentos-em-2024\/#primaryimage"},"thumbnailUrl":"https:\/\/transamerica93.com.br\/home\/wp-content\/uploads\/2025\/05\/1-89.jpg","datePublished":"2025-06-06T12:00:25+00:00","breadcrumb":{"@id":"https:\/\/transamerica93.com.br\/home\/defensorias-publicas-batem-recorde-de-atendimentos-em-2024\/#breadcrumb"},"inLanguage":"pt-BR","potentialAction":[{"@type":"ReadAction","target":["https:\/\/transamerica93.com.br\/home\/defensorias-publicas-batem-recorde-de-atendimentos-em-2024\/"]}]},{"@type":"ImageObject","inLanguage":"pt-BR","@id":"https:\/\/transamerica93.com.br\/home\/defensorias-publicas-batem-recorde-de-atendimentos-em-2024\/#primaryimage","url":"https:\/\/transamerica93.com.br\/home\/wp-content\/uploads\/2025\/05\/1-89.jpg","contentUrl":"https:\/\/transamerica93.com.br\/home\/wp-content\/uploads\/2025\/05\/1-89.jpg","width":1170,"height":700,"caption":"\u00a9 DPRJ\/Divulga\u00e7\u00e3o"},{"@type":"BreadcrumbList","@id":"https:\/\/transamerica93.com.br\/home\/defensorias-publicas-batem-recorde-de-atendimentos-em-2024\/#breadcrumb","itemListElement":[{"@type":"ListItem","position":1,"name":"In\u00edcio","item":"https:\/\/transamerica93.com.br\/home\/"},{"@type":"ListItem","position":2,"name":"Defensorias P\u00fablicas batem recorde de atendimentos em 2024"}]},{"@type":"WebSite","@id":"https:\/\/transamerica93.com.br\/home\/#website","url":"https:\/\/transamerica93.com.br\/home\/","name":"Transam\u00e9rica Mococa 93,3","description":"","publisher":{"@id":"https:\/\/transamerica93.com.br\/home\/#organization"},"potentialAction":[{"@type":"SearchAction","target":{"@type":"EntryPoint","urlTemplate":"https:\/\/transamerica93.com.br\/home\/?s={search_term_string}"},"query-input":{"@type":"PropertyValueSpecification","valueRequired":true,"valueName":"search_term_string"}}],"inLanguage":"pt-BR"},{"@type":"Organization","@id":"https:\/\/transamerica93.com.br\/home\/#organization","name":"Transam\u00e9rica Mococa 93,3","url":"https:\/\/transamerica93.com.br\/home\/","logo":{"@type":"ImageObject","inLanguage":"pt-BR","@id":"https:\/\/transamerica93.com.br\/home\/#\/schema\/logo\/image\/","url":"https:\/\/transamerica93.com.br\/home\/wp-content\/uploads\/2023\/10\/logo2.png","contentUrl":"https:\/\/transamerica93.com.br\/home\/wp-content\/uploads\/2023\/10\/logo2.png","width":800,"height":500,"caption":"Transam\u00e9rica Mococa 93,3"},"image":{"@id":"https:\/\/transamerica93.com.br\/home\/#\/schema\/logo\/image\/"},"sameAs":["https:\/\/www.facebook.com\/transamericamococa","https:\/\/x.com\/transamerica933","https:\/\/www.instagram.com\/transamericamococa"]},{"@type":"Person","@id":"https:\/\/transamerica93.com.br\/home\/#\/schema\/person\/7fed7c99c0d4562efa8561bc0f543172","name":"Reda\u00e7\u00e3o","image":{"@type":"ImageObject","inLanguage":"pt-BR","@id":"https:\/\/secure.gravatar.com\/avatar\/1072c6b775fb02ef8506ce967551d95926669a6b7d2c2147b42eea4d7c68395e?s=96&d=mm&r=g","url":"https:\/\/secure.gravatar.com\/avatar\/1072c6b775fb02ef8506ce967551d95926669a6b7d2c2147b42eea4d7c68395e?s=96&d=mm&r=g","contentUrl":"https:\/\/secure.gravatar.com\/avatar\/1072c6b775fb02ef8506ce967551d95926669a6b7d2c2147b42eea4d7c68395e?s=96&d=mm&r=g","caption":"Reda\u00e7\u00e3o"},"sameAs":["https:\/\/transamerica93.com.br\/home"],"url":"https:\/\/transamerica93.com.br\/home\/author\/william\/"}]}},"_links":{"self":[{"href":"https:\/\/transamerica93.com.br\/home\/wp-json\/wp\/v2\/posts\/5537","targetHints":{"allow":["GET"]}}],"collection":[{"href":"https:\/\/transamerica93.com.br\/home\/wp-json\/wp\/v2\/posts"}],"about":[{"href":"https:\/\/transamerica93.com.br\/home\/wp-json\/wp\/v2\/types\/post"}],"author":[{"embeddable":true,"href":"https:\/\/transamerica93.com.br\/home\/wp-json\/wp\/v2\/users\/1"}],"replies":[{"embeddable":true,"href":"https:\/\/transamerica93.com.br\/home\/wp-json\/wp\/v2\/comments?post=5537"}],"version-history":[{"count":1,"href":"https:\/\/transamerica93.com.br\/home\/wp-json\/wp\/v2\/posts\/5537\/revisions"}],"predecessor-version":[{"id":5539,"href":"https:\/\/transamerica93.com.br\/home\/wp-json\/wp\/v2\/posts\/5537\/revisions\/5539"}],"wp:featuredmedia":[{"embeddable":true,"href":"https:\/\/transamerica93.com.br\/home\/wp-json\/wp\/v2\/media\/5538"}],"wp:attachment":[{"href":"https:\/\/transamerica93.com.br\/home\/wp-json\/wp\/v2\/media?parent=5537"}],"wp:term":[{"taxonomy":"category","embeddable":true,"href":"https:\/\/transamerica93.com.br\/home\/wp-json\/wp\/v2\/categories?post=5537"},{"taxonomy":"post_tag","embeddable":true,"href":"https:\/\/transamerica93.com.br\/home\/wp-json\/wp\/v2\/tags?post=5537"}],"curies":[{"name":"wp","href":"https:\/\/api.w.org\/{rel}","templated":true}]}}