{"id":5540,"date":"2025-05-27T12:00:13","date_gmt":"2025-05-27T15:00:13","guid":{"rendered":"https:\/\/transamerica93.com.br\/home\/?p=5540"},"modified":"2025-05-19T07:53:00","modified_gmt":"2025-05-19T10:53:00","slug":"eleicao-na-cbf-samir-xaud-registra-chapa-e-pode-ser-candidato-unico","status":"publish","type":"post","link":"https:\/\/transamerica93.com.br\/home\/eleicao-na-cbf-samir-xaud-registra-chapa-e-pode-ser-candidato-unico\/","title":{"rendered":"Elei\u00e7\u00e3o na CBF: Samir Xaud registra chapa e pode ser candidato \u00fanico"},"content":{"rendered":"<p><strong>O m\u00e9dico Samir Xaud, presidente eleito da Federa\u00e7\u00e3o Roraimense de Futebol, oficializou sua candidatura \u00e0 presid\u00eancia da Confedera\u00e7\u00e3o Brasileira de Futebol (CBF). <\/strong>A chapa do dirigente leva o nome &#8220;Futebol para Todos: Transpar\u00eancia, Inclus\u00e3o e Moderniza\u00e7\u00e3o&#8221; e teve o registro subscrito por 25 federa\u00e7\u00f5es, al\u00e9m de dez clubes das S\u00e9ries A e B do Campeonato Brasileiro masculino.<img decoding=\"async\" data-src=\"https:\/\/agenciabrasil.ebc.com.br\/ebc.png?id=1643069&amp;o=node\" src=\"data:image\/svg+xml;base64,PHN2ZyB3aWR0aD0iMSIgaGVpZ2h0PSIxIiB4bWxucz0iaHR0cDovL3d3dy53My5vcmcvMjAwMC9zdmciPjwvc3ZnPg==\" class=\"lazyload\" \/><img decoding=\"async\" data-src=\"https:\/\/agenciabrasil.ebc.com.br\/ebc.gif?id=1643069&amp;o=node\" src=\"data:image\/svg+xml;base64,PHN2ZyB3aWR0aD0iMSIgaGVpZ2h0PSIxIiB4bWxucz0iaHR0cDovL3d3dy53My5vcmcvMjAwMC9zdmciPjwvc3ZnPg==\" class=\"lazyload\" \/><\/p>\n<p><strong>Para formalizar participa\u00e7\u00e3o na elei\u00e7\u00e3o da CBF, marcada para o pr\u00f3ximo domingo (25), \u00e9 preciso ter apoio declarado de ao menos oito federa\u00e7\u00f5es.\u00a0<\/strong>Como apenas duas delas (S\u00e3o Paulo e Mato Grosso), entre as 27, n\u00e3o endossam a candidatura de Xaud, nenhum outro concorrente, a princ\u00edpio, teria como se candidatar. O prazo para inscri\u00e7\u00e3o de chapas acaba na ter\u00e7a-feira (20).<\/p>\n<p><strong>O presidente da Federa\u00e7\u00e3o Paulista de Futebol (FPF), Reinaldo Carneiro Bastos, havia anunciado, no \u00faltimo s\u00e1bado (17), que seria candidato \u00e0 presid\u00eancia da CBF.\u00a0<\/strong>O dirigente afirmou que tinha apoio de outras federa\u00e7\u00f5es &#8211; sem dizer quantas e quais.\u00a0<strong>O registro da chapa, por\u00e9m, fica inviabilizado considerando as normas do processo eleitoral.\u00a0<\/strong>Com isso, Xaud deve concorrer sozinho ao cargo m\u00e1ximo da confedera\u00e7\u00e3o.<\/p>\n<p>Ainda no s\u00e1bado, a Liga Forte Uni\u00e3o (LFU), que representa 32 dos 40 times das S\u00e9ries A e B, declarou apoio a Reinaldo. Tr\u00eas clubes da associa\u00e7\u00e3o, contudo, subscrevem a chapa de Xaud: Amazonas, CRB e Crici\u00fama, que se uniram \u00e0s agremia\u00e7\u00f5es que j\u00e1 estavam com o m\u00e9dico: Botafogo, Gr\u00eamio, Palmeiras, Paysandu, Remo, Vasco e Volta Redonda.<\/p>\n<h2>Perfil<\/h2>\n<p><strong>M\u00e9dico infectologista de 41 anos, com especializa\u00e7\u00e3o em medicina esportiva, Samir Xaud \u00e9 de Boa Vista e filho de Zeca Xaud, presidente da Federa\u00e7\u00e3o Roraimense de Futebol.\u00a0<\/strong>Ele foi eleito para o cargo ocupado pelo pai h\u00e1 quatro d\u00e9cadas.<\/p>\n<p>Em publica\u00e7\u00e3o nas redes sociais na \u00faltima sexta-feira (16), um dia antes do edital da elei\u00e7\u00e3o da CBF ser divulgado, a entidade &#8211; sem anunci\u00e1-lo como candidato ao pleito &#8211; enalteceu o dirigente por fazer &#8220;uma verdadeira revolu\u00e7\u00e3o no futebol local, elevando Roraima a patamares jamais alcan\u00e7ados em termos de organiza\u00e7\u00e3o, visibilidade e paix\u00e3o pelo esporte&#8221;.<\/p>\n<h2>Elei\u00e7\u00e3o<\/h2>\n<p><strong>As 27 federa\u00e7\u00f5es e os 40 clubes das duas principais divis\u00f5es do Brasileir\u00e3o Masculino t\u00eam direito a voto na elei\u00e7\u00e3o.\u00a0<\/strong>Os sufr\u00e1gios das entidades estaduais valem mais (peso tr\u00eas). Os dos times da S\u00e9rie A t\u00eam peso dois. Os da S\u00e9rie B, peso um.<\/p>\n<p>Ter ao menos 23 das 27 federa\u00e7\u00f5es ao lado j\u00e1 bastaria para um candidato vencer, mesmo que os demais votantes optassem por outro concorrente.<\/p>\n<p>A chapa de Xaud tem, entre os oito candidatos \u00e0 vice-presid\u00eancia da CBF, cinco mandat\u00e1rios de federa\u00e7\u00f5es:<\/p>\n<ul>\n<li>Ednailson Leite Rozenha (Amazonas),<\/li>\n<li>Jos\u00e9 Vanildo da Silva (Rio Grande do Norte),<\/li>\n<li>Michelle Ramalho Cardoso (Para\u00edba),<\/li>\n<li>Ricardo Augusto Lobo Cluck Paul (Par\u00e1)<\/li>\n<li>Rubens Renato Angelotti (Santa Catarina).<\/li>\n<\/ul>\n<p>Os demais s\u00e3o Fl\u00e1vio Diz Zveiter, ex-presidente do Superior Tribunal de Justi\u00e7a Desportiva (STJD); Gustavo Dias Henrique, ex-diretor de Rela\u00e7\u00f5es Institucionais da entidade; e Fernando Jos\u00e9 Macieira Sarney, escolhido como interventor da confedera\u00e7\u00e3o depois do\u00a0<a href=\"https:\/\/agenciabrasil.ebc.com.br\/esportes\/noticia\/2025-05\/ednaldo-rodrigues-e-afastado-da-presidencia-da-cbf\">afastamento do presidente Ednaldo Rodrigues<\/a>, na \u00faltima quinta-feira (15).<\/p>\n<h2>Afastamento<\/h2>\n<p>Ednaldo foi retirado da presid\u00eancia ter considerado nulo o acordo firmado entre CBF e Supremo Tribunal Federal, em fevereiro, que reconheceu como legal a \u00faltima elei\u00e7\u00e3o da entidade, em 2022.<\/p>\n<p>A decis\u00e3o do desembargador Gabriel de Oliveira Zefiro, do Tribunal de Justi\u00e7a do Rio de Janeiro, tem como justificativa uma &#8220;poss\u00edvel falsifica\u00e7\u00e3o da assinatura de um dos signat\u00e1rios, Ant\u00f4nio Carlos Nunes de Lima, conhecido por Coronel Nunes\u201d, um dos vice-presidentes da confedera\u00e7\u00e3o.<\/p>\n","protected":false},"excerpt":{"rendered":"<p>O m\u00e9dico Samir Xaud, presidente eleito da Federa\u00e7\u00e3o Roraimense de Futebol, oficializou sua candidatura \u00e0 presid\u00eancia da Confedera\u00e7\u00e3o Brasileira de Futebol (CBF). A chapa do dirigente leva o nome &#8220;Futebol para Todos: Transpar\u00eancia, Inclus\u00e3o e Moderniza\u00e7\u00e3o&#8221; e teve o registro subscrito por 25 federa\u00e7\u00f5es, al\u00e9m de dez clubes das S\u00e9ries A e B do Campeonato &hellip;<\/p>\n","protected":false},"author":1,"featured_media":5541,"comment_status":"closed","ping_status":"closed","sticky":false,"template":"","format":"standard","meta":{"footnotes":""},"categories":[31],"tags":[],"class_list":["post-5540","post","type-post","status-publish","format-standard","has-post-thumbnail","hentry","category-esportes"],"yoast_head":"<!-- This site is optimized with the Yoast SEO plugin v27.4 - https:\/\/yoast.com\/product\/yoast-seo-wordpress\/ -->\n<title>Elei\u00e7\u00e3o na CBF: Samir Xaud registra chapa e pode ser candidato \u00fanico - Transam\u00e9rica Mococa 93,3<\/title>\n<meta name=\"robots\" content=\"index, follow, max-snippet:-1, max-image-preview:large, max-video-preview:-1\" \/>\n<link rel=\"canonical\" href=\"https:\/\/transamerica93.com.br\/home\/eleicao-na-cbf-samir-xaud-registra-chapa-e-pode-ser-candidato-unico\/\" \/>\n<meta property=\"og:locale\" content=\"pt_BR\" \/>\n<meta property=\"og:type\" content=\"article\" \/>\n<meta property=\"og:title\" content=\"Elei\u00e7\u00e3o na CBF: Samir Xaud registra chapa e pode ser candidato \u00fanico - Transam\u00e9rica Mococa 93,3\" \/>\n<meta property=\"og:description\" content=\"O m\u00e9dico Samir Xaud, presidente eleito da Federa\u00e7\u00e3o Roraimense de Futebol, oficializou sua candidatura \u00e0 presid\u00eancia da Confedera\u00e7\u00e3o Brasileira de Futebol (CBF). A chapa do dirigente leva o nome &#8220;Futebol para Todos: Transpar\u00eancia, Inclus\u00e3o e Moderniza\u00e7\u00e3o&#8221; e teve o registro subscrito por 25 federa\u00e7\u00f5es, al\u00e9m de dez clubes das S\u00e9ries A e B do Campeonato &hellip;\" \/>\n<meta property=\"og:url\" content=\"https:\/\/transamerica93.com.br\/home\/eleicao-na-cbf-samir-xaud-registra-chapa-e-pode-ser-candidato-unico\/\" \/>\n<meta property=\"og:site_name\" content=\"Transam\u00e9rica Mococa 93,3\" \/>\n<meta property=\"article:publisher\" content=\"https:\/\/www.facebook.com\/transamericamococa\" \/>\n<meta property=\"article:published_time\" content=\"2025-05-27T15:00:13+00:00\" \/>\n<meta property=\"og:image\" content=\"https:\/\/transamerica93.com.br\/home\/wp-content\/uploads\/2025\/05\/1-90.jpg\" \/>\n\t<meta property=\"og:image:width\" content=\"1170\" \/>\n\t<meta property=\"og:image:height\" content=\"700\" \/>\n\t<meta property=\"og:image:type\" content=\"image\/jpeg\" \/>\n<meta name=\"author\" content=\"Reda\u00e7\u00e3o\" \/>\n<meta name=\"twitter:card\" content=\"summary_large_image\" \/>\n<meta name=\"twitter:creator\" content=\"@transamerica933\" \/>\n<meta name=\"twitter:site\" content=\"@transamerica933\" \/>\n<meta name=\"twitter:label1\" content=\"Escrito por\" \/>\n\t<meta name=\"twitter:data1\" content=\"Reda\u00e7\u00e3o\" \/>\n\t<meta name=\"twitter:label2\" content=\"Est. tempo de leitura\" \/>\n\t<meta name=\"twitter:data2\" content=\"4 minutos\" \/>\n<script type=\"application\/ld+json\" class=\"yoast-schema-graph\">{\"@context\":\"https:\\\/\\\/schema.org\",\"@graph\":[{\"@type\":\"Article\",\"@id\":\"https:\\\/\\\/transamerica93.com.br\\\/home\\\/eleicao-na-cbf-samir-xaud-registra-chapa-e-pode-ser-candidato-unico\\\/#article\",\"isPartOf\":{\"@id\":\"https:\\\/\\\/transamerica93.com.br\\\/home\\\/eleicao-na-cbf-samir-xaud-registra-chapa-e-pode-ser-candidato-unico\\\/\"},\"author\":{\"name\":\"Reda\u00e7\u00e3o\",\"@id\":\"https:\\\/\\\/transamerica93.com.br\\\/home\\\/#\\\/schema\\\/person\\\/7fed7c99c0d4562efa8561bc0f543172\"},\"headline\":\"Elei\u00e7\u00e3o na CBF: Samir Xaud registra chapa e pode ser candidato \u00fanico\",\"datePublished\":\"2025-05-27T15:00:13+00:00\",\"mainEntityOfPage\":{\"@id\":\"https:\\\/\\\/transamerica93.com.br\\\/home\\\/eleicao-na-cbf-samir-xaud-registra-chapa-e-pode-ser-candidato-unico\\\/\"},\"wordCount\":632,\"publisher\":{\"@id\":\"https:\\\/\\\/transamerica93.com.br\\\/home\\\/#organization\"},\"image\":{\"@id\":\"https:\\\/\\\/transamerica93.com.br\\\/home\\\/eleicao-na-cbf-samir-xaud-registra-chapa-e-pode-ser-candidato-unico\\\/#primaryimage\"},\"thumbnailUrl\":\"https:\\\/\\\/transamerica93.com.br\\\/home\\\/wp-content\\\/uploads\\\/2025\\\/05\\\/1-90.jpg\",\"articleSection\":[\"Esportes\"],\"inLanguage\":\"pt-BR\"},{\"@type\":\"WebPage\",\"@id\":\"https:\\\/\\\/transamerica93.com.br\\\/home\\\/eleicao-na-cbf-samir-xaud-registra-chapa-e-pode-ser-candidato-unico\\\/\",\"url\":\"https:\\\/\\\/transamerica93.com.br\\\/home\\\/eleicao-na-cbf-samir-xaud-registra-chapa-e-pode-ser-candidato-unico\\\/\",\"name\":\"Elei\u00e7\u00e3o na CBF: Samir Xaud registra chapa e pode ser candidato \u00fanico - Transam\u00e9rica Mococa 93,3\",\"isPartOf\":{\"@id\":\"https:\\\/\\\/transamerica93.com.br\\\/home\\\/#website\"},\"primaryImageOfPage\":{\"@id\":\"https:\\\/\\\/transamerica93.com.br\\\/home\\\/eleicao-na-cbf-samir-xaud-registra-chapa-e-pode-ser-candidato-unico\\\/#primaryimage\"},\"image\":{\"@id\":\"https:\\\/\\\/transamerica93.com.br\\\/home\\\/eleicao-na-cbf-samir-xaud-registra-chapa-e-pode-ser-candidato-unico\\\/#primaryimage\"},\"thumbnailUrl\":\"https:\\\/\\\/transamerica93.com.br\\\/home\\\/wp-content\\\/uploads\\\/2025\\\/05\\\/1-90.jpg\",\"datePublished\":\"2025-05-27T15:00:13+00:00\",\"breadcrumb\":{\"@id\":\"https:\\\/\\\/transamerica93.com.br\\\/home\\\/eleicao-na-cbf-samir-xaud-registra-chapa-e-pode-ser-candidato-unico\\\/#breadcrumb\"},\"inLanguage\":\"pt-BR\",\"potentialAction\":[{\"@type\":\"ReadAction\",\"target\":[\"https:\\\/\\\/transamerica93.com.br\\\/home\\\/eleicao-na-cbf-samir-xaud-registra-chapa-e-pode-ser-candidato-unico\\\/\"]}]},{\"@type\":\"ImageObject\",\"inLanguage\":\"pt-BR\",\"@id\":\"https:\\\/\\\/transamerica93.com.br\\\/home\\\/eleicao-na-cbf-samir-xaud-registra-chapa-e-pode-ser-candidato-unico\\\/#primaryimage\",\"url\":\"https:\\\/\\\/transamerica93.com.br\\\/home\\\/wp-content\\\/uploads\\\/2025\\\/05\\\/1-90.jpg\",\"contentUrl\":\"https:\\\/\\\/transamerica93.com.br\\\/home\\\/wp-content\\\/uploads\\\/2025\\\/05\\\/1-90.jpg\",\"width\":1170,\"height\":700,\"caption\":\"\u00a9 CBF\\\/Divulga\u00e7\u00e3o\"},{\"@type\":\"BreadcrumbList\",\"@id\":\"https:\\\/\\\/transamerica93.com.br\\\/home\\\/eleicao-na-cbf-samir-xaud-registra-chapa-e-pode-ser-candidato-unico\\\/#breadcrumb\",\"itemListElement\":[{\"@type\":\"ListItem\",\"position\":1,\"name\":\"In\u00edcio\",\"item\":\"https:\\\/\\\/transamerica93.com.br\\\/home\\\/\"},{\"@type\":\"ListItem\",\"position\":2,\"name\":\"Elei\u00e7\u00e3o na CBF: Samir Xaud registra chapa e pode ser candidato \u00fanico\"}]},{\"@type\":\"WebSite\",\"@id\":\"https:\\\/\\\/transamerica93.com.br\\\/home\\\/#website\",\"url\":\"https:\\\/\\\/transamerica93.com.br\\\/home\\\/\",\"name\":\"Transam\u00e9rica Mococa 93,3\",\"description\":\"\",\"publisher\":{\"@id\":\"https:\\\/\\\/transamerica93.com.br\\\/home\\\/#organization\"},\"potentialAction\":[{\"@type\":\"SearchAction\",\"target\":{\"@type\":\"EntryPoint\",\"urlTemplate\":\"https:\\\/\\\/transamerica93.com.br\\\/home\\\/?s={search_term_string}\"},\"query-input\":{\"@type\":\"PropertyValueSpecification\",\"valueRequired\":true,\"valueName\":\"search_term_string\"}}],\"inLanguage\":\"pt-BR\"},{\"@type\":\"Organization\",\"@id\":\"https:\\\/\\\/transamerica93.com.br\\\/home\\\/#organization\",\"name\":\"Transam\u00e9rica Mococa 93,3\",\"url\":\"https:\\\/\\\/transamerica93.com.br\\\/home\\\/\",\"logo\":{\"@type\":\"ImageObject\",\"inLanguage\":\"pt-BR\",\"@id\":\"https:\\\/\\\/transamerica93.com.br\\\/home\\\/#\\\/schema\\\/logo\\\/image\\\/\",\"url\":\"https:\\\/\\\/transamerica93.com.br\\\/home\\\/wp-content\\\/uploads\\\/2023\\\/10\\\/logo2.png\",\"contentUrl\":\"https:\\\/\\\/transamerica93.com.br\\\/home\\\/wp-content\\\/uploads\\\/2023\\\/10\\\/logo2.png\",\"width\":800,\"height\":500,\"caption\":\"Transam\u00e9rica Mococa 93,3\"},\"image\":{\"@id\":\"https:\\\/\\\/transamerica93.com.br\\\/home\\\/#\\\/schema\\\/logo\\\/image\\\/\"},\"sameAs\":[\"https:\\\/\\\/www.facebook.com\\\/transamericamococa\",\"https:\\\/\\\/x.com\\\/transamerica933\",\"https:\\\/\\\/www.instagram.com\\\/transamericamococa\"]},{\"@type\":\"Person\",\"@id\":\"https:\\\/\\\/transamerica93.com.br\\\/home\\\/#\\\/schema\\\/person\\\/7fed7c99c0d4562efa8561bc0f543172\",\"name\":\"Reda\u00e7\u00e3o\",\"image\":{\"@type\":\"ImageObject\",\"inLanguage\":\"pt-BR\",\"@id\":\"https:\\\/\\\/secure.gravatar.com\\\/avatar\\\/1072c6b775fb02ef8506ce967551d95926669a6b7d2c2147b42eea4d7c68395e?s=96&d=mm&r=g\",\"url\":\"https:\\\/\\\/secure.gravatar.com\\\/avatar\\\/1072c6b775fb02ef8506ce967551d95926669a6b7d2c2147b42eea4d7c68395e?s=96&d=mm&r=g\",\"contentUrl\":\"https:\\\/\\\/secure.gravatar.com\\\/avatar\\\/1072c6b775fb02ef8506ce967551d95926669a6b7d2c2147b42eea4d7c68395e?s=96&d=mm&r=g\",\"caption\":\"Reda\u00e7\u00e3o\"},\"sameAs\":[\"https:\\\/\\\/transamerica93.com.br\\\/home\"],\"url\":\"https:\\\/\\\/transamerica93.com.br\\\/home\\\/author\\\/william\\\/\"}]}<\/script>\n<!-- \/ Yoast SEO plugin. -->","yoast_head_json":{"title":"Elei\u00e7\u00e3o na CBF: Samir Xaud registra chapa e pode ser candidato \u00fanico - Transam\u00e9rica Mococa 93,3","robots":{"index":"index","follow":"follow","max-snippet":"max-snippet:-1","max-image-preview":"max-image-preview:large","max-video-preview":"max-video-preview:-1"},"canonical":"https:\/\/transamerica93.com.br\/home\/eleicao-na-cbf-samir-xaud-registra-chapa-e-pode-ser-candidato-unico\/","og_locale":"pt_BR","og_type":"article","og_title":"Elei\u00e7\u00e3o na CBF: Samir Xaud registra chapa e pode ser candidato \u00fanico - Transam\u00e9rica Mococa 93,3","og_description":"O m\u00e9dico Samir Xaud, presidente eleito da Federa\u00e7\u00e3o Roraimense de Futebol, oficializou sua candidatura \u00e0 presid\u00eancia da Confedera\u00e7\u00e3o Brasileira de Futebol (CBF). A chapa do dirigente leva o nome &#8220;Futebol para Todos: Transpar\u00eancia, Inclus\u00e3o e Moderniza\u00e7\u00e3o&#8221; e teve o registro subscrito por 25 federa\u00e7\u00f5es, al\u00e9m de dez clubes das S\u00e9ries A e B do Campeonato &hellip;","og_url":"https:\/\/transamerica93.com.br\/home\/eleicao-na-cbf-samir-xaud-registra-chapa-e-pode-ser-candidato-unico\/","og_site_name":"Transam\u00e9rica Mococa 93,3","article_publisher":"https:\/\/www.facebook.com\/transamericamococa","article_published_time":"2025-05-27T15:00:13+00:00","og_image":[{"width":1170,"height":700,"url":"https:\/\/transamerica93.com.br\/home\/wp-content\/uploads\/2025\/05\/1-90.jpg","type":"image\/jpeg"}],"author":"Reda\u00e7\u00e3o","twitter_card":"summary_large_image","twitter_creator":"@transamerica933","twitter_site":"@transamerica933","twitter_misc":{"Escrito por":"Reda\u00e7\u00e3o","Est. tempo de leitura":"4 minutos"},"schema":{"@context":"https:\/\/schema.org","@graph":[{"@type":"Article","@id":"https:\/\/transamerica93.com.br\/home\/eleicao-na-cbf-samir-xaud-registra-chapa-e-pode-ser-candidato-unico\/#article","isPartOf":{"@id":"https:\/\/transamerica93.com.br\/home\/eleicao-na-cbf-samir-xaud-registra-chapa-e-pode-ser-candidato-unico\/"},"author":{"name":"Reda\u00e7\u00e3o","@id":"https:\/\/transamerica93.com.br\/home\/#\/schema\/person\/7fed7c99c0d4562efa8561bc0f543172"},"headline":"Elei\u00e7\u00e3o na CBF: Samir Xaud registra chapa e pode ser candidato \u00fanico","datePublished":"2025-05-27T15:00:13+00:00","mainEntityOfPage":{"@id":"https:\/\/transamerica93.com.br\/home\/eleicao-na-cbf-samir-xaud-registra-chapa-e-pode-ser-candidato-unico\/"},"wordCount":632,"publisher":{"@id":"https:\/\/transamerica93.com.br\/home\/#organization"},"image":{"@id":"https:\/\/transamerica93.com.br\/home\/eleicao-na-cbf-samir-xaud-registra-chapa-e-pode-ser-candidato-unico\/#primaryimage"},"thumbnailUrl":"https:\/\/transamerica93.com.br\/home\/wp-content\/uploads\/2025\/05\/1-90.jpg","articleSection":["Esportes"],"inLanguage":"pt-BR"},{"@type":"WebPage","@id":"https:\/\/transamerica93.com.br\/home\/eleicao-na-cbf-samir-xaud-registra-chapa-e-pode-ser-candidato-unico\/","url":"https:\/\/transamerica93.com.br\/home\/eleicao-na-cbf-samir-xaud-registra-chapa-e-pode-ser-candidato-unico\/","name":"Elei\u00e7\u00e3o na CBF: Samir Xaud registra chapa e pode ser candidato \u00fanico - Transam\u00e9rica Mococa 93,3","isPartOf":{"@id":"https:\/\/transamerica93.com.br\/home\/#website"},"primaryImageOfPage":{"@id":"https:\/\/transamerica93.com.br\/home\/eleicao-na-cbf-samir-xaud-registra-chapa-e-pode-ser-candidato-unico\/#primaryimage"},"image":{"@id":"https:\/\/transamerica93.com.br\/home\/eleicao-na-cbf-samir-xaud-registra-chapa-e-pode-ser-candidato-unico\/#primaryimage"},"thumbnailUrl":"https:\/\/transamerica93.com.br\/home\/wp-content\/uploads\/2025\/05\/1-90.jpg","datePublished":"2025-05-27T15:00:13+00:00","breadcrumb":{"@id":"https:\/\/transamerica93.com.br\/home\/eleicao-na-cbf-samir-xaud-registra-chapa-e-pode-ser-candidato-unico\/#breadcrumb"},"inLanguage":"pt-BR","potentialAction":[{"@type":"ReadAction","target":["https:\/\/transamerica93.com.br\/home\/eleicao-na-cbf-samir-xaud-registra-chapa-e-pode-ser-candidato-unico\/"]}]},{"@type":"ImageObject","inLanguage":"pt-BR","@id":"https:\/\/transamerica93.com.br\/home\/eleicao-na-cbf-samir-xaud-registra-chapa-e-pode-ser-candidato-unico\/#primaryimage","url":"https:\/\/transamerica93.com.br\/home\/wp-content\/uploads\/2025\/05\/1-90.jpg","contentUrl":"https:\/\/transamerica93.com.br\/home\/wp-content\/uploads\/2025\/05\/1-90.jpg","width":1170,"height":700,"caption":"\u00a9 CBF\/Divulga\u00e7\u00e3o"},{"@type":"BreadcrumbList","@id":"https:\/\/transamerica93.com.br\/home\/eleicao-na-cbf-samir-xaud-registra-chapa-e-pode-ser-candidato-unico\/#breadcrumb","itemListElement":[{"@type":"ListItem","position":1,"name":"In\u00edcio","item":"https:\/\/transamerica93.com.br\/home\/"},{"@type":"ListItem","position":2,"name":"Elei\u00e7\u00e3o na CBF: Samir Xaud registra chapa e pode ser candidato \u00fanico"}]},{"@type":"WebSite","@id":"https:\/\/transamerica93.com.br\/home\/#website","url":"https:\/\/transamerica93.com.br\/home\/","name":"Transam\u00e9rica Mococa 93,3","description":"","publisher":{"@id":"https:\/\/transamerica93.com.br\/home\/#organization"},"potentialAction":[{"@type":"SearchAction","target":{"@type":"EntryPoint","urlTemplate":"https:\/\/transamerica93.com.br\/home\/?s={search_term_string}"},"query-input":{"@type":"PropertyValueSpecification","valueRequired":true,"valueName":"search_term_string"}}],"inLanguage":"pt-BR"},{"@type":"Organization","@id":"https:\/\/transamerica93.com.br\/home\/#organization","name":"Transam\u00e9rica Mococa 93,3","url":"https:\/\/transamerica93.com.br\/home\/","logo":{"@type":"ImageObject","inLanguage":"pt-BR","@id":"https:\/\/transamerica93.com.br\/home\/#\/schema\/logo\/image\/","url":"https:\/\/transamerica93.com.br\/home\/wp-content\/uploads\/2023\/10\/logo2.png","contentUrl":"https:\/\/transamerica93.com.br\/home\/wp-content\/uploads\/2023\/10\/logo2.png","width":800,"height":500,"caption":"Transam\u00e9rica Mococa 93,3"},"image":{"@id":"https:\/\/transamerica93.com.br\/home\/#\/schema\/logo\/image\/"},"sameAs":["https:\/\/www.facebook.com\/transamericamococa","https:\/\/x.com\/transamerica933","https:\/\/www.instagram.com\/transamericamococa"]},{"@type":"Person","@id":"https:\/\/transamerica93.com.br\/home\/#\/schema\/person\/7fed7c99c0d4562efa8561bc0f543172","name":"Reda\u00e7\u00e3o","image":{"@type":"ImageObject","inLanguage":"pt-BR","@id":"https:\/\/secure.gravatar.com\/avatar\/1072c6b775fb02ef8506ce967551d95926669a6b7d2c2147b42eea4d7c68395e?s=96&d=mm&r=g","url":"https:\/\/secure.gravatar.com\/avatar\/1072c6b775fb02ef8506ce967551d95926669a6b7d2c2147b42eea4d7c68395e?s=96&d=mm&r=g","contentUrl":"https:\/\/secure.gravatar.com\/avatar\/1072c6b775fb02ef8506ce967551d95926669a6b7d2c2147b42eea4d7c68395e?s=96&d=mm&r=g","caption":"Reda\u00e7\u00e3o"},"sameAs":["https:\/\/transamerica93.com.br\/home"],"url":"https:\/\/transamerica93.com.br\/home\/author\/william\/"}]}},"_links":{"self":[{"href":"https:\/\/transamerica93.com.br\/home\/wp-json\/wp\/v2\/posts\/5540","targetHints":{"allow":["GET"]}}],"collection":[{"href":"https:\/\/transamerica93.com.br\/home\/wp-json\/wp\/v2\/posts"}],"about":[{"href":"https:\/\/transamerica93.com.br\/home\/wp-json\/wp\/v2\/types\/post"}],"author":[{"embeddable":true,"href":"https:\/\/transamerica93.com.br\/home\/wp-json\/wp\/v2\/users\/1"}],"replies":[{"embeddable":true,"href":"https:\/\/transamerica93.com.br\/home\/wp-json\/wp\/v2\/comments?post=5540"}],"version-history":[{"count":1,"href":"https:\/\/transamerica93.com.br\/home\/wp-json\/wp\/v2\/posts\/5540\/revisions"}],"predecessor-version":[{"id":5542,"href":"https:\/\/transamerica93.com.br\/home\/wp-json\/wp\/v2\/posts\/5540\/revisions\/5542"}],"wp:featuredmedia":[{"embeddable":true,"href":"https:\/\/transamerica93.com.br\/home\/wp-json\/wp\/v2\/media\/5541"}],"wp:attachment":[{"href":"https:\/\/transamerica93.com.br\/home\/wp-json\/wp\/v2\/media?parent=5540"}],"wp:term":[{"taxonomy":"category","embeddable":true,"href":"https:\/\/transamerica93.com.br\/home\/wp-json\/wp\/v2\/categories?post=5540"},{"taxonomy":"post_tag","embeddable":true,"href":"https:\/\/transamerica93.com.br\/home\/wp-json\/wp\/v2\/tags?post=5540"}],"curies":[{"name":"wp","href":"https:\/\/api.w.org\/{rel}","templated":true}]}}