{"id":5552,"date":"2025-05-30T12:00:36","date_gmt":"2025-05-30T15:00:36","guid":{"rendered":"https:\/\/transamerica93.com.br\/home\/?p=5552"},"modified":"2025-05-19T07:58:47","modified_gmt":"2025-05-19T10:58:47","slug":"lucio-esta-consciente-e-tem-quadro-de-saude-estavel-apos-queimaduras-conforme-boletim-medico","status":"publish","type":"post","link":"https:\/\/transamerica93.com.br\/home\/lucio-esta-consciente-e-tem-quadro-de-saude-estavel-apos-queimaduras-conforme-boletim-medico\/","title":{"rendered":"L\u00facio est\u00e1 consciente e tem quadro de sa\u00fade est\u00e1vel ap\u00f3s queimaduras, conforme boletim m\u00e9dico"},"content":{"rendered":"<p>O ex-zagueiro da sele\u00e7\u00e3o brasileira, L\u00facio, segue est\u00e1vel e consciente ap\u00f3s sofrer queimaduras em um acidente dom\u00e9stico na \u00faltima sexta-feira. O Hospital Bras\u00edlia, onde est\u00e1 internado, divulgou neste s\u00e1bado, em nota \u00e0 imprensa, atualiza\u00e7\u00f5es favor\u00e1veis do estado de sa\u00fade do atleta, ressaltando que ele mant\u00e9m boa evolu\u00e7\u00e3o cl\u00ednica.<\/p>\n<p>Ainda n\u00e3o h\u00e1 previs\u00e3o de alta e ele deve seguir sob cuidados m\u00e9dicos ao longo da semana. O incidente teria sido causado pela explos\u00e3o de uma lareira ecol\u00f3gica, que resultou em queimaduras em 18% de seu corpo, conforme divulgou o hospital. Ele, no entanto, est\u00e1 consciente e est\u00e1vel desde o dia da interna\u00e7\u00e3o.<\/p>\n<p>&#8220;Em respeito aos amigos, f\u00e3s e \u00e0 imprensa, informamos que o ex-jogador L\u00facio sofreu um acidente dom\u00e9stico recente, que resultou em queimaduras no corpo. Ele est\u00e1 est\u00e1vel, consciente e recebendo todos os cuidados m\u00e9dicos necess\u00e1rios. As les\u00f5es est\u00e3o sendo tratadas com aten\u00e7\u00e3o especializada, e seu quadro cl\u00ednico evolui de forma positiva&#8221;, disse um comunicado nas redes sociais de L\u00facio \u00e0 \u00e9poca do ocorrido.<\/p>\n<p>Atualmente com 47 anos, o ex-zagueiro encerrou sua carreira profissional em 2020, tendo marcado \u00e9poca ao defender a Inter de Mil\u00e3o, da It\u00e1lia, al\u00e9m do Bayer Leverkusen e do Bayern de Munique, ambos na Alemanha, e da Juventus, em um retorno ao solo italiano.<\/p>\n<p>No Brasil, jogou pelo Guar\u00e1, de Bras\u00edlia, Gama e pelo Internacional antes de rumar \u00e0 Europa. Ao voltar ao Pa\u00eds, atuou por S\u00e3o Paulo, Palmeiras, Gama novamente e pendurou as chuteiras no Brasiliense. Durante esse per\u00edodo, tamb\u00e9m jogou no futebol indiano.<\/p>\n<p>Pela sele\u00e7\u00e3o brasileira, al\u00e9m de ser campe\u00e3o da Copa do Mundo de 2002, L\u00facio foi titular na Copa de 2006 e capit\u00e3o na Copa de 2010. Somando clubes e a equipe amarelinha, foram 787 jogos e 54 gols ao longo da carreira.<\/p>\n","protected":false},"excerpt":{"rendered":"<p>O ex-zagueiro da sele\u00e7\u00e3o brasileira, L\u00facio, segue est\u00e1vel e consciente ap\u00f3s sofrer queimaduras em um acidente dom\u00e9stico na \u00faltima sexta-feira. O Hospital Bras\u00edlia, onde est\u00e1 internado, divulgou neste s\u00e1bado, em nota \u00e0 imprensa, atualiza\u00e7\u00f5es favor\u00e1veis do estado de sa\u00fade do atleta, ressaltando que ele mant\u00e9m boa evolu\u00e7\u00e3o cl\u00ednica. Ainda n\u00e3o h\u00e1 previs\u00e3o de alta e &hellip;<\/p>\n","protected":false},"author":1,"featured_media":5553,"comment_status":"closed","ping_status":"closed","sticky":false,"template":"","format":"standard","meta":{"footnotes":""},"categories":[31],"tags":[],"class_list":["post-5552","post","type-post","status-publish","format-standard","has-post-thumbnail","hentry","category-esportes"],"yoast_head":"<!-- This site is optimized with the Yoast SEO plugin v27.4 - https:\/\/yoast.com\/product\/yoast-seo-wordpress\/ -->\n<title>L\u00facio est\u00e1 consciente e tem quadro de sa\u00fade est\u00e1vel ap\u00f3s queimaduras, conforme boletim m\u00e9dico - Transam\u00e9rica Mococa 93,3<\/title>\n<meta name=\"robots\" content=\"index, follow, max-snippet:-1, max-image-preview:large, max-video-preview:-1\" \/>\n<link rel=\"canonical\" href=\"https:\/\/transamerica93.com.br\/home\/lucio-esta-consciente-e-tem-quadro-de-saude-estavel-apos-queimaduras-conforme-boletim-medico\/\" \/>\n<meta property=\"og:locale\" content=\"pt_BR\" \/>\n<meta property=\"og:type\" content=\"article\" \/>\n<meta property=\"og:title\" content=\"L\u00facio est\u00e1 consciente e tem quadro de sa\u00fade est\u00e1vel ap\u00f3s queimaduras, conforme boletim m\u00e9dico - Transam\u00e9rica Mococa 93,3\" \/>\n<meta property=\"og:description\" content=\"O ex-zagueiro da sele\u00e7\u00e3o brasileira, L\u00facio, segue est\u00e1vel e consciente ap\u00f3s sofrer queimaduras em um acidente dom\u00e9stico na \u00faltima sexta-feira. O Hospital Bras\u00edlia, onde est\u00e1 internado, divulgou neste s\u00e1bado, em nota \u00e0 imprensa, atualiza\u00e7\u00f5es favor\u00e1veis do estado de sa\u00fade do atleta, ressaltando que ele mant\u00e9m boa evolu\u00e7\u00e3o cl\u00ednica. Ainda n\u00e3o h\u00e1 previs\u00e3o de alta e &hellip;\" \/>\n<meta property=\"og:url\" content=\"https:\/\/transamerica93.com.br\/home\/lucio-esta-consciente-e-tem-quadro-de-saude-estavel-apos-queimaduras-conforme-boletim-medico\/\" \/>\n<meta property=\"og:site_name\" content=\"Transam\u00e9rica Mococa 93,3\" \/>\n<meta property=\"article:publisher\" content=\"https:\/\/www.facebook.com\/transamericamococa\" \/>\n<meta property=\"article:published_time\" content=\"2025-05-30T15:00:36+00:00\" \/>\n<meta property=\"og:image\" content=\"https:\/\/transamerica93.com.br\/home\/wp-content\/uploads\/2025\/05\/1-94.jpg\" \/>\n\t<meta property=\"og:image:width\" content=\"971\" \/>\n\t<meta property=\"og:image:height\" content=\"564\" \/>\n\t<meta property=\"og:image:type\" content=\"image\/jpeg\" \/>\n<meta name=\"author\" content=\"Reda\u00e7\u00e3o\" \/>\n<meta name=\"twitter:card\" content=\"summary_large_image\" \/>\n<meta name=\"twitter:creator\" content=\"@transamerica933\" \/>\n<meta name=\"twitter:site\" content=\"@transamerica933\" \/>\n<meta name=\"twitter:label1\" content=\"Escrito por\" \/>\n\t<meta name=\"twitter:data1\" content=\"Reda\u00e7\u00e3o\" \/>\n\t<meta name=\"twitter:label2\" content=\"Est. tempo de leitura\" \/>\n\t<meta name=\"twitter:data2\" content=\"2 minutos\" \/>\n<script type=\"application\/ld+json\" class=\"yoast-schema-graph\">{\"@context\":\"https:\\\/\\\/schema.org\",\"@graph\":[{\"@type\":\"Article\",\"@id\":\"https:\\\/\\\/transamerica93.com.br\\\/home\\\/lucio-esta-consciente-e-tem-quadro-de-saude-estavel-apos-queimaduras-conforme-boletim-medico\\\/#article\",\"isPartOf\":{\"@id\":\"https:\\\/\\\/transamerica93.com.br\\\/home\\\/lucio-esta-consciente-e-tem-quadro-de-saude-estavel-apos-queimaduras-conforme-boletim-medico\\\/\"},\"author\":{\"name\":\"Reda\u00e7\u00e3o\",\"@id\":\"https:\\\/\\\/transamerica93.com.br\\\/home\\\/#\\\/schema\\\/person\\\/7fed7c99c0d4562efa8561bc0f543172\"},\"headline\":\"L\u00facio est\u00e1 consciente e tem quadro de sa\u00fade est\u00e1vel ap\u00f3s queimaduras, conforme boletim m\u00e9dico\",\"datePublished\":\"2025-05-30T15:00:36+00:00\",\"mainEntityOfPage\":{\"@id\":\"https:\\\/\\\/transamerica93.com.br\\\/home\\\/lucio-esta-consciente-e-tem-quadro-de-saude-estavel-apos-queimaduras-conforme-boletim-medico\\\/\"},\"wordCount\":342,\"publisher\":{\"@id\":\"https:\\\/\\\/transamerica93.com.br\\\/home\\\/#organization\"},\"image\":{\"@id\":\"https:\\\/\\\/transamerica93.com.br\\\/home\\\/lucio-esta-consciente-e-tem-quadro-de-saude-estavel-apos-queimaduras-conforme-boletim-medico\\\/#primaryimage\"},\"thumbnailUrl\":\"https:\\\/\\\/transamerica93.com.br\\\/home\\\/wp-content\\\/uploads\\\/2025\\\/05\\\/1-94.jpg\",\"articleSection\":[\"Esportes\"],\"inLanguage\":\"pt-BR\"},{\"@type\":\"WebPage\",\"@id\":\"https:\\\/\\\/transamerica93.com.br\\\/home\\\/lucio-esta-consciente-e-tem-quadro-de-saude-estavel-apos-queimaduras-conforme-boletim-medico\\\/\",\"url\":\"https:\\\/\\\/transamerica93.com.br\\\/home\\\/lucio-esta-consciente-e-tem-quadro-de-saude-estavel-apos-queimaduras-conforme-boletim-medico\\\/\",\"name\":\"L\u00facio est\u00e1 consciente e tem quadro de sa\u00fade est\u00e1vel ap\u00f3s queimaduras, conforme boletim m\u00e9dico - Transam\u00e9rica Mococa 93,3\",\"isPartOf\":{\"@id\":\"https:\\\/\\\/transamerica93.com.br\\\/home\\\/#website\"},\"primaryImageOfPage\":{\"@id\":\"https:\\\/\\\/transamerica93.com.br\\\/home\\\/lucio-esta-consciente-e-tem-quadro-de-saude-estavel-apos-queimaduras-conforme-boletim-medico\\\/#primaryimage\"},\"image\":{\"@id\":\"https:\\\/\\\/transamerica93.com.br\\\/home\\\/lucio-esta-consciente-e-tem-quadro-de-saude-estavel-apos-queimaduras-conforme-boletim-medico\\\/#primaryimage\"},\"thumbnailUrl\":\"https:\\\/\\\/transamerica93.com.br\\\/home\\\/wp-content\\\/uploads\\\/2025\\\/05\\\/1-94.jpg\",\"datePublished\":\"2025-05-30T15:00:36+00:00\",\"breadcrumb\":{\"@id\":\"https:\\\/\\\/transamerica93.com.br\\\/home\\\/lucio-esta-consciente-e-tem-quadro-de-saude-estavel-apos-queimaduras-conforme-boletim-medico\\\/#breadcrumb\"},\"inLanguage\":\"pt-BR\",\"potentialAction\":[{\"@type\":\"ReadAction\",\"target\":[\"https:\\\/\\\/transamerica93.com.br\\\/home\\\/lucio-esta-consciente-e-tem-quadro-de-saude-estavel-apos-queimaduras-conforme-boletim-medico\\\/\"]}]},{\"@type\":\"ImageObject\",\"inLanguage\":\"pt-BR\",\"@id\":\"https:\\\/\\\/transamerica93.com.br\\\/home\\\/lucio-esta-consciente-e-tem-quadro-de-saude-estavel-apos-queimaduras-conforme-boletim-medico\\\/#primaryimage\",\"url\":\"https:\\\/\\\/transamerica93.com.br\\\/home\\\/wp-content\\\/uploads\\\/2025\\\/05\\\/1-94.jpg\",\"contentUrl\":\"https:\\\/\\\/transamerica93.com.br\\\/home\\\/wp-content\\\/uploads\\\/2025\\\/05\\\/1-94.jpg\",\"width\":971,\"height\":564},{\"@type\":\"BreadcrumbList\",\"@id\":\"https:\\\/\\\/transamerica93.com.br\\\/home\\\/lucio-esta-consciente-e-tem-quadro-de-saude-estavel-apos-queimaduras-conforme-boletim-medico\\\/#breadcrumb\",\"itemListElement\":[{\"@type\":\"ListItem\",\"position\":1,\"name\":\"In\u00edcio\",\"item\":\"https:\\\/\\\/transamerica93.com.br\\\/home\\\/\"},{\"@type\":\"ListItem\",\"position\":2,\"name\":\"L\u00facio est\u00e1 consciente e tem quadro de sa\u00fade est\u00e1vel ap\u00f3s queimaduras, conforme boletim m\u00e9dico\"}]},{\"@type\":\"WebSite\",\"@id\":\"https:\\\/\\\/transamerica93.com.br\\\/home\\\/#website\",\"url\":\"https:\\\/\\\/transamerica93.com.br\\\/home\\\/\",\"name\":\"Transam\u00e9rica Mococa 93,3\",\"description\":\"\",\"publisher\":{\"@id\":\"https:\\\/\\\/transamerica93.com.br\\\/home\\\/#organization\"},\"potentialAction\":[{\"@type\":\"SearchAction\",\"target\":{\"@type\":\"EntryPoint\",\"urlTemplate\":\"https:\\\/\\\/transamerica93.com.br\\\/home\\\/?s={search_term_string}\"},\"query-input\":{\"@type\":\"PropertyValueSpecification\",\"valueRequired\":true,\"valueName\":\"search_term_string\"}}],\"inLanguage\":\"pt-BR\"},{\"@type\":\"Organization\",\"@id\":\"https:\\\/\\\/transamerica93.com.br\\\/home\\\/#organization\",\"name\":\"Transam\u00e9rica Mococa 93,3\",\"url\":\"https:\\\/\\\/transamerica93.com.br\\\/home\\\/\",\"logo\":{\"@type\":\"ImageObject\",\"inLanguage\":\"pt-BR\",\"@id\":\"https:\\\/\\\/transamerica93.com.br\\\/home\\\/#\\\/schema\\\/logo\\\/image\\\/\",\"url\":\"https:\\\/\\\/transamerica93.com.br\\\/home\\\/wp-content\\\/uploads\\\/2023\\\/10\\\/logo2.png\",\"contentUrl\":\"https:\\\/\\\/transamerica93.com.br\\\/home\\\/wp-content\\\/uploads\\\/2023\\\/10\\\/logo2.png\",\"width\":800,\"height\":500,\"caption\":\"Transam\u00e9rica Mococa 93,3\"},\"image\":{\"@id\":\"https:\\\/\\\/transamerica93.com.br\\\/home\\\/#\\\/schema\\\/logo\\\/image\\\/\"},\"sameAs\":[\"https:\\\/\\\/www.facebook.com\\\/transamericamococa\",\"https:\\\/\\\/x.com\\\/transamerica933\",\"https:\\\/\\\/www.instagram.com\\\/transamericamococa\"]},{\"@type\":\"Person\",\"@id\":\"https:\\\/\\\/transamerica93.com.br\\\/home\\\/#\\\/schema\\\/person\\\/7fed7c99c0d4562efa8561bc0f543172\",\"name\":\"Reda\u00e7\u00e3o\",\"image\":{\"@type\":\"ImageObject\",\"inLanguage\":\"pt-BR\",\"@id\":\"https:\\\/\\\/secure.gravatar.com\\\/avatar\\\/1072c6b775fb02ef8506ce967551d95926669a6b7d2c2147b42eea4d7c68395e?s=96&d=mm&r=g\",\"url\":\"https:\\\/\\\/secure.gravatar.com\\\/avatar\\\/1072c6b775fb02ef8506ce967551d95926669a6b7d2c2147b42eea4d7c68395e?s=96&d=mm&r=g\",\"contentUrl\":\"https:\\\/\\\/secure.gravatar.com\\\/avatar\\\/1072c6b775fb02ef8506ce967551d95926669a6b7d2c2147b42eea4d7c68395e?s=96&d=mm&r=g\",\"caption\":\"Reda\u00e7\u00e3o\"},\"sameAs\":[\"https:\\\/\\\/transamerica93.com.br\\\/home\"],\"url\":\"https:\\\/\\\/transamerica93.com.br\\\/home\\\/author\\\/william\\\/\"}]}<\/script>\n<!-- \/ Yoast SEO plugin. -->","yoast_head_json":{"title":"L\u00facio est\u00e1 consciente e tem quadro de sa\u00fade est\u00e1vel ap\u00f3s queimaduras, conforme boletim m\u00e9dico - Transam\u00e9rica Mococa 93,3","robots":{"index":"index","follow":"follow","max-snippet":"max-snippet:-1","max-image-preview":"max-image-preview:large","max-video-preview":"max-video-preview:-1"},"canonical":"https:\/\/transamerica93.com.br\/home\/lucio-esta-consciente-e-tem-quadro-de-saude-estavel-apos-queimaduras-conforme-boletim-medico\/","og_locale":"pt_BR","og_type":"article","og_title":"L\u00facio est\u00e1 consciente e tem quadro de sa\u00fade est\u00e1vel ap\u00f3s queimaduras, conforme boletim m\u00e9dico - Transam\u00e9rica Mococa 93,3","og_description":"O ex-zagueiro da sele\u00e7\u00e3o brasileira, L\u00facio, segue est\u00e1vel e consciente ap\u00f3s sofrer queimaduras em um acidente dom\u00e9stico na \u00faltima sexta-feira. O Hospital Bras\u00edlia, onde est\u00e1 internado, divulgou neste s\u00e1bado, em nota \u00e0 imprensa, atualiza\u00e7\u00f5es favor\u00e1veis do estado de sa\u00fade do atleta, ressaltando que ele mant\u00e9m boa evolu\u00e7\u00e3o cl\u00ednica. Ainda n\u00e3o h\u00e1 previs\u00e3o de alta e &hellip;","og_url":"https:\/\/transamerica93.com.br\/home\/lucio-esta-consciente-e-tem-quadro-de-saude-estavel-apos-queimaduras-conforme-boletim-medico\/","og_site_name":"Transam\u00e9rica Mococa 93,3","article_publisher":"https:\/\/www.facebook.com\/transamericamococa","article_published_time":"2025-05-30T15:00:36+00:00","og_image":[{"width":971,"height":564,"url":"https:\/\/transamerica93.com.br\/home\/wp-content\/uploads\/2025\/05\/1-94.jpg","type":"image\/jpeg"}],"author":"Reda\u00e7\u00e3o","twitter_card":"summary_large_image","twitter_creator":"@transamerica933","twitter_site":"@transamerica933","twitter_misc":{"Escrito por":"Reda\u00e7\u00e3o","Est. tempo de leitura":"2 minutos"},"schema":{"@context":"https:\/\/schema.org","@graph":[{"@type":"Article","@id":"https:\/\/transamerica93.com.br\/home\/lucio-esta-consciente-e-tem-quadro-de-saude-estavel-apos-queimaduras-conforme-boletim-medico\/#article","isPartOf":{"@id":"https:\/\/transamerica93.com.br\/home\/lucio-esta-consciente-e-tem-quadro-de-saude-estavel-apos-queimaduras-conforme-boletim-medico\/"},"author":{"name":"Reda\u00e7\u00e3o","@id":"https:\/\/transamerica93.com.br\/home\/#\/schema\/person\/7fed7c99c0d4562efa8561bc0f543172"},"headline":"L\u00facio est\u00e1 consciente e tem quadro de sa\u00fade est\u00e1vel ap\u00f3s queimaduras, conforme boletim m\u00e9dico","datePublished":"2025-05-30T15:00:36+00:00","mainEntityOfPage":{"@id":"https:\/\/transamerica93.com.br\/home\/lucio-esta-consciente-e-tem-quadro-de-saude-estavel-apos-queimaduras-conforme-boletim-medico\/"},"wordCount":342,"publisher":{"@id":"https:\/\/transamerica93.com.br\/home\/#organization"},"image":{"@id":"https:\/\/transamerica93.com.br\/home\/lucio-esta-consciente-e-tem-quadro-de-saude-estavel-apos-queimaduras-conforme-boletim-medico\/#primaryimage"},"thumbnailUrl":"https:\/\/transamerica93.com.br\/home\/wp-content\/uploads\/2025\/05\/1-94.jpg","articleSection":["Esportes"],"inLanguage":"pt-BR"},{"@type":"WebPage","@id":"https:\/\/transamerica93.com.br\/home\/lucio-esta-consciente-e-tem-quadro-de-saude-estavel-apos-queimaduras-conforme-boletim-medico\/","url":"https:\/\/transamerica93.com.br\/home\/lucio-esta-consciente-e-tem-quadro-de-saude-estavel-apos-queimaduras-conforme-boletim-medico\/","name":"L\u00facio est\u00e1 consciente e tem quadro de sa\u00fade est\u00e1vel ap\u00f3s queimaduras, conforme boletim m\u00e9dico - Transam\u00e9rica Mococa 93,3","isPartOf":{"@id":"https:\/\/transamerica93.com.br\/home\/#website"},"primaryImageOfPage":{"@id":"https:\/\/transamerica93.com.br\/home\/lucio-esta-consciente-e-tem-quadro-de-saude-estavel-apos-queimaduras-conforme-boletim-medico\/#primaryimage"},"image":{"@id":"https:\/\/transamerica93.com.br\/home\/lucio-esta-consciente-e-tem-quadro-de-saude-estavel-apos-queimaduras-conforme-boletim-medico\/#primaryimage"},"thumbnailUrl":"https:\/\/transamerica93.com.br\/home\/wp-content\/uploads\/2025\/05\/1-94.jpg","datePublished":"2025-05-30T15:00:36+00:00","breadcrumb":{"@id":"https:\/\/transamerica93.com.br\/home\/lucio-esta-consciente-e-tem-quadro-de-saude-estavel-apos-queimaduras-conforme-boletim-medico\/#breadcrumb"},"inLanguage":"pt-BR","potentialAction":[{"@type":"ReadAction","target":["https:\/\/transamerica93.com.br\/home\/lucio-esta-consciente-e-tem-quadro-de-saude-estavel-apos-queimaduras-conforme-boletim-medico\/"]}]},{"@type":"ImageObject","inLanguage":"pt-BR","@id":"https:\/\/transamerica93.com.br\/home\/lucio-esta-consciente-e-tem-quadro-de-saude-estavel-apos-queimaduras-conforme-boletim-medico\/#primaryimage","url":"https:\/\/transamerica93.com.br\/home\/wp-content\/uploads\/2025\/05\/1-94.jpg","contentUrl":"https:\/\/transamerica93.com.br\/home\/wp-content\/uploads\/2025\/05\/1-94.jpg","width":971,"height":564},{"@type":"BreadcrumbList","@id":"https:\/\/transamerica93.com.br\/home\/lucio-esta-consciente-e-tem-quadro-de-saude-estavel-apos-queimaduras-conforme-boletim-medico\/#breadcrumb","itemListElement":[{"@type":"ListItem","position":1,"name":"In\u00edcio","item":"https:\/\/transamerica93.com.br\/home\/"},{"@type":"ListItem","position":2,"name":"L\u00facio est\u00e1 consciente e tem quadro de sa\u00fade est\u00e1vel ap\u00f3s queimaduras, conforme boletim m\u00e9dico"}]},{"@type":"WebSite","@id":"https:\/\/transamerica93.com.br\/home\/#website","url":"https:\/\/transamerica93.com.br\/home\/","name":"Transam\u00e9rica Mococa 93,3","description":"","publisher":{"@id":"https:\/\/transamerica93.com.br\/home\/#organization"},"potentialAction":[{"@type":"SearchAction","target":{"@type":"EntryPoint","urlTemplate":"https:\/\/transamerica93.com.br\/home\/?s={search_term_string}"},"query-input":{"@type":"PropertyValueSpecification","valueRequired":true,"valueName":"search_term_string"}}],"inLanguage":"pt-BR"},{"@type":"Organization","@id":"https:\/\/transamerica93.com.br\/home\/#organization","name":"Transam\u00e9rica Mococa 93,3","url":"https:\/\/transamerica93.com.br\/home\/","logo":{"@type":"ImageObject","inLanguage":"pt-BR","@id":"https:\/\/transamerica93.com.br\/home\/#\/schema\/logo\/image\/","url":"https:\/\/transamerica93.com.br\/home\/wp-content\/uploads\/2023\/10\/logo2.png","contentUrl":"https:\/\/transamerica93.com.br\/home\/wp-content\/uploads\/2023\/10\/logo2.png","width":800,"height":500,"caption":"Transam\u00e9rica Mococa 93,3"},"image":{"@id":"https:\/\/transamerica93.com.br\/home\/#\/schema\/logo\/image\/"},"sameAs":["https:\/\/www.facebook.com\/transamericamococa","https:\/\/x.com\/transamerica933","https:\/\/www.instagram.com\/transamericamococa"]},{"@type":"Person","@id":"https:\/\/transamerica93.com.br\/home\/#\/schema\/person\/7fed7c99c0d4562efa8561bc0f543172","name":"Reda\u00e7\u00e3o","image":{"@type":"ImageObject","inLanguage":"pt-BR","@id":"https:\/\/secure.gravatar.com\/avatar\/1072c6b775fb02ef8506ce967551d95926669a6b7d2c2147b42eea4d7c68395e?s=96&d=mm&r=g","url":"https:\/\/secure.gravatar.com\/avatar\/1072c6b775fb02ef8506ce967551d95926669a6b7d2c2147b42eea4d7c68395e?s=96&d=mm&r=g","contentUrl":"https:\/\/secure.gravatar.com\/avatar\/1072c6b775fb02ef8506ce967551d95926669a6b7d2c2147b42eea4d7c68395e?s=96&d=mm&r=g","caption":"Reda\u00e7\u00e3o"},"sameAs":["https:\/\/transamerica93.com.br\/home"],"url":"https:\/\/transamerica93.com.br\/home\/author\/william\/"}]}},"_links":{"self":[{"href":"https:\/\/transamerica93.com.br\/home\/wp-json\/wp\/v2\/posts\/5552","targetHints":{"allow":["GET"]}}],"collection":[{"href":"https:\/\/transamerica93.com.br\/home\/wp-json\/wp\/v2\/posts"}],"about":[{"href":"https:\/\/transamerica93.com.br\/home\/wp-json\/wp\/v2\/types\/post"}],"author":[{"embeddable":true,"href":"https:\/\/transamerica93.com.br\/home\/wp-json\/wp\/v2\/users\/1"}],"replies":[{"embeddable":true,"href":"https:\/\/transamerica93.com.br\/home\/wp-json\/wp\/v2\/comments?post=5552"}],"version-history":[{"count":1,"href":"https:\/\/transamerica93.com.br\/home\/wp-json\/wp\/v2\/posts\/5552\/revisions"}],"predecessor-version":[{"id":5554,"href":"https:\/\/transamerica93.com.br\/home\/wp-json\/wp\/v2\/posts\/5552\/revisions\/5554"}],"wp:featuredmedia":[{"embeddable":true,"href":"https:\/\/transamerica93.com.br\/home\/wp-json\/wp\/v2\/media\/5553"}],"wp:attachment":[{"href":"https:\/\/transamerica93.com.br\/home\/wp-json\/wp\/v2\/media?parent=5552"}],"wp:term":[{"taxonomy":"category","embeddable":true,"href":"https:\/\/transamerica93.com.br\/home\/wp-json\/wp\/v2\/categories?post=5552"},{"taxonomy":"post_tag","embeddable":true,"href":"https:\/\/transamerica93.com.br\/home\/wp-json\/wp\/v2\/tags?post=5552"}],"curies":[{"name":"wp","href":"https:\/\/api.w.org\/{rel}","templated":true}]}}