{"id":5560,"date":"2025-06-04T12:00:13","date_gmt":"2025-06-04T15:00:13","guid":{"rendered":"https:\/\/transamerica93.com.br\/home\/?p=5560"},"modified":"2025-05-19T08:04:13","modified_gmt":"2025-05-19T11:04:13","slug":"zubeldia-mira-maratona-de-decisoes-e-cobra-foco-total-do-sao-paulo-antes-da-pausa-para-mundial","status":"publish","type":"post","link":"https:\/\/transamerica93.com.br\/home\/zubeldia-mira-maratona-de-decisoes-e-cobra-foco-total-do-sao-paulo-antes-da-pausa-para-mundial\/","title":{"rendered":"Zubeld\u00eda mira maratona de decis\u00f5es e cobra foco total do S\u00e3o Paulo antes da pausa para Mundial"},"content":{"rendered":"<div id=\"Corpo\">Ap\u00f3s a virada por 2 a 1 sobre o Gr\u00eamio no MorumBis, o t\u00e9cnico Luis Zubeld\u00eda evitou comemora\u00e7\u00f5es exageradas e deixou claro que o S\u00e3o Paulo est\u00e1 apenas no in\u00edcio de uma sequ\u00eancia decisiva na temporada. Para ele, o momento exige concentra\u00e7\u00e3o m\u00e1xima, pois os pr\u00f3ximos jogos, tanto no Brasileir\u00e3o quanto nas copas, definir\u00e3o o rumo do time antes da parada para o Mundial de Clubes, em junho.<\/p>\n<p>Com 12 pontos conquistados no Campeonato Brasileiro, o S\u00e3o Paulo ainda est\u00e1 distante da briga pelas primeiras posi\u00e7\u00f5es, mas o treinador refor\u00e7ou a import\u00e2ncia de manter o desempenho em alta e transformar boas atua\u00e7\u00f5es em resultados fora de casa. &#8220;S\u00e3o quatro finais. Se n\u00e3o, tudo o que est\u00e1 sendo falado sobre superar momentos dif\u00edceis n\u00e3o serve de nada&#8221;, afirmou. &#8220;Temos que come\u00e7ar a ganhar como visitante.&#8221;<\/p>\n<p>A pr\u00f3xima miss\u00e3o do S\u00e3o Paulo ser\u00e1 pela Copa do Brasil, nesta ter\u00e7a-feira, contra o N\u00e1utico, nos Aflitos. A equipe venceu o jogo de ida por 2 a 1 e tenta confirmar a vaga fora de casa. Na sequ\u00eancia, o time encara o Mirassol pelo Brasileir\u00e3o e ainda ter\u00e1 compromissos importantes pela Libertadores, onde j\u00e1 est\u00e1 classificado, mas busca a lideran\u00e7a do grupo.<\/p>\n<p>Zubeld\u00eda evitou coment\u00e1rios sobre les\u00f5es ou limita\u00e7\u00f5es de elenco e preferiu refor\u00e7ar o esp\u00edrito competitivo da equipe. &#8220;Estamos no baile e temos que bailar. N\u00e3o quero falar mais de lesionados, de elenco ser curto ou largo&#8230; Temos que estar muito focados nos jogos antes da pausa&#8221;, disse. Segundo ele, o S\u00e3o Paulo ter\u00e1 ao menos cinco compromissos at\u00e9 a parada, e o objetivo \u00e9 somar o maior n\u00famero poss\u00edvel de pontos.<\/p>\n<p>O treinador destacou tamb\u00e9m a imprevisibilidade do Brasileir\u00e3o, onde a tabela est\u00e1 apertada e mudan\u00e7as de posi\u00e7\u00e3o acontecem a cada rodada. &#8220;A situa\u00e7\u00e3o aqui \u00e9 muito parelha. Em um tempo voc\u00ea est\u00e1 perdendo, vira o jogo e j\u00e1 est\u00e1 em nono. \u00c9 uma maratona. Por isso penso sempre em objetivos curtos: ganhar um jogo, depois o pr\u00f3ximo&#8230; Creio que \u00e9 o melhor caminho&#8221;, analisou.<\/p>\n<p>Apesar das dificuldades enfrentadas, Zubeld\u00eda se mostrou satisfeito com o desempenho geral do time na temporada at\u00e9 agora O S\u00e3o Paulo est\u00e1 classificado para o mata-mata da Libertadores, em condi\u00e7\u00e3o de buscar a lideran\u00e7a do grupo, ainda vivo na Copa do Brasil e tentando se aproximar da parte de cima do Brasileir\u00e3o. &#8220;Estamos competindo. Poder\u00edamos ter mais pontos, mas o que importa \u00e9 que seguimos bem em todas as frentes&#8221;, comentou.<\/p>\n<p>Para o treinador, a exig\u00eancia no calend\u00e1rio brasileiro \u00e9 das maiores do continente, o que ele considera um desafio constante. &#8220;No Brasil h\u00e1 12, 14 times que podem tranquilamente chegar \u00e0s quartas ou semifinais da Libertadores. \u00c0s vezes a compet\u00eancia no Brasileir\u00e3o \u00e9 maior que em muitos jogos da pr\u00f3pria competi\u00e7\u00e3o continental&#8221;, afirmou. &#8220;Isso torna tudo mais dif\u00edcil.&#8221;<\/p><\/div>\n","protected":false},"excerpt":{"rendered":"<p>Ap\u00f3s a virada por 2 a 1 sobre o Gr\u00eamio no MorumBis, o t\u00e9cnico Luis Zubeld\u00eda evitou comemora\u00e7\u00f5es exageradas e deixou claro que o S\u00e3o Paulo est\u00e1 apenas no in\u00edcio de uma sequ\u00eancia decisiva na temporada. Para ele, o momento exige concentra\u00e7\u00e3o m\u00e1xima, pois os pr\u00f3ximos jogos, tanto no Brasileir\u00e3o quanto nas copas, definir\u00e3o o &hellip;<\/p>\n","protected":false},"author":1,"featured_media":5561,"comment_status":"closed","ping_status":"closed","sticky":false,"template":"","format":"standard","meta":{"footnotes":""},"categories":[31],"tags":[],"class_list":["post-5560","post","type-post","status-publish","format-standard","has-post-thumbnail","hentry","category-esportes"],"yoast_head":"<!-- This site is optimized with the Yoast SEO plugin v27.4 - https:\/\/yoast.com\/product\/yoast-seo-wordpress\/ -->\n<title>Zubeld\u00eda mira maratona de decis\u00f5es e cobra foco total do S\u00e3o Paulo antes da pausa para Mundial - Transam\u00e9rica Mococa 93,3<\/title>\n<meta name=\"robots\" content=\"index, follow, max-snippet:-1, max-image-preview:large, max-video-preview:-1\" \/>\n<link rel=\"canonical\" href=\"https:\/\/transamerica93.com.br\/home\/zubeldia-mira-maratona-de-decisoes-e-cobra-foco-total-do-sao-paulo-antes-da-pausa-para-mundial\/\" \/>\n<meta property=\"og:locale\" content=\"pt_BR\" \/>\n<meta property=\"og:type\" content=\"article\" \/>\n<meta property=\"og:title\" content=\"Zubeld\u00eda mira maratona de decis\u00f5es e cobra foco total do S\u00e3o Paulo antes da pausa para Mundial - Transam\u00e9rica Mococa 93,3\" \/>\n<meta property=\"og:description\" content=\"Ap\u00f3s a virada por 2 a 1 sobre o Gr\u00eamio no MorumBis, o t\u00e9cnico Luis Zubeld\u00eda evitou comemora\u00e7\u00f5es exageradas e deixou claro que o S\u00e3o Paulo est\u00e1 apenas no in\u00edcio de uma sequ\u00eancia decisiva na temporada. Para ele, o momento exige concentra\u00e7\u00e3o m\u00e1xima, pois os pr\u00f3ximos jogos, tanto no Brasileir\u00e3o quanto nas copas, definir\u00e3o o &hellip;\" \/>\n<meta property=\"og:url\" content=\"https:\/\/transamerica93.com.br\/home\/zubeldia-mira-maratona-de-decisoes-e-cobra-foco-total-do-sao-paulo-antes-da-pausa-para-mundial\/\" \/>\n<meta property=\"og:site_name\" content=\"Transam\u00e9rica Mococa 93,3\" \/>\n<meta property=\"article:publisher\" content=\"https:\/\/www.facebook.com\/transamericamococa\" \/>\n<meta property=\"article:published_time\" content=\"2025-06-04T15:00:13+00:00\" \/>\n<meta property=\"og:image\" content=\"https:\/\/transamerica93.com.br\/home\/wp-content\/uploads\/2025\/05\/1-96.jpg\" \/>\n\t<meta property=\"og:image:width\" content=\"971\" \/>\n\t<meta property=\"og:image:height\" content=\"566\" \/>\n\t<meta property=\"og:image:type\" content=\"image\/jpeg\" \/>\n<meta name=\"author\" content=\"Reda\u00e7\u00e3o\" \/>\n<meta name=\"twitter:card\" content=\"summary_large_image\" \/>\n<meta name=\"twitter:creator\" content=\"@transamerica933\" \/>\n<meta name=\"twitter:site\" content=\"@transamerica933\" \/>\n<meta name=\"twitter:label1\" content=\"Escrito por\" \/>\n\t<meta name=\"twitter:data1\" content=\"Reda\u00e7\u00e3o\" \/>\n\t<meta name=\"twitter:label2\" content=\"Est. tempo de leitura\" \/>\n\t<meta name=\"twitter:data2\" content=\"3 minutos\" \/>\n<script type=\"application\/ld+json\" class=\"yoast-schema-graph\">{\"@context\":\"https:\\\/\\\/schema.org\",\"@graph\":[{\"@type\":\"Article\",\"@id\":\"https:\\\/\\\/transamerica93.com.br\\\/home\\\/zubeldia-mira-maratona-de-decisoes-e-cobra-foco-total-do-sao-paulo-antes-da-pausa-para-mundial\\\/#article\",\"isPartOf\":{\"@id\":\"https:\\\/\\\/transamerica93.com.br\\\/home\\\/zubeldia-mira-maratona-de-decisoes-e-cobra-foco-total-do-sao-paulo-antes-da-pausa-para-mundial\\\/\"},\"author\":{\"name\":\"Reda\u00e7\u00e3o\",\"@id\":\"https:\\\/\\\/transamerica93.com.br\\\/home\\\/#\\\/schema\\\/person\\\/7fed7c99c0d4562efa8561bc0f543172\"},\"headline\":\"Zubeld\u00eda mira maratona de decis\u00f5es e cobra foco total do S\u00e3o Paulo antes da pausa para Mundial\",\"datePublished\":\"2025-06-04T15:00:13+00:00\",\"mainEntityOfPage\":{\"@id\":\"https:\\\/\\\/transamerica93.com.br\\\/home\\\/zubeldia-mira-maratona-de-decisoes-e-cobra-foco-total-do-sao-paulo-antes-da-pausa-para-mundial\\\/\"},\"wordCount\":527,\"publisher\":{\"@id\":\"https:\\\/\\\/transamerica93.com.br\\\/home\\\/#organization\"},\"image\":{\"@id\":\"https:\\\/\\\/transamerica93.com.br\\\/home\\\/zubeldia-mira-maratona-de-decisoes-e-cobra-foco-total-do-sao-paulo-antes-da-pausa-para-mundial\\\/#primaryimage\"},\"thumbnailUrl\":\"https:\\\/\\\/transamerica93.com.br\\\/home\\\/wp-content\\\/uploads\\\/2025\\\/05\\\/1-96.jpg\",\"articleSection\":[\"Esportes\"],\"inLanguage\":\"pt-BR\"},{\"@type\":\"WebPage\",\"@id\":\"https:\\\/\\\/transamerica93.com.br\\\/home\\\/zubeldia-mira-maratona-de-decisoes-e-cobra-foco-total-do-sao-paulo-antes-da-pausa-para-mundial\\\/\",\"url\":\"https:\\\/\\\/transamerica93.com.br\\\/home\\\/zubeldia-mira-maratona-de-decisoes-e-cobra-foco-total-do-sao-paulo-antes-da-pausa-para-mundial\\\/\",\"name\":\"Zubeld\u00eda mira maratona de decis\u00f5es e cobra foco total do S\u00e3o Paulo antes da pausa para Mundial - Transam\u00e9rica Mococa 93,3\",\"isPartOf\":{\"@id\":\"https:\\\/\\\/transamerica93.com.br\\\/home\\\/#website\"},\"primaryImageOfPage\":{\"@id\":\"https:\\\/\\\/transamerica93.com.br\\\/home\\\/zubeldia-mira-maratona-de-decisoes-e-cobra-foco-total-do-sao-paulo-antes-da-pausa-para-mundial\\\/#primaryimage\"},\"image\":{\"@id\":\"https:\\\/\\\/transamerica93.com.br\\\/home\\\/zubeldia-mira-maratona-de-decisoes-e-cobra-foco-total-do-sao-paulo-antes-da-pausa-para-mundial\\\/#primaryimage\"},\"thumbnailUrl\":\"https:\\\/\\\/transamerica93.com.br\\\/home\\\/wp-content\\\/uploads\\\/2025\\\/05\\\/1-96.jpg\",\"datePublished\":\"2025-06-04T15:00:13+00:00\",\"breadcrumb\":{\"@id\":\"https:\\\/\\\/transamerica93.com.br\\\/home\\\/zubeldia-mira-maratona-de-decisoes-e-cobra-foco-total-do-sao-paulo-antes-da-pausa-para-mundial\\\/#breadcrumb\"},\"inLanguage\":\"pt-BR\",\"potentialAction\":[{\"@type\":\"ReadAction\",\"target\":[\"https:\\\/\\\/transamerica93.com.br\\\/home\\\/zubeldia-mira-maratona-de-decisoes-e-cobra-foco-total-do-sao-paulo-antes-da-pausa-para-mundial\\\/\"]}]},{\"@type\":\"ImageObject\",\"inLanguage\":\"pt-BR\",\"@id\":\"https:\\\/\\\/transamerica93.com.br\\\/home\\\/zubeldia-mira-maratona-de-decisoes-e-cobra-foco-total-do-sao-paulo-antes-da-pausa-para-mundial\\\/#primaryimage\",\"url\":\"https:\\\/\\\/transamerica93.com.br\\\/home\\\/wp-content\\\/uploads\\\/2025\\\/05\\\/1-96.jpg\",\"contentUrl\":\"https:\\\/\\\/transamerica93.com.br\\\/home\\\/wp-content\\\/uploads\\\/2025\\\/05\\\/1-96.jpg\",\"width\":971,\"height\":566},{\"@type\":\"BreadcrumbList\",\"@id\":\"https:\\\/\\\/transamerica93.com.br\\\/home\\\/zubeldia-mira-maratona-de-decisoes-e-cobra-foco-total-do-sao-paulo-antes-da-pausa-para-mundial\\\/#breadcrumb\",\"itemListElement\":[{\"@type\":\"ListItem\",\"position\":1,\"name\":\"In\u00edcio\",\"item\":\"https:\\\/\\\/transamerica93.com.br\\\/home\\\/\"},{\"@type\":\"ListItem\",\"position\":2,\"name\":\"Zubeld\u00eda mira maratona de decis\u00f5es e cobra foco total do S\u00e3o Paulo antes da pausa para Mundial\"}]},{\"@type\":\"WebSite\",\"@id\":\"https:\\\/\\\/transamerica93.com.br\\\/home\\\/#website\",\"url\":\"https:\\\/\\\/transamerica93.com.br\\\/home\\\/\",\"name\":\"Transam\u00e9rica Mococa 93,3\",\"description\":\"\",\"publisher\":{\"@id\":\"https:\\\/\\\/transamerica93.com.br\\\/home\\\/#organization\"},\"potentialAction\":[{\"@type\":\"SearchAction\",\"target\":{\"@type\":\"EntryPoint\",\"urlTemplate\":\"https:\\\/\\\/transamerica93.com.br\\\/home\\\/?s={search_term_string}\"},\"query-input\":{\"@type\":\"PropertyValueSpecification\",\"valueRequired\":true,\"valueName\":\"search_term_string\"}}],\"inLanguage\":\"pt-BR\"},{\"@type\":\"Organization\",\"@id\":\"https:\\\/\\\/transamerica93.com.br\\\/home\\\/#organization\",\"name\":\"Transam\u00e9rica Mococa 93,3\",\"url\":\"https:\\\/\\\/transamerica93.com.br\\\/home\\\/\",\"logo\":{\"@type\":\"ImageObject\",\"inLanguage\":\"pt-BR\",\"@id\":\"https:\\\/\\\/transamerica93.com.br\\\/home\\\/#\\\/schema\\\/logo\\\/image\\\/\",\"url\":\"https:\\\/\\\/transamerica93.com.br\\\/home\\\/wp-content\\\/uploads\\\/2023\\\/10\\\/logo2.png\",\"contentUrl\":\"https:\\\/\\\/transamerica93.com.br\\\/home\\\/wp-content\\\/uploads\\\/2023\\\/10\\\/logo2.png\",\"width\":800,\"height\":500,\"caption\":\"Transam\u00e9rica Mococa 93,3\"},\"image\":{\"@id\":\"https:\\\/\\\/transamerica93.com.br\\\/home\\\/#\\\/schema\\\/logo\\\/image\\\/\"},\"sameAs\":[\"https:\\\/\\\/www.facebook.com\\\/transamericamococa\",\"https:\\\/\\\/x.com\\\/transamerica933\",\"https:\\\/\\\/www.instagram.com\\\/transamericamococa\"]},{\"@type\":\"Person\",\"@id\":\"https:\\\/\\\/transamerica93.com.br\\\/home\\\/#\\\/schema\\\/person\\\/7fed7c99c0d4562efa8561bc0f543172\",\"name\":\"Reda\u00e7\u00e3o\",\"image\":{\"@type\":\"ImageObject\",\"inLanguage\":\"pt-BR\",\"@id\":\"https:\\\/\\\/secure.gravatar.com\\\/avatar\\\/1072c6b775fb02ef8506ce967551d95926669a6b7d2c2147b42eea4d7c68395e?s=96&d=mm&r=g\",\"url\":\"https:\\\/\\\/secure.gravatar.com\\\/avatar\\\/1072c6b775fb02ef8506ce967551d95926669a6b7d2c2147b42eea4d7c68395e?s=96&d=mm&r=g\",\"contentUrl\":\"https:\\\/\\\/secure.gravatar.com\\\/avatar\\\/1072c6b775fb02ef8506ce967551d95926669a6b7d2c2147b42eea4d7c68395e?s=96&d=mm&r=g\",\"caption\":\"Reda\u00e7\u00e3o\"},\"sameAs\":[\"https:\\\/\\\/transamerica93.com.br\\\/home\"],\"url\":\"https:\\\/\\\/transamerica93.com.br\\\/home\\\/author\\\/william\\\/\"}]}<\/script>\n<!-- \/ Yoast SEO plugin. -->","yoast_head_json":{"title":"Zubeld\u00eda mira maratona de decis\u00f5es e cobra foco total do S\u00e3o Paulo antes da pausa para Mundial - Transam\u00e9rica Mococa 93,3","robots":{"index":"index","follow":"follow","max-snippet":"max-snippet:-1","max-image-preview":"max-image-preview:large","max-video-preview":"max-video-preview:-1"},"canonical":"https:\/\/transamerica93.com.br\/home\/zubeldia-mira-maratona-de-decisoes-e-cobra-foco-total-do-sao-paulo-antes-da-pausa-para-mundial\/","og_locale":"pt_BR","og_type":"article","og_title":"Zubeld\u00eda mira maratona de decis\u00f5es e cobra foco total do S\u00e3o Paulo antes da pausa para Mundial - Transam\u00e9rica Mococa 93,3","og_description":"Ap\u00f3s a virada por 2 a 1 sobre o Gr\u00eamio no MorumBis, o t\u00e9cnico Luis Zubeld\u00eda evitou comemora\u00e7\u00f5es exageradas e deixou claro que o S\u00e3o Paulo est\u00e1 apenas no in\u00edcio de uma sequ\u00eancia decisiva na temporada. Para ele, o momento exige concentra\u00e7\u00e3o m\u00e1xima, pois os pr\u00f3ximos jogos, tanto no Brasileir\u00e3o quanto nas copas, definir\u00e3o o &hellip;","og_url":"https:\/\/transamerica93.com.br\/home\/zubeldia-mira-maratona-de-decisoes-e-cobra-foco-total-do-sao-paulo-antes-da-pausa-para-mundial\/","og_site_name":"Transam\u00e9rica Mococa 93,3","article_publisher":"https:\/\/www.facebook.com\/transamericamococa","article_published_time":"2025-06-04T15:00:13+00:00","og_image":[{"width":971,"height":566,"url":"https:\/\/transamerica93.com.br\/home\/wp-content\/uploads\/2025\/05\/1-96.jpg","type":"image\/jpeg"}],"author":"Reda\u00e7\u00e3o","twitter_card":"summary_large_image","twitter_creator":"@transamerica933","twitter_site":"@transamerica933","twitter_misc":{"Escrito por":"Reda\u00e7\u00e3o","Est. tempo de leitura":"3 minutos"},"schema":{"@context":"https:\/\/schema.org","@graph":[{"@type":"Article","@id":"https:\/\/transamerica93.com.br\/home\/zubeldia-mira-maratona-de-decisoes-e-cobra-foco-total-do-sao-paulo-antes-da-pausa-para-mundial\/#article","isPartOf":{"@id":"https:\/\/transamerica93.com.br\/home\/zubeldia-mira-maratona-de-decisoes-e-cobra-foco-total-do-sao-paulo-antes-da-pausa-para-mundial\/"},"author":{"name":"Reda\u00e7\u00e3o","@id":"https:\/\/transamerica93.com.br\/home\/#\/schema\/person\/7fed7c99c0d4562efa8561bc0f543172"},"headline":"Zubeld\u00eda mira maratona de decis\u00f5es e cobra foco total do S\u00e3o Paulo antes da pausa para Mundial","datePublished":"2025-06-04T15:00:13+00:00","mainEntityOfPage":{"@id":"https:\/\/transamerica93.com.br\/home\/zubeldia-mira-maratona-de-decisoes-e-cobra-foco-total-do-sao-paulo-antes-da-pausa-para-mundial\/"},"wordCount":527,"publisher":{"@id":"https:\/\/transamerica93.com.br\/home\/#organization"},"image":{"@id":"https:\/\/transamerica93.com.br\/home\/zubeldia-mira-maratona-de-decisoes-e-cobra-foco-total-do-sao-paulo-antes-da-pausa-para-mundial\/#primaryimage"},"thumbnailUrl":"https:\/\/transamerica93.com.br\/home\/wp-content\/uploads\/2025\/05\/1-96.jpg","articleSection":["Esportes"],"inLanguage":"pt-BR"},{"@type":"WebPage","@id":"https:\/\/transamerica93.com.br\/home\/zubeldia-mira-maratona-de-decisoes-e-cobra-foco-total-do-sao-paulo-antes-da-pausa-para-mundial\/","url":"https:\/\/transamerica93.com.br\/home\/zubeldia-mira-maratona-de-decisoes-e-cobra-foco-total-do-sao-paulo-antes-da-pausa-para-mundial\/","name":"Zubeld\u00eda mira maratona de decis\u00f5es e cobra foco total do S\u00e3o Paulo antes da pausa para Mundial - Transam\u00e9rica Mococa 93,3","isPartOf":{"@id":"https:\/\/transamerica93.com.br\/home\/#website"},"primaryImageOfPage":{"@id":"https:\/\/transamerica93.com.br\/home\/zubeldia-mira-maratona-de-decisoes-e-cobra-foco-total-do-sao-paulo-antes-da-pausa-para-mundial\/#primaryimage"},"image":{"@id":"https:\/\/transamerica93.com.br\/home\/zubeldia-mira-maratona-de-decisoes-e-cobra-foco-total-do-sao-paulo-antes-da-pausa-para-mundial\/#primaryimage"},"thumbnailUrl":"https:\/\/transamerica93.com.br\/home\/wp-content\/uploads\/2025\/05\/1-96.jpg","datePublished":"2025-06-04T15:00:13+00:00","breadcrumb":{"@id":"https:\/\/transamerica93.com.br\/home\/zubeldia-mira-maratona-de-decisoes-e-cobra-foco-total-do-sao-paulo-antes-da-pausa-para-mundial\/#breadcrumb"},"inLanguage":"pt-BR","potentialAction":[{"@type":"ReadAction","target":["https:\/\/transamerica93.com.br\/home\/zubeldia-mira-maratona-de-decisoes-e-cobra-foco-total-do-sao-paulo-antes-da-pausa-para-mundial\/"]}]},{"@type":"ImageObject","inLanguage":"pt-BR","@id":"https:\/\/transamerica93.com.br\/home\/zubeldia-mira-maratona-de-decisoes-e-cobra-foco-total-do-sao-paulo-antes-da-pausa-para-mundial\/#primaryimage","url":"https:\/\/transamerica93.com.br\/home\/wp-content\/uploads\/2025\/05\/1-96.jpg","contentUrl":"https:\/\/transamerica93.com.br\/home\/wp-content\/uploads\/2025\/05\/1-96.jpg","width":971,"height":566},{"@type":"BreadcrumbList","@id":"https:\/\/transamerica93.com.br\/home\/zubeldia-mira-maratona-de-decisoes-e-cobra-foco-total-do-sao-paulo-antes-da-pausa-para-mundial\/#breadcrumb","itemListElement":[{"@type":"ListItem","position":1,"name":"In\u00edcio","item":"https:\/\/transamerica93.com.br\/home\/"},{"@type":"ListItem","position":2,"name":"Zubeld\u00eda mira maratona de decis\u00f5es e cobra foco total do S\u00e3o Paulo antes da pausa para Mundial"}]},{"@type":"WebSite","@id":"https:\/\/transamerica93.com.br\/home\/#website","url":"https:\/\/transamerica93.com.br\/home\/","name":"Transam\u00e9rica Mococa 93,3","description":"","publisher":{"@id":"https:\/\/transamerica93.com.br\/home\/#organization"},"potentialAction":[{"@type":"SearchAction","target":{"@type":"EntryPoint","urlTemplate":"https:\/\/transamerica93.com.br\/home\/?s={search_term_string}"},"query-input":{"@type":"PropertyValueSpecification","valueRequired":true,"valueName":"search_term_string"}}],"inLanguage":"pt-BR"},{"@type":"Organization","@id":"https:\/\/transamerica93.com.br\/home\/#organization","name":"Transam\u00e9rica Mococa 93,3","url":"https:\/\/transamerica93.com.br\/home\/","logo":{"@type":"ImageObject","inLanguage":"pt-BR","@id":"https:\/\/transamerica93.com.br\/home\/#\/schema\/logo\/image\/","url":"https:\/\/transamerica93.com.br\/home\/wp-content\/uploads\/2023\/10\/logo2.png","contentUrl":"https:\/\/transamerica93.com.br\/home\/wp-content\/uploads\/2023\/10\/logo2.png","width":800,"height":500,"caption":"Transam\u00e9rica Mococa 93,3"},"image":{"@id":"https:\/\/transamerica93.com.br\/home\/#\/schema\/logo\/image\/"},"sameAs":["https:\/\/www.facebook.com\/transamericamococa","https:\/\/x.com\/transamerica933","https:\/\/www.instagram.com\/transamericamococa"]},{"@type":"Person","@id":"https:\/\/transamerica93.com.br\/home\/#\/schema\/person\/7fed7c99c0d4562efa8561bc0f543172","name":"Reda\u00e7\u00e3o","image":{"@type":"ImageObject","inLanguage":"pt-BR","@id":"https:\/\/secure.gravatar.com\/avatar\/1072c6b775fb02ef8506ce967551d95926669a6b7d2c2147b42eea4d7c68395e?s=96&d=mm&r=g","url":"https:\/\/secure.gravatar.com\/avatar\/1072c6b775fb02ef8506ce967551d95926669a6b7d2c2147b42eea4d7c68395e?s=96&d=mm&r=g","contentUrl":"https:\/\/secure.gravatar.com\/avatar\/1072c6b775fb02ef8506ce967551d95926669a6b7d2c2147b42eea4d7c68395e?s=96&d=mm&r=g","caption":"Reda\u00e7\u00e3o"},"sameAs":["https:\/\/transamerica93.com.br\/home"],"url":"https:\/\/transamerica93.com.br\/home\/author\/william\/"}]}},"_links":{"self":[{"href":"https:\/\/transamerica93.com.br\/home\/wp-json\/wp\/v2\/posts\/5560","targetHints":{"allow":["GET"]}}],"collection":[{"href":"https:\/\/transamerica93.com.br\/home\/wp-json\/wp\/v2\/posts"}],"about":[{"href":"https:\/\/transamerica93.com.br\/home\/wp-json\/wp\/v2\/types\/post"}],"author":[{"embeddable":true,"href":"https:\/\/transamerica93.com.br\/home\/wp-json\/wp\/v2\/users\/1"}],"replies":[{"embeddable":true,"href":"https:\/\/transamerica93.com.br\/home\/wp-json\/wp\/v2\/comments?post=5560"}],"version-history":[{"count":1,"href":"https:\/\/transamerica93.com.br\/home\/wp-json\/wp\/v2\/posts\/5560\/revisions"}],"predecessor-version":[{"id":5562,"href":"https:\/\/transamerica93.com.br\/home\/wp-json\/wp\/v2\/posts\/5560\/revisions\/5562"}],"wp:featuredmedia":[{"embeddable":true,"href":"https:\/\/transamerica93.com.br\/home\/wp-json\/wp\/v2\/media\/5561"}],"wp:attachment":[{"href":"https:\/\/transamerica93.com.br\/home\/wp-json\/wp\/v2\/media?parent=5560"}],"wp:term":[{"taxonomy":"category","embeddable":true,"href":"https:\/\/transamerica93.com.br\/home\/wp-json\/wp\/v2\/categories?post=5560"},{"taxonomy":"post_tag","embeddable":true,"href":"https:\/\/transamerica93.com.br\/home\/wp-json\/wp\/v2\/tags?post=5560"}],"curies":[{"name":"wp","href":"https:\/\/api.w.org\/{rel}","templated":true}]}}