{"id":5563,"date":"2025-06-05T12:00:48","date_gmt":"2025-06-05T15:00:48","guid":{"rendered":"https:\/\/transamerica93.com.br\/home\/?p=5563"},"modified":"2025-05-19T08:07:14","modified_gmt":"2025-05-19T11:07:14","slug":"quem-e-reinaldo-carneiro-bastos-presidente-da-fpf-que-se-candidatou-ao-cargo-maximo-na-cbf","status":"publish","type":"post","link":"https:\/\/transamerica93.com.br\/home\/quem-e-reinaldo-carneiro-bastos-presidente-da-fpf-que-se-candidatou-ao-cargo-maximo-na-cbf\/","title":{"rendered":"Quem \u00e9 Reinaldo Carneiro Bastos, presidente da FPF que se candidatou ao cargo m\u00e1ximo na CBF"},"content":{"rendered":"<p>O presidente da Federa\u00e7\u00e3o Paulista de Futebol (FPF), Reinaldo Cardeiro Bastos, lan\u00e7ou sua candidatura \u00e0 presid\u00eancia da CBF. \u00c0 frente, desde 2015, da entidade que gere o futebol de S\u00e3o Paulo, ele j\u00e1 teve trabalhos na confedera\u00e7\u00e3o nacional e foi diretor de sindicatos do esporte. Ainda neste s\u00e1bado, dirigentes de clubes da Libra e da LFU (Liga Forte Uni\u00e3o) se reuniram. Posteriormente, divulgaram uma nota oficial, informando que 32 clubes declaram apoio \u00e0 candidatura de Reinaldo Carneiro Bastos na elei\u00e7\u00e3o da CBF.<\/p>\n<p>O dirigente iniciou sua carreira em 1980, quando assumiu o cargo de diretor de Futebol do Esporte Clube Taubat\u00e9, onde tamb\u00e9m foi presidente at\u00e9 1988. Nessa \u00e9poca, ele j\u00e1 era diretor administrativo da FPF e, mais tarde, tornou-se membro da Comiss\u00e3o de Arbitragem do Futebol Paulista. Desde ent\u00e3o, dedicou-se \u00e0 federa\u00e7\u00e3o de S\u00e3o Paulo.<\/p>\n<p>Em 1996, Reinaldo Cardeiro Bastos foi eleito vice-presidente da entidade e, em 2015, assumiu pela primeira vez o posto de presidente, no qual est\u00e1 no terceiro mandato. Na lideran\u00e7a da FPF, j\u00e1 defendeu temas como a cria\u00e7\u00e3o de uma liga independente, o apoio \u00e0s SAFs e mudan\u00e7as no calend\u00e1rio do futebol brasileiro.<\/p>\n<p>Em abril deste ano, ele disse ao podcast Maquinistas que a forma\u00e7\u00e3o da liga &#8220;vai acontecer&#8221;. Para ele, o que falta para esse projeto avan\u00e7ar \u00e9 que os clubes &#8220;ou\u00e7am mais uns aos outros&#8221; e deixem rixas de lado. &#8220;Trocar ideia, fala de futebol, esse \u00e9 o primeiro passo. Futebol s\u00f3 muda se clube quiser&#8221;, ressaltou o presidente da FPF.<\/p>\n<p>No fim de 2024, ele comentou \u00e0 CNN que j\u00e1 viu evolu\u00e7\u00f5es no calend\u00e1rio do futebol brasileiro, mas afirmou que o Pa\u00eds ainda &#8220;est\u00e1 muito longe do que \u00e9 a realidade do mundo&#8221;. Segundo o dirigente, a alta quantidade de jogos no Brasil, em m\u00e9dia de 70 a 75 \u00e9 o grande problema se comparado \u00e0 Europa, que tem bem menos, e isso ficar\u00e1 ainda mais expl\u00edcito com o Super Mundial.<\/p>\n<p>A \u00faltima vez em que o presidente da FPF assumiu a CBF foi Marco Polo Del Nero, eleito em 2014 para substituir Jos\u00e9 Maria Mar\u00edn em um mandato que durou at\u00e9 2017, quando foi banido do futebol pela Fifa por acusa\u00e7\u00f5es envolvendo suborno e corrup\u00e7\u00e3o.<\/p>\n<p>Quando ser\u00e1 a elei\u00e7\u00e3o da CBF, com Reinaldo Carneiro Bastos<\/p>\n<p>A elei\u00e7\u00e3o da CBF est\u00e1 marcada para o pr\u00f3ximo dia 25 de maio. Interventor da entidade nomeado pela Justi\u00e7a, ap\u00f3s o afastamento do ent\u00e3o presidente Ednaldo Rodrigues, Fernando Sarney deu prazo at\u00e9 o dia 20 para a inscri\u00e7\u00e3o das chapas nas elei\u00e7\u00f5es.<\/p>\n<p>&#8220;Incentivado e apoiado por Federa\u00e7\u00f5es e por um grande n\u00famero de clubes das S\u00e9ries A e B do Campeonato Brasileiro, o presidente da Federa\u00e7\u00e3o Paulista de Futebol, Reinaldo Carneiro Bastos, anuncia o lan\u00e7amento de sua candidatura \u00e0 presid\u00eancia da CBF para o pleito do dia 25 de maio de 2025&#8221;, diz nota da Federa\u00e7\u00e3o Paulista de Futebol divulgada nas redes sociais.<\/p>\n<p>O Estad\u00e3o apurou na \u00faltima quinta-feira, 15, que o nome de Samir Xaud, eleito como presidente da Federa\u00e7\u00e3o Roraimense de Futebol, ganhou for\u00e7a para assumir o comando da CBF.<\/p>\n<p>ENTENDA A CRISE NA CBF<\/p>\n<p>O Tribunal de Justi\u00e7a do Rio de Janeiro (TJ-RJ) recebeu uma determina\u00e7\u00e3o do Supremo Tribunal Federal (STF) para investigar a possibilidade de a assinatura de Ant\u00f4nio Carlos Nunes de Lima, o Coronel Nunes, no acordo que manteve Ednaldo Rodrigues no comando da CBF, homologado pela Suprema Corte em fevereiro, ter sido falsificada. O caso veio \u00e0 tona ap\u00f3s uma per\u00edcia ser anexada ao processo.<\/p>\n<p>Dois pedidos de afastamento de Ednaldo Rodrigues foram protocolados junto \u00e0 A\u00e7\u00e3o Direta de Inconstitucionalidade (ADI), que julga o processo eleitoral que levou o mandat\u00e1rio ao poder no STF. O ministro Gilmar Mendes, relator do caso no STF, negou os pedidos.<\/p>\n<p>Outro ponto que p\u00f5e em d\u00favida a autenticidade da assinatura \u00e9 o fato de Nunes, de 86 anos, ter informado \u00e0 Justi\u00e7a sofrer de um tumor no c\u00e9rebro e cardiopatia grave. Junto \u00e0 per\u00edcia, foi anexado um laudo apresentado pelo Dr. Jorge Pagura, Chefe do Departamento M\u00e9dico da CBF, em que o profissional indica que Nunes sofre de d\u00e9ficit cognitivo, especialmente ap\u00f3s passar por uma interven\u00e7\u00e3o cir\u00fargica considerada agressiva em 2023.<\/p>\n<p>\u00c9 citado, ainda, tanto nos pedidos de afastamento, quanto em requerimentos para a presen\u00e7a de Ednaldo Rodrigues no Congresso Nacional, a rela\u00e7\u00e3o do ministro Gilmar Mendes e a CBF. O ministro, que recebeu o processo por sorteio. \u00c9 discutido poss\u00edvel conflito de interesses, j\u00e1 que o magistrado \u00e9 fundador do Instituto Brasileiro de Ensino, Desenvolvimento e Pesquisa (IDP), o qual tem parceria comercial milion\u00e1ria para as forma\u00e7\u00f5es da CBF Academy.<\/p>\n<p>A revista Piau\u00ed aponta rela\u00e7\u00e3o entre a primeira destitui\u00e7\u00e3o de Ednaldo, em 2023, e o desembargador do TJ-RJ Luiz Zveiter, pai de Fl\u00e1vio Zveiter, que fazia oposi\u00e7\u00e3o ao presidente. O paralelo tamb\u00e9m \u00e9 tra\u00e7ado entre o presidente afastado e Gilmar Mendes.<\/p>\n<p>Foi uma reportagem da pr\u00f3pria Piau\u00ed que revelou gastan\u00e7as e pr\u00e1ticas autorit\u00e1rias na gest\u00e3o da CBF, o que colocou Gilmar Mendes como alvo de cr\u00edticas p\u00fablicas. O texto publicado na edi\u00e7\u00e3o de abril da revista falou tamb\u00e9m em pagamentos suspeitos a advogados antes de decis\u00f5es judiciais favor\u00e1veis \u00e0 CBF.<\/p>\n<p>Segundo apura\u00e7\u00e3o do rep\u00f3rter Allan de Abreu, o ministro do STF se viu pressionado e precisou ceder ap\u00f3s parlamentares amea\u00e7arem a instala\u00e7\u00e3o de CPIs para investigar a confedera\u00e7\u00e3o.<\/p>\n<p>Em 6 de maio, a CBF se manifestou sobre o assunto por meio de nota oficial. A entidade defendeu a legitimidade do processo. Agora, ao mesmo tempo em que recorre no STF para invalidar a decis\u00e3o do Rio, a entidade convoca novas elei\u00e7\u00f5es, para o dia 25 de maio, por meio do interventor Fernando Sarney.<\/p>\n<p>Em meio ao an\u00fancio de Carlo Ancelotti como novo t\u00e9cnico da sele\u00e7\u00e3o brasileira, movimento considerado nos bastidores como uma vit\u00f3ria pol\u00edtica de Ednaldo, o dirigente se tornou alvo de tr\u00eas den\u00fancias na Comiss\u00e3o de \u00c9tica da CBF por raz\u00f5es distintas<\/p>\n<p>Entre elas est\u00e3o den\u00fancias de ass\u00e9dio dentro da entidade, gest\u00e3o temer\u00e1ria e a pr\u00f3pria suspeita de fraude no acordo homologado pela Justi\u00e7a do Rio. Al\u00e9m disso, o presidente afastado perdeu apoio das federa\u00e7\u00f5es, 52 dias ap\u00f3s a reelei\u00e7\u00e3o.<\/p>\n","protected":false},"excerpt":{"rendered":"<p>O presidente da Federa\u00e7\u00e3o Paulista de Futebol (FPF), Reinaldo Cardeiro Bastos, lan\u00e7ou sua candidatura \u00e0 presid\u00eancia da CBF. \u00c0 frente, desde 2015, da entidade que gere o futebol de S\u00e3o Paulo, ele j\u00e1 teve trabalhos na confedera\u00e7\u00e3o nacional e foi diretor de sindicatos do esporte. Ainda neste s\u00e1bado, dirigentes de clubes da Libra e da &hellip;<\/p>\n","protected":false},"author":1,"featured_media":5564,"comment_status":"closed","ping_status":"closed","sticky":false,"template":"","format":"standard","meta":{"footnotes":""},"categories":[31],"tags":[],"class_list":["post-5563","post","type-post","status-publish","format-standard","has-post-thumbnail","hentry","category-esportes"],"yoast_head":"<!-- This site is optimized with the Yoast SEO plugin v27.4 - https:\/\/yoast.com\/product\/yoast-seo-wordpress\/ -->\n<title>Quem \u00e9 Reinaldo Carneiro Bastos, presidente da FPF que se candidatou ao cargo m\u00e1ximo na CBF - Transam\u00e9rica Mococa 93,3<\/title>\n<meta name=\"robots\" content=\"index, follow, max-snippet:-1, max-image-preview:large, max-video-preview:-1\" \/>\n<link rel=\"canonical\" href=\"https:\/\/transamerica93.com.br\/home\/quem-e-reinaldo-carneiro-bastos-presidente-da-fpf-que-se-candidatou-ao-cargo-maximo-na-cbf\/\" \/>\n<meta property=\"og:locale\" content=\"pt_BR\" \/>\n<meta property=\"og:type\" content=\"article\" \/>\n<meta property=\"og:title\" content=\"Quem \u00e9 Reinaldo Carneiro Bastos, presidente da FPF que se candidatou ao cargo m\u00e1ximo na CBF - Transam\u00e9rica Mococa 93,3\" \/>\n<meta property=\"og:description\" content=\"O presidente da Federa\u00e7\u00e3o Paulista de Futebol (FPF), Reinaldo Cardeiro Bastos, lan\u00e7ou sua candidatura \u00e0 presid\u00eancia da CBF. \u00c0 frente, desde 2015, da entidade que gere o futebol de S\u00e3o Paulo, ele j\u00e1 teve trabalhos na confedera\u00e7\u00e3o nacional e foi diretor de sindicatos do esporte. Ainda neste s\u00e1bado, dirigentes de clubes da Libra e da &hellip;\" \/>\n<meta property=\"og:url\" content=\"https:\/\/transamerica93.com.br\/home\/quem-e-reinaldo-carneiro-bastos-presidente-da-fpf-que-se-candidatou-ao-cargo-maximo-na-cbf\/\" \/>\n<meta property=\"og:site_name\" content=\"Transam\u00e9rica Mococa 93,3\" \/>\n<meta property=\"article:publisher\" content=\"https:\/\/www.facebook.com\/transamericamococa\" \/>\n<meta property=\"article:published_time\" content=\"2025-06-05T15:00:48+00:00\" \/>\n<meta property=\"og:image\" content=\"https:\/\/transamerica93.com.br\/home\/wp-content\/uploads\/2025\/05\/1-97.jpg\" \/>\n\t<meta property=\"og:image:width\" content=\"1200\" \/>\n\t<meta property=\"og:image:height\" content=\"675\" \/>\n\t<meta property=\"og:image:type\" content=\"image\/jpeg\" \/>\n<meta name=\"author\" content=\"Reda\u00e7\u00e3o\" \/>\n<meta name=\"twitter:card\" content=\"summary_large_image\" \/>\n<meta name=\"twitter:creator\" content=\"@transamerica933\" \/>\n<meta name=\"twitter:site\" content=\"@transamerica933\" \/>\n<meta name=\"twitter:label1\" content=\"Escrito por\" \/>\n\t<meta name=\"twitter:data1\" content=\"Reda\u00e7\u00e3o\" \/>\n\t<meta name=\"twitter:label2\" content=\"Est. tempo de leitura\" \/>\n\t<meta name=\"twitter:data2\" content=\"6 minutos\" \/>\n<script type=\"application\/ld+json\" class=\"yoast-schema-graph\">{\"@context\":\"https:\\\/\\\/schema.org\",\"@graph\":[{\"@type\":\"Article\",\"@id\":\"https:\\\/\\\/transamerica93.com.br\\\/home\\\/quem-e-reinaldo-carneiro-bastos-presidente-da-fpf-que-se-candidatou-ao-cargo-maximo-na-cbf\\\/#article\",\"isPartOf\":{\"@id\":\"https:\\\/\\\/transamerica93.com.br\\\/home\\\/quem-e-reinaldo-carneiro-bastos-presidente-da-fpf-que-se-candidatou-ao-cargo-maximo-na-cbf\\\/\"},\"author\":{\"name\":\"Reda\u00e7\u00e3o\",\"@id\":\"https:\\\/\\\/transamerica93.com.br\\\/home\\\/#\\\/schema\\\/person\\\/7fed7c99c0d4562efa8561bc0f543172\"},\"headline\":\"Quem \u00e9 Reinaldo Carneiro Bastos, presidente da FPF que se candidatou ao cargo m\u00e1ximo na CBF\",\"datePublished\":\"2025-06-05T15:00:48+00:00\",\"mainEntityOfPage\":{\"@id\":\"https:\\\/\\\/transamerica93.com.br\\\/home\\\/quem-e-reinaldo-carneiro-bastos-presidente-da-fpf-que-se-candidatou-ao-cargo-maximo-na-cbf\\\/\"},\"wordCount\":1094,\"publisher\":{\"@id\":\"https:\\\/\\\/transamerica93.com.br\\\/home\\\/#organization\"},\"image\":{\"@id\":\"https:\\\/\\\/transamerica93.com.br\\\/home\\\/quem-e-reinaldo-carneiro-bastos-presidente-da-fpf-que-se-candidatou-ao-cargo-maximo-na-cbf\\\/#primaryimage\"},\"thumbnailUrl\":\"https:\\\/\\\/transamerica93.com.br\\\/home\\\/wp-content\\\/uploads\\\/2025\\\/05\\\/1-97.jpg\",\"articleSection\":[\"Esportes\"],\"inLanguage\":\"pt-BR\"},{\"@type\":\"WebPage\",\"@id\":\"https:\\\/\\\/transamerica93.com.br\\\/home\\\/quem-e-reinaldo-carneiro-bastos-presidente-da-fpf-que-se-candidatou-ao-cargo-maximo-na-cbf\\\/\",\"url\":\"https:\\\/\\\/transamerica93.com.br\\\/home\\\/quem-e-reinaldo-carneiro-bastos-presidente-da-fpf-que-se-candidatou-ao-cargo-maximo-na-cbf\\\/\",\"name\":\"Quem \u00e9 Reinaldo Carneiro Bastos, presidente da FPF que se candidatou ao cargo m\u00e1ximo na CBF - Transam\u00e9rica Mococa 93,3\",\"isPartOf\":{\"@id\":\"https:\\\/\\\/transamerica93.com.br\\\/home\\\/#website\"},\"primaryImageOfPage\":{\"@id\":\"https:\\\/\\\/transamerica93.com.br\\\/home\\\/quem-e-reinaldo-carneiro-bastos-presidente-da-fpf-que-se-candidatou-ao-cargo-maximo-na-cbf\\\/#primaryimage\"},\"image\":{\"@id\":\"https:\\\/\\\/transamerica93.com.br\\\/home\\\/quem-e-reinaldo-carneiro-bastos-presidente-da-fpf-que-se-candidatou-ao-cargo-maximo-na-cbf\\\/#primaryimage\"},\"thumbnailUrl\":\"https:\\\/\\\/transamerica93.com.br\\\/home\\\/wp-content\\\/uploads\\\/2025\\\/05\\\/1-97.jpg\",\"datePublished\":\"2025-06-05T15:00:48+00:00\",\"breadcrumb\":{\"@id\":\"https:\\\/\\\/transamerica93.com.br\\\/home\\\/quem-e-reinaldo-carneiro-bastos-presidente-da-fpf-que-se-candidatou-ao-cargo-maximo-na-cbf\\\/#breadcrumb\"},\"inLanguage\":\"pt-BR\",\"potentialAction\":[{\"@type\":\"ReadAction\",\"target\":[\"https:\\\/\\\/transamerica93.com.br\\\/home\\\/quem-e-reinaldo-carneiro-bastos-presidente-da-fpf-que-se-candidatou-ao-cargo-maximo-na-cbf\\\/\"]}]},{\"@type\":\"ImageObject\",\"inLanguage\":\"pt-BR\",\"@id\":\"https:\\\/\\\/transamerica93.com.br\\\/home\\\/quem-e-reinaldo-carneiro-bastos-presidente-da-fpf-que-se-candidatou-ao-cargo-maximo-na-cbf\\\/#primaryimage\",\"url\":\"https:\\\/\\\/transamerica93.com.br\\\/home\\\/wp-content\\\/uploads\\\/2025\\\/05\\\/1-97.jpg\",\"contentUrl\":\"https:\\\/\\\/transamerica93.com.br\\\/home\\\/wp-content\\\/uploads\\\/2025\\\/05\\\/1-97.jpg\",\"width\":1200,\"height\":675},{\"@type\":\"BreadcrumbList\",\"@id\":\"https:\\\/\\\/transamerica93.com.br\\\/home\\\/quem-e-reinaldo-carneiro-bastos-presidente-da-fpf-que-se-candidatou-ao-cargo-maximo-na-cbf\\\/#breadcrumb\",\"itemListElement\":[{\"@type\":\"ListItem\",\"position\":1,\"name\":\"In\u00edcio\",\"item\":\"https:\\\/\\\/transamerica93.com.br\\\/home\\\/\"},{\"@type\":\"ListItem\",\"position\":2,\"name\":\"Quem \u00e9 Reinaldo Carneiro Bastos, presidente da FPF que se candidatou ao cargo m\u00e1ximo na CBF\"}]},{\"@type\":\"WebSite\",\"@id\":\"https:\\\/\\\/transamerica93.com.br\\\/home\\\/#website\",\"url\":\"https:\\\/\\\/transamerica93.com.br\\\/home\\\/\",\"name\":\"Transam\u00e9rica Mococa 93,3\",\"description\":\"\",\"publisher\":{\"@id\":\"https:\\\/\\\/transamerica93.com.br\\\/home\\\/#organization\"},\"potentialAction\":[{\"@type\":\"SearchAction\",\"target\":{\"@type\":\"EntryPoint\",\"urlTemplate\":\"https:\\\/\\\/transamerica93.com.br\\\/home\\\/?s={search_term_string}\"},\"query-input\":{\"@type\":\"PropertyValueSpecification\",\"valueRequired\":true,\"valueName\":\"search_term_string\"}}],\"inLanguage\":\"pt-BR\"},{\"@type\":\"Organization\",\"@id\":\"https:\\\/\\\/transamerica93.com.br\\\/home\\\/#organization\",\"name\":\"Transam\u00e9rica Mococa 93,3\",\"url\":\"https:\\\/\\\/transamerica93.com.br\\\/home\\\/\",\"logo\":{\"@type\":\"ImageObject\",\"inLanguage\":\"pt-BR\",\"@id\":\"https:\\\/\\\/transamerica93.com.br\\\/home\\\/#\\\/schema\\\/logo\\\/image\\\/\",\"url\":\"https:\\\/\\\/transamerica93.com.br\\\/home\\\/wp-content\\\/uploads\\\/2023\\\/10\\\/logo2.png\",\"contentUrl\":\"https:\\\/\\\/transamerica93.com.br\\\/home\\\/wp-content\\\/uploads\\\/2023\\\/10\\\/logo2.png\",\"width\":800,\"height\":500,\"caption\":\"Transam\u00e9rica Mococa 93,3\"},\"image\":{\"@id\":\"https:\\\/\\\/transamerica93.com.br\\\/home\\\/#\\\/schema\\\/logo\\\/image\\\/\"},\"sameAs\":[\"https:\\\/\\\/www.facebook.com\\\/transamericamococa\",\"https:\\\/\\\/x.com\\\/transamerica933\",\"https:\\\/\\\/www.instagram.com\\\/transamericamococa\"]},{\"@type\":\"Person\",\"@id\":\"https:\\\/\\\/transamerica93.com.br\\\/home\\\/#\\\/schema\\\/person\\\/7fed7c99c0d4562efa8561bc0f543172\",\"name\":\"Reda\u00e7\u00e3o\",\"image\":{\"@type\":\"ImageObject\",\"inLanguage\":\"pt-BR\",\"@id\":\"https:\\\/\\\/secure.gravatar.com\\\/avatar\\\/1072c6b775fb02ef8506ce967551d95926669a6b7d2c2147b42eea4d7c68395e?s=96&d=mm&r=g\",\"url\":\"https:\\\/\\\/secure.gravatar.com\\\/avatar\\\/1072c6b775fb02ef8506ce967551d95926669a6b7d2c2147b42eea4d7c68395e?s=96&d=mm&r=g\",\"contentUrl\":\"https:\\\/\\\/secure.gravatar.com\\\/avatar\\\/1072c6b775fb02ef8506ce967551d95926669a6b7d2c2147b42eea4d7c68395e?s=96&d=mm&r=g\",\"caption\":\"Reda\u00e7\u00e3o\"},\"sameAs\":[\"https:\\\/\\\/transamerica93.com.br\\\/home\"],\"url\":\"https:\\\/\\\/transamerica93.com.br\\\/home\\\/author\\\/william\\\/\"}]}<\/script>\n<!-- \/ Yoast SEO plugin. -->","yoast_head_json":{"title":"Quem \u00e9 Reinaldo Carneiro Bastos, presidente da FPF que se candidatou ao cargo m\u00e1ximo na CBF - Transam\u00e9rica Mococa 93,3","robots":{"index":"index","follow":"follow","max-snippet":"max-snippet:-1","max-image-preview":"max-image-preview:large","max-video-preview":"max-video-preview:-1"},"canonical":"https:\/\/transamerica93.com.br\/home\/quem-e-reinaldo-carneiro-bastos-presidente-da-fpf-que-se-candidatou-ao-cargo-maximo-na-cbf\/","og_locale":"pt_BR","og_type":"article","og_title":"Quem \u00e9 Reinaldo Carneiro Bastos, presidente da FPF que se candidatou ao cargo m\u00e1ximo na CBF - Transam\u00e9rica Mococa 93,3","og_description":"O presidente da Federa\u00e7\u00e3o Paulista de Futebol (FPF), Reinaldo Cardeiro Bastos, lan\u00e7ou sua candidatura \u00e0 presid\u00eancia da CBF. \u00c0 frente, desde 2015, da entidade que gere o futebol de S\u00e3o Paulo, ele j\u00e1 teve trabalhos na confedera\u00e7\u00e3o nacional e foi diretor de sindicatos do esporte. Ainda neste s\u00e1bado, dirigentes de clubes da Libra e da &hellip;","og_url":"https:\/\/transamerica93.com.br\/home\/quem-e-reinaldo-carneiro-bastos-presidente-da-fpf-que-se-candidatou-ao-cargo-maximo-na-cbf\/","og_site_name":"Transam\u00e9rica Mococa 93,3","article_publisher":"https:\/\/www.facebook.com\/transamericamococa","article_published_time":"2025-06-05T15:00:48+00:00","og_image":[{"width":1200,"height":675,"url":"https:\/\/transamerica93.com.br\/home\/wp-content\/uploads\/2025\/05\/1-97.jpg","type":"image\/jpeg"}],"author":"Reda\u00e7\u00e3o","twitter_card":"summary_large_image","twitter_creator":"@transamerica933","twitter_site":"@transamerica933","twitter_misc":{"Escrito por":"Reda\u00e7\u00e3o","Est. tempo de leitura":"6 minutos"},"schema":{"@context":"https:\/\/schema.org","@graph":[{"@type":"Article","@id":"https:\/\/transamerica93.com.br\/home\/quem-e-reinaldo-carneiro-bastos-presidente-da-fpf-que-se-candidatou-ao-cargo-maximo-na-cbf\/#article","isPartOf":{"@id":"https:\/\/transamerica93.com.br\/home\/quem-e-reinaldo-carneiro-bastos-presidente-da-fpf-que-se-candidatou-ao-cargo-maximo-na-cbf\/"},"author":{"name":"Reda\u00e7\u00e3o","@id":"https:\/\/transamerica93.com.br\/home\/#\/schema\/person\/7fed7c99c0d4562efa8561bc0f543172"},"headline":"Quem \u00e9 Reinaldo Carneiro Bastos, presidente da FPF que se candidatou ao cargo m\u00e1ximo na CBF","datePublished":"2025-06-05T15:00:48+00:00","mainEntityOfPage":{"@id":"https:\/\/transamerica93.com.br\/home\/quem-e-reinaldo-carneiro-bastos-presidente-da-fpf-que-se-candidatou-ao-cargo-maximo-na-cbf\/"},"wordCount":1094,"publisher":{"@id":"https:\/\/transamerica93.com.br\/home\/#organization"},"image":{"@id":"https:\/\/transamerica93.com.br\/home\/quem-e-reinaldo-carneiro-bastos-presidente-da-fpf-que-se-candidatou-ao-cargo-maximo-na-cbf\/#primaryimage"},"thumbnailUrl":"https:\/\/transamerica93.com.br\/home\/wp-content\/uploads\/2025\/05\/1-97.jpg","articleSection":["Esportes"],"inLanguage":"pt-BR"},{"@type":"WebPage","@id":"https:\/\/transamerica93.com.br\/home\/quem-e-reinaldo-carneiro-bastos-presidente-da-fpf-que-se-candidatou-ao-cargo-maximo-na-cbf\/","url":"https:\/\/transamerica93.com.br\/home\/quem-e-reinaldo-carneiro-bastos-presidente-da-fpf-que-se-candidatou-ao-cargo-maximo-na-cbf\/","name":"Quem \u00e9 Reinaldo Carneiro Bastos, presidente da FPF que se candidatou ao cargo m\u00e1ximo na CBF - Transam\u00e9rica Mococa 93,3","isPartOf":{"@id":"https:\/\/transamerica93.com.br\/home\/#website"},"primaryImageOfPage":{"@id":"https:\/\/transamerica93.com.br\/home\/quem-e-reinaldo-carneiro-bastos-presidente-da-fpf-que-se-candidatou-ao-cargo-maximo-na-cbf\/#primaryimage"},"image":{"@id":"https:\/\/transamerica93.com.br\/home\/quem-e-reinaldo-carneiro-bastos-presidente-da-fpf-que-se-candidatou-ao-cargo-maximo-na-cbf\/#primaryimage"},"thumbnailUrl":"https:\/\/transamerica93.com.br\/home\/wp-content\/uploads\/2025\/05\/1-97.jpg","datePublished":"2025-06-05T15:00:48+00:00","breadcrumb":{"@id":"https:\/\/transamerica93.com.br\/home\/quem-e-reinaldo-carneiro-bastos-presidente-da-fpf-que-se-candidatou-ao-cargo-maximo-na-cbf\/#breadcrumb"},"inLanguage":"pt-BR","potentialAction":[{"@type":"ReadAction","target":["https:\/\/transamerica93.com.br\/home\/quem-e-reinaldo-carneiro-bastos-presidente-da-fpf-que-se-candidatou-ao-cargo-maximo-na-cbf\/"]}]},{"@type":"ImageObject","inLanguage":"pt-BR","@id":"https:\/\/transamerica93.com.br\/home\/quem-e-reinaldo-carneiro-bastos-presidente-da-fpf-que-se-candidatou-ao-cargo-maximo-na-cbf\/#primaryimage","url":"https:\/\/transamerica93.com.br\/home\/wp-content\/uploads\/2025\/05\/1-97.jpg","contentUrl":"https:\/\/transamerica93.com.br\/home\/wp-content\/uploads\/2025\/05\/1-97.jpg","width":1200,"height":675},{"@type":"BreadcrumbList","@id":"https:\/\/transamerica93.com.br\/home\/quem-e-reinaldo-carneiro-bastos-presidente-da-fpf-que-se-candidatou-ao-cargo-maximo-na-cbf\/#breadcrumb","itemListElement":[{"@type":"ListItem","position":1,"name":"In\u00edcio","item":"https:\/\/transamerica93.com.br\/home\/"},{"@type":"ListItem","position":2,"name":"Quem \u00e9 Reinaldo Carneiro Bastos, presidente da FPF que se candidatou ao cargo m\u00e1ximo na CBF"}]},{"@type":"WebSite","@id":"https:\/\/transamerica93.com.br\/home\/#website","url":"https:\/\/transamerica93.com.br\/home\/","name":"Transam\u00e9rica Mococa 93,3","description":"","publisher":{"@id":"https:\/\/transamerica93.com.br\/home\/#organization"},"potentialAction":[{"@type":"SearchAction","target":{"@type":"EntryPoint","urlTemplate":"https:\/\/transamerica93.com.br\/home\/?s={search_term_string}"},"query-input":{"@type":"PropertyValueSpecification","valueRequired":true,"valueName":"search_term_string"}}],"inLanguage":"pt-BR"},{"@type":"Organization","@id":"https:\/\/transamerica93.com.br\/home\/#organization","name":"Transam\u00e9rica Mococa 93,3","url":"https:\/\/transamerica93.com.br\/home\/","logo":{"@type":"ImageObject","inLanguage":"pt-BR","@id":"https:\/\/transamerica93.com.br\/home\/#\/schema\/logo\/image\/","url":"https:\/\/transamerica93.com.br\/home\/wp-content\/uploads\/2023\/10\/logo2.png","contentUrl":"https:\/\/transamerica93.com.br\/home\/wp-content\/uploads\/2023\/10\/logo2.png","width":800,"height":500,"caption":"Transam\u00e9rica Mococa 93,3"},"image":{"@id":"https:\/\/transamerica93.com.br\/home\/#\/schema\/logo\/image\/"},"sameAs":["https:\/\/www.facebook.com\/transamericamococa","https:\/\/x.com\/transamerica933","https:\/\/www.instagram.com\/transamericamococa"]},{"@type":"Person","@id":"https:\/\/transamerica93.com.br\/home\/#\/schema\/person\/7fed7c99c0d4562efa8561bc0f543172","name":"Reda\u00e7\u00e3o","image":{"@type":"ImageObject","inLanguage":"pt-BR","@id":"https:\/\/secure.gravatar.com\/avatar\/1072c6b775fb02ef8506ce967551d95926669a6b7d2c2147b42eea4d7c68395e?s=96&d=mm&r=g","url":"https:\/\/secure.gravatar.com\/avatar\/1072c6b775fb02ef8506ce967551d95926669a6b7d2c2147b42eea4d7c68395e?s=96&d=mm&r=g","contentUrl":"https:\/\/secure.gravatar.com\/avatar\/1072c6b775fb02ef8506ce967551d95926669a6b7d2c2147b42eea4d7c68395e?s=96&d=mm&r=g","caption":"Reda\u00e7\u00e3o"},"sameAs":["https:\/\/transamerica93.com.br\/home"],"url":"https:\/\/transamerica93.com.br\/home\/author\/william\/"}]}},"_links":{"self":[{"href":"https:\/\/transamerica93.com.br\/home\/wp-json\/wp\/v2\/posts\/5563","targetHints":{"allow":["GET"]}}],"collection":[{"href":"https:\/\/transamerica93.com.br\/home\/wp-json\/wp\/v2\/posts"}],"about":[{"href":"https:\/\/transamerica93.com.br\/home\/wp-json\/wp\/v2\/types\/post"}],"author":[{"embeddable":true,"href":"https:\/\/transamerica93.com.br\/home\/wp-json\/wp\/v2\/users\/1"}],"replies":[{"embeddable":true,"href":"https:\/\/transamerica93.com.br\/home\/wp-json\/wp\/v2\/comments?post=5563"}],"version-history":[{"count":1,"href":"https:\/\/transamerica93.com.br\/home\/wp-json\/wp\/v2\/posts\/5563\/revisions"}],"predecessor-version":[{"id":5565,"href":"https:\/\/transamerica93.com.br\/home\/wp-json\/wp\/v2\/posts\/5563\/revisions\/5565"}],"wp:featuredmedia":[{"embeddable":true,"href":"https:\/\/transamerica93.com.br\/home\/wp-json\/wp\/v2\/media\/5564"}],"wp:attachment":[{"href":"https:\/\/transamerica93.com.br\/home\/wp-json\/wp\/v2\/media?parent=5563"}],"wp:term":[{"taxonomy":"category","embeddable":true,"href":"https:\/\/transamerica93.com.br\/home\/wp-json\/wp\/v2\/categories?post=5563"},{"taxonomy":"post_tag","embeddable":true,"href":"https:\/\/transamerica93.com.br\/home\/wp-json\/wp\/v2\/tags?post=5563"}],"curies":[{"name":"wp","href":"https:\/\/api.w.org\/{rel}","templated":true}]}}