{"id":5572,"date":"2025-05-28T15:00:53","date_gmt":"2025-05-28T18:00:53","guid":{"rendered":"https:\/\/transamerica93.com.br\/home\/?p=5572"},"modified":"2025-05-19T08:13:08","modified_gmt":"2025-05-19T11:13:08","slug":"olivia-rodrigo-diz-estar-lendo-livro-de-clarice-lispector","status":"publish","type":"post","link":"https:\/\/transamerica93.com.br\/home\/olivia-rodrigo-diz-estar-lendo-livro-de-clarice-lispector\/","title":{"rendered":"Olivia Rodrigo diz estar lendo livro de Clarice Lispector"},"content":{"rendered":"<h6 class=\"Assina\">Por Por Maria Fernanda Viana*<\/h6>\n<p>Olivia Rodrigo surpreendeu os f\u00e3s brasileiros ao revelar que est\u00e1 lendo A Hora da Estrela, de Clarice Lispector. A edi\u00e7\u00e3o da cantora \u00e9 de 2020 e foi lan\u00e7ada pelo centen\u00e1rio da autora. A tradu\u00e7\u00e3o \u00e9 de Benjamin Moser.<\/p>\n<p>A informa\u00e7\u00e3o foi divulgada no quadro Whats in my bag, da Vogue. Na atra\u00e7\u00e3o, convidados mostram o que h\u00e1 em suas bolsas.<\/p>\n<p>&#8220;Esse \u00e9 o livro que eu estou lendo agora, A Hora da Estrela. Minha amiga Annie St. Vincent comprou para mim quando est\u00e1vamos fazendo shows juntas no Brasil. Estou marcando e anotando no livro inteiro. Ele tem palavras muito bonitas&#8221;, disse.<\/p>\n<p>A cantora tamb\u00e9m revelou que emprestou a express\u00e3o &#8220;All American Bitch&#8221;, nome de uma de suas m\u00fasicas, de um livro de Joan Didion &#8211; tamb\u00e9m presente da amiga e cantora.<\/p>\n<p>Olivia Rodrigo trouxe a turn\u00ea Guts para o Brasil. Ela se apresentou no Est\u00e1dio Couto Pereira, em Curitiba, no dia 26 de mar\u00e7o, e St. Vincent realizou o show de abertura. No dia 28 de mar\u00e7o, ela se apresentou como uma das headliners do Lollapalooza Brasil. Essa foi a primeira vez da cantora no pa\u00eds.<\/p>\n<p>*Estagi\u00e1ria sob supervis\u00e3o de Charlise Morais<\/p>\n","protected":false},"excerpt":{"rendered":"<p>Por Por Maria Fernanda Viana* Olivia Rodrigo surpreendeu os f\u00e3s brasileiros ao revelar que est\u00e1 lendo A Hora da Estrela, de Clarice Lispector. A edi\u00e7\u00e3o da cantora \u00e9 de 2020 e foi lan\u00e7ada pelo centen\u00e1rio da autora. A tradu\u00e7\u00e3o \u00e9 de Benjamin Moser. A informa\u00e7\u00e3o foi divulgada no quadro Whats in my bag, da Vogue. &hellip;<\/p>\n","protected":false},"author":1,"featured_media":5573,"comment_status":"closed","ping_status":"closed","sticky":false,"template":"","format":"standard","meta":{"footnotes":""},"categories":[25],"tags":[],"class_list":["post-5572","post","type-post","status-publish","format-standard","has-post-thumbnail","hentry","category-musica"],"yoast_head":"<!-- This site is optimized with the Yoast SEO plugin v27.4 - https:\/\/yoast.com\/product\/yoast-seo-wordpress\/ -->\n<title>Olivia Rodrigo diz estar lendo livro de Clarice Lispector - Transam\u00e9rica Mococa 93,3<\/title>\n<meta name=\"robots\" content=\"index, follow, max-snippet:-1, max-image-preview:large, max-video-preview:-1\" \/>\n<link rel=\"canonical\" href=\"https:\/\/transamerica93.com.br\/home\/olivia-rodrigo-diz-estar-lendo-livro-de-clarice-lispector\/\" \/>\n<meta property=\"og:locale\" content=\"pt_BR\" \/>\n<meta property=\"og:type\" content=\"article\" \/>\n<meta property=\"og:title\" content=\"Olivia Rodrigo diz estar lendo livro de Clarice Lispector - Transam\u00e9rica Mococa 93,3\" \/>\n<meta property=\"og:description\" content=\"Por Por Maria Fernanda Viana* Olivia Rodrigo surpreendeu os f\u00e3s brasileiros ao revelar que est\u00e1 lendo A Hora da Estrela, de Clarice Lispector. A edi\u00e7\u00e3o da cantora \u00e9 de 2020 e foi lan\u00e7ada pelo centen\u00e1rio da autora. A tradu\u00e7\u00e3o \u00e9 de Benjamin Moser. A informa\u00e7\u00e3o foi divulgada no quadro Whats in my bag, da Vogue. &hellip;\" \/>\n<meta property=\"og:url\" content=\"https:\/\/transamerica93.com.br\/home\/olivia-rodrigo-diz-estar-lendo-livro-de-clarice-lispector\/\" \/>\n<meta property=\"og:site_name\" content=\"Transam\u00e9rica Mococa 93,3\" \/>\n<meta property=\"article:publisher\" content=\"https:\/\/www.facebook.com\/transamericamococa\" \/>\n<meta property=\"article:published_time\" content=\"2025-05-28T18:00:53+00:00\" \/>\n<meta property=\"og:image\" content=\"https:\/\/transamerica93.com.br\/home\/wp-content\/uploads\/2025\/05\/1-100.jpg\" \/>\n\t<meta property=\"og:image:width\" content=\"798\" \/>\n\t<meta property=\"og:image:height\" content=\"447\" \/>\n\t<meta property=\"og:image:type\" content=\"image\/jpeg\" \/>\n<meta name=\"author\" content=\"Reda\u00e7\u00e3o\" \/>\n<meta name=\"twitter:card\" content=\"summary_large_image\" \/>\n<meta name=\"twitter:creator\" content=\"@transamerica933\" \/>\n<meta name=\"twitter:site\" content=\"@transamerica933\" \/>\n<meta name=\"twitter:label1\" content=\"Escrito por\" \/>\n\t<meta name=\"twitter:data1\" content=\"Reda\u00e7\u00e3o\" \/>\n\t<meta name=\"twitter:label2\" content=\"Est. tempo de leitura\" \/>\n\t<meta name=\"twitter:data2\" content=\"2 minutos\" \/>\n<script type=\"application\/ld+json\" class=\"yoast-schema-graph\">{\"@context\":\"https:\\\/\\\/schema.org\",\"@graph\":[{\"@type\":\"Article\",\"@id\":\"https:\\\/\\\/transamerica93.com.br\\\/home\\\/olivia-rodrigo-diz-estar-lendo-livro-de-clarice-lispector\\\/#article\",\"isPartOf\":{\"@id\":\"https:\\\/\\\/transamerica93.com.br\\\/home\\\/olivia-rodrigo-diz-estar-lendo-livro-de-clarice-lispector\\\/\"},\"author\":{\"name\":\"Reda\u00e7\u00e3o\",\"@id\":\"https:\\\/\\\/transamerica93.com.br\\\/home\\\/#\\\/schema\\\/person\\\/7fed7c99c0d4562efa8561bc0f543172\"},\"headline\":\"Olivia Rodrigo diz estar lendo livro de Clarice Lispector\",\"datePublished\":\"2025-05-28T18:00:53+00:00\",\"mainEntityOfPage\":{\"@id\":\"https:\\\/\\\/transamerica93.com.br\\\/home\\\/olivia-rodrigo-diz-estar-lendo-livro-de-clarice-lispector\\\/\"},\"wordCount\":218,\"publisher\":{\"@id\":\"https:\\\/\\\/transamerica93.com.br\\\/home\\\/#organization\"},\"image\":{\"@id\":\"https:\\\/\\\/transamerica93.com.br\\\/home\\\/olivia-rodrigo-diz-estar-lendo-livro-de-clarice-lispector\\\/#primaryimage\"},\"thumbnailUrl\":\"https:\\\/\\\/transamerica93.com.br\\\/home\\\/wp-content\\\/uploads\\\/2025\\\/05\\\/1-100.jpg\",\"articleSection\":[\"M\u00fasica\"],\"inLanguage\":\"pt-BR\"},{\"@type\":\"WebPage\",\"@id\":\"https:\\\/\\\/transamerica93.com.br\\\/home\\\/olivia-rodrigo-diz-estar-lendo-livro-de-clarice-lispector\\\/\",\"url\":\"https:\\\/\\\/transamerica93.com.br\\\/home\\\/olivia-rodrigo-diz-estar-lendo-livro-de-clarice-lispector\\\/\",\"name\":\"Olivia Rodrigo diz estar lendo livro de Clarice Lispector - Transam\u00e9rica Mococa 93,3\",\"isPartOf\":{\"@id\":\"https:\\\/\\\/transamerica93.com.br\\\/home\\\/#website\"},\"primaryImageOfPage\":{\"@id\":\"https:\\\/\\\/transamerica93.com.br\\\/home\\\/olivia-rodrigo-diz-estar-lendo-livro-de-clarice-lispector\\\/#primaryimage\"},\"image\":{\"@id\":\"https:\\\/\\\/transamerica93.com.br\\\/home\\\/olivia-rodrigo-diz-estar-lendo-livro-de-clarice-lispector\\\/#primaryimage\"},\"thumbnailUrl\":\"https:\\\/\\\/transamerica93.com.br\\\/home\\\/wp-content\\\/uploads\\\/2025\\\/05\\\/1-100.jpg\",\"datePublished\":\"2025-05-28T18:00:53+00:00\",\"breadcrumb\":{\"@id\":\"https:\\\/\\\/transamerica93.com.br\\\/home\\\/olivia-rodrigo-diz-estar-lendo-livro-de-clarice-lispector\\\/#breadcrumb\"},\"inLanguage\":\"pt-BR\",\"potentialAction\":[{\"@type\":\"ReadAction\",\"target\":[\"https:\\\/\\\/transamerica93.com.br\\\/home\\\/olivia-rodrigo-diz-estar-lendo-livro-de-clarice-lispector\\\/\"]}]},{\"@type\":\"ImageObject\",\"inLanguage\":\"pt-BR\",\"@id\":\"https:\\\/\\\/transamerica93.com.br\\\/home\\\/olivia-rodrigo-diz-estar-lendo-livro-de-clarice-lispector\\\/#primaryimage\",\"url\":\"https:\\\/\\\/transamerica93.com.br\\\/home\\\/wp-content\\\/uploads\\\/2025\\\/05\\\/1-100.jpg\",\"contentUrl\":\"https:\\\/\\\/transamerica93.com.br\\\/home\\\/wp-content\\\/uploads\\\/2025\\\/05\\\/1-100.jpg\",\"width\":798,\"height\":447},{\"@type\":\"BreadcrumbList\",\"@id\":\"https:\\\/\\\/transamerica93.com.br\\\/home\\\/olivia-rodrigo-diz-estar-lendo-livro-de-clarice-lispector\\\/#breadcrumb\",\"itemListElement\":[{\"@type\":\"ListItem\",\"position\":1,\"name\":\"In\u00edcio\",\"item\":\"https:\\\/\\\/transamerica93.com.br\\\/home\\\/\"},{\"@type\":\"ListItem\",\"position\":2,\"name\":\"Olivia Rodrigo diz estar lendo livro de Clarice Lispector\"}]},{\"@type\":\"WebSite\",\"@id\":\"https:\\\/\\\/transamerica93.com.br\\\/home\\\/#website\",\"url\":\"https:\\\/\\\/transamerica93.com.br\\\/home\\\/\",\"name\":\"Transam\u00e9rica Mococa 93,3\",\"description\":\"\",\"publisher\":{\"@id\":\"https:\\\/\\\/transamerica93.com.br\\\/home\\\/#organization\"},\"potentialAction\":[{\"@type\":\"SearchAction\",\"target\":{\"@type\":\"EntryPoint\",\"urlTemplate\":\"https:\\\/\\\/transamerica93.com.br\\\/home\\\/?s={search_term_string}\"},\"query-input\":{\"@type\":\"PropertyValueSpecification\",\"valueRequired\":true,\"valueName\":\"search_term_string\"}}],\"inLanguage\":\"pt-BR\"},{\"@type\":\"Organization\",\"@id\":\"https:\\\/\\\/transamerica93.com.br\\\/home\\\/#organization\",\"name\":\"Transam\u00e9rica Mococa 93,3\",\"url\":\"https:\\\/\\\/transamerica93.com.br\\\/home\\\/\",\"logo\":{\"@type\":\"ImageObject\",\"inLanguage\":\"pt-BR\",\"@id\":\"https:\\\/\\\/transamerica93.com.br\\\/home\\\/#\\\/schema\\\/logo\\\/image\\\/\",\"url\":\"https:\\\/\\\/transamerica93.com.br\\\/home\\\/wp-content\\\/uploads\\\/2023\\\/10\\\/logo2.png\",\"contentUrl\":\"https:\\\/\\\/transamerica93.com.br\\\/home\\\/wp-content\\\/uploads\\\/2023\\\/10\\\/logo2.png\",\"width\":800,\"height\":500,\"caption\":\"Transam\u00e9rica Mococa 93,3\"},\"image\":{\"@id\":\"https:\\\/\\\/transamerica93.com.br\\\/home\\\/#\\\/schema\\\/logo\\\/image\\\/\"},\"sameAs\":[\"https:\\\/\\\/www.facebook.com\\\/transamericamococa\",\"https:\\\/\\\/x.com\\\/transamerica933\",\"https:\\\/\\\/www.instagram.com\\\/transamericamococa\"]},{\"@type\":\"Person\",\"@id\":\"https:\\\/\\\/transamerica93.com.br\\\/home\\\/#\\\/schema\\\/person\\\/7fed7c99c0d4562efa8561bc0f543172\",\"name\":\"Reda\u00e7\u00e3o\",\"image\":{\"@type\":\"ImageObject\",\"inLanguage\":\"pt-BR\",\"@id\":\"https:\\\/\\\/secure.gravatar.com\\\/avatar\\\/1072c6b775fb02ef8506ce967551d95926669a6b7d2c2147b42eea4d7c68395e?s=96&d=mm&r=g\",\"url\":\"https:\\\/\\\/secure.gravatar.com\\\/avatar\\\/1072c6b775fb02ef8506ce967551d95926669a6b7d2c2147b42eea4d7c68395e?s=96&d=mm&r=g\",\"contentUrl\":\"https:\\\/\\\/secure.gravatar.com\\\/avatar\\\/1072c6b775fb02ef8506ce967551d95926669a6b7d2c2147b42eea4d7c68395e?s=96&d=mm&r=g\",\"caption\":\"Reda\u00e7\u00e3o\"},\"sameAs\":[\"https:\\\/\\\/transamerica93.com.br\\\/home\"],\"url\":\"https:\\\/\\\/transamerica93.com.br\\\/home\\\/author\\\/william\\\/\"}]}<\/script>\n<!-- \/ Yoast SEO plugin. -->","yoast_head_json":{"title":"Olivia Rodrigo diz estar lendo livro de Clarice Lispector - Transam\u00e9rica Mococa 93,3","robots":{"index":"index","follow":"follow","max-snippet":"max-snippet:-1","max-image-preview":"max-image-preview:large","max-video-preview":"max-video-preview:-1"},"canonical":"https:\/\/transamerica93.com.br\/home\/olivia-rodrigo-diz-estar-lendo-livro-de-clarice-lispector\/","og_locale":"pt_BR","og_type":"article","og_title":"Olivia Rodrigo diz estar lendo livro de Clarice Lispector - Transam\u00e9rica Mococa 93,3","og_description":"Por Por Maria Fernanda Viana* Olivia Rodrigo surpreendeu os f\u00e3s brasileiros ao revelar que est\u00e1 lendo A Hora da Estrela, de Clarice Lispector. A edi\u00e7\u00e3o da cantora \u00e9 de 2020 e foi lan\u00e7ada pelo centen\u00e1rio da autora. A tradu\u00e7\u00e3o \u00e9 de Benjamin Moser. A informa\u00e7\u00e3o foi divulgada no quadro Whats in my bag, da Vogue. &hellip;","og_url":"https:\/\/transamerica93.com.br\/home\/olivia-rodrigo-diz-estar-lendo-livro-de-clarice-lispector\/","og_site_name":"Transam\u00e9rica Mococa 93,3","article_publisher":"https:\/\/www.facebook.com\/transamericamococa","article_published_time":"2025-05-28T18:00:53+00:00","og_image":[{"width":798,"height":447,"url":"https:\/\/transamerica93.com.br\/home\/wp-content\/uploads\/2025\/05\/1-100.jpg","type":"image\/jpeg"}],"author":"Reda\u00e7\u00e3o","twitter_card":"summary_large_image","twitter_creator":"@transamerica933","twitter_site":"@transamerica933","twitter_misc":{"Escrito por":"Reda\u00e7\u00e3o","Est. tempo de leitura":"2 minutos"},"schema":{"@context":"https:\/\/schema.org","@graph":[{"@type":"Article","@id":"https:\/\/transamerica93.com.br\/home\/olivia-rodrigo-diz-estar-lendo-livro-de-clarice-lispector\/#article","isPartOf":{"@id":"https:\/\/transamerica93.com.br\/home\/olivia-rodrigo-diz-estar-lendo-livro-de-clarice-lispector\/"},"author":{"name":"Reda\u00e7\u00e3o","@id":"https:\/\/transamerica93.com.br\/home\/#\/schema\/person\/7fed7c99c0d4562efa8561bc0f543172"},"headline":"Olivia Rodrigo diz estar lendo livro de Clarice Lispector","datePublished":"2025-05-28T18:00:53+00:00","mainEntityOfPage":{"@id":"https:\/\/transamerica93.com.br\/home\/olivia-rodrigo-diz-estar-lendo-livro-de-clarice-lispector\/"},"wordCount":218,"publisher":{"@id":"https:\/\/transamerica93.com.br\/home\/#organization"},"image":{"@id":"https:\/\/transamerica93.com.br\/home\/olivia-rodrigo-diz-estar-lendo-livro-de-clarice-lispector\/#primaryimage"},"thumbnailUrl":"https:\/\/transamerica93.com.br\/home\/wp-content\/uploads\/2025\/05\/1-100.jpg","articleSection":["M\u00fasica"],"inLanguage":"pt-BR"},{"@type":"WebPage","@id":"https:\/\/transamerica93.com.br\/home\/olivia-rodrigo-diz-estar-lendo-livro-de-clarice-lispector\/","url":"https:\/\/transamerica93.com.br\/home\/olivia-rodrigo-diz-estar-lendo-livro-de-clarice-lispector\/","name":"Olivia Rodrigo diz estar lendo livro de Clarice Lispector - Transam\u00e9rica Mococa 93,3","isPartOf":{"@id":"https:\/\/transamerica93.com.br\/home\/#website"},"primaryImageOfPage":{"@id":"https:\/\/transamerica93.com.br\/home\/olivia-rodrigo-diz-estar-lendo-livro-de-clarice-lispector\/#primaryimage"},"image":{"@id":"https:\/\/transamerica93.com.br\/home\/olivia-rodrigo-diz-estar-lendo-livro-de-clarice-lispector\/#primaryimage"},"thumbnailUrl":"https:\/\/transamerica93.com.br\/home\/wp-content\/uploads\/2025\/05\/1-100.jpg","datePublished":"2025-05-28T18:00:53+00:00","breadcrumb":{"@id":"https:\/\/transamerica93.com.br\/home\/olivia-rodrigo-diz-estar-lendo-livro-de-clarice-lispector\/#breadcrumb"},"inLanguage":"pt-BR","potentialAction":[{"@type":"ReadAction","target":["https:\/\/transamerica93.com.br\/home\/olivia-rodrigo-diz-estar-lendo-livro-de-clarice-lispector\/"]}]},{"@type":"ImageObject","inLanguage":"pt-BR","@id":"https:\/\/transamerica93.com.br\/home\/olivia-rodrigo-diz-estar-lendo-livro-de-clarice-lispector\/#primaryimage","url":"https:\/\/transamerica93.com.br\/home\/wp-content\/uploads\/2025\/05\/1-100.jpg","contentUrl":"https:\/\/transamerica93.com.br\/home\/wp-content\/uploads\/2025\/05\/1-100.jpg","width":798,"height":447},{"@type":"BreadcrumbList","@id":"https:\/\/transamerica93.com.br\/home\/olivia-rodrigo-diz-estar-lendo-livro-de-clarice-lispector\/#breadcrumb","itemListElement":[{"@type":"ListItem","position":1,"name":"In\u00edcio","item":"https:\/\/transamerica93.com.br\/home\/"},{"@type":"ListItem","position":2,"name":"Olivia Rodrigo diz estar lendo livro de Clarice Lispector"}]},{"@type":"WebSite","@id":"https:\/\/transamerica93.com.br\/home\/#website","url":"https:\/\/transamerica93.com.br\/home\/","name":"Transam\u00e9rica Mococa 93,3","description":"","publisher":{"@id":"https:\/\/transamerica93.com.br\/home\/#organization"},"potentialAction":[{"@type":"SearchAction","target":{"@type":"EntryPoint","urlTemplate":"https:\/\/transamerica93.com.br\/home\/?s={search_term_string}"},"query-input":{"@type":"PropertyValueSpecification","valueRequired":true,"valueName":"search_term_string"}}],"inLanguage":"pt-BR"},{"@type":"Organization","@id":"https:\/\/transamerica93.com.br\/home\/#organization","name":"Transam\u00e9rica Mococa 93,3","url":"https:\/\/transamerica93.com.br\/home\/","logo":{"@type":"ImageObject","inLanguage":"pt-BR","@id":"https:\/\/transamerica93.com.br\/home\/#\/schema\/logo\/image\/","url":"https:\/\/transamerica93.com.br\/home\/wp-content\/uploads\/2023\/10\/logo2.png","contentUrl":"https:\/\/transamerica93.com.br\/home\/wp-content\/uploads\/2023\/10\/logo2.png","width":800,"height":500,"caption":"Transam\u00e9rica Mococa 93,3"},"image":{"@id":"https:\/\/transamerica93.com.br\/home\/#\/schema\/logo\/image\/"},"sameAs":["https:\/\/www.facebook.com\/transamericamococa","https:\/\/x.com\/transamerica933","https:\/\/www.instagram.com\/transamericamococa"]},{"@type":"Person","@id":"https:\/\/transamerica93.com.br\/home\/#\/schema\/person\/7fed7c99c0d4562efa8561bc0f543172","name":"Reda\u00e7\u00e3o","image":{"@type":"ImageObject","inLanguage":"pt-BR","@id":"https:\/\/secure.gravatar.com\/avatar\/1072c6b775fb02ef8506ce967551d95926669a6b7d2c2147b42eea4d7c68395e?s=96&d=mm&r=g","url":"https:\/\/secure.gravatar.com\/avatar\/1072c6b775fb02ef8506ce967551d95926669a6b7d2c2147b42eea4d7c68395e?s=96&d=mm&r=g","contentUrl":"https:\/\/secure.gravatar.com\/avatar\/1072c6b775fb02ef8506ce967551d95926669a6b7d2c2147b42eea4d7c68395e?s=96&d=mm&r=g","caption":"Reda\u00e7\u00e3o"},"sameAs":["https:\/\/transamerica93.com.br\/home"],"url":"https:\/\/transamerica93.com.br\/home\/author\/william\/"}]}},"_links":{"self":[{"href":"https:\/\/transamerica93.com.br\/home\/wp-json\/wp\/v2\/posts\/5572","targetHints":{"allow":["GET"]}}],"collection":[{"href":"https:\/\/transamerica93.com.br\/home\/wp-json\/wp\/v2\/posts"}],"about":[{"href":"https:\/\/transamerica93.com.br\/home\/wp-json\/wp\/v2\/types\/post"}],"author":[{"embeddable":true,"href":"https:\/\/transamerica93.com.br\/home\/wp-json\/wp\/v2\/users\/1"}],"replies":[{"embeddable":true,"href":"https:\/\/transamerica93.com.br\/home\/wp-json\/wp\/v2\/comments?post=5572"}],"version-history":[{"count":1,"href":"https:\/\/transamerica93.com.br\/home\/wp-json\/wp\/v2\/posts\/5572\/revisions"}],"predecessor-version":[{"id":5574,"href":"https:\/\/transamerica93.com.br\/home\/wp-json\/wp\/v2\/posts\/5572\/revisions\/5574"}],"wp:featuredmedia":[{"embeddable":true,"href":"https:\/\/transamerica93.com.br\/home\/wp-json\/wp\/v2\/media\/5573"}],"wp:attachment":[{"href":"https:\/\/transamerica93.com.br\/home\/wp-json\/wp\/v2\/media?parent=5572"}],"wp:term":[{"taxonomy":"category","embeddable":true,"href":"https:\/\/transamerica93.com.br\/home\/wp-json\/wp\/v2\/categories?post=5572"},{"taxonomy":"post_tag","embeddable":true,"href":"https:\/\/transamerica93.com.br\/home\/wp-json\/wp\/v2\/tags?post=5572"}],"curies":[{"name":"wp","href":"https:\/\/api.w.org\/{rel}","templated":true}]}}