{"id":5583,"date":"2025-06-03T15:00:46","date_gmt":"2025-06-03T18:00:46","guid":{"rendered":"https:\/\/transamerica93.com.br\/home\/?p=5583"},"modified":"2025-05-19T08:20:44","modified_gmt":"2025-05-19T11:20:44","slug":"iza-comenta-criticas-por-volta-com-yuri-lima-apos-traicao-ninguem-tem-nada-a-ver-com-isso","status":"publish","type":"post","link":"https:\/\/transamerica93.com.br\/home\/iza-comenta-criticas-por-volta-com-yuri-lima-apos-traicao-ninguem-tem-nada-a-ver-com-isso\/","title":{"rendered":"Iza comenta cr\u00edticas por volta com Yuri Lima ap\u00f3s trai\u00e7\u00e3o: &#8216;Ningu\u00e9m tem nada a ver com isso&#8217;"},"content":{"rendered":"<p>Por Por Ingrid Rodrigues<\/p>\n<p>Iza falou pela primeira vez sobre a repercuss\u00e3o por reatar o namoro com Yuri Lima. Em julho de 2024, quando estava gr\u00e1vida do jogador, ela gravou um v\u00eddeo expondo o fim do relacionamento ap\u00f3s descobrir uma trai\u00e7\u00e3o dele. Agora, a cantora mant\u00e9m a rela\u00e7\u00e3o longe do p\u00fablico.<\/p>\n<p>Em participa\u00e7\u00e3o no podcast \u00c9 N\u00f3ia Minha?, Iza comparou a descoberta da trai\u00e7\u00e3o a uma bomba em sua casa. &#8220;A\u00ed, achei que eu precisava dominar a narrativa, por uma quest\u00e3o puramente de ego, e muito ing\u00eanua, de achar que as pessoas iriam ouvir a minha vers\u00e3o e falar: &#8216;Ok, acolhemos a sua vers\u00e3o e vamos ficar aqui, calados, porque n\u00e3o temos nada a ver com isso, voc\u00ea est\u00e1 s\u00f3 se protegendo'&#8221;, relembrou.<\/p>\n<p>Segundo ela, a decis\u00e3o de expor a situa\u00e7\u00e3o foi semelhante a abrir um portal para que pessoas &#8220;sa\u00edssem de todos os lugares poss\u00edveis, muitas delas do bueiro&#8221;, para falar sobre sua vida pessoal. &#8220;Recebi muito carinho, muito amor, mas as pessoas come\u00e7aram a controlar minha vida como uma novela. Como se a minha decis\u00e3o fosse impactar diretamente na vida delas&#8221;, contou<\/p>\n<p>A cantora entendeu que ter usado as redes sociais para desabafar deu margem para a repercuss\u00e3o negativa sobre a volta do casal. Contudo, ela explicou que a decis\u00e3o foi consequ\u00eancia de um momento em que precisava desabafar. &#8220;Fiz algumas coisas porque eu n\u00e3o tenho sangue de barata.&#8221;<\/p>\n<p>Iza afirmou que n\u00e3o se arrependeu de sua atitude \u00e0 \u00e9poca. No entanto, n\u00e3o agiria novamente como antes. &#8220;A partir do momento em que tomei outra decis\u00e3o, eu falei: &#8216;Agora n\u00e3o vou avisar nada para ningu\u00e9m, porque as pessoas v\u00e3o ver. E a\u00ed, quem quiser achar que eu estou louca, vai achar que estou louca. Quem quiser falar: &#8216;Ai, maravilhosa, \u00e9 a fam\u00edlia dela&#8217;, vai dizer isso&#8221;, explicou.<\/p>\n<p>A cantora disse n\u00e3o querer &#8220;dar mais muni\u00e7\u00e3o para as pessoas entrarem&#8221; em sua vida de uma forma que n\u00e3o deveriam, por se tratar de um assunto pessoal. &#8220;Como voc\u00ea pode dizer para algu\u00e9m que essa pessoa est\u00e1 errada em escolher algo na pr\u00f3pria vida? Se a gente tem todo o direito de mudar de ideia, ser incoerente, perdoar, voltar atr\u00e1s ou at\u00e9 terminar. Se eu quiser mudar minha vida de novo, ningu\u00e9m tem nada a ver com isso&#8221;, desabafou.<\/p>\n<p>&#8220;Eu posso fazer o que eu quiser (&#8230;). A vida continua apesar das pessoas concordarem ou discordarem de voc\u00ea. Isso \u00e9 libertador! A partir do momento que voc\u00ea entende isso \u00e9 um caminho sem volta. E \u00e9 por isso que hoje a opini\u00e3o dos outros j\u00e1 n\u00e3o faz meu cabelo cair mais&#8221;, finalizou Iza.<\/p>\n","protected":false},"excerpt":{"rendered":"<p>Por Por Ingrid Rodrigues Iza falou pela primeira vez sobre a repercuss\u00e3o por reatar o namoro com Yuri Lima. Em julho de 2024, quando estava gr\u00e1vida do jogador, ela gravou um v\u00eddeo expondo o fim do relacionamento ap\u00f3s descobrir uma trai\u00e7\u00e3o dele. Agora, a cantora mant\u00e9m a rela\u00e7\u00e3o longe do p\u00fablico. Em participa\u00e7\u00e3o no podcast &hellip;<\/p>\n","protected":false},"author":1,"featured_media":5584,"comment_status":"closed","ping_status":"closed","sticky":false,"template":"","format":"standard","meta":{"footnotes":""},"categories":[25],"tags":[],"class_list":["post-5583","post","type-post","status-publish","format-standard","has-post-thumbnail","hentry","category-musica"],"yoast_head":"<!-- This site is optimized with the Yoast SEO plugin v27.4 - https:\/\/yoast.com\/product\/yoast-seo-wordpress\/ -->\n<title>Iza comenta cr\u00edticas por volta com Yuri Lima ap\u00f3s trai\u00e7\u00e3o: &#039;Ningu\u00e9m tem nada a ver com isso&#039; - Transam\u00e9rica Mococa 93,3<\/title>\n<meta name=\"robots\" content=\"index, follow, max-snippet:-1, max-image-preview:large, max-video-preview:-1\" \/>\n<link rel=\"canonical\" href=\"https:\/\/transamerica93.com.br\/home\/iza-comenta-criticas-por-volta-com-yuri-lima-apos-traicao-ninguem-tem-nada-a-ver-com-isso\/\" \/>\n<meta property=\"og:locale\" content=\"pt_BR\" \/>\n<meta property=\"og:type\" content=\"article\" \/>\n<meta property=\"og:title\" content=\"Iza comenta cr\u00edticas por volta com Yuri Lima ap\u00f3s trai\u00e7\u00e3o: &#039;Ningu\u00e9m tem nada a ver com isso&#039; - Transam\u00e9rica Mococa 93,3\" \/>\n<meta property=\"og:description\" content=\"Por Por Ingrid Rodrigues Iza falou pela primeira vez sobre a repercuss\u00e3o por reatar o namoro com Yuri Lima. Em julho de 2024, quando estava gr\u00e1vida do jogador, ela gravou um v\u00eddeo expondo o fim do relacionamento ap\u00f3s descobrir uma trai\u00e7\u00e3o dele. Agora, a cantora mant\u00e9m a rela\u00e7\u00e3o longe do p\u00fablico. Em participa\u00e7\u00e3o no podcast &hellip;\" \/>\n<meta property=\"og:url\" content=\"https:\/\/transamerica93.com.br\/home\/iza-comenta-criticas-por-volta-com-yuri-lima-apos-traicao-ninguem-tem-nada-a-ver-com-isso\/\" \/>\n<meta property=\"og:site_name\" content=\"Transam\u00e9rica Mococa 93,3\" \/>\n<meta property=\"article:publisher\" content=\"https:\/\/www.facebook.com\/transamericamococa\" \/>\n<meta property=\"article:published_time\" content=\"2025-06-03T18:00:46+00:00\" \/>\n<meta property=\"og:image\" content=\"https:\/\/transamerica93.com.br\/home\/wp-content\/uploads\/2025\/05\/1-103.jpg\" \/>\n\t<meta property=\"og:image:width\" content=\"1200\" \/>\n\t<meta property=\"og:image:height\" content=\"900\" \/>\n\t<meta property=\"og:image:type\" content=\"image\/jpeg\" \/>\n<meta name=\"author\" content=\"Reda\u00e7\u00e3o\" \/>\n<meta name=\"twitter:card\" content=\"summary_large_image\" \/>\n<meta name=\"twitter:creator\" content=\"@transamerica933\" \/>\n<meta name=\"twitter:site\" content=\"@transamerica933\" \/>\n<meta name=\"twitter:label1\" content=\"Escrito por\" \/>\n\t<meta name=\"twitter:data1\" content=\"Reda\u00e7\u00e3o\" \/>\n\t<meta name=\"twitter:label2\" content=\"Est. tempo de leitura\" \/>\n\t<meta name=\"twitter:data2\" content=\"3 minutos\" \/>\n<script type=\"application\/ld+json\" class=\"yoast-schema-graph\">{\"@context\":\"https:\\\/\\\/schema.org\",\"@graph\":[{\"@type\":\"Article\",\"@id\":\"https:\\\/\\\/transamerica93.com.br\\\/home\\\/iza-comenta-criticas-por-volta-com-yuri-lima-apos-traicao-ninguem-tem-nada-a-ver-com-isso\\\/#article\",\"isPartOf\":{\"@id\":\"https:\\\/\\\/transamerica93.com.br\\\/home\\\/iza-comenta-criticas-por-volta-com-yuri-lima-apos-traicao-ninguem-tem-nada-a-ver-com-isso\\\/\"},\"author\":{\"name\":\"Reda\u00e7\u00e3o\",\"@id\":\"https:\\\/\\\/transamerica93.com.br\\\/home\\\/#\\\/schema\\\/person\\\/7fed7c99c0d4562efa8561bc0f543172\"},\"headline\":\"Iza comenta cr\u00edticas por volta com Yuri Lima ap\u00f3s trai\u00e7\u00e3o: &#8216;Ningu\u00e9m tem nada a ver com isso&#8217;\",\"datePublished\":\"2025-06-03T18:00:46+00:00\",\"mainEntityOfPage\":{\"@id\":\"https:\\\/\\\/transamerica93.com.br\\\/home\\\/iza-comenta-criticas-por-volta-com-yuri-lima-apos-traicao-ninguem-tem-nada-a-ver-com-isso\\\/\"},\"wordCount\":488,\"publisher\":{\"@id\":\"https:\\\/\\\/transamerica93.com.br\\\/home\\\/#organization\"},\"image\":{\"@id\":\"https:\\\/\\\/transamerica93.com.br\\\/home\\\/iza-comenta-criticas-por-volta-com-yuri-lima-apos-traicao-ninguem-tem-nada-a-ver-com-isso\\\/#primaryimage\"},\"thumbnailUrl\":\"https:\\\/\\\/transamerica93.com.br\\\/home\\\/wp-content\\\/uploads\\\/2025\\\/05\\\/1-103.jpg\",\"articleSection\":[\"M\u00fasica\"],\"inLanguage\":\"pt-BR\"},{\"@type\":\"WebPage\",\"@id\":\"https:\\\/\\\/transamerica93.com.br\\\/home\\\/iza-comenta-criticas-por-volta-com-yuri-lima-apos-traicao-ninguem-tem-nada-a-ver-com-isso\\\/\",\"url\":\"https:\\\/\\\/transamerica93.com.br\\\/home\\\/iza-comenta-criticas-por-volta-com-yuri-lima-apos-traicao-ninguem-tem-nada-a-ver-com-isso\\\/\",\"name\":\"Iza comenta cr\u00edticas por volta com Yuri Lima ap\u00f3s trai\u00e7\u00e3o: 'Ningu\u00e9m tem nada a ver com isso' - Transam\u00e9rica Mococa 93,3\",\"isPartOf\":{\"@id\":\"https:\\\/\\\/transamerica93.com.br\\\/home\\\/#website\"},\"primaryImageOfPage\":{\"@id\":\"https:\\\/\\\/transamerica93.com.br\\\/home\\\/iza-comenta-criticas-por-volta-com-yuri-lima-apos-traicao-ninguem-tem-nada-a-ver-com-isso\\\/#primaryimage\"},\"image\":{\"@id\":\"https:\\\/\\\/transamerica93.com.br\\\/home\\\/iza-comenta-criticas-por-volta-com-yuri-lima-apos-traicao-ninguem-tem-nada-a-ver-com-isso\\\/#primaryimage\"},\"thumbnailUrl\":\"https:\\\/\\\/transamerica93.com.br\\\/home\\\/wp-content\\\/uploads\\\/2025\\\/05\\\/1-103.jpg\",\"datePublished\":\"2025-06-03T18:00:46+00:00\",\"breadcrumb\":{\"@id\":\"https:\\\/\\\/transamerica93.com.br\\\/home\\\/iza-comenta-criticas-por-volta-com-yuri-lima-apos-traicao-ninguem-tem-nada-a-ver-com-isso\\\/#breadcrumb\"},\"inLanguage\":\"pt-BR\",\"potentialAction\":[{\"@type\":\"ReadAction\",\"target\":[\"https:\\\/\\\/transamerica93.com.br\\\/home\\\/iza-comenta-criticas-por-volta-com-yuri-lima-apos-traicao-ninguem-tem-nada-a-ver-com-isso\\\/\"]}]},{\"@type\":\"ImageObject\",\"inLanguage\":\"pt-BR\",\"@id\":\"https:\\\/\\\/transamerica93.com.br\\\/home\\\/iza-comenta-criticas-por-volta-com-yuri-lima-apos-traicao-ninguem-tem-nada-a-ver-com-isso\\\/#primaryimage\",\"url\":\"https:\\\/\\\/transamerica93.com.br\\\/home\\\/wp-content\\\/uploads\\\/2025\\\/05\\\/1-103.jpg\",\"contentUrl\":\"https:\\\/\\\/transamerica93.com.br\\\/home\\\/wp-content\\\/uploads\\\/2025\\\/05\\\/1-103.jpg\",\"width\":1200,\"height\":900},{\"@type\":\"BreadcrumbList\",\"@id\":\"https:\\\/\\\/transamerica93.com.br\\\/home\\\/iza-comenta-criticas-por-volta-com-yuri-lima-apos-traicao-ninguem-tem-nada-a-ver-com-isso\\\/#breadcrumb\",\"itemListElement\":[{\"@type\":\"ListItem\",\"position\":1,\"name\":\"In\u00edcio\",\"item\":\"https:\\\/\\\/transamerica93.com.br\\\/home\\\/\"},{\"@type\":\"ListItem\",\"position\":2,\"name\":\"Iza comenta cr\u00edticas por volta com Yuri Lima ap\u00f3s trai\u00e7\u00e3o: &#8216;Ningu\u00e9m tem nada a ver com isso&#8217;\"}]},{\"@type\":\"WebSite\",\"@id\":\"https:\\\/\\\/transamerica93.com.br\\\/home\\\/#website\",\"url\":\"https:\\\/\\\/transamerica93.com.br\\\/home\\\/\",\"name\":\"Transam\u00e9rica Mococa 93,3\",\"description\":\"\",\"publisher\":{\"@id\":\"https:\\\/\\\/transamerica93.com.br\\\/home\\\/#organization\"},\"potentialAction\":[{\"@type\":\"SearchAction\",\"target\":{\"@type\":\"EntryPoint\",\"urlTemplate\":\"https:\\\/\\\/transamerica93.com.br\\\/home\\\/?s={search_term_string}\"},\"query-input\":{\"@type\":\"PropertyValueSpecification\",\"valueRequired\":true,\"valueName\":\"search_term_string\"}}],\"inLanguage\":\"pt-BR\"},{\"@type\":\"Organization\",\"@id\":\"https:\\\/\\\/transamerica93.com.br\\\/home\\\/#organization\",\"name\":\"Transam\u00e9rica Mococa 93,3\",\"url\":\"https:\\\/\\\/transamerica93.com.br\\\/home\\\/\",\"logo\":{\"@type\":\"ImageObject\",\"inLanguage\":\"pt-BR\",\"@id\":\"https:\\\/\\\/transamerica93.com.br\\\/home\\\/#\\\/schema\\\/logo\\\/image\\\/\",\"url\":\"https:\\\/\\\/transamerica93.com.br\\\/home\\\/wp-content\\\/uploads\\\/2023\\\/10\\\/logo2.png\",\"contentUrl\":\"https:\\\/\\\/transamerica93.com.br\\\/home\\\/wp-content\\\/uploads\\\/2023\\\/10\\\/logo2.png\",\"width\":800,\"height\":500,\"caption\":\"Transam\u00e9rica Mococa 93,3\"},\"image\":{\"@id\":\"https:\\\/\\\/transamerica93.com.br\\\/home\\\/#\\\/schema\\\/logo\\\/image\\\/\"},\"sameAs\":[\"https:\\\/\\\/www.facebook.com\\\/transamericamococa\",\"https:\\\/\\\/x.com\\\/transamerica933\",\"https:\\\/\\\/www.instagram.com\\\/transamericamococa\"]},{\"@type\":\"Person\",\"@id\":\"https:\\\/\\\/transamerica93.com.br\\\/home\\\/#\\\/schema\\\/person\\\/7fed7c99c0d4562efa8561bc0f543172\",\"name\":\"Reda\u00e7\u00e3o\",\"image\":{\"@type\":\"ImageObject\",\"inLanguage\":\"pt-BR\",\"@id\":\"https:\\\/\\\/secure.gravatar.com\\\/avatar\\\/1072c6b775fb02ef8506ce967551d95926669a6b7d2c2147b42eea4d7c68395e?s=96&d=mm&r=g\",\"url\":\"https:\\\/\\\/secure.gravatar.com\\\/avatar\\\/1072c6b775fb02ef8506ce967551d95926669a6b7d2c2147b42eea4d7c68395e?s=96&d=mm&r=g\",\"contentUrl\":\"https:\\\/\\\/secure.gravatar.com\\\/avatar\\\/1072c6b775fb02ef8506ce967551d95926669a6b7d2c2147b42eea4d7c68395e?s=96&d=mm&r=g\",\"caption\":\"Reda\u00e7\u00e3o\"},\"sameAs\":[\"https:\\\/\\\/transamerica93.com.br\\\/home\"],\"url\":\"https:\\\/\\\/transamerica93.com.br\\\/home\\\/author\\\/william\\\/\"}]}<\/script>\n<!-- \/ Yoast SEO plugin. -->","yoast_head_json":{"title":"Iza comenta cr\u00edticas por volta com Yuri Lima ap\u00f3s trai\u00e7\u00e3o: 'Ningu\u00e9m tem nada a ver com isso' - Transam\u00e9rica Mococa 93,3","robots":{"index":"index","follow":"follow","max-snippet":"max-snippet:-1","max-image-preview":"max-image-preview:large","max-video-preview":"max-video-preview:-1"},"canonical":"https:\/\/transamerica93.com.br\/home\/iza-comenta-criticas-por-volta-com-yuri-lima-apos-traicao-ninguem-tem-nada-a-ver-com-isso\/","og_locale":"pt_BR","og_type":"article","og_title":"Iza comenta cr\u00edticas por volta com Yuri Lima ap\u00f3s trai\u00e7\u00e3o: 'Ningu\u00e9m tem nada a ver com isso' - Transam\u00e9rica Mococa 93,3","og_description":"Por Por Ingrid Rodrigues Iza falou pela primeira vez sobre a repercuss\u00e3o por reatar o namoro com Yuri Lima. Em julho de 2024, quando estava gr\u00e1vida do jogador, ela gravou um v\u00eddeo expondo o fim do relacionamento ap\u00f3s descobrir uma trai\u00e7\u00e3o dele. Agora, a cantora mant\u00e9m a rela\u00e7\u00e3o longe do p\u00fablico. Em participa\u00e7\u00e3o no podcast &hellip;","og_url":"https:\/\/transamerica93.com.br\/home\/iza-comenta-criticas-por-volta-com-yuri-lima-apos-traicao-ninguem-tem-nada-a-ver-com-isso\/","og_site_name":"Transam\u00e9rica Mococa 93,3","article_publisher":"https:\/\/www.facebook.com\/transamericamococa","article_published_time":"2025-06-03T18:00:46+00:00","og_image":[{"width":1200,"height":900,"url":"https:\/\/transamerica93.com.br\/home\/wp-content\/uploads\/2025\/05\/1-103.jpg","type":"image\/jpeg"}],"author":"Reda\u00e7\u00e3o","twitter_card":"summary_large_image","twitter_creator":"@transamerica933","twitter_site":"@transamerica933","twitter_misc":{"Escrito por":"Reda\u00e7\u00e3o","Est. tempo de leitura":"3 minutos"},"schema":{"@context":"https:\/\/schema.org","@graph":[{"@type":"Article","@id":"https:\/\/transamerica93.com.br\/home\/iza-comenta-criticas-por-volta-com-yuri-lima-apos-traicao-ninguem-tem-nada-a-ver-com-isso\/#article","isPartOf":{"@id":"https:\/\/transamerica93.com.br\/home\/iza-comenta-criticas-por-volta-com-yuri-lima-apos-traicao-ninguem-tem-nada-a-ver-com-isso\/"},"author":{"name":"Reda\u00e7\u00e3o","@id":"https:\/\/transamerica93.com.br\/home\/#\/schema\/person\/7fed7c99c0d4562efa8561bc0f543172"},"headline":"Iza comenta cr\u00edticas por volta com Yuri Lima ap\u00f3s trai\u00e7\u00e3o: &#8216;Ningu\u00e9m tem nada a ver com isso&#8217;","datePublished":"2025-06-03T18:00:46+00:00","mainEntityOfPage":{"@id":"https:\/\/transamerica93.com.br\/home\/iza-comenta-criticas-por-volta-com-yuri-lima-apos-traicao-ninguem-tem-nada-a-ver-com-isso\/"},"wordCount":488,"publisher":{"@id":"https:\/\/transamerica93.com.br\/home\/#organization"},"image":{"@id":"https:\/\/transamerica93.com.br\/home\/iza-comenta-criticas-por-volta-com-yuri-lima-apos-traicao-ninguem-tem-nada-a-ver-com-isso\/#primaryimage"},"thumbnailUrl":"https:\/\/transamerica93.com.br\/home\/wp-content\/uploads\/2025\/05\/1-103.jpg","articleSection":["M\u00fasica"],"inLanguage":"pt-BR"},{"@type":"WebPage","@id":"https:\/\/transamerica93.com.br\/home\/iza-comenta-criticas-por-volta-com-yuri-lima-apos-traicao-ninguem-tem-nada-a-ver-com-isso\/","url":"https:\/\/transamerica93.com.br\/home\/iza-comenta-criticas-por-volta-com-yuri-lima-apos-traicao-ninguem-tem-nada-a-ver-com-isso\/","name":"Iza comenta cr\u00edticas por volta com Yuri Lima ap\u00f3s trai\u00e7\u00e3o: 'Ningu\u00e9m tem nada a ver com isso' - Transam\u00e9rica Mococa 93,3","isPartOf":{"@id":"https:\/\/transamerica93.com.br\/home\/#website"},"primaryImageOfPage":{"@id":"https:\/\/transamerica93.com.br\/home\/iza-comenta-criticas-por-volta-com-yuri-lima-apos-traicao-ninguem-tem-nada-a-ver-com-isso\/#primaryimage"},"image":{"@id":"https:\/\/transamerica93.com.br\/home\/iza-comenta-criticas-por-volta-com-yuri-lima-apos-traicao-ninguem-tem-nada-a-ver-com-isso\/#primaryimage"},"thumbnailUrl":"https:\/\/transamerica93.com.br\/home\/wp-content\/uploads\/2025\/05\/1-103.jpg","datePublished":"2025-06-03T18:00:46+00:00","breadcrumb":{"@id":"https:\/\/transamerica93.com.br\/home\/iza-comenta-criticas-por-volta-com-yuri-lima-apos-traicao-ninguem-tem-nada-a-ver-com-isso\/#breadcrumb"},"inLanguage":"pt-BR","potentialAction":[{"@type":"ReadAction","target":["https:\/\/transamerica93.com.br\/home\/iza-comenta-criticas-por-volta-com-yuri-lima-apos-traicao-ninguem-tem-nada-a-ver-com-isso\/"]}]},{"@type":"ImageObject","inLanguage":"pt-BR","@id":"https:\/\/transamerica93.com.br\/home\/iza-comenta-criticas-por-volta-com-yuri-lima-apos-traicao-ninguem-tem-nada-a-ver-com-isso\/#primaryimage","url":"https:\/\/transamerica93.com.br\/home\/wp-content\/uploads\/2025\/05\/1-103.jpg","contentUrl":"https:\/\/transamerica93.com.br\/home\/wp-content\/uploads\/2025\/05\/1-103.jpg","width":1200,"height":900},{"@type":"BreadcrumbList","@id":"https:\/\/transamerica93.com.br\/home\/iza-comenta-criticas-por-volta-com-yuri-lima-apos-traicao-ninguem-tem-nada-a-ver-com-isso\/#breadcrumb","itemListElement":[{"@type":"ListItem","position":1,"name":"In\u00edcio","item":"https:\/\/transamerica93.com.br\/home\/"},{"@type":"ListItem","position":2,"name":"Iza comenta cr\u00edticas por volta com Yuri Lima ap\u00f3s trai\u00e7\u00e3o: &#8216;Ningu\u00e9m tem nada a ver com isso&#8217;"}]},{"@type":"WebSite","@id":"https:\/\/transamerica93.com.br\/home\/#website","url":"https:\/\/transamerica93.com.br\/home\/","name":"Transam\u00e9rica Mococa 93,3","description":"","publisher":{"@id":"https:\/\/transamerica93.com.br\/home\/#organization"},"potentialAction":[{"@type":"SearchAction","target":{"@type":"EntryPoint","urlTemplate":"https:\/\/transamerica93.com.br\/home\/?s={search_term_string}"},"query-input":{"@type":"PropertyValueSpecification","valueRequired":true,"valueName":"search_term_string"}}],"inLanguage":"pt-BR"},{"@type":"Organization","@id":"https:\/\/transamerica93.com.br\/home\/#organization","name":"Transam\u00e9rica Mococa 93,3","url":"https:\/\/transamerica93.com.br\/home\/","logo":{"@type":"ImageObject","inLanguage":"pt-BR","@id":"https:\/\/transamerica93.com.br\/home\/#\/schema\/logo\/image\/","url":"https:\/\/transamerica93.com.br\/home\/wp-content\/uploads\/2023\/10\/logo2.png","contentUrl":"https:\/\/transamerica93.com.br\/home\/wp-content\/uploads\/2023\/10\/logo2.png","width":800,"height":500,"caption":"Transam\u00e9rica Mococa 93,3"},"image":{"@id":"https:\/\/transamerica93.com.br\/home\/#\/schema\/logo\/image\/"},"sameAs":["https:\/\/www.facebook.com\/transamericamococa","https:\/\/x.com\/transamerica933","https:\/\/www.instagram.com\/transamericamococa"]},{"@type":"Person","@id":"https:\/\/transamerica93.com.br\/home\/#\/schema\/person\/7fed7c99c0d4562efa8561bc0f543172","name":"Reda\u00e7\u00e3o","image":{"@type":"ImageObject","inLanguage":"pt-BR","@id":"https:\/\/secure.gravatar.com\/avatar\/1072c6b775fb02ef8506ce967551d95926669a6b7d2c2147b42eea4d7c68395e?s=96&d=mm&r=g","url":"https:\/\/secure.gravatar.com\/avatar\/1072c6b775fb02ef8506ce967551d95926669a6b7d2c2147b42eea4d7c68395e?s=96&d=mm&r=g","contentUrl":"https:\/\/secure.gravatar.com\/avatar\/1072c6b775fb02ef8506ce967551d95926669a6b7d2c2147b42eea4d7c68395e?s=96&d=mm&r=g","caption":"Reda\u00e7\u00e3o"},"sameAs":["https:\/\/transamerica93.com.br\/home"],"url":"https:\/\/transamerica93.com.br\/home\/author\/william\/"}]}},"_links":{"self":[{"href":"https:\/\/transamerica93.com.br\/home\/wp-json\/wp\/v2\/posts\/5583","targetHints":{"allow":["GET"]}}],"collection":[{"href":"https:\/\/transamerica93.com.br\/home\/wp-json\/wp\/v2\/posts"}],"about":[{"href":"https:\/\/transamerica93.com.br\/home\/wp-json\/wp\/v2\/types\/post"}],"author":[{"embeddable":true,"href":"https:\/\/transamerica93.com.br\/home\/wp-json\/wp\/v2\/users\/1"}],"replies":[{"embeddable":true,"href":"https:\/\/transamerica93.com.br\/home\/wp-json\/wp\/v2\/comments?post=5583"}],"version-history":[{"count":1,"href":"https:\/\/transamerica93.com.br\/home\/wp-json\/wp\/v2\/posts\/5583\/revisions"}],"predecessor-version":[{"id":5585,"href":"https:\/\/transamerica93.com.br\/home\/wp-json\/wp\/v2\/posts\/5583\/revisions\/5585"}],"wp:featuredmedia":[{"embeddable":true,"href":"https:\/\/transamerica93.com.br\/home\/wp-json\/wp\/v2\/media\/5584"}],"wp:attachment":[{"href":"https:\/\/transamerica93.com.br\/home\/wp-json\/wp\/v2\/media?parent=5583"}],"wp:term":[{"taxonomy":"category","embeddable":true,"href":"https:\/\/transamerica93.com.br\/home\/wp-json\/wp\/v2\/categories?post=5583"},{"taxonomy":"post_tag","embeddable":true,"href":"https:\/\/transamerica93.com.br\/home\/wp-json\/wp\/v2\/tags?post=5583"}],"curies":[{"name":"wp","href":"https:\/\/api.w.org\/{rel}","templated":true}]}}