{"id":5586,"date":"2025-06-04T15:00:05","date_gmt":"2025-06-04T18:00:05","guid":{"rendered":"https:\/\/transamerica93.com.br\/home\/?p=5586"},"modified":"2025-05-19T08:23:52","modified_gmt":"2025-05-19T11:23:52","slug":"foo-fighters-demite-baterista-josh-freese-apos-dois-anos-decepcionado","status":"publish","type":"post","link":"https:\/\/transamerica93.com.br\/home\/foo-fighters-demite-baterista-josh-freese-apos-dois-anos-decepcionado\/","title":{"rendered":"Foo Fighters demite baterista Josh Freese ap\u00f3s dois anos: &#8216;Decepcionado&#8217;"},"content":{"rendered":"<div id=\"Corpo\">\n<h6 class=\"Assina\">Por Reda\u00e7\u00e3o C2<\/h6>\n<p>Os f\u00e3s do Foo Fighters foram surpreendidos na tarde desta sexta-feira, 16, com o an\u00fancio da demiss\u00e3o do baterista Josh Freese, ap\u00f3s dois anos na banda.<\/p>\n<p>O m\u00fasico foi quem comunicou a decis\u00e3o do grupo em um breve comunicado, no qual afirma que est\u00e1 &#8220;decepcionado&#8221; e que nunca havia sido demitido em sua vida.<\/p>\n<p>&#8220;Os Foo Fighters me ligaram na segunda de noite para dizer que decidiram \u2018seguir em uma dire\u00e7\u00e3o diferente com seu baterista\u2019. Nenhum motivo me foi oferecido. De qualquer forma, eu curti os dois \u00faltimos anos com eles, dentro e fora do palco, e eu apoio o que quer que eles achem que \u00e9 melhor para a banda&#8221;, iniciou Freese.<\/p>\n<p>&#8220;Nos meus 40 anos como baterista profissional, eu nunca fui demitido de uma banda, ent\u00e3o por mais que eu n\u00e3o esteja bravo &#8211; [estou] apenas um pouco chocado e decepcionado. Mas como muitos de voc\u00eas sabem, eu sempre trabalhei como freelance e pinguei de banda em banda, ent\u00e3o, estou bem.&#8221;<\/p>\n<p>Freese encerra o comunicado em tom bem-humorado dizendo que vai listar 10 motivos que acredita que fizeram a banda o demitir.<\/p>\n<p><b>Carreira de Josh Freese<\/b><\/p>\n<p>O m\u00fasico entrou para o Foo Fighters meses depois da morte do baterista Taylor Hawkins, em mar\u00e7o de 2022, um dia antes da banda se apresentar no Loolapallosa Brasil.<\/p>\n<p>A carreira de Josh Freese \u00e9 extensa. Com 40 anos de profiss\u00e3o, o artista j\u00e1 tocou com Sting, Offspring, The Vandals, Guns N\u2019 Roses, entre muitas outras bandas.<\/p>\n<p>Al\u00e9m das colabora\u00e7\u00f5es, Freese lan\u00e7ou \u00e1lbuns solo e \u00e9 conhecido por seu senso de humor afiado e criatividade, algo que se reflete tamb\u00e9m em sua performance de palco.<\/p>\n<p>O Foo Fighters retornou aos shows durante apresenta\u00e7\u00e3o no Coachela, em Los Angeles, em abril. A banda deu hiato de sete meses ap\u00f3s o esc\u00e2ndalo envolvendo Dave Grohl, que anunciou uma filha rec\u00e9m-nascida fora do casamento em setembro do ano passado<\/p><\/div>\n","protected":false},"excerpt":{"rendered":"<p>Por Reda\u00e7\u00e3o C2 Os f\u00e3s do Foo Fighters foram surpreendidos na tarde desta sexta-feira, 16, com o an\u00fancio da demiss\u00e3o do baterista Josh Freese, ap\u00f3s dois anos na banda. O m\u00fasico foi quem comunicou a decis\u00e3o do grupo em um breve comunicado, no qual afirma que est\u00e1 &#8220;decepcionado&#8221; e que nunca havia sido demitido em &hellip;<\/p>\n","protected":false},"author":1,"featured_media":5587,"comment_status":"closed","ping_status":"closed","sticky":false,"template":"","format":"standard","meta":{"footnotes":""},"categories":[25],"tags":[],"class_list":["post-5586","post","type-post","status-publish","format-standard","has-post-thumbnail","hentry","category-musica"],"yoast_head":"<!-- This site is optimized with the Yoast SEO plugin v27.4 - https:\/\/yoast.com\/product\/yoast-seo-wordpress\/ -->\n<title>Foo Fighters demite baterista Josh Freese ap\u00f3s dois anos: &#039;Decepcionado&#039; - Transam\u00e9rica Mococa 93,3<\/title>\n<meta name=\"robots\" content=\"index, follow, max-snippet:-1, max-image-preview:large, max-video-preview:-1\" \/>\n<link rel=\"canonical\" href=\"https:\/\/transamerica93.com.br\/home\/foo-fighters-demite-baterista-josh-freese-apos-dois-anos-decepcionado\/\" \/>\n<meta property=\"og:locale\" content=\"pt_BR\" \/>\n<meta property=\"og:type\" content=\"article\" \/>\n<meta property=\"og:title\" content=\"Foo Fighters demite baterista Josh Freese ap\u00f3s dois anos: &#039;Decepcionado&#039; - Transam\u00e9rica Mococa 93,3\" \/>\n<meta property=\"og:description\" content=\"Por Reda\u00e7\u00e3o C2 Os f\u00e3s do Foo Fighters foram surpreendidos na tarde desta sexta-feira, 16, com o an\u00fancio da demiss\u00e3o do baterista Josh Freese, ap\u00f3s dois anos na banda. O m\u00fasico foi quem comunicou a decis\u00e3o do grupo em um breve comunicado, no qual afirma que est\u00e1 &#8220;decepcionado&#8221; e que nunca havia sido demitido em &hellip;\" \/>\n<meta property=\"og:url\" content=\"https:\/\/transamerica93.com.br\/home\/foo-fighters-demite-baterista-josh-freese-apos-dois-anos-decepcionado\/\" \/>\n<meta property=\"og:site_name\" content=\"Transam\u00e9rica Mococa 93,3\" \/>\n<meta property=\"article:publisher\" content=\"https:\/\/www.facebook.com\/transamericamococa\" \/>\n<meta property=\"article:published_time\" content=\"2025-06-04T18:00:05+00:00\" \/>\n<meta property=\"og:image\" content=\"https:\/\/transamerica93.com.br\/home\/wp-content\/uploads\/2025\/05\/1-104.jpg\" \/>\n\t<meta property=\"og:image:width\" content=\"1200\" \/>\n\t<meta property=\"og:image:height\" content=\"625\" \/>\n\t<meta property=\"og:image:type\" content=\"image\/jpeg\" \/>\n<meta name=\"author\" content=\"Reda\u00e7\u00e3o\" \/>\n<meta name=\"twitter:card\" content=\"summary_large_image\" \/>\n<meta name=\"twitter:creator\" content=\"@transamerica933\" \/>\n<meta name=\"twitter:site\" content=\"@transamerica933\" \/>\n<meta name=\"twitter:label1\" content=\"Escrito por\" \/>\n\t<meta name=\"twitter:data1\" content=\"Reda\u00e7\u00e3o\" \/>\n\t<meta name=\"twitter:label2\" content=\"Est. tempo de leitura\" \/>\n\t<meta name=\"twitter:data2\" content=\"2 minutos\" \/>\n<script type=\"application\/ld+json\" class=\"yoast-schema-graph\">{\"@context\":\"https:\\\/\\\/schema.org\",\"@graph\":[{\"@type\":\"Article\",\"@id\":\"https:\\\/\\\/transamerica93.com.br\\\/home\\\/foo-fighters-demite-baterista-josh-freese-apos-dois-anos-decepcionado\\\/#article\",\"isPartOf\":{\"@id\":\"https:\\\/\\\/transamerica93.com.br\\\/home\\\/foo-fighters-demite-baterista-josh-freese-apos-dois-anos-decepcionado\\\/\"},\"author\":{\"name\":\"Reda\u00e7\u00e3o\",\"@id\":\"https:\\\/\\\/transamerica93.com.br\\\/home\\\/#\\\/schema\\\/person\\\/7fed7c99c0d4562efa8561bc0f543172\"},\"headline\":\"Foo Fighters demite baterista Josh Freese ap\u00f3s dois anos: &#8216;Decepcionado&#8217;\",\"datePublished\":\"2025-06-04T18:00:05+00:00\",\"mainEntityOfPage\":{\"@id\":\"https:\\\/\\\/transamerica93.com.br\\\/home\\\/foo-fighters-demite-baterista-josh-freese-apos-dois-anos-decepcionado\\\/\"},\"wordCount\":343,\"publisher\":{\"@id\":\"https:\\\/\\\/transamerica93.com.br\\\/home\\\/#organization\"},\"image\":{\"@id\":\"https:\\\/\\\/transamerica93.com.br\\\/home\\\/foo-fighters-demite-baterista-josh-freese-apos-dois-anos-decepcionado\\\/#primaryimage\"},\"thumbnailUrl\":\"https:\\\/\\\/transamerica93.com.br\\\/home\\\/wp-content\\\/uploads\\\/2025\\\/05\\\/1-104.jpg\",\"articleSection\":[\"M\u00fasica\"],\"inLanguage\":\"pt-BR\"},{\"@type\":\"WebPage\",\"@id\":\"https:\\\/\\\/transamerica93.com.br\\\/home\\\/foo-fighters-demite-baterista-josh-freese-apos-dois-anos-decepcionado\\\/\",\"url\":\"https:\\\/\\\/transamerica93.com.br\\\/home\\\/foo-fighters-demite-baterista-josh-freese-apos-dois-anos-decepcionado\\\/\",\"name\":\"Foo Fighters demite baterista Josh Freese ap\u00f3s dois anos: 'Decepcionado' - Transam\u00e9rica Mococa 93,3\",\"isPartOf\":{\"@id\":\"https:\\\/\\\/transamerica93.com.br\\\/home\\\/#website\"},\"primaryImageOfPage\":{\"@id\":\"https:\\\/\\\/transamerica93.com.br\\\/home\\\/foo-fighters-demite-baterista-josh-freese-apos-dois-anos-decepcionado\\\/#primaryimage\"},\"image\":{\"@id\":\"https:\\\/\\\/transamerica93.com.br\\\/home\\\/foo-fighters-demite-baterista-josh-freese-apos-dois-anos-decepcionado\\\/#primaryimage\"},\"thumbnailUrl\":\"https:\\\/\\\/transamerica93.com.br\\\/home\\\/wp-content\\\/uploads\\\/2025\\\/05\\\/1-104.jpg\",\"datePublished\":\"2025-06-04T18:00:05+00:00\",\"breadcrumb\":{\"@id\":\"https:\\\/\\\/transamerica93.com.br\\\/home\\\/foo-fighters-demite-baterista-josh-freese-apos-dois-anos-decepcionado\\\/#breadcrumb\"},\"inLanguage\":\"pt-BR\",\"potentialAction\":[{\"@type\":\"ReadAction\",\"target\":[\"https:\\\/\\\/transamerica93.com.br\\\/home\\\/foo-fighters-demite-baterista-josh-freese-apos-dois-anos-decepcionado\\\/\"]}]},{\"@type\":\"ImageObject\",\"inLanguage\":\"pt-BR\",\"@id\":\"https:\\\/\\\/transamerica93.com.br\\\/home\\\/foo-fighters-demite-baterista-josh-freese-apos-dois-anos-decepcionado\\\/#primaryimage\",\"url\":\"https:\\\/\\\/transamerica93.com.br\\\/home\\\/wp-content\\\/uploads\\\/2025\\\/05\\\/1-104.jpg\",\"contentUrl\":\"https:\\\/\\\/transamerica93.com.br\\\/home\\\/wp-content\\\/uploads\\\/2025\\\/05\\\/1-104.jpg\",\"width\":1200,\"height\":625},{\"@type\":\"BreadcrumbList\",\"@id\":\"https:\\\/\\\/transamerica93.com.br\\\/home\\\/foo-fighters-demite-baterista-josh-freese-apos-dois-anos-decepcionado\\\/#breadcrumb\",\"itemListElement\":[{\"@type\":\"ListItem\",\"position\":1,\"name\":\"In\u00edcio\",\"item\":\"https:\\\/\\\/transamerica93.com.br\\\/home\\\/\"},{\"@type\":\"ListItem\",\"position\":2,\"name\":\"Foo Fighters demite baterista Josh Freese ap\u00f3s dois anos: &#8216;Decepcionado&#8217;\"}]},{\"@type\":\"WebSite\",\"@id\":\"https:\\\/\\\/transamerica93.com.br\\\/home\\\/#website\",\"url\":\"https:\\\/\\\/transamerica93.com.br\\\/home\\\/\",\"name\":\"Transam\u00e9rica Mococa 93,3\",\"description\":\"\",\"publisher\":{\"@id\":\"https:\\\/\\\/transamerica93.com.br\\\/home\\\/#organization\"},\"potentialAction\":[{\"@type\":\"SearchAction\",\"target\":{\"@type\":\"EntryPoint\",\"urlTemplate\":\"https:\\\/\\\/transamerica93.com.br\\\/home\\\/?s={search_term_string}\"},\"query-input\":{\"@type\":\"PropertyValueSpecification\",\"valueRequired\":true,\"valueName\":\"search_term_string\"}}],\"inLanguage\":\"pt-BR\"},{\"@type\":\"Organization\",\"@id\":\"https:\\\/\\\/transamerica93.com.br\\\/home\\\/#organization\",\"name\":\"Transam\u00e9rica Mococa 93,3\",\"url\":\"https:\\\/\\\/transamerica93.com.br\\\/home\\\/\",\"logo\":{\"@type\":\"ImageObject\",\"inLanguage\":\"pt-BR\",\"@id\":\"https:\\\/\\\/transamerica93.com.br\\\/home\\\/#\\\/schema\\\/logo\\\/image\\\/\",\"url\":\"https:\\\/\\\/transamerica93.com.br\\\/home\\\/wp-content\\\/uploads\\\/2023\\\/10\\\/logo2.png\",\"contentUrl\":\"https:\\\/\\\/transamerica93.com.br\\\/home\\\/wp-content\\\/uploads\\\/2023\\\/10\\\/logo2.png\",\"width\":800,\"height\":500,\"caption\":\"Transam\u00e9rica Mococa 93,3\"},\"image\":{\"@id\":\"https:\\\/\\\/transamerica93.com.br\\\/home\\\/#\\\/schema\\\/logo\\\/image\\\/\"},\"sameAs\":[\"https:\\\/\\\/www.facebook.com\\\/transamericamococa\",\"https:\\\/\\\/x.com\\\/transamerica933\",\"https:\\\/\\\/www.instagram.com\\\/transamericamococa\"]},{\"@type\":\"Person\",\"@id\":\"https:\\\/\\\/transamerica93.com.br\\\/home\\\/#\\\/schema\\\/person\\\/7fed7c99c0d4562efa8561bc0f543172\",\"name\":\"Reda\u00e7\u00e3o\",\"image\":{\"@type\":\"ImageObject\",\"inLanguage\":\"pt-BR\",\"@id\":\"https:\\\/\\\/secure.gravatar.com\\\/avatar\\\/1072c6b775fb02ef8506ce967551d95926669a6b7d2c2147b42eea4d7c68395e?s=96&d=mm&r=g\",\"url\":\"https:\\\/\\\/secure.gravatar.com\\\/avatar\\\/1072c6b775fb02ef8506ce967551d95926669a6b7d2c2147b42eea4d7c68395e?s=96&d=mm&r=g\",\"contentUrl\":\"https:\\\/\\\/secure.gravatar.com\\\/avatar\\\/1072c6b775fb02ef8506ce967551d95926669a6b7d2c2147b42eea4d7c68395e?s=96&d=mm&r=g\",\"caption\":\"Reda\u00e7\u00e3o\"},\"sameAs\":[\"https:\\\/\\\/transamerica93.com.br\\\/home\"],\"url\":\"https:\\\/\\\/transamerica93.com.br\\\/home\\\/author\\\/william\\\/\"}]}<\/script>\n<!-- \/ Yoast SEO plugin. -->","yoast_head_json":{"title":"Foo Fighters demite baterista Josh Freese ap\u00f3s dois anos: 'Decepcionado' - Transam\u00e9rica Mococa 93,3","robots":{"index":"index","follow":"follow","max-snippet":"max-snippet:-1","max-image-preview":"max-image-preview:large","max-video-preview":"max-video-preview:-1"},"canonical":"https:\/\/transamerica93.com.br\/home\/foo-fighters-demite-baterista-josh-freese-apos-dois-anos-decepcionado\/","og_locale":"pt_BR","og_type":"article","og_title":"Foo Fighters demite baterista Josh Freese ap\u00f3s dois anos: 'Decepcionado' - Transam\u00e9rica Mococa 93,3","og_description":"Por Reda\u00e7\u00e3o C2 Os f\u00e3s do Foo Fighters foram surpreendidos na tarde desta sexta-feira, 16, com o an\u00fancio da demiss\u00e3o do baterista Josh Freese, ap\u00f3s dois anos na banda. O m\u00fasico foi quem comunicou a decis\u00e3o do grupo em um breve comunicado, no qual afirma que est\u00e1 &#8220;decepcionado&#8221; e que nunca havia sido demitido em &hellip;","og_url":"https:\/\/transamerica93.com.br\/home\/foo-fighters-demite-baterista-josh-freese-apos-dois-anos-decepcionado\/","og_site_name":"Transam\u00e9rica Mococa 93,3","article_publisher":"https:\/\/www.facebook.com\/transamericamococa","article_published_time":"2025-06-04T18:00:05+00:00","og_image":[{"width":1200,"height":625,"url":"https:\/\/transamerica93.com.br\/home\/wp-content\/uploads\/2025\/05\/1-104.jpg","type":"image\/jpeg"}],"author":"Reda\u00e7\u00e3o","twitter_card":"summary_large_image","twitter_creator":"@transamerica933","twitter_site":"@transamerica933","twitter_misc":{"Escrito por":"Reda\u00e7\u00e3o","Est. tempo de leitura":"2 minutos"},"schema":{"@context":"https:\/\/schema.org","@graph":[{"@type":"Article","@id":"https:\/\/transamerica93.com.br\/home\/foo-fighters-demite-baterista-josh-freese-apos-dois-anos-decepcionado\/#article","isPartOf":{"@id":"https:\/\/transamerica93.com.br\/home\/foo-fighters-demite-baterista-josh-freese-apos-dois-anos-decepcionado\/"},"author":{"name":"Reda\u00e7\u00e3o","@id":"https:\/\/transamerica93.com.br\/home\/#\/schema\/person\/7fed7c99c0d4562efa8561bc0f543172"},"headline":"Foo Fighters demite baterista Josh Freese ap\u00f3s dois anos: &#8216;Decepcionado&#8217;","datePublished":"2025-06-04T18:00:05+00:00","mainEntityOfPage":{"@id":"https:\/\/transamerica93.com.br\/home\/foo-fighters-demite-baterista-josh-freese-apos-dois-anos-decepcionado\/"},"wordCount":343,"publisher":{"@id":"https:\/\/transamerica93.com.br\/home\/#organization"},"image":{"@id":"https:\/\/transamerica93.com.br\/home\/foo-fighters-demite-baterista-josh-freese-apos-dois-anos-decepcionado\/#primaryimage"},"thumbnailUrl":"https:\/\/transamerica93.com.br\/home\/wp-content\/uploads\/2025\/05\/1-104.jpg","articleSection":["M\u00fasica"],"inLanguage":"pt-BR"},{"@type":"WebPage","@id":"https:\/\/transamerica93.com.br\/home\/foo-fighters-demite-baterista-josh-freese-apos-dois-anos-decepcionado\/","url":"https:\/\/transamerica93.com.br\/home\/foo-fighters-demite-baterista-josh-freese-apos-dois-anos-decepcionado\/","name":"Foo Fighters demite baterista Josh Freese ap\u00f3s dois anos: 'Decepcionado' - Transam\u00e9rica Mococa 93,3","isPartOf":{"@id":"https:\/\/transamerica93.com.br\/home\/#website"},"primaryImageOfPage":{"@id":"https:\/\/transamerica93.com.br\/home\/foo-fighters-demite-baterista-josh-freese-apos-dois-anos-decepcionado\/#primaryimage"},"image":{"@id":"https:\/\/transamerica93.com.br\/home\/foo-fighters-demite-baterista-josh-freese-apos-dois-anos-decepcionado\/#primaryimage"},"thumbnailUrl":"https:\/\/transamerica93.com.br\/home\/wp-content\/uploads\/2025\/05\/1-104.jpg","datePublished":"2025-06-04T18:00:05+00:00","breadcrumb":{"@id":"https:\/\/transamerica93.com.br\/home\/foo-fighters-demite-baterista-josh-freese-apos-dois-anos-decepcionado\/#breadcrumb"},"inLanguage":"pt-BR","potentialAction":[{"@type":"ReadAction","target":["https:\/\/transamerica93.com.br\/home\/foo-fighters-demite-baterista-josh-freese-apos-dois-anos-decepcionado\/"]}]},{"@type":"ImageObject","inLanguage":"pt-BR","@id":"https:\/\/transamerica93.com.br\/home\/foo-fighters-demite-baterista-josh-freese-apos-dois-anos-decepcionado\/#primaryimage","url":"https:\/\/transamerica93.com.br\/home\/wp-content\/uploads\/2025\/05\/1-104.jpg","contentUrl":"https:\/\/transamerica93.com.br\/home\/wp-content\/uploads\/2025\/05\/1-104.jpg","width":1200,"height":625},{"@type":"BreadcrumbList","@id":"https:\/\/transamerica93.com.br\/home\/foo-fighters-demite-baterista-josh-freese-apos-dois-anos-decepcionado\/#breadcrumb","itemListElement":[{"@type":"ListItem","position":1,"name":"In\u00edcio","item":"https:\/\/transamerica93.com.br\/home\/"},{"@type":"ListItem","position":2,"name":"Foo Fighters demite baterista Josh Freese ap\u00f3s dois anos: &#8216;Decepcionado&#8217;"}]},{"@type":"WebSite","@id":"https:\/\/transamerica93.com.br\/home\/#website","url":"https:\/\/transamerica93.com.br\/home\/","name":"Transam\u00e9rica Mococa 93,3","description":"","publisher":{"@id":"https:\/\/transamerica93.com.br\/home\/#organization"},"potentialAction":[{"@type":"SearchAction","target":{"@type":"EntryPoint","urlTemplate":"https:\/\/transamerica93.com.br\/home\/?s={search_term_string}"},"query-input":{"@type":"PropertyValueSpecification","valueRequired":true,"valueName":"search_term_string"}}],"inLanguage":"pt-BR"},{"@type":"Organization","@id":"https:\/\/transamerica93.com.br\/home\/#organization","name":"Transam\u00e9rica Mococa 93,3","url":"https:\/\/transamerica93.com.br\/home\/","logo":{"@type":"ImageObject","inLanguage":"pt-BR","@id":"https:\/\/transamerica93.com.br\/home\/#\/schema\/logo\/image\/","url":"https:\/\/transamerica93.com.br\/home\/wp-content\/uploads\/2023\/10\/logo2.png","contentUrl":"https:\/\/transamerica93.com.br\/home\/wp-content\/uploads\/2023\/10\/logo2.png","width":800,"height":500,"caption":"Transam\u00e9rica Mococa 93,3"},"image":{"@id":"https:\/\/transamerica93.com.br\/home\/#\/schema\/logo\/image\/"},"sameAs":["https:\/\/www.facebook.com\/transamericamococa","https:\/\/x.com\/transamerica933","https:\/\/www.instagram.com\/transamericamococa"]},{"@type":"Person","@id":"https:\/\/transamerica93.com.br\/home\/#\/schema\/person\/7fed7c99c0d4562efa8561bc0f543172","name":"Reda\u00e7\u00e3o","image":{"@type":"ImageObject","inLanguage":"pt-BR","@id":"https:\/\/secure.gravatar.com\/avatar\/1072c6b775fb02ef8506ce967551d95926669a6b7d2c2147b42eea4d7c68395e?s=96&d=mm&r=g","url":"https:\/\/secure.gravatar.com\/avatar\/1072c6b775fb02ef8506ce967551d95926669a6b7d2c2147b42eea4d7c68395e?s=96&d=mm&r=g","contentUrl":"https:\/\/secure.gravatar.com\/avatar\/1072c6b775fb02ef8506ce967551d95926669a6b7d2c2147b42eea4d7c68395e?s=96&d=mm&r=g","caption":"Reda\u00e7\u00e3o"},"sameAs":["https:\/\/transamerica93.com.br\/home"],"url":"https:\/\/transamerica93.com.br\/home\/author\/william\/"}]}},"_links":{"self":[{"href":"https:\/\/transamerica93.com.br\/home\/wp-json\/wp\/v2\/posts\/5586","targetHints":{"allow":["GET"]}}],"collection":[{"href":"https:\/\/transamerica93.com.br\/home\/wp-json\/wp\/v2\/posts"}],"about":[{"href":"https:\/\/transamerica93.com.br\/home\/wp-json\/wp\/v2\/types\/post"}],"author":[{"embeddable":true,"href":"https:\/\/transamerica93.com.br\/home\/wp-json\/wp\/v2\/users\/1"}],"replies":[{"embeddable":true,"href":"https:\/\/transamerica93.com.br\/home\/wp-json\/wp\/v2\/comments?post=5586"}],"version-history":[{"count":1,"href":"https:\/\/transamerica93.com.br\/home\/wp-json\/wp\/v2\/posts\/5586\/revisions"}],"predecessor-version":[{"id":5588,"href":"https:\/\/transamerica93.com.br\/home\/wp-json\/wp\/v2\/posts\/5586\/revisions\/5588"}],"wp:featuredmedia":[{"embeddable":true,"href":"https:\/\/transamerica93.com.br\/home\/wp-json\/wp\/v2\/media\/5587"}],"wp:attachment":[{"href":"https:\/\/transamerica93.com.br\/home\/wp-json\/wp\/v2\/media?parent=5586"}],"wp:term":[{"taxonomy":"category","embeddable":true,"href":"https:\/\/transamerica93.com.br\/home\/wp-json\/wp\/v2\/categories?post=5586"},{"taxonomy":"post_tag","embeddable":true,"href":"https:\/\/transamerica93.com.br\/home\/wp-json\/wp\/v2\/tags?post=5586"}],"curies":[{"name":"wp","href":"https:\/\/api.w.org\/{rel}","templated":true}]}}