{"id":5598,"date":"2025-05-28T18:00:20","date_gmt":"2025-05-28T21:00:20","guid":{"rendered":"https:\/\/transamerica93.com.br\/home\/?p=5598"},"modified":"2025-05-19T08:32:32","modified_gmt":"2025-05-19T11:32:32","slug":"protagonista-de-malhacao-daniela-carvalho-viveu-como-faxineira-na-europa-nao-e-demerito","status":"publish","type":"post","link":"https:\/\/transamerica93.com.br\/home\/protagonista-de-malhacao-daniela-carvalho-viveu-como-faxineira-na-europa-nao-e-demerito\/","title":{"rendered":"Protagonista de &#8216;Malha\u00e7\u00e3o&#8217;, Daniela Carvalho viveu como faxineira na Europa: &#8216;N\u00e3o \u00e9 dem\u00e9rito&#8217;"},"content":{"rendered":"<div id=\"Corpo\">Por Ingrid Rodrigues<\/p>\n<p>Em 2010, Daniela Carvalho conquistou o p\u00fablico adolescente como Catarina, protagonista da 18\u00aa temporada de\u00a0<i>Malha\u00e7\u00e3o<\/i>, na Rede Globo. Na trama, ela fazia par rom\u00e2ntico com Bruno Gissoni. Atualmente, com 38 anos, a atriz leva uma vida bem diferente no Canad\u00e1, ao lado do marido, o colombiano Juan Diaz, e dos dois filhos do casal.<\/p>\n<p>Desde sua \u00faltima apari\u00e7\u00e3o na televis\u00e3o, em\u00a0<i>Orgulho e Paix\u00e3o<\/i>\u00a0(2018), Daniela se afastou das novelas para viver uma s\u00e9rie de experi\u00eancias fora do Brasil. Em 2019, embarcou para a Irlanda, onde estudou ingl\u00eas e trabalhou como faxineira durante um interc\u00e2mbio. A decis\u00e3o foi estrat\u00e9gica: o pa\u00eds europeu permite conciliar trabalho e estudo, e a atriz queria investir em sua forma\u00e7\u00e3o art\u00edstica.<\/p>\n<p>Em seu canal no YouTube, ela compartilhou v\u00eddeos do dia a dia com a limpeza de resid\u00eancias e restaurantes, o que gerou rea\u00e7\u00f5es diversas nas redes sociais. &#8220;Muita gente tem preconceito. Mas \u00e9 um trabalho honrado e dif\u00edcil. A gente tem que valorizar. N\u00e3o \u00e9 dem\u00e9rito&#8221;, disse em entrevista ao\u00a0<i>O Globo<\/i>, em 2020. Segundo ela, muitos se espantaram com a nova realidade: &#8220;\u2018Meu Deus, ela est\u00e1 fazendo faxina\u2019, diziam. E eu tentava acalmar as pessoas&#8221;.<\/p>\n<p>Depois da Irlanda, a atriz passou pela Col\u00f4mbia e pelos Estados Unidos. L\u00e1, chegou a trabalhar como bartender e descobriu, no meio da rotina intensa, que estava gr\u00e1vida de sua primeira filha &#8220;Achei que era cansa\u00e7o, mas depois percebi o atraso na menstrua\u00e7\u00e3o. Foi um susto, mas filho \u00e9 uma b\u00ean\u00e7\u00e3o&#8221;, contou.<\/p>\n<p>A gravidez a motivou voltar ao Brasil, no in\u00edcio da pandemia, para ficar perto da m\u00e3e e buscar seus c\u00e3es. Ela viveu um per\u00edodo no interior de S\u00e3o Paulo antes de seguir rumo ao Canad\u00e1.<\/p>\n<p>Hoje, Daniela mora em Vancouver, onde encontrou estabilidade e segue conectada \u00e0 arte, ainda que longe dos est\u00fadios de grava\u00e7\u00e3o Nas redes sociais, onde tem mais de 120 mil seguidores, ela compartilha momentos em fam\u00edlia e reflex\u00f5es sobre sua trajet\u00f3ria &#8220;Nunca abandonei a arte, s\u00f3 a vivi de formas diferentes&#8221;, resumiu.<\/p><\/div>\n","protected":false},"excerpt":{"rendered":"<p>Por Ingrid Rodrigues Em 2010, Daniela Carvalho conquistou o p\u00fablico adolescente como Catarina, protagonista da 18\u00aa temporada de\u00a0Malha\u00e7\u00e3o, na Rede Globo. Na trama, ela fazia par rom\u00e2ntico com Bruno Gissoni. Atualmente, com 38 anos, a atriz leva uma vida bem diferente no Canad\u00e1, ao lado do marido, o colombiano Juan Diaz, e dos dois filhos &hellip;<\/p>\n","protected":false},"author":1,"featured_media":5599,"comment_status":"closed","ping_status":"closed","sticky":false,"template":"","format":"standard","meta":{"footnotes":""},"categories":[24],"tags":[],"class_list":["post-5598","post","type-post","status-publish","format-standard","has-post-thumbnail","hentry","category-entretenimento"],"yoast_head":"<!-- This site is optimized with the Yoast SEO plugin v27.4 - https:\/\/yoast.com\/product\/yoast-seo-wordpress\/ -->\n<title>Protagonista de &#039;Malha\u00e7\u00e3o&#039;, Daniela Carvalho viveu como faxineira na Europa: &#039;N\u00e3o \u00e9 dem\u00e9rito&#039; - Transam\u00e9rica Mococa 93,3<\/title>\n<meta name=\"robots\" content=\"index, follow, max-snippet:-1, max-image-preview:large, max-video-preview:-1\" \/>\n<link rel=\"canonical\" href=\"https:\/\/transamerica93.com.br\/home\/protagonista-de-malhacao-daniela-carvalho-viveu-como-faxineira-na-europa-nao-e-demerito\/\" \/>\n<meta property=\"og:locale\" content=\"pt_BR\" \/>\n<meta property=\"og:type\" content=\"article\" \/>\n<meta property=\"og:title\" content=\"Protagonista de &#039;Malha\u00e7\u00e3o&#039;, Daniela Carvalho viveu como faxineira na Europa: &#039;N\u00e3o \u00e9 dem\u00e9rito&#039; - Transam\u00e9rica Mococa 93,3\" \/>\n<meta property=\"og:description\" content=\"Por Ingrid Rodrigues Em 2010, Daniela Carvalho conquistou o p\u00fablico adolescente como Catarina, protagonista da 18\u00aa temporada de\u00a0Malha\u00e7\u00e3o, na Rede Globo. Na trama, ela fazia par rom\u00e2ntico com Bruno Gissoni. Atualmente, com 38 anos, a atriz leva uma vida bem diferente no Canad\u00e1, ao lado do marido, o colombiano Juan Diaz, e dos dois filhos &hellip;\" \/>\n<meta property=\"og:url\" content=\"https:\/\/transamerica93.com.br\/home\/protagonista-de-malhacao-daniela-carvalho-viveu-como-faxineira-na-europa-nao-e-demerito\/\" \/>\n<meta property=\"og:site_name\" content=\"Transam\u00e9rica Mococa 93,3\" \/>\n<meta property=\"article:publisher\" content=\"https:\/\/www.facebook.com\/transamericamococa\" \/>\n<meta property=\"article:published_time\" content=\"2025-05-28T21:00:20+00:00\" \/>\n<meta property=\"og:image\" content=\"https:\/\/transamerica93.com.br\/home\/wp-content\/uploads\/2025\/05\/1-108.jpg\" \/>\n\t<meta property=\"og:image:width\" content=\"970\" \/>\n\t<meta property=\"og:image:height\" content=\"600\" \/>\n\t<meta property=\"og:image:type\" content=\"image\/jpeg\" \/>\n<meta name=\"author\" content=\"Reda\u00e7\u00e3o\" \/>\n<meta name=\"twitter:card\" content=\"summary_large_image\" \/>\n<meta name=\"twitter:creator\" content=\"@transamerica933\" \/>\n<meta name=\"twitter:site\" content=\"@transamerica933\" \/>\n<meta name=\"twitter:label1\" content=\"Escrito por\" \/>\n\t<meta name=\"twitter:data1\" content=\"Reda\u00e7\u00e3o\" \/>\n\t<meta name=\"twitter:label2\" content=\"Est. tempo de leitura\" \/>\n\t<meta name=\"twitter:data2\" content=\"2 minutos\" \/>\n<script type=\"application\/ld+json\" class=\"yoast-schema-graph\">{\"@context\":\"https:\\\/\\\/schema.org\",\"@graph\":[{\"@type\":\"Article\",\"@id\":\"https:\\\/\\\/transamerica93.com.br\\\/home\\\/protagonista-de-malhacao-daniela-carvalho-viveu-como-faxineira-na-europa-nao-e-demerito\\\/#article\",\"isPartOf\":{\"@id\":\"https:\\\/\\\/transamerica93.com.br\\\/home\\\/protagonista-de-malhacao-daniela-carvalho-viveu-como-faxineira-na-europa-nao-e-demerito\\\/\"},\"author\":{\"name\":\"Reda\u00e7\u00e3o\",\"@id\":\"https:\\\/\\\/transamerica93.com.br\\\/home\\\/#\\\/schema\\\/person\\\/7fed7c99c0d4562efa8561bc0f543172\"},\"headline\":\"Protagonista de &#8216;Malha\u00e7\u00e3o&#8217;, Daniela Carvalho viveu como faxineira na Europa: &#8216;N\u00e3o \u00e9 dem\u00e9rito&#8217;\",\"datePublished\":\"2025-05-28T21:00:20+00:00\",\"mainEntityOfPage\":{\"@id\":\"https:\\\/\\\/transamerica93.com.br\\\/home\\\/protagonista-de-malhacao-daniela-carvalho-viveu-como-faxineira-na-europa-nao-e-demerito\\\/\"},\"wordCount\":375,\"publisher\":{\"@id\":\"https:\\\/\\\/transamerica93.com.br\\\/home\\\/#organization\"},\"image\":{\"@id\":\"https:\\\/\\\/transamerica93.com.br\\\/home\\\/protagonista-de-malhacao-daniela-carvalho-viveu-como-faxineira-na-europa-nao-e-demerito\\\/#primaryimage\"},\"thumbnailUrl\":\"https:\\\/\\\/transamerica93.com.br\\\/home\\\/wp-content\\\/uploads\\\/2025\\\/05\\\/1-108.jpg\",\"articleSection\":[\"Entretenimento\"],\"inLanguage\":\"pt-BR\"},{\"@type\":\"WebPage\",\"@id\":\"https:\\\/\\\/transamerica93.com.br\\\/home\\\/protagonista-de-malhacao-daniela-carvalho-viveu-como-faxineira-na-europa-nao-e-demerito\\\/\",\"url\":\"https:\\\/\\\/transamerica93.com.br\\\/home\\\/protagonista-de-malhacao-daniela-carvalho-viveu-como-faxineira-na-europa-nao-e-demerito\\\/\",\"name\":\"Protagonista de 'Malha\u00e7\u00e3o', Daniela Carvalho viveu como faxineira na Europa: 'N\u00e3o \u00e9 dem\u00e9rito' - Transam\u00e9rica Mococa 93,3\",\"isPartOf\":{\"@id\":\"https:\\\/\\\/transamerica93.com.br\\\/home\\\/#website\"},\"primaryImageOfPage\":{\"@id\":\"https:\\\/\\\/transamerica93.com.br\\\/home\\\/protagonista-de-malhacao-daniela-carvalho-viveu-como-faxineira-na-europa-nao-e-demerito\\\/#primaryimage\"},\"image\":{\"@id\":\"https:\\\/\\\/transamerica93.com.br\\\/home\\\/protagonista-de-malhacao-daniela-carvalho-viveu-como-faxineira-na-europa-nao-e-demerito\\\/#primaryimage\"},\"thumbnailUrl\":\"https:\\\/\\\/transamerica93.com.br\\\/home\\\/wp-content\\\/uploads\\\/2025\\\/05\\\/1-108.jpg\",\"datePublished\":\"2025-05-28T21:00:20+00:00\",\"breadcrumb\":{\"@id\":\"https:\\\/\\\/transamerica93.com.br\\\/home\\\/protagonista-de-malhacao-daniela-carvalho-viveu-como-faxineira-na-europa-nao-e-demerito\\\/#breadcrumb\"},\"inLanguage\":\"pt-BR\",\"potentialAction\":[{\"@type\":\"ReadAction\",\"target\":[\"https:\\\/\\\/transamerica93.com.br\\\/home\\\/protagonista-de-malhacao-daniela-carvalho-viveu-como-faxineira-na-europa-nao-e-demerito\\\/\"]}]},{\"@type\":\"ImageObject\",\"inLanguage\":\"pt-BR\",\"@id\":\"https:\\\/\\\/transamerica93.com.br\\\/home\\\/protagonista-de-malhacao-daniela-carvalho-viveu-como-faxineira-na-europa-nao-e-demerito\\\/#primaryimage\",\"url\":\"https:\\\/\\\/transamerica93.com.br\\\/home\\\/wp-content\\\/uploads\\\/2025\\\/05\\\/1-108.jpg\",\"contentUrl\":\"https:\\\/\\\/transamerica93.com.br\\\/home\\\/wp-content\\\/uploads\\\/2025\\\/05\\\/1-108.jpg\",\"width\":970,\"height\":600},{\"@type\":\"BreadcrumbList\",\"@id\":\"https:\\\/\\\/transamerica93.com.br\\\/home\\\/protagonista-de-malhacao-daniela-carvalho-viveu-como-faxineira-na-europa-nao-e-demerito\\\/#breadcrumb\",\"itemListElement\":[{\"@type\":\"ListItem\",\"position\":1,\"name\":\"In\u00edcio\",\"item\":\"https:\\\/\\\/transamerica93.com.br\\\/home\\\/\"},{\"@type\":\"ListItem\",\"position\":2,\"name\":\"Protagonista de &#8216;Malha\u00e7\u00e3o&#8217;, Daniela Carvalho viveu como faxineira na Europa: &#8216;N\u00e3o \u00e9 dem\u00e9rito&#8217;\"}]},{\"@type\":\"WebSite\",\"@id\":\"https:\\\/\\\/transamerica93.com.br\\\/home\\\/#website\",\"url\":\"https:\\\/\\\/transamerica93.com.br\\\/home\\\/\",\"name\":\"Transam\u00e9rica Mococa 93,3\",\"description\":\"\",\"publisher\":{\"@id\":\"https:\\\/\\\/transamerica93.com.br\\\/home\\\/#organization\"},\"potentialAction\":[{\"@type\":\"SearchAction\",\"target\":{\"@type\":\"EntryPoint\",\"urlTemplate\":\"https:\\\/\\\/transamerica93.com.br\\\/home\\\/?s={search_term_string}\"},\"query-input\":{\"@type\":\"PropertyValueSpecification\",\"valueRequired\":true,\"valueName\":\"search_term_string\"}}],\"inLanguage\":\"pt-BR\"},{\"@type\":\"Organization\",\"@id\":\"https:\\\/\\\/transamerica93.com.br\\\/home\\\/#organization\",\"name\":\"Transam\u00e9rica Mococa 93,3\",\"url\":\"https:\\\/\\\/transamerica93.com.br\\\/home\\\/\",\"logo\":{\"@type\":\"ImageObject\",\"inLanguage\":\"pt-BR\",\"@id\":\"https:\\\/\\\/transamerica93.com.br\\\/home\\\/#\\\/schema\\\/logo\\\/image\\\/\",\"url\":\"https:\\\/\\\/transamerica93.com.br\\\/home\\\/wp-content\\\/uploads\\\/2023\\\/10\\\/logo2.png\",\"contentUrl\":\"https:\\\/\\\/transamerica93.com.br\\\/home\\\/wp-content\\\/uploads\\\/2023\\\/10\\\/logo2.png\",\"width\":800,\"height\":500,\"caption\":\"Transam\u00e9rica Mococa 93,3\"},\"image\":{\"@id\":\"https:\\\/\\\/transamerica93.com.br\\\/home\\\/#\\\/schema\\\/logo\\\/image\\\/\"},\"sameAs\":[\"https:\\\/\\\/www.facebook.com\\\/transamericamococa\",\"https:\\\/\\\/x.com\\\/transamerica933\",\"https:\\\/\\\/www.instagram.com\\\/transamericamococa\"]},{\"@type\":\"Person\",\"@id\":\"https:\\\/\\\/transamerica93.com.br\\\/home\\\/#\\\/schema\\\/person\\\/7fed7c99c0d4562efa8561bc0f543172\",\"name\":\"Reda\u00e7\u00e3o\",\"image\":{\"@type\":\"ImageObject\",\"inLanguage\":\"pt-BR\",\"@id\":\"https:\\\/\\\/secure.gravatar.com\\\/avatar\\\/1072c6b775fb02ef8506ce967551d95926669a6b7d2c2147b42eea4d7c68395e?s=96&d=mm&r=g\",\"url\":\"https:\\\/\\\/secure.gravatar.com\\\/avatar\\\/1072c6b775fb02ef8506ce967551d95926669a6b7d2c2147b42eea4d7c68395e?s=96&d=mm&r=g\",\"contentUrl\":\"https:\\\/\\\/secure.gravatar.com\\\/avatar\\\/1072c6b775fb02ef8506ce967551d95926669a6b7d2c2147b42eea4d7c68395e?s=96&d=mm&r=g\",\"caption\":\"Reda\u00e7\u00e3o\"},\"sameAs\":[\"https:\\\/\\\/transamerica93.com.br\\\/home\"],\"url\":\"https:\\\/\\\/transamerica93.com.br\\\/home\\\/author\\\/william\\\/\"}]}<\/script>\n<!-- \/ Yoast SEO plugin. -->","yoast_head_json":{"title":"Protagonista de 'Malha\u00e7\u00e3o', Daniela Carvalho viveu como faxineira na Europa: 'N\u00e3o \u00e9 dem\u00e9rito' - Transam\u00e9rica Mococa 93,3","robots":{"index":"index","follow":"follow","max-snippet":"max-snippet:-1","max-image-preview":"max-image-preview:large","max-video-preview":"max-video-preview:-1"},"canonical":"https:\/\/transamerica93.com.br\/home\/protagonista-de-malhacao-daniela-carvalho-viveu-como-faxineira-na-europa-nao-e-demerito\/","og_locale":"pt_BR","og_type":"article","og_title":"Protagonista de 'Malha\u00e7\u00e3o', Daniela Carvalho viveu como faxineira na Europa: 'N\u00e3o \u00e9 dem\u00e9rito' - Transam\u00e9rica Mococa 93,3","og_description":"Por Ingrid Rodrigues Em 2010, Daniela Carvalho conquistou o p\u00fablico adolescente como Catarina, protagonista da 18\u00aa temporada de\u00a0Malha\u00e7\u00e3o, na Rede Globo. Na trama, ela fazia par rom\u00e2ntico com Bruno Gissoni. Atualmente, com 38 anos, a atriz leva uma vida bem diferente no Canad\u00e1, ao lado do marido, o colombiano Juan Diaz, e dos dois filhos &hellip;","og_url":"https:\/\/transamerica93.com.br\/home\/protagonista-de-malhacao-daniela-carvalho-viveu-como-faxineira-na-europa-nao-e-demerito\/","og_site_name":"Transam\u00e9rica Mococa 93,3","article_publisher":"https:\/\/www.facebook.com\/transamericamococa","article_published_time":"2025-05-28T21:00:20+00:00","og_image":[{"width":970,"height":600,"url":"https:\/\/transamerica93.com.br\/home\/wp-content\/uploads\/2025\/05\/1-108.jpg","type":"image\/jpeg"}],"author":"Reda\u00e7\u00e3o","twitter_card":"summary_large_image","twitter_creator":"@transamerica933","twitter_site":"@transamerica933","twitter_misc":{"Escrito por":"Reda\u00e7\u00e3o","Est. tempo de leitura":"2 minutos"},"schema":{"@context":"https:\/\/schema.org","@graph":[{"@type":"Article","@id":"https:\/\/transamerica93.com.br\/home\/protagonista-de-malhacao-daniela-carvalho-viveu-como-faxineira-na-europa-nao-e-demerito\/#article","isPartOf":{"@id":"https:\/\/transamerica93.com.br\/home\/protagonista-de-malhacao-daniela-carvalho-viveu-como-faxineira-na-europa-nao-e-demerito\/"},"author":{"name":"Reda\u00e7\u00e3o","@id":"https:\/\/transamerica93.com.br\/home\/#\/schema\/person\/7fed7c99c0d4562efa8561bc0f543172"},"headline":"Protagonista de &#8216;Malha\u00e7\u00e3o&#8217;, Daniela Carvalho viveu como faxineira na Europa: &#8216;N\u00e3o \u00e9 dem\u00e9rito&#8217;","datePublished":"2025-05-28T21:00:20+00:00","mainEntityOfPage":{"@id":"https:\/\/transamerica93.com.br\/home\/protagonista-de-malhacao-daniela-carvalho-viveu-como-faxineira-na-europa-nao-e-demerito\/"},"wordCount":375,"publisher":{"@id":"https:\/\/transamerica93.com.br\/home\/#organization"},"image":{"@id":"https:\/\/transamerica93.com.br\/home\/protagonista-de-malhacao-daniela-carvalho-viveu-como-faxineira-na-europa-nao-e-demerito\/#primaryimage"},"thumbnailUrl":"https:\/\/transamerica93.com.br\/home\/wp-content\/uploads\/2025\/05\/1-108.jpg","articleSection":["Entretenimento"],"inLanguage":"pt-BR"},{"@type":"WebPage","@id":"https:\/\/transamerica93.com.br\/home\/protagonista-de-malhacao-daniela-carvalho-viveu-como-faxineira-na-europa-nao-e-demerito\/","url":"https:\/\/transamerica93.com.br\/home\/protagonista-de-malhacao-daniela-carvalho-viveu-como-faxineira-na-europa-nao-e-demerito\/","name":"Protagonista de 'Malha\u00e7\u00e3o', Daniela Carvalho viveu como faxineira na Europa: 'N\u00e3o \u00e9 dem\u00e9rito' - Transam\u00e9rica Mococa 93,3","isPartOf":{"@id":"https:\/\/transamerica93.com.br\/home\/#website"},"primaryImageOfPage":{"@id":"https:\/\/transamerica93.com.br\/home\/protagonista-de-malhacao-daniela-carvalho-viveu-como-faxineira-na-europa-nao-e-demerito\/#primaryimage"},"image":{"@id":"https:\/\/transamerica93.com.br\/home\/protagonista-de-malhacao-daniela-carvalho-viveu-como-faxineira-na-europa-nao-e-demerito\/#primaryimage"},"thumbnailUrl":"https:\/\/transamerica93.com.br\/home\/wp-content\/uploads\/2025\/05\/1-108.jpg","datePublished":"2025-05-28T21:00:20+00:00","breadcrumb":{"@id":"https:\/\/transamerica93.com.br\/home\/protagonista-de-malhacao-daniela-carvalho-viveu-como-faxineira-na-europa-nao-e-demerito\/#breadcrumb"},"inLanguage":"pt-BR","potentialAction":[{"@type":"ReadAction","target":["https:\/\/transamerica93.com.br\/home\/protagonista-de-malhacao-daniela-carvalho-viveu-como-faxineira-na-europa-nao-e-demerito\/"]}]},{"@type":"ImageObject","inLanguage":"pt-BR","@id":"https:\/\/transamerica93.com.br\/home\/protagonista-de-malhacao-daniela-carvalho-viveu-como-faxineira-na-europa-nao-e-demerito\/#primaryimage","url":"https:\/\/transamerica93.com.br\/home\/wp-content\/uploads\/2025\/05\/1-108.jpg","contentUrl":"https:\/\/transamerica93.com.br\/home\/wp-content\/uploads\/2025\/05\/1-108.jpg","width":970,"height":600},{"@type":"BreadcrumbList","@id":"https:\/\/transamerica93.com.br\/home\/protagonista-de-malhacao-daniela-carvalho-viveu-como-faxineira-na-europa-nao-e-demerito\/#breadcrumb","itemListElement":[{"@type":"ListItem","position":1,"name":"In\u00edcio","item":"https:\/\/transamerica93.com.br\/home\/"},{"@type":"ListItem","position":2,"name":"Protagonista de &#8216;Malha\u00e7\u00e3o&#8217;, Daniela Carvalho viveu como faxineira na Europa: &#8216;N\u00e3o \u00e9 dem\u00e9rito&#8217;"}]},{"@type":"WebSite","@id":"https:\/\/transamerica93.com.br\/home\/#website","url":"https:\/\/transamerica93.com.br\/home\/","name":"Transam\u00e9rica Mococa 93,3","description":"","publisher":{"@id":"https:\/\/transamerica93.com.br\/home\/#organization"},"potentialAction":[{"@type":"SearchAction","target":{"@type":"EntryPoint","urlTemplate":"https:\/\/transamerica93.com.br\/home\/?s={search_term_string}"},"query-input":{"@type":"PropertyValueSpecification","valueRequired":true,"valueName":"search_term_string"}}],"inLanguage":"pt-BR"},{"@type":"Organization","@id":"https:\/\/transamerica93.com.br\/home\/#organization","name":"Transam\u00e9rica Mococa 93,3","url":"https:\/\/transamerica93.com.br\/home\/","logo":{"@type":"ImageObject","inLanguage":"pt-BR","@id":"https:\/\/transamerica93.com.br\/home\/#\/schema\/logo\/image\/","url":"https:\/\/transamerica93.com.br\/home\/wp-content\/uploads\/2023\/10\/logo2.png","contentUrl":"https:\/\/transamerica93.com.br\/home\/wp-content\/uploads\/2023\/10\/logo2.png","width":800,"height":500,"caption":"Transam\u00e9rica Mococa 93,3"},"image":{"@id":"https:\/\/transamerica93.com.br\/home\/#\/schema\/logo\/image\/"},"sameAs":["https:\/\/www.facebook.com\/transamericamococa","https:\/\/x.com\/transamerica933","https:\/\/www.instagram.com\/transamericamococa"]},{"@type":"Person","@id":"https:\/\/transamerica93.com.br\/home\/#\/schema\/person\/7fed7c99c0d4562efa8561bc0f543172","name":"Reda\u00e7\u00e3o","image":{"@type":"ImageObject","inLanguage":"pt-BR","@id":"https:\/\/secure.gravatar.com\/avatar\/1072c6b775fb02ef8506ce967551d95926669a6b7d2c2147b42eea4d7c68395e?s=96&d=mm&r=g","url":"https:\/\/secure.gravatar.com\/avatar\/1072c6b775fb02ef8506ce967551d95926669a6b7d2c2147b42eea4d7c68395e?s=96&d=mm&r=g","contentUrl":"https:\/\/secure.gravatar.com\/avatar\/1072c6b775fb02ef8506ce967551d95926669a6b7d2c2147b42eea4d7c68395e?s=96&d=mm&r=g","caption":"Reda\u00e7\u00e3o"},"sameAs":["https:\/\/transamerica93.com.br\/home"],"url":"https:\/\/transamerica93.com.br\/home\/author\/william\/"}]}},"_links":{"self":[{"href":"https:\/\/transamerica93.com.br\/home\/wp-json\/wp\/v2\/posts\/5598","targetHints":{"allow":["GET"]}}],"collection":[{"href":"https:\/\/transamerica93.com.br\/home\/wp-json\/wp\/v2\/posts"}],"about":[{"href":"https:\/\/transamerica93.com.br\/home\/wp-json\/wp\/v2\/types\/post"}],"author":[{"embeddable":true,"href":"https:\/\/transamerica93.com.br\/home\/wp-json\/wp\/v2\/users\/1"}],"replies":[{"embeddable":true,"href":"https:\/\/transamerica93.com.br\/home\/wp-json\/wp\/v2\/comments?post=5598"}],"version-history":[{"count":1,"href":"https:\/\/transamerica93.com.br\/home\/wp-json\/wp\/v2\/posts\/5598\/revisions"}],"predecessor-version":[{"id":5600,"href":"https:\/\/transamerica93.com.br\/home\/wp-json\/wp\/v2\/posts\/5598\/revisions\/5600"}],"wp:featuredmedia":[{"embeddable":true,"href":"https:\/\/transamerica93.com.br\/home\/wp-json\/wp\/v2\/media\/5599"}],"wp:attachment":[{"href":"https:\/\/transamerica93.com.br\/home\/wp-json\/wp\/v2\/media?parent=5598"}],"wp:term":[{"taxonomy":"category","embeddable":true,"href":"https:\/\/transamerica93.com.br\/home\/wp-json\/wp\/v2\/categories?post=5598"},{"taxonomy":"post_tag","embeddable":true,"href":"https:\/\/transamerica93.com.br\/home\/wp-json\/wp\/v2\/tags?post=5598"}],"curies":[{"name":"wp","href":"https:\/\/api.w.org\/{rel}","templated":true}]}}