{"id":5601,"date":"2025-05-29T18:00:00","date_gmt":"2025-05-29T21:00:00","guid":{"rendered":"https:\/\/transamerica93.com.br\/home\/?p=5601"},"modified":"2025-05-19T08:34:23","modified_gmt":"2025-05-19T11:34:23","slug":"joao-vicente-de-castro-diz-que-e-seguido-por-ricky-martin-no-instagram","status":"publish","type":"post","link":"https:\/\/transamerica93.com.br\/home\/joao-vicente-de-castro-diz-que-e-seguido-por-ricky-martin-no-instagram\/","title":{"rendered":"Jo\u00e3o Vicente de Castro diz que \u00e9 seguido por Ricky Martin no Instagram"},"content":{"rendered":"<div id=\"Corpo\">\n<h6 class=\"Assina\">Por Reda\u00e7\u00e3o E+<\/h6>\n<p>Jo\u00e3o Vicente de Castro contou que \u00e9 seguido por Ricky Martin no Instagram. A not\u00edcia foi revelada no N\u00e3o Importa, programa do\u00a0<i>Porta dos Fundos<\/i>\u00a0no Youtube. Ele tamb\u00e9m disse que o cantor curte alguns de seus stories, principalmente os que mostram seus gatos, na rede social.<\/p>\n<p>&#8220;Adoro o Ricky Martin. Acho ele muito bonito. Se eu tivesse que pegar um homem, acho que eu pegaria ele. Cara bonit\u00e3o, rico&#8230; poderia me dar uma vida melhor&#8221;, disse.<\/p>\n<p>Apesar disso, Jo\u00e3o Vicente de Castro n\u00e3o segue Ricky Martin no Instagram. O ator tem 1,7 milh\u00e3o de seguidores, enquanto o cantor tem 18,7 milh\u00f5es.<\/p>\n<p>Gregorio Duvivier, que est\u00e1 no programa com ele, disse que o ator deveria seguir o cantor. &#8220;N\u00e3o&#8221;, foi a sua resposta.<\/p><\/div>\n","protected":false},"excerpt":{"rendered":"<p>Por Reda\u00e7\u00e3o E+ Jo\u00e3o Vicente de Castro contou que \u00e9 seguido por Ricky Martin no Instagram. A not\u00edcia foi revelada no N\u00e3o Importa, programa do\u00a0Porta dos Fundos\u00a0no Youtube. Ele tamb\u00e9m disse que o cantor curte alguns de seus stories, principalmente os que mostram seus gatos, na rede social. &#8220;Adoro o Ricky Martin. Acho ele muito &hellip;<\/p>\n","protected":false},"author":1,"featured_media":5602,"comment_status":"closed","ping_status":"closed","sticky":false,"template":"","format":"standard","meta":{"footnotes":""},"categories":[24],"tags":[],"class_list":["post-5601","post","type-post","status-publish","format-standard","has-post-thumbnail","hentry","category-entretenimento"],"yoast_head":"<!-- This site is optimized with the Yoast SEO plugin v27.4 - https:\/\/yoast.com\/product\/yoast-seo-wordpress\/ -->\n<title>Jo\u00e3o Vicente de Castro diz que \u00e9 seguido por Ricky Martin no Instagram - Transam\u00e9rica Mococa 93,3<\/title>\n<meta name=\"robots\" content=\"index, follow, max-snippet:-1, max-image-preview:large, max-video-preview:-1\" \/>\n<link rel=\"canonical\" href=\"https:\/\/transamerica93.com.br\/home\/joao-vicente-de-castro-diz-que-e-seguido-por-ricky-martin-no-instagram\/\" \/>\n<meta property=\"og:locale\" content=\"pt_BR\" \/>\n<meta property=\"og:type\" content=\"article\" \/>\n<meta property=\"og:title\" content=\"Jo\u00e3o Vicente de Castro diz que \u00e9 seguido por Ricky Martin no Instagram - Transam\u00e9rica Mococa 93,3\" \/>\n<meta property=\"og:description\" content=\"Por Reda\u00e7\u00e3o E+ Jo\u00e3o Vicente de Castro contou que \u00e9 seguido por Ricky Martin no Instagram. A not\u00edcia foi revelada no N\u00e3o Importa, programa do\u00a0Porta dos Fundos\u00a0no Youtube. Ele tamb\u00e9m disse que o cantor curte alguns de seus stories, principalmente os que mostram seus gatos, na rede social. &#8220;Adoro o Ricky Martin. Acho ele muito &hellip;\" \/>\n<meta property=\"og:url\" content=\"https:\/\/transamerica93.com.br\/home\/joao-vicente-de-castro-diz-que-e-seguido-por-ricky-martin-no-instagram\/\" \/>\n<meta property=\"og:site_name\" content=\"Transam\u00e9rica Mococa 93,3\" \/>\n<meta property=\"article:publisher\" content=\"https:\/\/www.facebook.com\/transamericamococa\" \/>\n<meta property=\"article:published_time\" content=\"2025-05-29T21:00:00+00:00\" \/>\n<meta property=\"og:image\" content=\"https:\/\/transamerica93.com.br\/home\/wp-content\/uploads\/2025\/05\/1-109.jpg\" \/>\n\t<meta property=\"og:image:width\" content=\"837\" \/>\n\t<meta property=\"og:image:height\" content=\"516\" \/>\n\t<meta property=\"og:image:type\" content=\"image\/jpeg\" \/>\n<meta name=\"author\" content=\"Reda\u00e7\u00e3o\" \/>\n<meta name=\"twitter:card\" content=\"summary_large_image\" \/>\n<meta name=\"twitter:creator\" content=\"@transamerica933\" \/>\n<meta name=\"twitter:site\" content=\"@transamerica933\" \/>\n<meta name=\"twitter:label1\" content=\"Escrito por\" \/>\n\t<meta name=\"twitter:data1\" content=\"Reda\u00e7\u00e3o\" \/>\n\t<meta name=\"twitter:label2\" content=\"Est. tempo de leitura\" \/>\n\t<meta name=\"twitter:data2\" content=\"1 minuto\" \/>\n<script type=\"application\/ld+json\" class=\"yoast-schema-graph\">{\"@context\":\"https:\\\/\\\/schema.org\",\"@graph\":[{\"@type\":\"Article\",\"@id\":\"https:\\\/\\\/transamerica93.com.br\\\/home\\\/joao-vicente-de-castro-diz-que-e-seguido-por-ricky-martin-no-instagram\\\/#article\",\"isPartOf\":{\"@id\":\"https:\\\/\\\/transamerica93.com.br\\\/home\\\/joao-vicente-de-castro-diz-que-e-seguido-por-ricky-martin-no-instagram\\\/\"},\"author\":{\"name\":\"Reda\u00e7\u00e3o\",\"@id\":\"https:\\\/\\\/transamerica93.com.br\\\/home\\\/#\\\/schema\\\/person\\\/7fed7c99c0d4562efa8561bc0f543172\"},\"headline\":\"Jo\u00e3o Vicente de Castro diz que \u00e9 seguido por Ricky Martin no Instagram\",\"datePublished\":\"2025-05-29T21:00:00+00:00\",\"mainEntityOfPage\":{\"@id\":\"https:\\\/\\\/transamerica93.com.br\\\/home\\\/joao-vicente-de-castro-diz-que-e-seguido-por-ricky-martin-no-instagram\\\/\"},\"wordCount\":147,\"publisher\":{\"@id\":\"https:\\\/\\\/transamerica93.com.br\\\/home\\\/#organization\"},\"image\":{\"@id\":\"https:\\\/\\\/transamerica93.com.br\\\/home\\\/joao-vicente-de-castro-diz-que-e-seguido-por-ricky-martin-no-instagram\\\/#primaryimage\"},\"thumbnailUrl\":\"https:\\\/\\\/transamerica93.com.br\\\/home\\\/wp-content\\\/uploads\\\/2025\\\/05\\\/1-109.jpg\",\"articleSection\":[\"Entretenimento\"],\"inLanguage\":\"pt-BR\"},{\"@type\":\"WebPage\",\"@id\":\"https:\\\/\\\/transamerica93.com.br\\\/home\\\/joao-vicente-de-castro-diz-que-e-seguido-por-ricky-martin-no-instagram\\\/\",\"url\":\"https:\\\/\\\/transamerica93.com.br\\\/home\\\/joao-vicente-de-castro-diz-que-e-seguido-por-ricky-martin-no-instagram\\\/\",\"name\":\"Jo\u00e3o Vicente de Castro diz que \u00e9 seguido por Ricky Martin no Instagram - Transam\u00e9rica Mococa 93,3\",\"isPartOf\":{\"@id\":\"https:\\\/\\\/transamerica93.com.br\\\/home\\\/#website\"},\"primaryImageOfPage\":{\"@id\":\"https:\\\/\\\/transamerica93.com.br\\\/home\\\/joao-vicente-de-castro-diz-que-e-seguido-por-ricky-martin-no-instagram\\\/#primaryimage\"},\"image\":{\"@id\":\"https:\\\/\\\/transamerica93.com.br\\\/home\\\/joao-vicente-de-castro-diz-que-e-seguido-por-ricky-martin-no-instagram\\\/#primaryimage\"},\"thumbnailUrl\":\"https:\\\/\\\/transamerica93.com.br\\\/home\\\/wp-content\\\/uploads\\\/2025\\\/05\\\/1-109.jpg\",\"datePublished\":\"2025-05-29T21:00:00+00:00\",\"breadcrumb\":{\"@id\":\"https:\\\/\\\/transamerica93.com.br\\\/home\\\/joao-vicente-de-castro-diz-que-e-seguido-por-ricky-martin-no-instagram\\\/#breadcrumb\"},\"inLanguage\":\"pt-BR\",\"potentialAction\":[{\"@type\":\"ReadAction\",\"target\":[\"https:\\\/\\\/transamerica93.com.br\\\/home\\\/joao-vicente-de-castro-diz-que-e-seguido-por-ricky-martin-no-instagram\\\/\"]}]},{\"@type\":\"ImageObject\",\"inLanguage\":\"pt-BR\",\"@id\":\"https:\\\/\\\/transamerica93.com.br\\\/home\\\/joao-vicente-de-castro-diz-que-e-seguido-por-ricky-martin-no-instagram\\\/#primaryimage\",\"url\":\"https:\\\/\\\/transamerica93.com.br\\\/home\\\/wp-content\\\/uploads\\\/2025\\\/05\\\/1-109.jpg\",\"contentUrl\":\"https:\\\/\\\/transamerica93.com.br\\\/home\\\/wp-content\\\/uploads\\\/2025\\\/05\\\/1-109.jpg\",\"width\":837,\"height\":516},{\"@type\":\"BreadcrumbList\",\"@id\":\"https:\\\/\\\/transamerica93.com.br\\\/home\\\/joao-vicente-de-castro-diz-que-e-seguido-por-ricky-martin-no-instagram\\\/#breadcrumb\",\"itemListElement\":[{\"@type\":\"ListItem\",\"position\":1,\"name\":\"In\u00edcio\",\"item\":\"https:\\\/\\\/transamerica93.com.br\\\/home\\\/\"},{\"@type\":\"ListItem\",\"position\":2,\"name\":\"Jo\u00e3o Vicente de Castro diz que \u00e9 seguido por Ricky Martin no Instagram\"}]},{\"@type\":\"WebSite\",\"@id\":\"https:\\\/\\\/transamerica93.com.br\\\/home\\\/#website\",\"url\":\"https:\\\/\\\/transamerica93.com.br\\\/home\\\/\",\"name\":\"Transam\u00e9rica Mococa 93,3\",\"description\":\"\",\"publisher\":{\"@id\":\"https:\\\/\\\/transamerica93.com.br\\\/home\\\/#organization\"},\"potentialAction\":[{\"@type\":\"SearchAction\",\"target\":{\"@type\":\"EntryPoint\",\"urlTemplate\":\"https:\\\/\\\/transamerica93.com.br\\\/home\\\/?s={search_term_string}\"},\"query-input\":{\"@type\":\"PropertyValueSpecification\",\"valueRequired\":true,\"valueName\":\"search_term_string\"}}],\"inLanguage\":\"pt-BR\"},{\"@type\":\"Organization\",\"@id\":\"https:\\\/\\\/transamerica93.com.br\\\/home\\\/#organization\",\"name\":\"Transam\u00e9rica Mococa 93,3\",\"url\":\"https:\\\/\\\/transamerica93.com.br\\\/home\\\/\",\"logo\":{\"@type\":\"ImageObject\",\"inLanguage\":\"pt-BR\",\"@id\":\"https:\\\/\\\/transamerica93.com.br\\\/home\\\/#\\\/schema\\\/logo\\\/image\\\/\",\"url\":\"https:\\\/\\\/transamerica93.com.br\\\/home\\\/wp-content\\\/uploads\\\/2023\\\/10\\\/logo2.png\",\"contentUrl\":\"https:\\\/\\\/transamerica93.com.br\\\/home\\\/wp-content\\\/uploads\\\/2023\\\/10\\\/logo2.png\",\"width\":800,\"height\":500,\"caption\":\"Transam\u00e9rica Mococa 93,3\"},\"image\":{\"@id\":\"https:\\\/\\\/transamerica93.com.br\\\/home\\\/#\\\/schema\\\/logo\\\/image\\\/\"},\"sameAs\":[\"https:\\\/\\\/www.facebook.com\\\/transamericamococa\",\"https:\\\/\\\/x.com\\\/transamerica933\",\"https:\\\/\\\/www.instagram.com\\\/transamericamococa\"]},{\"@type\":\"Person\",\"@id\":\"https:\\\/\\\/transamerica93.com.br\\\/home\\\/#\\\/schema\\\/person\\\/7fed7c99c0d4562efa8561bc0f543172\",\"name\":\"Reda\u00e7\u00e3o\",\"image\":{\"@type\":\"ImageObject\",\"inLanguage\":\"pt-BR\",\"@id\":\"https:\\\/\\\/secure.gravatar.com\\\/avatar\\\/1072c6b775fb02ef8506ce967551d95926669a6b7d2c2147b42eea4d7c68395e?s=96&d=mm&r=g\",\"url\":\"https:\\\/\\\/secure.gravatar.com\\\/avatar\\\/1072c6b775fb02ef8506ce967551d95926669a6b7d2c2147b42eea4d7c68395e?s=96&d=mm&r=g\",\"contentUrl\":\"https:\\\/\\\/secure.gravatar.com\\\/avatar\\\/1072c6b775fb02ef8506ce967551d95926669a6b7d2c2147b42eea4d7c68395e?s=96&d=mm&r=g\",\"caption\":\"Reda\u00e7\u00e3o\"},\"sameAs\":[\"https:\\\/\\\/transamerica93.com.br\\\/home\"],\"url\":\"https:\\\/\\\/transamerica93.com.br\\\/home\\\/author\\\/william\\\/\"}]}<\/script>\n<!-- \/ Yoast SEO plugin. -->","yoast_head_json":{"title":"Jo\u00e3o Vicente de Castro diz que \u00e9 seguido por Ricky Martin no Instagram - Transam\u00e9rica Mococa 93,3","robots":{"index":"index","follow":"follow","max-snippet":"max-snippet:-1","max-image-preview":"max-image-preview:large","max-video-preview":"max-video-preview:-1"},"canonical":"https:\/\/transamerica93.com.br\/home\/joao-vicente-de-castro-diz-que-e-seguido-por-ricky-martin-no-instagram\/","og_locale":"pt_BR","og_type":"article","og_title":"Jo\u00e3o Vicente de Castro diz que \u00e9 seguido por Ricky Martin no Instagram - Transam\u00e9rica Mococa 93,3","og_description":"Por Reda\u00e7\u00e3o E+ Jo\u00e3o Vicente de Castro contou que \u00e9 seguido por Ricky Martin no Instagram. A not\u00edcia foi revelada no N\u00e3o Importa, programa do\u00a0Porta dos Fundos\u00a0no Youtube. Ele tamb\u00e9m disse que o cantor curte alguns de seus stories, principalmente os que mostram seus gatos, na rede social. &#8220;Adoro o Ricky Martin. Acho ele muito &hellip;","og_url":"https:\/\/transamerica93.com.br\/home\/joao-vicente-de-castro-diz-que-e-seguido-por-ricky-martin-no-instagram\/","og_site_name":"Transam\u00e9rica Mococa 93,3","article_publisher":"https:\/\/www.facebook.com\/transamericamococa","article_published_time":"2025-05-29T21:00:00+00:00","og_image":[{"width":837,"height":516,"url":"https:\/\/transamerica93.com.br\/home\/wp-content\/uploads\/2025\/05\/1-109.jpg","type":"image\/jpeg"}],"author":"Reda\u00e7\u00e3o","twitter_card":"summary_large_image","twitter_creator":"@transamerica933","twitter_site":"@transamerica933","twitter_misc":{"Escrito por":"Reda\u00e7\u00e3o","Est. tempo de leitura":"1 minuto"},"schema":{"@context":"https:\/\/schema.org","@graph":[{"@type":"Article","@id":"https:\/\/transamerica93.com.br\/home\/joao-vicente-de-castro-diz-que-e-seguido-por-ricky-martin-no-instagram\/#article","isPartOf":{"@id":"https:\/\/transamerica93.com.br\/home\/joao-vicente-de-castro-diz-que-e-seguido-por-ricky-martin-no-instagram\/"},"author":{"name":"Reda\u00e7\u00e3o","@id":"https:\/\/transamerica93.com.br\/home\/#\/schema\/person\/7fed7c99c0d4562efa8561bc0f543172"},"headline":"Jo\u00e3o Vicente de Castro diz que \u00e9 seguido por Ricky Martin no Instagram","datePublished":"2025-05-29T21:00:00+00:00","mainEntityOfPage":{"@id":"https:\/\/transamerica93.com.br\/home\/joao-vicente-de-castro-diz-que-e-seguido-por-ricky-martin-no-instagram\/"},"wordCount":147,"publisher":{"@id":"https:\/\/transamerica93.com.br\/home\/#organization"},"image":{"@id":"https:\/\/transamerica93.com.br\/home\/joao-vicente-de-castro-diz-que-e-seguido-por-ricky-martin-no-instagram\/#primaryimage"},"thumbnailUrl":"https:\/\/transamerica93.com.br\/home\/wp-content\/uploads\/2025\/05\/1-109.jpg","articleSection":["Entretenimento"],"inLanguage":"pt-BR"},{"@type":"WebPage","@id":"https:\/\/transamerica93.com.br\/home\/joao-vicente-de-castro-diz-que-e-seguido-por-ricky-martin-no-instagram\/","url":"https:\/\/transamerica93.com.br\/home\/joao-vicente-de-castro-diz-que-e-seguido-por-ricky-martin-no-instagram\/","name":"Jo\u00e3o Vicente de Castro diz que \u00e9 seguido por Ricky Martin no Instagram - Transam\u00e9rica Mococa 93,3","isPartOf":{"@id":"https:\/\/transamerica93.com.br\/home\/#website"},"primaryImageOfPage":{"@id":"https:\/\/transamerica93.com.br\/home\/joao-vicente-de-castro-diz-que-e-seguido-por-ricky-martin-no-instagram\/#primaryimage"},"image":{"@id":"https:\/\/transamerica93.com.br\/home\/joao-vicente-de-castro-diz-que-e-seguido-por-ricky-martin-no-instagram\/#primaryimage"},"thumbnailUrl":"https:\/\/transamerica93.com.br\/home\/wp-content\/uploads\/2025\/05\/1-109.jpg","datePublished":"2025-05-29T21:00:00+00:00","breadcrumb":{"@id":"https:\/\/transamerica93.com.br\/home\/joao-vicente-de-castro-diz-que-e-seguido-por-ricky-martin-no-instagram\/#breadcrumb"},"inLanguage":"pt-BR","potentialAction":[{"@type":"ReadAction","target":["https:\/\/transamerica93.com.br\/home\/joao-vicente-de-castro-diz-que-e-seguido-por-ricky-martin-no-instagram\/"]}]},{"@type":"ImageObject","inLanguage":"pt-BR","@id":"https:\/\/transamerica93.com.br\/home\/joao-vicente-de-castro-diz-que-e-seguido-por-ricky-martin-no-instagram\/#primaryimage","url":"https:\/\/transamerica93.com.br\/home\/wp-content\/uploads\/2025\/05\/1-109.jpg","contentUrl":"https:\/\/transamerica93.com.br\/home\/wp-content\/uploads\/2025\/05\/1-109.jpg","width":837,"height":516},{"@type":"BreadcrumbList","@id":"https:\/\/transamerica93.com.br\/home\/joao-vicente-de-castro-diz-que-e-seguido-por-ricky-martin-no-instagram\/#breadcrumb","itemListElement":[{"@type":"ListItem","position":1,"name":"In\u00edcio","item":"https:\/\/transamerica93.com.br\/home\/"},{"@type":"ListItem","position":2,"name":"Jo\u00e3o Vicente de Castro diz que \u00e9 seguido por Ricky Martin no Instagram"}]},{"@type":"WebSite","@id":"https:\/\/transamerica93.com.br\/home\/#website","url":"https:\/\/transamerica93.com.br\/home\/","name":"Transam\u00e9rica Mococa 93,3","description":"","publisher":{"@id":"https:\/\/transamerica93.com.br\/home\/#organization"},"potentialAction":[{"@type":"SearchAction","target":{"@type":"EntryPoint","urlTemplate":"https:\/\/transamerica93.com.br\/home\/?s={search_term_string}"},"query-input":{"@type":"PropertyValueSpecification","valueRequired":true,"valueName":"search_term_string"}}],"inLanguage":"pt-BR"},{"@type":"Organization","@id":"https:\/\/transamerica93.com.br\/home\/#organization","name":"Transam\u00e9rica Mococa 93,3","url":"https:\/\/transamerica93.com.br\/home\/","logo":{"@type":"ImageObject","inLanguage":"pt-BR","@id":"https:\/\/transamerica93.com.br\/home\/#\/schema\/logo\/image\/","url":"https:\/\/transamerica93.com.br\/home\/wp-content\/uploads\/2023\/10\/logo2.png","contentUrl":"https:\/\/transamerica93.com.br\/home\/wp-content\/uploads\/2023\/10\/logo2.png","width":800,"height":500,"caption":"Transam\u00e9rica Mococa 93,3"},"image":{"@id":"https:\/\/transamerica93.com.br\/home\/#\/schema\/logo\/image\/"},"sameAs":["https:\/\/www.facebook.com\/transamericamococa","https:\/\/x.com\/transamerica933","https:\/\/www.instagram.com\/transamericamococa"]},{"@type":"Person","@id":"https:\/\/transamerica93.com.br\/home\/#\/schema\/person\/7fed7c99c0d4562efa8561bc0f543172","name":"Reda\u00e7\u00e3o","image":{"@type":"ImageObject","inLanguage":"pt-BR","@id":"https:\/\/secure.gravatar.com\/avatar\/1072c6b775fb02ef8506ce967551d95926669a6b7d2c2147b42eea4d7c68395e?s=96&d=mm&r=g","url":"https:\/\/secure.gravatar.com\/avatar\/1072c6b775fb02ef8506ce967551d95926669a6b7d2c2147b42eea4d7c68395e?s=96&d=mm&r=g","contentUrl":"https:\/\/secure.gravatar.com\/avatar\/1072c6b775fb02ef8506ce967551d95926669a6b7d2c2147b42eea4d7c68395e?s=96&d=mm&r=g","caption":"Reda\u00e7\u00e3o"},"sameAs":["https:\/\/transamerica93.com.br\/home"],"url":"https:\/\/transamerica93.com.br\/home\/author\/william\/"}]}},"_links":{"self":[{"href":"https:\/\/transamerica93.com.br\/home\/wp-json\/wp\/v2\/posts\/5601","targetHints":{"allow":["GET"]}}],"collection":[{"href":"https:\/\/transamerica93.com.br\/home\/wp-json\/wp\/v2\/posts"}],"about":[{"href":"https:\/\/transamerica93.com.br\/home\/wp-json\/wp\/v2\/types\/post"}],"author":[{"embeddable":true,"href":"https:\/\/transamerica93.com.br\/home\/wp-json\/wp\/v2\/users\/1"}],"replies":[{"embeddable":true,"href":"https:\/\/transamerica93.com.br\/home\/wp-json\/wp\/v2\/comments?post=5601"}],"version-history":[{"count":1,"href":"https:\/\/transamerica93.com.br\/home\/wp-json\/wp\/v2\/posts\/5601\/revisions"}],"predecessor-version":[{"id":5603,"href":"https:\/\/transamerica93.com.br\/home\/wp-json\/wp\/v2\/posts\/5601\/revisions\/5603"}],"wp:featuredmedia":[{"embeddable":true,"href":"https:\/\/transamerica93.com.br\/home\/wp-json\/wp\/v2\/media\/5602"}],"wp:attachment":[{"href":"https:\/\/transamerica93.com.br\/home\/wp-json\/wp\/v2\/media?parent=5601"}],"wp:term":[{"taxonomy":"category","embeddable":true,"href":"https:\/\/transamerica93.com.br\/home\/wp-json\/wp\/v2\/categories?post=5601"},{"taxonomy":"post_tag","embeddable":true,"href":"https:\/\/transamerica93.com.br\/home\/wp-json\/wp\/v2\/tags?post=5601"}],"curies":[{"name":"wp","href":"https:\/\/api.w.org\/{rel}","templated":true}]}}