{"id":5613,"date":"2025-06-04T18:00:14","date_gmt":"2025-06-04T21:00:14","guid":{"rendered":"https:\/\/transamerica93.com.br\/home\/?p=5613"},"modified":"2025-05-19T08:41:32","modified_gmt":"2025-05-19T11:41:32","slug":"yamandu-costa-se-defende-contra-denuncia-de-agressao-e-abuso","status":"publish","type":"post","link":"https:\/\/transamerica93.com.br\/home\/yamandu-costa-se-defende-contra-denuncia-de-agressao-e-abuso\/","title":{"rendered":"Yamandu Costa se defende contra den\u00fancia de agress\u00e3o e abuso"},"content":{"rendered":"<div id=\"Corpo\">\n<h6 class=\"Assina\">Por Maria Eduarda Camargo*<\/h6>\n<p>Yamandu Costa foi denunciado anonimamente por agress\u00e3o e abuso sexual e psicol\u00f3gico por meio de uma ONG de Portugal. Nesta sexta-feira, 16, os advogados de defesa do cantor, Antonio Carlos de Almeida Castro e Henrique Salinas, negaram as acusa\u00e7\u00f5es ao\u00a0<b>Estad\u00e3o<\/b>\u00a0por meio de testemunhas e documentos<\/p>\n<p>Segundo In\u00eas Marinho, fundadora da ONG portuguesa N\u00e3o Partilhes, que ajuda mulheres sobreviventes de viol\u00eancia sexual, a v\u00edtima a teria contatado de maneira an\u00f4nima e relatado seu caso.<\/p>\n<p>As acusa\u00e7\u00f5es envolvem uma agress\u00e3o, que teria ocorrido em um espa\u00e7o p\u00fablico de Lisboa, o Tejo Bar, al\u00e9m de abuso sexual e psicol\u00f3gico, comprovados por meio de prints de conversas e um exame forense.<\/p>\n<p>Ela conta: &#8220;Uma mulher com quem Yamandu se relacionou durante tr\u00eas meses sofreu, nesse per\u00edodo, viol\u00eancia f\u00edsica, psicol\u00f3gica e sexual. No dia 1\u00ba de maio, em Lisboa, Yamandu agrediu essa mulher em frente ao pr\u00f3prio filho, que \u00e9 uma crian\u00e7a. No dia seguinte, voltou a agredi-la em p\u00fablico, no Tejo Bar, onde v\u00e1rias pessoas presenciaram essa agress\u00e3o.&#8221;<\/p>\n<p>&#8220;Essa sobrevivente tamb\u00e9m relata ter sido abusada sexualmente por Yamandu enquanto estava inconsciente, depois de ele t\u00ea-la dado comprimidos para dormir&#8221;, completou, em v\u00eddeo que tamb\u00e9m continha um relato forense do abuso.<\/p>\n<p>&#8220;J\u00e1 h\u00e1 uma den\u00fancia formal com provas, mas os processos legais s\u00e3o muito demorados [&#8230;] Viol\u00eancia \u00e9 crime e tem que ser enfrentada.&#8221;<\/p>\n<p>Sobre as alega\u00e7\u00f5es, foi realizado um exame que confirma a presen\u00e7a de Lorazepam no sangue da v\u00edtima. A defesa do compositor respondeu que o exame teria sido feito dias ap\u00f3s o ocorrido: &#8220;Nas conversas mantidas com Yamandu, a pr\u00f3pria acusadora admite fazer uso cont\u00ednuo de subst\u00e2ncias dessa natureza. O exame n\u00e3o permite aferir autoria, dose ou tempo da ingest\u00e3o.&#8221;<\/p>\n<p>As mensagens de texto, que segundo In\u00eas configuram abuso psicol\u00f3gico, tamb\u00e9m foram contestadas pela defesa, que alegou uma &#8220;edi\u00e7\u00e3o seletiva&#8221; do conte\u00fado mostrado no v\u00eddeo.<\/p>\n<p>Antonio e Henrique, advogados de Yamandu, tamb\u00e9m apresentaram uma carta da propriet\u00e1ria do estabelecimento em que ocorreu confus\u00e3o, em que ela relata ter visto uma discuss\u00e3o acalorada, mas que n\u00e3o acarretou em agress\u00e3o, e uma carta da ex-mulher do cantor, Elodie Bouny, que defende o pai de seu filho baseado no relacionamento que mantiveram por cerca de 18 anos.<\/p>\n<p>&#8220;Yamandu nunca apresentou um comportamento fisicamente agressivo Igualmente, com os nossos filhos, ele nunca os amea\u00e7ou fisicamente. Ao longo dos anos, presenciei diversas situa\u00e7\u00f5es de tens\u00e3o em que ele foi verbalmente agredido ou at\u00e9 fisicamente provocado e, mesmo assim, ele sempre evitou o confronto f\u00edsico. Portanto, as declara\u00e7\u00f5es relacionadas ao presente caso me deixaram at\u00f4nita&#8221;, escreveu Elodie.<\/p>\n<p><b>Confira os argumentos da defesa de Yamandu<\/b><\/p>\n<p>&#8220;A defesa t\u00e9cnica de Yamandu Costa vem a p\u00fablico, por meio deste comunicado dirigido ao Estad\u00e3o, apresentar elementos documentais que contrariam frontalmente as acusa\u00e7\u00f5es feitas por sua acusadora. As declara\u00e7\u00f5es anexas foram obtidas diretamente de pessoas mencionadas na den\u00fancia ou presentes nos eventos relatados.<\/p>\n<p>1. Carta da propriet\u00e1ria do Tejo Bar<\/p>\n<p>A testemunha esteve com o casal na noite de 1\u00ba de maio, no bar de sua propriedade, em Lisboa. Afirma que houve uma discuss\u00e3o acalorada, mas nega qualquer agress\u00e3o f\u00edsica. Segundo ela, a acusadora deixou o local caminhando normalmente e n\u00e3o mencionou viol\u00eancia.<\/p>\n<p>2. Carta da ex-esposa de Yamandu Costa<\/p>\n<p>Respons\u00e1vel pelo filho menor do m\u00fasico, a ex-esposa relata que o menino presenciou uma discuss\u00e3o verbal intensa, mas n\u00e3o viu nenhum ato de viol\u00eancia f\u00edsica. O garoto foi retirado da situa\u00e7\u00e3o por iniciativa do pai. A m\u00e3e tamb\u00e9m repudia o contato direto da acusadora com a crian\u00e7a por WhatsApp, assim como a divulga\u00e7\u00e3o dos prints dessa conversa privada.<\/p>\n<p>3. Sobre o exame de sa\u00fade apresentado pela acusadora<\/p>\n<p>O exame foi feito na Espanha, dias ap\u00f3s o epis\u00f3dio alegado. Aponta a presen\u00e7a de Lorazepam &#8211; um ansiol\u00edtico de uso controlado, amplamente prescrito. Nas conversas mantidas com Yamandu, a pr\u00f3pria acusadora admite fazer uso cont\u00ednuo de subst\u00e2ncias dessa natureza. O exame n\u00e3o permite aferir autoria, dose ou tempo da ingest\u00e3o.<\/p>\n<p>4. Sobre as mensagens divulgadas<\/p>\n<p>As mensagens apresentadas pela acusadora foram editadas de forma seletiva. A \u00edntegra da conversa, em posse da defesa, n\u00e3o cont\u00e9m qualquer admiss\u00e3o de culpa ou viol\u00eancia. Revela perplexidade, desentendimentos e tentativas de reconcilia\u00e7\u00e3o, mas nenhum conte\u00fado que configure amea\u00e7a, coa\u00e7\u00e3o ou agress\u00e3o.<\/p>\n<p>5. Sobre a estadia em Portugal<\/p>\n<p>A presen\u00e7a da acusadora em Lisboa ocorreu por decis\u00e3o pr\u00f3pria, ap\u00f3s receber carta de Yamandu explicando que n\u00e3o haveria rela\u00e7\u00e3o formal entre eles. Ap\u00f3s o epis\u00f3dio, ela deixou a casa de forma aut\u00f4noma e buscou ref\u00fagio em outro endere\u00e7o. N\u00e3o houve restri\u00e7\u00e3o de liberdade, como sugerido publicamente.<\/p>\n<p>Reitera-se o respeito incondicional \u00e0s v\u00edtimas reais de viol\u00eancia. Mas \u00e9 preciso lembrar que nenhuma acusa\u00e7\u00e3o pode se sobrepor ao direito \u00e0 verdade, \u00e0 ampla defesa e \u00e0 preserva\u00e7\u00e3o da dignidade pessoal.&#8221;<\/p>\n<p><b>Confira as cartas da defesa na \u00edntegra<\/b><\/p>\n<p>Carta da propriet\u00e1ria do Tejo Bar: &#8220;Sendo a viol\u00eancia de g\u00eanero um assunto ao qual estamos particularmente sens\u00edveis e que consideramos deva ser tratado com toda a seriedade e o rigor que merece, principalmente por respeito \u00e0s v\u00edtimas e para que n\u00e3o seja menosprezada uma justa causa, sentimos a necessidade de esclarecer que o epis\u00f3dio que aconteceu no nosso estabelecimento no dia 1\u00ba de maio de 2025, que deu origem a uma suposta den\u00fancia, e que teve como testemunho direto a ger\u00eancia, alguns funcion\u00e1rios e clientes, n\u00e3o houve qualquer tipo de agress\u00e3o f\u00edsica.<\/p>\n<p>Naquela noite, houve uma discuss\u00e3o entre o m\u00fasico Yamandu Costa e a mulher em quest\u00e3o. No entanto, n\u00e3o presenciamos qualquer ato de viol\u00eancia f\u00edsica entre eles. Um de nossos gar\u00e7ons, ao perceber a alterca\u00e7\u00e3o, aproximou-se e perguntou \u00e0 senhora se havia ocorrido algo, ao que ela respondeu negativamente, afirmando que estava tudo bem.&#8221;<\/p>\n<p>Carta de Elodie Bouny, ex-mulher de Yamandu: &#8220;Como introdu\u00e7\u00e3o, gostaria de dar o meu depoimento sobre a longa rela\u00e7\u00e3o que tenho com Yamandu. Nos conhecemos h\u00e1 18 anos, dos quais passamos 16 em uma rela\u00e7\u00e3o de casamento.<\/p>\n<p>Yamandu nunca apresentou um comportamento fisicamente agressivo. Igualmente, com os nossos filhos, ele nunca os amea\u00e7ou fisicamente. Ao longo dos anos, presenciei diversas situa\u00e7\u00f5es de tens\u00e3o em que ele foi verbalmente agredido ou at\u00e9 fisicamente provocado, e mesmo assim ele sempre evitou o confronto f\u00edsico. Portanto, as declara\u00e7\u00f5es relacionadas ao presente caso me deixaram at\u00f4nita.<\/p>\n<p>Isto \u00e9 o que tenho a dizer sobre a minha viv\u00eancia com ele e sobre seu comportamento ao longo desses anos. Posso afirmar que, na minha experi\u00eancia, ele n\u00e3o \u00e9 uma pessoa fisicamente violenta. Apesar das nossas dificuldades como casal, conseguimos preservar nossos filhos das nossas diverg\u00eancias.<\/p>\n<p>Agora, passo ao ponto central desta declara\u00e7\u00e3o: a situa\u00e7\u00e3o que envolveu diretamente nosso filho ca\u00e7ula, de 12 anos. Ele estava na casa do pai durante a visita da mo\u00e7a envolvida no caso. N\u00e3o menciono seu nome aqui por uma quest\u00e3o de prote\u00e7\u00e3o e privacidade<\/p>\n<p>Na noite do dia 1\u00ba de maio, ele presenciou uma briga marcada pelo consumo excessivo de \u00e1lcool por parte de ambos. Houve gritos dos dois lados. Em meio \u00e0 confus\u00e3o, Yamandu pediu que ele fosse para a minha casa.<\/p>\n<p>A mo\u00e7a havia subido para o andar de cima do apartamento. Ele subiu tamb\u00e9m, apenas para se despedir dela, e depois veio para a minha casa &#8211; que fica do outro lado da rua &#8211; chorando. Ele n\u00e3o presenciou nenhuma viol\u00eancia f\u00edsica.<\/p>\n<p>O relato foi feito de forma espont\u00e2nea, no calor do momento, sem qualquer tipo de press\u00e3o ou inten\u00e7\u00e3o de proteger algu\u00e9m; apenas com forte carga emocional e evidente raiva diante da cena que presenciou.<\/p>\n<p>Acredito que ele tenha presenciado o auge da discuss\u00e3o entre os dois. Pouco depois, naquela mesma noite &#8211; e n\u00e3o em noites diferentes, como tem sido divulgado -, os dois seguiram juntos at\u00e9 o Tejo Bar, onde continuaram discutindo, dessa vez na presen\u00e7a de outras testemunhas.<\/p>\n<p>Lamento e repudio que a mo\u00e7a tenha mantido contato direto com o nosso filho menor de idade, e mais ainda que tenha vazado publicamente a conversa entre os dois. \u00c9 absolutamente inaceit\u00e1vel que um menor seja exposto dessa forma, especialmente em um momento de tamanha tens\u00e3o e conflito.<\/p>\n<p>Repudio todo e qualquer ato de viol\u00eancia, especialmente contra mulheres e pessoas em situa\u00e7\u00e3o de vulnerabilidade. Espero sinceramente que este caso seja devidamente apurado por vias razo\u00e1veis e respons\u00e1veis de investiga\u00e7\u00e3o, e que a verdade possa prevalecer &#8211; longe do tribunal selvagem das redes sociais, como infelizmente tem ocorrido at\u00e9 agora.&#8221;<\/p>\n<p>*Estagi\u00e1ria sob supervis\u00e3o de Charlise Morais<\/p><\/div>\n","protected":false},"excerpt":{"rendered":"<p>Por Maria Eduarda Camargo* Yamandu Costa foi denunciado anonimamente por agress\u00e3o e abuso sexual e psicol\u00f3gico por meio de uma ONG de Portugal. Nesta sexta-feira, 16, os advogados de defesa do cantor, Antonio Carlos de Almeida Castro e Henrique Salinas, negaram as acusa\u00e7\u00f5es ao\u00a0Estad\u00e3o\u00a0por meio de testemunhas e documentos Segundo In\u00eas Marinho, fundadora da ONG &hellip;<\/p>\n","protected":false},"author":1,"featured_media":5614,"comment_status":"closed","ping_status":"closed","sticky":false,"template":"","format":"standard","meta":{"footnotes":""},"categories":[24],"tags":[],"class_list":["post-5613","post","type-post","status-publish","format-standard","has-post-thumbnail","hentry","category-entretenimento"],"yoast_head":"<!-- This site is optimized with the Yoast SEO plugin v27.4 - https:\/\/yoast.com\/product\/yoast-seo-wordpress\/ -->\n<title>Yamandu Costa se defende contra den\u00fancia de agress\u00e3o e abuso - Transam\u00e9rica Mococa 93,3<\/title>\n<meta name=\"robots\" content=\"index, follow, max-snippet:-1, max-image-preview:large, max-video-preview:-1\" \/>\n<link rel=\"canonical\" href=\"https:\/\/transamerica93.com.br\/home\/yamandu-costa-se-defende-contra-denuncia-de-agressao-e-abuso\/\" \/>\n<meta property=\"og:locale\" content=\"pt_BR\" \/>\n<meta property=\"og:type\" content=\"article\" \/>\n<meta property=\"og:title\" content=\"Yamandu Costa se defende contra den\u00fancia de agress\u00e3o e abuso - Transam\u00e9rica Mococa 93,3\" \/>\n<meta property=\"og:description\" content=\"Por Maria Eduarda Camargo* Yamandu Costa foi denunciado anonimamente por agress\u00e3o e abuso sexual e psicol\u00f3gico por meio de uma ONG de Portugal. Nesta sexta-feira, 16, os advogados de defesa do cantor, Antonio Carlos de Almeida Castro e Henrique Salinas, negaram as acusa\u00e7\u00f5es ao\u00a0Estad\u00e3o\u00a0por meio de testemunhas e documentos Segundo In\u00eas Marinho, fundadora da ONG &hellip;\" \/>\n<meta property=\"og:url\" content=\"https:\/\/transamerica93.com.br\/home\/yamandu-costa-se-defende-contra-denuncia-de-agressao-e-abuso\/\" \/>\n<meta property=\"og:site_name\" content=\"Transam\u00e9rica Mococa 93,3\" \/>\n<meta property=\"article:publisher\" content=\"https:\/\/www.facebook.com\/transamericamococa\" \/>\n<meta property=\"article:published_time\" content=\"2025-06-04T21:00:14+00:00\" \/>\n<meta property=\"og:image\" content=\"https:\/\/transamerica93.com.br\/home\/wp-content\/uploads\/2025\/05\/1-113.jpg\" \/>\n\t<meta property=\"og:image:width\" content=\"2400\" \/>\n\t<meta property=\"og:image:height\" content=\"1600\" \/>\n\t<meta property=\"og:image:type\" content=\"image\/jpeg\" \/>\n<meta name=\"author\" content=\"Reda\u00e7\u00e3o\" \/>\n<meta name=\"twitter:card\" content=\"summary_large_image\" \/>\n<meta name=\"twitter:creator\" content=\"@transamerica933\" \/>\n<meta name=\"twitter:site\" content=\"@transamerica933\" \/>\n<meta name=\"twitter:label1\" content=\"Escrito por\" \/>\n\t<meta name=\"twitter:data1\" content=\"Reda\u00e7\u00e3o\" \/>\n\t<meta name=\"twitter:label2\" content=\"Est. tempo de leitura\" \/>\n\t<meta name=\"twitter:data2\" content=\"8 minutos\" \/>\n<script type=\"application\/ld+json\" class=\"yoast-schema-graph\">{\"@context\":\"https:\\\/\\\/schema.org\",\"@graph\":[{\"@type\":\"Article\",\"@id\":\"https:\\\/\\\/transamerica93.com.br\\\/home\\\/yamandu-costa-se-defende-contra-denuncia-de-agressao-e-abuso\\\/#article\",\"isPartOf\":{\"@id\":\"https:\\\/\\\/transamerica93.com.br\\\/home\\\/yamandu-costa-se-defende-contra-denuncia-de-agressao-e-abuso\\\/\"},\"author\":{\"name\":\"Reda\u00e7\u00e3o\",\"@id\":\"https:\\\/\\\/transamerica93.com.br\\\/home\\\/#\\\/schema\\\/person\\\/7fed7c99c0d4562efa8561bc0f543172\"},\"headline\":\"Yamandu Costa se defende contra den\u00fancia de agress\u00e3o e abuso\",\"datePublished\":\"2025-06-04T21:00:14+00:00\",\"mainEntityOfPage\":{\"@id\":\"https:\\\/\\\/transamerica93.com.br\\\/home\\\/yamandu-costa-se-defende-contra-denuncia-de-agressao-e-abuso\\\/\"},\"wordCount\":1552,\"publisher\":{\"@id\":\"https:\\\/\\\/transamerica93.com.br\\\/home\\\/#organization\"},\"image\":{\"@id\":\"https:\\\/\\\/transamerica93.com.br\\\/home\\\/yamandu-costa-se-defende-contra-denuncia-de-agressao-e-abuso\\\/#primaryimage\"},\"thumbnailUrl\":\"https:\\\/\\\/transamerica93.com.br\\\/home\\\/wp-content\\\/uploads\\\/2025\\\/05\\\/1-113.jpg\",\"articleSection\":[\"Entretenimento\"],\"inLanguage\":\"pt-BR\"},{\"@type\":\"WebPage\",\"@id\":\"https:\\\/\\\/transamerica93.com.br\\\/home\\\/yamandu-costa-se-defende-contra-denuncia-de-agressao-e-abuso\\\/\",\"url\":\"https:\\\/\\\/transamerica93.com.br\\\/home\\\/yamandu-costa-se-defende-contra-denuncia-de-agressao-e-abuso\\\/\",\"name\":\"Yamandu Costa se defende contra den\u00fancia de agress\u00e3o e abuso - Transam\u00e9rica Mococa 93,3\",\"isPartOf\":{\"@id\":\"https:\\\/\\\/transamerica93.com.br\\\/home\\\/#website\"},\"primaryImageOfPage\":{\"@id\":\"https:\\\/\\\/transamerica93.com.br\\\/home\\\/yamandu-costa-se-defende-contra-denuncia-de-agressao-e-abuso\\\/#primaryimage\"},\"image\":{\"@id\":\"https:\\\/\\\/transamerica93.com.br\\\/home\\\/yamandu-costa-se-defende-contra-denuncia-de-agressao-e-abuso\\\/#primaryimage\"},\"thumbnailUrl\":\"https:\\\/\\\/transamerica93.com.br\\\/home\\\/wp-content\\\/uploads\\\/2025\\\/05\\\/1-113.jpg\",\"datePublished\":\"2025-06-04T21:00:14+00:00\",\"breadcrumb\":{\"@id\":\"https:\\\/\\\/transamerica93.com.br\\\/home\\\/yamandu-costa-se-defende-contra-denuncia-de-agressao-e-abuso\\\/#breadcrumb\"},\"inLanguage\":\"pt-BR\",\"potentialAction\":[{\"@type\":\"ReadAction\",\"target\":[\"https:\\\/\\\/transamerica93.com.br\\\/home\\\/yamandu-costa-se-defende-contra-denuncia-de-agressao-e-abuso\\\/\"]}]},{\"@type\":\"ImageObject\",\"inLanguage\":\"pt-BR\",\"@id\":\"https:\\\/\\\/transamerica93.com.br\\\/home\\\/yamandu-costa-se-defende-contra-denuncia-de-agressao-e-abuso\\\/#primaryimage\",\"url\":\"https:\\\/\\\/transamerica93.com.br\\\/home\\\/wp-content\\\/uploads\\\/2025\\\/05\\\/1-113.jpg\",\"contentUrl\":\"https:\\\/\\\/transamerica93.com.br\\\/home\\\/wp-content\\\/uploads\\\/2025\\\/05\\\/1-113.jpg\",\"width\":2400,\"height\":1600},{\"@type\":\"BreadcrumbList\",\"@id\":\"https:\\\/\\\/transamerica93.com.br\\\/home\\\/yamandu-costa-se-defende-contra-denuncia-de-agressao-e-abuso\\\/#breadcrumb\",\"itemListElement\":[{\"@type\":\"ListItem\",\"position\":1,\"name\":\"In\u00edcio\",\"item\":\"https:\\\/\\\/transamerica93.com.br\\\/home\\\/\"},{\"@type\":\"ListItem\",\"position\":2,\"name\":\"Yamandu Costa se defende contra den\u00fancia de agress\u00e3o e abuso\"}]},{\"@type\":\"WebSite\",\"@id\":\"https:\\\/\\\/transamerica93.com.br\\\/home\\\/#website\",\"url\":\"https:\\\/\\\/transamerica93.com.br\\\/home\\\/\",\"name\":\"Transam\u00e9rica Mococa 93,3\",\"description\":\"\",\"publisher\":{\"@id\":\"https:\\\/\\\/transamerica93.com.br\\\/home\\\/#organization\"},\"potentialAction\":[{\"@type\":\"SearchAction\",\"target\":{\"@type\":\"EntryPoint\",\"urlTemplate\":\"https:\\\/\\\/transamerica93.com.br\\\/home\\\/?s={search_term_string}\"},\"query-input\":{\"@type\":\"PropertyValueSpecification\",\"valueRequired\":true,\"valueName\":\"search_term_string\"}}],\"inLanguage\":\"pt-BR\"},{\"@type\":\"Organization\",\"@id\":\"https:\\\/\\\/transamerica93.com.br\\\/home\\\/#organization\",\"name\":\"Transam\u00e9rica Mococa 93,3\",\"url\":\"https:\\\/\\\/transamerica93.com.br\\\/home\\\/\",\"logo\":{\"@type\":\"ImageObject\",\"inLanguage\":\"pt-BR\",\"@id\":\"https:\\\/\\\/transamerica93.com.br\\\/home\\\/#\\\/schema\\\/logo\\\/image\\\/\",\"url\":\"https:\\\/\\\/transamerica93.com.br\\\/home\\\/wp-content\\\/uploads\\\/2023\\\/10\\\/logo2.png\",\"contentUrl\":\"https:\\\/\\\/transamerica93.com.br\\\/home\\\/wp-content\\\/uploads\\\/2023\\\/10\\\/logo2.png\",\"width\":800,\"height\":500,\"caption\":\"Transam\u00e9rica Mococa 93,3\"},\"image\":{\"@id\":\"https:\\\/\\\/transamerica93.com.br\\\/home\\\/#\\\/schema\\\/logo\\\/image\\\/\"},\"sameAs\":[\"https:\\\/\\\/www.facebook.com\\\/transamericamococa\",\"https:\\\/\\\/x.com\\\/transamerica933\",\"https:\\\/\\\/www.instagram.com\\\/transamericamococa\"]},{\"@type\":\"Person\",\"@id\":\"https:\\\/\\\/transamerica93.com.br\\\/home\\\/#\\\/schema\\\/person\\\/7fed7c99c0d4562efa8561bc0f543172\",\"name\":\"Reda\u00e7\u00e3o\",\"image\":{\"@type\":\"ImageObject\",\"inLanguage\":\"pt-BR\",\"@id\":\"https:\\\/\\\/secure.gravatar.com\\\/avatar\\\/1072c6b775fb02ef8506ce967551d95926669a6b7d2c2147b42eea4d7c68395e?s=96&d=mm&r=g\",\"url\":\"https:\\\/\\\/secure.gravatar.com\\\/avatar\\\/1072c6b775fb02ef8506ce967551d95926669a6b7d2c2147b42eea4d7c68395e?s=96&d=mm&r=g\",\"contentUrl\":\"https:\\\/\\\/secure.gravatar.com\\\/avatar\\\/1072c6b775fb02ef8506ce967551d95926669a6b7d2c2147b42eea4d7c68395e?s=96&d=mm&r=g\",\"caption\":\"Reda\u00e7\u00e3o\"},\"sameAs\":[\"https:\\\/\\\/transamerica93.com.br\\\/home\"],\"url\":\"https:\\\/\\\/transamerica93.com.br\\\/home\\\/author\\\/william\\\/\"}]}<\/script>\n<!-- \/ Yoast SEO plugin. -->","yoast_head_json":{"title":"Yamandu Costa se defende contra den\u00fancia de agress\u00e3o e abuso - Transam\u00e9rica Mococa 93,3","robots":{"index":"index","follow":"follow","max-snippet":"max-snippet:-1","max-image-preview":"max-image-preview:large","max-video-preview":"max-video-preview:-1"},"canonical":"https:\/\/transamerica93.com.br\/home\/yamandu-costa-se-defende-contra-denuncia-de-agressao-e-abuso\/","og_locale":"pt_BR","og_type":"article","og_title":"Yamandu Costa se defende contra den\u00fancia de agress\u00e3o e abuso - Transam\u00e9rica Mococa 93,3","og_description":"Por Maria Eduarda Camargo* Yamandu Costa foi denunciado anonimamente por agress\u00e3o e abuso sexual e psicol\u00f3gico por meio de uma ONG de Portugal. Nesta sexta-feira, 16, os advogados de defesa do cantor, Antonio Carlos de Almeida Castro e Henrique Salinas, negaram as acusa\u00e7\u00f5es ao\u00a0Estad\u00e3o\u00a0por meio de testemunhas e documentos Segundo In\u00eas Marinho, fundadora da ONG &hellip;","og_url":"https:\/\/transamerica93.com.br\/home\/yamandu-costa-se-defende-contra-denuncia-de-agressao-e-abuso\/","og_site_name":"Transam\u00e9rica Mococa 93,3","article_publisher":"https:\/\/www.facebook.com\/transamericamococa","article_published_time":"2025-06-04T21:00:14+00:00","og_image":[{"width":2400,"height":1600,"url":"https:\/\/transamerica93.com.br\/home\/wp-content\/uploads\/2025\/05\/1-113.jpg","type":"image\/jpeg"}],"author":"Reda\u00e7\u00e3o","twitter_card":"summary_large_image","twitter_creator":"@transamerica933","twitter_site":"@transamerica933","twitter_misc":{"Escrito por":"Reda\u00e7\u00e3o","Est. tempo de leitura":"8 minutos"},"schema":{"@context":"https:\/\/schema.org","@graph":[{"@type":"Article","@id":"https:\/\/transamerica93.com.br\/home\/yamandu-costa-se-defende-contra-denuncia-de-agressao-e-abuso\/#article","isPartOf":{"@id":"https:\/\/transamerica93.com.br\/home\/yamandu-costa-se-defende-contra-denuncia-de-agressao-e-abuso\/"},"author":{"name":"Reda\u00e7\u00e3o","@id":"https:\/\/transamerica93.com.br\/home\/#\/schema\/person\/7fed7c99c0d4562efa8561bc0f543172"},"headline":"Yamandu Costa se defende contra den\u00fancia de agress\u00e3o e abuso","datePublished":"2025-06-04T21:00:14+00:00","mainEntityOfPage":{"@id":"https:\/\/transamerica93.com.br\/home\/yamandu-costa-se-defende-contra-denuncia-de-agressao-e-abuso\/"},"wordCount":1552,"publisher":{"@id":"https:\/\/transamerica93.com.br\/home\/#organization"},"image":{"@id":"https:\/\/transamerica93.com.br\/home\/yamandu-costa-se-defende-contra-denuncia-de-agressao-e-abuso\/#primaryimage"},"thumbnailUrl":"https:\/\/transamerica93.com.br\/home\/wp-content\/uploads\/2025\/05\/1-113.jpg","articleSection":["Entretenimento"],"inLanguage":"pt-BR"},{"@type":"WebPage","@id":"https:\/\/transamerica93.com.br\/home\/yamandu-costa-se-defende-contra-denuncia-de-agressao-e-abuso\/","url":"https:\/\/transamerica93.com.br\/home\/yamandu-costa-se-defende-contra-denuncia-de-agressao-e-abuso\/","name":"Yamandu Costa se defende contra den\u00fancia de agress\u00e3o e abuso - Transam\u00e9rica Mococa 93,3","isPartOf":{"@id":"https:\/\/transamerica93.com.br\/home\/#website"},"primaryImageOfPage":{"@id":"https:\/\/transamerica93.com.br\/home\/yamandu-costa-se-defende-contra-denuncia-de-agressao-e-abuso\/#primaryimage"},"image":{"@id":"https:\/\/transamerica93.com.br\/home\/yamandu-costa-se-defende-contra-denuncia-de-agressao-e-abuso\/#primaryimage"},"thumbnailUrl":"https:\/\/transamerica93.com.br\/home\/wp-content\/uploads\/2025\/05\/1-113.jpg","datePublished":"2025-06-04T21:00:14+00:00","breadcrumb":{"@id":"https:\/\/transamerica93.com.br\/home\/yamandu-costa-se-defende-contra-denuncia-de-agressao-e-abuso\/#breadcrumb"},"inLanguage":"pt-BR","potentialAction":[{"@type":"ReadAction","target":["https:\/\/transamerica93.com.br\/home\/yamandu-costa-se-defende-contra-denuncia-de-agressao-e-abuso\/"]}]},{"@type":"ImageObject","inLanguage":"pt-BR","@id":"https:\/\/transamerica93.com.br\/home\/yamandu-costa-se-defende-contra-denuncia-de-agressao-e-abuso\/#primaryimage","url":"https:\/\/transamerica93.com.br\/home\/wp-content\/uploads\/2025\/05\/1-113.jpg","contentUrl":"https:\/\/transamerica93.com.br\/home\/wp-content\/uploads\/2025\/05\/1-113.jpg","width":2400,"height":1600},{"@type":"BreadcrumbList","@id":"https:\/\/transamerica93.com.br\/home\/yamandu-costa-se-defende-contra-denuncia-de-agressao-e-abuso\/#breadcrumb","itemListElement":[{"@type":"ListItem","position":1,"name":"In\u00edcio","item":"https:\/\/transamerica93.com.br\/home\/"},{"@type":"ListItem","position":2,"name":"Yamandu Costa se defende contra den\u00fancia de agress\u00e3o e abuso"}]},{"@type":"WebSite","@id":"https:\/\/transamerica93.com.br\/home\/#website","url":"https:\/\/transamerica93.com.br\/home\/","name":"Transam\u00e9rica Mococa 93,3","description":"","publisher":{"@id":"https:\/\/transamerica93.com.br\/home\/#organization"},"potentialAction":[{"@type":"SearchAction","target":{"@type":"EntryPoint","urlTemplate":"https:\/\/transamerica93.com.br\/home\/?s={search_term_string}"},"query-input":{"@type":"PropertyValueSpecification","valueRequired":true,"valueName":"search_term_string"}}],"inLanguage":"pt-BR"},{"@type":"Organization","@id":"https:\/\/transamerica93.com.br\/home\/#organization","name":"Transam\u00e9rica Mococa 93,3","url":"https:\/\/transamerica93.com.br\/home\/","logo":{"@type":"ImageObject","inLanguage":"pt-BR","@id":"https:\/\/transamerica93.com.br\/home\/#\/schema\/logo\/image\/","url":"https:\/\/transamerica93.com.br\/home\/wp-content\/uploads\/2023\/10\/logo2.png","contentUrl":"https:\/\/transamerica93.com.br\/home\/wp-content\/uploads\/2023\/10\/logo2.png","width":800,"height":500,"caption":"Transam\u00e9rica Mococa 93,3"},"image":{"@id":"https:\/\/transamerica93.com.br\/home\/#\/schema\/logo\/image\/"},"sameAs":["https:\/\/www.facebook.com\/transamericamococa","https:\/\/x.com\/transamerica933","https:\/\/www.instagram.com\/transamericamococa"]},{"@type":"Person","@id":"https:\/\/transamerica93.com.br\/home\/#\/schema\/person\/7fed7c99c0d4562efa8561bc0f543172","name":"Reda\u00e7\u00e3o","image":{"@type":"ImageObject","inLanguage":"pt-BR","@id":"https:\/\/secure.gravatar.com\/avatar\/1072c6b775fb02ef8506ce967551d95926669a6b7d2c2147b42eea4d7c68395e?s=96&d=mm&r=g","url":"https:\/\/secure.gravatar.com\/avatar\/1072c6b775fb02ef8506ce967551d95926669a6b7d2c2147b42eea4d7c68395e?s=96&d=mm&r=g","contentUrl":"https:\/\/secure.gravatar.com\/avatar\/1072c6b775fb02ef8506ce967551d95926669a6b7d2c2147b42eea4d7c68395e?s=96&d=mm&r=g","caption":"Reda\u00e7\u00e3o"},"sameAs":["https:\/\/transamerica93.com.br\/home"],"url":"https:\/\/transamerica93.com.br\/home\/author\/william\/"}]}},"_links":{"self":[{"href":"https:\/\/transamerica93.com.br\/home\/wp-json\/wp\/v2\/posts\/5613","targetHints":{"allow":["GET"]}}],"collection":[{"href":"https:\/\/transamerica93.com.br\/home\/wp-json\/wp\/v2\/posts"}],"about":[{"href":"https:\/\/transamerica93.com.br\/home\/wp-json\/wp\/v2\/types\/post"}],"author":[{"embeddable":true,"href":"https:\/\/transamerica93.com.br\/home\/wp-json\/wp\/v2\/users\/1"}],"replies":[{"embeddable":true,"href":"https:\/\/transamerica93.com.br\/home\/wp-json\/wp\/v2\/comments?post=5613"}],"version-history":[{"count":1,"href":"https:\/\/transamerica93.com.br\/home\/wp-json\/wp\/v2\/posts\/5613\/revisions"}],"predecessor-version":[{"id":5615,"href":"https:\/\/transamerica93.com.br\/home\/wp-json\/wp\/v2\/posts\/5613\/revisions\/5615"}],"wp:featuredmedia":[{"embeddable":true,"href":"https:\/\/transamerica93.com.br\/home\/wp-json\/wp\/v2\/media\/5614"}],"wp:attachment":[{"href":"https:\/\/transamerica93.com.br\/home\/wp-json\/wp\/v2\/media?parent=5613"}],"wp:term":[{"taxonomy":"category","embeddable":true,"href":"https:\/\/transamerica93.com.br\/home\/wp-json\/wp\/v2\/categories?post=5613"},{"taxonomy":"post_tag","embeddable":true,"href":"https:\/\/transamerica93.com.br\/home\/wp-json\/wp\/v2\/tags?post=5613"}],"curies":[{"name":"wp","href":"https:\/\/api.w.org\/{rel}","templated":true}]}}