{"id":5625,"date":"2025-06-10T09:00:27","date_gmt":"2025-06-10T12:00:27","guid":{"rendered":"https:\/\/transamerica93.com.br\/home\/?p=5625"},"modified":"2025-05-22T09:44:15","modified_gmt":"2025-05-22T12:44:15","slug":"saiba-o-que-muda-com-a-nova-politica-de-ensino-a-distancia-do-brasil","status":"publish","type":"post","link":"https:\/\/transamerica93.com.br\/home\/saiba-o-que-muda-com-a-nova-politica-de-ensino-a-distancia-do-brasil\/","title":{"rendered":"Saiba o que muda com a nova pol\u00edtica de ensino a dist\u00e2ncia do Brasil"},"content":{"rendered":"<p>O Minist\u00e9rio da Educa\u00e7\u00e3o (MEC) revisou as regras para a oferta de educa\u00e7\u00e3o a dist\u00e2ncia (EaD) nos cursos do ensino superior com o objetivo de garantir a qualidade dos servi\u00e7os e o desenvolvimento da aprendizagem de todos os estudantes.<img decoding=\"async\" data-src=\"https:\/\/agenciabrasil.ebc.com.br\/ebc.png?id=1643632&amp;o=node\" src=\"data:image\/svg+xml;base64,PHN2ZyB3aWR0aD0iMSIgaGVpZ2h0PSIxIiB4bWxucz0iaHR0cDovL3d3dy53My5vcmcvMjAwMC9zdmciPjwvc3ZnPg==\" class=\"lazyload\" \/><img decoding=\"async\" data-src=\"https:\/\/agenciabrasil.ebc.com.br\/ebc.gif?id=1643632&amp;o=node\" src=\"data:image\/svg+xml;base64,PHN2ZyB3aWR0aD0iMSIgaGVpZ2h0PSIxIiB4bWxucz0iaHR0cDovL3d3dy53My5vcmcvMjAwMC9zdmciPjwvc3ZnPg==\" class=\"lazyload\" \/><\/p>\n<p>O governo federal, ap\u00f3s meses de discuss\u00e3o com os setores envolvidos \u2013 como gestores da \u00e1rea educacional, especialistas, conselhos federais e representantes das institui\u00e7\u00f5es de educa\u00e7\u00e3o superior \u2013\u00a0<a href=\"https:\/\/www.planalto.gov.br\/ccivil_03\/_ato2023-2026\/2025\/decreto\/D12456.htm\" target=\"_blank\" rel=\"noopener\">publicou nesta semana o decreto<\/a>\u00a0que trata do tema.<\/p>\n<p>A\u00a0<strong>Ag\u00eancia Brasil<\/strong>\u00a0explica\u00a0o que muda com a\u00a0<a href=\"https:\/\/agenciabrasil.ebc.com.br\/educacao\/noticia\/2025-05\/decreto-define-medicina--direito-e-odonto-como-cursos-presenciais\" target=\"_blank\" rel=\"noopener\">nova pol\u00edtica de EaD<\/a>.<\/p>\n<h2>Formatos dos cursos<\/h2>\n<p><strong>A partir do novo marco regulat\u00f3rio da educa\u00e7\u00e3o a dist\u00e2ncia,\u00a0nenhum curso de bacharelado, licenciatura e tecnologia poder\u00e1 ser 100% a dist\u00e2ncia.<\/strong><\/p>\n<p>Os cursos de gradua\u00e7\u00e3o podem ser oferecidos em tr\u00eas formatos:<\/p>\n<ol>\n<li><strong>Cursos presenciais:<\/strong>\u00a0com pelo menos 70% da carga hor\u00e1ria em atividades presenciais, com a presen\u00e7a f\u00edsica de estudantes e professor nas aulas; atividades em laborat\u00f3rios f\u00edsicos; frequ\u00eancia a est\u00e1gios presenciais;<\/li>\n<li><strong>Cursos em EaD:<\/strong>\u00a0oferta majorit\u00e1ria de carga hor\u00e1ria a dist\u00e2ncia, composta por aulas gravadas e atividades em plataformas digitais de ensino. Por\u00e9m, o decreto imp\u00f5e o limite m\u00ednimo de 10% da carga hor\u00e1ria do curso em atividades presenciais; e, no m\u00ednimo, 10% em atividades s\u00edncronas mediadas.<\/li>\n<li><strong>Cursos semipresenciais:<\/strong>\u00a0criado pelo novo decreto, \u00e9 composto obrigatoriamente por carga hor\u00e1ria de 30% de atividades presenciais; e, no m\u00ednimo, 20% em atividades s\u00edncronas mediadas;<\/li>\n<\/ol>\n<ul>\n<li>atividades presenciais f\u00edsicas (est\u00e1gio, extens\u00e3o, pr\u00e1ticas laboratoriais);<\/li>\n<li>atividades s\u00edncronas mediadas: devem ser realizadas com, no m\u00e1ximo, 70 estudantes por docente ou mediador pedag\u00f3gico e controle de frequ\u00eancia dos estudantes;<\/li>\n<\/ul>\n<h2>Tipos de atividades<\/h2>\n<p>A nova pol\u00edtica uniformiza as seguintes defini\u00e7\u00f5es:<\/p>\n<p><strong>Atividades presenciais:<\/strong>\u00a0realizada com a participa\u00e7\u00e3o f\u00edsica do estudante\u00a0e do docente em lugar e tempo coincidentes;<\/p>\n<p><strong>Atividades ass\u00edncronas:<\/strong>\u00a0atividade de EaD na qual o estudante e o docente estejam em lugares e tempos diversos;<\/p>\n<p><strong>Atividades s\u00edncronas:<\/strong>\u00a0atividade de EaD na qual o estudante e o docente estejam em lugares diversos e tempo coincidente;<\/p>\n<p><strong>Atividades s\u00edncronas mediadas:<\/strong>\u00a0atividades interativas, com grupo reduzido de estudantes, apoio pedag\u00f3gico e controle de frequ\u00eancia. Neste tipo de atividade, os estudantes e o docente est\u00e3o em lugares diversos e tempo coincidente (ao vivo). O objetivo \u00e9 garantir a efetiva intera\u00e7\u00e3o no processo de ensino-aprendizagem.<\/p>\n<h2>Proibi\u00e7\u00f5es em EaD<\/h2>\n<p><strong>De acordo com o decreto, os cursos superiores de\u00a0medicina, direito, odontologia, enfermagem e psicologias\u00f3 poder\u00e3o ser ofertados no formato presencial.\u00a0<\/strong>O MEC justifica que a necessidade de realiza\u00e7\u00e3o de atividades pr\u00e1ticas, laborat\u00f3rios presenciais e est\u00e1gios torna a forma\u00e7\u00e3o nesses casos \u201cincompat\u00edvel com o formato da educa\u00e7\u00e3o a dist\u00e2ncia\u201d.<\/p>\n<p>Pela\u00a0<a href=\"https:\/\/www.in.gov.br\/en\/web\/dou\/-\/portaria-mec-n-378-de-19-de-maio-de-2025-630395302\" target=\"_blank\" rel=\"noopener\">portaria\u00a0378<\/a>, o\u00a0curso\u00a0de\u00a0medicina\u00a0ter\u00e1 de ser integralmente ofertado por meio de atividades presenciais, vedada qualquer carga hor\u00e1ria\u00a0a\u00a0dist\u00e2ncia.<\/p>\n<p>O mesmo documento detalha que os outros quatro cursos de gradua\u00e7\u00e3o (direito, odontologia, enfermagem e psicologia) poder\u00e3o ter, no m\u00e1ximo, 30% da carga-hor\u00e1ria em atividades a dist\u00e2ncia.<\/p>\n<h2>Cursos semipresenciais<\/h2>\n<p><strong>Para o formato semipresencial, tamb\u00e9m chamado h\u00edbrido,\u00a0o MEC\u00a0estipulou na portaria\u00a0378\u00a0que cursos de licenciaturas, que formam professores, e de\u00a0\u00e1reas\u00a0como as de sa\u00fade e bem-estar\u00a0tamb\u00e9m n\u00e3o poder\u00e3o ser ofertados 100% no remoto. Estes cursos dever\u00e3o ser somente em dois formatos: presencial ou semipresencial.<\/strong><\/p>\n<p>Os cursos classificados nesta nova portaria que regulamenta o decreto s\u00e3o das seguintes \u00e1reas: educa\u00e7\u00e3o, ci\u00eancias naturais, matem\u00e1tica e estat\u00edstica; sa\u00fade e bem-estar; engenharia, produ\u00e7\u00e3o e constru\u00e7\u00e3o; e agricultura, silvicultura, pesca e veterin\u00e1ria.<\/p>\n<p>S\u00e3o exemplos de cursos nesta situa\u00e7\u00e3o: fisioterapia, farm\u00e1cia, educa\u00e7\u00e3o f\u00edsica, medicina veterin\u00e1ria, biomedicina, fonoaudiologia e nutri\u00e7\u00e3o.<\/p>\n<p>Posteriormente, a pasta poder\u00e1 definir outras \u00e1reas de cursos vedados para EaD.<\/p>\n<h2>Infraestrutura f\u00edsica<\/h2>\n<p><strong>Em rela\u00e7\u00e3o ao local, as atividades presenciais dos cursos de ensino superior das modalidades\u00a0semipresencial e \u00e0 dist\u00e2ncia\u00a0podem ser ofertadas tanto na sede f\u00edsica da institui\u00e7\u00e3o, como\u00a0em seus campi (fora de sede e de seus polos EaD).<\/strong><\/p>\n<p>O polo EaD deve funcionar como um espa\u00e7o acad\u00eamico para o efetivo apoio ao estudante. Por este motivo, a infraestrutura f\u00edsica e tecnol\u00f3gica deve ser adequada \u00e0s especificidades de cada curso ofertado.<\/p>\n<p>H\u00e1 tamb\u00e9m a exig\u00eancia de infraestrutura m\u00ednima como: sala de coordena\u00e7\u00e3o; ambientes para estudos; laborat\u00f3rios (quando aplic\u00e1vel); acesso \u00e0 internet.<\/p>\n<p><strong>Al\u00e9m disso, n\u00e3o ser\u00e1 permitido o compartilhamento de polos EaD entre institui\u00e7\u00f5es de ensino superior diferentes.\u00a0<\/strong><\/p>\n<h2>Prazo de adapta\u00e7\u00e3o<\/h2>\n<p><strong>As institui\u00e7\u00f5es de educa\u00e7\u00e3o superior ter\u00e3o prazo de at\u00e9 dois anos\u00a0para adequar gradualmente os cursos \u00e0s novas regras.<\/strong><\/p>\n<p>Nesta transi\u00e7\u00e3o, devem ser garantidos os direitos dos estudantes. \u00c9 responsabilidade da institui\u00e7\u00e3o de educa\u00e7\u00e3o superior assegurar a continuidade da oferta do curso no formato EaD at\u00e9 a conclus\u00e3o das turmas em andamento.<\/p>\n<h2>Estudantes do EaD<\/h2>\n<p><strong>A partir da nova norma, todos os estudantes matriculados em cursos que n\u00e3o poder\u00e3o mais ser ofertados 100%\u00a0online\u00a0ter\u00e3o assegurado seu direito de conclus\u00e3o do curso no formato EaD, desde que seja o formato escolhido no ato de matr\u00edcula.<\/strong><\/p>\n<h2>Provas presenciais<\/h2>\n<p><strong>Cada disciplina dos cursos de gradua\u00e7\u00e3o a dist\u00e2ncia dever\u00e1 ter, pelo menos, uma avalia\u00e7\u00e3o presencial.\u00a0<\/strong>\u00a0No momento da avalia\u00e7\u00e3o, a institui\u00e7\u00e3o de ensino deve verificar a identidade dos estudantes para evitar fraudes.<\/p>\n<p><strong>Esta avalia\u00e7\u00e3o presencial deve ser a maior na composi\u00e7\u00e3o da nota final do estudante para atestar se o aluno foi aprovado ou n\u00e3o naquela disciplina.<\/strong><\/p>\n<p>Segundo o MEC, o objetivo da exig\u00eancia \u00e9 incentivar o desenvolvimento de habilidades discursivas de an\u00e1lise e s\u00edntese ou que possuam natureza de atividade pr\u00e1tica.<\/p>\n<h2>Mediador pedag\u00f3gico<\/h2>\n<p>A nova pol\u00edtica de EaD cria a figura do mediador pedag\u00f3gico nos cursos de gradua\u00e7\u00e3o a dist\u00e2ncia. O MEC esclarece que o mediador pedag\u00f3gico n\u00e3o \u00e9 um tutor, que desempenha fun\u00e7\u00e3o apenas administrativa e, por isso, n\u00e3o pode exercer fun\u00e7\u00f5es pedag\u00f3gicas.<\/p>\n<p><strong>J\u00e1 o mediador pedag\u00f3gico deve possuir forma\u00e7\u00e3o acad\u00eamica compat\u00edvel com o curso.\u00a0<\/strong>No exerc\u00edcio de suas atividades dever\u00e1 ajudar a esclarecer d\u00favidas de aprendizagem dos estudantes e apoiar o processo de forma\u00e7\u00e3o deles.<\/p>\n<p>A quantidade de professores e mediadores deve ser compat\u00edvel com o n\u00famero de estudantes sob media\u00e7\u00e3o deste profissional.<\/p>\n<p>O<strong>s mediadores pedag\u00f3gicos devem estar vinculados \u00e0 institui\u00e7\u00e3o de educa\u00e7\u00e3o superior e devem ser informados anualmente ao MEC e ao Instituto Nacional de Estudos e Pesquisas Educacionais An\u00edsio Teixeira<\/strong>\u00a0(Inep), por meio do Censo da Educa\u00e7\u00e3o Superior.<\/p>\n<p>Mais d\u00favidas podem ser tiradas no\u00a0<a href=\"https:\/\/www.gov.br\/mec\/pt-br\/acesso-a-informacao\/perguntas-frequentes\/educacao-a-distancia\" target=\"_blank\" rel=\"noopener\">site do MEC<\/a>.<\/p>\n","protected":false},"excerpt":{"rendered":"<p>O Minist\u00e9rio da Educa\u00e7\u00e3o (MEC) revisou as regras para a oferta de educa\u00e7\u00e3o a dist\u00e2ncia (EaD) nos cursos do ensino superior com o objetivo de garantir a qualidade dos servi\u00e7os e o desenvolvimento da aprendizagem de todos os estudantes. O governo federal, ap\u00f3s meses de discuss\u00e3o com os setores envolvidos \u2013 como gestores da \u00e1rea &hellip;<\/p>\n","protected":false},"author":1,"featured_media":5626,"comment_status":"closed","ping_status":"closed","sticky":false,"template":"","format":"standard","meta":{"footnotes":""},"categories":[30],"tags":[],"class_list":["post-5625","post","type-post","status-publish","format-standard","has-post-thumbnail","hentry","category-geral"],"yoast_head":"<!-- This site is optimized with the Yoast SEO plugin v27.4 - https:\/\/yoast.com\/product\/yoast-seo-wordpress\/ -->\n<title>Saiba o que muda com a nova pol\u00edtica de ensino a dist\u00e2ncia do Brasil - Transam\u00e9rica Mococa 93,3<\/title>\n<meta name=\"robots\" content=\"index, follow, max-snippet:-1, max-image-preview:large, max-video-preview:-1\" \/>\n<link rel=\"canonical\" href=\"https:\/\/transamerica93.com.br\/home\/saiba-o-que-muda-com-a-nova-politica-de-ensino-a-distancia-do-brasil\/\" \/>\n<meta property=\"og:locale\" content=\"pt_BR\" \/>\n<meta property=\"og:type\" content=\"article\" \/>\n<meta property=\"og:title\" content=\"Saiba o que muda com a nova pol\u00edtica de ensino a dist\u00e2ncia do Brasil - Transam\u00e9rica Mococa 93,3\" \/>\n<meta property=\"og:description\" content=\"O Minist\u00e9rio da Educa\u00e7\u00e3o (MEC) revisou as regras para a oferta de educa\u00e7\u00e3o a dist\u00e2ncia (EaD) nos cursos do ensino superior com o objetivo de garantir a qualidade dos servi\u00e7os e o desenvolvimento da aprendizagem de todos os estudantes. O governo federal, ap\u00f3s meses de discuss\u00e3o com os setores envolvidos \u2013 como gestores da \u00e1rea &hellip;\" \/>\n<meta property=\"og:url\" content=\"https:\/\/transamerica93.com.br\/home\/saiba-o-que-muda-com-a-nova-politica-de-ensino-a-distancia-do-brasil\/\" \/>\n<meta property=\"og:site_name\" content=\"Transam\u00e9rica Mococa 93,3\" \/>\n<meta property=\"article:publisher\" content=\"https:\/\/www.facebook.com\/transamericamococa\" \/>\n<meta property=\"article:published_time\" content=\"2025-06-10T12:00:27+00:00\" \/>\n<meta property=\"og:image\" content=\"https:\/\/transamerica93.com.br\/home\/wp-content\/uploads\/2025\/05\/1-117.jpg\" \/>\n\t<meta property=\"og:image:width\" content=\"1170\" \/>\n\t<meta property=\"og:image:height\" content=\"700\" \/>\n\t<meta property=\"og:image:type\" content=\"image\/jpeg\" \/>\n<meta name=\"author\" content=\"Reda\u00e7\u00e3o\" \/>\n<meta name=\"twitter:card\" content=\"summary_large_image\" \/>\n<meta name=\"twitter:creator\" content=\"@transamerica933\" \/>\n<meta name=\"twitter:site\" content=\"@transamerica933\" \/>\n<meta name=\"twitter:label1\" content=\"Escrito por\" \/>\n\t<meta name=\"twitter:data1\" content=\"Reda\u00e7\u00e3o\" \/>\n\t<meta name=\"twitter:label2\" content=\"Est. tempo de leitura\" \/>\n\t<meta name=\"twitter:data2\" content=\"7 minutos\" \/>\n<script type=\"application\/ld+json\" class=\"yoast-schema-graph\">{\"@context\":\"https:\\\/\\\/schema.org\",\"@graph\":[{\"@type\":\"Article\",\"@id\":\"https:\\\/\\\/transamerica93.com.br\\\/home\\\/saiba-o-que-muda-com-a-nova-politica-de-ensino-a-distancia-do-brasil\\\/#article\",\"isPartOf\":{\"@id\":\"https:\\\/\\\/transamerica93.com.br\\\/home\\\/saiba-o-que-muda-com-a-nova-politica-de-ensino-a-distancia-do-brasil\\\/\"},\"author\":{\"name\":\"Reda\u00e7\u00e3o\",\"@id\":\"https:\\\/\\\/transamerica93.com.br\\\/home\\\/#\\\/schema\\\/person\\\/7fed7c99c0d4562efa8561bc0f543172\"},\"headline\":\"Saiba o que muda com a nova pol\u00edtica de ensino a dist\u00e2ncia do Brasil\",\"datePublished\":\"2025-06-10T12:00:27+00:00\",\"mainEntityOfPage\":{\"@id\":\"https:\\\/\\\/transamerica93.com.br\\\/home\\\/saiba-o-que-muda-com-a-nova-politica-de-ensino-a-distancia-do-brasil\\\/\"},\"wordCount\":1166,\"publisher\":{\"@id\":\"https:\\\/\\\/transamerica93.com.br\\\/home\\\/#organization\"},\"image\":{\"@id\":\"https:\\\/\\\/transamerica93.com.br\\\/home\\\/saiba-o-que-muda-com-a-nova-politica-de-ensino-a-distancia-do-brasil\\\/#primaryimage\"},\"thumbnailUrl\":\"https:\\\/\\\/transamerica93.com.br\\\/home\\\/wp-content\\\/uploads\\\/2025\\\/05\\\/1-117.jpg\",\"articleSection\":[\"Geral\"],\"inLanguage\":\"pt-BR\"},{\"@type\":\"WebPage\",\"@id\":\"https:\\\/\\\/transamerica93.com.br\\\/home\\\/saiba-o-que-muda-com-a-nova-politica-de-ensino-a-distancia-do-brasil\\\/\",\"url\":\"https:\\\/\\\/transamerica93.com.br\\\/home\\\/saiba-o-que-muda-com-a-nova-politica-de-ensino-a-distancia-do-brasil\\\/\",\"name\":\"Saiba o que muda com a nova pol\u00edtica de ensino a dist\u00e2ncia do Brasil - Transam\u00e9rica Mococa 93,3\",\"isPartOf\":{\"@id\":\"https:\\\/\\\/transamerica93.com.br\\\/home\\\/#website\"},\"primaryImageOfPage\":{\"@id\":\"https:\\\/\\\/transamerica93.com.br\\\/home\\\/saiba-o-que-muda-com-a-nova-politica-de-ensino-a-distancia-do-brasil\\\/#primaryimage\"},\"image\":{\"@id\":\"https:\\\/\\\/transamerica93.com.br\\\/home\\\/saiba-o-que-muda-com-a-nova-politica-de-ensino-a-distancia-do-brasil\\\/#primaryimage\"},\"thumbnailUrl\":\"https:\\\/\\\/transamerica93.com.br\\\/home\\\/wp-content\\\/uploads\\\/2025\\\/05\\\/1-117.jpg\",\"datePublished\":\"2025-06-10T12:00:27+00:00\",\"breadcrumb\":{\"@id\":\"https:\\\/\\\/transamerica93.com.br\\\/home\\\/saiba-o-que-muda-com-a-nova-politica-de-ensino-a-distancia-do-brasil\\\/#breadcrumb\"},\"inLanguage\":\"pt-BR\",\"potentialAction\":[{\"@type\":\"ReadAction\",\"target\":[\"https:\\\/\\\/transamerica93.com.br\\\/home\\\/saiba-o-que-muda-com-a-nova-politica-de-ensino-a-distancia-do-brasil\\\/\"]}]},{\"@type\":\"ImageObject\",\"inLanguage\":\"pt-BR\",\"@id\":\"https:\\\/\\\/transamerica93.com.br\\\/home\\\/saiba-o-que-muda-com-a-nova-politica-de-ensino-a-distancia-do-brasil\\\/#primaryimage\",\"url\":\"https:\\\/\\\/transamerica93.com.br\\\/home\\\/wp-content\\\/uploads\\\/2025\\\/05\\\/1-117.jpg\",\"contentUrl\":\"https:\\\/\\\/transamerica93.com.br\\\/home\\\/wp-content\\\/uploads\\\/2025\\\/05\\\/1-117.jpg\",\"width\":1170,\"height\":700,\"caption\":\"\u00a9 Divulga\u00e7\u00e3o\\\/MCTIC\"},{\"@type\":\"BreadcrumbList\",\"@id\":\"https:\\\/\\\/transamerica93.com.br\\\/home\\\/saiba-o-que-muda-com-a-nova-politica-de-ensino-a-distancia-do-brasil\\\/#breadcrumb\",\"itemListElement\":[{\"@type\":\"ListItem\",\"position\":1,\"name\":\"In\u00edcio\",\"item\":\"https:\\\/\\\/transamerica93.com.br\\\/home\\\/\"},{\"@type\":\"ListItem\",\"position\":2,\"name\":\"Saiba o que muda com a nova pol\u00edtica de ensino a dist\u00e2ncia do Brasil\"}]},{\"@type\":\"WebSite\",\"@id\":\"https:\\\/\\\/transamerica93.com.br\\\/home\\\/#website\",\"url\":\"https:\\\/\\\/transamerica93.com.br\\\/home\\\/\",\"name\":\"Transam\u00e9rica Mococa 93,3\",\"description\":\"\",\"publisher\":{\"@id\":\"https:\\\/\\\/transamerica93.com.br\\\/home\\\/#organization\"},\"potentialAction\":[{\"@type\":\"SearchAction\",\"target\":{\"@type\":\"EntryPoint\",\"urlTemplate\":\"https:\\\/\\\/transamerica93.com.br\\\/home\\\/?s={search_term_string}\"},\"query-input\":{\"@type\":\"PropertyValueSpecification\",\"valueRequired\":true,\"valueName\":\"search_term_string\"}}],\"inLanguage\":\"pt-BR\"},{\"@type\":\"Organization\",\"@id\":\"https:\\\/\\\/transamerica93.com.br\\\/home\\\/#organization\",\"name\":\"Transam\u00e9rica Mococa 93,3\",\"url\":\"https:\\\/\\\/transamerica93.com.br\\\/home\\\/\",\"logo\":{\"@type\":\"ImageObject\",\"inLanguage\":\"pt-BR\",\"@id\":\"https:\\\/\\\/transamerica93.com.br\\\/home\\\/#\\\/schema\\\/logo\\\/image\\\/\",\"url\":\"https:\\\/\\\/transamerica93.com.br\\\/home\\\/wp-content\\\/uploads\\\/2023\\\/10\\\/logo2.png\",\"contentUrl\":\"https:\\\/\\\/transamerica93.com.br\\\/home\\\/wp-content\\\/uploads\\\/2023\\\/10\\\/logo2.png\",\"width\":800,\"height\":500,\"caption\":\"Transam\u00e9rica Mococa 93,3\"},\"image\":{\"@id\":\"https:\\\/\\\/transamerica93.com.br\\\/home\\\/#\\\/schema\\\/logo\\\/image\\\/\"},\"sameAs\":[\"https:\\\/\\\/www.facebook.com\\\/transamericamococa\",\"https:\\\/\\\/x.com\\\/transamerica933\",\"https:\\\/\\\/www.instagram.com\\\/transamericamococa\"]},{\"@type\":\"Person\",\"@id\":\"https:\\\/\\\/transamerica93.com.br\\\/home\\\/#\\\/schema\\\/person\\\/7fed7c99c0d4562efa8561bc0f543172\",\"name\":\"Reda\u00e7\u00e3o\",\"image\":{\"@type\":\"ImageObject\",\"inLanguage\":\"pt-BR\",\"@id\":\"https:\\\/\\\/secure.gravatar.com\\\/avatar\\\/1072c6b775fb02ef8506ce967551d95926669a6b7d2c2147b42eea4d7c68395e?s=96&d=mm&r=g\",\"url\":\"https:\\\/\\\/secure.gravatar.com\\\/avatar\\\/1072c6b775fb02ef8506ce967551d95926669a6b7d2c2147b42eea4d7c68395e?s=96&d=mm&r=g\",\"contentUrl\":\"https:\\\/\\\/secure.gravatar.com\\\/avatar\\\/1072c6b775fb02ef8506ce967551d95926669a6b7d2c2147b42eea4d7c68395e?s=96&d=mm&r=g\",\"caption\":\"Reda\u00e7\u00e3o\"},\"sameAs\":[\"https:\\\/\\\/transamerica93.com.br\\\/home\"],\"url\":\"https:\\\/\\\/transamerica93.com.br\\\/home\\\/author\\\/william\\\/\"}]}<\/script>\n<!-- \/ Yoast SEO plugin. -->","yoast_head_json":{"title":"Saiba o que muda com a nova pol\u00edtica de ensino a dist\u00e2ncia do Brasil - Transam\u00e9rica Mococa 93,3","robots":{"index":"index","follow":"follow","max-snippet":"max-snippet:-1","max-image-preview":"max-image-preview:large","max-video-preview":"max-video-preview:-1"},"canonical":"https:\/\/transamerica93.com.br\/home\/saiba-o-que-muda-com-a-nova-politica-de-ensino-a-distancia-do-brasil\/","og_locale":"pt_BR","og_type":"article","og_title":"Saiba o que muda com a nova pol\u00edtica de ensino a dist\u00e2ncia do Brasil - Transam\u00e9rica Mococa 93,3","og_description":"O Minist\u00e9rio da Educa\u00e7\u00e3o (MEC) revisou as regras para a oferta de educa\u00e7\u00e3o a dist\u00e2ncia (EaD) nos cursos do ensino superior com o objetivo de garantir a qualidade dos servi\u00e7os e o desenvolvimento da aprendizagem de todos os estudantes. O governo federal, ap\u00f3s meses de discuss\u00e3o com os setores envolvidos \u2013 como gestores da \u00e1rea &hellip;","og_url":"https:\/\/transamerica93.com.br\/home\/saiba-o-que-muda-com-a-nova-politica-de-ensino-a-distancia-do-brasil\/","og_site_name":"Transam\u00e9rica Mococa 93,3","article_publisher":"https:\/\/www.facebook.com\/transamericamococa","article_published_time":"2025-06-10T12:00:27+00:00","og_image":[{"width":1170,"height":700,"url":"https:\/\/transamerica93.com.br\/home\/wp-content\/uploads\/2025\/05\/1-117.jpg","type":"image\/jpeg"}],"author":"Reda\u00e7\u00e3o","twitter_card":"summary_large_image","twitter_creator":"@transamerica933","twitter_site":"@transamerica933","twitter_misc":{"Escrito por":"Reda\u00e7\u00e3o","Est. tempo de leitura":"7 minutos"},"schema":{"@context":"https:\/\/schema.org","@graph":[{"@type":"Article","@id":"https:\/\/transamerica93.com.br\/home\/saiba-o-que-muda-com-a-nova-politica-de-ensino-a-distancia-do-brasil\/#article","isPartOf":{"@id":"https:\/\/transamerica93.com.br\/home\/saiba-o-que-muda-com-a-nova-politica-de-ensino-a-distancia-do-brasil\/"},"author":{"name":"Reda\u00e7\u00e3o","@id":"https:\/\/transamerica93.com.br\/home\/#\/schema\/person\/7fed7c99c0d4562efa8561bc0f543172"},"headline":"Saiba o que muda com a nova pol\u00edtica de ensino a dist\u00e2ncia do Brasil","datePublished":"2025-06-10T12:00:27+00:00","mainEntityOfPage":{"@id":"https:\/\/transamerica93.com.br\/home\/saiba-o-que-muda-com-a-nova-politica-de-ensino-a-distancia-do-brasil\/"},"wordCount":1166,"publisher":{"@id":"https:\/\/transamerica93.com.br\/home\/#organization"},"image":{"@id":"https:\/\/transamerica93.com.br\/home\/saiba-o-que-muda-com-a-nova-politica-de-ensino-a-distancia-do-brasil\/#primaryimage"},"thumbnailUrl":"https:\/\/transamerica93.com.br\/home\/wp-content\/uploads\/2025\/05\/1-117.jpg","articleSection":["Geral"],"inLanguage":"pt-BR"},{"@type":"WebPage","@id":"https:\/\/transamerica93.com.br\/home\/saiba-o-que-muda-com-a-nova-politica-de-ensino-a-distancia-do-brasil\/","url":"https:\/\/transamerica93.com.br\/home\/saiba-o-que-muda-com-a-nova-politica-de-ensino-a-distancia-do-brasil\/","name":"Saiba o que muda com a nova pol\u00edtica de ensino a dist\u00e2ncia do Brasil - Transam\u00e9rica Mococa 93,3","isPartOf":{"@id":"https:\/\/transamerica93.com.br\/home\/#website"},"primaryImageOfPage":{"@id":"https:\/\/transamerica93.com.br\/home\/saiba-o-que-muda-com-a-nova-politica-de-ensino-a-distancia-do-brasil\/#primaryimage"},"image":{"@id":"https:\/\/transamerica93.com.br\/home\/saiba-o-que-muda-com-a-nova-politica-de-ensino-a-distancia-do-brasil\/#primaryimage"},"thumbnailUrl":"https:\/\/transamerica93.com.br\/home\/wp-content\/uploads\/2025\/05\/1-117.jpg","datePublished":"2025-06-10T12:00:27+00:00","breadcrumb":{"@id":"https:\/\/transamerica93.com.br\/home\/saiba-o-que-muda-com-a-nova-politica-de-ensino-a-distancia-do-brasil\/#breadcrumb"},"inLanguage":"pt-BR","potentialAction":[{"@type":"ReadAction","target":["https:\/\/transamerica93.com.br\/home\/saiba-o-que-muda-com-a-nova-politica-de-ensino-a-distancia-do-brasil\/"]}]},{"@type":"ImageObject","inLanguage":"pt-BR","@id":"https:\/\/transamerica93.com.br\/home\/saiba-o-que-muda-com-a-nova-politica-de-ensino-a-distancia-do-brasil\/#primaryimage","url":"https:\/\/transamerica93.com.br\/home\/wp-content\/uploads\/2025\/05\/1-117.jpg","contentUrl":"https:\/\/transamerica93.com.br\/home\/wp-content\/uploads\/2025\/05\/1-117.jpg","width":1170,"height":700,"caption":"\u00a9 Divulga\u00e7\u00e3o\/MCTIC"},{"@type":"BreadcrumbList","@id":"https:\/\/transamerica93.com.br\/home\/saiba-o-que-muda-com-a-nova-politica-de-ensino-a-distancia-do-brasil\/#breadcrumb","itemListElement":[{"@type":"ListItem","position":1,"name":"In\u00edcio","item":"https:\/\/transamerica93.com.br\/home\/"},{"@type":"ListItem","position":2,"name":"Saiba o que muda com a nova pol\u00edtica de ensino a dist\u00e2ncia do Brasil"}]},{"@type":"WebSite","@id":"https:\/\/transamerica93.com.br\/home\/#website","url":"https:\/\/transamerica93.com.br\/home\/","name":"Transam\u00e9rica Mococa 93,3","description":"","publisher":{"@id":"https:\/\/transamerica93.com.br\/home\/#organization"},"potentialAction":[{"@type":"SearchAction","target":{"@type":"EntryPoint","urlTemplate":"https:\/\/transamerica93.com.br\/home\/?s={search_term_string}"},"query-input":{"@type":"PropertyValueSpecification","valueRequired":true,"valueName":"search_term_string"}}],"inLanguage":"pt-BR"},{"@type":"Organization","@id":"https:\/\/transamerica93.com.br\/home\/#organization","name":"Transam\u00e9rica Mococa 93,3","url":"https:\/\/transamerica93.com.br\/home\/","logo":{"@type":"ImageObject","inLanguage":"pt-BR","@id":"https:\/\/transamerica93.com.br\/home\/#\/schema\/logo\/image\/","url":"https:\/\/transamerica93.com.br\/home\/wp-content\/uploads\/2023\/10\/logo2.png","contentUrl":"https:\/\/transamerica93.com.br\/home\/wp-content\/uploads\/2023\/10\/logo2.png","width":800,"height":500,"caption":"Transam\u00e9rica Mococa 93,3"},"image":{"@id":"https:\/\/transamerica93.com.br\/home\/#\/schema\/logo\/image\/"},"sameAs":["https:\/\/www.facebook.com\/transamericamococa","https:\/\/x.com\/transamerica933","https:\/\/www.instagram.com\/transamericamococa"]},{"@type":"Person","@id":"https:\/\/transamerica93.com.br\/home\/#\/schema\/person\/7fed7c99c0d4562efa8561bc0f543172","name":"Reda\u00e7\u00e3o","image":{"@type":"ImageObject","inLanguage":"pt-BR","@id":"https:\/\/secure.gravatar.com\/avatar\/1072c6b775fb02ef8506ce967551d95926669a6b7d2c2147b42eea4d7c68395e?s=96&d=mm&r=g","url":"https:\/\/secure.gravatar.com\/avatar\/1072c6b775fb02ef8506ce967551d95926669a6b7d2c2147b42eea4d7c68395e?s=96&d=mm&r=g","contentUrl":"https:\/\/secure.gravatar.com\/avatar\/1072c6b775fb02ef8506ce967551d95926669a6b7d2c2147b42eea4d7c68395e?s=96&d=mm&r=g","caption":"Reda\u00e7\u00e3o"},"sameAs":["https:\/\/transamerica93.com.br\/home"],"url":"https:\/\/transamerica93.com.br\/home\/author\/william\/"}]}},"_links":{"self":[{"href":"https:\/\/transamerica93.com.br\/home\/wp-json\/wp\/v2\/posts\/5625","targetHints":{"allow":["GET"]}}],"collection":[{"href":"https:\/\/transamerica93.com.br\/home\/wp-json\/wp\/v2\/posts"}],"about":[{"href":"https:\/\/transamerica93.com.br\/home\/wp-json\/wp\/v2\/types\/post"}],"author":[{"embeddable":true,"href":"https:\/\/transamerica93.com.br\/home\/wp-json\/wp\/v2\/users\/1"}],"replies":[{"embeddable":true,"href":"https:\/\/transamerica93.com.br\/home\/wp-json\/wp\/v2\/comments?post=5625"}],"version-history":[{"count":1,"href":"https:\/\/transamerica93.com.br\/home\/wp-json\/wp\/v2\/posts\/5625\/revisions"}],"predecessor-version":[{"id":5627,"href":"https:\/\/transamerica93.com.br\/home\/wp-json\/wp\/v2\/posts\/5625\/revisions\/5627"}],"wp:featuredmedia":[{"embeddable":true,"href":"https:\/\/transamerica93.com.br\/home\/wp-json\/wp\/v2\/media\/5626"}],"wp:attachment":[{"href":"https:\/\/transamerica93.com.br\/home\/wp-json\/wp\/v2\/media?parent=5625"}],"wp:term":[{"taxonomy":"category","embeddable":true,"href":"https:\/\/transamerica93.com.br\/home\/wp-json\/wp\/v2\/categories?post=5625"},{"taxonomy":"post_tag","embeddable":true,"href":"https:\/\/transamerica93.com.br\/home\/wp-json\/wp\/v2\/tags?post=5625"}],"curies":[{"name":"wp","href":"https:\/\/api.w.org\/{rel}","templated":true}]}}