{"id":5628,"date":"2025-06-11T09:00:29","date_gmt":"2025-06-11T12:00:29","guid":{"rendered":"https:\/\/transamerica93.com.br\/home\/?p=5628"},"modified":"2025-05-22T09:45:23","modified_gmt":"2025-05-22T12:45:23","slug":"emissoras-publicas-defendem-protagonismo-mundial-contra-desinformacao","status":"publish","type":"post","link":"https:\/\/transamerica93.com.br\/home\/emissoras-publicas-defendem-protagonismo-mundial-contra-desinformacao\/","title":{"rendered":"Emissoras p\u00fablicas defendem protagonismo mundial contra desinforma\u00e7\u00e3o"},"content":{"rendered":"<p>Representantes de organiza\u00e7\u00f5es nacionais e internacionais est\u00e3o reunidos, em S\u00e3o Paulo, para debater o papel das emissoras p\u00fablicas na pr\u00e1tica do jornalismo, na programa\u00e7\u00e3o cultural e na educa\u00e7\u00e3o.\u00a0<img decoding=\"async\" data-src=\"https:\/\/agenciabrasil.ebc.com.br\/ebc.png?id=1643586&amp;o=node\" src=\"data:image\/svg+xml;base64,PHN2ZyB3aWR0aD0iMSIgaGVpZ2h0PSIxIiB4bWxucz0iaHR0cDovL3d3dy53My5vcmcvMjAwMC9zdmciPjwvc3ZnPg==\" class=\"lazyload\" \/><img decoding=\"async\" data-src=\"https:\/\/agenciabrasil.ebc.com.br\/ebc.gif?id=1643586&amp;o=node\" src=\"data:image\/svg+xml;base64,PHN2ZyB3aWR0aD0iMSIgaGVpZ2h0PSIxIiB4bWxucz0iaHR0cDovL3d3dy53My5vcmcvMjAwMC9zdmciPjwvc3ZnPg==\" class=\"lazyload\" \/><\/p>\n<p>O diretor-presidente da\u00a0<strong>Empresa Brasil de Comunica\u00e7\u00e3o (EBC)<\/strong>, Jean Lima, afirmou no evento que a desinforma\u00e7\u00e3o sempre existiu, mas\u00a0<strong>a desinforma\u00e7\u00e3o como m\u00e9todo pol\u00edtico, instrumento da extrema direita, \u00e9 a novidade mais recente, principalmente com a ascens\u00e3o das redes sociais<\/strong>.<\/p>\n<blockquote><p>\u201cA desinforma\u00e7\u00e3o tem dois bra\u00e7os. O primeiro \u00e9 desestabilizar democracias. N\u00f3s vivemos isso muito de perto aqui no Brasil, com o questionamento, por exemplo, do processo eleitoral, que \u00e9 exemplo no mundo. Outro exemplo \u00e9 a vacina\u00e7\u00e3o, tamb\u00e9m refer\u00eancia para o mundo, que \u00e9 um servi\u00e7o p\u00fablico, tamb\u00e9m foi afetado pela desinforma\u00e7\u00e3o. S\u00e3o dois exemplos de como a desinforma\u00e7\u00e3o pode afetar o acesso a pol\u00edticas e servi\u00e7os p\u00fablicas\u201d, disse.<\/p><\/blockquote>\n<p><strong>Jean Lima citou os ve\u00edculos da EBC como parte da credibilidade do jornalismo como forma de combater a desinforma\u00e7\u00e3o.<\/strong><\/p>\n<p>\u201cTemos na TV 2 horas e meia de jornalismo di\u00e1rio, que informa a popula\u00e7\u00e3o sobre os servi\u00e7os, atendimento ao cidad\u00e3o, pol\u00edticas p\u00fablicas. Temos a\u00a0<strong>R\u00e1dio Nacional<\/strong>, que presta servi\u00e7o importante, tamb\u00e9m por meio de podcast, com a\u00e7\u00f5es educativas e informativas\u201d.<\/p>\n<p>Ele mencionou tamb\u00e9m a\u00a0<strong>Radioag\u00eancia Nacional<\/strong>\u00a0e a\u00a0<strong>Ag\u00eancia Brasil<\/strong>, ag\u00eancias p\u00fablicas de not\u00edcias, ambas da\u00a0<strong>EBC<\/strong>.<\/p>\n<h2>Fake news<\/h2>\n<p>A correspondente da ARD na Am\u00e9rica do Sul (Associa\u00e7\u00e3o de Empresas P\u00fablicas de Radiodifus\u00e3o da Rep\u00fablica Federal da Alemanha), Anne Herrberg, ressaltou que a entidade, para combater as fake news, tem usado\u00a0<strong>mais tempo para checar as informa\u00e7\u00f5es e fontes<\/strong>.<\/p>\n<blockquote><p>\u201cHoje temos muitos mecanismos para fazer a checagem de dados e fatos. Temos um departamento jur\u00eddico que tamb\u00e9m ajuda muito a eleger palavras, ver qual o impacto de algo e como podemos falar algo. Temos tamb\u00e9m trabalhado para construir fontes para deixar nosso trabalho mais transparente para a audi\u00eancia\u201d, explicou.<\/p><\/blockquote>\n<p>O diretor de reda\u00e7\u00e3o da\u00a0<em>BBC Brasil<\/em>\u00a0em Londres, Caio Quero, defendeu que antes de falar em como combater as fake news \u00e9 preciso destacar o impacto de ser uma emissora p\u00fablica no conte\u00fado e como\u00a0<strong>\u00e9 importante refor\u00e7ar a seguran\u00e7a da informa\u00e7\u00e3o para impactar positivamente no ambiente internacional mais democratizado com as pessoas acessando e produzindo muita informa\u00e7\u00e3o<\/strong>.<\/p>\n<blockquote><p>\u201cN\u00f3s, como parte do servi\u00e7o p\u00fablico, como emissoras p\u00fablicas e como ve\u00edculos de comunica\u00e7\u00e3o p\u00fablica, temos que lembrar primeiro que a cadeira, o computador, tudo isso \u00e9 bem p\u00fablico. E o nosso motivo final de exist\u00eancia, que \u00e9 o conte\u00fado, tamb\u00e9m \u00e9 p\u00fablico. E isso tem algumas quest\u00f5es que a gente tem que lembrar: um dos valores mais importantes da BBC \u00e9 o que eles chamam de value for money, que \u00e9 valorizar o dinheiro do contribuinte e lembrar que o contribuinte est\u00e1 financiando o nosso jornalismo, que tem que ter qualidade\u201d, afirmou.<\/p><\/blockquote>\n<p><strong>O diretor de Programa\u00e7\u00e3o da\u00a0<em>TV Cultura<\/em>, Eneas Carlos Pereira, ressaltou que a desinforma\u00e7\u00e3o \u00e9 fruto, principalmente, da polariza\u00e7\u00e3o e das transforma\u00e7\u00f5es tecnol\u00f3gicas, que d\u00e1 uma grande repercuss\u00e3o para as not\u00edcias falsas.<\/strong><\/p>\n<p>\u201cA p\u00f3s-verdade ou a desinforma\u00e7\u00e3o, as fake news, acabam nascendo do casamento perverso do populismo e da polariza\u00e7\u00e3o. Os dois meios que se retroalimentam e criam p\u00f3s-verdade. Isso n\u00e3o \u00e9 privil\u00e9gio nem de uma direita, nem de uma esquerda. Isso acaba sendo uma conduta humana para perman\u00eancia no poder\u201d, avalia.<\/p>\n<p>Para Eneas, \u00e9 preciso estar atento porque a forma de comunica\u00e7\u00e3o p\u00fablica n\u00e3o tem acompanhado a transforma\u00e7\u00e3o que tem acontecido desde o surgimento dessas \u201cfazendas digitais\u201d.<\/p>\n<blockquote><p>\u201cExiste uma nova forma de fluir conte\u00fado, as pessoas hoje falam e absorvem conte\u00fado de uma forma distinta. Porque aquela forma de comunicar dos programas de uma hora, daquelas coisas muito extensas hoje j\u00e1 n\u00e3o t\u00eam mais a mesma funcionalidade. N\u00f3s da comunica\u00e7\u00e3o p\u00fablica precisamos estar atentos a isso\u201d.<\/p><\/blockquote>\n<h2>Emissora p\u00fablica<\/h2>\n<p>Por defini\u00e7\u00e3o, emissoras p\u00fablicas s\u00e3o aquelas que n\u00e3o t\u00eam finalidade comercial e n\u00e3o se subordinam a gest\u00f5es partid\u00e1rias, governamentais ou religiosas.\u00a0<strong>Elas se financiam por meio de verbas p\u00fablicas ou de or\u00e7amentos assegurados por legisla\u00e7\u00f5es p\u00fablicas<\/strong>\u00a0e s\u00e3o geridas por\u00a0<em>boards<\/em>\u00a0ou conselhos curadores que contam com a participa\u00e7\u00e3o de representantes da sociedade civil. Isso significa que os canais de televis\u00e3o e de r\u00e1dio diretamente controlados pelo Estado n\u00e3o podem ser considerados propriamente p\u00fablicos.<\/p>\n","protected":false},"excerpt":{"rendered":"<p>Representantes de organiza\u00e7\u00f5es nacionais e internacionais est\u00e3o reunidos, em S\u00e3o Paulo, para debater o papel das emissoras p\u00fablicas na pr\u00e1tica do jornalismo, na programa\u00e7\u00e3o cultural e na educa\u00e7\u00e3o.\u00a0 O diretor-presidente da\u00a0Empresa Brasil de Comunica\u00e7\u00e3o (EBC), Jean Lima, afirmou no evento que a desinforma\u00e7\u00e3o sempre existiu, mas\u00a0a desinforma\u00e7\u00e3o como m\u00e9todo pol\u00edtico, instrumento da extrema direita, \u00e9 &hellip;<\/p>\n","protected":false},"author":1,"featured_media":5629,"comment_status":"closed","ping_status":"closed","sticky":false,"template":"","format":"standard","meta":{"footnotes":""},"categories":[30],"tags":[],"class_list":["post-5628","post","type-post","status-publish","format-standard","has-post-thumbnail","hentry","category-geral"],"yoast_head":"<!-- This site is optimized with the Yoast SEO plugin v27.4 - https:\/\/yoast.com\/product\/yoast-seo-wordpress\/ -->\n<title>Emissoras p\u00fablicas defendem protagonismo mundial contra desinforma\u00e7\u00e3o - Transam\u00e9rica Mococa 93,3<\/title>\n<meta name=\"robots\" content=\"index, follow, max-snippet:-1, max-image-preview:large, max-video-preview:-1\" \/>\n<link rel=\"canonical\" href=\"https:\/\/transamerica93.com.br\/home\/emissoras-publicas-defendem-protagonismo-mundial-contra-desinformacao\/\" \/>\n<meta property=\"og:locale\" content=\"pt_BR\" \/>\n<meta property=\"og:type\" content=\"article\" \/>\n<meta property=\"og:title\" content=\"Emissoras p\u00fablicas defendem protagonismo mundial contra desinforma\u00e7\u00e3o - Transam\u00e9rica Mococa 93,3\" \/>\n<meta property=\"og:description\" content=\"Representantes de organiza\u00e7\u00f5es nacionais e internacionais est\u00e3o reunidos, em S\u00e3o Paulo, para debater o papel das emissoras p\u00fablicas na pr\u00e1tica do jornalismo, na programa\u00e7\u00e3o cultural e na educa\u00e7\u00e3o.\u00a0 O diretor-presidente da\u00a0Empresa Brasil de Comunica\u00e7\u00e3o (EBC), Jean Lima, afirmou no evento que a desinforma\u00e7\u00e3o sempre existiu, mas\u00a0a desinforma\u00e7\u00e3o como m\u00e9todo pol\u00edtico, instrumento da extrema direita, \u00e9 &hellip;\" \/>\n<meta property=\"og:url\" content=\"https:\/\/transamerica93.com.br\/home\/emissoras-publicas-defendem-protagonismo-mundial-contra-desinformacao\/\" \/>\n<meta property=\"og:site_name\" content=\"Transam\u00e9rica Mococa 93,3\" \/>\n<meta property=\"article:publisher\" content=\"https:\/\/www.facebook.com\/transamericamococa\" \/>\n<meta property=\"article:published_time\" content=\"2025-06-11T12:00:29+00:00\" \/>\n<meta property=\"og:image\" content=\"https:\/\/transamerica93.com.br\/home\/wp-content\/uploads\/2025\/05\/1-118.jpg\" \/>\n\t<meta property=\"og:image:width\" content=\"1170\" \/>\n\t<meta property=\"og:image:height\" content=\"700\" \/>\n\t<meta property=\"og:image:type\" content=\"image\/jpeg\" \/>\n<meta name=\"author\" content=\"Reda\u00e7\u00e3o\" \/>\n<meta name=\"twitter:card\" content=\"summary_large_image\" \/>\n<meta name=\"twitter:creator\" content=\"@transamerica933\" \/>\n<meta name=\"twitter:site\" content=\"@transamerica933\" \/>\n<meta name=\"twitter:label1\" content=\"Escrito por\" \/>\n\t<meta name=\"twitter:data1\" content=\"Reda\u00e7\u00e3o\" \/>\n\t<meta name=\"twitter:label2\" content=\"Est. tempo de leitura\" \/>\n\t<meta name=\"twitter:data2\" content=\"4 minutos\" \/>\n<script type=\"application\/ld+json\" class=\"yoast-schema-graph\">{\"@context\":\"https:\\\/\\\/schema.org\",\"@graph\":[{\"@type\":\"Article\",\"@id\":\"https:\\\/\\\/transamerica93.com.br\\\/home\\\/emissoras-publicas-defendem-protagonismo-mundial-contra-desinformacao\\\/#article\",\"isPartOf\":{\"@id\":\"https:\\\/\\\/transamerica93.com.br\\\/home\\\/emissoras-publicas-defendem-protagonismo-mundial-contra-desinformacao\\\/\"},\"author\":{\"name\":\"Reda\u00e7\u00e3o\",\"@id\":\"https:\\\/\\\/transamerica93.com.br\\\/home\\\/#\\\/schema\\\/person\\\/7fed7c99c0d4562efa8561bc0f543172\"},\"headline\":\"Emissoras p\u00fablicas defendem protagonismo mundial contra desinforma\u00e7\u00e3o\",\"datePublished\":\"2025-06-11T12:00:29+00:00\",\"mainEntityOfPage\":{\"@id\":\"https:\\\/\\\/transamerica93.com.br\\\/home\\\/emissoras-publicas-defendem-protagonismo-mundial-contra-desinformacao\\\/\"},\"wordCount\":803,\"publisher\":{\"@id\":\"https:\\\/\\\/transamerica93.com.br\\\/home\\\/#organization\"},\"image\":{\"@id\":\"https:\\\/\\\/transamerica93.com.br\\\/home\\\/emissoras-publicas-defendem-protagonismo-mundial-contra-desinformacao\\\/#primaryimage\"},\"thumbnailUrl\":\"https:\\\/\\\/transamerica93.com.br\\\/home\\\/wp-content\\\/uploads\\\/2025\\\/05\\\/1-118.jpg\",\"articleSection\":[\"Geral\"],\"inLanguage\":\"pt-BR\"},{\"@type\":\"WebPage\",\"@id\":\"https:\\\/\\\/transamerica93.com.br\\\/home\\\/emissoras-publicas-defendem-protagonismo-mundial-contra-desinformacao\\\/\",\"url\":\"https:\\\/\\\/transamerica93.com.br\\\/home\\\/emissoras-publicas-defendem-protagonismo-mundial-contra-desinformacao\\\/\",\"name\":\"Emissoras p\u00fablicas defendem protagonismo mundial contra desinforma\u00e7\u00e3o - Transam\u00e9rica Mococa 93,3\",\"isPartOf\":{\"@id\":\"https:\\\/\\\/transamerica93.com.br\\\/home\\\/#website\"},\"primaryImageOfPage\":{\"@id\":\"https:\\\/\\\/transamerica93.com.br\\\/home\\\/emissoras-publicas-defendem-protagonismo-mundial-contra-desinformacao\\\/#primaryimage\"},\"image\":{\"@id\":\"https:\\\/\\\/transamerica93.com.br\\\/home\\\/emissoras-publicas-defendem-protagonismo-mundial-contra-desinformacao\\\/#primaryimage\"},\"thumbnailUrl\":\"https:\\\/\\\/transamerica93.com.br\\\/home\\\/wp-content\\\/uploads\\\/2025\\\/05\\\/1-118.jpg\",\"datePublished\":\"2025-06-11T12:00:29+00:00\",\"breadcrumb\":{\"@id\":\"https:\\\/\\\/transamerica93.com.br\\\/home\\\/emissoras-publicas-defendem-protagonismo-mundial-contra-desinformacao\\\/#breadcrumb\"},\"inLanguage\":\"pt-BR\",\"potentialAction\":[{\"@type\":\"ReadAction\",\"target\":[\"https:\\\/\\\/transamerica93.com.br\\\/home\\\/emissoras-publicas-defendem-protagonismo-mundial-contra-desinformacao\\\/\"]}]},{\"@type\":\"ImageObject\",\"inLanguage\":\"pt-BR\",\"@id\":\"https:\\\/\\\/transamerica93.com.br\\\/home\\\/emissoras-publicas-defendem-protagonismo-mundial-contra-desinformacao\\\/#primaryimage\",\"url\":\"https:\\\/\\\/transamerica93.com.br\\\/home\\\/wp-content\\\/uploads\\\/2025\\\/05\\\/1-118.jpg\",\"contentUrl\":\"https:\\\/\\\/transamerica93.com.br\\\/home\\\/wp-content\\\/uploads\\\/2025\\\/05\\\/1-118.jpg\",\"width\":1170,\"height\":700,\"caption\":\"\u00a9 Cadu Pinotti\\\/Ag\u00eancia Brasil\"},{\"@type\":\"BreadcrumbList\",\"@id\":\"https:\\\/\\\/transamerica93.com.br\\\/home\\\/emissoras-publicas-defendem-protagonismo-mundial-contra-desinformacao\\\/#breadcrumb\",\"itemListElement\":[{\"@type\":\"ListItem\",\"position\":1,\"name\":\"In\u00edcio\",\"item\":\"https:\\\/\\\/transamerica93.com.br\\\/home\\\/\"},{\"@type\":\"ListItem\",\"position\":2,\"name\":\"Emissoras p\u00fablicas defendem protagonismo mundial contra desinforma\u00e7\u00e3o\"}]},{\"@type\":\"WebSite\",\"@id\":\"https:\\\/\\\/transamerica93.com.br\\\/home\\\/#website\",\"url\":\"https:\\\/\\\/transamerica93.com.br\\\/home\\\/\",\"name\":\"Transam\u00e9rica Mococa 93,3\",\"description\":\"\",\"publisher\":{\"@id\":\"https:\\\/\\\/transamerica93.com.br\\\/home\\\/#organization\"},\"potentialAction\":[{\"@type\":\"SearchAction\",\"target\":{\"@type\":\"EntryPoint\",\"urlTemplate\":\"https:\\\/\\\/transamerica93.com.br\\\/home\\\/?s={search_term_string}\"},\"query-input\":{\"@type\":\"PropertyValueSpecification\",\"valueRequired\":true,\"valueName\":\"search_term_string\"}}],\"inLanguage\":\"pt-BR\"},{\"@type\":\"Organization\",\"@id\":\"https:\\\/\\\/transamerica93.com.br\\\/home\\\/#organization\",\"name\":\"Transam\u00e9rica Mococa 93,3\",\"url\":\"https:\\\/\\\/transamerica93.com.br\\\/home\\\/\",\"logo\":{\"@type\":\"ImageObject\",\"inLanguage\":\"pt-BR\",\"@id\":\"https:\\\/\\\/transamerica93.com.br\\\/home\\\/#\\\/schema\\\/logo\\\/image\\\/\",\"url\":\"https:\\\/\\\/transamerica93.com.br\\\/home\\\/wp-content\\\/uploads\\\/2023\\\/10\\\/logo2.png\",\"contentUrl\":\"https:\\\/\\\/transamerica93.com.br\\\/home\\\/wp-content\\\/uploads\\\/2023\\\/10\\\/logo2.png\",\"width\":800,\"height\":500,\"caption\":\"Transam\u00e9rica Mococa 93,3\"},\"image\":{\"@id\":\"https:\\\/\\\/transamerica93.com.br\\\/home\\\/#\\\/schema\\\/logo\\\/image\\\/\"},\"sameAs\":[\"https:\\\/\\\/www.facebook.com\\\/transamericamococa\",\"https:\\\/\\\/x.com\\\/transamerica933\",\"https:\\\/\\\/www.instagram.com\\\/transamericamococa\"]},{\"@type\":\"Person\",\"@id\":\"https:\\\/\\\/transamerica93.com.br\\\/home\\\/#\\\/schema\\\/person\\\/7fed7c99c0d4562efa8561bc0f543172\",\"name\":\"Reda\u00e7\u00e3o\",\"image\":{\"@type\":\"ImageObject\",\"inLanguage\":\"pt-BR\",\"@id\":\"https:\\\/\\\/secure.gravatar.com\\\/avatar\\\/1072c6b775fb02ef8506ce967551d95926669a6b7d2c2147b42eea4d7c68395e?s=96&d=mm&r=g\",\"url\":\"https:\\\/\\\/secure.gravatar.com\\\/avatar\\\/1072c6b775fb02ef8506ce967551d95926669a6b7d2c2147b42eea4d7c68395e?s=96&d=mm&r=g\",\"contentUrl\":\"https:\\\/\\\/secure.gravatar.com\\\/avatar\\\/1072c6b775fb02ef8506ce967551d95926669a6b7d2c2147b42eea4d7c68395e?s=96&d=mm&r=g\",\"caption\":\"Reda\u00e7\u00e3o\"},\"sameAs\":[\"https:\\\/\\\/transamerica93.com.br\\\/home\"],\"url\":\"https:\\\/\\\/transamerica93.com.br\\\/home\\\/author\\\/william\\\/\"}]}<\/script>\n<!-- \/ Yoast SEO plugin. -->","yoast_head_json":{"title":"Emissoras p\u00fablicas defendem protagonismo mundial contra desinforma\u00e7\u00e3o - Transam\u00e9rica Mococa 93,3","robots":{"index":"index","follow":"follow","max-snippet":"max-snippet:-1","max-image-preview":"max-image-preview:large","max-video-preview":"max-video-preview:-1"},"canonical":"https:\/\/transamerica93.com.br\/home\/emissoras-publicas-defendem-protagonismo-mundial-contra-desinformacao\/","og_locale":"pt_BR","og_type":"article","og_title":"Emissoras p\u00fablicas defendem protagonismo mundial contra desinforma\u00e7\u00e3o - Transam\u00e9rica Mococa 93,3","og_description":"Representantes de organiza\u00e7\u00f5es nacionais e internacionais est\u00e3o reunidos, em S\u00e3o Paulo, para debater o papel das emissoras p\u00fablicas na pr\u00e1tica do jornalismo, na programa\u00e7\u00e3o cultural e na educa\u00e7\u00e3o.\u00a0 O diretor-presidente da\u00a0Empresa Brasil de Comunica\u00e7\u00e3o (EBC), Jean Lima, afirmou no evento que a desinforma\u00e7\u00e3o sempre existiu, mas\u00a0a desinforma\u00e7\u00e3o como m\u00e9todo pol\u00edtico, instrumento da extrema direita, \u00e9 &hellip;","og_url":"https:\/\/transamerica93.com.br\/home\/emissoras-publicas-defendem-protagonismo-mundial-contra-desinformacao\/","og_site_name":"Transam\u00e9rica Mococa 93,3","article_publisher":"https:\/\/www.facebook.com\/transamericamococa","article_published_time":"2025-06-11T12:00:29+00:00","og_image":[{"width":1170,"height":700,"url":"https:\/\/transamerica93.com.br\/home\/wp-content\/uploads\/2025\/05\/1-118.jpg","type":"image\/jpeg"}],"author":"Reda\u00e7\u00e3o","twitter_card":"summary_large_image","twitter_creator":"@transamerica933","twitter_site":"@transamerica933","twitter_misc":{"Escrito por":"Reda\u00e7\u00e3o","Est. tempo de leitura":"4 minutos"},"schema":{"@context":"https:\/\/schema.org","@graph":[{"@type":"Article","@id":"https:\/\/transamerica93.com.br\/home\/emissoras-publicas-defendem-protagonismo-mundial-contra-desinformacao\/#article","isPartOf":{"@id":"https:\/\/transamerica93.com.br\/home\/emissoras-publicas-defendem-protagonismo-mundial-contra-desinformacao\/"},"author":{"name":"Reda\u00e7\u00e3o","@id":"https:\/\/transamerica93.com.br\/home\/#\/schema\/person\/7fed7c99c0d4562efa8561bc0f543172"},"headline":"Emissoras p\u00fablicas defendem protagonismo mundial contra desinforma\u00e7\u00e3o","datePublished":"2025-06-11T12:00:29+00:00","mainEntityOfPage":{"@id":"https:\/\/transamerica93.com.br\/home\/emissoras-publicas-defendem-protagonismo-mundial-contra-desinformacao\/"},"wordCount":803,"publisher":{"@id":"https:\/\/transamerica93.com.br\/home\/#organization"},"image":{"@id":"https:\/\/transamerica93.com.br\/home\/emissoras-publicas-defendem-protagonismo-mundial-contra-desinformacao\/#primaryimage"},"thumbnailUrl":"https:\/\/transamerica93.com.br\/home\/wp-content\/uploads\/2025\/05\/1-118.jpg","articleSection":["Geral"],"inLanguage":"pt-BR"},{"@type":"WebPage","@id":"https:\/\/transamerica93.com.br\/home\/emissoras-publicas-defendem-protagonismo-mundial-contra-desinformacao\/","url":"https:\/\/transamerica93.com.br\/home\/emissoras-publicas-defendem-protagonismo-mundial-contra-desinformacao\/","name":"Emissoras p\u00fablicas defendem protagonismo mundial contra desinforma\u00e7\u00e3o - Transam\u00e9rica Mococa 93,3","isPartOf":{"@id":"https:\/\/transamerica93.com.br\/home\/#website"},"primaryImageOfPage":{"@id":"https:\/\/transamerica93.com.br\/home\/emissoras-publicas-defendem-protagonismo-mundial-contra-desinformacao\/#primaryimage"},"image":{"@id":"https:\/\/transamerica93.com.br\/home\/emissoras-publicas-defendem-protagonismo-mundial-contra-desinformacao\/#primaryimage"},"thumbnailUrl":"https:\/\/transamerica93.com.br\/home\/wp-content\/uploads\/2025\/05\/1-118.jpg","datePublished":"2025-06-11T12:00:29+00:00","breadcrumb":{"@id":"https:\/\/transamerica93.com.br\/home\/emissoras-publicas-defendem-protagonismo-mundial-contra-desinformacao\/#breadcrumb"},"inLanguage":"pt-BR","potentialAction":[{"@type":"ReadAction","target":["https:\/\/transamerica93.com.br\/home\/emissoras-publicas-defendem-protagonismo-mundial-contra-desinformacao\/"]}]},{"@type":"ImageObject","inLanguage":"pt-BR","@id":"https:\/\/transamerica93.com.br\/home\/emissoras-publicas-defendem-protagonismo-mundial-contra-desinformacao\/#primaryimage","url":"https:\/\/transamerica93.com.br\/home\/wp-content\/uploads\/2025\/05\/1-118.jpg","contentUrl":"https:\/\/transamerica93.com.br\/home\/wp-content\/uploads\/2025\/05\/1-118.jpg","width":1170,"height":700,"caption":"\u00a9 Cadu Pinotti\/Ag\u00eancia Brasil"},{"@type":"BreadcrumbList","@id":"https:\/\/transamerica93.com.br\/home\/emissoras-publicas-defendem-protagonismo-mundial-contra-desinformacao\/#breadcrumb","itemListElement":[{"@type":"ListItem","position":1,"name":"In\u00edcio","item":"https:\/\/transamerica93.com.br\/home\/"},{"@type":"ListItem","position":2,"name":"Emissoras p\u00fablicas defendem protagonismo mundial contra desinforma\u00e7\u00e3o"}]},{"@type":"WebSite","@id":"https:\/\/transamerica93.com.br\/home\/#website","url":"https:\/\/transamerica93.com.br\/home\/","name":"Transam\u00e9rica Mococa 93,3","description":"","publisher":{"@id":"https:\/\/transamerica93.com.br\/home\/#organization"},"potentialAction":[{"@type":"SearchAction","target":{"@type":"EntryPoint","urlTemplate":"https:\/\/transamerica93.com.br\/home\/?s={search_term_string}"},"query-input":{"@type":"PropertyValueSpecification","valueRequired":true,"valueName":"search_term_string"}}],"inLanguage":"pt-BR"},{"@type":"Organization","@id":"https:\/\/transamerica93.com.br\/home\/#organization","name":"Transam\u00e9rica Mococa 93,3","url":"https:\/\/transamerica93.com.br\/home\/","logo":{"@type":"ImageObject","inLanguage":"pt-BR","@id":"https:\/\/transamerica93.com.br\/home\/#\/schema\/logo\/image\/","url":"https:\/\/transamerica93.com.br\/home\/wp-content\/uploads\/2023\/10\/logo2.png","contentUrl":"https:\/\/transamerica93.com.br\/home\/wp-content\/uploads\/2023\/10\/logo2.png","width":800,"height":500,"caption":"Transam\u00e9rica Mococa 93,3"},"image":{"@id":"https:\/\/transamerica93.com.br\/home\/#\/schema\/logo\/image\/"},"sameAs":["https:\/\/www.facebook.com\/transamericamococa","https:\/\/x.com\/transamerica933","https:\/\/www.instagram.com\/transamericamococa"]},{"@type":"Person","@id":"https:\/\/transamerica93.com.br\/home\/#\/schema\/person\/7fed7c99c0d4562efa8561bc0f543172","name":"Reda\u00e7\u00e3o","image":{"@type":"ImageObject","inLanguage":"pt-BR","@id":"https:\/\/secure.gravatar.com\/avatar\/1072c6b775fb02ef8506ce967551d95926669a6b7d2c2147b42eea4d7c68395e?s=96&d=mm&r=g","url":"https:\/\/secure.gravatar.com\/avatar\/1072c6b775fb02ef8506ce967551d95926669a6b7d2c2147b42eea4d7c68395e?s=96&d=mm&r=g","contentUrl":"https:\/\/secure.gravatar.com\/avatar\/1072c6b775fb02ef8506ce967551d95926669a6b7d2c2147b42eea4d7c68395e?s=96&d=mm&r=g","caption":"Reda\u00e7\u00e3o"},"sameAs":["https:\/\/transamerica93.com.br\/home"],"url":"https:\/\/transamerica93.com.br\/home\/author\/william\/"}]}},"_links":{"self":[{"href":"https:\/\/transamerica93.com.br\/home\/wp-json\/wp\/v2\/posts\/5628","targetHints":{"allow":["GET"]}}],"collection":[{"href":"https:\/\/transamerica93.com.br\/home\/wp-json\/wp\/v2\/posts"}],"about":[{"href":"https:\/\/transamerica93.com.br\/home\/wp-json\/wp\/v2\/types\/post"}],"author":[{"embeddable":true,"href":"https:\/\/transamerica93.com.br\/home\/wp-json\/wp\/v2\/users\/1"}],"replies":[{"embeddable":true,"href":"https:\/\/transamerica93.com.br\/home\/wp-json\/wp\/v2\/comments?post=5628"}],"version-history":[{"count":1,"href":"https:\/\/transamerica93.com.br\/home\/wp-json\/wp\/v2\/posts\/5628\/revisions"}],"predecessor-version":[{"id":5630,"href":"https:\/\/transamerica93.com.br\/home\/wp-json\/wp\/v2\/posts\/5628\/revisions\/5630"}],"wp:featuredmedia":[{"embeddable":true,"href":"https:\/\/transamerica93.com.br\/home\/wp-json\/wp\/v2\/media\/5629"}],"wp:attachment":[{"href":"https:\/\/transamerica93.com.br\/home\/wp-json\/wp\/v2\/media?parent=5628"}],"wp:term":[{"taxonomy":"category","embeddable":true,"href":"https:\/\/transamerica93.com.br\/home\/wp-json\/wp\/v2\/categories?post=5628"},{"taxonomy":"post_tag","embeddable":true,"href":"https:\/\/transamerica93.com.br\/home\/wp-json\/wp\/v2\/tags?post=5628"}],"curies":[{"name":"wp","href":"https:\/\/api.w.org\/{rel}","templated":true}]}}