{"id":5637,"date":"2025-06-09T12:00:37","date_gmt":"2025-06-09T15:00:37","guid":{"rendered":"https:\/\/transamerica93.com.br\/home\/?p=5637"},"modified":"2025-05-22T09:50:25","modified_gmt":"2025-05-22T12:50:25","slug":"torcedor-do-flamengo-e-condenado-a-14-anos-de-prisao-pela-morte-da-palmeirense-gabriela-anelli","status":"publish","type":"post","link":"https:\/\/transamerica93.com.br\/home\/torcedor-do-flamengo-e-condenado-a-14-anos-de-prisao-pela-morte-da-palmeirense-gabriela-anelli\/","title":{"rendered":"Torcedor do Flamengo \u00e9 condenado a 14 anos de pris\u00e3o pela morte da palmeirense Gabriela Anelli"},"content":{"rendered":"<p>Por Bruno Accorsi<\/p>\n<p>O Tribunal de Justi\u00e7a de S\u00e3o Paulo (TJ-SP) condenou Jonathan Messias Santos da Silva a 14 anos de pris\u00e3o, nesta ter\u00e7a-feira, pela morte de Gabriela Anelli, torcedora do Palmeiras atingida por estilha\u00e7os de uma garrafa antes de partida do clube paulista contra o Flamengo, em julho de 2023.<\/p>\n<p>A decis\u00e3o foi por um j\u00fari popular de sete pessoas, com a maioria de quatro votos que reconheceu o caso como homic\u00eddio com dolo eventual &#8211; quando n\u00e3o h\u00e1 inten\u00e7\u00e3o de matar, mas se assume o risco.<\/p>\n<p>Messias foi identificado como autor do ato que culminou na morte da jovem de 23 anos, na Rua Ant\u00f4nio Padre Tom\u00e1s, nas redondezas do Allianz Parque, em S\u00e3o Paulo, e estava preso desde agosto do ano do ocorrido. Ele vai recorrer da decis\u00e3o.<\/p>\n<p>&#8220;Eu esperava uma pena maior, a m\u00e1xima, 30 anos, porque a gente sabe que ele n\u00e3o vai ficar os 14 anos l\u00e1. Quem vive a pris\u00e3o perp\u00e9tua somos n\u00f3s. A gente vai visitar nossa filha no cemit\u00e9rio A fam\u00edlia dele vai visitar ele na cadeia, e daqui a cinco seis anos ele sai. Mas est\u00e1 bom, foi feito um bom trabalho da promotoria&#8221;, disse Ettore Amarchiano Neto, pai de Gabriela.<\/p>\n<p>A defesa do torcedor do Flamengo, que trabalhava como diretor adjunto de uma escola, admite que o r\u00e9u atirou uma garrafa, mas afirma que n\u00e3o h\u00e1 como concluir que os estilha\u00e7os que atingiram a v\u00edtima vieram do objeto arremessado por ele.<\/p>\n<p>O advogado Jos\u00e9 Victor Moraes de Barros Pereira chegou a anexar desenhos de alunos do col\u00e9gio ao processo, com mensagens como &#8220;Voc\u00ea vai sair dessa&#8221; e &#8220;Lili vai cantar&#8221;.<\/p>\n<p>Para a ju\u00edza Isadora Botti Beraldo Moro, ao admitir que atirou a garrafa e a viu estourar perto de torcedores palmeirenses, o r\u00e9u confessou o ponto principal do crime.<\/p>\n<p>A reconstitui\u00e7\u00e3o virtual do ato, realizada por meio de softwares com scanners 3D e drones, possibilitou aos investigadores isolar o som e a imagem do momento exato em que a garrafa \u00e9 atirada e que Gabriela, de 23 anos, \u00e9 atingida. O sistema de reconhecimento facial do Allianz tamb\u00e9m ajudou a confirmar a identidade de Jonathan Messias. Ele chegou a trocar de camisa na confus\u00e3o para entrar no est\u00e1dio.<\/p>\n<p>A MORTE DE GABRIELA<\/p>\n<p>Gabriela Anelli, de 23 anos, morreu no dia 10 de julho, dois dias depois de ser ferida durante uma briga entre torcedores do lado de fora do Allianz Parque, no s\u00e1bado, na partida do Palmeiras com o Flamengo. Ela foi atingida por estilha\u00e7os de uma garrafa no pesco\u00e7o e levada em estado grave para a Santa Casa, no centro da cidade, mas n\u00e3o resistiu aos ferimentos. Os familiares da torcedora chegaram a fazer uma campanha na redes por doa\u00e7\u00f5es de sangue para ajud\u00e1-la.<\/p>\n<p>De acordo com informa\u00e7\u00f5es da SSP, Gabriela foi ferida em confus\u00e3o nas proximidades dos port\u00f5es C e D do Allianz Parque, na rua Padre Ant\u00f4nio Tomas, perto da entrada de visitante. Havia uma divis\u00e3o de metal separando as torcidas e os flamenguistas jogaram garrafas e pedras por cima dessa prote\u00e7\u00e3o.<\/p>\n<p>Uma outra briga entre palmeirenses e flamenguistas, na Rua Cara\u00edbas, foi contida com a a\u00e7\u00e3o da Pol\u00edcia Militar, que usou bombas de efeito moral e g\u00e1s de pimenta. A partida, que terminou empatada por 1 a 1, precisou ser paralisada por duas vezes porque jogadores e torcedores nas arquibancadas ficaram com os olhos irritados.<\/p>\n<p>O corpo de Gabriela foi enterrado no dia 11 de julho, no cemit\u00e9rio Memorial Parque Paulista, em Embu das Artes, na regi\u00e3o metropolitana de S\u00e3o Paulo. Torcedores da Mancha Alvi Verde e de outras organizadas homenagearam Gabriela com bandeir\u00f5es, fogos e cantorias. A pedido da fam\u00edlia, o hino do Palmeiras foi cantado em un\u00edssono antes de a palmeirense ser enterrada.<\/p>\n","protected":false},"excerpt":{"rendered":"<p>Por Bruno Accorsi O Tribunal de Justi\u00e7a de S\u00e3o Paulo (TJ-SP) condenou Jonathan Messias Santos da Silva a 14 anos de pris\u00e3o, nesta ter\u00e7a-feira, pela morte de Gabriela Anelli, torcedora do Palmeiras atingida por estilha\u00e7os de uma garrafa antes de partida do clube paulista contra o Flamengo, em julho de 2023. A decis\u00e3o foi por &hellip;<\/p>\n","protected":false},"author":1,"featured_media":5638,"comment_status":"closed","ping_status":"closed","sticky":false,"template":"","format":"standard","meta":{"footnotes":""},"categories":[31],"tags":[],"class_list":["post-5637","post","type-post","status-publish","format-standard","has-post-thumbnail","hentry","category-esportes"],"yoast_head":"<!-- This site is optimized with the Yoast SEO plugin v27.4 - https:\/\/yoast.com\/product\/yoast-seo-wordpress\/ -->\n<title>Torcedor do Flamengo \u00e9 condenado a 14 anos de pris\u00e3o pela morte da palmeirense Gabriela Anelli - Transam\u00e9rica Mococa 93,3<\/title>\n<meta name=\"robots\" content=\"index, follow, max-snippet:-1, max-image-preview:large, max-video-preview:-1\" \/>\n<link rel=\"canonical\" href=\"https:\/\/transamerica93.com.br\/home\/torcedor-do-flamengo-e-condenado-a-14-anos-de-prisao-pela-morte-da-palmeirense-gabriela-anelli\/\" \/>\n<meta property=\"og:locale\" content=\"pt_BR\" \/>\n<meta property=\"og:type\" content=\"article\" \/>\n<meta property=\"og:title\" content=\"Torcedor do Flamengo \u00e9 condenado a 14 anos de pris\u00e3o pela morte da palmeirense Gabriela Anelli - Transam\u00e9rica Mococa 93,3\" \/>\n<meta property=\"og:description\" content=\"Por Bruno Accorsi O Tribunal de Justi\u00e7a de S\u00e3o Paulo (TJ-SP) condenou Jonathan Messias Santos da Silva a 14 anos de pris\u00e3o, nesta ter\u00e7a-feira, pela morte de Gabriela Anelli, torcedora do Palmeiras atingida por estilha\u00e7os de uma garrafa antes de partida do clube paulista contra o Flamengo, em julho de 2023. A decis\u00e3o foi por &hellip;\" \/>\n<meta property=\"og:url\" content=\"https:\/\/transamerica93.com.br\/home\/torcedor-do-flamengo-e-condenado-a-14-anos-de-prisao-pela-morte-da-palmeirense-gabriela-anelli\/\" \/>\n<meta property=\"og:site_name\" content=\"Transam\u00e9rica Mococa 93,3\" \/>\n<meta property=\"article:publisher\" content=\"https:\/\/www.facebook.com\/transamericamococa\" \/>\n<meta property=\"article:published_time\" content=\"2025-06-09T15:00:37+00:00\" \/>\n<meta property=\"og:image\" content=\"https:\/\/transamerica93.com.br\/home\/wp-content\/uploads\/2025\/05\/1-121.jpg\" \/>\n\t<meta property=\"og:image:width\" content=\"799\" \/>\n\t<meta property=\"og:image:height\" content=\"448\" \/>\n\t<meta property=\"og:image:type\" content=\"image\/jpeg\" \/>\n<meta name=\"author\" content=\"Reda\u00e7\u00e3o\" \/>\n<meta name=\"twitter:card\" content=\"summary_large_image\" \/>\n<meta name=\"twitter:creator\" content=\"@transamerica933\" \/>\n<meta name=\"twitter:site\" content=\"@transamerica933\" \/>\n<meta name=\"twitter:label1\" content=\"Escrito por\" \/>\n\t<meta name=\"twitter:data1\" content=\"Reda\u00e7\u00e3o\" \/>\n\t<meta name=\"twitter:label2\" content=\"Est. tempo de leitura\" \/>\n\t<meta name=\"twitter:data2\" content=\"4 minutos\" \/>\n<script type=\"application\/ld+json\" class=\"yoast-schema-graph\">{\"@context\":\"https:\\\/\\\/schema.org\",\"@graph\":[{\"@type\":\"Article\",\"@id\":\"https:\\\/\\\/transamerica93.com.br\\\/home\\\/torcedor-do-flamengo-e-condenado-a-14-anos-de-prisao-pela-morte-da-palmeirense-gabriela-anelli\\\/#article\",\"isPartOf\":{\"@id\":\"https:\\\/\\\/transamerica93.com.br\\\/home\\\/torcedor-do-flamengo-e-condenado-a-14-anos-de-prisao-pela-morte-da-palmeirense-gabriela-anelli\\\/\"},\"author\":{\"name\":\"Reda\u00e7\u00e3o\",\"@id\":\"https:\\\/\\\/transamerica93.com.br\\\/home\\\/#\\\/schema\\\/person\\\/7fed7c99c0d4562efa8561bc0f543172\"},\"headline\":\"Torcedor do Flamengo \u00e9 condenado a 14 anos de pris\u00e3o pela morte da palmeirense Gabriela Anelli\",\"datePublished\":\"2025-06-09T15:00:37+00:00\",\"mainEntityOfPage\":{\"@id\":\"https:\\\/\\\/transamerica93.com.br\\\/home\\\/torcedor-do-flamengo-e-condenado-a-14-anos-de-prisao-pela-morte-da-palmeirense-gabriela-anelli\\\/\"},\"wordCount\":676,\"publisher\":{\"@id\":\"https:\\\/\\\/transamerica93.com.br\\\/home\\\/#organization\"},\"image\":{\"@id\":\"https:\\\/\\\/transamerica93.com.br\\\/home\\\/torcedor-do-flamengo-e-condenado-a-14-anos-de-prisao-pela-morte-da-palmeirense-gabriela-anelli\\\/#primaryimage\"},\"thumbnailUrl\":\"https:\\\/\\\/transamerica93.com.br\\\/home\\\/wp-content\\\/uploads\\\/2025\\\/05\\\/1-121.jpg\",\"articleSection\":[\"Esportes\"],\"inLanguage\":\"pt-BR\"},{\"@type\":\"WebPage\",\"@id\":\"https:\\\/\\\/transamerica93.com.br\\\/home\\\/torcedor-do-flamengo-e-condenado-a-14-anos-de-prisao-pela-morte-da-palmeirense-gabriela-anelli\\\/\",\"url\":\"https:\\\/\\\/transamerica93.com.br\\\/home\\\/torcedor-do-flamengo-e-condenado-a-14-anos-de-prisao-pela-morte-da-palmeirense-gabriela-anelli\\\/\",\"name\":\"Torcedor do Flamengo \u00e9 condenado a 14 anos de pris\u00e3o pela morte da palmeirense Gabriela Anelli - Transam\u00e9rica Mococa 93,3\",\"isPartOf\":{\"@id\":\"https:\\\/\\\/transamerica93.com.br\\\/home\\\/#website\"},\"primaryImageOfPage\":{\"@id\":\"https:\\\/\\\/transamerica93.com.br\\\/home\\\/torcedor-do-flamengo-e-condenado-a-14-anos-de-prisao-pela-morte-da-palmeirense-gabriela-anelli\\\/#primaryimage\"},\"image\":{\"@id\":\"https:\\\/\\\/transamerica93.com.br\\\/home\\\/torcedor-do-flamengo-e-condenado-a-14-anos-de-prisao-pela-morte-da-palmeirense-gabriela-anelli\\\/#primaryimage\"},\"thumbnailUrl\":\"https:\\\/\\\/transamerica93.com.br\\\/home\\\/wp-content\\\/uploads\\\/2025\\\/05\\\/1-121.jpg\",\"datePublished\":\"2025-06-09T15:00:37+00:00\",\"breadcrumb\":{\"@id\":\"https:\\\/\\\/transamerica93.com.br\\\/home\\\/torcedor-do-flamengo-e-condenado-a-14-anos-de-prisao-pela-morte-da-palmeirense-gabriela-anelli\\\/#breadcrumb\"},\"inLanguage\":\"pt-BR\",\"potentialAction\":[{\"@type\":\"ReadAction\",\"target\":[\"https:\\\/\\\/transamerica93.com.br\\\/home\\\/torcedor-do-flamengo-e-condenado-a-14-anos-de-prisao-pela-morte-da-palmeirense-gabriela-anelli\\\/\"]}]},{\"@type\":\"ImageObject\",\"inLanguage\":\"pt-BR\",\"@id\":\"https:\\\/\\\/transamerica93.com.br\\\/home\\\/torcedor-do-flamengo-e-condenado-a-14-anos-de-prisao-pela-morte-da-palmeirense-gabriela-anelli\\\/#primaryimage\",\"url\":\"https:\\\/\\\/transamerica93.com.br\\\/home\\\/wp-content\\\/uploads\\\/2025\\\/05\\\/1-121.jpg\",\"contentUrl\":\"https:\\\/\\\/transamerica93.com.br\\\/home\\\/wp-content\\\/uploads\\\/2025\\\/05\\\/1-121.jpg\",\"width\":799,\"height\":448},{\"@type\":\"BreadcrumbList\",\"@id\":\"https:\\\/\\\/transamerica93.com.br\\\/home\\\/torcedor-do-flamengo-e-condenado-a-14-anos-de-prisao-pela-morte-da-palmeirense-gabriela-anelli\\\/#breadcrumb\",\"itemListElement\":[{\"@type\":\"ListItem\",\"position\":1,\"name\":\"In\u00edcio\",\"item\":\"https:\\\/\\\/transamerica93.com.br\\\/home\\\/\"},{\"@type\":\"ListItem\",\"position\":2,\"name\":\"Torcedor do Flamengo \u00e9 condenado a 14 anos de pris\u00e3o pela morte da palmeirense Gabriela Anelli\"}]},{\"@type\":\"WebSite\",\"@id\":\"https:\\\/\\\/transamerica93.com.br\\\/home\\\/#website\",\"url\":\"https:\\\/\\\/transamerica93.com.br\\\/home\\\/\",\"name\":\"Transam\u00e9rica Mococa 93,3\",\"description\":\"\",\"publisher\":{\"@id\":\"https:\\\/\\\/transamerica93.com.br\\\/home\\\/#organization\"},\"potentialAction\":[{\"@type\":\"SearchAction\",\"target\":{\"@type\":\"EntryPoint\",\"urlTemplate\":\"https:\\\/\\\/transamerica93.com.br\\\/home\\\/?s={search_term_string}\"},\"query-input\":{\"@type\":\"PropertyValueSpecification\",\"valueRequired\":true,\"valueName\":\"search_term_string\"}}],\"inLanguage\":\"pt-BR\"},{\"@type\":\"Organization\",\"@id\":\"https:\\\/\\\/transamerica93.com.br\\\/home\\\/#organization\",\"name\":\"Transam\u00e9rica Mococa 93,3\",\"url\":\"https:\\\/\\\/transamerica93.com.br\\\/home\\\/\",\"logo\":{\"@type\":\"ImageObject\",\"inLanguage\":\"pt-BR\",\"@id\":\"https:\\\/\\\/transamerica93.com.br\\\/home\\\/#\\\/schema\\\/logo\\\/image\\\/\",\"url\":\"https:\\\/\\\/transamerica93.com.br\\\/home\\\/wp-content\\\/uploads\\\/2023\\\/10\\\/logo2.png\",\"contentUrl\":\"https:\\\/\\\/transamerica93.com.br\\\/home\\\/wp-content\\\/uploads\\\/2023\\\/10\\\/logo2.png\",\"width\":800,\"height\":500,\"caption\":\"Transam\u00e9rica Mococa 93,3\"},\"image\":{\"@id\":\"https:\\\/\\\/transamerica93.com.br\\\/home\\\/#\\\/schema\\\/logo\\\/image\\\/\"},\"sameAs\":[\"https:\\\/\\\/www.facebook.com\\\/transamericamococa\",\"https:\\\/\\\/x.com\\\/transamerica933\",\"https:\\\/\\\/www.instagram.com\\\/transamericamococa\"]},{\"@type\":\"Person\",\"@id\":\"https:\\\/\\\/transamerica93.com.br\\\/home\\\/#\\\/schema\\\/person\\\/7fed7c99c0d4562efa8561bc0f543172\",\"name\":\"Reda\u00e7\u00e3o\",\"image\":{\"@type\":\"ImageObject\",\"inLanguage\":\"pt-BR\",\"@id\":\"https:\\\/\\\/secure.gravatar.com\\\/avatar\\\/1072c6b775fb02ef8506ce967551d95926669a6b7d2c2147b42eea4d7c68395e?s=96&d=mm&r=g\",\"url\":\"https:\\\/\\\/secure.gravatar.com\\\/avatar\\\/1072c6b775fb02ef8506ce967551d95926669a6b7d2c2147b42eea4d7c68395e?s=96&d=mm&r=g\",\"contentUrl\":\"https:\\\/\\\/secure.gravatar.com\\\/avatar\\\/1072c6b775fb02ef8506ce967551d95926669a6b7d2c2147b42eea4d7c68395e?s=96&d=mm&r=g\",\"caption\":\"Reda\u00e7\u00e3o\"},\"sameAs\":[\"https:\\\/\\\/transamerica93.com.br\\\/home\"],\"url\":\"https:\\\/\\\/transamerica93.com.br\\\/home\\\/author\\\/william\\\/\"}]}<\/script>\n<!-- \/ Yoast SEO plugin. -->","yoast_head_json":{"title":"Torcedor do Flamengo \u00e9 condenado a 14 anos de pris\u00e3o pela morte da palmeirense Gabriela Anelli - Transam\u00e9rica Mococa 93,3","robots":{"index":"index","follow":"follow","max-snippet":"max-snippet:-1","max-image-preview":"max-image-preview:large","max-video-preview":"max-video-preview:-1"},"canonical":"https:\/\/transamerica93.com.br\/home\/torcedor-do-flamengo-e-condenado-a-14-anos-de-prisao-pela-morte-da-palmeirense-gabriela-anelli\/","og_locale":"pt_BR","og_type":"article","og_title":"Torcedor do Flamengo \u00e9 condenado a 14 anos de pris\u00e3o pela morte da palmeirense Gabriela Anelli - Transam\u00e9rica Mococa 93,3","og_description":"Por Bruno Accorsi O Tribunal de Justi\u00e7a de S\u00e3o Paulo (TJ-SP) condenou Jonathan Messias Santos da Silva a 14 anos de pris\u00e3o, nesta ter\u00e7a-feira, pela morte de Gabriela Anelli, torcedora do Palmeiras atingida por estilha\u00e7os de uma garrafa antes de partida do clube paulista contra o Flamengo, em julho de 2023. A decis\u00e3o foi por &hellip;","og_url":"https:\/\/transamerica93.com.br\/home\/torcedor-do-flamengo-e-condenado-a-14-anos-de-prisao-pela-morte-da-palmeirense-gabriela-anelli\/","og_site_name":"Transam\u00e9rica Mococa 93,3","article_publisher":"https:\/\/www.facebook.com\/transamericamococa","article_published_time":"2025-06-09T15:00:37+00:00","og_image":[{"width":799,"height":448,"url":"https:\/\/transamerica93.com.br\/home\/wp-content\/uploads\/2025\/05\/1-121.jpg","type":"image\/jpeg"}],"author":"Reda\u00e7\u00e3o","twitter_card":"summary_large_image","twitter_creator":"@transamerica933","twitter_site":"@transamerica933","twitter_misc":{"Escrito por":"Reda\u00e7\u00e3o","Est. tempo de leitura":"4 minutos"},"schema":{"@context":"https:\/\/schema.org","@graph":[{"@type":"Article","@id":"https:\/\/transamerica93.com.br\/home\/torcedor-do-flamengo-e-condenado-a-14-anos-de-prisao-pela-morte-da-palmeirense-gabriela-anelli\/#article","isPartOf":{"@id":"https:\/\/transamerica93.com.br\/home\/torcedor-do-flamengo-e-condenado-a-14-anos-de-prisao-pela-morte-da-palmeirense-gabriela-anelli\/"},"author":{"name":"Reda\u00e7\u00e3o","@id":"https:\/\/transamerica93.com.br\/home\/#\/schema\/person\/7fed7c99c0d4562efa8561bc0f543172"},"headline":"Torcedor do Flamengo \u00e9 condenado a 14 anos de pris\u00e3o pela morte da palmeirense Gabriela Anelli","datePublished":"2025-06-09T15:00:37+00:00","mainEntityOfPage":{"@id":"https:\/\/transamerica93.com.br\/home\/torcedor-do-flamengo-e-condenado-a-14-anos-de-prisao-pela-morte-da-palmeirense-gabriela-anelli\/"},"wordCount":676,"publisher":{"@id":"https:\/\/transamerica93.com.br\/home\/#organization"},"image":{"@id":"https:\/\/transamerica93.com.br\/home\/torcedor-do-flamengo-e-condenado-a-14-anos-de-prisao-pela-morte-da-palmeirense-gabriela-anelli\/#primaryimage"},"thumbnailUrl":"https:\/\/transamerica93.com.br\/home\/wp-content\/uploads\/2025\/05\/1-121.jpg","articleSection":["Esportes"],"inLanguage":"pt-BR"},{"@type":"WebPage","@id":"https:\/\/transamerica93.com.br\/home\/torcedor-do-flamengo-e-condenado-a-14-anos-de-prisao-pela-morte-da-palmeirense-gabriela-anelli\/","url":"https:\/\/transamerica93.com.br\/home\/torcedor-do-flamengo-e-condenado-a-14-anos-de-prisao-pela-morte-da-palmeirense-gabriela-anelli\/","name":"Torcedor do Flamengo \u00e9 condenado a 14 anos de pris\u00e3o pela morte da palmeirense Gabriela Anelli - Transam\u00e9rica Mococa 93,3","isPartOf":{"@id":"https:\/\/transamerica93.com.br\/home\/#website"},"primaryImageOfPage":{"@id":"https:\/\/transamerica93.com.br\/home\/torcedor-do-flamengo-e-condenado-a-14-anos-de-prisao-pela-morte-da-palmeirense-gabriela-anelli\/#primaryimage"},"image":{"@id":"https:\/\/transamerica93.com.br\/home\/torcedor-do-flamengo-e-condenado-a-14-anos-de-prisao-pela-morte-da-palmeirense-gabriela-anelli\/#primaryimage"},"thumbnailUrl":"https:\/\/transamerica93.com.br\/home\/wp-content\/uploads\/2025\/05\/1-121.jpg","datePublished":"2025-06-09T15:00:37+00:00","breadcrumb":{"@id":"https:\/\/transamerica93.com.br\/home\/torcedor-do-flamengo-e-condenado-a-14-anos-de-prisao-pela-morte-da-palmeirense-gabriela-anelli\/#breadcrumb"},"inLanguage":"pt-BR","potentialAction":[{"@type":"ReadAction","target":["https:\/\/transamerica93.com.br\/home\/torcedor-do-flamengo-e-condenado-a-14-anos-de-prisao-pela-morte-da-palmeirense-gabriela-anelli\/"]}]},{"@type":"ImageObject","inLanguage":"pt-BR","@id":"https:\/\/transamerica93.com.br\/home\/torcedor-do-flamengo-e-condenado-a-14-anos-de-prisao-pela-morte-da-palmeirense-gabriela-anelli\/#primaryimage","url":"https:\/\/transamerica93.com.br\/home\/wp-content\/uploads\/2025\/05\/1-121.jpg","contentUrl":"https:\/\/transamerica93.com.br\/home\/wp-content\/uploads\/2025\/05\/1-121.jpg","width":799,"height":448},{"@type":"BreadcrumbList","@id":"https:\/\/transamerica93.com.br\/home\/torcedor-do-flamengo-e-condenado-a-14-anos-de-prisao-pela-morte-da-palmeirense-gabriela-anelli\/#breadcrumb","itemListElement":[{"@type":"ListItem","position":1,"name":"In\u00edcio","item":"https:\/\/transamerica93.com.br\/home\/"},{"@type":"ListItem","position":2,"name":"Torcedor do Flamengo \u00e9 condenado a 14 anos de pris\u00e3o pela morte da palmeirense Gabriela Anelli"}]},{"@type":"WebSite","@id":"https:\/\/transamerica93.com.br\/home\/#website","url":"https:\/\/transamerica93.com.br\/home\/","name":"Transam\u00e9rica Mococa 93,3","description":"","publisher":{"@id":"https:\/\/transamerica93.com.br\/home\/#organization"},"potentialAction":[{"@type":"SearchAction","target":{"@type":"EntryPoint","urlTemplate":"https:\/\/transamerica93.com.br\/home\/?s={search_term_string}"},"query-input":{"@type":"PropertyValueSpecification","valueRequired":true,"valueName":"search_term_string"}}],"inLanguage":"pt-BR"},{"@type":"Organization","@id":"https:\/\/transamerica93.com.br\/home\/#organization","name":"Transam\u00e9rica Mococa 93,3","url":"https:\/\/transamerica93.com.br\/home\/","logo":{"@type":"ImageObject","inLanguage":"pt-BR","@id":"https:\/\/transamerica93.com.br\/home\/#\/schema\/logo\/image\/","url":"https:\/\/transamerica93.com.br\/home\/wp-content\/uploads\/2023\/10\/logo2.png","contentUrl":"https:\/\/transamerica93.com.br\/home\/wp-content\/uploads\/2023\/10\/logo2.png","width":800,"height":500,"caption":"Transam\u00e9rica Mococa 93,3"},"image":{"@id":"https:\/\/transamerica93.com.br\/home\/#\/schema\/logo\/image\/"},"sameAs":["https:\/\/www.facebook.com\/transamericamococa","https:\/\/x.com\/transamerica933","https:\/\/www.instagram.com\/transamericamococa"]},{"@type":"Person","@id":"https:\/\/transamerica93.com.br\/home\/#\/schema\/person\/7fed7c99c0d4562efa8561bc0f543172","name":"Reda\u00e7\u00e3o","image":{"@type":"ImageObject","inLanguage":"pt-BR","@id":"https:\/\/secure.gravatar.com\/avatar\/1072c6b775fb02ef8506ce967551d95926669a6b7d2c2147b42eea4d7c68395e?s=96&d=mm&r=g","url":"https:\/\/secure.gravatar.com\/avatar\/1072c6b775fb02ef8506ce967551d95926669a6b7d2c2147b42eea4d7c68395e?s=96&d=mm&r=g","contentUrl":"https:\/\/secure.gravatar.com\/avatar\/1072c6b775fb02ef8506ce967551d95926669a6b7d2c2147b42eea4d7c68395e?s=96&d=mm&r=g","caption":"Reda\u00e7\u00e3o"},"sameAs":["https:\/\/transamerica93.com.br\/home"],"url":"https:\/\/transamerica93.com.br\/home\/author\/william\/"}]}},"_links":{"self":[{"href":"https:\/\/transamerica93.com.br\/home\/wp-json\/wp\/v2\/posts\/5637","targetHints":{"allow":["GET"]}}],"collection":[{"href":"https:\/\/transamerica93.com.br\/home\/wp-json\/wp\/v2\/posts"}],"about":[{"href":"https:\/\/transamerica93.com.br\/home\/wp-json\/wp\/v2\/types\/post"}],"author":[{"embeddable":true,"href":"https:\/\/transamerica93.com.br\/home\/wp-json\/wp\/v2\/users\/1"}],"replies":[{"embeddable":true,"href":"https:\/\/transamerica93.com.br\/home\/wp-json\/wp\/v2\/comments?post=5637"}],"version-history":[{"count":1,"href":"https:\/\/transamerica93.com.br\/home\/wp-json\/wp\/v2\/posts\/5637\/revisions"}],"predecessor-version":[{"id":5639,"href":"https:\/\/transamerica93.com.br\/home\/wp-json\/wp\/v2\/posts\/5637\/revisions\/5639"}],"wp:featuredmedia":[{"embeddable":true,"href":"https:\/\/transamerica93.com.br\/home\/wp-json\/wp\/v2\/media\/5638"}],"wp:attachment":[{"href":"https:\/\/transamerica93.com.br\/home\/wp-json\/wp\/v2\/media?parent=5637"}],"wp:term":[{"taxonomy":"category","embeddable":true,"href":"https:\/\/transamerica93.com.br\/home\/wp-json\/wp\/v2\/categories?post=5637"},{"taxonomy":"post_tag","embeddable":true,"href":"https:\/\/transamerica93.com.br\/home\/wp-json\/wp\/v2\/tags?post=5637"}],"curies":[{"name":"wp","href":"https:\/\/api.w.org\/{rel}","templated":true}]}}