{"id":5640,"date":"2025-06-10T12:00:46","date_gmt":"2025-06-10T15:00:46","guid":{"rendered":"https:\/\/transamerica93.com.br\/home\/?p=5640"},"modified":"2025-05-22T09:53:12","modified_gmt":"2025-05-22T12:53:12","slug":"promotores-pedem-suspensao-temporaria-do-julgamento-da-morte-de-diego-maradona","status":"publish","type":"post","link":"https:\/\/transamerica93.com.br\/home\/promotores-pedem-suspensao-temporaria-do-julgamento-da-morte-de-diego-maradona\/","title":{"rendered":"Promotores pedem suspens\u00e3o tempor\u00e1ria do julgamento da morte de Diego Maradona"},"content":{"rendered":"<p>Os promotores do julgamento da morte de Diego Maradona solicitaram uma suspens\u00e3o de dez dias, argumentando que um dos ju\u00edzes do tribunal \u00e9 tendencioso e supostamente aprovou a produ\u00e7\u00e3o irregular de um document\u00e1rio sobre o caso.<\/p>\n<p>Patricio Ferrari, um dos promotores, fez o pedido ao tribunal localizado nos arredores de Buenos Aires, que conduz o julgamento desde mar\u00e7o e \u00e9 composto por tr\u00eas membros, incluindo a ju\u00edza em quest\u00e3o, Julieta Makintach, que rejeitou as acusa\u00e7\u00f5es contra ela.<\/p>\n<p>Sete profissionais de sa\u00fade est\u00e3o sendo julgados por seu suposto envolvimento na morte do lend\u00e1rio jogador, ocorrida no dia 25 de novembro de 2020. Ele se recuperava, em uma casa alugada nos de Buenos Aires, de uma cirurgia para remover um hematoma subdural na cabe\u00e7a.<\/p>\n<p>A acusa\u00e7\u00e3o acredita que os r\u00e9us n\u00e3o cuidaram adequadamente da sa\u00fade do capit\u00e3o da sele\u00e7\u00e3o argentina que venceu a Copa do Mundo de 1986 durante sua hospitaliza\u00e7\u00e3o.<\/p>\n<p>Os sete s\u00e3o acusados de homic\u00eddio simples por dolo eventual, que ocorre quando o autor sabe que sua conduta pode causar danos, mas mesmo assim continua com o ato. A pena m\u00e1xima para este crime \u00e9 de 25 anos de pris\u00e3o.<\/p>\n<p>Ao argumentar sobre o pedido de suspens\u00e3o do processo, o promotor Ferrari pediu que a popula\u00e7\u00e3o &#8220;n\u00e3o finja insanidade&#8221;, j\u00e1 que &#8220;a situa\u00e7\u00e3o compromete o prest\u00edgio do Judici\u00e1rio&#8221;. &#8220;Acreditamos ser aconselh\u00e1vel e extremamente prudente saber o que deve acontecer com o resultado do debate e com as a\u00e7\u00f5es do juiz acusado e impugnado&#8221;, afirmou o magistrado.<\/p>\n<p>Os advogados que representam os familiares de Maradona aderiram ao pedido. Fernando Burlando, que representa duas das filhas do ex-jogador de futebol, disse que a suspens\u00e3o tempor\u00e1ria traria &#8220;serenidade, rigor e a continuidade do processo&#8221;. O tribunal decidir\u00e1 sobre o pedido nas pr\u00f3ximas horas.<\/p>\n<p>Mackintach foi investigado por supostamente ter v\u00ednculos com uma produtora para fazer um document\u00e1rio sobre o caso sem o devido consentimento, o que teria levado dois cinegrafistas a entrarem no tribunal onde as audi\u00eancias estavam ocorrendo e teriam gravado cenas do processo.<\/p>\n<p>Burlando \u00e9 um dos advogados do autor que entrou com uma queixa criminal paralelamente ao julgamento em andamento para determinar se existe um document\u00e1rio sobre o caso que tenha sido aprovado pelo juiz. A suspens\u00e3o do processo permitiria que a investiga\u00e7\u00e3o avan\u00e7asse para apurar o que ocorreu nesse sentido.<\/p>\n<p>Dias atr\u00e1s, a defesa de Leopoldo Luque, m\u00e9dico titular de Maradona na \u00e9poca de sua morte, e um dos principais r\u00e9us, havia solicitado o afastamento do juiz, alegando que ele havia demonstrado falta de imparcialidade no processo. O pedido de recusa foi rejeitado pelos tr\u00eas membros do tribunal, mas a defesa do r\u00e9u recorreu e, por sua vez, recentemente entrou com outro pedido de remo\u00e7\u00e3o do juiz.<\/p>\n<p>Julio Rivas, advogado de Luque, disse h\u00e1 alguns dias que algu\u00e9m da rede inglesa BBC o contatou para solicitar uma entrevista porque estavam fazendo um document\u00e1rio sobre o julgamento. Ele acrescentou que recebeu informa\u00e7\u00f5es de que a suposta produtora envolvida no document\u00e1rio estava associada a Juan Makintach, irm\u00e3o do juiz.<\/p>\n<p>A pol\u00edcia disse na sexta-feira que viu uma c\u00e2mera no tribunal e que um funcion\u00e1rio do tribunal disse que sua presen\u00e7a foi aprovada pelo juiz Makintach.<\/p>\n","protected":false},"excerpt":{"rendered":"<p>Os promotores do julgamento da morte de Diego Maradona solicitaram uma suspens\u00e3o de dez dias, argumentando que um dos ju\u00edzes do tribunal \u00e9 tendencioso e supostamente aprovou a produ\u00e7\u00e3o irregular de um document\u00e1rio sobre o caso. Patricio Ferrari, um dos promotores, fez o pedido ao tribunal localizado nos arredores de Buenos Aires, que conduz o &hellip;<\/p>\n","protected":false},"author":1,"featured_media":5641,"comment_status":"closed","ping_status":"closed","sticky":false,"template":"","format":"standard","meta":{"footnotes":""},"categories":[31],"tags":[],"class_list":["post-5640","post","type-post","status-publish","format-standard","has-post-thumbnail","hentry","category-esportes"],"yoast_head":"<!-- This site is optimized with the Yoast SEO plugin v27.4 - https:\/\/yoast.com\/product\/yoast-seo-wordpress\/ -->\n<title>Promotores pedem suspens\u00e3o tempor\u00e1ria do julgamento da morte de Diego Maradona - Transam\u00e9rica Mococa 93,3<\/title>\n<meta name=\"robots\" content=\"index, follow, max-snippet:-1, max-image-preview:large, max-video-preview:-1\" \/>\n<link rel=\"canonical\" href=\"https:\/\/transamerica93.com.br\/home\/promotores-pedem-suspensao-temporaria-do-julgamento-da-morte-de-diego-maradona\/\" \/>\n<meta property=\"og:locale\" content=\"pt_BR\" \/>\n<meta property=\"og:type\" content=\"article\" \/>\n<meta property=\"og:title\" content=\"Promotores pedem suspens\u00e3o tempor\u00e1ria do julgamento da morte de Diego Maradona - Transam\u00e9rica Mococa 93,3\" \/>\n<meta property=\"og:description\" content=\"Os promotores do julgamento da morte de Diego Maradona solicitaram uma suspens\u00e3o de dez dias, argumentando que um dos ju\u00edzes do tribunal \u00e9 tendencioso e supostamente aprovou a produ\u00e7\u00e3o irregular de um document\u00e1rio sobre o caso. Patricio Ferrari, um dos promotores, fez o pedido ao tribunal localizado nos arredores de Buenos Aires, que conduz o &hellip;\" \/>\n<meta property=\"og:url\" content=\"https:\/\/transamerica93.com.br\/home\/promotores-pedem-suspensao-temporaria-do-julgamento-da-morte-de-diego-maradona\/\" \/>\n<meta property=\"og:site_name\" content=\"Transam\u00e9rica Mococa 93,3\" \/>\n<meta property=\"article:publisher\" content=\"https:\/\/www.facebook.com\/transamericamococa\" \/>\n<meta property=\"article:published_time\" content=\"2025-06-10T15:00:46+00:00\" \/>\n<meta property=\"og:image\" content=\"https:\/\/transamerica93.com.br\/home\/wp-content\/uploads\/2025\/05\/1-122.jpg\" \/>\n\t<meta property=\"og:image:width\" content=\"1920\" \/>\n\t<meta property=\"og:image:height\" content=\"1280\" \/>\n\t<meta property=\"og:image:type\" content=\"image\/jpeg\" \/>\n<meta name=\"author\" content=\"Reda\u00e7\u00e3o\" \/>\n<meta name=\"twitter:card\" content=\"summary_large_image\" \/>\n<meta name=\"twitter:creator\" content=\"@transamerica933\" \/>\n<meta name=\"twitter:site\" content=\"@transamerica933\" \/>\n<meta name=\"twitter:label1\" content=\"Escrito por\" \/>\n\t<meta name=\"twitter:data1\" content=\"Reda\u00e7\u00e3o\" \/>\n\t<meta name=\"twitter:label2\" content=\"Est. tempo de leitura\" \/>\n\t<meta name=\"twitter:data2\" content=\"3 minutos\" \/>\n<script type=\"application\/ld+json\" class=\"yoast-schema-graph\">{\"@context\":\"https:\\\/\\\/schema.org\",\"@graph\":[{\"@type\":\"Article\",\"@id\":\"https:\\\/\\\/transamerica93.com.br\\\/home\\\/promotores-pedem-suspensao-temporaria-do-julgamento-da-morte-de-diego-maradona\\\/#article\",\"isPartOf\":{\"@id\":\"https:\\\/\\\/transamerica93.com.br\\\/home\\\/promotores-pedem-suspensao-temporaria-do-julgamento-da-morte-de-diego-maradona\\\/\"},\"author\":{\"name\":\"Reda\u00e7\u00e3o\",\"@id\":\"https:\\\/\\\/transamerica93.com.br\\\/home\\\/#\\\/schema\\\/person\\\/7fed7c99c0d4562efa8561bc0f543172\"},\"headline\":\"Promotores pedem suspens\u00e3o tempor\u00e1ria do julgamento da morte de Diego Maradona\",\"datePublished\":\"2025-06-10T15:00:46+00:00\",\"mainEntityOfPage\":{\"@id\":\"https:\\\/\\\/transamerica93.com.br\\\/home\\\/promotores-pedem-suspensao-temporaria-do-julgamento-da-morte-de-diego-maradona\\\/\"},\"wordCount\":586,\"publisher\":{\"@id\":\"https:\\\/\\\/transamerica93.com.br\\\/home\\\/#organization\"},\"image\":{\"@id\":\"https:\\\/\\\/transamerica93.com.br\\\/home\\\/promotores-pedem-suspensao-temporaria-do-julgamento-da-morte-de-diego-maradona\\\/#primaryimage\"},\"thumbnailUrl\":\"https:\\\/\\\/transamerica93.com.br\\\/home\\\/wp-content\\\/uploads\\\/2025\\\/05\\\/1-122.jpg\",\"articleSection\":[\"Esportes\"],\"inLanguage\":\"pt-BR\"},{\"@type\":\"WebPage\",\"@id\":\"https:\\\/\\\/transamerica93.com.br\\\/home\\\/promotores-pedem-suspensao-temporaria-do-julgamento-da-morte-de-diego-maradona\\\/\",\"url\":\"https:\\\/\\\/transamerica93.com.br\\\/home\\\/promotores-pedem-suspensao-temporaria-do-julgamento-da-morte-de-diego-maradona\\\/\",\"name\":\"Promotores pedem suspens\u00e3o tempor\u00e1ria do julgamento da morte de Diego Maradona - Transam\u00e9rica Mococa 93,3\",\"isPartOf\":{\"@id\":\"https:\\\/\\\/transamerica93.com.br\\\/home\\\/#website\"},\"primaryImageOfPage\":{\"@id\":\"https:\\\/\\\/transamerica93.com.br\\\/home\\\/promotores-pedem-suspensao-temporaria-do-julgamento-da-morte-de-diego-maradona\\\/#primaryimage\"},\"image\":{\"@id\":\"https:\\\/\\\/transamerica93.com.br\\\/home\\\/promotores-pedem-suspensao-temporaria-do-julgamento-da-morte-de-diego-maradona\\\/#primaryimage\"},\"thumbnailUrl\":\"https:\\\/\\\/transamerica93.com.br\\\/home\\\/wp-content\\\/uploads\\\/2025\\\/05\\\/1-122.jpg\",\"datePublished\":\"2025-06-10T15:00:46+00:00\",\"breadcrumb\":{\"@id\":\"https:\\\/\\\/transamerica93.com.br\\\/home\\\/promotores-pedem-suspensao-temporaria-do-julgamento-da-morte-de-diego-maradona\\\/#breadcrumb\"},\"inLanguage\":\"pt-BR\",\"potentialAction\":[{\"@type\":\"ReadAction\",\"target\":[\"https:\\\/\\\/transamerica93.com.br\\\/home\\\/promotores-pedem-suspensao-temporaria-do-julgamento-da-morte-de-diego-maradona\\\/\"]}]},{\"@type\":\"ImageObject\",\"inLanguage\":\"pt-BR\",\"@id\":\"https:\\\/\\\/transamerica93.com.br\\\/home\\\/promotores-pedem-suspensao-temporaria-do-julgamento-da-morte-de-diego-maradona\\\/#primaryimage\",\"url\":\"https:\\\/\\\/transamerica93.com.br\\\/home\\\/wp-content\\\/uploads\\\/2025\\\/05\\\/1-122.jpg\",\"contentUrl\":\"https:\\\/\\\/transamerica93.com.br\\\/home\\\/wp-content\\\/uploads\\\/2025\\\/05\\\/1-122.jpg\",\"width\":1920,\"height\":1280},{\"@type\":\"BreadcrumbList\",\"@id\":\"https:\\\/\\\/transamerica93.com.br\\\/home\\\/promotores-pedem-suspensao-temporaria-do-julgamento-da-morte-de-diego-maradona\\\/#breadcrumb\",\"itemListElement\":[{\"@type\":\"ListItem\",\"position\":1,\"name\":\"In\u00edcio\",\"item\":\"https:\\\/\\\/transamerica93.com.br\\\/home\\\/\"},{\"@type\":\"ListItem\",\"position\":2,\"name\":\"Promotores pedem suspens\u00e3o tempor\u00e1ria do julgamento da morte de Diego Maradona\"}]},{\"@type\":\"WebSite\",\"@id\":\"https:\\\/\\\/transamerica93.com.br\\\/home\\\/#website\",\"url\":\"https:\\\/\\\/transamerica93.com.br\\\/home\\\/\",\"name\":\"Transam\u00e9rica Mococa 93,3\",\"description\":\"\",\"publisher\":{\"@id\":\"https:\\\/\\\/transamerica93.com.br\\\/home\\\/#organization\"},\"potentialAction\":[{\"@type\":\"SearchAction\",\"target\":{\"@type\":\"EntryPoint\",\"urlTemplate\":\"https:\\\/\\\/transamerica93.com.br\\\/home\\\/?s={search_term_string}\"},\"query-input\":{\"@type\":\"PropertyValueSpecification\",\"valueRequired\":true,\"valueName\":\"search_term_string\"}}],\"inLanguage\":\"pt-BR\"},{\"@type\":\"Organization\",\"@id\":\"https:\\\/\\\/transamerica93.com.br\\\/home\\\/#organization\",\"name\":\"Transam\u00e9rica Mococa 93,3\",\"url\":\"https:\\\/\\\/transamerica93.com.br\\\/home\\\/\",\"logo\":{\"@type\":\"ImageObject\",\"inLanguage\":\"pt-BR\",\"@id\":\"https:\\\/\\\/transamerica93.com.br\\\/home\\\/#\\\/schema\\\/logo\\\/image\\\/\",\"url\":\"https:\\\/\\\/transamerica93.com.br\\\/home\\\/wp-content\\\/uploads\\\/2023\\\/10\\\/logo2.png\",\"contentUrl\":\"https:\\\/\\\/transamerica93.com.br\\\/home\\\/wp-content\\\/uploads\\\/2023\\\/10\\\/logo2.png\",\"width\":800,\"height\":500,\"caption\":\"Transam\u00e9rica Mococa 93,3\"},\"image\":{\"@id\":\"https:\\\/\\\/transamerica93.com.br\\\/home\\\/#\\\/schema\\\/logo\\\/image\\\/\"},\"sameAs\":[\"https:\\\/\\\/www.facebook.com\\\/transamericamococa\",\"https:\\\/\\\/x.com\\\/transamerica933\",\"https:\\\/\\\/www.instagram.com\\\/transamericamococa\"]},{\"@type\":\"Person\",\"@id\":\"https:\\\/\\\/transamerica93.com.br\\\/home\\\/#\\\/schema\\\/person\\\/7fed7c99c0d4562efa8561bc0f543172\",\"name\":\"Reda\u00e7\u00e3o\",\"image\":{\"@type\":\"ImageObject\",\"inLanguage\":\"pt-BR\",\"@id\":\"https:\\\/\\\/secure.gravatar.com\\\/avatar\\\/1072c6b775fb02ef8506ce967551d95926669a6b7d2c2147b42eea4d7c68395e?s=96&d=mm&r=g\",\"url\":\"https:\\\/\\\/secure.gravatar.com\\\/avatar\\\/1072c6b775fb02ef8506ce967551d95926669a6b7d2c2147b42eea4d7c68395e?s=96&d=mm&r=g\",\"contentUrl\":\"https:\\\/\\\/secure.gravatar.com\\\/avatar\\\/1072c6b775fb02ef8506ce967551d95926669a6b7d2c2147b42eea4d7c68395e?s=96&d=mm&r=g\",\"caption\":\"Reda\u00e7\u00e3o\"},\"sameAs\":[\"https:\\\/\\\/transamerica93.com.br\\\/home\"],\"url\":\"https:\\\/\\\/transamerica93.com.br\\\/home\\\/author\\\/william\\\/\"}]}<\/script>\n<!-- \/ Yoast SEO plugin. -->","yoast_head_json":{"title":"Promotores pedem suspens\u00e3o tempor\u00e1ria do julgamento da morte de Diego Maradona - Transam\u00e9rica Mococa 93,3","robots":{"index":"index","follow":"follow","max-snippet":"max-snippet:-1","max-image-preview":"max-image-preview:large","max-video-preview":"max-video-preview:-1"},"canonical":"https:\/\/transamerica93.com.br\/home\/promotores-pedem-suspensao-temporaria-do-julgamento-da-morte-de-diego-maradona\/","og_locale":"pt_BR","og_type":"article","og_title":"Promotores pedem suspens\u00e3o tempor\u00e1ria do julgamento da morte de Diego Maradona - Transam\u00e9rica Mococa 93,3","og_description":"Os promotores do julgamento da morte de Diego Maradona solicitaram uma suspens\u00e3o de dez dias, argumentando que um dos ju\u00edzes do tribunal \u00e9 tendencioso e supostamente aprovou a produ\u00e7\u00e3o irregular de um document\u00e1rio sobre o caso. Patricio Ferrari, um dos promotores, fez o pedido ao tribunal localizado nos arredores de Buenos Aires, que conduz o &hellip;","og_url":"https:\/\/transamerica93.com.br\/home\/promotores-pedem-suspensao-temporaria-do-julgamento-da-morte-de-diego-maradona\/","og_site_name":"Transam\u00e9rica Mococa 93,3","article_publisher":"https:\/\/www.facebook.com\/transamericamococa","article_published_time":"2025-06-10T15:00:46+00:00","og_image":[{"width":1920,"height":1280,"url":"https:\/\/transamerica93.com.br\/home\/wp-content\/uploads\/2025\/05\/1-122.jpg","type":"image\/jpeg"}],"author":"Reda\u00e7\u00e3o","twitter_card":"summary_large_image","twitter_creator":"@transamerica933","twitter_site":"@transamerica933","twitter_misc":{"Escrito por":"Reda\u00e7\u00e3o","Est. tempo de leitura":"3 minutos"},"schema":{"@context":"https:\/\/schema.org","@graph":[{"@type":"Article","@id":"https:\/\/transamerica93.com.br\/home\/promotores-pedem-suspensao-temporaria-do-julgamento-da-morte-de-diego-maradona\/#article","isPartOf":{"@id":"https:\/\/transamerica93.com.br\/home\/promotores-pedem-suspensao-temporaria-do-julgamento-da-morte-de-diego-maradona\/"},"author":{"name":"Reda\u00e7\u00e3o","@id":"https:\/\/transamerica93.com.br\/home\/#\/schema\/person\/7fed7c99c0d4562efa8561bc0f543172"},"headline":"Promotores pedem suspens\u00e3o tempor\u00e1ria do julgamento da morte de Diego Maradona","datePublished":"2025-06-10T15:00:46+00:00","mainEntityOfPage":{"@id":"https:\/\/transamerica93.com.br\/home\/promotores-pedem-suspensao-temporaria-do-julgamento-da-morte-de-diego-maradona\/"},"wordCount":586,"publisher":{"@id":"https:\/\/transamerica93.com.br\/home\/#organization"},"image":{"@id":"https:\/\/transamerica93.com.br\/home\/promotores-pedem-suspensao-temporaria-do-julgamento-da-morte-de-diego-maradona\/#primaryimage"},"thumbnailUrl":"https:\/\/transamerica93.com.br\/home\/wp-content\/uploads\/2025\/05\/1-122.jpg","articleSection":["Esportes"],"inLanguage":"pt-BR"},{"@type":"WebPage","@id":"https:\/\/transamerica93.com.br\/home\/promotores-pedem-suspensao-temporaria-do-julgamento-da-morte-de-diego-maradona\/","url":"https:\/\/transamerica93.com.br\/home\/promotores-pedem-suspensao-temporaria-do-julgamento-da-morte-de-diego-maradona\/","name":"Promotores pedem suspens\u00e3o tempor\u00e1ria do julgamento da morte de Diego Maradona - Transam\u00e9rica Mococa 93,3","isPartOf":{"@id":"https:\/\/transamerica93.com.br\/home\/#website"},"primaryImageOfPage":{"@id":"https:\/\/transamerica93.com.br\/home\/promotores-pedem-suspensao-temporaria-do-julgamento-da-morte-de-diego-maradona\/#primaryimage"},"image":{"@id":"https:\/\/transamerica93.com.br\/home\/promotores-pedem-suspensao-temporaria-do-julgamento-da-morte-de-diego-maradona\/#primaryimage"},"thumbnailUrl":"https:\/\/transamerica93.com.br\/home\/wp-content\/uploads\/2025\/05\/1-122.jpg","datePublished":"2025-06-10T15:00:46+00:00","breadcrumb":{"@id":"https:\/\/transamerica93.com.br\/home\/promotores-pedem-suspensao-temporaria-do-julgamento-da-morte-de-diego-maradona\/#breadcrumb"},"inLanguage":"pt-BR","potentialAction":[{"@type":"ReadAction","target":["https:\/\/transamerica93.com.br\/home\/promotores-pedem-suspensao-temporaria-do-julgamento-da-morte-de-diego-maradona\/"]}]},{"@type":"ImageObject","inLanguage":"pt-BR","@id":"https:\/\/transamerica93.com.br\/home\/promotores-pedem-suspensao-temporaria-do-julgamento-da-morte-de-diego-maradona\/#primaryimage","url":"https:\/\/transamerica93.com.br\/home\/wp-content\/uploads\/2025\/05\/1-122.jpg","contentUrl":"https:\/\/transamerica93.com.br\/home\/wp-content\/uploads\/2025\/05\/1-122.jpg","width":1920,"height":1280},{"@type":"BreadcrumbList","@id":"https:\/\/transamerica93.com.br\/home\/promotores-pedem-suspensao-temporaria-do-julgamento-da-morte-de-diego-maradona\/#breadcrumb","itemListElement":[{"@type":"ListItem","position":1,"name":"In\u00edcio","item":"https:\/\/transamerica93.com.br\/home\/"},{"@type":"ListItem","position":2,"name":"Promotores pedem suspens\u00e3o tempor\u00e1ria do julgamento da morte de Diego Maradona"}]},{"@type":"WebSite","@id":"https:\/\/transamerica93.com.br\/home\/#website","url":"https:\/\/transamerica93.com.br\/home\/","name":"Transam\u00e9rica Mococa 93,3","description":"","publisher":{"@id":"https:\/\/transamerica93.com.br\/home\/#organization"},"potentialAction":[{"@type":"SearchAction","target":{"@type":"EntryPoint","urlTemplate":"https:\/\/transamerica93.com.br\/home\/?s={search_term_string}"},"query-input":{"@type":"PropertyValueSpecification","valueRequired":true,"valueName":"search_term_string"}}],"inLanguage":"pt-BR"},{"@type":"Organization","@id":"https:\/\/transamerica93.com.br\/home\/#organization","name":"Transam\u00e9rica Mococa 93,3","url":"https:\/\/transamerica93.com.br\/home\/","logo":{"@type":"ImageObject","inLanguage":"pt-BR","@id":"https:\/\/transamerica93.com.br\/home\/#\/schema\/logo\/image\/","url":"https:\/\/transamerica93.com.br\/home\/wp-content\/uploads\/2023\/10\/logo2.png","contentUrl":"https:\/\/transamerica93.com.br\/home\/wp-content\/uploads\/2023\/10\/logo2.png","width":800,"height":500,"caption":"Transam\u00e9rica Mococa 93,3"},"image":{"@id":"https:\/\/transamerica93.com.br\/home\/#\/schema\/logo\/image\/"},"sameAs":["https:\/\/www.facebook.com\/transamericamococa","https:\/\/x.com\/transamerica933","https:\/\/www.instagram.com\/transamericamococa"]},{"@type":"Person","@id":"https:\/\/transamerica93.com.br\/home\/#\/schema\/person\/7fed7c99c0d4562efa8561bc0f543172","name":"Reda\u00e7\u00e3o","image":{"@type":"ImageObject","inLanguage":"pt-BR","@id":"https:\/\/secure.gravatar.com\/avatar\/1072c6b775fb02ef8506ce967551d95926669a6b7d2c2147b42eea4d7c68395e?s=96&d=mm&r=g","url":"https:\/\/secure.gravatar.com\/avatar\/1072c6b775fb02ef8506ce967551d95926669a6b7d2c2147b42eea4d7c68395e?s=96&d=mm&r=g","contentUrl":"https:\/\/secure.gravatar.com\/avatar\/1072c6b775fb02ef8506ce967551d95926669a6b7d2c2147b42eea4d7c68395e?s=96&d=mm&r=g","caption":"Reda\u00e7\u00e3o"},"sameAs":["https:\/\/transamerica93.com.br\/home"],"url":"https:\/\/transamerica93.com.br\/home\/author\/william\/"}]}},"_links":{"self":[{"href":"https:\/\/transamerica93.com.br\/home\/wp-json\/wp\/v2\/posts\/5640","targetHints":{"allow":["GET"]}}],"collection":[{"href":"https:\/\/transamerica93.com.br\/home\/wp-json\/wp\/v2\/posts"}],"about":[{"href":"https:\/\/transamerica93.com.br\/home\/wp-json\/wp\/v2\/types\/post"}],"author":[{"embeddable":true,"href":"https:\/\/transamerica93.com.br\/home\/wp-json\/wp\/v2\/users\/1"}],"replies":[{"embeddable":true,"href":"https:\/\/transamerica93.com.br\/home\/wp-json\/wp\/v2\/comments?post=5640"}],"version-history":[{"count":1,"href":"https:\/\/transamerica93.com.br\/home\/wp-json\/wp\/v2\/posts\/5640\/revisions"}],"predecessor-version":[{"id":5642,"href":"https:\/\/transamerica93.com.br\/home\/wp-json\/wp\/v2\/posts\/5640\/revisions\/5642"}],"wp:featuredmedia":[{"embeddable":true,"href":"https:\/\/transamerica93.com.br\/home\/wp-json\/wp\/v2\/media\/5641"}],"wp:attachment":[{"href":"https:\/\/transamerica93.com.br\/home\/wp-json\/wp\/v2\/media?parent=5640"}],"wp:term":[{"taxonomy":"category","embeddable":true,"href":"https:\/\/transamerica93.com.br\/home\/wp-json\/wp\/v2\/categories?post=5640"},{"taxonomy":"post_tag","embeddable":true,"href":"https:\/\/transamerica93.com.br\/home\/wp-json\/wp\/v2\/tags?post=5640"}],"curies":[{"name":"wp","href":"https:\/\/api.w.org\/{rel}","templated":true}]}}