{"id":5643,"date":"2025-06-11T12:00:10","date_gmt":"2025-06-11T15:00:10","guid":{"rendered":"https:\/\/transamerica93.com.br\/home\/?p=5643"},"modified":"2025-05-22T09:55:21","modified_gmt":"2025-05-22T12:55:21","slug":"por-que-leila-nao-colocou-o-palmeiras-entre-os-signatarios-das-exigencias-dos-clubes","status":"publish","type":"post","link":"https:\/\/transamerica93.com.br\/home\/por-que-leila-nao-colocou-o-palmeiras-entre-os-signatarios-das-exigencias-dos-clubes\/","title":{"rendered":"Por que Leila n\u00e3o colocou o Palmeiras entre os signat\u00e1rios das exig\u00eancias dos clubes?"},"content":{"rendered":"<p>O Palmeiras n\u00e3o assinou a lista de exig\u00eancias feita em conjunto e enviada \u00e0 Confedera\u00e7\u00e3o Brasileira de Futebol (CBF) pelos clubes da Liga Futebol Uni\u00e3o (LFU) e da Liga Brasileira de Futebol (Libra). O manifesto, divulgado na segunda-feira, contou com o apoio de 38 dos 40 times com direito a voto e inclu\u00eda propostas como a cria\u00e7\u00e3o de uma liga nacional independente, maior peso na vota\u00e7\u00e3o para a presid\u00eancia da CBF e a implementa\u00e7\u00e3o de regras de Fair Play Financeiro.<\/p>\n<p>O Palmeiras \u00e9 uma das equipes que apoiam a candidatura de Samir Xaud \u00e0 presid\u00eancia da CBF. Segundo apurou o\u00a0<b>Estad\u00e3o<\/b>, o clube decidiu n\u00e3o subscrever o manifesto por entender n\u00e3o ser o momento ideal para realizar cobran\u00e7as, e que o futuro presidente da CBF precisa de tranquilidade para trabalhar e cumprir os objetivos estabelecidos pela gest\u00e3o.<\/p>\n<p>A presidente do Palmeiras, Leila Pereira, aliada de Ednaldo Rodrigues, afastado do cargo na \u00faltima quinta-feira pelo Tribunal de Justi\u00e7a do Rio de Janeiro (TJ-RJ), n\u00e3o demonstrava apoio a nenhum dos postulantes \u00e0 presid\u00eancia da CBF at\u00e9 s\u00e1bado, quando foram anunciadas as pr\u00e9-candidaturas. Posteriormente, ela declarou que Xaud apresentava &#8220;as melhores propostas&#8221;.<\/p>\n<p>&#8220;Ele (Xaud) se mostrou comprometido com as pautas que o Palmeiras vem defendendo durante a minha gest\u00e3o, como a implementa\u00e7\u00e3o do Fair Play Financeiro, a redu\u00e7\u00e3o dos campeonatos estaduais e a cria\u00e7\u00e3o de uma liga que d\u00ea autonomia aos clubes na organiza\u00e7\u00e3o das competi\u00e7\u00f5es nacionais&#8221;, afirmou Leila, por meio da assessoria de imprensa do clube.<\/p>\n<p>Al\u00e9m do Palmeiras, outros nove clubes das primeiras e segundas divis\u00f5es assinaram a chapa de Samir Xaud: Botafogo, Vasco, Gr\u00eamio, CRB, Crici\u00fama, Amazonas, Paysandu, Remo e Volta Redonda-RJ. O Remo foi o \u00fanico time, junto com o Palmeiras, que n\u00e3o assinou o manifesto de exig\u00eancias dos clubes.<\/p>\n<p>Junto do apoio desses dez clubes, Xaud tamb\u00e9m conta com a ades\u00e3o de 25 das 27 federa\u00e7\u00f5es estaduais, o que o torna a \u00fanica chapa na elei\u00e7\u00e3o marcada para o pr\u00f3ximo domingo, dia 25 de maio. Nesse cen\u00e1rio, ele ser\u00e1 aclamado novo presidente da CBF, assumindo a vaga deixada por Ednaldo.<\/p>\n<p>Nas elei\u00e7\u00f5es da CBF, as federa\u00e7\u00f5es estaduais t\u00eam maior influ\u00eancia, pois cada uma possui peso tr\u00eas na vota\u00e7\u00e3o, enquanto os clubes da S\u00e9rie A t\u00eam peso dois e os da S\u00e9rie B, peso um. Para registrar uma chapa, \u00e9 necess\u00e1rio obter o apoio de pelo menos oito federa\u00e7\u00f5es e cinco clubes. O peso desproporcional das federa\u00e7\u00f5es no processo eleitoral \u00e9 uma das principais reclama\u00e7\u00f5es dos clubes signat\u00e1rios do manifesto.<\/p>\n<p>&#8220;O futuro do futebol brasileiro \u00e9 inegoci\u00e1vel para n\u00f3s. E os clubes brasileiros est\u00e3o juntos, mobilizados e conscientes de que este momento, de mais uma elei\u00e7\u00e3o conturbada para a escolha da pr\u00f3xima lideran\u00e7a \u00e0 frente da Confedera\u00e7\u00e3o Brasileira de Futebol, demanda a\u00e7\u00f5es e medidas objetivas de transforma\u00e7\u00e3o, transpar\u00eancia e moderniza\u00e7\u00e3o do nosso futebol&#8221;, diz o manifesto dos times signat\u00e1rios.<\/p>\n<p><b>Confira a lista de exig\u00eancias feitas pelos clubes:<\/b><\/p>\n<p>&#8211; Altera\u00e7\u00e3o do processo eleitoral, especialmente no que se refere ao peso dos votos;<\/p>\n<p>&#8211; Obrigatoriedade da participa\u00e7\u00e3o dos clubes em todas as assembleias gerais da CBF;<\/p>\n<p>&#8211; Compromisso de cria\u00e7\u00e3o da liga e reconhecimento de que as propriedades comerciais das S\u00e9ries A e B pertencem aos clubes;<\/p>\n<p>&#8211; Altera\u00e7\u00e3o das regras de governan\u00e7a, dando efetivamente poder executivo \u00e0 Comiss\u00e3o Nacional de Clubes;<\/p>\n<p>&#8211; Profissionaliza\u00e7\u00e3o da arbitragem garantindo dedica\u00e7\u00e3o exclusiva dos \u00e1rbitros das s\u00e9ries A e B, e investimento em treinamento permanente;<\/p>\n<p>&#8211; O calend\u00e1rio do ciclo 2026-2030 precisa ser aprovado por Libra e LFU em conjunto com CBF;<\/p>\n<p>Fomento e apoio financeiro especialmente direcionado \u00e0s S\u00e9ries B, C e D assim como ao Futebol Feminino;<\/p>\n<p>&#8211; Estabelecimento de regras de Fair Play Financeiro.<\/p>\n","protected":false},"excerpt":{"rendered":"<p>O Palmeiras n\u00e3o assinou a lista de exig\u00eancias feita em conjunto e enviada \u00e0 Confedera\u00e7\u00e3o Brasileira de Futebol (CBF) pelos clubes da Liga Futebol Uni\u00e3o (LFU) e da Liga Brasileira de Futebol (Libra). O manifesto, divulgado na segunda-feira, contou com o apoio de 38 dos 40 times com direito a voto e inclu\u00eda propostas como &hellip;<\/p>\n","protected":false},"author":1,"featured_media":5644,"comment_status":"closed","ping_status":"closed","sticky":false,"template":"","format":"standard","meta":{"footnotes":""},"categories":[31],"tags":[],"class_list":["post-5643","post","type-post","status-publish","format-standard","has-post-thumbnail","hentry","category-esportes"],"yoast_head":"<!-- This site is optimized with the Yoast SEO plugin v27.4 - https:\/\/yoast.com\/product\/yoast-seo-wordpress\/ -->\n<title>Por que Leila n\u00e3o colocou o Palmeiras entre os signat\u00e1rios das exig\u00eancias dos clubes? - Transam\u00e9rica Mococa 93,3<\/title>\n<meta name=\"robots\" content=\"index, follow, max-snippet:-1, max-image-preview:large, max-video-preview:-1\" \/>\n<link rel=\"canonical\" href=\"https:\/\/transamerica93.com.br\/home\/por-que-leila-nao-colocou-o-palmeiras-entre-os-signatarios-das-exigencias-dos-clubes\/\" \/>\n<meta property=\"og:locale\" content=\"pt_BR\" \/>\n<meta property=\"og:type\" content=\"article\" \/>\n<meta property=\"og:title\" content=\"Por que Leila n\u00e3o colocou o Palmeiras entre os signat\u00e1rios das exig\u00eancias dos clubes? - Transam\u00e9rica Mococa 93,3\" \/>\n<meta property=\"og:description\" content=\"O Palmeiras n\u00e3o assinou a lista de exig\u00eancias feita em conjunto e enviada \u00e0 Confedera\u00e7\u00e3o Brasileira de Futebol (CBF) pelos clubes da Liga Futebol Uni\u00e3o (LFU) e da Liga Brasileira de Futebol (Libra). O manifesto, divulgado na segunda-feira, contou com o apoio de 38 dos 40 times com direito a voto e inclu\u00eda propostas como &hellip;\" \/>\n<meta property=\"og:url\" content=\"https:\/\/transamerica93.com.br\/home\/por-que-leila-nao-colocou-o-palmeiras-entre-os-signatarios-das-exigencias-dos-clubes\/\" \/>\n<meta property=\"og:site_name\" content=\"Transam\u00e9rica Mococa 93,3\" \/>\n<meta property=\"article:publisher\" content=\"https:\/\/www.facebook.com\/transamericamococa\" \/>\n<meta property=\"article:published_time\" content=\"2025-06-11T15:00:10+00:00\" \/>\n<meta property=\"og:image\" content=\"https:\/\/transamerica93.com.br\/home\/wp-content\/uploads\/2025\/05\/1-123.jpg\" \/>\n\t<meta property=\"og:image:width\" content=\"831\" \/>\n\t<meta property=\"og:image:height\" content=\"554\" \/>\n\t<meta property=\"og:image:type\" content=\"image\/jpeg\" \/>\n<meta name=\"author\" content=\"Reda\u00e7\u00e3o\" \/>\n<meta name=\"twitter:card\" content=\"summary_large_image\" \/>\n<meta name=\"twitter:creator\" content=\"@transamerica933\" \/>\n<meta name=\"twitter:site\" content=\"@transamerica933\" \/>\n<meta name=\"twitter:label1\" content=\"Escrito por\" \/>\n\t<meta name=\"twitter:data1\" content=\"Reda\u00e7\u00e3o\" \/>\n\t<meta name=\"twitter:label2\" content=\"Est. tempo de leitura\" \/>\n\t<meta name=\"twitter:data2\" content=\"4 minutos\" \/>\n<script type=\"application\/ld+json\" class=\"yoast-schema-graph\">{\"@context\":\"https:\\\/\\\/schema.org\",\"@graph\":[{\"@type\":\"Article\",\"@id\":\"https:\\\/\\\/transamerica93.com.br\\\/home\\\/por-que-leila-nao-colocou-o-palmeiras-entre-os-signatarios-das-exigencias-dos-clubes\\\/#article\",\"isPartOf\":{\"@id\":\"https:\\\/\\\/transamerica93.com.br\\\/home\\\/por-que-leila-nao-colocou-o-palmeiras-entre-os-signatarios-das-exigencias-dos-clubes\\\/\"},\"author\":{\"name\":\"Reda\u00e7\u00e3o\",\"@id\":\"https:\\\/\\\/transamerica93.com.br\\\/home\\\/#\\\/schema\\\/person\\\/7fed7c99c0d4562efa8561bc0f543172\"},\"headline\":\"Por que Leila n\u00e3o colocou o Palmeiras entre os signat\u00e1rios das exig\u00eancias dos clubes?\",\"datePublished\":\"2025-06-11T15:00:10+00:00\",\"mainEntityOfPage\":{\"@id\":\"https:\\\/\\\/transamerica93.com.br\\\/home\\\/por-que-leila-nao-colocou-o-palmeiras-entre-os-signatarios-das-exigencias-dos-clubes\\\/\"},\"wordCount\":682,\"publisher\":{\"@id\":\"https:\\\/\\\/transamerica93.com.br\\\/home\\\/#organization\"},\"image\":{\"@id\":\"https:\\\/\\\/transamerica93.com.br\\\/home\\\/por-que-leila-nao-colocou-o-palmeiras-entre-os-signatarios-das-exigencias-dos-clubes\\\/#primaryimage\"},\"thumbnailUrl\":\"https:\\\/\\\/transamerica93.com.br\\\/home\\\/wp-content\\\/uploads\\\/2025\\\/05\\\/1-123.jpg\",\"articleSection\":[\"Esportes\"],\"inLanguage\":\"pt-BR\"},{\"@type\":\"WebPage\",\"@id\":\"https:\\\/\\\/transamerica93.com.br\\\/home\\\/por-que-leila-nao-colocou-o-palmeiras-entre-os-signatarios-das-exigencias-dos-clubes\\\/\",\"url\":\"https:\\\/\\\/transamerica93.com.br\\\/home\\\/por-que-leila-nao-colocou-o-palmeiras-entre-os-signatarios-das-exigencias-dos-clubes\\\/\",\"name\":\"Por que Leila n\u00e3o colocou o Palmeiras entre os signat\u00e1rios das exig\u00eancias dos clubes? - Transam\u00e9rica Mococa 93,3\",\"isPartOf\":{\"@id\":\"https:\\\/\\\/transamerica93.com.br\\\/home\\\/#website\"},\"primaryImageOfPage\":{\"@id\":\"https:\\\/\\\/transamerica93.com.br\\\/home\\\/por-que-leila-nao-colocou-o-palmeiras-entre-os-signatarios-das-exigencias-dos-clubes\\\/#primaryimage\"},\"image\":{\"@id\":\"https:\\\/\\\/transamerica93.com.br\\\/home\\\/por-que-leila-nao-colocou-o-palmeiras-entre-os-signatarios-das-exigencias-dos-clubes\\\/#primaryimage\"},\"thumbnailUrl\":\"https:\\\/\\\/transamerica93.com.br\\\/home\\\/wp-content\\\/uploads\\\/2025\\\/05\\\/1-123.jpg\",\"datePublished\":\"2025-06-11T15:00:10+00:00\",\"breadcrumb\":{\"@id\":\"https:\\\/\\\/transamerica93.com.br\\\/home\\\/por-que-leila-nao-colocou-o-palmeiras-entre-os-signatarios-das-exigencias-dos-clubes\\\/#breadcrumb\"},\"inLanguage\":\"pt-BR\",\"potentialAction\":[{\"@type\":\"ReadAction\",\"target\":[\"https:\\\/\\\/transamerica93.com.br\\\/home\\\/por-que-leila-nao-colocou-o-palmeiras-entre-os-signatarios-das-exigencias-dos-clubes\\\/\"]}]},{\"@type\":\"ImageObject\",\"inLanguage\":\"pt-BR\",\"@id\":\"https:\\\/\\\/transamerica93.com.br\\\/home\\\/por-que-leila-nao-colocou-o-palmeiras-entre-os-signatarios-das-exigencias-dos-clubes\\\/#primaryimage\",\"url\":\"https:\\\/\\\/transamerica93.com.br\\\/home\\\/wp-content\\\/uploads\\\/2025\\\/05\\\/1-123.jpg\",\"contentUrl\":\"https:\\\/\\\/transamerica93.com.br\\\/home\\\/wp-content\\\/uploads\\\/2025\\\/05\\\/1-123.jpg\",\"width\":831,\"height\":554},{\"@type\":\"BreadcrumbList\",\"@id\":\"https:\\\/\\\/transamerica93.com.br\\\/home\\\/por-que-leila-nao-colocou-o-palmeiras-entre-os-signatarios-das-exigencias-dos-clubes\\\/#breadcrumb\",\"itemListElement\":[{\"@type\":\"ListItem\",\"position\":1,\"name\":\"In\u00edcio\",\"item\":\"https:\\\/\\\/transamerica93.com.br\\\/home\\\/\"},{\"@type\":\"ListItem\",\"position\":2,\"name\":\"Por que Leila n\u00e3o colocou o Palmeiras entre os signat\u00e1rios das exig\u00eancias dos clubes?\"}]},{\"@type\":\"WebSite\",\"@id\":\"https:\\\/\\\/transamerica93.com.br\\\/home\\\/#website\",\"url\":\"https:\\\/\\\/transamerica93.com.br\\\/home\\\/\",\"name\":\"Transam\u00e9rica Mococa 93,3\",\"description\":\"\",\"publisher\":{\"@id\":\"https:\\\/\\\/transamerica93.com.br\\\/home\\\/#organization\"},\"potentialAction\":[{\"@type\":\"SearchAction\",\"target\":{\"@type\":\"EntryPoint\",\"urlTemplate\":\"https:\\\/\\\/transamerica93.com.br\\\/home\\\/?s={search_term_string}\"},\"query-input\":{\"@type\":\"PropertyValueSpecification\",\"valueRequired\":true,\"valueName\":\"search_term_string\"}}],\"inLanguage\":\"pt-BR\"},{\"@type\":\"Organization\",\"@id\":\"https:\\\/\\\/transamerica93.com.br\\\/home\\\/#organization\",\"name\":\"Transam\u00e9rica Mococa 93,3\",\"url\":\"https:\\\/\\\/transamerica93.com.br\\\/home\\\/\",\"logo\":{\"@type\":\"ImageObject\",\"inLanguage\":\"pt-BR\",\"@id\":\"https:\\\/\\\/transamerica93.com.br\\\/home\\\/#\\\/schema\\\/logo\\\/image\\\/\",\"url\":\"https:\\\/\\\/transamerica93.com.br\\\/home\\\/wp-content\\\/uploads\\\/2023\\\/10\\\/logo2.png\",\"contentUrl\":\"https:\\\/\\\/transamerica93.com.br\\\/home\\\/wp-content\\\/uploads\\\/2023\\\/10\\\/logo2.png\",\"width\":800,\"height\":500,\"caption\":\"Transam\u00e9rica Mococa 93,3\"},\"image\":{\"@id\":\"https:\\\/\\\/transamerica93.com.br\\\/home\\\/#\\\/schema\\\/logo\\\/image\\\/\"},\"sameAs\":[\"https:\\\/\\\/www.facebook.com\\\/transamericamococa\",\"https:\\\/\\\/x.com\\\/transamerica933\",\"https:\\\/\\\/www.instagram.com\\\/transamericamococa\"]},{\"@type\":\"Person\",\"@id\":\"https:\\\/\\\/transamerica93.com.br\\\/home\\\/#\\\/schema\\\/person\\\/7fed7c99c0d4562efa8561bc0f543172\",\"name\":\"Reda\u00e7\u00e3o\",\"image\":{\"@type\":\"ImageObject\",\"inLanguage\":\"pt-BR\",\"@id\":\"https:\\\/\\\/secure.gravatar.com\\\/avatar\\\/1072c6b775fb02ef8506ce967551d95926669a6b7d2c2147b42eea4d7c68395e?s=96&d=mm&r=g\",\"url\":\"https:\\\/\\\/secure.gravatar.com\\\/avatar\\\/1072c6b775fb02ef8506ce967551d95926669a6b7d2c2147b42eea4d7c68395e?s=96&d=mm&r=g\",\"contentUrl\":\"https:\\\/\\\/secure.gravatar.com\\\/avatar\\\/1072c6b775fb02ef8506ce967551d95926669a6b7d2c2147b42eea4d7c68395e?s=96&d=mm&r=g\",\"caption\":\"Reda\u00e7\u00e3o\"},\"sameAs\":[\"https:\\\/\\\/transamerica93.com.br\\\/home\"],\"url\":\"https:\\\/\\\/transamerica93.com.br\\\/home\\\/author\\\/william\\\/\"}]}<\/script>\n<!-- \/ Yoast SEO plugin. -->","yoast_head_json":{"title":"Por que Leila n\u00e3o colocou o Palmeiras entre os signat\u00e1rios das exig\u00eancias dos clubes? - Transam\u00e9rica Mococa 93,3","robots":{"index":"index","follow":"follow","max-snippet":"max-snippet:-1","max-image-preview":"max-image-preview:large","max-video-preview":"max-video-preview:-1"},"canonical":"https:\/\/transamerica93.com.br\/home\/por-que-leila-nao-colocou-o-palmeiras-entre-os-signatarios-das-exigencias-dos-clubes\/","og_locale":"pt_BR","og_type":"article","og_title":"Por que Leila n\u00e3o colocou o Palmeiras entre os signat\u00e1rios das exig\u00eancias dos clubes? - Transam\u00e9rica Mococa 93,3","og_description":"O Palmeiras n\u00e3o assinou a lista de exig\u00eancias feita em conjunto e enviada \u00e0 Confedera\u00e7\u00e3o Brasileira de Futebol (CBF) pelos clubes da Liga Futebol Uni\u00e3o (LFU) e da Liga Brasileira de Futebol (Libra). O manifesto, divulgado na segunda-feira, contou com o apoio de 38 dos 40 times com direito a voto e inclu\u00eda propostas como &hellip;","og_url":"https:\/\/transamerica93.com.br\/home\/por-que-leila-nao-colocou-o-palmeiras-entre-os-signatarios-das-exigencias-dos-clubes\/","og_site_name":"Transam\u00e9rica Mococa 93,3","article_publisher":"https:\/\/www.facebook.com\/transamericamococa","article_published_time":"2025-06-11T15:00:10+00:00","og_image":[{"width":831,"height":554,"url":"https:\/\/transamerica93.com.br\/home\/wp-content\/uploads\/2025\/05\/1-123.jpg","type":"image\/jpeg"}],"author":"Reda\u00e7\u00e3o","twitter_card":"summary_large_image","twitter_creator":"@transamerica933","twitter_site":"@transamerica933","twitter_misc":{"Escrito por":"Reda\u00e7\u00e3o","Est. tempo de leitura":"4 minutos"},"schema":{"@context":"https:\/\/schema.org","@graph":[{"@type":"Article","@id":"https:\/\/transamerica93.com.br\/home\/por-que-leila-nao-colocou-o-palmeiras-entre-os-signatarios-das-exigencias-dos-clubes\/#article","isPartOf":{"@id":"https:\/\/transamerica93.com.br\/home\/por-que-leila-nao-colocou-o-palmeiras-entre-os-signatarios-das-exigencias-dos-clubes\/"},"author":{"name":"Reda\u00e7\u00e3o","@id":"https:\/\/transamerica93.com.br\/home\/#\/schema\/person\/7fed7c99c0d4562efa8561bc0f543172"},"headline":"Por que Leila n\u00e3o colocou o Palmeiras entre os signat\u00e1rios das exig\u00eancias dos clubes?","datePublished":"2025-06-11T15:00:10+00:00","mainEntityOfPage":{"@id":"https:\/\/transamerica93.com.br\/home\/por-que-leila-nao-colocou-o-palmeiras-entre-os-signatarios-das-exigencias-dos-clubes\/"},"wordCount":682,"publisher":{"@id":"https:\/\/transamerica93.com.br\/home\/#organization"},"image":{"@id":"https:\/\/transamerica93.com.br\/home\/por-que-leila-nao-colocou-o-palmeiras-entre-os-signatarios-das-exigencias-dos-clubes\/#primaryimage"},"thumbnailUrl":"https:\/\/transamerica93.com.br\/home\/wp-content\/uploads\/2025\/05\/1-123.jpg","articleSection":["Esportes"],"inLanguage":"pt-BR"},{"@type":"WebPage","@id":"https:\/\/transamerica93.com.br\/home\/por-que-leila-nao-colocou-o-palmeiras-entre-os-signatarios-das-exigencias-dos-clubes\/","url":"https:\/\/transamerica93.com.br\/home\/por-que-leila-nao-colocou-o-palmeiras-entre-os-signatarios-das-exigencias-dos-clubes\/","name":"Por que Leila n\u00e3o colocou o Palmeiras entre os signat\u00e1rios das exig\u00eancias dos clubes? - Transam\u00e9rica Mococa 93,3","isPartOf":{"@id":"https:\/\/transamerica93.com.br\/home\/#website"},"primaryImageOfPage":{"@id":"https:\/\/transamerica93.com.br\/home\/por-que-leila-nao-colocou-o-palmeiras-entre-os-signatarios-das-exigencias-dos-clubes\/#primaryimage"},"image":{"@id":"https:\/\/transamerica93.com.br\/home\/por-que-leila-nao-colocou-o-palmeiras-entre-os-signatarios-das-exigencias-dos-clubes\/#primaryimage"},"thumbnailUrl":"https:\/\/transamerica93.com.br\/home\/wp-content\/uploads\/2025\/05\/1-123.jpg","datePublished":"2025-06-11T15:00:10+00:00","breadcrumb":{"@id":"https:\/\/transamerica93.com.br\/home\/por-que-leila-nao-colocou-o-palmeiras-entre-os-signatarios-das-exigencias-dos-clubes\/#breadcrumb"},"inLanguage":"pt-BR","potentialAction":[{"@type":"ReadAction","target":["https:\/\/transamerica93.com.br\/home\/por-que-leila-nao-colocou-o-palmeiras-entre-os-signatarios-das-exigencias-dos-clubes\/"]}]},{"@type":"ImageObject","inLanguage":"pt-BR","@id":"https:\/\/transamerica93.com.br\/home\/por-que-leila-nao-colocou-o-palmeiras-entre-os-signatarios-das-exigencias-dos-clubes\/#primaryimage","url":"https:\/\/transamerica93.com.br\/home\/wp-content\/uploads\/2025\/05\/1-123.jpg","contentUrl":"https:\/\/transamerica93.com.br\/home\/wp-content\/uploads\/2025\/05\/1-123.jpg","width":831,"height":554},{"@type":"BreadcrumbList","@id":"https:\/\/transamerica93.com.br\/home\/por-que-leila-nao-colocou-o-palmeiras-entre-os-signatarios-das-exigencias-dos-clubes\/#breadcrumb","itemListElement":[{"@type":"ListItem","position":1,"name":"In\u00edcio","item":"https:\/\/transamerica93.com.br\/home\/"},{"@type":"ListItem","position":2,"name":"Por que Leila n\u00e3o colocou o Palmeiras entre os signat\u00e1rios das exig\u00eancias dos clubes?"}]},{"@type":"WebSite","@id":"https:\/\/transamerica93.com.br\/home\/#website","url":"https:\/\/transamerica93.com.br\/home\/","name":"Transam\u00e9rica Mococa 93,3","description":"","publisher":{"@id":"https:\/\/transamerica93.com.br\/home\/#organization"},"potentialAction":[{"@type":"SearchAction","target":{"@type":"EntryPoint","urlTemplate":"https:\/\/transamerica93.com.br\/home\/?s={search_term_string}"},"query-input":{"@type":"PropertyValueSpecification","valueRequired":true,"valueName":"search_term_string"}}],"inLanguage":"pt-BR"},{"@type":"Organization","@id":"https:\/\/transamerica93.com.br\/home\/#organization","name":"Transam\u00e9rica Mococa 93,3","url":"https:\/\/transamerica93.com.br\/home\/","logo":{"@type":"ImageObject","inLanguage":"pt-BR","@id":"https:\/\/transamerica93.com.br\/home\/#\/schema\/logo\/image\/","url":"https:\/\/transamerica93.com.br\/home\/wp-content\/uploads\/2023\/10\/logo2.png","contentUrl":"https:\/\/transamerica93.com.br\/home\/wp-content\/uploads\/2023\/10\/logo2.png","width":800,"height":500,"caption":"Transam\u00e9rica Mococa 93,3"},"image":{"@id":"https:\/\/transamerica93.com.br\/home\/#\/schema\/logo\/image\/"},"sameAs":["https:\/\/www.facebook.com\/transamericamococa","https:\/\/x.com\/transamerica933","https:\/\/www.instagram.com\/transamericamococa"]},{"@type":"Person","@id":"https:\/\/transamerica93.com.br\/home\/#\/schema\/person\/7fed7c99c0d4562efa8561bc0f543172","name":"Reda\u00e7\u00e3o","image":{"@type":"ImageObject","inLanguage":"pt-BR","@id":"https:\/\/secure.gravatar.com\/avatar\/1072c6b775fb02ef8506ce967551d95926669a6b7d2c2147b42eea4d7c68395e?s=96&d=mm&r=g","url":"https:\/\/secure.gravatar.com\/avatar\/1072c6b775fb02ef8506ce967551d95926669a6b7d2c2147b42eea4d7c68395e?s=96&d=mm&r=g","contentUrl":"https:\/\/secure.gravatar.com\/avatar\/1072c6b775fb02ef8506ce967551d95926669a6b7d2c2147b42eea4d7c68395e?s=96&d=mm&r=g","caption":"Reda\u00e7\u00e3o"},"sameAs":["https:\/\/transamerica93.com.br\/home"],"url":"https:\/\/transamerica93.com.br\/home\/author\/william\/"}]}},"_links":{"self":[{"href":"https:\/\/transamerica93.com.br\/home\/wp-json\/wp\/v2\/posts\/5643","targetHints":{"allow":["GET"]}}],"collection":[{"href":"https:\/\/transamerica93.com.br\/home\/wp-json\/wp\/v2\/posts"}],"about":[{"href":"https:\/\/transamerica93.com.br\/home\/wp-json\/wp\/v2\/types\/post"}],"author":[{"embeddable":true,"href":"https:\/\/transamerica93.com.br\/home\/wp-json\/wp\/v2\/users\/1"}],"replies":[{"embeddable":true,"href":"https:\/\/transamerica93.com.br\/home\/wp-json\/wp\/v2\/comments?post=5643"}],"version-history":[{"count":1,"href":"https:\/\/transamerica93.com.br\/home\/wp-json\/wp\/v2\/posts\/5643\/revisions"}],"predecessor-version":[{"id":5645,"href":"https:\/\/transamerica93.com.br\/home\/wp-json\/wp\/v2\/posts\/5643\/revisions\/5645"}],"wp:featuredmedia":[{"embeddable":true,"href":"https:\/\/transamerica93.com.br\/home\/wp-json\/wp\/v2\/media\/5644"}],"wp:attachment":[{"href":"https:\/\/transamerica93.com.br\/home\/wp-json\/wp\/v2\/media?parent=5643"}],"wp:term":[{"taxonomy":"category","embeddable":true,"href":"https:\/\/transamerica93.com.br\/home\/wp-json\/wp\/v2\/categories?post=5643"},{"taxonomy":"post_tag","embeddable":true,"href":"https:\/\/transamerica93.com.br\/home\/wp-json\/wp\/v2\/tags?post=5643"}],"curies":[{"name":"wp","href":"https:\/\/api.w.org\/{rel}","templated":true}]}}