{"id":5646,"date":"2025-06-12T12:00:42","date_gmt":"2025-06-12T15:00:42","guid":{"rendered":"https:\/\/transamerica93.com.br\/home\/?p=5646"},"modified":"2025-05-22T09:56:57","modified_gmt":"2025-05-22T12:56:57","slug":"tribunal-espanhol-confirma-condenacao-inedita-por-crime-de-odio-contra-vini-jr","status":"publish","type":"post","link":"https:\/\/transamerica93.com.br\/home\/tribunal-espanhol-confirma-condenacao-inedita-por-crime-de-odio-contra-vini-jr\/","title":{"rendered":"Tribunal espanhol confirma condena\u00e7\u00e3o in\u00e9dita por crime de \u00f3dio contra Vini Jr."},"content":{"rendered":"<div id=\"Corpo\">\n<table border=\"0\" cellspacing=\"0\" cellpadding=\"0\">\n<tbody>\n<tr>\n<td nowrap=\"nowrap\" width=\"190\"><span id=\"tamtex\" class=\"tamtex\">Tamanho do texto?\u00a0<a id=\"aa\"><\/a>A\u00a0<a id=\"ab\"><\/a>A\u00a0<a id=\"ac\"><\/a>A\u00a0<a id=\"ad\"><\/a>A\u00a0\u00a0<\/span><\/td>\n<\/tr>\n<\/tbody>\n<\/table>\n<p>Um caso de racismo, que tem Vin\u00edcius J\u00fanior como v\u00edtima, fez hist\u00f3ria no Judici\u00e1rio espanhol nesta quarta-feira. A Audi\u00eancia Provincial de Valladolid homologou decis\u00e3o tomada na semana passada, que condena cinco torcedores do Valladolid a um ano de pris\u00e3o por insultos racistas ao brasileiro, e enquadrou o caso como &#8220;crime de \u00f3dio&#8221;.<\/p>\n<p>At\u00e9 ent\u00e3o, as decis\u00f5es judiciais envolvendo casos de racismo e discrimina\u00e7\u00e3o geravam senten\u00e7as por &#8220;crimes contra a integridade moral&#8221;, com &#8220;agravante de racismo&#8221;. Nesta quarta, o tribunal de segunda inst\u00e2ncia de Valladolid abriu o precedente no pa\u00eds europeu ao afirmar que casos discriminat\u00f3rios do tipo configuram &#8220;crime de \u00f3dio&#8221;, nos termos do artigo 510.2 a do C\u00f3digo Penal espanhol.<\/p>\n<p>A men\u00e7\u00e3o ao tipo de crime foi celebrada pela LaLiga, entidade que organiza o Campeonato Espanhol e iniciou o processo na Justi\u00e7a. &#8220;Esta decis\u00e3o judicial representa um marco in\u00e9dito na luta contra o racismo no esporte na Espanha, que at\u00e9 ent\u00e3o contava com senten\u00e7as por condutas contra a integridade moral com agravante de racismo. O fato de a senten\u00e7a mencionar expressamente o crime de \u00f3dio associado aos insultos racistas refor\u00e7a a mensagem de que a intoler\u00e2ncia n\u00e3o tem lugar no futebol&#8221;, informou a liga, em comunicado.<\/p>\n<p>A decis\u00e3o desta quarta homologou a senten\u00e7a expedida na semana passada, que condenou os torcedores a um ano de pris\u00e3o, multa entre 1.080 e 1.620 euros e proibi\u00e7\u00e3o do &#8220;exerc\u00edcio de profiss\u00f5es ou atividades educativas nos \u00e2mbitos docente, esportivo e de lazer por quatro anos&#8221;.<\/p>\n<p>A decis\u00e3o, contudo, \u00e9 uma senten\u00e7a suspensa. Na pr\u00e1tica, os condenados n\u00e3o ir\u00e3o para a pris\u00e3o automaticamente. Para tanto, precisaram aceitar duas condi\u00e7\u00f5es: n\u00e3o cometer novos delitos pelo per\u00edodo de tr\u00eas anos e n\u00e3o comparecer a est\u00e1dios de futebol para jogos de alcance nacional durante este mesmo per\u00edodo.<\/p>\n<p>Os ataques racistas aconteceram em dezembro de 2022, durante partida entre Valladolid e Real Madrid, no est\u00e1dio Jos\u00e9 Zorrilla, pelo Campeonato Espanhol. Vin\u00edcius J\u00fanior foi substitu\u00eddo na reta final do jogo. J\u00e1 fora das quatro linhas, o brasileiro comemorou um gol do Real pr\u00f3ximo da mureta que separava os torcedores do Valladolid do campo. Naquele momento, o jogador foi alvo de ofensas racistas.<\/p>\n<p>&#8220;Os racistas seguem indo aos est\u00e1dios e assistindo ao maior clube do mundo de perto, e LaLiga segue sem fazer nada. Seguirei de cabe\u00e7a erguida e comemorando as minhas vit\u00f3rias e do Madrid. No final, a culpa \u00e9 minha&#8221;, escreveu Vini Jr., nas redes sociais, na ocasi\u00e3o.<\/p>\n<p>As agress\u00f5es verbais foram amplamente divulgadas nas redes sociais na \u00e9poca. E os torcedores respons\u00e1veis foram identificados pela Justi\u00e7a espanhola. O atacante do Real n\u00e3o aceitou indeniza\u00e7\u00e3o pelos danos sofridos. E os torcedores acusados apresentaram declara\u00e7\u00e3o por escrito reconhecendo as ofensas racistas, pedindo desculpas pelos atos, o que n\u00e3o impediu a instaura\u00e7\u00e3o do processo.<\/p><\/div>\n","protected":false},"excerpt":{"rendered":"<p>Tamanho do texto?\u00a0A\u00a0A\u00a0A\u00a0A\u00a0\u00a0 Um caso de racismo, que tem Vin\u00edcius J\u00fanior como v\u00edtima, fez hist\u00f3ria no Judici\u00e1rio espanhol nesta quarta-feira. A Audi\u00eancia Provincial de Valladolid homologou decis\u00e3o tomada na semana passada, que condena cinco torcedores do Valladolid a um ano de pris\u00e3o por insultos racistas ao brasileiro, e enquadrou o caso como &#8220;crime de \u00f3dio&#8221;. &hellip;<\/p>\n","protected":false},"author":1,"featured_media":5647,"comment_status":"closed","ping_status":"closed","sticky":false,"template":"","format":"standard","meta":{"footnotes":""},"categories":[31],"tags":[],"class_list":["post-5646","post","type-post","status-publish","format-standard","has-post-thumbnail","hentry","category-esportes"],"yoast_head":"<!-- This site is optimized with the Yoast SEO plugin v27.4 - https:\/\/yoast.com\/product\/yoast-seo-wordpress\/ -->\n<title>Tribunal espanhol confirma condena\u00e7\u00e3o in\u00e9dita por crime de \u00f3dio contra Vini Jr. - Transam\u00e9rica Mococa 93,3<\/title>\n<meta name=\"robots\" content=\"index, follow, max-snippet:-1, max-image-preview:large, max-video-preview:-1\" \/>\n<link rel=\"canonical\" href=\"https:\/\/transamerica93.com.br\/home\/tribunal-espanhol-confirma-condenacao-inedita-por-crime-de-odio-contra-vini-jr\/\" \/>\n<meta property=\"og:locale\" content=\"pt_BR\" \/>\n<meta property=\"og:type\" content=\"article\" \/>\n<meta property=\"og:title\" content=\"Tribunal espanhol confirma condena\u00e7\u00e3o in\u00e9dita por crime de \u00f3dio contra Vini Jr. - Transam\u00e9rica Mococa 93,3\" \/>\n<meta property=\"og:description\" content=\"Tamanho do texto?\u00a0A\u00a0A\u00a0A\u00a0A\u00a0\u00a0 Um caso de racismo, que tem Vin\u00edcius J\u00fanior como v\u00edtima, fez hist\u00f3ria no Judici\u00e1rio espanhol nesta quarta-feira. A Audi\u00eancia Provincial de Valladolid homologou decis\u00e3o tomada na semana passada, que condena cinco torcedores do Valladolid a um ano de pris\u00e3o por insultos racistas ao brasileiro, e enquadrou o caso como &#8220;crime de \u00f3dio&#8221;. &hellip;\" \/>\n<meta property=\"og:url\" content=\"https:\/\/transamerica93.com.br\/home\/tribunal-espanhol-confirma-condenacao-inedita-por-crime-de-odio-contra-vini-jr\/\" \/>\n<meta property=\"og:site_name\" content=\"Transam\u00e9rica Mococa 93,3\" \/>\n<meta property=\"article:publisher\" content=\"https:\/\/www.facebook.com\/transamericamococa\" \/>\n<meta property=\"article:published_time\" content=\"2025-06-12T15:00:42+00:00\" \/>\n<meta property=\"og:image\" content=\"https:\/\/transamerica93.com.br\/home\/wp-content\/uploads\/2025\/05\/1-124.jpg\" \/>\n\t<meta property=\"og:image:width\" content=\"831\" \/>\n\t<meta property=\"og:image:height\" content=\"490\" \/>\n\t<meta property=\"og:image:type\" content=\"image\/jpeg\" \/>\n<meta name=\"author\" content=\"Reda\u00e7\u00e3o\" \/>\n<meta name=\"twitter:card\" content=\"summary_large_image\" \/>\n<meta name=\"twitter:creator\" content=\"@transamerica933\" \/>\n<meta name=\"twitter:site\" content=\"@transamerica933\" \/>\n<meta name=\"twitter:label1\" content=\"Escrito por\" \/>\n\t<meta name=\"twitter:data1\" content=\"Reda\u00e7\u00e3o\" \/>\n\t<meta name=\"twitter:label2\" content=\"Est. tempo de leitura\" \/>\n\t<meta name=\"twitter:data2\" content=\"3 minutos\" \/>\n<script type=\"application\/ld+json\" class=\"yoast-schema-graph\">{\"@context\":\"https:\\\/\\\/schema.org\",\"@graph\":[{\"@type\":\"Article\",\"@id\":\"https:\\\/\\\/transamerica93.com.br\\\/home\\\/tribunal-espanhol-confirma-condenacao-inedita-por-crime-de-odio-contra-vini-jr\\\/#article\",\"isPartOf\":{\"@id\":\"https:\\\/\\\/transamerica93.com.br\\\/home\\\/tribunal-espanhol-confirma-condenacao-inedita-por-crime-de-odio-contra-vini-jr\\\/\"},\"author\":{\"name\":\"Reda\u00e7\u00e3o\",\"@id\":\"https:\\\/\\\/transamerica93.com.br\\\/home\\\/#\\\/schema\\\/person\\\/7fed7c99c0d4562efa8561bc0f543172\"},\"headline\":\"Tribunal espanhol confirma condena\u00e7\u00e3o in\u00e9dita por crime de \u00f3dio contra Vini Jr.\",\"datePublished\":\"2025-06-12T15:00:42+00:00\",\"mainEntityOfPage\":{\"@id\":\"https:\\\/\\\/transamerica93.com.br\\\/home\\\/tribunal-espanhol-confirma-condenacao-inedita-por-crime-de-odio-contra-vini-jr\\\/\"},\"wordCount\":531,\"publisher\":{\"@id\":\"https:\\\/\\\/transamerica93.com.br\\\/home\\\/#organization\"},\"image\":{\"@id\":\"https:\\\/\\\/transamerica93.com.br\\\/home\\\/tribunal-espanhol-confirma-condenacao-inedita-por-crime-de-odio-contra-vini-jr\\\/#primaryimage\"},\"thumbnailUrl\":\"https:\\\/\\\/transamerica93.com.br\\\/home\\\/wp-content\\\/uploads\\\/2025\\\/05\\\/1-124.jpg\",\"articleSection\":[\"Esportes\"],\"inLanguage\":\"pt-BR\"},{\"@type\":\"WebPage\",\"@id\":\"https:\\\/\\\/transamerica93.com.br\\\/home\\\/tribunal-espanhol-confirma-condenacao-inedita-por-crime-de-odio-contra-vini-jr\\\/\",\"url\":\"https:\\\/\\\/transamerica93.com.br\\\/home\\\/tribunal-espanhol-confirma-condenacao-inedita-por-crime-de-odio-contra-vini-jr\\\/\",\"name\":\"Tribunal espanhol confirma condena\u00e7\u00e3o in\u00e9dita por crime de \u00f3dio contra Vini Jr. - Transam\u00e9rica Mococa 93,3\",\"isPartOf\":{\"@id\":\"https:\\\/\\\/transamerica93.com.br\\\/home\\\/#website\"},\"primaryImageOfPage\":{\"@id\":\"https:\\\/\\\/transamerica93.com.br\\\/home\\\/tribunal-espanhol-confirma-condenacao-inedita-por-crime-de-odio-contra-vini-jr\\\/#primaryimage\"},\"image\":{\"@id\":\"https:\\\/\\\/transamerica93.com.br\\\/home\\\/tribunal-espanhol-confirma-condenacao-inedita-por-crime-de-odio-contra-vini-jr\\\/#primaryimage\"},\"thumbnailUrl\":\"https:\\\/\\\/transamerica93.com.br\\\/home\\\/wp-content\\\/uploads\\\/2025\\\/05\\\/1-124.jpg\",\"datePublished\":\"2025-06-12T15:00:42+00:00\",\"breadcrumb\":{\"@id\":\"https:\\\/\\\/transamerica93.com.br\\\/home\\\/tribunal-espanhol-confirma-condenacao-inedita-por-crime-de-odio-contra-vini-jr\\\/#breadcrumb\"},\"inLanguage\":\"pt-BR\",\"potentialAction\":[{\"@type\":\"ReadAction\",\"target\":[\"https:\\\/\\\/transamerica93.com.br\\\/home\\\/tribunal-espanhol-confirma-condenacao-inedita-por-crime-de-odio-contra-vini-jr\\\/\"]}]},{\"@type\":\"ImageObject\",\"inLanguage\":\"pt-BR\",\"@id\":\"https:\\\/\\\/transamerica93.com.br\\\/home\\\/tribunal-espanhol-confirma-condenacao-inedita-por-crime-de-odio-contra-vini-jr\\\/#primaryimage\",\"url\":\"https:\\\/\\\/transamerica93.com.br\\\/home\\\/wp-content\\\/uploads\\\/2025\\\/05\\\/1-124.jpg\",\"contentUrl\":\"https:\\\/\\\/transamerica93.com.br\\\/home\\\/wp-content\\\/uploads\\\/2025\\\/05\\\/1-124.jpg\",\"width\":831,\"height\":490},{\"@type\":\"BreadcrumbList\",\"@id\":\"https:\\\/\\\/transamerica93.com.br\\\/home\\\/tribunal-espanhol-confirma-condenacao-inedita-por-crime-de-odio-contra-vini-jr\\\/#breadcrumb\",\"itemListElement\":[{\"@type\":\"ListItem\",\"position\":1,\"name\":\"In\u00edcio\",\"item\":\"https:\\\/\\\/transamerica93.com.br\\\/home\\\/\"},{\"@type\":\"ListItem\",\"position\":2,\"name\":\"Tribunal espanhol confirma condena\u00e7\u00e3o in\u00e9dita por crime de \u00f3dio contra Vini Jr.\"}]},{\"@type\":\"WebSite\",\"@id\":\"https:\\\/\\\/transamerica93.com.br\\\/home\\\/#website\",\"url\":\"https:\\\/\\\/transamerica93.com.br\\\/home\\\/\",\"name\":\"Transam\u00e9rica Mococa 93,3\",\"description\":\"\",\"publisher\":{\"@id\":\"https:\\\/\\\/transamerica93.com.br\\\/home\\\/#organization\"},\"potentialAction\":[{\"@type\":\"SearchAction\",\"target\":{\"@type\":\"EntryPoint\",\"urlTemplate\":\"https:\\\/\\\/transamerica93.com.br\\\/home\\\/?s={search_term_string}\"},\"query-input\":{\"@type\":\"PropertyValueSpecification\",\"valueRequired\":true,\"valueName\":\"search_term_string\"}}],\"inLanguage\":\"pt-BR\"},{\"@type\":\"Organization\",\"@id\":\"https:\\\/\\\/transamerica93.com.br\\\/home\\\/#organization\",\"name\":\"Transam\u00e9rica Mococa 93,3\",\"url\":\"https:\\\/\\\/transamerica93.com.br\\\/home\\\/\",\"logo\":{\"@type\":\"ImageObject\",\"inLanguage\":\"pt-BR\",\"@id\":\"https:\\\/\\\/transamerica93.com.br\\\/home\\\/#\\\/schema\\\/logo\\\/image\\\/\",\"url\":\"https:\\\/\\\/transamerica93.com.br\\\/home\\\/wp-content\\\/uploads\\\/2023\\\/10\\\/logo2.png\",\"contentUrl\":\"https:\\\/\\\/transamerica93.com.br\\\/home\\\/wp-content\\\/uploads\\\/2023\\\/10\\\/logo2.png\",\"width\":800,\"height\":500,\"caption\":\"Transam\u00e9rica Mococa 93,3\"},\"image\":{\"@id\":\"https:\\\/\\\/transamerica93.com.br\\\/home\\\/#\\\/schema\\\/logo\\\/image\\\/\"},\"sameAs\":[\"https:\\\/\\\/www.facebook.com\\\/transamericamococa\",\"https:\\\/\\\/x.com\\\/transamerica933\",\"https:\\\/\\\/www.instagram.com\\\/transamericamococa\"]},{\"@type\":\"Person\",\"@id\":\"https:\\\/\\\/transamerica93.com.br\\\/home\\\/#\\\/schema\\\/person\\\/7fed7c99c0d4562efa8561bc0f543172\",\"name\":\"Reda\u00e7\u00e3o\",\"image\":{\"@type\":\"ImageObject\",\"inLanguage\":\"pt-BR\",\"@id\":\"https:\\\/\\\/secure.gravatar.com\\\/avatar\\\/1072c6b775fb02ef8506ce967551d95926669a6b7d2c2147b42eea4d7c68395e?s=96&d=mm&r=g\",\"url\":\"https:\\\/\\\/secure.gravatar.com\\\/avatar\\\/1072c6b775fb02ef8506ce967551d95926669a6b7d2c2147b42eea4d7c68395e?s=96&d=mm&r=g\",\"contentUrl\":\"https:\\\/\\\/secure.gravatar.com\\\/avatar\\\/1072c6b775fb02ef8506ce967551d95926669a6b7d2c2147b42eea4d7c68395e?s=96&d=mm&r=g\",\"caption\":\"Reda\u00e7\u00e3o\"},\"sameAs\":[\"https:\\\/\\\/transamerica93.com.br\\\/home\"],\"url\":\"https:\\\/\\\/transamerica93.com.br\\\/home\\\/author\\\/william\\\/\"}]}<\/script>\n<!-- \/ Yoast SEO plugin. -->","yoast_head_json":{"title":"Tribunal espanhol confirma condena\u00e7\u00e3o in\u00e9dita por crime de \u00f3dio contra Vini Jr. - Transam\u00e9rica Mococa 93,3","robots":{"index":"index","follow":"follow","max-snippet":"max-snippet:-1","max-image-preview":"max-image-preview:large","max-video-preview":"max-video-preview:-1"},"canonical":"https:\/\/transamerica93.com.br\/home\/tribunal-espanhol-confirma-condenacao-inedita-por-crime-de-odio-contra-vini-jr\/","og_locale":"pt_BR","og_type":"article","og_title":"Tribunal espanhol confirma condena\u00e7\u00e3o in\u00e9dita por crime de \u00f3dio contra Vini Jr. - Transam\u00e9rica Mococa 93,3","og_description":"Tamanho do texto?\u00a0A\u00a0A\u00a0A\u00a0A\u00a0\u00a0 Um caso de racismo, que tem Vin\u00edcius J\u00fanior como v\u00edtima, fez hist\u00f3ria no Judici\u00e1rio espanhol nesta quarta-feira. A Audi\u00eancia Provincial de Valladolid homologou decis\u00e3o tomada na semana passada, que condena cinco torcedores do Valladolid a um ano de pris\u00e3o por insultos racistas ao brasileiro, e enquadrou o caso como &#8220;crime de \u00f3dio&#8221;. &hellip;","og_url":"https:\/\/transamerica93.com.br\/home\/tribunal-espanhol-confirma-condenacao-inedita-por-crime-de-odio-contra-vini-jr\/","og_site_name":"Transam\u00e9rica Mococa 93,3","article_publisher":"https:\/\/www.facebook.com\/transamericamococa","article_published_time":"2025-06-12T15:00:42+00:00","og_image":[{"width":831,"height":490,"url":"https:\/\/transamerica93.com.br\/home\/wp-content\/uploads\/2025\/05\/1-124.jpg","type":"image\/jpeg"}],"author":"Reda\u00e7\u00e3o","twitter_card":"summary_large_image","twitter_creator":"@transamerica933","twitter_site":"@transamerica933","twitter_misc":{"Escrito por":"Reda\u00e7\u00e3o","Est. tempo de leitura":"3 minutos"},"schema":{"@context":"https:\/\/schema.org","@graph":[{"@type":"Article","@id":"https:\/\/transamerica93.com.br\/home\/tribunal-espanhol-confirma-condenacao-inedita-por-crime-de-odio-contra-vini-jr\/#article","isPartOf":{"@id":"https:\/\/transamerica93.com.br\/home\/tribunal-espanhol-confirma-condenacao-inedita-por-crime-de-odio-contra-vini-jr\/"},"author":{"name":"Reda\u00e7\u00e3o","@id":"https:\/\/transamerica93.com.br\/home\/#\/schema\/person\/7fed7c99c0d4562efa8561bc0f543172"},"headline":"Tribunal espanhol confirma condena\u00e7\u00e3o in\u00e9dita por crime de \u00f3dio contra Vini Jr.","datePublished":"2025-06-12T15:00:42+00:00","mainEntityOfPage":{"@id":"https:\/\/transamerica93.com.br\/home\/tribunal-espanhol-confirma-condenacao-inedita-por-crime-de-odio-contra-vini-jr\/"},"wordCount":531,"publisher":{"@id":"https:\/\/transamerica93.com.br\/home\/#organization"},"image":{"@id":"https:\/\/transamerica93.com.br\/home\/tribunal-espanhol-confirma-condenacao-inedita-por-crime-de-odio-contra-vini-jr\/#primaryimage"},"thumbnailUrl":"https:\/\/transamerica93.com.br\/home\/wp-content\/uploads\/2025\/05\/1-124.jpg","articleSection":["Esportes"],"inLanguage":"pt-BR"},{"@type":"WebPage","@id":"https:\/\/transamerica93.com.br\/home\/tribunal-espanhol-confirma-condenacao-inedita-por-crime-de-odio-contra-vini-jr\/","url":"https:\/\/transamerica93.com.br\/home\/tribunal-espanhol-confirma-condenacao-inedita-por-crime-de-odio-contra-vini-jr\/","name":"Tribunal espanhol confirma condena\u00e7\u00e3o in\u00e9dita por crime de \u00f3dio contra Vini Jr. - Transam\u00e9rica Mococa 93,3","isPartOf":{"@id":"https:\/\/transamerica93.com.br\/home\/#website"},"primaryImageOfPage":{"@id":"https:\/\/transamerica93.com.br\/home\/tribunal-espanhol-confirma-condenacao-inedita-por-crime-de-odio-contra-vini-jr\/#primaryimage"},"image":{"@id":"https:\/\/transamerica93.com.br\/home\/tribunal-espanhol-confirma-condenacao-inedita-por-crime-de-odio-contra-vini-jr\/#primaryimage"},"thumbnailUrl":"https:\/\/transamerica93.com.br\/home\/wp-content\/uploads\/2025\/05\/1-124.jpg","datePublished":"2025-06-12T15:00:42+00:00","breadcrumb":{"@id":"https:\/\/transamerica93.com.br\/home\/tribunal-espanhol-confirma-condenacao-inedita-por-crime-de-odio-contra-vini-jr\/#breadcrumb"},"inLanguage":"pt-BR","potentialAction":[{"@type":"ReadAction","target":["https:\/\/transamerica93.com.br\/home\/tribunal-espanhol-confirma-condenacao-inedita-por-crime-de-odio-contra-vini-jr\/"]}]},{"@type":"ImageObject","inLanguage":"pt-BR","@id":"https:\/\/transamerica93.com.br\/home\/tribunal-espanhol-confirma-condenacao-inedita-por-crime-de-odio-contra-vini-jr\/#primaryimage","url":"https:\/\/transamerica93.com.br\/home\/wp-content\/uploads\/2025\/05\/1-124.jpg","contentUrl":"https:\/\/transamerica93.com.br\/home\/wp-content\/uploads\/2025\/05\/1-124.jpg","width":831,"height":490},{"@type":"BreadcrumbList","@id":"https:\/\/transamerica93.com.br\/home\/tribunal-espanhol-confirma-condenacao-inedita-por-crime-de-odio-contra-vini-jr\/#breadcrumb","itemListElement":[{"@type":"ListItem","position":1,"name":"In\u00edcio","item":"https:\/\/transamerica93.com.br\/home\/"},{"@type":"ListItem","position":2,"name":"Tribunal espanhol confirma condena\u00e7\u00e3o in\u00e9dita por crime de \u00f3dio contra Vini Jr."}]},{"@type":"WebSite","@id":"https:\/\/transamerica93.com.br\/home\/#website","url":"https:\/\/transamerica93.com.br\/home\/","name":"Transam\u00e9rica Mococa 93,3","description":"","publisher":{"@id":"https:\/\/transamerica93.com.br\/home\/#organization"},"potentialAction":[{"@type":"SearchAction","target":{"@type":"EntryPoint","urlTemplate":"https:\/\/transamerica93.com.br\/home\/?s={search_term_string}"},"query-input":{"@type":"PropertyValueSpecification","valueRequired":true,"valueName":"search_term_string"}}],"inLanguage":"pt-BR"},{"@type":"Organization","@id":"https:\/\/transamerica93.com.br\/home\/#organization","name":"Transam\u00e9rica Mococa 93,3","url":"https:\/\/transamerica93.com.br\/home\/","logo":{"@type":"ImageObject","inLanguage":"pt-BR","@id":"https:\/\/transamerica93.com.br\/home\/#\/schema\/logo\/image\/","url":"https:\/\/transamerica93.com.br\/home\/wp-content\/uploads\/2023\/10\/logo2.png","contentUrl":"https:\/\/transamerica93.com.br\/home\/wp-content\/uploads\/2023\/10\/logo2.png","width":800,"height":500,"caption":"Transam\u00e9rica Mococa 93,3"},"image":{"@id":"https:\/\/transamerica93.com.br\/home\/#\/schema\/logo\/image\/"},"sameAs":["https:\/\/www.facebook.com\/transamericamococa","https:\/\/x.com\/transamerica933","https:\/\/www.instagram.com\/transamericamococa"]},{"@type":"Person","@id":"https:\/\/transamerica93.com.br\/home\/#\/schema\/person\/7fed7c99c0d4562efa8561bc0f543172","name":"Reda\u00e7\u00e3o","image":{"@type":"ImageObject","inLanguage":"pt-BR","@id":"https:\/\/secure.gravatar.com\/avatar\/1072c6b775fb02ef8506ce967551d95926669a6b7d2c2147b42eea4d7c68395e?s=96&d=mm&r=g","url":"https:\/\/secure.gravatar.com\/avatar\/1072c6b775fb02ef8506ce967551d95926669a6b7d2c2147b42eea4d7c68395e?s=96&d=mm&r=g","contentUrl":"https:\/\/secure.gravatar.com\/avatar\/1072c6b775fb02ef8506ce967551d95926669a6b7d2c2147b42eea4d7c68395e?s=96&d=mm&r=g","caption":"Reda\u00e7\u00e3o"},"sameAs":["https:\/\/transamerica93.com.br\/home"],"url":"https:\/\/transamerica93.com.br\/home\/author\/william\/"}]}},"_links":{"self":[{"href":"https:\/\/transamerica93.com.br\/home\/wp-json\/wp\/v2\/posts\/5646","targetHints":{"allow":["GET"]}}],"collection":[{"href":"https:\/\/transamerica93.com.br\/home\/wp-json\/wp\/v2\/posts"}],"about":[{"href":"https:\/\/transamerica93.com.br\/home\/wp-json\/wp\/v2\/types\/post"}],"author":[{"embeddable":true,"href":"https:\/\/transamerica93.com.br\/home\/wp-json\/wp\/v2\/users\/1"}],"replies":[{"embeddable":true,"href":"https:\/\/transamerica93.com.br\/home\/wp-json\/wp\/v2\/comments?post=5646"}],"version-history":[{"count":1,"href":"https:\/\/transamerica93.com.br\/home\/wp-json\/wp\/v2\/posts\/5646\/revisions"}],"predecessor-version":[{"id":5648,"href":"https:\/\/transamerica93.com.br\/home\/wp-json\/wp\/v2\/posts\/5646\/revisions\/5648"}],"wp:featuredmedia":[{"embeddable":true,"href":"https:\/\/transamerica93.com.br\/home\/wp-json\/wp\/v2\/media\/5647"}],"wp:attachment":[{"href":"https:\/\/transamerica93.com.br\/home\/wp-json\/wp\/v2\/media?parent=5646"}],"wp:term":[{"taxonomy":"category","embeddable":true,"href":"https:\/\/transamerica93.com.br\/home\/wp-json\/wp\/v2\/categories?post=5646"},{"taxonomy":"post_tag","embeddable":true,"href":"https:\/\/transamerica93.com.br\/home\/wp-json\/wp\/v2\/tags?post=5646"}],"curies":[{"name":"wp","href":"https:\/\/api.w.org\/{rel}","templated":true}]}}