{"id":5658,"date":"2025-06-10T15:00:10","date_gmt":"2025-06-10T18:00:10","guid":{"rendered":"https:\/\/transamerica93.com.br\/home\/?p=5658"},"modified":"2025-05-22T10:03:31","modified_gmt":"2025-05-22T13:03:31","slug":"mick-jagger-aparece-em-fotos-raras-em-post-de-luciana-gimenez-para-o-filho","status":"publish","type":"post","link":"https:\/\/transamerica93.com.br\/home\/mick-jagger-aparece-em-fotos-raras-em-post-de-luciana-gimenez-para-o-filho\/","title":{"rendered":"Mick Jagger aparece em fotos raras em post de Luciana Gimenez para o filho"},"content":{"rendered":"<h6 class=\"Assina\">Por Ingrid Rodrigues<\/h6>\n<p>Lucas Jagger, filho de Luciana Gimenez e Mick Jagger, completou 26 anos. No Instagram, a apresentadora o homenageou em v\u00eddeo, exibindo imagens raras com o vocalista da banda Rolling Stones.<\/p>\n<p>Luciana e Mick aparecem sorridentes lado a lado em registros da inf\u00e2ncia de Lucas. Em um v\u00eddeo, eles cantam juntos parab\u00e9ns ao filho. Em outras imagens, o cantor se diverte com o menino.<\/p>\n<p>A apresentadora e o vocalista do Rolling Stones se envolveram em 1998, quando ele ainda estava em um relacionamento com Jerry Hall, com quem j\u00e1 tinha quatro filhos. Sem ter namorado oficialmente Mick, Luciana descobriu a gravidez no ano seguinte.<\/p>\n<p>No anivers\u00e1rio de Lucas, a apresentadora se declarou ao primog\u00eanito: &#8220;Vinte e seis anos se passaram desde o dia mais feliz da minha vida &#8211; o dia em que voc\u00ea nasceu e transformou tudo ao meu redor.&#8221;<\/p>\n<p>&#8220;Voc\u00ea \u00e9 a raz\u00e3o do meu sorriso, da minha for\u00e7a, da minha vontade de ser melhor todos os dias. Ser sua m\u00e3e \u00e9 meu maior projeto de vida, meu orgulho mais profundo, meu amor mais puro&#8221;, escreveu.<\/p>\n<p>Por fim, Luciana desejou ao filho &#8220;sa\u00fade, alegrias, aprendizados e muitos sorrisos&#8221;. &#8220;Voc\u00ea merece tudo de mais bonito que a vida puder te dar. Te amo para sempre.&#8221;<\/p>\n","protected":false},"excerpt":{"rendered":"<p>Por Ingrid Rodrigues Lucas Jagger, filho de Luciana Gimenez e Mick Jagger, completou 26 anos. No Instagram, a apresentadora o homenageou em v\u00eddeo, exibindo imagens raras com o vocalista da banda Rolling Stones. Luciana e Mick aparecem sorridentes lado a lado em registros da inf\u00e2ncia de Lucas. Em um v\u00eddeo, eles cantam juntos parab\u00e9ns ao &hellip;<\/p>\n","protected":false},"author":1,"featured_media":5659,"comment_status":"closed","ping_status":"closed","sticky":false,"template":"","format":"standard","meta":{"footnotes":""},"categories":[25],"tags":[],"class_list":["post-5658","post","type-post","status-publish","format-standard","has-post-thumbnail","hentry","category-musica"],"yoast_head":"<!-- This site is optimized with the Yoast SEO plugin v27.4 - https:\/\/yoast.com\/product\/yoast-seo-wordpress\/ -->\n<title>Mick Jagger aparece em fotos raras em post de Luciana Gimenez para o filho - Transam\u00e9rica Mococa 93,3<\/title>\n<meta name=\"robots\" content=\"index, follow, max-snippet:-1, max-image-preview:large, max-video-preview:-1\" \/>\n<link rel=\"canonical\" href=\"https:\/\/transamerica93.com.br\/home\/mick-jagger-aparece-em-fotos-raras-em-post-de-luciana-gimenez-para-o-filho\/\" \/>\n<meta property=\"og:locale\" content=\"pt_BR\" \/>\n<meta property=\"og:type\" content=\"article\" \/>\n<meta property=\"og:title\" content=\"Mick Jagger aparece em fotos raras em post de Luciana Gimenez para o filho - Transam\u00e9rica Mococa 93,3\" \/>\n<meta property=\"og:description\" content=\"Por Ingrid Rodrigues Lucas Jagger, filho de Luciana Gimenez e Mick Jagger, completou 26 anos. No Instagram, a apresentadora o homenageou em v\u00eddeo, exibindo imagens raras com o vocalista da banda Rolling Stones. Luciana e Mick aparecem sorridentes lado a lado em registros da inf\u00e2ncia de Lucas. Em um v\u00eddeo, eles cantam juntos parab\u00e9ns ao &hellip;\" \/>\n<meta property=\"og:url\" content=\"https:\/\/transamerica93.com.br\/home\/mick-jagger-aparece-em-fotos-raras-em-post-de-luciana-gimenez-para-o-filho\/\" \/>\n<meta property=\"og:site_name\" content=\"Transam\u00e9rica Mococa 93,3\" \/>\n<meta property=\"article:publisher\" content=\"https:\/\/www.facebook.com\/transamericamococa\" \/>\n<meta property=\"article:published_time\" content=\"2025-06-10T18:00:10+00:00\" \/>\n<meta property=\"og:image\" content=\"https:\/\/transamerica93.com.br\/home\/wp-content\/uploads\/2025\/05\/1-128.jpg\" \/>\n\t<meta property=\"og:image:width\" content=\"927\" \/>\n\t<meta property=\"og:image:height\" content=\"518\" \/>\n\t<meta property=\"og:image:type\" content=\"image\/jpeg\" \/>\n<meta name=\"author\" content=\"Reda\u00e7\u00e3o\" \/>\n<meta name=\"twitter:card\" content=\"summary_large_image\" \/>\n<meta name=\"twitter:creator\" content=\"@transamerica933\" \/>\n<meta name=\"twitter:site\" content=\"@transamerica933\" \/>\n<meta name=\"twitter:label1\" content=\"Escrito por\" \/>\n\t<meta name=\"twitter:data1\" content=\"Reda\u00e7\u00e3o\" \/>\n\t<meta name=\"twitter:label2\" content=\"Est. tempo de leitura\" \/>\n\t<meta name=\"twitter:data2\" content=\"2 minutos\" \/>\n<script type=\"application\/ld+json\" class=\"yoast-schema-graph\">{\"@context\":\"https:\\\/\\\/schema.org\",\"@graph\":[{\"@type\":\"Article\",\"@id\":\"https:\\\/\\\/transamerica93.com.br\\\/home\\\/mick-jagger-aparece-em-fotos-raras-em-post-de-luciana-gimenez-para-o-filho\\\/#article\",\"isPartOf\":{\"@id\":\"https:\\\/\\\/transamerica93.com.br\\\/home\\\/mick-jagger-aparece-em-fotos-raras-em-post-de-luciana-gimenez-para-o-filho\\\/\"},\"author\":{\"name\":\"Reda\u00e7\u00e3o\",\"@id\":\"https:\\\/\\\/transamerica93.com.br\\\/home\\\/#\\\/schema\\\/person\\\/7fed7c99c0d4562efa8561bc0f543172\"},\"headline\":\"Mick Jagger aparece em fotos raras em post de Luciana Gimenez para o filho\",\"datePublished\":\"2025-06-10T18:00:10+00:00\",\"mainEntityOfPage\":{\"@id\":\"https:\\\/\\\/transamerica93.com.br\\\/home\\\/mick-jagger-aparece-em-fotos-raras-em-post-de-luciana-gimenez-para-o-filho\\\/\"},\"wordCount\":228,\"publisher\":{\"@id\":\"https:\\\/\\\/transamerica93.com.br\\\/home\\\/#organization\"},\"image\":{\"@id\":\"https:\\\/\\\/transamerica93.com.br\\\/home\\\/mick-jagger-aparece-em-fotos-raras-em-post-de-luciana-gimenez-para-o-filho\\\/#primaryimage\"},\"thumbnailUrl\":\"https:\\\/\\\/transamerica93.com.br\\\/home\\\/wp-content\\\/uploads\\\/2025\\\/05\\\/1-128.jpg\",\"articleSection\":[\"M\u00fasica\"],\"inLanguage\":\"pt-BR\"},{\"@type\":\"WebPage\",\"@id\":\"https:\\\/\\\/transamerica93.com.br\\\/home\\\/mick-jagger-aparece-em-fotos-raras-em-post-de-luciana-gimenez-para-o-filho\\\/\",\"url\":\"https:\\\/\\\/transamerica93.com.br\\\/home\\\/mick-jagger-aparece-em-fotos-raras-em-post-de-luciana-gimenez-para-o-filho\\\/\",\"name\":\"Mick Jagger aparece em fotos raras em post de Luciana Gimenez para o filho - Transam\u00e9rica Mococa 93,3\",\"isPartOf\":{\"@id\":\"https:\\\/\\\/transamerica93.com.br\\\/home\\\/#website\"},\"primaryImageOfPage\":{\"@id\":\"https:\\\/\\\/transamerica93.com.br\\\/home\\\/mick-jagger-aparece-em-fotos-raras-em-post-de-luciana-gimenez-para-o-filho\\\/#primaryimage\"},\"image\":{\"@id\":\"https:\\\/\\\/transamerica93.com.br\\\/home\\\/mick-jagger-aparece-em-fotos-raras-em-post-de-luciana-gimenez-para-o-filho\\\/#primaryimage\"},\"thumbnailUrl\":\"https:\\\/\\\/transamerica93.com.br\\\/home\\\/wp-content\\\/uploads\\\/2025\\\/05\\\/1-128.jpg\",\"datePublished\":\"2025-06-10T18:00:10+00:00\",\"breadcrumb\":{\"@id\":\"https:\\\/\\\/transamerica93.com.br\\\/home\\\/mick-jagger-aparece-em-fotos-raras-em-post-de-luciana-gimenez-para-o-filho\\\/#breadcrumb\"},\"inLanguage\":\"pt-BR\",\"potentialAction\":[{\"@type\":\"ReadAction\",\"target\":[\"https:\\\/\\\/transamerica93.com.br\\\/home\\\/mick-jagger-aparece-em-fotos-raras-em-post-de-luciana-gimenez-para-o-filho\\\/\"]}]},{\"@type\":\"ImageObject\",\"inLanguage\":\"pt-BR\",\"@id\":\"https:\\\/\\\/transamerica93.com.br\\\/home\\\/mick-jagger-aparece-em-fotos-raras-em-post-de-luciana-gimenez-para-o-filho\\\/#primaryimage\",\"url\":\"https:\\\/\\\/transamerica93.com.br\\\/home\\\/wp-content\\\/uploads\\\/2025\\\/05\\\/1-128.jpg\",\"contentUrl\":\"https:\\\/\\\/transamerica93.com.br\\\/home\\\/wp-content\\\/uploads\\\/2025\\\/05\\\/1-128.jpg\",\"width\":927,\"height\":518},{\"@type\":\"BreadcrumbList\",\"@id\":\"https:\\\/\\\/transamerica93.com.br\\\/home\\\/mick-jagger-aparece-em-fotos-raras-em-post-de-luciana-gimenez-para-o-filho\\\/#breadcrumb\",\"itemListElement\":[{\"@type\":\"ListItem\",\"position\":1,\"name\":\"In\u00edcio\",\"item\":\"https:\\\/\\\/transamerica93.com.br\\\/home\\\/\"},{\"@type\":\"ListItem\",\"position\":2,\"name\":\"Mick Jagger aparece em fotos raras em post de Luciana Gimenez para o filho\"}]},{\"@type\":\"WebSite\",\"@id\":\"https:\\\/\\\/transamerica93.com.br\\\/home\\\/#website\",\"url\":\"https:\\\/\\\/transamerica93.com.br\\\/home\\\/\",\"name\":\"Transam\u00e9rica Mococa 93,3\",\"description\":\"\",\"publisher\":{\"@id\":\"https:\\\/\\\/transamerica93.com.br\\\/home\\\/#organization\"},\"potentialAction\":[{\"@type\":\"SearchAction\",\"target\":{\"@type\":\"EntryPoint\",\"urlTemplate\":\"https:\\\/\\\/transamerica93.com.br\\\/home\\\/?s={search_term_string}\"},\"query-input\":{\"@type\":\"PropertyValueSpecification\",\"valueRequired\":true,\"valueName\":\"search_term_string\"}}],\"inLanguage\":\"pt-BR\"},{\"@type\":\"Organization\",\"@id\":\"https:\\\/\\\/transamerica93.com.br\\\/home\\\/#organization\",\"name\":\"Transam\u00e9rica Mococa 93,3\",\"url\":\"https:\\\/\\\/transamerica93.com.br\\\/home\\\/\",\"logo\":{\"@type\":\"ImageObject\",\"inLanguage\":\"pt-BR\",\"@id\":\"https:\\\/\\\/transamerica93.com.br\\\/home\\\/#\\\/schema\\\/logo\\\/image\\\/\",\"url\":\"https:\\\/\\\/transamerica93.com.br\\\/home\\\/wp-content\\\/uploads\\\/2023\\\/10\\\/logo2.png\",\"contentUrl\":\"https:\\\/\\\/transamerica93.com.br\\\/home\\\/wp-content\\\/uploads\\\/2023\\\/10\\\/logo2.png\",\"width\":800,\"height\":500,\"caption\":\"Transam\u00e9rica Mococa 93,3\"},\"image\":{\"@id\":\"https:\\\/\\\/transamerica93.com.br\\\/home\\\/#\\\/schema\\\/logo\\\/image\\\/\"},\"sameAs\":[\"https:\\\/\\\/www.facebook.com\\\/transamericamococa\",\"https:\\\/\\\/x.com\\\/transamerica933\",\"https:\\\/\\\/www.instagram.com\\\/transamericamococa\"]},{\"@type\":\"Person\",\"@id\":\"https:\\\/\\\/transamerica93.com.br\\\/home\\\/#\\\/schema\\\/person\\\/7fed7c99c0d4562efa8561bc0f543172\",\"name\":\"Reda\u00e7\u00e3o\",\"image\":{\"@type\":\"ImageObject\",\"inLanguage\":\"pt-BR\",\"@id\":\"https:\\\/\\\/secure.gravatar.com\\\/avatar\\\/1072c6b775fb02ef8506ce967551d95926669a6b7d2c2147b42eea4d7c68395e?s=96&d=mm&r=g\",\"url\":\"https:\\\/\\\/secure.gravatar.com\\\/avatar\\\/1072c6b775fb02ef8506ce967551d95926669a6b7d2c2147b42eea4d7c68395e?s=96&d=mm&r=g\",\"contentUrl\":\"https:\\\/\\\/secure.gravatar.com\\\/avatar\\\/1072c6b775fb02ef8506ce967551d95926669a6b7d2c2147b42eea4d7c68395e?s=96&d=mm&r=g\",\"caption\":\"Reda\u00e7\u00e3o\"},\"sameAs\":[\"https:\\\/\\\/transamerica93.com.br\\\/home\"],\"url\":\"https:\\\/\\\/transamerica93.com.br\\\/home\\\/author\\\/william\\\/\"}]}<\/script>\n<!-- \/ Yoast SEO plugin. -->","yoast_head_json":{"title":"Mick Jagger aparece em fotos raras em post de Luciana Gimenez para o filho - Transam\u00e9rica Mococa 93,3","robots":{"index":"index","follow":"follow","max-snippet":"max-snippet:-1","max-image-preview":"max-image-preview:large","max-video-preview":"max-video-preview:-1"},"canonical":"https:\/\/transamerica93.com.br\/home\/mick-jagger-aparece-em-fotos-raras-em-post-de-luciana-gimenez-para-o-filho\/","og_locale":"pt_BR","og_type":"article","og_title":"Mick Jagger aparece em fotos raras em post de Luciana Gimenez para o filho - Transam\u00e9rica Mococa 93,3","og_description":"Por Ingrid Rodrigues Lucas Jagger, filho de Luciana Gimenez e Mick Jagger, completou 26 anos. No Instagram, a apresentadora o homenageou em v\u00eddeo, exibindo imagens raras com o vocalista da banda Rolling Stones. Luciana e Mick aparecem sorridentes lado a lado em registros da inf\u00e2ncia de Lucas. Em um v\u00eddeo, eles cantam juntos parab\u00e9ns ao &hellip;","og_url":"https:\/\/transamerica93.com.br\/home\/mick-jagger-aparece-em-fotos-raras-em-post-de-luciana-gimenez-para-o-filho\/","og_site_name":"Transam\u00e9rica Mococa 93,3","article_publisher":"https:\/\/www.facebook.com\/transamericamococa","article_published_time":"2025-06-10T18:00:10+00:00","og_image":[{"width":927,"height":518,"url":"https:\/\/transamerica93.com.br\/home\/wp-content\/uploads\/2025\/05\/1-128.jpg","type":"image\/jpeg"}],"author":"Reda\u00e7\u00e3o","twitter_card":"summary_large_image","twitter_creator":"@transamerica933","twitter_site":"@transamerica933","twitter_misc":{"Escrito por":"Reda\u00e7\u00e3o","Est. tempo de leitura":"2 minutos"},"schema":{"@context":"https:\/\/schema.org","@graph":[{"@type":"Article","@id":"https:\/\/transamerica93.com.br\/home\/mick-jagger-aparece-em-fotos-raras-em-post-de-luciana-gimenez-para-o-filho\/#article","isPartOf":{"@id":"https:\/\/transamerica93.com.br\/home\/mick-jagger-aparece-em-fotos-raras-em-post-de-luciana-gimenez-para-o-filho\/"},"author":{"name":"Reda\u00e7\u00e3o","@id":"https:\/\/transamerica93.com.br\/home\/#\/schema\/person\/7fed7c99c0d4562efa8561bc0f543172"},"headline":"Mick Jagger aparece em fotos raras em post de Luciana Gimenez para o filho","datePublished":"2025-06-10T18:00:10+00:00","mainEntityOfPage":{"@id":"https:\/\/transamerica93.com.br\/home\/mick-jagger-aparece-em-fotos-raras-em-post-de-luciana-gimenez-para-o-filho\/"},"wordCount":228,"publisher":{"@id":"https:\/\/transamerica93.com.br\/home\/#organization"},"image":{"@id":"https:\/\/transamerica93.com.br\/home\/mick-jagger-aparece-em-fotos-raras-em-post-de-luciana-gimenez-para-o-filho\/#primaryimage"},"thumbnailUrl":"https:\/\/transamerica93.com.br\/home\/wp-content\/uploads\/2025\/05\/1-128.jpg","articleSection":["M\u00fasica"],"inLanguage":"pt-BR"},{"@type":"WebPage","@id":"https:\/\/transamerica93.com.br\/home\/mick-jagger-aparece-em-fotos-raras-em-post-de-luciana-gimenez-para-o-filho\/","url":"https:\/\/transamerica93.com.br\/home\/mick-jagger-aparece-em-fotos-raras-em-post-de-luciana-gimenez-para-o-filho\/","name":"Mick Jagger aparece em fotos raras em post de Luciana Gimenez para o filho - Transam\u00e9rica Mococa 93,3","isPartOf":{"@id":"https:\/\/transamerica93.com.br\/home\/#website"},"primaryImageOfPage":{"@id":"https:\/\/transamerica93.com.br\/home\/mick-jagger-aparece-em-fotos-raras-em-post-de-luciana-gimenez-para-o-filho\/#primaryimage"},"image":{"@id":"https:\/\/transamerica93.com.br\/home\/mick-jagger-aparece-em-fotos-raras-em-post-de-luciana-gimenez-para-o-filho\/#primaryimage"},"thumbnailUrl":"https:\/\/transamerica93.com.br\/home\/wp-content\/uploads\/2025\/05\/1-128.jpg","datePublished":"2025-06-10T18:00:10+00:00","breadcrumb":{"@id":"https:\/\/transamerica93.com.br\/home\/mick-jagger-aparece-em-fotos-raras-em-post-de-luciana-gimenez-para-o-filho\/#breadcrumb"},"inLanguage":"pt-BR","potentialAction":[{"@type":"ReadAction","target":["https:\/\/transamerica93.com.br\/home\/mick-jagger-aparece-em-fotos-raras-em-post-de-luciana-gimenez-para-o-filho\/"]}]},{"@type":"ImageObject","inLanguage":"pt-BR","@id":"https:\/\/transamerica93.com.br\/home\/mick-jagger-aparece-em-fotos-raras-em-post-de-luciana-gimenez-para-o-filho\/#primaryimage","url":"https:\/\/transamerica93.com.br\/home\/wp-content\/uploads\/2025\/05\/1-128.jpg","contentUrl":"https:\/\/transamerica93.com.br\/home\/wp-content\/uploads\/2025\/05\/1-128.jpg","width":927,"height":518},{"@type":"BreadcrumbList","@id":"https:\/\/transamerica93.com.br\/home\/mick-jagger-aparece-em-fotos-raras-em-post-de-luciana-gimenez-para-o-filho\/#breadcrumb","itemListElement":[{"@type":"ListItem","position":1,"name":"In\u00edcio","item":"https:\/\/transamerica93.com.br\/home\/"},{"@type":"ListItem","position":2,"name":"Mick Jagger aparece em fotos raras em post de Luciana Gimenez para o filho"}]},{"@type":"WebSite","@id":"https:\/\/transamerica93.com.br\/home\/#website","url":"https:\/\/transamerica93.com.br\/home\/","name":"Transam\u00e9rica Mococa 93,3","description":"","publisher":{"@id":"https:\/\/transamerica93.com.br\/home\/#organization"},"potentialAction":[{"@type":"SearchAction","target":{"@type":"EntryPoint","urlTemplate":"https:\/\/transamerica93.com.br\/home\/?s={search_term_string}"},"query-input":{"@type":"PropertyValueSpecification","valueRequired":true,"valueName":"search_term_string"}}],"inLanguage":"pt-BR"},{"@type":"Organization","@id":"https:\/\/transamerica93.com.br\/home\/#organization","name":"Transam\u00e9rica Mococa 93,3","url":"https:\/\/transamerica93.com.br\/home\/","logo":{"@type":"ImageObject","inLanguage":"pt-BR","@id":"https:\/\/transamerica93.com.br\/home\/#\/schema\/logo\/image\/","url":"https:\/\/transamerica93.com.br\/home\/wp-content\/uploads\/2023\/10\/logo2.png","contentUrl":"https:\/\/transamerica93.com.br\/home\/wp-content\/uploads\/2023\/10\/logo2.png","width":800,"height":500,"caption":"Transam\u00e9rica Mococa 93,3"},"image":{"@id":"https:\/\/transamerica93.com.br\/home\/#\/schema\/logo\/image\/"},"sameAs":["https:\/\/www.facebook.com\/transamericamococa","https:\/\/x.com\/transamerica933","https:\/\/www.instagram.com\/transamericamococa"]},{"@type":"Person","@id":"https:\/\/transamerica93.com.br\/home\/#\/schema\/person\/7fed7c99c0d4562efa8561bc0f543172","name":"Reda\u00e7\u00e3o","image":{"@type":"ImageObject","inLanguage":"pt-BR","@id":"https:\/\/secure.gravatar.com\/avatar\/1072c6b775fb02ef8506ce967551d95926669a6b7d2c2147b42eea4d7c68395e?s=96&d=mm&r=g","url":"https:\/\/secure.gravatar.com\/avatar\/1072c6b775fb02ef8506ce967551d95926669a6b7d2c2147b42eea4d7c68395e?s=96&d=mm&r=g","contentUrl":"https:\/\/secure.gravatar.com\/avatar\/1072c6b775fb02ef8506ce967551d95926669a6b7d2c2147b42eea4d7c68395e?s=96&d=mm&r=g","caption":"Reda\u00e7\u00e3o"},"sameAs":["https:\/\/transamerica93.com.br\/home"],"url":"https:\/\/transamerica93.com.br\/home\/author\/william\/"}]}},"_links":{"self":[{"href":"https:\/\/transamerica93.com.br\/home\/wp-json\/wp\/v2\/posts\/5658","targetHints":{"allow":["GET"]}}],"collection":[{"href":"https:\/\/transamerica93.com.br\/home\/wp-json\/wp\/v2\/posts"}],"about":[{"href":"https:\/\/transamerica93.com.br\/home\/wp-json\/wp\/v2\/types\/post"}],"author":[{"embeddable":true,"href":"https:\/\/transamerica93.com.br\/home\/wp-json\/wp\/v2\/users\/1"}],"replies":[{"embeddable":true,"href":"https:\/\/transamerica93.com.br\/home\/wp-json\/wp\/v2\/comments?post=5658"}],"version-history":[{"count":1,"href":"https:\/\/transamerica93.com.br\/home\/wp-json\/wp\/v2\/posts\/5658\/revisions"}],"predecessor-version":[{"id":5660,"href":"https:\/\/transamerica93.com.br\/home\/wp-json\/wp\/v2\/posts\/5658\/revisions\/5660"}],"wp:featuredmedia":[{"embeddable":true,"href":"https:\/\/transamerica93.com.br\/home\/wp-json\/wp\/v2\/media\/5659"}],"wp:attachment":[{"href":"https:\/\/transamerica93.com.br\/home\/wp-json\/wp\/v2\/media?parent=5658"}],"wp:term":[{"taxonomy":"category","embeddable":true,"href":"https:\/\/transamerica93.com.br\/home\/wp-json\/wp\/v2\/categories?post=5658"},{"taxonomy":"post_tag","embeddable":true,"href":"https:\/\/transamerica93.com.br\/home\/wp-json\/wp\/v2\/tags?post=5658"}],"curies":[{"name":"wp","href":"https:\/\/api.w.org\/{rel}","templated":true}]}}