{"id":5661,"date":"2025-06-10T18:00:53","date_gmt":"2025-06-10T21:00:53","guid":{"rendered":"https:\/\/transamerica93.com.br\/home\/?p=5661"},"modified":"2025-05-22T10:04:39","modified_gmt":"2025-05-22T13:04:39","slug":"brunna-goncalves-revela-que-zuri-nasceu-de-cesarea-e-da-detalhes-sobre-o-pos-parto","status":"publish","type":"post","link":"https:\/\/transamerica93.com.br\/home\/brunna-goncalves-revela-que-zuri-nasceu-de-cesarea-e-da-detalhes-sobre-o-pos-parto\/","title":{"rendered":"Brunna Gon\u00e7alves revela que Zuri nasceu de ces\u00e1rea e d\u00e1 detalhes sobre o p\u00f3s-parto"},"content":{"rendered":"<div id=\"Corpo\">\n<h6 class=\"Assina\">Por Ingrid Rodrigues<\/h6>\n<p>Brunna Gon\u00e7alves falou pela primeira vez sobre o parto de Zuri, sua primeira filha com Ludmilla. A bailarina, que desejava e havia se preparado para um parto normal, acabou passando por uma ces\u00e1ria na \u00faltima quarta-feira, 14, em Miami, nos Estados Unidos.<\/p>\n<p>Segundo Brunna, ela fez tudo o que p\u00f4de para tentar o parto normal, desde fisioterapia p\u00e9lvica at\u00e9 pilates. &#8220;S\u00f3 que isso n\u00e3o depende de mim. Isso depende de Deus e da minha filha&#8221;, come\u00e7ou.<\/p>\n<p>Com 33 semanas de gesta\u00e7\u00e3o Zuri j\u00e1 estava na posi\u00e7\u00e3o ideal, &#8220;pronta para encaixar&#8221;, para a via de parto normal. Tudo mudou com a chegada de Brunna em Miami. &#8220;Cheguei aqui e fui fazer a primeira ultrassonografia e, simplesmente, a linda tinha desvirado. Sim, gente, isso \u00e9 dif\u00edcil de acontecer, mas n\u00e3o \u00e9 imposs\u00edvel. E aconteceu comigo. Ela desvirou. Sentou.&#8221;<\/p>\n<p>Acompanhada da equipe obst\u00e9trica, a bailarina disse que tentou v\u00e1rias alternativas para a beb\u00ea voltar \u00e0 posi\u00e7\u00e3o ideal, mas sem sucesso. Diante da situa\u00e7\u00e3o, o mais seguro foi realizar a cesariana.<\/p>\n<p>&#8220;A Zuri estava p\u00e9lvica, que \u00e9 sentada, e um parto normal, natural, de uma crian\u00e7a p\u00e9lvica \u00e9 muito perigoso. Ent\u00e3o, o que \u00e9 indicado \u00e9 fazer ces\u00e1rea. E a\u00ed, n\u00f3s marcamos e Zuri veio ao mundo&#8221;, detalhou nos Stories do Instagram.<\/p>\n<p>Sobre o p\u00f3s-parto, Brunna confessou que tem muita limita\u00e7\u00e3o devido \u00e0 cesariana. &#8220;A maioria do tempo eu fico deitada, sentada Est\u00e1 me limitando muito, isso me irrita. Porque para ir no banheiro \u00e9 um caos&#8221;, disse.<\/p>\n<p>Apesar da dificuldade, a bailaria est\u00e1 amparada por uma grande rede de apoio, que inclui Ludmilla, sua m\u00e3e, a sogra e os cunhados. &#8220;Minha m\u00e3e fica com ela na madrugada, enquanto eu descanso. Enfim, est\u00e1 sendo muito mais tranquilo com essa rede de apoio&#8221;, finalizou.<\/p><\/div>\n","protected":false},"excerpt":{"rendered":"<p>Por Ingrid Rodrigues Brunna Gon\u00e7alves falou pela primeira vez sobre o parto de Zuri, sua primeira filha com Ludmilla. A bailarina, que desejava e havia se preparado para um parto normal, acabou passando por uma ces\u00e1ria na \u00faltima quarta-feira, 14, em Miami, nos Estados Unidos. Segundo Brunna, ela fez tudo o que p\u00f4de para tentar &hellip;<\/p>\n","protected":false},"author":1,"featured_media":5617,"comment_status":"closed","ping_status":"closed","sticky":false,"template":"","format":"standard","meta":{"footnotes":""},"categories":[24],"tags":[],"class_list":["post-5661","post","type-post","status-publish","format-standard","has-post-thumbnail","hentry","category-entretenimento"],"yoast_head":"<!-- This site is optimized with the Yoast SEO plugin v27.4 - https:\/\/yoast.com\/product\/yoast-seo-wordpress\/ -->\n<title>Brunna Gon\u00e7alves revela que Zuri nasceu de ces\u00e1rea e d\u00e1 detalhes sobre o p\u00f3s-parto - Transam\u00e9rica Mococa 93,3<\/title>\n<meta name=\"robots\" content=\"index, follow, max-snippet:-1, max-image-preview:large, max-video-preview:-1\" \/>\n<link rel=\"canonical\" href=\"https:\/\/transamerica93.com.br\/home\/brunna-goncalves-revela-que-zuri-nasceu-de-cesarea-e-da-detalhes-sobre-o-pos-parto\/\" \/>\n<meta property=\"og:locale\" content=\"pt_BR\" \/>\n<meta property=\"og:type\" content=\"article\" \/>\n<meta property=\"og:title\" content=\"Brunna Gon\u00e7alves revela que Zuri nasceu de ces\u00e1rea e d\u00e1 detalhes sobre o p\u00f3s-parto - Transam\u00e9rica Mococa 93,3\" \/>\n<meta property=\"og:description\" content=\"Por Ingrid Rodrigues Brunna Gon\u00e7alves falou pela primeira vez sobre o parto de Zuri, sua primeira filha com Ludmilla. A bailarina, que desejava e havia se preparado para um parto normal, acabou passando por uma ces\u00e1ria na \u00faltima quarta-feira, 14, em Miami, nos Estados Unidos. Segundo Brunna, ela fez tudo o que p\u00f4de para tentar &hellip;\" \/>\n<meta property=\"og:url\" content=\"https:\/\/transamerica93.com.br\/home\/brunna-goncalves-revela-que-zuri-nasceu-de-cesarea-e-da-detalhes-sobre-o-pos-parto\/\" \/>\n<meta property=\"og:site_name\" content=\"Transam\u00e9rica Mococa 93,3\" \/>\n<meta property=\"article:publisher\" content=\"https:\/\/www.facebook.com\/transamericamococa\" \/>\n<meta property=\"article:published_time\" content=\"2025-06-10T21:00:53+00:00\" \/>\n<meta property=\"og:image\" content=\"https:\/\/transamerica93.com.br\/home\/wp-content\/uploads\/2025\/05\/1-114.jpg\" \/>\n\t<meta property=\"og:image:width\" content=\"1024\" \/>\n\t<meta property=\"og:image:height\" content=\"732\" \/>\n\t<meta property=\"og:image:type\" content=\"image\/jpeg\" \/>\n<meta name=\"author\" content=\"Reda\u00e7\u00e3o\" \/>\n<meta name=\"twitter:card\" content=\"summary_large_image\" \/>\n<meta name=\"twitter:creator\" content=\"@transamerica933\" \/>\n<meta name=\"twitter:site\" content=\"@transamerica933\" \/>\n<meta name=\"twitter:label1\" content=\"Escrito por\" \/>\n\t<meta name=\"twitter:data1\" content=\"Reda\u00e7\u00e3o\" \/>\n\t<meta name=\"twitter:label2\" content=\"Est. tempo de leitura\" \/>\n\t<meta name=\"twitter:data2\" content=\"2 minutos\" \/>\n<script type=\"application\/ld+json\" class=\"yoast-schema-graph\">{\"@context\":\"https:\\\/\\\/schema.org\",\"@graph\":[{\"@type\":\"Article\",\"@id\":\"https:\\\/\\\/transamerica93.com.br\\\/home\\\/brunna-goncalves-revela-que-zuri-nasceu-de-cesarea-e-da-detalhes-sobre-o-pos-parto\\\/#article\",\"isPartOf\":{\"@id\":\"https:\\\/\\\/transamerica93.com.br\\\/home\\\/brunna-goncalves-revela-que-zuri-nasceu-de-cesarea-e-da-detalhes-sobre-o-pos-parto\\\/\"},\"author\":{\"name\":\"Reda\u00e7\u00e3o\",\"@id\":\"https:\\\/\\\/transamerica93.com.br\\\/home\\\/#\\\/schema\\\/person\\\/7fed7c99c0d4562efa8561bc0f543172\"},\"headline\":\"Brunna Gon\u00e7alves revela que Zuri nasceu de ces\u00e1rea e d\u00e1 detalhes sobre o p\u00f3s-parto\",\"datePublished\":\"2025-06-10T21:00:53+00:00\",\"mainEntityOfPage\":{\"@id\":\"https:\\\/\\\/transamerica93.com.br\\\/home\\\/brunna-goncalves-revela-que-zuri-nasceu-de-cesarea-e-da-detalhes-sobre-o-pos-parto\\\/\"},\"wordCount\":323,\"publisher\":{\"@id\":\"https:\\\/\\\/transamerica93.com.br\\\/home\\\/#organization\"},\"image\":{\"@id\":\"https:\\\/\\\/transamerica93.com.br\\\/home\\\/brunna-goncalves-revela-que-zuri-nasceu-de-cesarea-e-da-detalhes-sobre-o-pos-parto\\\/#primaryimage\"},\"thumbnailUrl\":\"https:\\\/\\\/transamerica93.com.br\\\/home\\\/wp-content\\\/uploads\\\/2025\\\/05\\\/1-114.jpg\",\"articleSection\":[\"Entretenimento\"],\"inLanguage\":\"pt-BR\"},{\"@type\":\"WebPage\",\"@id\":\"https:\\\/\\\/transamerica93.com.br\\\/home\\\/brunna-goncalves-revela-que-zuri-nasceu-de-cesarea-e-da-detalhes-sobre-o-pos-parto\\\/\",\"url\":\"https:\\\/\\\/transamerica93.com.br\\\/home\\\/brunna-goncalves-revela-que-zuri-nasceu-de-cesarea-e-da-detalhes-sobre-o-pos-parto\\\/\",\"name\":\"Brunna Gon\u00e7alves revela que Zuri nasceu de ces\u00e1rea e d\u00e1 detalhes sobre o p\u00f3s-parto - Transam\u00e9rica Mococa 93,3\",\"isPartOf\":{\"@id\":\"https:\\\/\\\/transamerica93.com.br\\\/home\\\/#website\"},\"primaryImageOfPage\":{\"@id\":\"https:\\\/\\\/transamerica93.com.br\\\/home\\\/brunna-goncalves-revela-que-zuri-nasceu-de-cesarea-e-da-detalhes-sobre-o-pos-parto\\\/#primaryimage\"},\"image\":{\"@id\":\"https:\\\/\\\/transamerica93.com.br\\\/home\\\/brunna-goncalves-revela-que-zuri-nasceu-de-cesarea-e-da-detalhes-sobre-o-pos-parto\\\/#primaryimage\"},\"thumbnailUrl\":\"https:\\\/\\\/transamerica93.com.br\\\/home\\\/wp-content\\\/uploads\\\/2025\\\/05\\\/1-114.jpg\",\"datePublished\":\"2025-06-10T21:00:53+00:00\",\"breadcrumb\":{\"@id\":\"https:\\\/\\\/transamerica93.com.br\\\/home\\\/brunna-goncalves-revela-que-zuri-nasceu-de-cesarea-e-da-detalhes-sobre-o-pos-parto\\\/#breadcrumb\"},\"inLanguage\":\"pt-BR\",\"potentialAction\":[{\"@type\":\"ReadAction\",\"target\":[\"https:\\\/\\\/transamerica93.com.br\\\/home\\\/brunna-goncalves-revela-que-zuri-nasceu-de-cesarea-e-da-detalhes-sobre-o-pos-parto\\\/\"]}]},{\"@type\":\"ImageObject\",\"inLanguage\":\"pt-BR\",\"@id\":\"https:\\\/\\\/transamerica93.com.br\\\/home\\\/brunna-goncalves-revela-que-zuri-nasceu-de-cesarea-e-da-detalhes-sobre-o-pos-parto\\\/#primaryimage\",\"url\":\"https:\\\/\\\/transamerica93.com.br\\\/home\\\/wp-content\\\/uploads\\\/2025\\\/05\\\/1-114.jpg\",\"contentUrl\":\"https:\\\/\\\/transamerica93.com.br\\\/home\\\/wp-content\\\/uploads\\\/2025\\\/05\\\/1-114.jpg\",\"width\":1024,\"height\":732},{\"@type\":\"BreadcrumbList\",\"@id\":\"https:\\\/\\\/transamerica93.com.br\\\/home\\\/brunna-goncalves-revela-que-zuri-nasceu-de-cesarea-e-da-detalhes-sobre-o-pos-parto\\\/#breadcrumb\",\"itemListElement\":[{\"@type\":\"ListItem\",\"position\":1,\"name\":\"In\u00edcio\",\"item\":\"https:\\\/\\\/transamerica93.com.br\\\/home\\\/\"},{\"@type\":\"ListItem\",\"position\":2,\"name\":\"Brunna Gon\u00e7alves revela que Zuri nasceu de ces\u00e1rea e d\u00e1 detalhes sobre o p\u00f3s-parto\"}]},{\"@type\":\"WebSite\",\"@id\":\"https:\\\/\\\/transamerica93.com.br\\\/home\\\/#website\",\"url\":\"https:\\\/\\\/transamerica93.com.br\\\/home\\\/\",\"name\":\"Transam\u00e9rica Mococa 93,3\",\"description\":\"\",\"publisher\":{\"@id\":\"https:\\\/\\\/transamerica93.com.br\\\/home\\\/#organization\"},\"potentialAction\":[{\"@type\":\"SearchAction\",\"target\":{\"@type\":\"EntryPoint\",\"urlTemplate\":\"https:\\\/\\\/transamerica93.com.br\\\/home\\\/?s={search_term_string}\"},\"query-input\":{\"@type\":\"PropertyValueSpecification\",\"valueRequired\":true,\"valueName\":\"search_term_string\"}}],\"inLanguage\":\"pt-BR\"},{\"@type\":\"Organization\",\"@id\":\"https:\\\/\\\/transamerica93.com.br\\\/home\\\/#organization\",\"name\":\"Transam\u00e9rica Mococa 93,3\",\"url\":\"https:\\\/\\\/transamerica93.com.br\\\/home\\\/\",\"logo\":{\"@type\":\"ImageObject\",\"inLanguage\":\"pt-BR\",\"@id\":\"https:\\\/\\\/transamerica93.com.br\\\/home\\\/#\\\/schema\\\/logo\\\/image\\\/\",\"url\":\"https:\\\/\\\/transamerica93.com.br\\\/home\\\/wp-content\\\/uploads\\\/2023\\\/10\\\/logo2.png\",\"contentUrl\":\"https:\\\/\\\/transamerica93.com.br\\\/home\\\/wp-content\\\/uploads\\\/2023\\\/10\\\/logo2.png\",\"width\":800,\"height\":500,\"caption\":\"Transam\u00e9rica Mococa 93,3\"},\"image\":{\"@id\":\"https:\\\/\\\/transamerica93.com.br\\\/home\\\/#\\\/schema\\\/logo\\\/image\\\/\"},\"sameAs\":[\"https:\\\/\\\/www.facebook.com\\\/transamericamococa\",\"https:\\\/\\\/x.com\\\/transamerica933\",\"https:\\\/\\\/www.instagram.com\\\/transamericamococa\"]},{\"@type\":\"Person\",\"@id\":\"https:\\\/\\\/transamerica93.com.br\\\/home\\\/#\\\/schema\\\/person\\\/7fed7c99c0d4562efa8561bc0f543172\",\"name\":\"Reda\u00e7\u00e3o\",\"image\":{\"@type\":\"ImageObject\",\"inLanguage\":\"pt-BR\",\"@id\":\"https:\\\/\\\/secure.gravatar.com\\\/avatar\\\/1072c6b775fb02ef8506ce967551d95926669a6b7d2c2147b42eea4d7c68395e?s=96&d=mm&r=g\",\"url\":\"https:\\\/\\\/secure.gravatar.com\\\/avatar\\\/1072c6b775fb02ef8506ce967551d95926669a6b7d2c2147b42eea4d7c68395e?s=96&d=mm&r=g\",\"contentUrl\":\"https:\\\/\\\/secure.gravatar.com\\\/avatar\\\/1072c6b775fb02ef8506ce967551d95926669a6b7d2c2147b42eea4d7c68395e?s=96&d=mm&r=g\",\"caption\":\"Reda\u00e7\u00e3o\"},\"sameAs\":[\"https:\\\/\\\/transamerica93.com.br\\\/home\"],\"url\":\"https:\\\/\\\/transamerica93.com.br\\\/home\\\/author\\\/william\\\/\"}]}<\/script>\n<!-- \/ Yoast SEO plugin. -->","yoast_head_json":{"title":"Brunna Gon\u00e7alves revela que Zuri nasceu de ces\u00e1rea e d\u00e1 detalhes sobre o p\u00f3s-parto - Transam\u00e9rica Mococa 93,3","robots":{"index":"index","follow":"follow","max-snippet":"max-snippet:-1","max-image-preview":"max-image-preview:large","max-video-preview":"max-video-preview:-1"},"canonical":"https:\/\/transamerica93.com.br\/home\/brunna-goncalves-revela-que-zuri-nasceu-de-cesarea-e-da-detalhes-sobre-o-pos-parto\/","og_locale":"pt_BR","og_type":"article","og_title":"Brunna Gon\u00e7alves revela que Zuri nasceu de ces\u00e1rea e d\u00e1 detalhes sobre o p\u00f3s-parto - Transam\u00e9rica Mococa 93,3","og_description":"Por Ingrid Rodrigues Brunna Gon\u00e7alves falou pela primeira vez sobre o parto de Zuri, sua primeira filha com Ludmilla. A bailarina, que desejava e havia se preparado para um parto normal, acabou passando por uma ces\u00e1ria na \u00faltima quarta-feira, 14, em Miami, nos Estados Unidos. Segundo Brunna, ela fez tudo o que p\u00f4de para tentar &hellip;","og_url":"https:\/\/transamerica93.com.br\/home\/brunna-goncalves-revela-que-zuri-nasceu-de-cesarea-e-da-detalhes-sobre-o-pos-parto\/","og_site_name":"Transam\u00e9rica Mococa 93,3","article_publisher":"https:\/\/www.facebook.com\/transamericamococa","article_published_time":"2025-06-10T21:00:53+00:00","og_image":[{"width":1024,"height":732,"url":"https:\/\/transamerica93.com.br\/home\/wp-content\/uploads\/2025\/05\/1-114.jpg","type":"image\/jpeg"}],"author":"Reda\u00e7\u00e3o","twitter_card":"summary_large_image","twitter_creator":"@transamerica933","twitter_site":"@transamerica933","twitter_misc":{"Escrito por":"Reda\u00e7\u00e3o","Est. tempo de leitura":"2 minutos"},"schema":{"@context":"https:\/\/schema.org","@graph":[{"@type":"Article","@id":"https:\/\/transamerica93.com.br\/home\/brunna-goncalves-revela-que-zuri-nasceu-de-cesarea-e-da-detalhes-sobre-o-pos-parto\/#article","isPartOf":{"@id":"https:\/\/transamerica93.com.br\/home\/brunna-goncalves-revela-que-zuri-nasceu-de-cesarea-e-da-detalhes-sobre-o-pos-parto\/"},"author":{"name":"Reda\u00e7\u00e3o","@id":"https:\/\/transamerica93.com.br\/home\/#\/schema\/person\/7fed7c99c0d4562efa8561bc0f543172"},"headline":"Brunna Gon\u00e7alves revela que Zuri nasceu de ces\u00e1rea e d\u00e1 detalhes sobre o p\u00f3s-parto","datePublished":"2025-06-10T21:00:53+00:00","mainEntityOfPage":{"@id":"https:\/\/transamerica93.com.br\/home\/brunna-goncalves-revela-que-zuri-nasceu-de-cesarea-e-da-detalhes-sobre-o-pos-parto\/"},"wordCount":323,"publisher":{"@id":"https:\/\/transamerica93.com.br\/home\/#organization"},"image":{"@id":"https:\/\/transamerica93.com.br\/home\/brunna-goncalves-revela-que-zuri-nasceu-de-cesarea-e-da-detalhes-sobre-o-pos-parto\/#primaryimage"},"thumbnailUrl":"https:\/\/transamerica93.com.br\/home\/wp-content\/uploads\/2025\/05\/1-114.jpg","articleSection":["Entretenimento"],"inLanguage":"pt-BR"},{"@type":"WebPage","@id":"https:\/\/transamerica93.com.br\/home\/brunna-goncalves-revela-que-zuri-nasceu-de-cesarea-e-da-detalhes-sobre-o-pos-parto\/","url":"https:\/\/transamerica93.com.br\/home\/brunna-goncalves-revela-que-zuri-nasceu-de-cesarea-e-da-detalhes-sobre-o-pos-parto\/","name":"Brunna Gon\u00e7alves revela que Zuri nasceu de ces\u00e1rea e d\u00e1 detalhes sobre o p\u00f3s-parto - Transam\u00e9rica Mococa 93,3","isPartOf":{"@id":"https:\/\/transamerica93.com.br\/home\/#website"},"primaryImageOfPage":{"@id":"https:\/\/transamerica93.com.br\/home\/brunna-goncalves-revela-que-zuri-nasceu-de-cesarea-e-da-detalhes-sobre-o-pos-parto\/#primaryimage"},"image":{"@id":"https:\/\/transamerica93.com.br\/home\/brunna-goncalves-revela-que-zuri-nasceu-de-cesarea-e-da-detalhes-sobre-o-pos-parto\/#primaryimage"},"thumbnailUrl":"https:\/\/transamerica93.com.br\/home\/wp-content\/uploads\/2025\/05\/1-114.jpg","datePublished":"2025-06-10T21:00:53+00:00","breadcrumb":{"@id":"https:\/\/transamerica93.com.br\/home\/brunna-goncalves-revela-que-zuri-nasceu-de-cesarea-e-da-detalhes-sobre-o-pos-parto\/#breadcrumb"},"inLanguage":"pt-BR","potentialAction":[{"@type":"ReadAction","target":["https:\/\/transamerica93.com.br\/home\/brunna-goncalves-revela-que-zuri-nasceu-de-cesarea-e-da-detalhes-sobre-o-pos-parto\/"]}]},{"@type":"ImageObject","inLanguage":"pt-BR","@id":"https:\/\/transamerica93.com.br\/home\/brunna-goncalves-revela-que-zuri-nasceu-de-cesarea-e-da-detalhes-sobre-o-pos-parto\/#primaryimage","url":"https:\/\/transamerica93.com.br\/home\/wp-content\/uploads\/2025\/05\/1-114.jpg","contentUrl":"https:\/\/transamerica93.com.br\/home\/wp-content\/uploads\/2025\/05\/1-114.jpg","width":1024,"height":732},{"@type":"BreadcrumbList","@id":"https:\/\/transamerica93.com.br\/home\/brunna-goncalves-revela-que-zuri-nasceu-de-cesarea-e-da-detalhes-sobre-o-pos-parto\/#breadcrumb","itemListElement":[{"@type":"ListItem","position":1,"name":"In\u00edcio","item":"https:\/\/transamerica93.com.br\/home\/"},{"@type":"ListItem","position":2,"name":"Brunna Gon\u00e7alves revela que Zuri nasceu de ces\u00e1rea e d\u00e1 detalhes sobre o p\u00f3s-parto"}]},{"@type":"WebSite","@id":"https:\/\/transamerica93.com.br\/home\/#website","url":"https:\/\/transamerica93.com.br\/home\/","name":"Transam\u00e9rica Mococa 93,3","description":"","publisher":{"@id":"https:\/\/transamerica93.com.br\/home\/#organization"},"potentialAction":[{"@type":"SearchAction","target":{"@type":"EntryPoint","urlTemplate":"https:\/\/transamerica93.com.br\/home\/?s={search_term_string}"},"query-input":{"@type":"PropertyValueSpecification","valueRequired":true,"valueName":"search_term_string"}}],"inLanguage":"pt-BR"},{"@type":"Organization","@id":"https:\/\/transamerica93.com.br\/home\/#organization","name":"Transam\u00e9rica Mococa 93,3","url":"https:\/\/transamerica93.com.br\/home\/","logo":{"@type":"ImageObject","inLanguage":"pt-BR","@id":"https:\/\/transamerica93.com.br\/home\/#\/schema\/logo\/image\/","url":"https:\/\/transamerica93.com.br\/home\/wp-content\/uploads\/2023\/10\/logo2.png","contentUrl":"https:\/\/transamerica93.com.br\/home\/wp-content\/uploads\/2023\/10\/logo2.png","width":800,"height":500,"caption":"Transam\u00e9rica Mococa 93,3"},"image":{"@id":"https:\/\/transamerica93.com.br\/home\/#\/schema\/logo\/image\/"},"sameAs":["https:\/\/www.facebook.com\/transamericamococa","https:\/\/x.com\/transamerica933","https:\/\/www.instagram.com\/transamericamococa"]},{"@type":"Person","@id":"https:\/\/transamerica93.com.br\/home\/#\/schema\/person\/7fed7c99c0d4562efa8561bc0f543172","name":"Reda\u00e7\u00e3o","image":{"@type":"ImageObject","inLanguage":"pt-BR","@id":"https:\/\/secure.gravatar.com\/avatar\/1072c6b775fb02ef8506ce967551d95926669a6b7d2c2147b42eea4d7c68395e?s=96&d=mm&r=g","url":"https:\/\/secure.gravatar.com\/avatar\/1072c6b775fb02ef8506ce967551d95926669a6b7d2c2147b42eea4d7c68395e?s=96&d=mm&r=g","contentUrl":"https:\/\/secure.gravatar.com\/avatar\/1072c6b775fb02ef8506ce967551d95926669a6b7d2c2147b42eea4d7c68395e?s=96&d=mm&r=g","caption":"Reda\u00e7\u00e3o"},"sameAs":["https:\/\/transamerica93.com.br\/home"],"url":"https:\/\/transamerica93.com.br\/home\/author\/william\/"}]}},"_links":{"self":[{"href":"https:\/\/transamerica93.com.br\/home\/wp-json\/wp\/v2\/posts\/5661","targetHints":{"allow":["GET"]}}],"collection":[{"href":"https:\/\/transamerica93.com.br\/home\/wp-json\/wp\/v2\/posts"}],"about":[{"href":"https:\/\/transamerica93.com.br\/home\/wp-json\/wp\/v2\/types\/post"}],"author":[{"embeddable":true,"href":"https:\/\/transamerica93.com.br\/home\/wp-json\/wp\/v2\/users\/1"}],"replies":[{"embeddable":true,"href":"https:\/\/transamerica93.com.br\/home\/wp-json\/wp\/v2\/comments?post=5661"}],"version-history":[{"count":1,"href":"https:\/\/transamerica93.com.br\/home\/wp-json\/wp\/v2\/posts\/5661\/revisions"}],"predecessor-version":[{"id":5662,"href":"https:\/\/transamerica93.com.br\/home\/wp-json\/wp\/v2\/posts\/5661\/revisions\/5662"}],"wp:featuredmedia":[{"embeddable":true,"href":"https:\/\/transamerica93.com.br\/home\/wp-json\/wp\/v2\/media\/5617"}],"wp:attachment":[{"href":"https:\/\/transamerica93.com.br\/home\/wp-json\/wp\/v2\/media?parent=5661"}],"wp:term":[{"taxonomy":"category","embeddable":true,"href":"https:\/\/transamerica93.com.br\/home\/wp-json\/wp\/v2\/categories?post=5661"},{"taxonomy":"post_tag","embeddable":true,"href":"https:\/\/transamerica93.com.br\/home\/wp-json\/wp\/v2\/tags?post=5661"}],"curies":[{"name":"wp","href":"https:\/\/api.w.org\/{rel}","templated":true}]}}