{"id":5663,"date":"2025-06-11T15:00:58","date_gmt":"2025-06-11T18:00:58","guid":{"rendered":"https:\/\/transamerica93.com.br\/home\/?p=5663"},"modified":"2025-05-22T10:06:39","modified_gmt":"2025-05-22T13:06:39","slug":"apaguei-por-um-minuto-diz-marrone-sobre-queda-durante-show","status":"publish","type":"post","link":"https:\/\/transamerica93.com.br\/home\/apaguei-por-um-minuto-diz-marrone-sobre-queda-durante-show\/","title":{"rendered":"&#8216;Apaguei por um minuto&#8217;, diz Marrone sobre queda durante show"},"content":{"rendered":"<h6 class=\"Assina\">Por Reda\u00e7\u00e3o E+<\/h6>\n<p>Marrone falou pela primeira vez ap\u00f3s o acidente que sofreu durante um show da dupla sertaneja Bruno &amp; Marrone, realizado em maio, em Goi\u00e2nia. &#8220;Foi tudo muito r\u00e1pido. Acho que pisei em falso e ca\u00ed reto. Apaguei por mais ou menos um minuto&#8221;, disse o cantor ao\u00a0<i>Fant\u00e1stico<\/i>, em entrevista.<\/p>\n<p>Ele, que levou quinze pontos, trincou cinco costelas e machucou a m\u00e3o, afirmou ter ca\u00eddo de uma altura de cerca de tr\u00eas metros. &#8220;S\u00e3o coisas da vida. Todos n\u00f3s somos iguais, o que temos que passar a gente vai passar. \u00c0s vezes \u00e9 para a gente abrir mais a nossa mente.&#8221;<\/p>\n<p>O parceiro de carreira de Marrone, Bruno, suspeitou que o acidente teria sido causado pelas luzes, do palco, j\u00e1 que Marrone teve um glaucoma no ano passado, problema que afeta a vis\u00e3o. O cantor, entretanto, afirma que foi apenas uma distra\u00e7\u00e3o<\/p>\n<p>&#8220;Nossa equipe \u00e9 muito profissional. Eles sempre passam essa fita, o lugar que a gente pode ir, o lugar que a gente n\u00e3o pode ir. Acho que aquele dia eu estava um pouco distra\u00eddo&#8221;, completou<\/p>\n<p>Nas redes sociais da dupla, uma postagem homenageou o cantor: &#8220;S\u00e3o 39 anos de caminhada juntos, e s\u00f3 n\u00f3s sabemos tudo o que vivemos. O Marrone \u00e9 um guerreiro e logo estar\u00e1 bem. Em breve estaremos de volta aos palcos, seguindo essa trajet\u00f3ria com nossa m\u00fasica, espalhando alegria e emo\u00e7\u00e3o por onde passamos.&#8221;<\/p>\n<p>A agenda da dupla continuar\u00e1 sem altera\u00e7\u00f5es, apenas com Bruno em frente aos palcos.<\/p>\n","protected":false},"excerpt":{"rendered":"<p>Por Reda\u00e7\u00e3o E+ Marrone falou pela primeira vez ap\u00f3s o acidente que sofreu durante um show da dupla sertaneja Bruno &amp; Marrone, realizado em maio, em Goi\u00e2nia. &#8220;Foi tudo muito r\u00e1pido. Acho que pisei em falso e ca\u00ed reto. Apaguei por mais ou menos um minuto&#8221;, disse o cantor ao\u00a0Fant\u00e1stico, em entrevista. Ele, que levou &hellip;<\/p>\n","protected":false},"author":1,"featured_media":5664,"comment_status":"closed","ping_status":"closed","sticky":false,"template":"","format":"standard","meta":{"footnotes":""},"categories":[25],"tags":[],"class_list":["post-5663","post","type-post","status-publish","format-standard","has-post-thumbnail","hentry","category-musica"],"yoast_head":"<!-- This site is optimized with the Yoast SEO plugin v27.4 - https:\/\/yoast.com\/product\/yoast-seo-wordpress\/ -->\n<title>&#039;Apaguei por um minuto&#039;, diz Marrone sobre queda durante show - Transam\u00e9rica Mococa 93,3<\/title>\n<meta name=\"robots\" content=\"index, follow, max-snippet:-1, max-image-preview:large, max-video-preview:-1\" \/>\n<link rel=\"canonical\" href=\"https:\/\/transamerica93.com.br\/home\/apaguei-por-um-minuto-diz-marrone-sobre-queda-durante-show\/\" \/>\n<meta property=\"og:locale\" content=\"pt_BR\" \/>\n<meta property=\"og:type\" content=\"article\" \/>\n<meta property=\"og:title\" content=\"&#039;Apaguei por um minuto&#039;, diz Marrone sobre queda durante show - Transam\u00e9rica Mococa 93,3\" \/>\n<meta property=\"og:description\" content=\"Por Reda\u00e7\u00e3o E+ Marrone falou pela primeira vez ap\u00f3s o acidente que sofreu durante um show da dupla sertaneja Bruno &amp; Marrone, realizado em maio, em Goi\u00e2nia. &#8220;Foi tudo muito r\u00e1pido. Acho que pisei em falso e ca\u00ed reto. Apaguei por mais ou menos um minuto&#8221;, disse o cantor ao\u00a0Fant\u00e1stico, em entrevista. Ele, que levou &hellip;\" \/>\n<meta property=\"og:url\" content=\"https:\/\/transamerica93.com.br\/home\/apaguei-por-um-minuto-diz-marrone-sobre-queda-durante-show\/\" \/>\n<meta property=\"og:site_name\" content=\"Transam\u00e9rica Mococa 93,3\" \/>\n<meta property=\"article:publisher\" content=\"https:\/\/www.facebook.com\/transamericamococa\" \/>\n<meta property=\"article:published_time\" content=\"2025-06-11T18:00:58+00:00\" \/>\n<meta property=\"og:image\" content=\"https:\/\/transamerica93.com.br\/home\/wp-content\/uploads\/2025\/05\/1-129.jpg\" \/>\n\t<meta property=\"og:image:width\" content=\"737\" \/>\n\t<meta property=\"og:image:height\" content=\"518\" \/>\n\t<meta property=\"og:image:type\" content=\"image\/jpeg\" \/>\n<meta name=\"author\" content=\"Reda\u00e7\u00e3o\" \/>\n<meta name=\"twitter:card\" content=\"summary_large_image\" \/>\n<meta name=\"twitter:creator\" content=\"@transamerica933\" \/>\n<meta name=\"twitter:site\" content=\"@transamerica933\" \/>\n<meta name=\"twitter:label1\" content=\"Escrito por\" \/>\n\t<meta name=\"twitter:data1\" content=\"Reda\u00e7\u00e3o\" \/>\n\t<meta name=\"twitter:label2\" content=\"Est. tempo de leitura\" \/>\n\t<meta name=\"twitter:data2\" content=\"2 minutos\" \/>\n<script type=\"application\/ld+json\" class=\"yoast-schema-graph\">{\"@context\":\"https:\\\/\\\/schema.org\",\"@graph\":[{\"@type\":\"Article\",\"@id\":\"https:\\\/\\\/transamerica93.com.br\\\/home\\\/apaguei-por-um-minuto-diz-marrone-sobre-queda-durante-show\\\/#article\",\"isPartOf\":{\"@id\":\"https:\\\/\\\/transamerica93.com.br\\\/home\\\/apaguei-por-um-minuto-diz-marrone-sobre-queda-durante-show\\\/\"},\"author\":{\"name\":\"Reda\u00e7\u00e3o\",\"@id\":\"https:\\\/\\\/transamerica93.com.br\\\/home\\\/#\\\/schema\\\/person\\\/7fed7c99c0d4562efa8561bc0f543172\"},\"headline\":\"&#8216;Apaguei por um minuto&#8217;, diz Marrone sobre queda durante show\",\"datePublished\":\"2025-06-11T18:00:58+00:00\",\"mainEntityOfPage\":{\"@id\":\"https:\\\/\\\/transamerica93.com.br\\\/home\\\/apaguei-por-um-minuto-diz-marrone-sobre-queda-durante-show\\\/\"},\"wordCount\":273,\"publisher\":{\"@id\":\"https:\\\/\\\/transamerica93.com.br\\\/home\\\/#organization\"},\"image\":{\"@id\":\"https:\\\/\\\/transamerica93.com.br\\\/home\\\/apaguei-por-um-minuto-diz-marrone-sobre-queda-durante-show\\\/#primaryimage\"},\"thumbnailUrl\":\"https:\\\/\\\/transamerica93.com.br\\\/home\\\/wp-content\\\/uploads\\\/2025\\\/05\\\/1-129.jpg\",\"articleSection\":[\"M\u00fasica\"],\"inLanguage\":\"pt-BR\"},{\"@type\":\"WebPage\",\"@id\":\"https:\\\/\\\/transamerica93.com.br\\\/home\\\/apaguei-por-um-minuto-diz-marrone-sobre-queda-durante-show\\\/\",\"url\":\"https:\\\/\\\/transamerica93.com.br\\\/home\\\/apaguei-por-um-minuto-diz-marrone-sobre-queda-durante-show\\\/\",\"name\":\"'Apaguei por um minuto', diz Marrone sobre queda durante show - Transam\u00e9rica Mococa 93,3\",\"isPartOf\":{\"@id\":\"https:\\\/\\\/transamerica93.com.br\\\/home\\\/#website\"},\"primaryImageOfPage\":{\"@id\":\"https:\\\/\\\/transamerica93.com.br\\\/home\\\/apaguei-por-um-minuto-diz-marrone-sobre-queda-durante-show\\\/#primaryimage\"},\"image\":{\"@id\":\"https:\\\/\\\/transamerica93.com.br\\\/home\\\/apaguei-por-um-minuto-diz-marrone-sobre-queda-durante-show\\\/#primaryimage\"},\"thumbnailUrl\":\"https:\\\/\\\/transamerica93.com.br\\\/home\\\/wp-content\\\/uploads\\\/2025\\\/05\\\/1-129.jpg\",\"datePublished\":\"2025-06-11T18:00:58+00:00\",\"breadcrumb\":{\"@id\":\"https:\\\/\\\/transamerica93.com.br\\\/home\\\/apaguei-por-um-minuto-diz-marrone-sobre-queda-durante-show\\\/#breadcrumb\"},\"inLanguage\":\"pt-BR\",\"potentialAction\":[{\"@type\":\"ReadAction\",\"target\":[\"https:\\\/\\\/transamerica93.com.br\\\/home\\\/apaguei-por-um-minuto-diz-marrone-sobre-queda-durante-show\\\/\"]}]},{\"@type\":\"ImageObject\",\"inLanguage\":\"pt-BR\",\"@id\":\"https:\\\/\\\/transamerica93.com.br\\\/home\\\/apaguei-por-um-minuto-diz-marrone-sobre-queda-durante-show\\\/#primaryimage\",\"url\":\"https:\\\/\\\/transamerica93.com.br\\\/home\\\/wp-content\\\/uploads\\\/2025\\\/05\\\/1-129.jpg\",\"contentUrl\":\"https:\\\/\\\/transamerica93.com.br\\\/home\\\/wp-content\\\/uploads\\\/2025\\\/05\\\/1-129.jpg\",\"width\":737,\"height\":518},{\"@type\":\"BreadcrumbList\",\"@id\":\"https:\\\/\\\/transamerica93.com.br\\\/home\\\/apaguei-por-um-minuto-diz-marrone-sobre-queda-durante-show\\\/#breadcrumb\",\"itemListElement\":[{\"@type\":\"ListItem\",\"position\":1,\"name\":\"In\u00edcio\",\"item\":\"https:\\\/\\\/transamerica93.com.br\\\/home\\\/\"},{\"@type\":\"ListItem\",\"position\":2,\"name\":\"&#8216;Apaguei por um minuto&#8217;, diz Marrone sobre queda durante show\"}]},{\"@type\":\"WebSite\",\"@id\":\"https:\\\/\\\/transamerica93.com.br\\\/home\\\/#website\",\"url\":\"https:\\\/\\\/transamerica93.com.br\\\/home\\\/\",\"name\":\"Transam\u00e9rica Mococa 93,3\",\"description\":\"\",\"publisher\":{\"@id\":\"https:\\\/\\\/transamerica93.com.br\\\/home\\\/#organization\"},\"potentialAction\":[{\"@type\":\"SearchAction\",\"target\":{\"@type\":\"EntryPoint\",\"urlTemplate\":\"https:\\\/\\\/transamerica93.com.br\\\/home\\\/?s={search_term_string}\"},\"query-input\":{\"@type\":\"PropertyValueSpecification\",\"valueRequired\":true,\"valueName\":\"search_term_string\"}}],\"inLanguage\":\"pt-BR\"},{\"@type\":\"Organization\",\"@id\":\"https:\\\/\\\/transamerica93.com.br\\\/home\\\/#organization\",\"name\":\"Transam\u00e9rica Mococa 93,3\",\"url\":\"https:\\\/\\\/transamerica93.com.br\\\/home\\\/\",\"logo\":{\"@type\":\"ImageObject\",\"inLanguage\":\"pt-BR\",\"@id\":\"https:\\\/\\\/transamerica93.com.br\\\/home\\\/#\\\/schema\\\/logo\\\/image\\\/\",\"url\":\"https:\\\/\\\/transamerica93.com.br\\\/home\\\/wp-content\\\/uploads\\\/2023\\\/10\\\/logo2.png\",\"contentUrl\":\"https:\\\/\\\/transamerica93.com.br\\\/home\\\/wp-content\\\/uploads\\\/2023\\\/10\\\/logo2.png\",\"width\":800,\"height\":500,\"caption\":\"Transam\u00e9rica Mococa 93,3\"},\"image\":{\"@id\":\"https:\\\/\\\/transamerica93.com.br\\\/home\\\/#\\\/schema\\\/logo\\\/image\\\/\"},\"sameAs\":[\"https:\\\/\\\/www.facebook.com\\\/transamericamococa\",\"https:\\\/\\\/x.com\\\/transamerica933\",\"https:\\\/\\\/www.instagram.com\\\/transamericamococa\"]},{\"@type\":\"Person\",\"@id\":\"https:\\\/\\\/transamerica93.com.br\\\/home\\\/#\\\/schema\\\/person\\\/7fed7c99c0d4562efa8561bc0f543172\",\"name\":\"Reda\u00e7\u00e3o\",\"image\":{\"@type\":\"ImageObject\",\"inLanguage\":\"pt-BR\",\"@id\":\"https:\\\/\\\/secure.gravatar.com\\\/avatar\\\/1072c6b775fb02ef8506ce967551d95926669a6b7d2c2147b42eea4d7c68395e?s=96&d=mm&r=g\",\"url\":\"https:\\\/\\\/secure.gravatar.com\\\/avatar\\\/1072c6b775fb02ef8506ce967551d95926669a6b7d2c2147b42eea4d7c68395e?s=96&d=mm&r=g\",\"contentUrl\":\"https:\\\/\\\/secure.gravatar.com\\\/avatar\\\/1072c6b775fb02ef8506ce967551d95926669a6b7d2c2147b42eea4d7c68395e?s=96&d=mm&r=g\",\"caption\":\"Reda\u00e7\u00e3o\"},\"sameAs\":[\"https:\\\/\\\/transamerica93.com.br\\\/home\"],\"url\":\"https:\\\/\\\/transamerica93.com.br\\\/home\\\/author\\\/william\\\/\"}]}<\/script>\n<!-- \/ Yoast SEO plugin. -->","yoast_head_json":{"title":"'Apaguei por um minuto', diz Marrone sobre queda durante show - Transam\u00e9rica Mococa 93,3","robots":{"index":"index","follow":"follow","max-snippet":"max-snippet:-1","max-image-preview":"max-image-preview:large","max-video-preview":"max-video-preview:-1"},"canonical":"https:\/\/transamerica93.com.br\/home\/apaguei-por-um-minuto-diz-marrone-sobre-queda-durante-show\/","og_locale":"pt_BR","og_type":"article","og_title":"'Apaguei por um minuto', diz Marrone sobre queda durante show - Transam\u00e9rica Mococa 93,3","og_description":"Por Reda\u00e7\u00e3o E+ Marrone falou pela primeira vez ap\u00f3s o acidente que sofreu durante um show da dupla sertaneja Bruno &amp; Marrone, realizado em maio, em Goi\u00e2nia. &#8220;Foi tudo muito r\u00e1pido. Acho que pisei em falso e ca\u00ed reto. Apaguei por mais ou menos um minuto&#8221;, disse o cantor ao\u00a0Fant\u00e1stico, em entrevista. Ele, que levou &hellip;","og_url":"https:\/\/transamerica93.com.br\/home\/apaguei-por-um-minuto-diz-marrone-sobre-queda-durante-show\/","og_site_name":"Transam\u00e9rica Mococa 93,3","article_publisher":"https:\/\/www.facebook.com\/transamericamococa","article_published_time":"2025-06-11T18:00:58+00:00","og_image":[{"width":737,"height":518,"url":"https:\/\/transamerica93.com.br\/home\/wp-content\/uploads\/2025\/05\/1-129.jpg","type":"image\/jpeg"}],"author":"Reda\u00e7\u00e3o","twitter_card":"summary_large_image","twitter_creator":"@transamerica933","twitter_site":"@transamerica933","twitter_misc":{"Escrito por":"Reda\u00e7\u00e3o","Est. tempo de leitura":"2 minutos"},"schema":{"@context":"https:\/\/schema.org","@graph":[{"@type":"Article","@id":"https:\/\/transamerica93.com.br\/home\/apaguei-por-um-minuto-diz-marrone-sobre-queda-durante-show\/#article","isPartOf":{"@id":"https:\/\/transamerica93.com.br\/home\/apaguei-por-um-minuto-diz-marrone-sobre-queda-durante-show\/"},"author":{"name":"Reda\u00e7\u00e3o","@id":"https:\/\/transamerica93.com.br\/home\/#\/schema\/person\/7fed7c99c0d4562efa8561bc0f543172"},"headline":"&#8216;Apaguei por um minuto&#8217;, diz Marrone sobre queda durante show","datePublished":"2025-06-11T18:00:58+00:00","mainEntityOfPage":{"@id":"https:\/\/transamerica93.com.br\/home\/apaguei-por-um-minuto-diz-marrone-sobre-queda-durante-show\/"},"wordCount":273,"publisher":{"@id":"https:\/\/transamerica93.com.br\/home\/#organization"},"image":{"@id":"https:\/\/transamerica93.com.br\/home\/apaguei-por-um-minuto-diz-marrone-sobre-queda-durante-show\/#primaryimage"},"thumbnailUrl":"https:\/\/transamerica93.com.br\/home\/wp-content\/uploads\/2025\/05\/1-129.jpg","articleSection":["M\u00fasica"],"inLanguage":"pt-BR"},{"@type":"WebPage","@id":"https:\/\/transamerica93.com.br\/home\/apaguei-por-um-minuto-diz-marrone-sobre-queda-durante-show\/","url":"https:\/\/transamerica93.com.br\/home\/apaguei-por-um-minuto-diz-marrone-sobre-queda-durante-show\/","name":"'Apaguei por um minuto', diz Marrone sobre queda durante show - Transam\u00e9rica Mococa 93,3","isPartOf":{"@id":"https:\/\/transamerica93.com.br\/home\/#website"},"primaryImageOfPage":{"@id":"https:\/\/transamerica93.com.br\/home\/apaguei-por-um-minuto-diz-marrone-sobre-queda-durante-show\/#primaryimage"},"image":{"@id":"https:\/\/transamerica93.com.br\/home\/apaguei-por-um-minuto-diz-marrone-sobre-queda-durante-show\/#primaryimage"},"thumbnailUrl":"https:\/\/transamerica93.com.br\/home\/wp-content\/uploads\/2025\/05\/1-129.jpg","datePublished":"2025-06-11T18:00:58+00:00","breadcrumb":{"@id":"https:\/\/transamerica93.com.br\/home\/apaguei-por-um-minuto-diz-marrone-sobre-queda-durante-show\/#breadcrumb"},"inLanguage":"pt-BR","potentialAction":[{"@type":"ReadAction","target":["https:\/\/transamerica93.com.br\/home\/apaguei-por-um-minuto-diz-marrone-sobre-queda-durante-show\/"]}]},{"@type":"ImageObject","inLanguage":"pt-BR","@id":"https:\/\/transamerica93.com.br\/home\/apaguei-por-um-minuto-diz-marrone-sobre-queda-durante-show\/#primaryimage","url":"https:\/\/transamerica93.com.br\/home\/wp-content\/uploads\/2025\/05\/1-129.jpg","contentUrl":"https:\/\/transamerica93.com.br\/home\/wp-content\/uploads\/2025\/05\/1-129.jpg","width":737,"height":518},{"@type":"BreadcrumbList","@id":"https:\/\/transamerica93.com.br\/home\/apaguei-por-um-minuto-diz-marrone-sobre-queda-durante-show\/#breadcrumb","itemListElement":[{"@type":"ListItem","position":1,"name":"In\u00edcio","item":"https:\/\/transamerica93.com.br\/home\/"},{"@type":"ListItem","position":2,"name":"&#8216;Apaguei por um minuto&#8217;, diz Marrone sobre queda durante show"}]},{"@type":"WebSite","@id":"https:\/\/transamerica93.com.br\/home\/#website","url":"https:\/\/transamerica93.com.br\/home\/","name":"Transam\u00e9rica Mococa 93,3","description":"","publisher":{"@id":"https:\/\/transamerica93.com.br\/home\/#organization"},"potentialAction":[{"@type":"SearchAction","target":{"@type":"EntryPoint","urlTemplate":"https:\/\/transamerica93.com.br\/home\/?s={search_term_string}"},"query-input":{"@type":"PropertyValueSpecification","valueRequired":true,"valueName":"search_term_string"}}],"inLanguage":"pt-BR"},{"@type":"Organization","@id":"https:\/\/transamerica93.com.br\/home\/#organization","name":"Transam\u00e9rica Mococa 93,3","url":"https:\/\/transamerica93.com.br\/home\/","logo":{"@type":"ImageObject","inLanguage":"pt-BR","@id":"https:\/\/transamerica93.com.br\/home\/#\/schema\/logo\/image\/","url":"https:\/\/transamerica93.com.br\/home\/wp-content\/uploads\/2023\/10\/logo2.png","contentUrl":"https:\/\/transamerica93.com.br\/home\/wp-content\/uploads\/2023\/10\/logo2.png","width":800,"height":500,"caption":"Transam\u00e9rica Mococa 93,3"},"image":{"@id":"https:\/\/transamerica93.com.br\/home\/#\/schema\/logo\/image\/"},"sameAs":["https:\/\/www.facebook.com\/transamericamococa","https:\/\/x.com\/transamerica933","https:\/\/www.instagram.com\/transamericamococa"]},{"@type":"Person","@id":"https:\/\/transamerica93.com.br\/home\/#\/schema\/person\/7fed7c99c0d4562efa8561bc0f543172","name":"Reda\u00e7\u00e3o","image":{"@type":"ImageObject","inLanguage":"pt-BR","@id":"https:\/\/secure.gravatar.com\/avatar\/1072c6b775fb02ef8506ce967551d95926669a6b7d2c2147b42eea4d7c68395e?s=96&d=mm&r=g","url":"https:\/\/secure.gravatar.com\/avatar\/1072c6b775fb02ef8506ce967551d95926669a6b7d2c2147b42eea4d7c68395e?s=96&d=mm&r=g","contentUrl":"https:\/\/secure.gravatar.com\/avatar\/1072c6b775fb02ef8506ce967551d95926669a6b7d2c2147b42eea4d7c68395e?s=96&d=mm&r=g","caption":"Reda\u00e7\u00e3o"},"sameAs":["https:\/\/transamerica93.com.br\/home"],"url":"https:\/\/transamerica93.com.br\/home\/author\/william\/"}]}},"_links":{"self":[{"href":"https:\/\/transamerica93.com.br\/home\/wp-json\/wp\/v2\/posts\/5663","targetHints":{"allow":["GET"]}}],"collection":[{"href":"https:\/\/transamerica93.com.br\/home\/wp-json\/wp\/v2\/posts"}],"about":[{"href":"https:\/\/transamerica93.com.br\/home\/wp-json\/wp\/v2\/types\/post"}],"author":[{"embeddable":true,"href":"https:\/\/transamerica93.com.br\/home\/wp-json\/wp\/v2\/users\/1"}],"replies":[{"embeddable":true,"href":"https:\/\/transamerica93.com.br\/home\/wp-json\/wp\/v2\/comments?post=5663"}],"version-history":[{"count":1,"href":"https:\/\/transamerica93.com.br\/home\/wp-json\/wp\/v2\/posts\/5663\/revisions"}],"predecessor-version":[{"id":5665,"href":"https:\/\/transamerica93.com.br\/home\/wp-json\/wp\/v2\/posts\/5663\/revisions\/5665"}],"wp:featuredmedia":[{"embeddable":true,"href":"https:\/\/transamerica93.com.br\/home\/wp-json\/wp\/v2\/media\/5664"}],"wp:attachment":[{"href":"https:\/\/transamerica93.com.br\/home\/wp-json\/wp\/v2\/media?parent=5663"}],"wp:term":[{"taxonomy":"category","embeddable":true,"href":"https:\/\/transamerica93.com.br\/home\/wp-json\/wp\/v2\/categories?post=5663"},{"taxonomy":"post_tag","embeddable":true,"href":"https:\/\/transamerica93.com.br\/home\/wp-json\/wp\/v2\/tags?post=5663"}],"curies":[{"name":"wp","href":"https:\/\/api.w.org\/{rel}","templated":true}]}}