{"id":5672,"date":"2025-06-12T18:00:42","date_gmt":"2025-06-12T21:00:42","guid":{"rendered":"https:\/\/transamerica93.com.br\/home\/?p=5672"},"modified":"2025-05-22T10:11:04","modified_gmt":"2025-05-22T13:11:04","slug":"com-130-kg-ator-francisco-cuoco-enfrenta-dificuldades-de-locomocao-quero-tocar-o-barco","status":"publish","type":"post","link":"https:\/\/transamerica93.com.br\/home\/com-130-kg-ator-francisco-cuoco-enfrenta-dificuldades-de-locomocao-quero-tocar-o-barco\/","title":{"rendered":"Com 130 kg, ator Francisco Cuoco enfrenta dificuldades de locomo\u00e7\u00e3o: &#8216;Quero tocar o barco&#8217;"},"content":{"rendered":"<p>Por Ingrid Rodrigues<\/p>\n<p>Francisco Cuoco, \u00edcone da teledramaturgia brasileira, vive hoje uma rotina marcada por limita\u00e7\u00f5es f\u00edsicas e cuidados constantes. Aos 91 anos, o ator convive com problemas de sa\u00fade que afetam diretamente sua locomo\u00e7\u00e3o.<\/p>\n<p>Com cerca de 130 quilos &#8211; um n\u00famero estimado, j\u00e1 que ele n\u00e3o consegue mais subir em balan\u00e7as &#8211; Cuoco passa a maior parte do tempo em repouso e precisa de cuidadores para tarefas b\u00e1sicas, como o banho. As informa\u00e7\u00f5es s\u00e3o da<i>\u00a0Folha de S.Paulo<\/i>, que entrevistou o artista.<\/p>\n<p>Segundo relatos da irm\u00e3 Gracia Cuoco, de 86 anos, Francisco j\u00e1 n\u00e3o consegue mais ficar de p\u00e9 sozinho. Ele apresenta incha\u00e7o nas pernas, p\u00e9s roxos e faz uso de uma sonda nasal. Al\u00e9m disso, lida com infec\u00e7\u00e3o nos rins e epis\u00f3dios de ansiedade, que o fazem recorrer \u00e0 comida em momentos de frustra\u00e7\u00e3o.<\/p>\n<p>&#8220;Tenho alguns problemas de sa\u00fade, de locomo\u00e7\u00e3o. Mas&#8230; \u00c9 suport\u00e1vel&#8221;, declarou o ator.<\/p>\n<p>A piora em seu quadro de sa\u00fade se intensificou no \u00faltimo ano. Em julho, Cuoco ainda conseguiu receber a equipe da TV Globo em casa para gravar um depoimento ao programa\u00a0<i>Tributo<\/i>, que homenageia grandes nomes da emissora. Na ocasi\u00e3o, seu estado de sa\u00fade era menos delicado, e o rosto do ator ainda remetia ao gal\u00e3 que marcou gera\u00e7\u00f5es na televis\u00e3o brasileira.<\/p>\n<p>Hoje, a rotina \u00e9 simples. Cuoco vai com frequ\u00eancia ao hospital, sempre acompanhado por enfermeiros, e passa parte dos dias assistindo \u00e0 televis\u00e3o. &#8220;Assisto ao jornal, a alguma reportagem mais interessante. Mas perdi o interesse em novelas. Vejo filmes Mas n\u00e3o sempre, porque eles s\u00e3o muito longos&#8221;, disse.<\/p>\n<p>A mem\u00f3ria j\u00e1 n\u00e3o guarda todas as hist\u00f3rias, mas ele ainda fala com carinho dos tempos em que conciliava a vida de ator iniciante com a de feirante, no bairro do Br\u00e1s, em S\u00e3o Paulo. \u00c0 noite, estudava na Escola de Arte Dram\u00e1tica, muito antes de a institui\u00e7\u00e3o se tornar parte da Universidade de S\u00e3o Paulo (USP).<\/p>\n<p>&#8220;Eu era especial. Tenho fotografia da \u00e9poca e vejo que era um \u2018gal\u00e3zura\u2019 mesmo&#8221;, brincou.<\/p>\n<p>Apesar das limita\u00e7\u00f5es, o ator garantiu que segue em paz com sua trajet\u00f3ria. &#8220;Sei que n\u00e3o foi \u00e0 toa. [O sucesso] foi baseado em empenho, em entrega, em busca de igualdade. Passaram-se anos e experi\u00eancias foram acumuladas. Foi bom. Agora quero tocar o barco. O pr\u00f3ximo resultado est\u00e1 \u00e0 frente.&#8221;<\/p>\n","protected":false},"excerpt":{"rendered":"<p>Por Ingrid Rodrigues Francisco Cuoco, \u00edcone da teledramaturgia brasileira, vive hoje uma rotina marcada por limita\u00e7\u00f5es f\u00edsicas e cuidados constantes. Aos 91 anos, o ator convive com problemas de sa\u00fade que afetam diretamente sua locomo\u00e7\u00e3o. Com cerca de 130 quilos &#8211; um n\u00famero estimado, j\u00e1 que ele n\u00e3o consegue mais subir em balan\u00e7as &#8211; Cuoco &hellip;<\/p>\n","protected":false},"author":1,"featured_media":5673,"comment_status":"closed","ping_status":"closed","sticky":false,"template":"","format":"standard","meta":{"footnotes":""},"categories":[24],"tags":[],"class_list":["post-5672","post","type-post","status-publish","format-standard","has-post-thumbnail","hentry","category-entretenimento"],"yoast_head":"<!-- This site is optimized with the Yoast SEO plugin v27.4 - https:\/\/yoast.com\/product\/yoast-seo-wordpress\/ -->\n<title>Com 130 kg, ator Francisco Cuoco enfrenta dificuldades de locomo\u00e7\u00e3o: &#039;Quero tocar o barco&#039; - Transam\u00e9rica Mococa 93,3<\/title>\n<meta name=\"robots\" content=\"index, follow, max-snippet:-1, max-image-preview:large, max-video-preview:-1\" \/>\n<link rel=\"canonical\" href=\"https:\/\/transamerica93.com.br\/home\/com-130-kg-ator-francisco-cuoco-enfrenta-dificuldades-de-locomocao-quero-tocar-o-barco\/\" \/>\n<meta property=\"og:locale\" content=\"pt_BR\" \/>\n<meta property=\"og:type\" content=\"article\" \/>\n<meta property=\"og:title\" content=\"Com 130 kg, ator Francisco Cuoco enfrenta dificuldades de locomo\u00e7\u00e3o: &#039;Quero tocar o barco&#039; - Transam\u00e9rica Mococa 93,3\" \/>\n<meta property=\"og:description\" content=\"Por Ingrid Rodrigues Francisco Cuoco, \u00edcone da teledramaturgia brasileira, vive hoje uma rotina marcada por limita\u00e7\u00f5es f\u00edsicas e cuidados constantes. Aos 91 anos, o ator convive com problemas de sa\u00fade que afetam diretamente sua locomo\u00e7\u00e3o. Com cerca de 130 quilos &#8211; um n\u00famero estimado, j\u00e1 que ele n\u00e3o consegue mais subir em balan\u00e7as &#8211; Cuoco &hellip;\" \/>\n<meta property=\"og:url\" content=\"https:\/\/transamerica93.com.br\/home\/com-130-kg-ator-francisco-cuoco-enfrenta-dificuldades-de-locomocao-quero-tocar-o-barco\/\" \/>\n<meta property=\"og:site_name\" content=\"Transam\u00e9rica Mococa 93,3\" \/>\n<meta property=\"article:publisher\" content=\"https:\/\/www.facebook.com\/transamericamococa\" \/>\n<meta property=\"article:published_time\" content=\"2025-06-12T21:00:42+00:00\" \/>\n<meta property=\"og:image\" content=\"https:\/\/transamerica93.com.br\/home\/wp-content\/uploads\/2025\/05\/1-132.jpg\" \/>\n\t<meta property=\"og:image:width\" content=\"1191\" \/>\n\t<meta property=\"og:image:height\" content=\"819\" \/>\n\t<meta property=\"og:image:type\" content=\"image\/jpeg\" \/>\n<meta name=\"author\" content=\"Reda\u00e7\u00e3o\" \/>\n<meta name=\"twitter:card\" content=\"summary_large_image\" \/>\n<meta name=\"twitter:creator\" content=\"@transamerica933\" \/>\n<meta name=\"twitter:site\" content=\"@transamerica933\" \/>\n<meta name=\"twitter:label1\" content=\"Escrito por\" \/>\n\t<meta name=\"twitter:data1\" content=\"Reda\u00e7\u00e3o\" \/>\n\t<meta name=\"twitter:label2\" content=\"Est. tempo de leitura\" \/>\n\t<meta name=\"twitter:data2\" content=\"3 minutos\" \/>\n<script type=\"application\/ld+json\" class=\"yoast-schema-graph\">{\"@context\":\"https:\\\/\\\/schema.org\",\"@graph\":[{\"@type\":\"Article\",\"@id\":\"https:\\\/\\\/transamerica93.com.br\\\/home\\\/com-130-kg-ator-francisco-cuoco-enfrenta-dificuldades-de-locomocao-quero-tocar-o-barco\\\/#article\",\"isPartOf\":{\"@id\":\"https:\\\/\\\/transamerica93.com.br\\\/home\\\/com-130-kg-ator-francisco-cuoco-enfrenta-dificuldades-de-locomocao-quero-tocar-o-barco\\\/\"},\"author\":{\"name\":\"Reda\u00e7\u00e3o\",\"@id\":\"https:\\\/\\\/transamerica93.com.br\\\/home\\\/#\\\/schema\\\/person\\\/7fed7c99c0d4562efa8561bc0f543172\"},\"headline\":\"Com 130 kg, ator Francisco Cuoco enfrenta dificuldades de locomo\u00e7\u00e3o: &#8216;Quero tocar o barco&#8217;\",\"datePublished\":\"2025-06-12T21:00:42+00:00\",\"mainEntityOfPage\":{\"@id\":\"https:\\\/\\\/transamerica93.com.br\\\/home\\\/com-130-kg-ator-francisco-cuoco-enfrenta-dificuldades-de-locomocao-quero-tocar-o-barco\\\/\"},\"wordCount\":430,\"publisher\":{\"@id\":\"https:\\\/\\\/transamerica93.com.br\\\/home\\\/#organization\"},\"image\":{\"@id\":\"https:\\\/\\\/transamerica93.com.br\\\/home\\\/com-130-kg-ator-francisco-cuoco-enfrenta-dificuldades-de-locomocao-quero-tocar-o-barco\\\/#primaryimage\"},\"thumbnailUrl\":\"https:\\\/\\\/transamerica93.com.br\\\/home\\\/wp-content\\\/uploads\\\/2025\\\/05\\\/1-132.jpg\",\"articleSection\":[\"Entretenimento\"],\"inLanguage\":\"pt-BR\"},{\"@type\":\"WebPage\",\"@id\":\"https:\\\/\\\/transamerica93.com.br\\\/home\\\/com-130-kg-ator-francisco-cuoco-enfrenta-dificuldades-de-locomocao-quero-tocar-o-barco\\\/\",\"url\":\"https:\\\/\\\/transamerica93.com.br\\\/home\\\/com-130-kg-ator-francisco-cuoco-enfrenta-dificuldades-de-locomocao-quero-tocar-o-barco\\\/\",\"name\":\"Com 130 kg, ator Francisco Cuoco enfrenta dificuldades de locomo\u00e7\u00e3o: 'Quero tocar o barco' - Transam\u00e9rica Mococa 93,3\",\"isPartOf\":{\"@id\":\"https:\\\/\\\/transamerica93.com.br\\\/home\\\/#website\"},\"primaryImageOfPage\":{\"@id\":\"https:\\\/\\\/transamerica93.com.br\\\/home\\\/com-130-kg-ator-francisco-cuoco-enfrenta-dificuldades-de-locomocao-quero-tocar-o-barco\\\/#primaryimage\"},\"image\":{\"@id\":\"https:\\\/\\\/transamerica93.com.br\\\/home\\\/com-130-kg-ator-francisco-cuoco-enfrenta-dificuldades-de-locomocao-quero-tocar-o-barco\\\/#primaryimage\"},\"thumbnailUrl\":\"https:\\\/\\\/transamerica93.com.br\\\/home\\\/wp-content\\\/uploads\\\/2025\\\/05\\\/1-132.jpg\",\"datePublished\":\"2025-06-12T21:00:42+00:00\",\"breadcrumb\":{\"@id\":\"https:\\\/\\\/transamerica93.com.br\\\/home\\\/com-130-kg-ator-francisco-cuoco-enfrenta-dificuldades-de-locomocao-quero-tocar-o-barco\\\/#breadcrumb\"},\"inLanguage\":\"pt-BR\",\"potentialAction\":[{\"@type\":\"ReadAction\",\"target\":[\"https:\\\/\\\/transamerica93.com.br\\\/home\\\/com-130-kg-ator-francisco-cuoco-enfrenta-dificuldades-de-locomocao-quero-tocar-o-barco\\\/\"]}]},{\"@type\":\"ImageObject\",\"inLanguage\":\"pt-BR\",\"@id\":\"https:\\\/\\\/transamerica93.com.br\\\/home\\\/com-130-kg-ator-francisco-cuoco-enfrenta-dificuldades-de-locomocao-quero-tocar-o-barco\\\/#primaryimage\",\"url\":\"https:\\\/\\\/transamerica93.com.br\\\/home\\\/wp-content\\\/uploads\\\/2025\\\/05\\\/1-132.jpg\",\"contentUrl\":\"https:\\\/\\\/transamerica93.com.br\\\/home\\\/wp-content\\\/uploads\\\/2025\\\/05\\\/1-132.jpg\",\"width\":1191,\"height\":819},{\"@type\":\"BreadcrumbList\",\"@id\":\"https:\\\/\\\/transamerica93.com.br\\\/home\\\/com-130-kg-ator-francisco-cuoco-enfrenta-dificuldades-de-locomocao-quero-tocar-o-barco\\\/#breadcrumb\",\"itemListElement\":[{\"@type\":\"ListItem\",\"position\":1,\"name\":\"In\u00edcio\",\"item\":\"https:\\\/\\\/transamerica93.com.br\\\/home\\\/\"},{\"@type\":\"ListItem\",\"position\":2,\"name\":\"Com 130 kg, ator Francisco Cuoco enfrenta dificuldades de locomo\u00e7\u00e3o: &#8216;Quero tocar o barco&#8217;\"}]},{\"@type\":\"WebSite\",\"@id\":\"https:\\\/\\\/transamerica93.com.br\\\/home\\\/#website\",\"url\":\"https:\\\/\\\/transamerica93.com.br\\\/home\\\/\",\"name\":\"Transam\u00e9rica Mococa 93,3\",\"description\":\"\",\"publisher\":{\"@id\":\"https:\\\/\\\/transamerica93.com.br\\\/home\\\/#organization\"},\"potentialAction\":[{\"@type\":\"SearchAction\",\"target\":{\"@type\":\"EntryPoint\",\"urlTemplate\":\"https:\\\/\\\/transamerica93.com.br\\\/home\\\/?s={search_term_string}\"},\"query-input\":{\"@type\":\"PropertyValueSpecification\",\"valueRequired\":true,\"valueName\":\"search_term_string\"}}],\"inLanguage\":\"pt-BR\"},{\"@type\":\"Organization\",\"@id\":\"https:\\\/\\\/transamerica93.com.br\\\/home\\\/#organization\",\"name\":\"Transam\u00e9rica Mococa 93,3\",\"url\":\"https:\\\/\\\/transamerica93.com.br\\\/home\\\/\",\"logo\":{\"@type\":\"ImageObject\",\"inLanguage\":\"pt-BR\",\"@id\":\"https:\\\/\\\/transamerica93.com.br\\\/home\\\/#\\\/schema\\\/logo\\\/image\\\/\",\"url\":\"https:\\\/\\\/transamerica93.com.br\\\/home\\\/wp-content\\\/uploads\\\/2023\\\/10\\\/logo2.png\",\"contentUrl\":\"https:\\\/\\\/transamerica93.com.br\\\/home\\\/wp-content\\\/uploads\\\/2023\\\/10\\\/logo2.png\",\"width\":800,\"height\":500,\"caption\":\"Transam\u00e9rica Mococa 93,3\"},\"image\":{\"@id\":\"https:\\\/\\\/transamerica93.com.br\\\/home\\\/#\\\/schema\\\/logo\\\/image\\\/\"},\"sameAs\":[\"https:\\\/\\\/www.facebook.com\\\/transamericamococa\",\"https:\\\/\\\/x.com\\\/transamerica933\",\"https:\\\/\\\/www.instagram.com\\\/transamericamococa\"]},{\"@type\":\"Person\",\"@id\":\"https:\\\/\\\/transamerica93.com.br\\\/home\\\/#\\\/schema\\\/person\\\/7fed7c99c0d4562efa8561bc0f543172\",\"name\":\"Reda\u00e7\u00e3o\",\"image\":{\"@type\":\"ImageObject\",\"inLanguage\":\"pt-BR\",\"@id\":\"https:\\\/\\\/secure.gravatar.com\\\/avatar\\\/1072c6b775fb02ef8506ce967551d95926669a6b7d2c2147b42eea4d7c68395e?s=96&d=mm&r=g\",\"url\":\"https:\\\/\\\/secure.gravatar.com\\\/avatar\\\/1072c6b775fb02ef8506ce967551d95926669a6b7d2c2147b42eea4d7c68395e?s=96&d=mm&r=g\",\"contentUrl\":\"https:\\\/\\\/secure.gravatar.com\\\/avatar\\\/1072c6b775fb02ef8506ce967551d95926669a6b7d2c2147b42eea4d7c68395e?s=96&d=mm&r=g\",\"caption\":\"Reda\u00e7\u00e3o\"},\"sameAs\":[\"https:\\\/\\\/transamerica93.com.br\\\/home\"],\"url\":\"https:\\\/\\\/transamerica93.com.br\\\/home\\\/author\\\/william\\\/\"}]}<\/script>\n<!-- \/ Yoast SEO plugin. -->","yoast_head_json":{"title":"Com 130 kg, ator Francisco Cuoco enfrenta dificuldades de locomo\u00e7\u00e3o: 'Quero tocar o barco' - Transam\u00e9rica Mococa 93,3","robots":{"index":"index","follow":"follow","max-snippet":"max-snippet:-1","max-image-preview":"max-image-preview:large","max-video-preview":"max-video-preview:-1"},"canonical":"https:\/\/transamerica93.com.br\/home\/com-130-kg-ator-francisco-cuoco-enfrenta-dificuldades-de-locomocao-quero-tocar-o-barco\/","og_locale":"pt_BR","og_type":"article","og_title":"Com 130 kg, ator Francisco Cuoco enfrenta dificuldades de locomo\u00e7\u00e3o: 'Quero tocar o barco' - Transam\u00e9rica Mococa 93,3","og_description":"Por Ingrid Rodrigues Francisco Cuoco, \u00edcone da teledramaturgia brasileira, vive hoje uma rotina marcada por limita\u00e7\u00f5es f\u00edsicas e cuidados constantes. Aos 91 anos, o ator convive com problemas de sa\u00fade que afetam diretamente sua locomo\u00e7\u00e3o. Com cerca de 130 quilos &#8211; um n\u00famero estimado, j\u00e1 que ele n\u00e3o consegue mais subir em balan\u00e7as &#8211; Cuoco &hellip;","og_url":"https:\/\/transamerica93.com.br\/home\/com-130-kg-ator-francisco-cuoco-enfrenta-dificuldades-de-locomocao-quero-tocar-o-barco\/","og_site_name":"Transam\u00e9rica Mococa 93,3","article_publisher":"https:\/\/www.facebook.com\/transamericamococa","article_published_time":"2025-06-12T21:00:42+00:00","og_image":[{"width":1191,"height":819,"url":"https:\/\/transamerica93.com.br\/home\/wp-content\/uploads\/2025\/05\/1-132.jpg","type":"image\/jpeg"}],"author":"Reda\u00e7\u00e3o","twitter_card":"summary_large_image","twitter_creator":"@transamerica933","twitter_site":"@transamerica933","twitter_misc":{"Escrito por":"Reda\u00e7\u00e3o","Est. tempo de leitura":"3 minutos"},"schema":{"@context":"https:\/\/schema.org","@graph":[{"@type":"Article","@id":"https:\/\/transamerica93.com.br\/home\/com-130-kg-ator-francisco-cuoco-enfrenta-dificuldades-de-locomocao-quero-tocar-o-barco\/#article","isPartOf":{"@id":"https:\/\/transamerica93.com.br\/home\/com-130-kg-ator-francisco-cuoco-enfrenta-dificuldades-de-locomocao-quero-tocar-o-barco\/"},"author":{"name":"Reda\u00e7\u00e3o","@id":"https:\/\/transamerica93.com.br\/home\/#\/schema\/person\/7fed7c99c0d4562efa8561bc0f543172"},"headline":"Com 130 kg, ator Francisco Cuoco enfrenta dificuldades de locomo\u00e7\u00e3o: &#8216;Quero tocar o barco&#8217;","datePublished":"2025-06-12T21:00:42+00:00","mainEntityOfPage":{"@id":"https:\/\/transamerica93.com.br\/home\/com-130-kg-ator-francisco-cuoco-enfrenta-dificuldades-de-locomocao-quero-tocar-o-barco\/"},"wordCount":430,"publisher":{"@id":"https:\/\/transamerica93.com.br\/home\/#organization"},"image":{"@id":"https:\/\/transamerica93.com.br\/home\/com-130-kg-ator-francisco-cuoco-enfrenta-dificuldades-de-locomocao-quero-tocar-o-barco\/#primaryimage"},"thumbnailUrl":"https:\/\/transamerica93.com.br\/home\/wp-content\/uploads\/2025\/05\/1-132.jpg","articleSection":["Entretenimento"],"inLanguage":"pt-BR"},{"@type":"WebPage","@id":"https:\/\/transamerica93.com.br\/home\/com-130-kg-ator-francisco-cuoco-enfrenta-dificuldades-de-locomocao-quero-tocar-o-barco\/","url":"https:\/\/transamerica93.com.br\/home\/com-130-kg-ator-francisco-cuoco-enfrenta-dificuldades-de-locomocao-quero-tocar-o-barco\/","name":"Com 130 kg, ator Francisco Cuoco enfrenta dificuldades de locomo\u00e7\u00e3o: 'Quero tocar o barco' - Transam\u00e9rica Mococa 93,3","isPartOf":{"@id":"https:\/\/transamerica93.com.br\/home\/#website"},"primaryImageOfPage":{"@id":"https:\/\/transamerica93.com.br\/home\/com-130-kg-ator-francisco-cuoco-enfrenta-dificuldades-de-locomocao-quero-tocar-o-barco\/#primaryimage"},"image":{"@id":"https:\/\/transamerica93.com.br\/home\/com-130-kg-ator-francisco-cuoco-enfrenta-dificuldades-de-locomocao-quero-tocar-o-barco\/#primaryimage"},"thumbnailUrl":"https:\/\/transamerica93.com.br\/home\/wp-content\/uploads\/2025\/05\/1-132.jpg","datePublished":"2025-06-12T21:00:42+00:00","breadcrumb":{"@id":"https:\/\/transamerica93.com.br\/home\/com-130-kg-ator-francisco-cuoco-enfrenta-dificuldades-de-locomocao-quero-tocar-o-barco\/#breadcrumb"},"inLanguage":"pt-BR","potentialAction":[{"@type":"ReadAction","target":["https:\/\/transamerica93.com.br\/home\/com-130-kg-ator-francisco-cuoco-enfrenta-dificuldades-de-locomocao-quero-tocar-o-barco\/"]}]},{"@type":"ImageObject","inLanguage":"pt-BR","@id":"https:\/\/transamerica93.com.br\/home\/com-130-kg-ator-francisco-cuoco-enfrenta-dificuldades-de-locomocao-quero-tocar-o-barco\/#primaryimage","url":"https:\/\/transamerica93.com.br\/home\/wp-content\/uploads\/2025\/05\/1-132.jpg","contentUrl":"https:\/\/transamerica93.com.br\/home\/wp-content\/uploads\/2025\/05\/1-132.jpg","width":1191,"height":819},{"@type":"BreadcrumbList","@id":"https:\/\/transamerica93.com.br\/home\/com-130-kg-ator-francisco-cuoco-enfrenta-dificuldades-de-locomocao-quero-tocar-o-barco\/#breadcrumb","itemListElement":[{"@type":"ListItem","position":1,"name":"In\u00edcio","item":"https:\/\/transamerica93.com.br\/home\/"},{"@type":"ListItem","position":2,"name":"Com 130 kg, ator Francisco Cuoco enfrenta dificuldades de locomo\u00e7\u00e3o: &#8216;Quero tocar o barco&#8217;"}]},{"@type":"WebSite","@id":"https:\/\/transamerica93.com.br\/home\/#website","url":"https:\/\/transamerica93.com.br\/home\/","name":"Transam\u00e9rica Mococa 93,3","description":"","publisher":{"@id":"https:\/\/transamerica93.com.br\/home\/#organization"},"potentialAction":[{"@type":"SearchAction","target":{"@type":"EntryPoint","urlTemplate":"https:\/\/transamerica93.com.br\/home\/?s={search_term_string}"},"query-input":{"@type":"PropertyValueSpecification","valueRequired":true,"valueName":"search_term_string"}}],"inLanguage":"pt-BR"},{"@type":"Organization","@id":"https:\/\/transamerica93.com.br\/home\/#organization","name":"Transam\u00e9rica Mococa 93,3","url":"https:\/\/transamerica93.com.br\/home\/","logo":{"@type":"ImageObject","inLanguage":"pt-BR","@id":"https:\/\/transamerica93.com.br\/home\/#\/schema\/logo\/image\/","url":"https:\/\/transamerica93.com.br\/home\/wp-content\/uploads\/2023\/10\/logo2.png","contentUrl":"https:\/\/transamerica93.com.br\/home\/wp-content\/uploads\/2023\/10\/logo2.png","width":800,"height":500,"caption":"Transam\u00e9rica Mococa 93,3"},"image":{"@id":"https:\/\/transamerica93.com.br\/home\/#\/schema\/logo\/image\/"},"sameAs":["https:\/\/www.facebook.com\/transamericamococa","https:\/\/x.com\/transamerica933","https:\/\/www.instagram.com\/transamericamococa"]},{"@type":"Person","@id":"https:\/\/transamerica93.com.br\/home\/#\/schema\/person\/7fed7c99c0d4562efa8561bc0f543172","name":"Reda\u00e7\u00e3o","image":{"@type":"ImageObject","inLanguage":"pt-BR","@id":"https:\/\/secure.gravatar.com\/avatar\/1072c6b775fb02ef8506ce967551d95926669a6b7d2c2147b42eea4d7c68395e?s=96&d=mm&r=g","url":"https:\/\/secure.gravatar.com\/avatar\/1072c6b775fb02ef8506ce967551d95926669a6b7d2c2147b42eea4d7c68395e?s=96&d=mm&r=g","contentUrl":"https:\/\/secure.gravatar.com\/avatar\/1072c6b775fb02ef8506ce967551d95926669a6b7d2c2147b42eea4d7c68395e?s=96&d=mm&r=g","caption":"Reda\u00e7\u00e3o"},"sameAs":["https:\/\/transamerica93.com.br\/home"],"url":"https:\/\/transamerica93.com.br\/home\/author\/william\/"}]}},"_links":{"self":[{"href":"https:\/\/transamerica93.com.br\/home\/wp-json\/wp\/v2\/posts\/5672","targetHints":{"allow":["GET"]}}],"collection":[{"href":"https:\/\/transamerica93.com.br\/home\/wp-json\/wp\/v2\/posts"}],"about":[{"href":"https:\/\/transamerica93.com.br\/home\/wp-json\/wp\/v2\/types\/post"}],"author":[{"embeddable":true,"href":"https:\/\/transamerica93.com.br\/home\/wp-json\/wp\/v2\/users\/1"}],"replies":[{"embeddable":true,"href":"https:\/\/transamerica93.com.br\/home\/wp-json\/wp\/v2\/comments?post=5672"}],"version-history":[{"count":1,"href":"https:\/\/transamerica93.com.br\/home\/wp-json\/wp\/v2\/posts\/5672\/revisions"}],"predecessor-version":[{"id":5674,"href":"https:\/\/transamerica93.com.br\/home\/wp-json\/wp\/v2\/posts\/5672\/revisions\/5674"}],"wp:featuredmedia":[{"embeddable":true,"href":"https:\/\/transamerica93.com.br\/home\/wp-json\/wp\/v2\/media\/5673"}],"wp:attachment":[{"href":"https:\/\/transamerica93.com.br\/home\/wp-json\/wp\/v2\/media?parent=5672"}],"wp:term":[{"taxonomy":"category","embeddable":true,"href":"https:\/\/transamerica93.com.br\/home\/wp-json\/wp\/v2\/categories?post=5672"},{"taxonomy":"post_tag","embeddable":true,"href":"https:\/\/transamerica93.com.br\/home\/wp-json\/wp\/v2\/tags?post=5672"}],"curies":[{"name":"wp","href":"https:\/\/api.w.org\/{rel}","templated":true}]}}