{"id":5687,"date":"2025-06-17T09:00:03","date_gmt":"2025-06-17T12:00:03","guid":{"rendered":"https:\/\/transamerica93.com.br\/home\/?p=5687"},"modified":"2025-05-25T17:10:46","modified_gmt":"2025-05-25T20:10:46","slug":"mulheres-negras-querem-mais-participacao-em-decisoes-sobre-o-clima","status":"publish","type":"post","link":"https:\/\/transamerica93.com.br\/home\/mulheres-negras-querem-mais-participacao-em-decisoes-sobre-o-clima\/","title":{"rendered":"Mulheres negras querem mais participa\u00e7\u00e3o em decis\u00f5es sobre o clima"},"content":{"rendered":"<p>Os impactos dos direitos ambientais e a justi\u00e7a clim\u00e1tica sobre a popula\u00e7\u00e3o negra reuniu neste final de semana, no bairro do Flamengo, na zona sul do Rio de Janeiro, ativistas, especialistas e defensoras dessas quest\u00f5es no\u00a0<strong>primeiro encontro, de uma s\u00e9rie de quatro, realizado pela ONG Criola, com o tema Mulheres Negras Construindo o Futuro com Justi\u00e7a Clim\u00e1tica: por Repara\u00e7\u00e3o e Bem Viver\u201d<\/strong>.<img decoding=\"async\" data-src=\"https:\/\/agenciabrasil.ebc.com.br\/ebc.png?id=1644083&amp;o=node\" src=\"data:image\/svg+xml;base64,PHN2ZyB3aWR0aD0iMSIgaGVpZ2h0PSIxIiB4bWxucz0iaHR0cDovL3d3dy53My5vcmcvMjAwMC9zdmciPjwvc3ZnPg==\" class=\"lazyload\" \/><img decoding=\"async\" data-src=\"https:\/\/agenciabrasil.ebc.com.br\/ebc.gif?id=1644083&amp;o=node\" src=\"data:image\/svg+xml;base64,PHN2ZyB3aWR0aD0iMSIgaGVpZ2h0PSIxIiB4bWxucz0iaHR0cDovL3d3dy53My5vcmcvMjAwMC9zdmciPjwvc3ZnPg==\" class=\"lazyload\" \/><\/p>\n<p>De acordo com a organiza\u00e7\u00e3o n\u00e3o governamental,\u00a0<strong>a presen\u00e7a de mulheres negras nos espa\u00e7os de tomada de decis\u00e3o \u00e9 fundamental, j\u00e1 que s\u00e3o as mais impactadas pelos efeitos do clima<\/strong>.<\/p>\n<p>A Criola busca contribuir para o fortalecimento da atua\u00e7\u00e3o em projetos relacionados ao tema, por meio de pesquisa, desenvolvimento de pol\u00edticas p\u00fablicas e mobiliza\u00e7\u00e3o social.<\/p>\n<p>Baseada em dados da Oxfam, a\u00a0<strong>ONG apontou que as mudan\u00e7as clim\u00e1ticas influenciam de forma desproporcional as popula\u00e7\u00f5es negras, ind\u00edgenas e perif\u00e9ricas, mais vulner\u00e1veis,\u00a0<\/strong>apesar de o grupo contribuir menos para as emiss\u00f5es de gases de efeito estufa.<\/p>\n<p>A coordenadora program\u00e1tica da Criola, M\u00f4nica Sacramento, disse que\u00a0<strong>a sequ\u00eancia de quatro encontros \u00e9 uma prepara\u00e7\u00e3o do processo pol\u00edtico para a 30\u00aa Confer\u00eancia da Na\u00e7\u00f5es Unidas sobre Mudan\u00e7as Clim\u00e1ticas (COP30)<\/strong>\u00a0que vai reunir l\u00edderes mundiais, cientistas e organiza\u00e7\u00f5es n\u00e3o governamentais em Bel\u00e9m, em novembro deste ano.<\/p>\n<blockquote><p>&#8220;Foram listadas demandas, fizemos identifica\u00e7\u00e3o, um diagn\u00f3stico do territ\u00f3rio. A gente tamb\u00e9m chegou \u00e0 conclus\u00e3o da influ\u00eancia pol\u00edtica que essas mulheres far\u00e3o em rela\u00e7\u00e3o \u00e0 cidade do Rio de Janeiro e em outros munic\u00edpios, no caso, Angra dos Reis estava aqui presente. Resumindo o encontro foi positivo\u201d, disse em entrevista \u00e0\u00a0<strong>Ag\u00eancia Brasil<\/strong>.<\/p><\/blockquote>\n<p>Entre as demandas inclu\u00eddas na proposta que resultou do encontro ocorrido neste s\u00e1bado (24), est\u00e3o as enchentes, tratamento de res\u00edduos s\u00f3lidos, situa\u00e7\u00e3o das mulheres de terreiro, de que maneira s\u00e3o atingidas\u00a0pelas mudan\u00e7as clim\u00e1ticas e mulheres que moram em bairros perif\u00e9ricos e favelas. \u201cEsse debate est\u00e1 distante delas e n\u00e3o contam com uma participa\u00e7\u00e3o pol\u00edtica mais efetiva\u201d, revela M\u00f4nica.<\/p>\n<p>Para a coordenadora da Criola, uma quest\u00e3o relevante para as mulheres negras \u00e9 a participa\u00e7\u00e3o pol\u00edtica em espa\u00e7os de decis\u00e3o.<\/p>\n<blockquote><p>\u201cAcho que o ponto fundamental que eu destacaria \u00e9 a urg\u00eancia da presen\u00e7a de mulheres negras em debates e tamb\u00e9m na solu\u00e7\u00e3o das quest\u00f5es clim\u00e1ticas\u201d, apontou.<\/p><\/blockquote>\n<p>M\u00f4nica lembrou que em novembro, al\u00e9m da COP30, em Manaus, haver\u00e1 tamb\u00e9m a Marcha das Mulheres Negras, em Bras\u00edlia. \u201cEssas reivindica\u00e7\u00f5es tamb\u00e9m est\u00e3o colocadas para serem discutidas , principalmente pelo vi\u00e9s da repara\u00e7\u00e3o e do bem viver, na Marcha das Mulheres Negras que \u00e9 logo depois da COP\u201d, indicou<\/p>\n<p>O encontro deste s\u00e1bado teve a participa\u00e7\u00e3o de 29 mulheres negras, lideran\u00e7as de diversos lugares do Rio de Janeiro e a presen\u00e7a, entre outras, de Ana Tobossi (Movimento Negro Unificado) e Yakeker\u00ea Marta Ferreira D&#8217;Oxum (Ile A\u015f\u00e9 Omi Lare Iy\u00e1 Sagb\u00e1 e Grupo de Pesquisa e Extens\u00e3o Cultural A Cor da Baixada).<\/p>\n","protected":false},"excerpt":{"rendered":"<p>Os impactos dos direitos ambientais e a justi\u00e7a clim\u00e1tica sobre a popula\u00e7\u00e3o negra reuniu neste final de semana, no bairro do Flamengo, na zona sul do Rio de Janeiro, ativistas, especialistas e defensoras dessas quest\u00f5es no\u00a0primeiro encontro, de uma s\u00e9rie de quatro, realizado pela ONG Criola, com o tema Mulheres Negras Construindo o Futuro com &hellip;<\/p>\n","protected":false},"author":1,"featured_media":5688,"comment_status":"closed","ping_status":"closed","sticky":false,"template":"","format":"standard","meta":{"footnotes":""},"categories":[30],"tags":[],"class_list":["post-5687","post","type-post","status-publish","format-standard","has-post-thumbnail","hentry","category-geral"],"yoast_head":"<!-- This site is optimized with the Yoast SEO plugin v27.4 - https:\/\/yoast.com\/product\/yoast-seo-wordpress\/ -->\n<title>Mulheres negras querem mais participa\u00e7\u00e3o em decis\u00f5es sobre o clima - Transam\u00e9rica Mococa 93,3<\/title>\n<meta name=\"robots\" content=\"index, follow, max-snippet:-1, max-image-preview:large, max-video-preview:-1\" \/>\n<link rel=\"canonical\" href=\"https:\/\/transamerica93.com.br\/home\/mulheres-negras-querem-mais-participacao-em-decisoes-sobre-o-clima\/\" \/>\n<meta property=\"og:locale\" content=\"pt_BR\" \/>\n<meta property=\"og:type\" content=\"article\" \/>\n<meta property=\"og:title\" content=\"Mulheres negras querem mais participa\u00e7\u00e3o em decis\u00f5es sobre o clima - Transam\u00e9rica Mococa 93,3\" \/>\n<meta property=\"og:description\" content=\"Os impactos dos direitos ambientais e a justi\u00e7a clim\u00e1tica sobre a popula\u00e7\u00e3o negra reuniu neste final de semana, no bairro do Flamengo, na zona sul do Rio de Janeiro, ativistas, especialistas e defensoras dessas quest\u00f5es no\u00a0primeiro encontro, de uma s\u00e9rie de quatro, realizado pela ONG Criola, com o tema Mulheres Negras Construindo o Futuro com &hellip;\" \/>\n<meta property=\"og:url\" content=\"https:\/\/transamerica93.com.br\/home\/mulheres-negras-querem-mais-participacao-em-decisoes-sobre-o-clima\/\" \/>\n<meta property=\"og:site_name\" content=\"Transam\u00e9rica Mococa 93,3\" \/>\n<meta property=\"article:publisher\" content=\"https:\/\/www.facebook.com\/transamericamococa\" \/>\n<meta property=\"article:published_time\" content=\"2025-06-17T12:00:03+00:00\" \/>\n<meta property=\"og:image\" content=\"https:\/\/transamerica93.com.br\/home\/wp-content\/uploads\/2025\/05\/1-137.jpg\" \/>\n\t<meta property=\"og:image:width\" content=\"1170\" \/>\n\t<meta property=\"og:image:height\" content=\"700\" \/>\n\t<meta property=\"og:image:type\" content=\"image\/jpeg\" \/>\n<meta name=\"author\" content=\"Reda\u00e7\u00e3o\" \/>\n<meta name=\"twitter:card\" content=\"summary_large_image\" \/>\n<meta name=\"twitter:creator\" content=\"@transamerica933\" \/>\n<meta name=\"twitter:site\" content=\"@transamerica933\" \/>\n<meta name=\"twitter:label1\" content=\"Escrito por\" \/>\n\t<meta name=\"twitter:data1\" content=\"Reda\u00e7\u00e3o\" \/>\n\t<meta name=\"twitter:label2\" content=\"Est. tempo de leitura\" \/>\n\t<meta name=\"twitter:data2\" content=\"3 minutos\" \/>\n<script type=\"application\/ld+json\" class=\"yoast-schema-graph\">{\"@context\":\"https:\\\/\\\/schema.org\",\"@graph\":[{\"@type\":\"Article\",\"@id\":\"https:\\\/\\\/transamerica93.com.br\\\/home\\\/mulheres-negras-querem-mais-participacao-em-decisoes-sobre-o-clima\\\/#article\",\"isPartOf\":{\"@id\":\"https:\\\/\\\/transamerica93.com.br\\\/home\\\/mulheres-negras-querem-mais-participacao-em-decisoes-sobre-o-clima\\\/\"},\"author\":{\"name\":\"Reda\u00e7\u00e3o\",\"@id\":\"https:\\\/\\\/transamerica93.com.br\\\/home\\\/#\\\/schema\\\/person\\\/7fed7c99c0d4562efa8561bc0f543172\"},\"headline\":\"Mulheres negras querem mais participa\u00e7\u00e3o em decis\u00f5es sobre o clima\",\"datePublished\":\"2025-06-17T12:00:03+00:00\",\"mainEntityOfPage\":{\"@id\":\"https:\\\/\\\/transamerica93.com.br\\\/home\\\/mulheres-negras-querem-mais-participacao-em-decisoes-sobre-o-clima\\\/\"},\"wordCount\":551,\"publisher\":{\"@id\":\"https:\\\/\\\/transamerica93.com.br\\\/home\\\/#organization\"},\"image\":{\"@id\":\"https:\\\/\\\/transamerica93.com.br\\\/home\\\/mulheres-negras-querem-mais-participacao-em-decisoes-sobre-o-clima\\\/#primaryimage\"},\"thumbnailUrl\":\"https:\\\/\\\/transamerica93.com.br\\\/home\\\/wp-content\\\/uploads\\\/2025\\\/05\\\/1-137.jpg\",\"articleSection\":[\"Geral\"],\"inLanguage\":\"pt-BR\"},{\"@type\":\"WebPage\",\"@id\":\"https:\\\/\\\/transamerica93.com.br\\\/home\\\/mulheres-negras-querem-mais-participacao-em-decisoes-sobre-o-clima\\\/\",\"url\":\"https:\\\/\\\/transamerica93.com.br\\\/home\\\/mulheres-negras-querem-mais-participacao-em-decisoes-sobre-o-clima\\\/\",\"name\":\"Mulheres negras querem mais participa\u00e7\u00e3o em decis\u00f5es sobre o clima - Transam\u00e9rica Mococa 93,3\",\"isPartOf\":{\"@id\":\"https:\\\/\\\/transamerica93.com.br\\\/home\\\/#website\"},\"primaryImageOfPage\":{\"@id\":\"https:\\\/\\\/transamerica93.com.br\\\/home\\\/mulheres-negras-querem-mais-participacao-em-decisoes-sobre-o-clima\\\/#primaryimage\"},\"image\":{\"@id\":\"https:\\\/\\\/transamerica93.com.br\\\/home\\\/mulheres-negras-querem-mais-participacao-em-decisoes-sobre-o-clima\\\/#primaryimage\"},\"thumbnailUrl\":\"https:\\\/\\\/transamerica93.com.br\\\/home\\\/wp-content\\\/uploads\\\/2025\\\/05\\\/1-137.jpg\",\"datePublished\":\"2025-06-17T12:00:03+00:00\",\"breadcrumb\":{\"@id\":\"https:\\\/\\\/transamerica93.com.br\\\/home\\\/mulheres-negras-querem-mais-participacao-em-decisoes-sobre-o-clima\\\/#breadcrumb\"},\"inLanguage\":\"pt-BR\",\"potentialAction\":[{\"@type\":\"ReadAction\",\"target\":[\"https:\\\/\\\/transamerica93.com.br\\\/home\\\/mulheres-negras-querem-mais-participacao-em-decisoes-sobre-o-clima\\\/\"]}]},{\"@type\":\"ImageObject\",\"inLanguage\":\"pt-BR\",\"@id\":\"https:\\\/\\\/transamerica93.com.br\\\/home\\\/mulheres-negras-querem-mais-participacao-em-decisoes-sobre-o-clima\\\/#primaryimage\",\"url\":\"https:\\\/\\\/transamerica93.com.br\\\/home\\\/wp-content\\\/uploads\\\/2025\\\/05\\\/1-137.jpg\",\"contentUrl\":\"https:\\\/\\\/transamerica93.com.br\\\/home\\\/wp-content\\\/uploads\\\/2025\\\/05\\\/1-137.jpg\",\"width\":1170,\"height\":700,\"caption\":\"\u00a9 Mariana Nogueira - Acervo Criola\"},{\"@type\":\"BreadcrumbList\",\"@id\":\"https:\\\/\\\/transamerica93.com.br\\\/home\\\/mulheres-negras-querem-mais-participacao-em-decisoes-sobre-o-clima\\\/#breadcrumb\",\"itemListElement\":[{\"@type\":\"ListItem\",\"position\":1,\"name\":\"In\u00edcio\",\"item\":\"https:\\\/\\\/transamerica93.com.br\\\/home\\\/\"},{\"@type\":\"ListItem\",\"position\":2,\"name\":\"Mulheres negras querem mais participa\u00e7\u00e3o em decis\u00f5es sobre o clima\"}]},{\"@type\":\"WebSite\",\"@id\":\"https:\\\/\\\/transamerica93.com.br\\\/home\\\/#website\",\"url\":\"https:\\\/\\\/transamerica93.com.br\\\/home\\\/\",\"name\":\"Transam\u00e9rica Mococa 93,3\",\"description\":\"\",\"publisher\":{\"@id\":\"https:\\\/\\\/transamerica93.com.br\\\/home\\\/#organization\"},\"potentialAction\":[{\"@type\":\"SearchAction\",\"target\":{\"@type\":\"EntryPoint\",\"urlTemplate\":\"https:\\\/\\\/transamerica93.com.br\\\/home\\\/?s={search_term_string}\"},\"query-input\":{\"@type\":\"PropertyValueSpecification\",\"valueRequired\":true,\"valueName\":\"search_term_string\"}}],\"inLanguage\":\"pt-BR\"},{\"@type\":\"Organization\",\"@id\":\"https:\\\/\\\/transamerica93.com.br\\\/home\\\/#organization\",\"name\":\"Transam\u00e9rica Mococa 93,3\",\"url\":\"https:\\\/\\\/transamerica93.com.br\\\/home\\\/\",\"logo\":{\"@type\":\"ImageObject\",\"inLanguage\":\"pt-BR\",\"@id\":\"https:\\\/\\\/transamerica93.com.br\\\/home\\\/#\\\/schema\\\/logo\\\/image\\\/\",\"url\":\"https:\\\/\\\/transamerica93.com.br\\\/home\\\/wp-content\\\/uploads\\\/2023\\\/10\\\/logo2.png\",\"contentUrl\":\"https:\\\/\\\/transamerica93.com.br\\\/home\\\/wp-content\\\/uploads\\\/2023\\\/10\\\/logo2.png\",\"width\":800,\"height\":500,\"caption\":\"Transam\u00e9rica Mococa 93,3\"},\"image\":{\"@id\":\"https:\\\/\\\/transamerica93.com.br\\\/home\\\/#\\\/schema\\\/logo\\\/image\\\/\"},\"sameAs\":[\"https:\\\/\\\/www.facebook.com\\\/transamericamococa\",\"https:\\\/\\\/x.com\\\/transamerica933\",\"https:\\\/\\\/www.instagram.com\\\/transamericamococa\"]},{\"@type\":\"Person\",\"@id\":\"https:\\\/\\\/transamerica93.com.br\\\/home\\\/#\\\/schema\\\/person\\\/7fed7c99c0d4562efa8561bc0f543172\",\"name\":\"Reda\u00e7\u00e3o\",\"image\":{\"@type\":\"ImageObject\",\"inLanguage\":\"pt-BR\",\"@id\":\"https:\\\/\\\/secure.gravatar.com\\\/avatar\\\/1072c6b775fb02ef8506ce967551d95926669a6b7d2c2147b42eea4d7c68395e?s=96&d=mm&r=g\",\"url\":\"https:\\\/\\\/secure.gravatar.com\\\/avatar\\\/1072c6b775fb02ef8506ce967551d95926669a6b7d2c2147b42eea4d7c68395e?s=96&d=mm&r=g\",\"contentUrl\":\"https:\\\/\\\/secure.gravatar.com\\\/avatar\\\/1072c6b775fb02ef8506ce967551d95926669a6b7d2c2147b42eea4d7c68395e?s=96&d=mm&r=g\",\"caption\":\"Reda\u00e7\u00e3o\"},\"sameAs\":[\"https:\\\/\\\/transamerica93.com.br\\\/home\"],\"url\":\"https:\\\/\\\/transamerica93.com.br\\\/home\\\/author\\\/william\\\/\"}]}<\/script>\n<!-- \/ Yoast SEO plugin. -->","yoast_head_json":{"title":"Mulheres negras querem mais participa\u00e7\u00e3o em decis\u00f5es sobre o clima - Transam\u00e9rica Mococa 93,3","robots":{"index":"index","follow":"follow","max-snippet":"max-snippet:-1","max-image-preview":"max-image-preview:large","max-video-preview":"max-video-preview:-1"},"canonical":"https:\/\/transamerica93.com.br\/home\/mulheres-negras-querem-mais-participacao-em-decisoes-sobre-o-clima\/","og_locale":"pt_BR","og_type":"article","og_title":"Mulheres negras querem mais participa\u00e7\u00e3o em decis\u00f5es sobre o clima - Transam\u00e9rica Mococa 93,3","og_description":"Os impactos dos direitos ambientais e a justi\u00e7a clim\u00e1tica sobre a popula\u00e7\u00e3o negra reuniu neste final de semana, no bairro do Flamengo, na zona sul do Rio de Janeiro, ativistas, especialistas e defensoras dessas quest\u00f5es no\u00a0primeiro encontro, de uma s\u00e9rie de quatro, realizado pela ONG Criola, com o tema Mulheres Negras Construindo o Futuro com &hellip;","og_url":"https:\/\/transamerica93.com.br\/home\/mulheres-negras-querem-mais-participacao-em-decisoes-sobre-o-clima\/","og_site_name":"Transam\u00e9rica Mococa 93,3","article_publisher":"https:\/\/www.facebook.com\/transamericamococa","article_published_time":"2025-06-17T12:00:03+00:00","og_image":[{"width":1170,"height":700,"url":"https:\/\/transamerica93.com.br\/home\/wp-content\/uploads\/2025\/05\/1-137.jpg","type":"image\/jpeg"}],"author":"Reda\u00e7\u00e3o","twitter_card":"summary_large_image","twitter_creator":"@transamerica933","twitter_site":"@transamerica933","twitter_misc":{"Escrito por":"Reda\u00e7\u00e3o","Est. tempo de leitura":"3 minutos"},"schema":{"@context":"https:\/\/schema.org","@graph":[{"@type":"Article","@id":"https:\/\/transamerica93.com.br\/home\/mulheres-negras-querem-mais-participacao-em-decisoes-sobre-o-clima\/#article","isPartOf":{"@id":"https:\/\/transamerica93.com.br\/home\/mulheres-negras-querem-mais-participacao-em-decisoes-sobre-o-clima\/"},"author":{"name":"Reda\u00e7\u00e3o","@id":"https:\/\/transamerica93.com.br\/home\/#\/schema\/person\/7fed7c99c0d4562efa8561bc0f543172"},"headline":"Mulheres negras querem mais participa\u00e7\u00e3o em decis\u00f5es sobre o clima","datePublished":"2025-06-17T12:00:03+00:00","mainEntityOfPage":{"@id":"https:\/\/transamerica93.com.br\/home\/mulheres-negras-querem-mais-participacao-em-decisoes-sobre-o-clima\/"},"wordCount":551,"publisher":{"@id":"https:\/\/transamerica93.com.br\/home\/#organization"},"image":{"@id":"https:\/\/transamerica93.com.br\/home\/mulheres-negras-querem-mais-participacao-em-decisoes-sobre-o-clima\/#primaryimage"},"thumbnailUrl":"https:\/\/transamerica93.com.br\/home\/wp-content\/uploads\/2025\/05\/1-137.jpg","articleSection":["Geral"],"inLanguage":"pt-BR"},{"@type":"WebPage","@id":"https:\/\/transamerica93.com.br\/home\/mulheres-negras-querem-mais-participacao-em-decisoes-sobre-o-clima\/","url":"https:\/\/transamerica93.com.br\/home\/mulheres-negras-querem-mais-participacao-em-decisoes-sobre-o-clima\/","name":"Mulheres negras querem mais participa\u00e7\u00e3o em decis\u00f5es sobre o clima - Transam\u00e9rica Mococa 93,3","isPartOf":{"@id":"https:\/\/transamerica93.com.br\/home\/#website"},"primaryImageOfPage":{"@id":"https:\/\/transamerica93.com.br\/home\/mulheres-negras-querem-mais-participacao-em-decisoes-sobre-o-clima\/#primaryimage"},"image":{"@id":"https:\/\/transamerica93.com.br\/home\/mulheres-negras-querem-mais-participacao-em-decisoes-sobre-o-clima\/#primaryimage"},"thumbnailUrl":"https:\/\/transamerica93.com.br\/home\/wp-content\/uploads\/2025\/05\/1-137.jpg","datePublished":"2025-06-17T12:00:03+00:00","breadcrumb":{"@id":"https:\/\/transamerica93.com.br\/home\/mulheres-negras-querem-mais-participacao-em-decisoes-sobre-o-clima\/#breadcrumb"},"inLanguage":"pt-BR","potentialAction":[{"@type":"ReadAction","target":["https:\/\/transamerica93.com.br\/home\/mulheres-negras-querem-mais-participacao-em-decisoes-sobre-o-clima\/"]}]},{"@type":"ImageObject","inLanguage":"pt-BR","@id":"https:\/\/transamerica93.com.br\/home\/mulheres-negras-querem-mais-participacao-em-decisoes-sobre-o-clima\/#primaryimage","url":"https:\/\/transamerica93.com.br\/home\/wp-content\/uploads\/2025\/05\/1-137.jpg","contentUrl":"https:\/\/transamerica93.com.br\/home\/wp-content\/uploads\/2025\/05\/1-137.jpg","width":1170,"height":700,"caption":"\u00a9 Mariana Nogueira - Acervo Criola"},{"@type":"BreadcrumbList","@id":"https:\/\/transamerica93.com.br\/home\/mulheres-negras-querem-mais-participacao-em-decisoes-sobre-o-clima\/#breadcrumb","itemListElement":[{"@type":"ListItem","position":1,"name":"In\u00edcio","item":"https:\/\/transamerica93.com.br\/home\/"},{"@type":"ListItem","position":2,"name":"Mulheres negras querem mais participa\u00e7\u00e3o em decis\u00f5es sobre o clima"}]},{"@type":"WebSite","@id":"https:\/\/transamerica93.com.br\/home\/#website","url":"https:\/\/transamerica93.com.br\/home\/","name":"Transam\u00e9rica Mococa 93,3","description":"","publisher":{"@id":"https:\/\/transamerica93.com.br\/home\/#organization"},"potentialAction":[{"@type":"SearchAction","target":{"@type":"EntryPoint","urlTemplate":"https:\/\/transamerica93.com.br\/home\/?s={search_term_string}"},"query-input":{"@type":"PropertyValueSpecification","valueRequired":true,"valueName":"search_term_string"}}],"inLanguage":"pt-BR"},{"@type":"Organization","@id":"https:\/\/transamerica93.com.br\/home\/#organization","name":"Transam\u00e9rica Mococa 93,3","url":"https:\/\/transamerica93.com.br\/home\/","logo":{"@type":"ImageObject","inLanguage":"pt-BR","@id":"https:\/\/transamerica93.com.br\/home\/#\/schema\/logo\/image\/","url":"https:\/\/transamerica93.com.br\/home\/wp-content\/uploads\/2023\/10\/logo2.png","contentUrl":"https:\/\/transamerica93.com.br\/home\/wp-content\/uploads\/2023\/10\/logo2.png","width":800,"height":500,"caption":"Transam\u00e9rica Mococa 93,3"},"image":{"@id":"https:\/\/transamerica93.com.br\/home\/#\/schema\/logo\/image\/"},"sameAs":["https:\/\/www.facebook.com\/transamericamococa","https:\/\/x.com\/transamerica933","https:\/\/www.instagram.com\/transamericamococa"]},{"@type":"Person","@id":"https:\/\/transamerica93.com.br\/home\/#\/schema\/person\/7fed7c99c0d4562efa8561bc0f543172","name":"Reda\u00e7\u00e3o","image":{"@type":"ImageObject","inLanguage":"pt-BR","@id":"https:\/\/secure.gravatar.com\/avatar\/1072c6b775fb02ef8506ce967551d95926669a6b7d2c2147b42eea4d7c68395e?s=96&d=mm&r=g","url":"https:\/\/secure.gravatar.com\/avatar\/1072c6b775fb02ef8506ce967551d95926669a6b7d2c2147b42eea4d7c68395e?s=96&d=mm&r=g","contentUrl":"https:\/\/secure.gravatar.com\/avatar\/1072c6b775fb02ef8506ce967551d95926669a6b7d2c2147b42eea4d7c68395e?s=96&d=mm&r=g","caption":"Reda\u00e7\u00e3o"},"sameAs":["https:\/\/transamerica93.com.br\/home"],"url":"https:\/\/transamerica93.com.br\/home\/author\/william\/"}]}},"_links":{"self":[{"href":"https:\/\/transamerica93.com.br\/home\/wp-json\/wp\/v2\/posts\/5687","targetHints":{"allow":["GET"]}}],"collection":[{"href":"https:\/\/transamerica93.com.br\/home\/wp-json\/wp\/v2\/posts"}],"about":[{"href":"https:\/\/transamerica93.com.br\/home\/wp-json\/wp\/v2\/types\/post"}],"author":[{"embeddable":true,"href":"https:\/\/transamerica93.com.br\/home\/wp-json\/wp\/v2\/users\/1"}],"replies":[{"embeddable":true,"href":"https:\/\/transamerica93.com.br\/home\/wp-json\/wp\/v2\/comments?post=5687"}],"version-history":[{"count":1,"href":"https:\/\/transamerica93.com.br\/home\/wp-json\/wp\/v2\/posts\/5687\/revisions"}],"predecessor-version":[{"id":5689,"href":"https:\/\/transamerica93.com.br\/home\/wp-json\/wp\/v2\/posts\/5687\/revisions\/5689"}],"wp:featuredmedia":[{"embeddable":true,"href":"https:\/\/transamerica93.com.br\/home\/wp-json\/wp\/v2\/media\/5688"}],"wp:attachment":[{"href":"https:\/\/transamerica93.com.br\/home\/wp-json\/wp\/v2\/media?parent=5687"}],"wp:term":[{"taxonomy":"category","embeddable":true,"href":"https:\/\/transamerica93.com.br\/home\/wp-json\/wp\/v2\/categories?post=5687"},{"taxonomy":"post_tag","embeddable":true,"href":"https:\/\/transamerica93.com.br\/home\/wp-json\/wp\/v2\/tags?post=5687"}],"curies":[{"name":"wp","href":"https:\/\/api.w.org\/{rel}","templated":true}]}}