{"id":5696,"date":"2025-06-20T09:00:42","date_gmt":"2025-06-20T12:00:42","guid":{"rendered":"https:\/\/transamerica93.com.br\/home\/?p=5696"},"modified":"2025-05-25T17:15:50","modified_gmt":"2025-05-25T20:15:50","slug":"inss-volta-a-autorizar-emprestimos-mediante-cadastramento-biometrico","status":"publish","type":"post","link":"https:\/\/transamerica93.com.br\/home\/inss-volta-a-autorizar-emprestimos-mediante-cadastramento-biometrico\/","title":{"rendered":"INSS volta a autorizar empr\u00e9stimos mediante cadastramento biom\u00e9trico"},"content":{"rendered":"<p>Os benefici\u00e1rios do Instituto Nacional do Seguro Social (INSS) que quiserem contratar novos empr\u00e9stimos consignados ter\u00e3o que cadastrar seus dados biom\u00e9tricos na plataforma Meu INSS, na internet.<img decoding=\"async\" data-src=\"https:\/\/agenciabrasil.ebc.com.br\/ebc.png?id=1643906&amp;o=node\" src=\"data:image\/svg+xml;base64,PHN2ZyB3aWR0aD0iMSIgaGVpZ2h0PSIxIiB4bWxucz0iaHR0cDovL3d3dy53My5vcmcvMjAwMC9zdmciPjwvc3ZnPg==\" class=\"lazyload\" \/><img decoding=\"async\" data-src=\"https:\/\/agenciabrasil.ebc.com.br\/ebc.gif?id=1643906&amp;o=node\" src=\"data:image\/svg+xml;base64,PHN2ZyB3aWR0aD0iMSIgaGVpZ2h0PSIxIiB4bWxucz0iaHR0cDovL3d3dy53My5vcmcvMjAwMC9zdmciPjwvc3ZnPg==\" class=\"lazyload\" \/><\/p>\n<p>A medida de seguran\u00e7a foi anunciada), por meio de um despacho <a href=\"https:\/\/agenciabrasil.ebc.com.br\/geral\/noticia\/2025-05\/inss-exigira-identificacao-biometrica-para-desbloquear-consignados\" target=\"_blank\" rel=\"noopener\">publicado no<em>\u00a0Di\u00e1rio Oficial da Uni\u00e3o<\/em><\/a>.<\/p>\n<p>Assinado pelo presidente do instituto, Gilberto Waller Junior, o documento estabelece que a identifica\u00e7\u00e3o biom\u00e9trica de aposentados e pensionistas do Regime Geral da Previd\u00eancia Social atende \u00e0 necessidade de avalia\u00e7\u00e3o do servi\u00e7o de\u00a0<strong>desbloqueio de benef\u00edcios para empr\u00e9stimos consignados<\/strong>, com o\u00a0<strong>objetivo de mapear vulnerabilidades operacionais e implementar medidas corretivas e aprimoramentos, garantindo maior seguran\u00e7a e conformidade aos processos envolvidos.<\/strong><\/p>\n<p>A concess\u00e3o de novas autoriza\u00e7\u00f5es para empr\u00e9stimos consignados para aposentados e pensionistas\u00a0<a href=\"https:\/\/agenciabrasil.ebc.com.br\/geral\/noticia\/2025-05\/inss-bloqueia-novas-autorizacoes-de-emprestimo-consignado-pensionistas\" target=\"_blank\" rel=\"noopener\">estava bloqueada<\/a>\u00a0desde o \u00faltimo dia 8.<\/p>\n<p><a href=\"https:\/\/www.whatsapp.com\/channel\/0029VaoRTgrInlqYLSk59B2M\" target=\"_blank\" rel=\"noopener\">&gt;&gt; Siga o canal da<strong>\u00a0Ag\u00eancia Brasil n<\/strong>o WhatsApp<\/a><\/p>\n<p>Anunciado em meio \u00e0s investiga\u00e7\u00f5es de irregularidades na cobran\u00e7a de mensalidades associativas e empr\u00e9stimos consignados, o\u00a0<strong>bloqueio\u00a0<\/strong>atendeu a uma\u00a0<strong>determina\u00e7\u00e3o do Tribunal de Contas da Uni\u00e3o (TCU), de junho do ano passado.<\/strong><\/p>\n<p>Ao apurar den\u00fancias de descontos n\u00e3o autorizados por aposentados e pensionistas e encontrar ind\u00edcios de irregularidades, o\u00a0<strong>TCU determinou que o INSS s\u00f3 permitisse as cobran\u00e7as em folha em favor de sindicatos e entidades sociais\u00a0<\/strong>mediante a obten\u00e7\u00e3o e confer\u00eancia da assinatura eletr\u00f4nica avan\u00e7ada e dados biom\u00e9tricos do benefici\u00e1rio<strong>.<\/strong>\u00a0A determina\u00e7\u00e3o valia tanto para as mensalidades de filia\u00e7\u00e3o \u00e0s entidades, quanto para empr\u00e9stimos consignados.<\/p>\n<p>O\u00a0<strong>instituto<\/strong>\u00a0recorreu das determina\u00e7\u00f5es, alegando, entre outras coisas, que as autoriza\u00e7\u00f5es para empr\u00e9stimos consignados j\u00e1 passavam por mecanismos de controle mais eficazes que aqueles a que s\u00e3o submetidas autoriza\u00e7\u00f5es para descontos de mensalidades associativas em folha. No entanto, um dia antes do INSS anunciar o bloqueio dos consignados, o TCU negou o recurso, mantendo as determina\u00e7\u00f5es.<\/p>\n<p>O\u00a0<strong>INSS alerta que n\u00e3o realiza atendimento por meio de redes sociais ou aplicativos como o WhatsApp<\/strong>, nem pede aos benefici\u00e1rios enviem documentos pessoais, fotos, senhas ou dados banc\u00e1rios por estes canais de comunica\u00e7\u00e3o. Todos os servi\u00e7os e informa\u00e7\u00f5es sobre\u00a0<strong>benef\u00edcios devem ser acessados apenas pelos canais oficiais<\/strong>, como o\u00a0<a href=\"http:\/\/gov.br\/meuinss\" target=\"_blank\" rel=\"noopener\"><em>site<\/em><\/a>, o Aplicativo Meu INSS ou o telefone 135.<\/p>\n<div class=\"noticias-relacionadas rel-position rowflex\">\n<div class=\"title abs-position\">Relacionadas<\/div>\n<div class=\"capa-noticia-relacionada\"><\/div>\n<\/div>\n","protected":false},"excerpt":{"rendered":"<p>Os benefici\u00e1rios do Instituto Nacional do Seguro Social (INSS) que quiserem contratar novos empr\u00e9stimos consignados ter\u00e3o que cadastrar seus dados biom\u00e9tricos na plataforma Meu INSS, na internet. A medida de seguran\u00e7a foi anunciada), por meio de um despacho publicado no\u00a0Di\u00e1rio Oficial da Uni\u00e3o. Assinado pelo presidente do instituto, Gilberto Waller Junior, o documento estabelece que &hellip;<\/p>\n","protected":false},"author":1,"featured_media":5697,"comment_status":"closed","ping_status":"closed","sticky":false,"template":"","format":"standard","meta":{"footnotes":""},"categories":[30],"tags":[],"class_list":["post-5696","post","type-post","status-publish","format-standard","has-post-thumbnail","hentry","category-geral"],"yoast_head":"<!-- This site is optimized with the Yoast SEO plugin v27.4 - https:\/\/yoast.com\/product\/yoast-seo-wordpress\/ -->\n<title>INSS volta a autorizar empr\u00e9stimos mediante cadastramento biom\u00e9trico - Transam\u00e9rica Mococa 93,3<\/title>\n<meta name=\"robots\" content=\"index, follow, max-snippet:-1, max-image-preview:large, max-video-preview:-1\" \/>\n<link rel=\"canonical\" href=\"https:\/\/transamerica93.com.br\/home\/inss-volta-a-autorizar-emprestimos-mediante-cadastramento-biometrico\/\" \/>\n<meta property=\"og:locale\" content=\"pt_BR\" \/>\n<meta property=\"og:type\" content=\"article\" \/>\n<meta property=\"og:title\" content=\"INSS volta a autorizar empr\u00e9stimos mediante cadastramento biom\u00e9trico - Transam\u00e9rica Mococa 93,3\" \/>\n<meta property=\"og:description\" content=\"Os benefici\u00e1rios do Instituto Nacional do Seguro Social (INSS) que quiserem contratar novos empr\u00e9stimos consignados ter\u00e3o que cadastrar seus dados biom\u00e9tricos na plataforma Meu INSS, na internet. A medida de seguran\u00e7a foi anunciada), por meio de um despacho publicado no\u00a0Di\u00e1rio Oficial da Uni\u00e3o. Assinado pelo presidente do instituto, Gilberto Waller Junior, o documento estabelece que &hellip;\" \/>\n<meta property=\"og:url\" content=\"https:\/\/transamerica93.com.br\/home\/inss-volta-a-autorizar-emprestimos-mediante-cadastramento-biometrico\/\" \/>\n<meta property=\"og:site_name\" content=\"Transam\u00e9rica Mococa 93,3\" \/>\n<meta property=\"article:publisher\" content=\"https:\/\/www.facebook.com\/transamericamococa\" \/>\n<meta property=\"article:published_time\" content=\"2025-06-20T12:00:42+00:00\" \/>\n<meta property=\"og:image\" content=\"https:\/\/transamerica93.com.br\/home\/wp-content\/uploads\/2025\/05\/1-140.jpg\" \/>\n\t<meta property=\"og:image:width\" content=\"1170\" \/>\n\t<meta property=\"og:image:height\" content=\"700\" \/>\n\t<meta property=\"og:image:type\" content=\"image\/jpeg\" \/>\n<meta name=\"author\" content=\"Reda\u00e7\u00e3o\" \/>\n<meta name=\"twitter:card\" content=\"summary_large_image\" \/>\n<meta name=\"twitter:creator\" content=\"@transamerica933\" \/>\n<meta name=\"twitter:site\" content=\"@transamerica933\" \/>\n<meta name=\"twitter:label1\" content=\"Escrito por\" \/>\n\t<meta name=\"twitter:data1\" content=\"Reda\u00e7\u00e3o\" \/>\n\t<meta name=\"twitter:label2\" content=\"Est. tempo de leitura\" \/>\n\t<meta name=\"twitter:data2\" content=\"3 minutos\" \/>\n<script type=\"application\/ld+json\" class=\"yoast-schema-graph\">{\"@context\":\"https:\\\/\\\/schema.org\",\"@graph\":[{\"@type\":\"Article\",\"@id\":\"https:\\\/\\\/transamerica93.com.br\\\/home\\\/inss-volta-a-autorizar-emprestimos-mediante-cadastramento-biometrico\\\/#article\",\"isPartOf\":{\"@id\":\"https:\\\/\\\/transamerica93.com.br\\\/home\\\/inss-volta-a-autorizar-emprestimos-mediante-cadastramento-biometrico\\\/\"},\"author\":{\"name\":\"Reda\u00e7\u00e3o\",\"@id\":\"https:\\\/\\\/transamerica93.com.br\\\/home\\\/#\\\/schema\\\/person\\\/7fed7c99c0d4562efa8561bc0f543172\"},\"headline\":\"INSS volta a autorizar empr\u00e9stimos mediante cadastramento biom\u00e9trico\",\"datePublished\":\"2025-06-20T12:00:42+00:00\",\"mainEntityOfPage\":{\"@id\":\"https:\\\/\\\/transamerica93.com.br\\\/home\\\/inss-volta-a-autorizar-emprestimos-mediante-cadastramento-biometrico\\\/\"},\"wordCount\":404,\"publisher\":{\"@id\":\"https:\\\/\\\/transamerica93.com.br\\\/home\\\/#organization\"},\"image\":{\"@id\":\"https:\\\/\\\/transamerica93.com.br\\\/home\\\/inss-volta-a-autorizar-emprestimos-mediante-cadastramento-biometrico\\\/#primaryimage\"},\"thumbnailUrl\":\"https:\\\/\\\/transamerica93.com.br\\\/home\\\/wp-content\\\/uploads\\\/2025\\\/05\\\/1-140.jpg\",\"articleSection\":[\"Geral\"],\"inLanguage\":\"pt-BR\"},{\"@type\":\"WebPage\",\"@id\":\"https:\\\/\\\/transamerica93.com.br\\\/home\\\/inss-volta-a-autorizar-emprestimos-mediante-cadastramento-biometrico\\\/\",\"url\":\"https:\\\/\\\/transamerica93.com.br\\\/home\\\/inss-volta-a-autorizar-emprestimos-mediante-cadastramento-biometrico\\\/\",\"name\":\"INSS volta a autorizar empr\u00e9stimos mediante cadastramento biom\u00e9trico - Transam\u00e9rica Mococa 93,3\",\"isPartOf\":{\"@id\":\"https:\\\/\\\/transamerica93.com.br\\\/home\\\/#website\"},\"primaryImageOfPage\":{\"@id\":\"https:\\\/\\\/transamerica93.com.br\\\/home\\\/inss-volta-a-autorizar-emprestimos-mediante-cadastramento-biometrico\\\/#primaryimage\"},\"image\":{\"@id\":\"https:\\\/\\\/transamerica93.com.br\\\/home\\\/inss-volta-a-autorizar-emprestimos-mediante-cadastramento-biometrico\\\/#primaryimage\"},\"thumbnailUrl\":\"https:\\\/\\\/transamerica93.com.br\\\/home\\\/wp-content\\\/uploads\\\/2025\\\/05\\\/1-140.jpg\",\"datePublished\":\"2025-06-20T12:00:42+00:00\",\"breadcrumb\":{\"@id\":\"https:\\\/\\\/transamerica93.com.br\\\/home\\\/inss-volta-a-autorizar-emprestimos-mediante-cadastramento-biometrico\\\/#breadcrumb\"},\"inLanguage\":\"pt-BR\",\"potentialAction\":[{\"@type\":\"ReadAction\",\"target\":[\"https:\\\/\\\/transamerica93.com.br\\\/home\\\/inss-volta-a-autorizar-emprestimos-mediante-cadastramento-biometrico\\\/\"]}]},{\"@type\":\"ImageObject\",\"inLanguage\":\"pt-BR\",\"@id\":\"https:\\\/\\\/transamerica93.com.br\\\/home\\\/inss-volta-a-autorizar-emprestimos-mediante-cadastramento-biometrico\\\/#primaryimage\",\"url\":\"https:\\\/\\\/transamerica93.com.br\\\/home\\\/wp-content\\\/uploads\\\/2025\\\/05\\\/1-140.jpg\",\"contentUrl\":\"https:\\\/\\\/transamerica93.com.br\\\/home\\\/wp-content\\\/uploads\\\/2025\\\/05\\\/1-140.jpg\",\"width\":1170,\"height\":700,\"caption\":\"\u00a9 Antonio Cruz\\\/Ag\u00eancia Brasil\"},{\"@type\":\"BreadcrumbList\",\"@id\":\"https:\\\/\\\/transamerica93.com.br\\\/home\\\/inss-volta-a-autorizar-emprestimos-mediante-cadastramento-biometrico\\\/#breadcrumb\",\"itemListElement\":[{\"@type\":\"ListItem\",\"position\":1,\"name\":\"In\u00edcio\",\"item\":\"https:\\\/\\\/transamerica93.com.br\\\/home\\\/\"},{\"@type\":\"ListItem\",\"position\":2,\"name\":\"INSS volta a autorizar empr\u00e9stimos mediante cadastramento biom\u00e9trico\"}]},{\"@type\":\"WebSite\",\"@id\":\"https:\\\/\\\/transamerica93.com.br\\\/home\\\/#website\",\"url\":\"https:\\\/\\\/transamerica93.com.br\\\/home\\\/\",\"name\":\"Transam\u00e9rica Mococa 93,3\",\"description\":\"\",\"publisher\":{\"@id\":\"https:\\\/\\\/transamerica93.com.br\\\/home\\\/#organization\"},\"potentialAction\":[{\"@type\":\"SearchAction\",\"target\":{\"@type\":\"EntryPoint\",\"urlTemplate\":\"https:\\\/\\\/transamerica93.com.br\\\/home\\\/?s={search_term_string}\"},\"query-input\":{\"@type\":\"PropertyValueSpecification\",\"valueRequired\":true,\"valueName\":\"search_term_string\"}}],\"inLanguage\":\"pt-BR\"},{\"@type\":\"Organization\",\"@id\":\"https:\\\/\\\/transamerica93.com.br\\\/home\\\/#organization\",\"name\":\"Transam\u00e9rica Mococa 93,3\",\"url\":\"https:\\\/\\\/transamerica93.com.br\\\/home\\\/\",\"logo\":{\"@type\":\"ImageObject\",\"inLanguage\":\"pt-BR\",\"@id\":\"https:\\\/\\\/transamerica93.com.br\\\/home\\\/#\\\/schema\\\/logo\\\/image\\\/\",\"url\":\"https:\\\/\\\/transamerica93.com.br\\\/home\\\/wp-content\\\/uploads\\\/2023\\\/10\\\/logo2.png\",\"contentUrl\":\"https:\\\/\\\/transamerica93.com.br\\\/home\\\/wp-content\\\/uploads\\\/2023\\\/10\\\/logo2.png\",\"width\":800,\"height\":500,\"caption\":\"Transam\u00e9rica Mococa 93,3\"},\"image\":{\"@id\":\"https:\\\/\\\/transamerica93.com.br\\\/home\\\/#\\\/schema\\\/logo\\\/image\\\/\"},\"sameAs\":[\"https:\\\/\\\/www.facebook.com\\\/transamericamococa\",\"https:\\\/\\\/x.com\\\/transamerica933\",\"https:\\\/\\\/www.instagram.com\\\/transamericamococa\"]},{\"@type\":\"Person\",\"@id\":\"https:\\\/\\\/transamerica93.com.br\\\/home\\\/#\\\/schema\\\/person\\\/7fed7c99c0d4562efa8561bc0f543172\",\"name\":\"Reda\u00e7\u00e3o\",\"image\":{\"@type\":\"ImageObject\",\"inLanguage\":\"pt-BR\",\"@id\":\"https:\\\/\\\/secure.gravatar.com\\\/avatar\\\/1072c6b775fb02ef8506ce967551d95926669a6b7d2c2147b42eea4d7c68395e?s=96&d=mm&r=g\",\"url\":\"https:\\\/\\\/secure.gravatar.com\\\/avatar\\\/1072c6b775fb02ef8506ce967551d95926669a6b7d2c2147b42eea4d7c68395e?s=96&d=mm&r=g\",\"contentUrl\":\"https:\\\/\\\/secure.gravatar.com\\\/avatar\\\/1072c6b775fb02ef8506ce967551d95926669a6b7d2c2147b42eea4d7c68395e?s=96&d=mm&r=g\",\"caption\":\"Reda\u00e7\u00e3o\"},\"sameAs\":[\"https:\\\/\\\/transamerica93.com.br\\\/home\"],\"url\":\"https:\\\/\\\/transamerica93.com.br\\\/home\\\/author\\\/william\\\/\"}]}<\/script>\n<!-- \/ Yoast SEO plugin. -->","yoast_head_json":{"title":"INSS volta a autorizar empr\u00e9stimos mediante cadastramento biom\u00e9trico - Transam\u00e9rica Mococa 93,3","robots":{"index":"index","follow":"follow","max-snippet":"max-snippet:-1","max-image-preview":"max-image-preview:large","max-video-preview":"max-video-preview:-1"},"canonical":"https:\/\/transamerica93.com.br\/home\/inss-volta-a-autorizar-emprestimos-mediante-cadastramento-biometrico\/","og_locale":"pt_BR","og_type":"article","og_title":"INSS volta a autorizar empr\u00e9stimos mediante cadastramento biom\u00e9trico - Transam\u00e9rica Mococa 93,3","og_description":"Os benefici\u00e1rios do Instituto Nacional do Seguro Social (INSS) que quiserem contratar novos empr\u00e9stimos consignados ter\u00e3o que cadastrar seus dados biom\u00e9tricos na plataforma Meu INSS, na internet. A medida de seguran\u00e7a foi anunciada), por meio de um despacho publicado no\u00a0Di\u00e1rio Oficial da Uni\u00e3o. Assinado pelo presidente do instituto, Gilberto Waller Junior, o documento estabelece que &hellip;","og_url":"https:\/\/transamerica93.com.br\/home\/inss-volta-a-autorizar-emprestimos-mediante-cadastramento-biometrico\/","og_site_name":"Transam\u00e9rica Mococa 93,3","article_publisher":"https:\/\/www.facebook.com\/transamericamococa","article_published_time":"2025-06-20T12:00:42+00:00","og_image":[{"width":1170,"height":700,"url":"https:\/\/transamerica93.com.br\/home\/wp-content\/uploads\/2025\/05\/1-140.jpg","type":"image\/jpeg"}],"author":"Reda\u00e7\u00e3o","twitter_card":"summary_large_image","twitter_creator":"@transamerica933","twitter_site":"@transamerica933","twitter_misc":{"Escrito por":"Reda\u00e7\u00e3o","Est. tempo de leitura":"3 minutos"},"schema":{"@context":"https:\/\/schema.org","@graph":[{"@type":"Article","@id":"https:\/\/transamerica93.com.br\/home\/inss-volta-a-autorizar-emprestimos-mediante-cadastramento-biometrico\/#article","isPartOf":{"@id":"https:\/\/transamerica93.com.br\/home\/inss-volta-a-autorizar-emprestimos-mediante-cadastramento-biometrico\/"},"author":{"name":"Reda\u00e7\u00e3o","@id":"https:\/\/transamerica93.com.br\/home\/#\/schema\/person\/7fed7c99c0d4562efa8561bc0f543172"},"headline":"INSS volta a autorizar empr\u00e9stimos mediante cadastramento biom\u00e9trico","datePublished":"2025-06-20T12:00:42+00:00","mainEntityOfPage":{"@id":"https:\/\/transamerica93.com.br\/home\/inss-volta-a-autorizar-emprestimos-mediante-cadastramento-biometrico\/"},"wordCount":404,"publisher":{"@id":"https:\/\/transamerica93.com.br\/home\/#organization"},"image":{"@id":"https:\/\/transamerica93.com.br\/home\/inss-volta-a-autorizar-emprestimos-mediante-cadastramento-biometrico\/#primaryimage"},"thumbnailUrl":"https:\/\/transamerica93.com.br\/home\/wp-content\/uploads\/2025\/05\/1-140.jpg","articleSection":["Geral"],"inLanguage":"pt-BR"},{"@type":"WebPage","@id":"https:\/\/transamerica93.com.br\/home\/inss-volta-a-autorizar-emprestimos-mediante-cadastramento-biometrico\/","url":"https:\/\/transamerica93.com.br\/home\/inss-volta-a-autorizar-emprestimos-mediante-cadastramento-biometrico\/","name":"INSS volta a autorizar empr\u00e9stimos mediante cadastramento biom\u00e9trico - Transam\u00e9rica Mococa 93,3","isPartOf":{"@id":"https:\/\/transamerica93.com.br\/home\/#website"},"primaryImageOfPage":{"@id":"https:\/\/transamerica93.com.br\/home\/inss-volta-a-autorizar-emprestimos-mediante-cadastramento-biometrico\/#primaryimage"},"image":{"@id":"https:\/\/transamerica93.com.br\/home\/inss-volta-a-autorizar-emprestimos-mediante-cadastramento-biometrico\/#primaryimage"},"thumbnailUrl":"https:\/\/transamerica93.com.br\/home\/wp-content\/uploads\/2025\/05\/1-140.jpg","datePublished":"2025-06-20T12:00:42+00:00","breadcrumb":{"@id":"https:\/\/transamerica93.com.br\/home\/inss-volta-a-autorizar-emprestimos-mediante-cadastramento-biometrico\/#breadcrumb"},"inLanguage":"pt-BR","potentialAction":[{"@type":"ReadAction","target":["https:\/\/transamerica93.com.br\/home\/inss-volta-a-autorizar-emprestimos-mediante-cadastramento-biometrico\/"]}]},{"@type":"ImageObject","inLanguage":"pt-BR","@id":"https:\/\/transamerica93.com.br\/home\/inss-volta-a-autorizar-emprestimos-mediante-cadastramento-biometrico\/#primaryimage","url":"https:\/\/transamerica93.com.br\/home\/wp-content\/uploads\/2025\/05\/1-140.jpg","contentUrl":"https:\/\/transamerica93.com.br\/home\/wp-content\/uploads\/2025\/05\/1-140.jpg","width":1170,"height":700,"caption":"\u00a9 Antonio Cruz\/Ag\u00eancia Brasil"},{"@type":"BreadcrumbList","@id":"https:\/\/transamerica93.com.br\/home\/inss-volta-a-autorizar-emprestimos-mediante-cadastramento-biometrico\/#breadcrumb","itemListElement":[{"@type":"ListItem","position":1,"name":"In\u00edcio","item":"https:\/\/transamerica93.com.br\/home\/"},{"@type":"ListItem","position":2,"name":"INSS volta a autorizar empr\u00e9stimos mediante cadastramento biom\u00e9trico"}]},{"@type":"WebSite","@id":"https:\/\/transamerica93.com.br\/home\/#website","url":"https:\/\/transamerica93.com.br\/home\/","name":"Transam\u00e9rica Mococa 93,3","description":"","publisher":{"@id":"https:\/\/transamerica93.com.br\/home\/#organization"},"potentialAction":[{"@type":"SearchAction","target":{"@type":"EntryPoint","urlTemplate":"https:\/\/transamerica93.com.br\/home\/?s={search_term_string}"},"query-input":{"@type":"PropertyValueSpecification","valueRequired":true,"valueName":"search_term_string"}}],"inLanguage":"pt-BR"},{"@type":"Organization","@id":"https:\/\/transamerica93.com.br\/home\/#organization","name":"Transam\u00e9rica Mococa 93,3","url":"https:\/\/transamerica93.com.br\/home\/","logo":{"@type":"ImageObject","inLanguage":"pt-BR","@id":"https:\/\/transamerica93.com.br\/home\/#\/schema\/logo\/image\/","url":"https:\/\/transamerica93.com.br\/home\/wp-content\/uploads\/2023\/10\/logo2.png","contentUrl":"https:\/\/transamerica93.com.br\/home\/wp-content\/uploads\/2023\/10\/logo2.png","width":800,"height":500,"caption":"Transam\u00e9rica Mococa 93,3"},"image":{"@id":"https:\/\/transamerica93.com.br\/home\/#\/schema\/logo\/image\/"},"sameAs":["https:\/\/www.facebook.com\/transamericamococa","https:\/\/x.com\/transamerica933","https:\/\/www.instagram.com\/transamericamococa"]},{"@type":"Person","@id":"https:\/\/transamerica93.com.br\/home\/#\/schema\/person\/7fed7c99c0d4562efa8561bc0f543172","name":"Reda\u00e7\u00e3o","image":{"@type":"ImageObject","inLanguage":"pt-BR","@id":"https:\/\/secure.gravatar.com\/avatar\/1072c6b775fb02ef8506ce967551d95926669a6b7d2c2147b42eea4d7c68395e?s=96&d=mm&r=g","url":"https:\/\/secure.gravatar.com\/avatar\/1072c6b775fb02ef8506ce967551d95926669a6b7d2c2147b42eea4d7c68395e?s=96&d=mm&r=g","contentUrl":"https:\/\/secure.gravatar.com\/avatar\/1072c6b775fb02ef8506ce967551d95926669a6b7d2c2147b42eea4d7c68395e?s=96&d=mm&r=g","caption":"Reda\u00e7\u00e3o"},"sameAs":["https:\/\/transamerica93.com.br\/home"],"url":"https:\/\/transamerica93.com.br\/home\/author\/william\/"}]}},"_links":{"self":[{"href":"https:\/\/transamerica93.com.br\/home\/wp-json\/wp\/v2\/posts\/5696","targetHints":{"allow":["GET"]}}],"collection":[{"href":"https:\/\/transamerica93.com.br\/home\/wp-json\/wp\/v2\/posts"}],"about":[{"href":"https:\/\/transamerica93.com.br\/home\/wp-json\/wp\/v2\/types\/post"}],"author":[{"embeddable":true,"href":"https:\/\/transamerica93.com.br\/home\/wp-json\/wp\/v2\/users\/1"}],"replies":[{"embeddable":true,"href":"https:\/\/transamerica93.com.br\/home\/wp-json\/wp\/v2\/comments?post=5696"}],"version-history":[{"count":1,"href":"https:\/\/transamerica93.com.br\/home\/wp-json\/wp\/v2\/posts\/5696\/revisions"}],"predecessor-version":[{"id":5698,"href":"https:\/\/transamerica93.com.br\/home\/wp-json\/wp\/v2\/posts\/5696\/revisions\/5698"}],"wp:featuredmedia":[{"embeddable":true,"href":"https:\/\/transamerica93.com.br\/home\/wp-json\/wp\/v2\/media\/5697"}],"wp:attachment":[{"href":"https:\/\/transamerica93.com.br\/home\/wp-json\/wp\/v2\/media?parent=5696"}],"wp:term":[{"taxonomy":"category","embeddable":true,"href":"https:\/\/transamerica93.com.br\/home\/wp-json\/wp\/v2\/categories?post=5696"},{"taxonomy":"post_tag","embeddable":true,"href":"https:\/\/transamerica93.com.br\/home\/wp-json\/wp\/v2\/tags?post=5696"}],"curies":[{"name":"wp","href":"https:\/\/api.w.org\/{rel}","templated":true}]}}