{"id":5705,"date":"2025-06-18T12:00:32","date_gmt":"2025-06-18T15:00:32","guid":{"rendered":"https:\/\/transamerica93.com.br\/home\/?p=5705"},"modified":"2025-05-25T17:23:01","modified_gmt":"2025-05-25T20:23:01","slug":"cbf-em-assembleia-geral-extraordinaria-anula-estatuto-e-eleicoes-da-era-ednaldo-rodrigues","status":"publish","type":"post","link":"https:\/\/transamerica93.com.br\/home\/cbf-em-assembleia-geral-extraordinaria-anula-estatuto-e-eleicoes-da-era-ednaldo-rodrigues\/","title":{"rendered":"CBF, em Assembleia Geral Extraordin\u00e1ria, anula estatuto e elei\u00e7\u00f5es da era Ednaldo Rodrigues"},"content":{"rendered":"<p>Assembleia Geral Extraordin\u00e1ria da Confedera\u00e7\u00e3o Brasileira de Futebol (CBF) considerou nulas as elei\u00e7\u00f5es do presidente Ednaldo Rodrigues e de oito vice-presidentes e a do conselho fiscal para os quadri\u00eanios 2022\/2026 e 2026\/2030.<\/p>\n<p>Al\u00e9m disso, a assembleia, &#8220;de forma irrevog\u00e1vel e irretrat\u00e1vel&#8221;, confirmou que as reformas estatut\u00e1rias aprovadas em 2022 e 2024 s\u00e3o juridicamente nulas. Com isso, determinou o cumprimento da decis\u00e3o do TJRJ, que prev\u00ea o afastamento de Ednaldo Rodrigues da presid\u00eancia da entidade e da diretoria, e convoca novas elei\u00e7\u00f5es<\/p>\n<p>O processo eleitoral para o quadri\u00eanio de 2025 a 2029, que ser\u00e1 realizado neste domingo (25), foi chancelado. Tamb\u00e9m foi documentado que Fifa e Conmebol foram informadas sobre a Assembleia Geral Extraordin\u00e1ria e a Assembleia Geral Eleitoral de domingo e foram convidadas para acompanhar o processo eleitoral por meio de observadores.<\/p>\n<p>A assembleia deste s\u00e1bado foi acompanhada pela diretoria da CBF e teve a participa\u00e7\u00e3o de 26 das 27 federa\u00e7\u00f5es estaduais. A \u00fanica aus\u00eancia foi a Federa\u00e7\u00e3o Paulista de Futebol, que n\u00e3o enviou representante.<\/p>\n","protected":false},"excerpt":{"rendered":"<p>Assembleia Geral Extraordin\u00e1ria da Confedera\u00e7\u00e3o Brasileira de Futebol (CBF) considerou nulas as elei\u00e7\u00f5es do presidente Ednaldo Rodrigues e de oito vice-presidentes e a do conselho fiscal para os quadri\u00eanios 2022\/2026 e 2026\/2030. Al\u00e9m disso, a assembleia, &#8220;de forma irrevog\u00e1vel e irretrat\u00e1vel&#8221;, confirmou que as reformas estatut\u00e1rias aprovadas em 2022 e 2024 s\u00e3o juridicamente nulas. Com &hellip;<\/p>\n","protected":false},"author":1,"featured_media":5706,"comment_status":"closed","ping_status":"closed","sticky":false,"template":"","format":"standard","meta":{"footnotes":""},"categories":[31],"tags":[],"class_list":["post-5705","post","type-post","status-publish","format-standard","has-post-thumbnail","hentry","category-esportes"],"yoast_head":"<!-- This site is optimized with the Yoast SEO plugin v27.4 - https:\/\/yoast.com\/product\/yoast-seo-wordpress\/ -->\n<title>CBF, em Assembleia Geral Extraordin\u00e1ria, anula estatuto e elei\u00e7\u00f5es da era Ednaldo Rodrigues - Transam\u00e9rica Mococa 93,3<\/title>\n<meta name=\"robots\" content=\"index, follow, max-snippet:-1, max-image-preview:large, max-video-preview:-1\" \/>\n<link rel=\"canonical\" href=\"https:\/\/transamerica93.com.br\/home\/cbf-em-assembleia-geral-extraordinaria-anula-estatuto-e-eleicoes-da-era-ednaldo-rodrigues\/\" \/>\n<meta property=\"og:locale\" content=\"pt_BR\" \/>\n<meta property=\"og:type\" content=\"article\" \/>\n<meta property=\"og:title\" content=\"CBF, em Assembleia Geral Extraordin\u00e1ria, anula estatuto e elei\u00e7\u00f5es da era Ednaldo Rodrigues - Transam\u00e9rica Mococa 93,3\" \/>\n<meta property=\"og:description\" content=\"Assembleia Geral Extraordin\u00e1ria da Confedera\u00e7\u00e3o Brasileira de Futebol (CBF) considerou nulas as elei\u00e7\u00f5es do presidente Ednaldo Rodrigues e de oito vice-presidentes e a do conselho fiscal para os quadri\u00eanios 2022\/2026 e 2026\/2030. Al\u00e9m disso, a assembleia, &#8220;de forma irrevog\u00e1vel e irretrat\u00e1vel&#8221;, confirmou que as reformas estatut\u00e1rias aprovadas em 2022 e 2024 s\u00e3o juridicamente nulas. Com &hellip;\" \/>\n<meta property=\"og:url\" content=\"https:\/\/transamerica93.com.br\/home\/cbf-em-assembleia-geral-extraordinaria-anula-estatuto-e-eleicoes-da-era-ednaldo-rodrigues\/\" \/>\n<meta property=\"og:site_name\" content=\"Transam\u00e9rica Mococa 93,3\" \/>\n<meta property=\"article:publisher\" content=\"https:\/\/www.facebook.com\/transamericamococa\" \/>\n<meta property=\"article:published_time\" content=\"2025-06-18T15:00:32+00:00\" \/>\n<meta property=\"og:image\" content=\"https:\/\/transamerica93.com.br\/home\/wp-content\/uploads\/2025\/05\/1-143.jpg\" \/>\n\t<meta property=\"og:image:width\" content=\"983\" \/>\n\t<meta property=\"og:image:height\" content=\"651\" \/>\n\t<meta property=\"og:image:type\" content=\"image\/jpeg\" \/>\n<meta name=\"author\" content=\"Reda\u00e7\u00e3o\" \/>\n<meta name=\"twitter:card\" content=\"summary_large_image\" \/>\n<meta name=\"twitter:creator\" content=\"@transamerica933\" \/>\n<meta name=\"twitter:site\" content=\"@transamerica933\" \/>\n<meta name=\"twitter:label1\" content=\"Escrito por\" \/>\n\t<meta name=\"twitter:data1\" content=\"Reda\u00e7\u00e3o\" \/>\n\t<meta name=\"twitter:label2\" content=\"Est. tempo de leitura\" \/>\n\t<meta name=\"twitter:data2\" content=\"1 minuto\" \/>\n<script type=\"application\/ld+json\" class=\"yoast-schema-graph\">{\"@context\":\"https:\\\/\\\/schema.org\",\"@graph\":[{\"@type\":\"Article\",\"@id\":\"https:\\\/\\\/transamerica93.com.br\\\/home\\\/cbf-em-assembleia-geral-extraordinaria-anula-estatuto-e-eleicoes-da-era-ednaldo-rodrigues\\\/#article\",\"isPartOf\":{\"@id\":\"https:\\\/\\\/transamerica93.com.br\\\/home\\\/cbf-em-assembleia-geral-extraordinaria-anula-estatuto-e-eleicoes-da-era-ednaldo-rodrigues\\\/\"},\"author\":{\"name\":\"Reda\u00e7\u00e3o\",\"@id\":\"https:\\\/\\\/transamerica93.com.br\\\/home\\\/#\\\/schema\\\/person\\\/7fed7c99c0d4562efa8561bc0f543172\"},\"headline\":\"CBF, em Assembleia Geral Extraordin\u00e1ria, anula estatuto e elei\u00e7\u00f5es da era Ednaldo Rodrigues\",\"datePublished\":\"2025-06-18T15:00:32+00:00\",\"mainEntityOfPage\":{\"@id\":\"https:\\\/\\\/transamerica93.com.br\\\/home\\\/cbf-em-assembleia-geral-extraordinaria-anula-estatuto-e-eleicoes-da-era-ednaldo-rodrigues\\\/\"},\"wordCount\":192,\"publisher\":{\"@id\":\"https:\\\/\\\/transamerica93.com.br\\\/home\\\/#organization\"},\"image\":{\"@id\":\"https:\\\/\\\/transamerica93.com.br\\\/home\\\/cbf-em-assembleia-geral-extraordinaria-anula-estatuto-e-eleicoes-da-era-ednaldo-rodrigues\\\/#primaryimage\"},\"thumbnailUrl\":\"https:\\\/\\\/transamerica93.com.br\\\/home\\\/wp-content\\\/uploads\\\/2025\\\/05\\\/1-143.jpg\",\"articleSection\":[\"Esportes\"],\"inLanguage\":\"pt-BR\"},{\"@type\":\"WebPage\",\"@id\":\"https:\\\/\\\/transamerica93.com.br\\\/home\\\/cbf-em-assembleia-geral-extraordinaria-anula-estatuto-e-eleicoes-da-era-ednaldo-rodrigues\\\/\",\"url\":\"https:\\\/\\\/transamerica93.com.br\\\/home\\\/cbf-em-assembleia-geral-extraordinaria-anula-estatuto-e-eleicoes-da-era-ednaldo-rodrigues\\\/\",\"name\":\"CBF, em Assembleia Geral Extraordin\u00e1ria, anula estatuto e elei\u00e7\u00f5es da era Ednaldo Rodrigues - Transam\u00e9rica Mococa 93,3\",\"isPartOf\":{\"@id\":\"https:\\\/\\\/transamerica93.com.br\\\/home\\\/#website\"},\"primaryImageOfPage\":{\"@id\":\"https:\\\/\\\/transamerica93.com.br\\\/home\\\/cbf-em-assembleia-geral-extraordinaria-anula-estatuto-e-eleicoes-da-era-ednaldo-rodrigues\\\/#primaryimage\"},\"image\":{\"@id\":\"https:\\\/\\\/transamerica93.com.br\\\/home\\\/cbf-em-assembleia-geral-extraordinaria-anula-estatuto-e-eleicoes-da-era-ednaldo-rodrigues\\\/#primaryimage\"},\"thumbnailUrl\":\"https:\\\/\\\/transamerica93.com.br\\\/home\\\/wp-content\\\/uploads\\\/2025\\\/05\\\/1-143.jpg\",\"datePublished\":\"2025-06-18T15:00:32+00:00\",\"breadcrumb\":{\"@id\":\"https:\\\/\\\/transamerica93.com.br\\\/home\\\/cbf-em-assembleia-geral-extraordinaria-anula-estatuto-e-eleicoes-da-era-ednaldo-rodrigues\\\/#breadcrumb\"},\"inLanguage\":\"pt-BR\",\"potentialAction\":[{\"@type\":\"ReadAction\",\"target\":[\"https:\\\/\\\/transamerica93.com.br\\\/home\\\/cbf-em-assembleia-geral-extraordinaria-anula-estatuto-e-eleicoes-da-era-ednaldo-rodrigues\\\/\"]}]},{\"@type\":\"ImageObject\",\"inLanguage\":\"pt-BR\",\"@id\":\"https:\\\/\\\/transamerica93.com.br\\\/home\\\/cbf-em-assembleia-geral-extraordinaria-anula-estatuto-e-eleicoes-da-era-ednaldo-rodrigues\\\/#primaryimage\",\"url\":\"https:\\\/\\\/transamerica93.com.br\\\/home\\\/wp-content\\\/uploads\\\/2025\\\/05\\\/1-143.jpg\",\"contentUrl\":\"https:\\\/\\\/transamerica93.com.br\\\/home\\\/wp-content\\\/uploads\\\/2025\\\/05\\\/1-143.jpg\",\"width\":983,\"height\":651},{\"@type\":\"BreadcrumbList\",\"@id\":\"https:\\\/\\\/transamerica93.com.br\\\/home\\\/cbf-em-assembleia-geral-extraordinaria-anula-estatuto-e-eleicoes-da-era-ednaldo-rodrigues\\\/#breadcrumb\",\"itemListElement\":[{\"@type\":\"ListItem\",\"position\":1,\"name\":\"In\u00edcio\",\"item\":\"https:\\\/\\\/transamerica93.com.br\\\/home\\\/\"},{\"@type\":\"ListItem\",\"position\":2,\"name\":\"CBF, em Assembleia Geral Extraordin\u00e1ria, anula estatuto e elei\u00e7\u00f5es da era Ednaldo Rodrigues\"}]},{\"@type\":\"WebSite\",\"@id\":\"https:\\\/\\\/transamerica93.com.br\\\/home\\\/#website\",\"url\":\"https:\\\/\\\/transamerica93.com.br\\\/home\\\/\",\"name\":\"Transam\u00e9rica Mococa 93,3\",\"description\":\"\",\"publisher\":{\"@id\":\"https:\\\/\\\/transamerica93.com.br\\\/home\\\/#organization\"},\"potentialAction\":[{\"@type\":\"SearchAction\",\"target\":{\"@type\":\"EntryPoint\",\"urlTemplate\":\"https:\\\/\\\/transamerica93.com.br\\\/home\\\/?s={search_term_string}\"},\"query-input\":{\"@type\":\"PropertyValueSpecification\",\"valueRequired\":true,\"valueName\":\"search_term_string\"}}],\"inLanguage\":\"pt-BR\"},{\"@type\":\"Organization\",\"@id\":\"https:\\\/\\\/transamerica93.com.br\\\/home\\\/#organization\",\"name\":\"Transam\u00e9rica Mococa 93,3\",\"url\":\"https:\\\/\\\/transamerica93.com.br\\\/home\\\/\",\"logo\":{\"@type\":\"ImageObject\",\"inLanguage\":\"pt-BR\",\"@id\":\"https:\\\/\\\/transamerica93.com.br\\\/home\\\/#\\\/schema\\\/logo\\\/image\\\/\",\"url\":\"https:\\\/\\\/transamerica93.com.br\\\/home\\\/wp-content\\\/uploads\\\/2023\\\/10\\\/logo2.png\",\"contentUrl\":\"https:\\\/\\\/transamerica93.com.br\\\/home\\\/wp-content\\\/uploads\\\/2023\\\/10\\\/logo2.png\",\"width\":800,\"height\":500,\"caption\":\"Transam\u00e9rica Mococa 93,3\"},\"image\":{\"@id\":\"https:\\\/\\\/transamerica93.com.br\\\/home\\\/#\\\/schema\\\/logo\\\/image\\\/\"},\"sameAs\":[\"https:\\\/\\\/www.facebook.com\\\/transamericamococa\",\"https:\\\/\\\/x.com\\\/transamerica933\",\"https:\\\/\\\/www.instagram.com\\\/transamericamococa\"]},{\"@type\":\"Person\",\"@id\":\"https:\\\/\\\/transamerica93.com.br\\\/home\\\/#\\\/schema\\\/person\\\/7fed7c99c0d4562efa8561bc0f543172\",\"name\":\"Reda\u00e7\u00e3o\",\"image\":{\"@type\":\"ImageObject\",\"inLanguage\":\"pt-BR\",\"@id\":\"https:\\\/\\\/secure.gravatar.com\\\/avatar\\\/1072c6b775fb02ef8506ce967551d95926669a6b7d2c2147b42eea4d7c68395e?s=96&d=mm&r=g\",\"url\":\"https:\\\/\\\/secure.gravatar.com\\\/avatar\\\/1072c6b775fb02ef8506ce967551d95926669a6b7d2c2147b42eea4d7c68395e?s=96&d=mm&r=g\",\"contentUrl\":\"https:\\\/\\\/secure.gravatar.com\\\/avatar\\\/1072c6b775fb02ef8506ce967551d95926669a6b7d2c2147b42eea4d7c68395e?s=96&d=mm&r=g\",\"caption\":\"Reda\u00e7\u00e3o\"},\"sameAs\":[\"https:\\\/\\\/transamerica93.com.br\\\/home\"],\"url\":\"https:\\\/\\\/transamerica93.com.br\\\/home\\\/author\\\/william\\\/\"}]}<\/script>\n<!-- \/ Yoast SEO plugin. -->","yoast_head_json":{"title":"CBF, em Assembleia Geral Extraordin\u00e1ria, anula estatuto e elei\u00e7\u00f5es da era Ednaldo Rodrigues - Transam\u00e9rica Mococa 93,3","robots":{"index":"index","follow":"follow","max-snippet":"max-snippet:-1","max-image-preview":"max-image-preview:large","max-video-preview":"max-video-preview:-1"},"canonical":"https:\/\/transamerica93.com.br\/home\/cbf-em-assembleia-geral-extraordinaria-anula-estatuto-e-eleicoes-da-era-ednaldo-rodrigues\/","og_locale":"pt_BR","og_type":"article","og_title":"CBF, em Assembleia Geral Extraordin\u00e1ria, anula estatuto e elei\u00e7\u00f5es da era Ednaldo Rodrigues - Transam\u00e9rica Mococa 93,3","og_description":"Assembleia Geral Extraordin\u00e1ria da Confedera\u00e7\u00e3o Brasileira de Futebol (CBF) considerou nulas as elei\u00e7\u00f5es do presidente Ednaldo Rodrigues e de oito vice-presidentes e a do conselho fiscal para os quadri\u00eanios 2022\/2026 e 2026\/2030. Al\u00e9m disso, a assembleia, &#8220;de forma irrevog\u00e1vel e irretrat\u00e1vel&#8221;, confirmou que as reformas estatut\u00e1rias aprovadas em 2022 e 2024 s\u00e3o juridicamente nulas. Com &hellip;","og_url":"https:\/\/transamerica93.com.br\/home\/cbf-em-assembleia-geral-extraordinaria-anula-estatuto-e-eleicoes-da-era-ednaldo-rodrigues\/","og_site_name":"Transam\u00e9rica Mococa 93,3","article_publisher":"https:\/\/www.facebook.com\/transamericamococa","article_published_time":"2025-06-18T15:00:32+00:00","og_image":[{"width":983,"height":651,"url":"https:\/\/transamerica93.com.br\/home\/wp-content\/uploads\/2025\/05\/1-143.jpg","type":"image\/jpeg"}],"author":"Reda\u00e7\u00e3o","twitter_card":"summary_large_image","twitter_creator":"@transamerica933","twitter_site":"@transamerica933","twitter_misc":{"Escrito por":"Reda\u00e7\u00e3o","Est. tempo de leitura":"1 minuto"},"schema":{"@context":"https:\/\/schema.org","@graph":[{"@type":"Article","@id":"https:\/\/transamerica93.com.br\/home\/cbf-em-assembleia-geral-extraordinaria-anula-estatuto-e-eleicoes-da-era-ednaldo-rodrigues\/#article","isPartOf":{"@id":"https:\/\/transamerica93.com.br\/home\/cbf-em-assembleia-geral-extraordinaria-anula-estatuto-e-eleicoes-da-era-ednaldo-rodrigues\/"},"author":{"name":"Reda\u00e7\u00e3o","@id":"https:\/\/transamerica93.com.br\/home\/#\/schema\/person\/7fed7c99c0d4562efa8561bc0f543172"},"headline":"CBF, em Assembleia Geral Extraordin\u00e1ria, anula estatuto e elei\u00e7\u00f5es da era Ednaldo Rodrigues","datePublished":"2025-06-18T15:00:32+00:00","mainEntityOfPage":{"@id":"https:\/\/transamerica93.com.br\/home\/cbf-em-assembleia-geral-extraordinaria-anula-estatuto-e-eleicoes-da-era-ednaldo-rodrigues\/"},"wordCount":192,"publisher":{"@id":"https:\/\/transamerica93.com.br\/home\/#organization"},"image":{"@id":"https:\/\/transamerica93.com.br\/home\/cbf-em-assembleia-geral-extraordinaria-anula-estatuto-e-eleicoes-da-era-ednaldo-rodrigues\/#primaryimage"},"thumbnailUrl":"https:\/\/transamerica93.com.br\/home\/wp-content\/uploads\/2025\/05\/1-143.jpg","articleSection":["Esportes"],"inLanguage":"pt-BR"},{"@type":"WebPage","@id":"https:\/\/transamerica93.com.br\/home\/cbf-em-assembleia-geral-extraordinaria-anula-estatuto-e-eleicoes-da-era-ednaldo-rodrigues\/","url":"https:\/\/transamerica93.com.br\/home\/cbf-em-assembleia-geral-extraordinaria-anula-estatuto-e-eleicoes-da-era-ednaldo-rodrigues\/","name":"CBF, em Assembleia Geral Extraordin\u00e1ria, anula estatuto e elei\u00e7\u00f5es da era Ednaldo Rodrigues - Transam\u00e9rica Mococa 93,3","isPartOf":{"@id":"https:\/\/transamerica93.com.br\/home\/#website"},"primaryImageOfPage":{"@id":"https:\/\/transamerica93.com.br\/home\/cbf-em-assembleia-geral-extraordinaria-anula-estatuto-e-eleicoes-da-era-ednaldo-rodrigues\/#primaryimage"},"image":{"@id":"https:\/\/transamerica93.com.br\/home\/cbf-em-assembleia-geral-extraordinaria-anula-estatuto-e-eleicoes-da-era-ednaldo-rodrigues\/#primaryimage"},"thumbnailUrl":"https:\/\/transamerica93.com.br\/home\/wp-content\/uploads\/2025\/05\/1-143.jpg","datePublished":"2025-06-18T15:00:32+00:00","breadcrumb":{"@id":"https:\/\/transamerica93.com.br\/home\/cbf-em-assembleia-geral-extraordinaria-anula-estatuto-e-eleicoes-da-era-ednaldo-rodrigues\/#breadcrumb"},"inLanguage":"pt-BR","potentialAction":[{"@type":"ReadAction","target":["https:\/\/transamerica93.com.br\/home\/cbf-em-assembleia-geral-extraordinaria-anula-estatuto-e-eleicoes-da-era-ednaldo-rodrigues\/"]}]},{"@type":"ImageObject","inLanguage":"pt-BR","@id":"https:\/\/transamerica93.com.br\/home\/cbf-em-assembleia-geral-extraordinaria-anula-estatuto-e-eleicoes-da-era-ednaldo-rodrigues\/#primaryimage","url":"https:\/\/transamerica93.com.br\/home\/wp-content\/uploads\/2025\/05\/1-143.jpg","contentUrl":"https:\/\/transamerica93.com.br\/home\/wp-content\/uploads\/2025\/05\/1-143.jpg","width":983,"height":651},{"@type":"BreadcrumbList","@id":"https:\/\/transamerica93.com.br\/home\/cbf-em-assembleia-geral-extraordinaria-anula-estatuto-e-eleicoes-da-era-ednaldo-rodrigues\/#breadcrumb","itemListElement":[{"@type":"ListItem","position":1,"name":"In\u00edcio","item":"https:\/\/transamerica93.com.br\/home\/"},{"@type":"ListItem","position":2,"name":"CBF, em Assembleia Geral Extraordin\u00e1ria, anula estatuto e elei\u00e7\u00f5es da era Ednaldo Rodrigues"}]},{"@type":"WebSite","@id":"https:\/\/transamerica93.com.br\/home\/#website","url":"https:\/\/transamerica93.com.br\/home\/","name":"Transam\u00e9rica Mococa 93,3","description":"","publisher":{"@id":"https:\/\/transamerica93.com.br\/home\/#organization"},"potentialAction":[{"@type":"SearchAction","target":{"@type":"EntryPoint","urlTemplate":"https:\/\/transamerica93.com.br\/home\/?s={search_term_string}"},"query-input":{"@type":"PropertyValueSpecification","valueRequired":true,"valueName":"search_term_string"}}],"inLanguage":"pt-BR"},{"@type":"Organization","@id":"https:\/\/transamerica93.com.br\/home\/#organization","name":"Transam\u00e9rica Mococa 93,3","url":"https:\/\/transamerica93.com.br\/home\/","logo":{"@type":"ImageObject","inLanguage":"pt-BR","@id":"https:\/\/transamerica93.com.br\/home\/#\/schema\/logo\/image\/","url":"https:\/\/transamerica93.com.br\/home\/wp-content\/uploads\/2023\/10\/logo2.png","contentUrl":"https:\/\/transamerica93.com.br\/home\/wp-content\/uploads\/2023\/10\/logo2.png","width":800,"height":500,"caption":"Transam\u00e9rica Mococa 93,3"},"image":{"@id":"https:\/\/transamerica93.com.br\/home\/#\/schema\/logo\/image\/"},"sameAs":["https:\/\/www.facebook.com\/transamericamococa","https:\/\/x.com\/transamerica933","https:\/\/www.instagram.com\/transamericamococa"]},{"@type":"Person","@id":"https:\/\/transamerica93.com.br\/home\/#\/schema\/person\/7fed7c99c0d4562efa8561bc0f543172","name":"Reda\u00e7\u00e3o","image":{"@type":"ImageObject","inLanguage":"pt-BR","@id":"https:\/\/secure.gravatar.com\/avatar\/1072c6b775fb02ef8506ce967551d95926669a6b7d2c2147b42eea4d7c68395e?s=96&d=mm&r=g","url":"https:\/\/secure.gravatar.com\/avatar\/1072c6b775fb02ef8506ce967551d95926669a6b7d2c2147b42eea4d7c68395e?s=96&d=mm&r=g","contentUrl":"https:\/\/secure.gravatar.com\/avatar\/1072c6b775fb02ef8506ce967551d95926669a6b7d2c2147b42eea4d7c68395e?s=96&d=mm&r=g","caption":"Reda\u00e7\u00e3o"},"sameAs":["https:\/\/transamerica93.com.br\/home"],"url":"https:\/\/transamerica93.com.br\/home\/author\/william\/"}]}},"_links":{"self":[{"href":"https:\/\/transamerica93.com.br\/home\/wp-json\/wp\/v2\/posts\/5705","targetHints":{"allow":["GET"]}}],"collection":[{"href":"https:\/\/transamerica93.com.br\/home\/wp-json\/wp\/v2\/posts"}],"about":[{"href":"https:\/\/transamerica93.com.br\/home\/wp-json\/wp\/v2\/types\/post"}],"author":[{"embeddable":true,"href":"https:\/\/transamerica93.com.br\/home\/wp-json\/wp\/v2\/users\/1"}],"replies":[{"embeddable":true,"href":"https:\/\/transamerica93.com.br\/home\/wp-json\/wp\/v2\/comments?post=5705"}],"version-history":[{"count":1,"href":"https:\/\/transamerica93.com.br\/home\/wp-json\/wp\/v2\/posts\/5705\/revisions"}],"predecessor-version":[{"id":5707,"href":"https:\/\/transamerica93.com.br\/home\/wp-json\/wp\/v2\/posts\/5705\/revisions\/5707"}],"wp:featuredmedia":[{"embeddable":true,"href":"https:\/\/transamerica93.com.br\/home\/wp-json\/wp\/v2\/media\/5706"}],"wp:attachment":[{"href":"https:\/\/transamerica93.com.br\/home\/wp-json\/wp\/v2\/media?parent=5705"}],"wp:term":[{"taxonomy":"category","embeddable":true,"href":"https:\/\/transamerica93.com.br\/home\/wp-json\/wp\/v2\/categories?post=5705"},{"taxonomy":"post_tag","embeddable":true,"href":"https:\/\/transamerica93.com.br\/home\/wp-json\/wp\/v2\/tags?post=5705"}],"curies":[{"name":"wp","href":"https:\/\/api.w.org\/{rel}","templated":true}]}}