{"id":5708,"date":"2025-06-19T12:00:20","date_gmt":"2025-06-19T15:00:20","guid":{"rendered":"https:\/\/transamerica93.com.br\/home\/?p=5708"},"modified":"2025-05-25T17:25:16","modified_gmt":"2025-05-25T20:25:16","slug":"nadal-e-homenageado-em-roland-garros-e-tem-sua-pegada-eternizada-na-quadra-central","status":"publish","type":"post","link":"https:\/\/transamerica93.com.br\/home\/nadal-e-homenageado-em-roland-garros-e-tem-sua-pegada-eternizada-na-quadra-central\/","title":{"rendered":"Nadal \u00e9 homenageado em Roland Garros e tem sua &#8216;pegada&#8217; eternizada na Quadra Central"},"content":{"rendered":"<div id=\"Corpo\">&#8220;O homem. O mito. A lenda. O rei do saibro.&#8221; Foi assim que Roland Garros anunciou em suas redes sociais sua homenagem ao maior vencedor de sua hist\u00f3ria: Rafael Nadal. O espanhol deixou sua marca no Grand Slam franc\u00eas ao conquistar o t\u00edtulo 14 vezes, e neste domingo a organiza\u00e7\u00e3o do evento revelou que registrou essa influ\u00eancia de maneira original, com uma &#8220;pegada&#8221; de Nadal na Quadra Central.<\/p>\n<p>Nadal entrou na Philippe Chatrier, a principal quadra do complexo parisiense, para uma recep\u00e7\u00e3o de her\u00f3i, com os 15 mil torcedores gritando seu nome e vestindo camisetas com o mesmo tom da terra batida da quadra e os dizeres &#8220;Merci Rafa&#8221; (Obrigado Rafa), que foram oferecidas ao p\u00fablico.<\/p>\n<p>&#8220;\u00c9 dif\u00edcil&#8221;, afirmou um emocionado Nadal, inicialmente em franc\u00eas. &#8220;Boa noite a todos. N\u00e3o sei por onde come\u00e7ar depois de jogar nesta quadra pelos \u00faltimos 20 anos. Vencendo, perdendo, mas principalmente me emocionando cada vez que tenho a chance de estar aqui&#8221;, completou ele, que tamb\u00e9m agradeceu em ingl\u00eas e espanhol.<\/p>\n<p>Ap\u00f3s o discurso, foi exibido um v\u00eddeo com seus maiores rivais (Roger Federer, Novak Djokovic e Andy Murray). Os tel\u00f5es, ent\u00e3o, mostraram os tr\u00eas nos bastidores. O trio entrou para se juntar a Nadal na quadra. O p\u00fablico vibrou ao ver o &#8220;Big 4&#8221; novamente junto.<\/p>\n<p>Ap\u00f3s fotos com os tenistas que dominaram o circuito, o presidente da Federa\u00e7\u00e3o Francesa de T\u00eanis, Gilles Moretton, e a diretora de Roland Garros, Amelie Mauresmo, entram em quadra com um trof\u00e9u especial para o espanhol, que se aposentou na temporada passada aos 38 anos. Todos se encaminharam para lateral da quadra, onde o saibro foi varrido e se revelou a pegada de Nadal.<\/p>\n<p>Ap\u00f3s Federer, Djokovic and Murray deixarem a cerim\u00f4nia, Nadal retornou ao centro da quadra e foi novamente ovacionado. Deu a volta ol\u00edmpica de despedida e deixou a quadra com o filho de 2 anos. Merci, Rafa.<\/p><\/div>\n","protected":false},"excerpt":{"rendered":"<p>&#8220;O homem. O mito. A lenda. O rei do saibro.&#8221; Foi assim que Roland Garros anunciou em suas redes sociais sua homenagem ao maior vencedor de sua hist\u00f3ria: Rafael Nadal. O espanhol deixou sua marca no Grand Slam franc\u00eas ao conquistar o t\u00edtulo 14 vezes, e neste domingo a organiza\u00e7\u00e3o do evento revelou que registrou &hellip;<\/p>\n","protected":false},"author":1,"featured_media":5709,"comment_status":"closed","ping_status":"closed","sticky":false,"template":"","format":"standard","meta":{"footnotes":""},"categories":[31],"tags":[],"class_list":["post-5708","post","type-post","status-publish","format-standard","has-post-thumbnail","hentry","category-esportes"],"yoast_head":"<!-- This site is optimized with the Yoast SEO plugin v27.4 - https:\/\/yoast.com\/product\/yoast-seo-wordpress\/ -->\n<title>Nadal \u00e9 homenageado em Roland Garros e tem sua &#039;pegada&#039; eternizada na Quadra Central - Transam\u00e9rica Mococa 93,3<\/title>\n<meta name=\"robots\" content=\"index, follow, max-snippet:-1, max-image-preview:large, max-video-preview:-1\" \/>\n<link rel=\"canonical\" href=\"https:\/\/transamerica93.com.br\/home\/nadal-e-homenageado-em-roland-garros-e-tem-sua-pegada-eternizada-na-quadra-central\/\" \/>\n<meta property=\"og:locale\" content=\"pt_BR\" \/>\n<meta property=\"og:type\" content=\"article\" \/>\n<meta property=\"og:title\" content=\"Nadal \u00e9 homenageado em Roland Garros e tem sua &#039;pegada&#039; eternizada na Quadra Central - Transam\u00e9rica Mococa 93,3\" \/>\n<meta property=\"og:description\" content=\"&#8220;O homem. O mito. A lenda. O rei do saibro.&#8221; Foi assim que Roland Garros anunciou em suas redes sociais sua homenagem ao maior vencedor de sua hist\u00f3ria: Rafael Nadal. O espanhol deixou sua marca no Grand Slam franc\u00eas ao conquistar o t\u00edtulo 14 vezes, e neste domingo a organiza\u00e7\u00e3o do evento revelou que registrou &hellip;\" \/>\n<meta property=\"og:url\" content=\"https:\/\/transamerica93.com.br\/home\/nadal-e-homenageado-em-roland-garros-e-tem-sua-pegada-eternizada-na-quadra-central\/\" \/>\n<meta property=\"og:site_name\" content=\"Transam\u00e9rica Mococa 93,3\" \/>\n<meta property=\"article:publisher\" content=\"https:\/\/www.facebook.com\/transamericamococa\" \/>\n<meta property=\"article:published_time\" content=\"2025-06-19T15:00:20+00:00\" \/>\n<meta property=\"og:image\" content=\"https:\/\/transamerica93.com.br\/home\/wp-content\/uploads\/2025\/05\/1-144.jpg\" \/>\n\t<meta property=\"og:image:width\" content=\"1100\" \/>\n\t<meta property=\"og:image:height\" content=\"734\" \/>\n\t<meta property=\"og:image:type\" content=\"image\/jpeg\" \/>\n<meta name=\"author\" content=\"Reda\u00e7\u00e3o\" \/>\n<meta name=\"twitter:card\" content=\"summary_large_image\" \/>\n<meta name=\"twitter:creator\" content=\"@transamerica933\" \/>\n<meta name=\"twitter:site\" content=\"@transamerica933\" \/>\n<meta name=\"twitter:label1\" content=\"Escrito por\" \/>\n\t<meta name=\"twitter:data1\" content=\"Reda\u00e7\u00e3o\" \/>\n\t<meta name=\"twitter:label2\" content=\"Est. tempo de leitura\" \/>\n\t<meta name=\"twitter:data2\" content=\"2 minutos\" \/>\n<script type=\"application\/ld+json\" class=\"yoast-schema-graph\">{\"@context\":\"https:\\\/\\\/schema.org\",\"@graph\":[{\"@type\":\"Article\",\"@id\":\"https:\\\/\\\/transamerica93.com.br\\\/home\\\/nadal-e-homenageado-em-roland-garros-e-tem-sua-pegada-eternizada-na-quadra-central\\\/#article\",\"isPartOf\":{\"@id\":\"https:\\\/\\\/transamerica93.com.br\\\/home\\\/nadal-e-homenageado-em-roland-garros-e-tem-sua-pegada-eternizada-na-quadra-central\\\/\"},\"author\":{\"name\":\"Reda\u00e7\u00e3o\",\"@id\":\"https:\\\/\\\/transamerica93.com.br\\\/home\\\/#\\\/schema\\\/person\\\/7fed7c99c0d4562efa8561bc0f543172\"},\"headline\":\"Nadal \u00e9 homenageado em Roland Garros e tem sua &#8216;pegada&#8217; eternizada na Quadra Central\",\"datePublished\":\"2025-06-19T15:00:20+00:00\",\"mainEntityOfPage\":{\"@id\":\"https:\\\/\\\/transamerica93.com.br\\\/home\\\/nadal-e-homenageado-em-roland-garros-e-tem-sua-pegada-eternizada-na-quadra-central\\\/\"},\"wordCount\":346,\"publisher\":{\"@id\":\"https:\\\/\\\/transamerica93.com.br\\\/home\\\/#organization\"},\"image\":{\"@id\":\"https:\\\/\\\/transamerica93.com.br\\\/home\\\/nadal-e-homenageado-em-roland-garros-e-tem-sua-pegada-eternizada-na-quadra-central\\\/#primaryimage\"},\"thumbnailUrl\":\"https:\\\/\\\/transamerica93.com.br\\\/home\\\/wp-content\\\/uploads\\\/2025\\\/05\\\/1-144.jpg\",\"articleSection\":[\"Esportes\"],\"inLanguage\":\"pt-BR\"},{\"@type\":\"WebPage\",\"@id\":\"https:\\\/\\\/transamerica93.com.br\\\/home\\\/nadal-e-homenageado-em-roland-garros-e-tem-sua-pegada-eternizada-na-quadra-central\\\/\",\"url\":\"https:\\\/\\\/transamerica93.com.br\\\/home\\\/nadal-e-homenageado-em-roland-garros-e-tem-sua-pegada-eternizada-na-quadra-central\\\/\",\"name\":\"Nadal \u00e9 homenageado em Roland Garros e tem sua 'pegada' eternizada na Quadra Central - Transam\u00e9rica Mococa 93,3\",\"isPartOf\":{\"@id\":\"https:\\\/\\\/transamerica93.com.br\\\/home\\\/#website\"},\"primaryImageOfPage\":{\"@id\":\"https:\\\/\\\/transamerica93.com.br\\\/home\\\/nadal-e-homenageado-em-roland-garros-e-tem-sua-pegada-eternizada-na-quadra-central\\\/#primaryimage\"},\"image\":{\"@id\":\"https:\\\/\\\/transamerica93.com.br\\\/home\\\/nadal-e-homenageado-em-roland-garros-e-tem-sua-pegada-eternizada-na-quadra-central\\\/#primaryimage\"},\"thumbnailUrl\":\"https:\\\/\\\/transamerica93.com.br\\\/home\\\/wp-content\\\/uploads\\\/2025\\\/05\\\/1-144.jpg\",\"datePublished\":\"2025-06-19T15:00:20+00:00\",\"breadcrumb\":{\"@id\":\"https:\\\/\\\/transamerica93.com.br\\\/home\\\/nadal-e-homenageado-em-roland-garros-e-tem-sua-pegada-eternizada-na-quadra-central\\\/#breadcrumb\"},\"inLanguage\":\"pt-BR\",\"potentialAction\":[{\"@type\":\"ReadAction\",\"target\":[\"https:\\\/\\\/transamerica93.com.br\\\/home\\\/nadal-e-homenageado-em-roland-garros-e-tem-sua-pegada-eternizada-na-quadra-central\\\/\"]}]},{\"@type\":\"ImageObject\",\"inLanguage\":\"pt-BR\",\"@id\":\"https:\\\/\\\/transamerica93.com.br\\\/home\\\/nadal-e-homenageado-em-roland-garros-e-tem-sua-pegada-eternizada-na-quadra-central\\\/#primaryimage\",\"url\":\"https:\\\/\\\/transamerica93.com.br\\\/home\\\/wp-content\\\/uploads\\\/2025\\\/05\\\/1-144.jpg\",\"contentUrl\":\"https:\\\/\\\/transamerica93.com.br\\\/home\\\/wp-content\\\/uploads\\\/2025\\\/05\\\/1-144.jpg\",\"width\":1100,\"height\":734},{\"@type\":\"BreadcrumbList\",\"@id\":\"https:\\\/\\\/transamerica93.com.br\\\/home\\\/nadal-e-homenageado-em-roland-garros-e-tem-sua-pegada-eternizada-na-quadra-central\\\/#breadcrumb\",\"itemListElement\":[{\"@type\":\"ListItem\",\"position\":1,\"name\":\"In\u00edcio\",\"item\":\"https:\\\/\\\/transamerica93.com.br\\\/home\\\/\"},{\"@type\":\"ListItem\",\"position\":2,\"name\":\"Nadal \u00e9 homenageado em Roland Garros e tem sua &#8216;pegada&#8217; eternizada na Quadra Central\"}]},{\"@type\":\"WebSite\",\"@id\":\"https:\\\/\\\/transamerica93.com.br\\\/home\\\/#website\",\"url\":\"https:\\\/\\\/transamerica93.com.br\\\/home\\\/\",\"name\":\"Transam\u00e9rica Mococa 93,3\",\"description\":\"\",\"publisher\":{\"@id\":\"https:\\\/\\\/transamerica93.com.br\\\/home\\\/#organization\"},\"potentialAction\":[{\"@type\":\"SearchAction\",\"target\":{\"@type\":\"EntryPoint\",\"urlTemplate\":\"https:\\\/\\\/transamerica93.com.br\\\/home\\\/?s={search_term_string}\"},\"query-input\":{\"@type\":\"PropertyValueSpecification\",\"valueRequired\":true,\"valueName\":\"search_term_string\"}}],\"inLanguage\":\"pt-BR\"},{\"@type\":\"Organization\",\"@id\":\"https:\\\/\\\/transamerica93.com.br\\\/home\\\/#organization\",\"name\":\"Transam\u00e9rica Mococa 93,3\",\"url\":\"https:\\\/\\\/transamerica93.com.br\\\/home\\\/\",\"logo\":{\"@type\":\"ImageObject\",\"inLanguage\":\"pt-BR\",\"@id\":\"https:\\\/\\\/transamerica93.com.br\\\/home\\\/#\\\/schema\\\/logo\\\/image\\\/\",\"url\":\"https:\\\/\\\/transamerica93.com.br\\\/home\\\/wp-content\\\/uploads\\\/2023\\\/10\\\/logo2.png\",\"contentUrl\":\"https:\\\/\\\/transamerica93.com.br\\\/home\\\/wp-content\\\/uploads\\\/2023\\\/10\\\/logo2.png\",\"width\":800,\"height\":500,\"caption\":\"Transam\u00e9rica Mococa 93,3\"},\"image\":{\"@id\":\"https:\\\/\\\/transamerica93.com.br\\\/home\\\/#\\\/schema\\\/logo\\\/image\\\/\"},\"sameAs\":[\"https:\\\/\\\/www.facebook.com\\\/transamericamococa\",\"https:\\\/\\\/x.com\\\/transamerica933\",\"https:\\\/\\\/www.instagram.com\\\/transamericamococa\"]},{\"@type\":\"Person\",\"@id\":\"https:\\\/\\\/transamerica93.com.br\\\/home\\\/#\\\/schema\\\/person\\\/7fed7c99c0d4562efa8561bc0f543172\",\"name\":\"Reda\u00e7\u00e3o\",\"image\":{\"@type\":\"ImageObject\",\"inLanguage\":\"pt-BR\",\"@id\":\"https:\\\/\\\/secure.gravatar.com\\\/avatar\\\/1072c6b775fb02ef8506ce967551d95926669a6b7d2c2147b42eea4d7c68395e?s=96&d=mm&r=g\",\"url\":\"https:\\\/\\\/secure.gravatar.com\\\/avatar\\\/1072c6b775fb02ef8506ce967551d95926669a6b7d2c2147b42eea4d7c68395e?s=96&d=mm&r=g\",\"contentUrl\":\"https:\\\/\\\/secure.gravatar.com\\\/avatar\\\/1072c6b775fb02ef8506ce967551d95926669a6b7d2c2147b42eea4d7c68395e?s=96&d=mm&r=g\",\"caption\":\"Reda\u00e7\u00e3o\"},\"sameAs\":[\"https:\\\/\\\/transamerica93.com.br\\\/home\"],\"url\":\"https:\\\/\\\/transamerica93.com.br\\\/home\\\/author\\\/william\\\/\"}]}<\/script>\n<!-- \/ Yoast SEO plugin. -->","yoast_head_json":{"title":"Nadal \u00e9 homenageado em Roland Garros e tem sua 'pegada' eternizada na Quadra Central - Transam\u00e9rica Mococa 93,3","robots":{"index":"index","follow":"follow","max-snippet":"max-snippet:-1","max-image-preview":"max-image-preview:large","max-video-preview":"max-video-preview:-1"},"canonical":"https:\/\/transamerica93.com.br\/home\/nadal-e-homenageado-em-roland-garros-e-tem-sua-pegada-eternizada-na-quadra-central\/","og_locale":"pt_BR","og_type":"article","og_title":"Nadal \u00e9 homenageado em Roland Garros e tem sua 'pegada' eternizada na Quadra Central - Transam\u00e9rica Mococa 93,3","og_description":"&#8220;O homem. O mito. A lenda. O rei do saibro.&#8221; Foi assim que Roland Garros anunciou em suas redes sociais sua homenagem ao maior vencedor de sua hist\u00f3ria: Rafael Nadal. O espanhol deixou sua marca no Grand Slam franc\u00eas ao conquistar o t\u00edtulo 14 vezes, e neste domingo a organiza\u00e7\u00e3o do evento revelou que registrou &hellip;","og_url":"https:\/\/transamerica93.com.br\/home\/nadal-e-homenageado-em-roland-garros-e-tem-sua-pegada-eternizada-na-quadra-central\/","og_site_name":"Transam\u00e9rica Mococa 93,3","article_publisher":"https:\/\/www.facebook.com\/transamericamococa","article_published_time":"2025-06-19T15:00:20+00:00","og_image":[{"width":1100,"height":734,"url":"https:\/\/transamerica93.com.br\/home\/wp-content\/uploads\/2025\/05\/1-144.jpg","type":"image\/jpeg"}],"author":"Reda\u00e7\u00e3o","twitter_card":"summary_large_image","twitter_creator":"@transamerica933","twitter_site":"@transamerica933","twitter_misc":{"Escrito por":"Reda\u00e7\u00e3o","Est. tempo de leitura":"2 minutos"},"schema":{"@context":"https:\/\/schema.org","@graph":[{"@type":"Article","@id":"https:\/\/transamerica93.com.br\/home\/nadal-e-homenageado-em-roland-garros-e-tem-sua-pegada-eternizada-na-quadra-central\/#article","isPartOf":{"@id":"https:\/\/transamerica93.com.br\/home\/nadal-e-homenageado-em-roland-garros-e-tem-sua-pegada-eternizada-na-quadra-central\/"},"author":{"name":"Reda\u00e7\u00e3o","@id":"https:\/\/transamerica93.com.br\/home\/#\/schema\/person\/7fed7c99c0d4562efa8561bc0f543172"},"headline":"Nadal \u00e9 homenageado em Roland Garros e tem sua &#8216;pegada&#8217; eternizada na Quadra Central","datePublished":"2025-06-19T15:00:20+00:00","mainEntityOfPage":{"@id":"https:\/\/transamerica93.com.br\/home\/nadal-e-homenageado-em-roland-garros-e-tem-sua-pegada-eternizada-na-quadra-central\/"},"wordCount":346,"publisher":{"@id":"https:\/\/transamerica93.com.br\/home\/#organization"},"image":{"@id":"https:\/\/transamerica93.com.br\/home\/nadal-e-homenageado-em-roland-garros-e-tem-sua-pegada-eternizada-na-quadra-central\/#primaryimage"},"thumbnailUrl":"https:\/\/transamerica93.com.br\/home\/wp-content\/uploads\/2025\/05\/1-144.jpg","articleSection":["Esportes"],"inLanguage":"pt-BR"},{"@type":"WebPage","@id":"https:\/\/transamerica93.com.br\/home\/nadal-e-homenageado-em-roland-garros-e-tem-sua-pegada-eternizada-na-quadra-central\/","url":"https:\/\/transamerica93.com.br\/home\/nadal-e-homenageado-em-roland-garros-e-tem-sua-pegada-eternizada-na-quadra-central\/","name":"Nadal \u00e9 homenageado em Roland Garros e tem sua 'pegada' eternizada na Quadra Central - Transam\u00e9rica Mococa 93,3","isPartOf":{"@id":"https:\/\/transamerica93.com.br\/home\/#website"},"primaryImageOfPage":{"@id":"https:\/\/transamerica93.com.br\/home\/nadal-e-homenageado-em-roland-garros-e-tem-sua-pegada-eternizada-na-quadra-central\/#primaryimage"},"image":{"@id":"https:\/\/transamerica93.com.br\/home\/nadal-e-homenageado-em-roland-garros-e-tem-sua-pegada-eternizada-na-quadra-central\/#primaryimage"},"thumbnailUrl":"https:\/\/transamerica93.com.br\/home\/wp-content\/uploads\/2025\/05\/1-144.jpg","datePublished":"2025-06-19T15:00:20+00:00","breadcrumb":{"@id":"https:\/\/transamerica93.com.br\/home\/nadal-e-homenageado-em-roland-garros-e-tem-sua-pegada-eternizada-na-quadra-central\/#breadcrumb"},"inLanguage":"pt-BR","potentialAction":[{"@type":"ReadAction","target":["https:\/\/transamerica93.com.br\/home\/nadal-e-homenageado-em-roland-garros-e-tem-sua-pegada-eternizada-na-quadra-central\/"]}]},{"@type":"ImageObject","inLanguage":"pt-BR","@id":"https:\/\/transamerica93.com.br\/home\/nadal-e-homenageado-em-roland-garros-e-tem-sua-pegada-eternizada-na-quadra-central\/#primaryimage","url":"https:\/\/transamerica93.com.br\/home\/wp-content\/uploads\/2025\/05\/1-144.jpg","contentUrl":"https:\/\/transamerica93.com.br\/home\/wp-content\/uploads\/2025\/05\/1-144.jpg","width":1100,"height":734},{"@type":"BreadcrumbList","@id":"https:\/\/transamerica93.com.br\/home\/nadal-e-homenageado-em-roland-garros-e-tem-sua-pegada-eternizada-na-quadra-central\/#breadcrumb","itemListElement":[{"@type":"ListItem","position":1,"name":"In\u00edcio","item":"https:\/\/transamerica93.com.br\/home\/"},{"@type":"ListItem","position":2,"name":"Nadal \u00e9 homenageado em Roland Garros e tem sua &#8216;pegada&#8217; eternizada na Quadra Central"}]},{"@type":"WebSite","@id":"https:\/\/transamerica93.com.br\/home\/#website","url":"https:\/\/transamerica93.com.br\/home\/","name":"Transam\u00e9rica Mococa 93,3","description":"","publisher":{"@id":"https:\/\/transamerica93.com.br\/home\/#organization"},"potentialAction":[{"@type":"SearchAction","target":{"@type":"EntryPoint","urlTemplate":"https:\/\/transamerica93.com.br\/home\/?s={search_term_string}"},"query-input":{"@type":"PropertyValueSpecification","valueRequired":true,"valueName":"search_term_string"}}],"inLanguage":"pt-BR"},{"@type":"Organization","@id":"https:\/\/transamerica93.com.br\/home\/#organization","name":"Transam\u00e9rica Mococa 93,3","url":"https:\/\/transamerica93.com.br\/home\/","logo":{"@type":"ImageObject","inLanguage":"pt-BR","@id":"https:\/\/transamerica93.com.br\/home\/#\/schema\/logo\/image\/","url":"https:\/\/transamerica93.com.br\/home\/wp-content\/uploads\/2023\/10\/logo2.png","contentUrl":"https:\/\/transamerica93.com.br\/home\/wp-content\/uploads\/2023\/10\/logo2.png","width":800,"height":500,"caption":"Transam\u00e9rica Mococa 93,3"},"image":{"@id":"https:\/\/transamerica93.com.br\/home\/#\/schema\/logo\/image\/"},"sameAs":["https:\/\/www.facebook.com\/transamericamococa","https:\/\/x.com\/transamerica933","https:\/\/www.instagram.com\/transamericamococa"]},{"@type":"Person","@id":"https:\/\/transamerica93.com.br\/home\/#\/schema\/person\/7fed7c99c0d4562efa8561bc0f543172","name":"Reda\u00e7\u00e3o","image":{"@type":"ImageObject","inLanguage":"pt-BR","@id":"https:\/\/secure.gravatar.com\/avatar\/1072c6b775fb02ef8506ce967551d95926669a6b7d2c2147b42eea4d7c68395e?s=96&d=mm&r=g","url":"https:\/\/secure.gravatar.com\/avatar\/1072c6b775fb02ef8506ce967551d95926669a6b7d2c2147b42eea4d7c68395e?s=96&d=mm&r=g","contentUrl":"https:\/\/secure.gravatar.com\/avatar\/1072c6b775fb02ef8506ce967551d95926669a6b7d2c2147b42eea4d7c68395e?s=96&d=mm&r=g","caption":"Reda\u00e7\u00e3o"},"sameAs":["https:\/\/transamerica93.com.br\/home"],"url":"https:\/\/transamerica93.com.br\/home\/author\/william\/"}]}},"_links":{"self":[{"href":"https:\/\/transamerica93.com.br\/home\/wp-json\/wp\/v2\/posts\/5708","targetHints":{"allow":["GET"]}}],"collection":[{"href":"https:\/\/transamerica93.com.br\/home\/wp-json\/wp\/v2\/posts"}],"about":[{"href":"https:\/\/transamerica93.com.br\/home\/wp-json\/wp\/v2\/types\/post"}],"author":[{"embeddable":true,"href":"https:\/\/transamerica93.com.br\/home\/wp-json\/wp\/v2\/users\/1"}],"replies":[{"embeddable":true,"href":"https:\/\/transamerica93.com.br\/home\/wp-json\/wp\/v2\/comments?post=5708"}],"version-history":[{"count":1,"href":"https:\/\/transamerica93.com.br\/home\/wp-json\/wp\/v2\/posts\/5708\/revisions"}],"predecessor-version":[{"id":5710,"href":"https:\/\/transamerica93.com.br\/home\/wp-json\/wp\/v2\/posts\/5708\/revisions\/5710"}],"wp:featuredmedia":[{"embeddable":true,"href":"https:\/\/transamerica93.com.br\/home\/wp-json\/wp\/v2\/media\/5709"}],"wp:attachment":[{"href":"https:\/\/transamerica93.com.br\/home\/wp-json\/wp\/v2\/media?parent=5708"}],"wp:term":[{"taxonomy":"category","embeddable":true,"href":"https:\/\/transamerica93.com.br\/home\/wp-json\/wp\/v2\/categories?post=5708"},{"taxonomy":"post_tag","embeddable":true,"href":"https:\/\/transamerica93.com.br\/home\/wp-json\/wp\/v2\/tags?post=5708"}],"curies":[{"name":"wp","href":"https:\/\/api.w.org\/{rel}","templated":true}]}}