{"id":5768,"date":"2025-07-03T09:00:13","date_gmt":"2025-07-03T12:00:13","guid":{"rendered":"https:\/\/transamerica93.com.br\/home\/?p=5768"},"modified":"2025-06-27T17:03:14","modified_gmt":"2025-06-27T20:03:14","slug":"desemprego-recua-para-62-em-maio-o-menor-para-o-periodo-desde-2012","status":"publish","type":"post","link":"https:\/\/transamerica93.com.br\/home\/desemprego-recua-para-62-em-maio-o-menor-para-o-periodo-desde-2012\/","title":{"rendered":"Desemprego recua para 6,2% em maio, o menor para o per\u00edodo desde 2012"},"content":{"rendered":"<p><strong>A taxa de desemprego no trimestre encerrado em maio de 2025 ficou em 6,2%. Esse patamar \u00e9 o menor registrado para o per\u00edodo desde o in\u00edcio da s\u00e9rie hist\u00f3rica, iniciada em 2012. Al\u00e9m disso, fica &#8220;extremamente pr\u00f3ximo&#8221; do menor \u00edndice j\u00e1 apurado, 6,1%, marca alcan\u00e7ada no trimestre terminado em novembro de 2024.<\/strong><img decoding=\"async\" data-src=\"https:\/\/agenciabrasil.ebc.com.br\/ebc.png?id=1648619&amp;o=node\" src=\"data:image\/svg+xml;base64,PHN2ZyB3aWR0aD0iMSIgaGVpZ2h0PSIxIiB4bWxucz0iaHR0cDovL3d3dy53My5vcmcvMjAwMC9zdmciPjwvc3ZnPg==\" class=\"lazyload\" \/><img decoding=\"async\" data-src=\"https:\/\/agenciabrasil.ebc.com.br\/ebc.gif?id=1648619&amp;o=node\" src=\"data:image\/svg+xml;base64,PHN2ZyB3aWR0aD0iMSIgaGVpZ2h0PSIxIiB4bWxucz0iaHR0cDovL3d3dy53My5vcmcvMjAwMC9zdmciPjwvc3ZnPg==\" class=\"lazyload\" \/><\/p>\n<p>Os dados foram divulgados nesta sexta-feira (27) pela Pesquisa Nacional por Amostra de Domic\u00edlios (Pnad), do\u00a0<a href=\"https:\/\/agenciabrasil.ebc.com.br\/tags\/ibge\" target=\"_blank\" rel=\"noopener\">Instituto Brasileiro de Geografia e Estat\u00edstica (IBGE)<\/a>. No trimestre anterior, encerrado em fevereiro, a taxa era de 6,8%. J\u00e1 no mesmo per\u00edodo do ano passado, 7,1%.<\/p>\n<p>Al\u00e9m de ser recorde para o per\u00edodo, o IBGE aponta que outros dados da pesquisa s\u00e3o tamb\u00e9m os melhores j\u00e1 registrados, como o patamar de empregados com carteira assinada, o rendimento do trabalhador, a massa salarial do pa\u00eds e o menor n\u00edvel de desalentados &#8211; pessoas que, por desmotiva\u00e7\u00e3o, sequer procuram emprego &#8211; desde 2016.<\/p>\n<p><strong>A desocupa\u00e7\u00e3o de 6,2% no trimestre representa 6,8 milh\u00f5es de pessoas.<\/strong>\u00a0Esse contingente fica 12,3% abaixo do apurado no mesmo per\u00edodo do ano passado, ou seja, redu\u00e7\u00e3o de 955 mil pessoas \u00e0 procura de emprego. O Brasil terminou o per\u00edodo com 103,9 milh\u00f5es pessoas ocupadas, alta de 1,2% ante o trimestre anterior.<\/p>\n<h2>Mercado aquecido e resistente<\/h2>\n<p><strong>De acordo com o analista da pesquisa\u00a0William Kratochwill\u00a0os dados mostram a economia aquecida, resistente a quest\u00f5es externas do mercado do trabalho.<\/strong>\u00a0Segundo ele, as informa\u00e7\u00f5es retratam que efeitos da pol\u00edtica monet\u00e1ria (juro alto) n\u00e3o afetou o n\u00edvel de emprego.<\/p>\n<blockquote><p>&#8220;Observando os dados, est\u00e1 claro que o mercado de trabalho continua avan\u00e7ando, resistindo&#8221;, disse a jornalistas.<\/p><\/blockquote>\n<p>Ele acrescenta que \u00e9 esperado para os trimestres mais pr\u00f3ximos do fim do ano novos recuos na taxa de desocupa\u00e7\u00e3o, mas que isso depende de medidas do poder p\u00fablico.<\/p>\n<blockquote><p>&#8220;Como estamos com economia aquecida, o que vem pela frente vai depender muito das pol\u00edticas econ\u00f4micas&#8221;, aponta.<\/p><\/blockquote>\n<p>Desde setembro do ano passado, o Comit\u00ea de Pol\u00edtica Monet\u00e1ria (Copom) do Banco Central (BC) tem mantido trajet\u00f3ria de alta da taxa b\u00e1sica de juros da economia, a Selic, de forma a conter a infla\u00e7\u00e3o, que est\u00e1 acima da meta do governo. A infla\u00e7\u00e3o oficial acumula 5,32% em doze meses, acima da meta, que tem toler\u00e2ncia at\u00e9 4,5%.<\/p>\n<p><strong>O juro mais alto \u2013 atualmente em 15% ao ano &#8211; encarece o cr\u00e9dito, de forma que desestimula o consumo e investimentos produtivos, o que tende a, por um lado, frear a infla\u00e7\u00e3o; por outro, desaquecer a economia e o n\u00edvel de emprego.<\/strong><\/p>\n<h2>Carteira assinada<\/h2>\n<p>A pesquisa do IBGE apura o comportamento no mercado de trabalho para pessoas com 14 anos ou mais e leva em conta todas as formas de ocupa\u00e7\u00e3o, seja emprego com ou sem carteira assinada, tempor\u00e1rio e por conta pr\u00f3pria, por exemplo. S\u00e3o visitados 211 mil domic\u00edlios em todos os estados e no Distrito Federal. S\u00f3 \u00e9 considerada desocupada a pessoas que efetivamente procura emprego.<\/p>\n<p><strong>O n\u00famero de trabalhadores com carteira assinada no setor privado foi recorde: 39,8 milh\u00f5es, apontando crescimento de 3,7% na compara\u00e7\u00e3o com o mesmo trimestre do ano passado.<\/strong><\/p>\n<p>O IBGE estima que a taxa de informalidade \u2013 propor\u00e7\u00e3o de trabalhadores informais dentro do total de ocupados \u2013 ficou em 37,8%. S\u00e3o 39,3 milh\u00f5es de informais. Esse n\u00edvel de taxa fica abaixo da registrada no trimestre anterior (38,1%) e do mesmo per\u00edodo do ano passado (38,6%).<\/p>\n<p><strong>De acordo como IBGE, al\u00e9m da estabilidade no contingente de trabalhadores sem carteira assinada (13,7 milh\u00f5es), ajudou a diminuir a taxa de informalidade a alta de 3,7% do n\u00famero de trabalhadores por conta pr\u00f3pria com CNPJ (mais 249 mil).<\/strong><\/p>\n<p>O Brasil fechou mar\u00e7o com 26,1 milh\u00f5es de trabalhadores por conta pr\u00f3pria, o maior contingente j\u00e1 registrado. Dessa forma, de todos os ocupados, 25,2% s\u00e3o por conta pr\u00f3pria. Dentro desse universo, 26,9% s\u00e3o formalizados com Cadastro Nacional de Pessoas Jur\u00eddicas (CNPJ).<\/p>\n<blockquote><p>\u201cAs pessoas percebem o mercado favor\u00e1vel, com mais pessoas trabalhando. Se ela n\u00e3o encontrou trabalho como empregado, ela percebe que existe a possibilidade de um trabalho aut\u00f4nimo e entra no mercado. Muitas vezes, com aquecimento da economia, essa pessoa sente necessidade de se formalizar\u201d, analisa Kratochwill.<\/p><\/blockquote>\n<h2>Menos desalentados<\/h2>\n<p><strong>A pesquisa revela que o n\u00famero de trabalhadores desalentados foi de 2,89 milh\u00f5es de pessoas, o menor desde 2016.<\/strong>\u00a0De acordo com William Kratochwill, a queda pode ser explicada pela melhoria consistente das condi\u00e7\u00f5es do mercado de trabalho. \u201cO aumento da ocupa\u00e7\u00e3o gera mais oportunidades, percebidas pelas pessoas que estavam desmotivadas\u201d, diz.<\/p>\n<p>De todas as atividades pesquisadas, o IBGE identificou que apenas o grupo administra\u00e7\u00e3o p\u00fablica, defesa, seguridade social, educa\u00e7\u00e3o, sa\u00fade humana e servi\u00e7os sociais teve crescimento no n\u00famero de ocupados (+3,7% ante o trimestre encerrado em fevereiro).<\/p>\n<p>De acordo com o analista, isso tem a ver com caracter\u00edsticas do per\u00edodo, marcado pelo in\u00edcio do ano letivo. \u201cIncentiva a contrata\u00e7\u00e3o no setor p\u00fablico, tanto professores como outros profissionais que d\u00e3o suporte, como cozinheiros\u201d, explica.<\/p>\n<h2>Rendimento<\/h2>\n<p><strong>O rendimento m\u00e9dio do brasileiro foi recorde, alcan\u00e7ando R$ 3.457. O valor \u00e9 3,1% superior quando comparado ao mesmo trimestre do ano anterior.<\/strong>\u00a0A massa de rendimentos &#8211; total de sal\u00e1rios recebido pelos brasileiros \u2013 tamb\u00e9m foi a maior registrada, atingindo R$ 354,6 bilh\u00f5es, dinheiro na m\u00e3o dos trabalhadores, que pode ser usado para movimentar a economia ou poupan\u00e7a.<\/p>\n<p>O mercado formal aquecido levou ao\u00a0recorde no n\u00famero de pessoas contribuintes para instituto de previd\u00eancia, que alcan\u00e7ou 68,3 milh\u00f5es de pessoas.<\/p>\n","protected":false},"excerpt":{"rendered":"<p>A taxa de desemprego no trimestre encerrado em maio de 2025 ficou em 6,2%. Esse patamar \u00e9 o menor registrado para o per\u00edodo desde o in\u00edcio da s\u00e9rie hist\u00f3rica, iniciada em 2012. Al\u00e9m disso, fica &#8220;extremamente pr\u00f3ximo&#8221; do menor \u00edndice j\u00e1 apurado, 6,1%, marca alcan\u00e7ada no trimestre terminado em novembro de 2024. Os dados foram &hellip;<\/p>\n","protected":false},"author":1,"featured_media":5769,"comment_status":"closed","ping_status":"closed","sticky":false,"template":"","format":"standard","meta":{"footnotes":""},"categories":[30],"tags":[],"class_list":["post-5768","post","type-post","status-publish","format-standard","has-post-thumbnail","hentry","category-geral"],"yoast_head":"<!-- This site is optimized with the Yoast SEO plugin v27.4 - https:\/\/yoast.com\/product\/yoast-seo-wordpress\/ -->\n<title>Desemprego recua para 6,2% em maio, o menor para o per\u00edodo desde 2012 - Transam\u00e9rica Mococa 93,3<\/title>\n<meta name=\"robots\" content=\"index, follow, max-snippet:-1, max-image-preview:large, max-video-preview:-1\" \/>\n<link rel=\"canonical\" href=\"https:\/\/transamerica93.com.br\/home\/desemprego-recua-para-62-em-maio-o-menor-para-o-periodo-desde-2012\/\" \/>\n<meta property=\"og:locale\" content=\"pt_BR\" \/>\n<meta property=\"og:type\" content=\"article\" \/>\n<meta property=\"og:title\" content=\"Desemprego recua para 6,2% em maio, o menor para o per\u00edodo desde 2012 - Transam\u00e9rica Mococa 93,3\" \/>\n<meta property=\"og:description\" content=\"A taxa de desemprego no trimestre encerrado em maio de 2025 ficou em 6,2%. Esse patamar \u00e9 o menor registrado para o per\u00edodo desde o in\u00edcio da s\u00e9rie hist\u00f3rica, iniciada em 2012. Al\u00e9m disso, fica &#8220;extremamente pr\u00f3ximo&#8221; do menor \u00edndice j\u00e1 apurado, 6,1%, marca alcan\u00e7ada no trimestre terminado em novembro de 2024. Os dados foram &hellip;\" \/>\n<meta property=\"og:url\" content=\"https:\/\/transamerica93.com.br\/home\/desemprego-recua-para-62-em-maio-o-menor-para-o-periodo-desde-2012\/\" \/>\n<meta property=\"og:site_name\" content=\"Transam\u00e9rica Mococa 93,3\" \/>\n<meta property=\"article:publisher\" content=\"https:\/\/www.facebook.com\/transamericamococa\" \/>\n<meta property=\"article:published_time\" content=\"2025-07-03T12:00:13+00:00\" \/>\n<meta property=\"og:image\" content=\"https:\/\/transamerica93.com.br\/home\/wp-content\/uploads\/2025\/06\/1-7.jpg\" \/>\n\t<meta property=\"og:image:width\" content=\"1170\" \/>\n\t<meta property=\"og:image:height\" content=\"700\" \/>\n\t<meta property=\"og:image:type\" content=\"image\/jpeg\" \/>\n<meta name=\"author\" content=\"Reda\u00e7\u00e3o\" \/>\n<meta name=\"twitter:card\" content=\"summary_large_image\" \/>\n<meta name=\"twitter:creator\" content=\"@transamerica933\" \/>\n<meta name=\"twitter:site\" content=\"@transamerica933\" \/>\n<meta name=\"twitter:label1\" content=\"Escrito por\" \/>\n\t<meta name=\"twitter:data1\" content=\"Reda\u00e7\u00e3o\" \/>\n\t<meta name=\"twitter:label2\" content=\"Est. tempo de leitura\" \/>\n\t<meta name=\"twitter:data2\" content=\"5 minutos\" \/>\n<script type=\"application\/ld+json\" class=\"yoast-schema-graph\">{\"@context\":\"https:\\\/\\\/schema.org\",\"@graph\":[{\"@type\":\"Article\",\"@id\":\"https:\\\/\\\/transamerica93.com.br\\\/home\\\/desemprego-recua-para-62-em-maio-o-menor-para-o-periodo-desde-2012\\\/#article\",\"isPartOf\":{\"@id\":\"https:\\\/\\\/transamerica93.com.br\\\/home\\\/desemprego-recua-para-62-em-maio-o-menor-para-o-periodo-desde-2012\\\/\"},\"author\":{\"name\":\"Reda\u00e7\u00e3o\",\"@id\":\"https:\\\/\\\/transamerica93.com.br\\\/home\\\/#\\\/schema\\\/person\\\/7fed7c99c0d4562efa8561bc0f543172\"},\"headline\":\"Desemprego recua para 6,2% em maio, o menor para o per\u00edodo desde 2012\",\"datePublished\":\"2025-07-03T12:00:13+00:00\",\"mainEntityOfPage\":{\"@id\":\"https:\\\/\\\/transamerica93.com.br\\\/home\\\/desemprego-recua-para-62-em-maio-o-menor-para-o-periodo-desde-2012\\\/\"},\"wordCount\":946,\"publisher\":{\"@id\":\"https:\\\/\\\/transamerica93.com.br\\\/home\\\/#organization\"},\"image\":{\"@id\":\"https:\\\/\\\/transamerica93.com.br\\\/home\\\/desemprego-recua-para-62-em-maio-o-menor-para-o-periodo-desde-2012\\\/#primaryimage\"},\"thumbnailUrl\":\"https:\\\/\\\/transamerica93.com.br\\\/home\\\/wp-content\\\/uploads\\\/2025\\\/06\\\/1-7.jpg\",\"articleSection\":[\"Geral\"],\"inLanguage\":\"pt-BR\"},{\"@type\":\"WebPage\",\"@id\":\"https:\\\/\\\/transamerica93.com.br\\\/home\\\/desemprego-recua-para-62-em-maio-o-menor-para-o-periodo-desde-2012\\\/\",\"url\":\"https:\\\/\\\/transamerica93.com.br\\\/home\\\/desemprego-recua-para-62-em-maio-o-menor-para-o-periodo-desde-2012\\\/\",\"name\":\"Desemprego recua para 6,2% em maio, o menor para o per\u00edodo desde 2012 - Transam\u00e9rica Mococa 93,3\",\"isPartOf\":{\"@id\":\"https:\\\/\\\/transamerica93.com.br\\\/home\\\/#website\"},\"primaryImageOfPage\":{\"@id\":\"https:\\\/\\\/transamerica93.com.br\\\/home\\\/desemprego-recua-para-62-em-maio-o-menor-para-o-periodo-desde-2012\\\/#primaryimage\"},\"image\":{\"@id\":\"https:\\\/\\\/transamerica93.com.br\\\/home\\\/desemprego-recua-para-62-em-maio-o-menor-para-o-periodo-desde-2012\\\/#primaryimage\"},\"thumbnailUrl\":\"https:\\\/\\\/transamerica93.com.br\\\/home\\\/wp-content\\\/uploads\\\/2025\\\/06\\\/1-7.jpg\",\"datePublished\":\"2025-07-03T12:00:13+00:00\",\"breadcrumb\":{\"@id\":\"https:\\\/\\\/transamerica93.com.br\\\/home\\\/desemprego-recua-para-62-em-maio-o-menor-para-o-periodo-desde-2012\\\/#breadcrumb\"},\"inLanguage\":\"pt-BR\",\"potentialAction\":[{\"@type\":\"ReadAction\",\"target\":[\"https:\\\/\\\/transamerica93.com.br\\\/home\\\/desemprego-recua-para-62-em-maio-o-menor-para-o-periodo-desde-2012\\\/\"]}]},{\"@type\":\"ImageObject\",\"inLanguage\":\"pt-BR\",\"@id\":\"https:\\\/\\\/transamerica93.com.br\\\/home\\\/desemprego-recua-para-62-em-maio-o-menor-para-o-periodo-desde-2012\\\/#primaryimage\",\"url\":\"https:\\\/\\\/transamerica93.com.br\\\/home\\\/wp-content\\\/uploads\\\/2025\\\/06\\\/1-7.jpg\",\"contentUrl\":\"https:\\\/\\\/transamerica93.com.br\\\/home\\\/wp-content\\\/uploads\\\/2025\\\/06\\\/1-7.jpg\",\"width\":1170,\"height\":700},{\"@type\":\"BreadcrumbList\",\"@id\":\"https:\\\/\\\/transamerica93.com.br\\\/home\\\/desemprego-recua-para-62-em-maio-o-menor-para-o-periodo-desde-2012\\\/#breadcrumb\",\"itemListElement\":[{\"@type\":\"ListItem\",\"position\":1,\"name\":\"In\u00edcio\",\"item\":\"https:\\\/\\\/transamerica93.com.br\\\/home\\\/\"},{\"@type\":\"ListItem\",\"position\":2,\"name\":\"Desemprego recua para 6,2% em maio, o menor para o per\u00edodo desde 2012\"}]},{\"@type\":\"WebSite\",\"@id\":\"https:\\\/\\\/transamerica93.com.br\\\/home\\\/#website\",\"url\":\"https:\\\/\\\/transamerica93.com.br\\\/home\\\/\",\"name\":\"Transam\u00e9rica Mococa 93,3\",\"description\":\"\",\"publisher\":{\"@id\":\"https:\\\/\\\/transamerica93.com.br\\\/home\\\/#organization\"},\"potentialAction\":[{\"@type\":\"SearchAction\",\"target\":{\"@type\":\"EntryPoint\",\"urlTemplate\":\"https:\\\/\\\/transamerica93.com.br\\\/home\\\/?s={search_term_string}\"},\"query-input\":{\"@type\":\"PropertyValueSpecification\",\"valueRequired\":true,\"valueName\":\"search_term_string\"}}],\"inLanguage\":\"pt-BR\"},{\"@type\":\"Organization\",\"@id\":\"https:\\\/\\\/transamerica93.com.br\\\/home\\\/#organization\",\"name\":\"Transam\u00e9rica Mococa 93,3\",\"url\":\"https:\\\/\\\/transamerica93.com.br\\\/home\\\/\",\"logo\":{\"@type\":\"ImageObject\",\"inLanguage\":\"pt-BR\",\"@id\":\"https:\\\/\\\/transamerica93.com.br\\\/home\\\/#\\\/schema\\\/logo\\\/image\\\/\",\"url\":\"https:\\\/\\\/transamerica93.com.br\\\/home\\\/wp-content\\\/uploads\\\/2023\\\/10\\\/logo2.png\",\"contentUrl\":\"https:\\\/\\\/transamerica93.com.br\\\/home\\\/wp-content\\\/uploads\\\/2023\\\/10\\\/logo2.png\",\"width\":800,\"height\":500,\"caption\":\"Transam\u00e9rica Mococa 93,3\"},\"image\":{\"@id\":\"https:\\\/\\\/transamerica93.com.br\\\/home\\\/#\\\/schema\\\/logo\\\/image\\\/\"},\"sameAs\":[\"https:\\\/\\\/www.facebook.com\\\/transamericamococa\",\"https:\\\/\\\/x.com\\\/transamerica933\",\"https:\\\/\\\/www.instagram.com\\\/transamericamococa\"]},{\"@type\":\"Person\",\"@id\":\"https:\\\/\\\/transamerica93.com.br\\\/home\\\/#\\\/schema\\\/person\\\/7fed7c99c0d4562efa8561bc0f543172\",\"name\":\"Reda\u00e7\u00e3o\",\"image\":{\"@type\":\"ImageObject\",\"inLanguage\":\"pt-BR\",\"@id\":\"https:\\\/\\\/secure.gravatar.com\\\/avatar\\\/1072c6b775fb02ef8506ce967551d95926669a6b7d2c2147b42eea4d7c68395e?s=96&d=mm&r=g\",\"url\":\"https:\\\/\\\/secure.gravatar.com\\\/avatar\\\/1072c6b775fb02ef8506ce967551d95926669a6b7d2c2147b42eea4d7c68395e?s=96&d=mm&r=g\",\"contentUrl\":\"https:\\\/\\\/secure.gravatar.com\\\/avatar\\\/1072c6b775fb02ef8506ce967551d95926669a6b7d2c2147b42eea4d7c68395e?s=96&d=mm&r=g\",\"caption\":\"Reda\u00e7\u00e3o\"},\"sameAs\":[\"https:\\\/\\\/transamerica93.com.br\\\/home\"],\"url\":\"https:\\\/\\\/transamerica93.com.br\\\/home\\\/author\\\/william\\\/\"}]}<\/script>\n<!-- \/ Yoast SEO plugin. -->","yoast_head_json":{"title":"Desemprego recua para 6,2% em maio, o menor para o per\u00edodo desde 2012 - Transam\u00e9rica Mococa 93,3","robots":{"index":"index","follow":"follow","max-snippet":"max-snippet:-1","max-image-preview":"max-image-preview:large","max-video-preview":"max-video-preview:-1"},"canonical":"https:\/\/transamerica93.com.br\/home\/desemprego-recua-para-62-em-maio-o-menor-para-o-periodo-desde-2012\/","og_locale":"pt_BR","og_type":"article","og_title":"Desemprego recua para 6,2% em maio, o menor para o per\u00edodo desde 2012 - Transam\u00e9rica Mococa 93,3","og_description":"A taxa de desemprego no trimestre encerrado em maio de 2025 ficou em 6,2%. Esse patamar \u00e9 o menor registrado para o per\u00edodo desde o in\u00edcio da s\u00e9rie hist\u00f3rica, iniciada em 2012. Al\u00e9m disso, fica &#8220;extremamente pr\u00f3ximo&#8221; do menor \u00edndice j\u00e1 apurado, 6,1%, marca alcan\u00e7ada no trimestre terminado em novembro de 2024. Os dados foram &hellip;","og_url":"https:\/\/transamerica93.com.br\/home\/desemprego-recua-para-62-em-maio-o-menor-para-o-periodo-desde-2012\/","og_site_name":"Transam\u00e9rica Mococa 93,3","article_publisher":"https:\/\/www.facebook.com\/transamericamococa","article_published_time":"2025-07-03T12:00:13+00:00","og_image":[{"width":1170,"height":700,"url":"https:\/\/transamerica93.com.br\/home\/wp-content\/uploads\/2025\/06\/1-7.jpg","type":"image\/jpeg"}],"author":"Reda\u00e7\u00e3o","twitter_card":"summary_large_image","twitter_creator":"@transamerica933","twitter_site":"@transamerica933","twitter_misc":{"Escrito por":"Reda\u00e7\u00e3o","Est. tempo de leitura":"5 minutos"},"schema":{"@context":"https:\/\/schema.org","@graph":[{"@type":"Article","@id":"https:\/\/transamerica93.com.br\/home\/desemprego-recua-para-62-em-maio-o-menor-para-o-periodo-desde-2012\/#article","isPartOf":{"@id":"https:\/\/transamerica93.com.br\/home\/desemprego-recua-para-62-em-maio-o-menor-para-o-periodo-desde-2012\/"},"author":{"name":"Reda\u00e7\u00e3o","@id":"https:\/\/transamerica93.com.br\/home\/#\/schema\/person\/7fed7c99c0d4562efa8561bc0f543172"},"headline":"Desemprego recua para 6,2% em maio, o menor para o per\u00edodo desde 2012","datePublished":"2025-07-03T12:00:13+00:00","mainEntityOfPage":{"@id":"https:\/\/transamerica93.com.br\/home\/desemprego-recua-para-62-em-maio-o-menor-para-o-periodo-desde-2012\/"},"wordCount":946,"publisher":{"@id":"https:\/\/transamerica93.com.br\/home\/#organization"},"image":{"@id":"https:\/\/transamerica93.com.br\/home\/desemprego-recua-para-62-em-maio-o-menor-para-o-periodo-desde-2012\/#primaryimage"},"thumbnailUrl":"https:\/\/transamerica93.com.br\/home\/wp-content\/uploads\/2025\/06\/1-7.jpg","articleSection":["Geral"],"inLanguage":"pt-BR"},{"@type":"WebPage","@id":"https:\/\/transamerica93.com.br\/home\/desemprego-recua-para-62-em-maio-o-menor-para-o-periodo-desde-2012\/","url":"https:\/\/transamerica93.com.br\/home\/desemprego-recua-para-62-em-maio-o-menor-para-o-periodo-desde-2012\/","name":"Desemprego recua para 6,2% em maio, o menor para o per\u00edodo desde 2012 - Transam\u00e9rica Mococa 93,3","isPartOf":{"@id":"https:\/\/transamerica93.com.br\/home\/#website"},"primaryImageOfPage":{"@id":"https:\/\/transamerica93.com.br\/home\/desemprego-recua-para-62-em-maio-o-menor-para-o-periodo-desde-2012\/#primaryimage"},"image":{"@id":"https:\/\/transamerica93.com.br\/home\/desemprego-recua-para-62-em-maio-o-menor-para-o-periodo-desde-2012\/#primaryimage"},"thumbnailUrl":"https:\/\/transamerica93.com.br\/home\/wp-content\/uploads\/2025\/06\/1-7.jpg","datePublished":"2025-07-03T12:00:13+00:00","breadcrumb":{"@id":"https:\/\/transamerica93.com.br\/home\/desemprego-recua-para-62-em-maio-o-menor-para-o-periodo-desde-2012\/#breadcrumb"},"inLanguage":"pt-BR","potentialAction":[{"@type":"ReadAction","target":["https:\/\/transamerica93.com.br\/home\/desemprego-recua-para-62-em-maio-o-menor-para-o-periodo-desde-2012\/"]}]},{"@type":"ImageObject","inLanguage":"pt-BR","@id":"https:\/\/transamerica93.com.br\/home\/desemprego-recua-para-62-em-maio-o-menor-para-o-periodo-desde-2012\/#primaryimage","url":"https:\/\/transamerica93.com.br\/home\/wp-content\/uploads\/2025\/06\/1-7.jpg","contentUrl":"https:\/\/transamerica93.com.br\/home\/wp-content\/uploads\/2025\/06\/1-7.jpg","width":1170,"height":700},{"@type":"BreadcrumbList","@id":"https:\/\/transamerica93.com.br\/home\/desemprego-recua-para-62-em-maio-o-menor-para-o-periodo-desde-2012\/#breadcrumb","itemListElement":[{"@type":"ListItem","position":1,"name":"In\u00edcio","item":"https:\/\/transamerica93.com.br\/home\/"},{"@type":"ListItem","position":2,"name":"Desemprego recua para 6,2% em maio, o menor para o per\u00edodo desde 2012"}]},{"@type":"WebSite","@id":"https:\/\/transamerica93.com.br\/home\/#website","url":"https:\/\/transamerica93.com.br\/home\/","name":"Transam\u00e9rica Mococa 93,3","description":"","publisher":{"@id":"https:\/\/transamerica93.com.br\/home\/#organization"},"potentialAction":[{"@type":"SearchAction","target":{"@type":"EntryPoint","urlTemplate":"https:\/\/transamerica93.com.br\/home\/?s={search_term_string}"},"query-input":{"@type":"PropertyValueSpecification","valueRequired":true,"valueName":"search_term_string"}}],"inLanguage":"pt-BR"},{"@type":"Organization","@id":"https:\/\/transamerica93.com.br\/home\/#organization","name":"Transam\u00e9rica Mococa 93,3","url":"https:\/\/transamerica93.com.br\/home\/","logo":{"@type":"ImageObject","inLanguage":"pt-BR","@id":"https:\/\/transamerica93.com.br\/home\/#\/schema\/logo\/image\/","url":"https:\/\/transamerica93.com.br\/home\/wp-content\/uploads\/2023\/10\/logo2.png","contentUrl":"https:\/\/transamerica93.com.br\/home\/wp-content\/uploads\/2023\/10\/logo2.png","width":800,"height":500,"caption":"Transam\u00e9rica Mococa 93,3"},"image":{"@id":"https:\/\/transamerica93.com.br\/home\/#\/schema\/logo\/image\/"},"sameAs":["https:\/\/www.facebook.com\/transamericamococa","https:\/\/x.com\/transamerica933","https:\/\/www.instagram.com\/transamericamococa"]},{"@type":"Person","@id":"https:\/\/transamerica93.com.br\/home\/#\/schema\/person\/7fed7c99c0d4562efa8561bc0f543172","name":"Reda\u00e7\u00e3o","image":{"@type":"ImageObject","inLanguage":"pt-BR","@id":"https:\/\/secure.gravatar.com\/avatar\/1072c6b775fb02ef8506ce967551d95926669a6b7d2c2147b42eea4d7c68395e?s=96&d=mm&r=g","url":"https:\/\/secure.gravatar.com\/avatar\/1072c6b775fb02ef8506ce967551d95926669a6b7d2c2147b42eea4d7c68395e?s=96&d=mm&r=g","contentUrl":"https:\/\/secure.gravatar.com\/avatar\/1072c6b775fb02ef8506ce967551d95926669a6b7d2c2147b42eea4d7c68395e?s=96&d=mm&r=g","caption":"Reda\u00e7\u00e3o"},"sameAs":["https:\/\/transamerica93.com.br\/home"],"url":"https:\/\/transamerica93.com.br\/home\/author\/william\/"}]}},"_links":{"self":[{"href":"https:\/\/transamerica93.com.br\/home\/wp-json\/wp\/v2\/posts\/5768","targetHints":{"allow":["GET"]}}],"collection":[{"href":"https:\/\/transamerica93.com.br\/home\/wp-json\/wp\/v2\/posts"}],"about":[{"href":"https:\/\/transamerica93.com.br\/home\/wp-json\/wp\/v2\/types\/post"}],"author":[{"embeddable":true,"href":"https:\/\/transamerica93.com.br\/home\/wp-json\/wp\/v2\/users\/1"}],"replies":[{"embeddable":true,"href":"https:\/\/transamerica93.com.br\/home\/wp-json\/wp\/v2\/comments?post=5768"}],"version-history":[{"count":1,"href":"https:\/\/transamerica93.com.br\/home\/wp-json\/wp\/v2\/posts\/5768\/revisions"}],"predecessor-version":[{"id":5770,"href":"https:\/\/transamerica93.com.br\/home\/wp-json\/wp\/v2\/posts\/5768\/revisions\/5770"}],"wp:featuredmedia":[{"embeddable":true,"href":"https:\/\/transamerica93.com.br\/home\/wp-json\/wp\/v2\/media\/5769"}],"wp:attachment":[{"href":"https:\/\/transamerica93.com.br\/home\/wp-json\/wp\/v2\/media?parent=5768"}],"wp:term":[{"taxonomy":"category","embeddable":true,"href":"https:\/\/transamerica93.com.br\/home\/wp-json\/wp\/v2\/categories?post=5768"},{"taxonomy":"post_tag","embeddable":true,"href":"https:\/\/transamerica93.com.br\/home\/wp-json\/wp\/v2\/tags?post=5768"}],"curies":[{"name":"wp","href":"https:\/\/api.w.org\/{rel}","templated":true}]}}