{"id":5774,"date":"2025-06-30T12:00:38","date_gmt":"2025-06-30T15:00:38","guid":{"rendered":"https:\/\/transamerica93.com.br\/home\/?p=5774"},"modified":"2025-06-27T17:08:48","modified_gmt":"2025-06-27T20:08:48","slug":"sera-um-marco-para-o-futebol-feminino-diz-marta-sobre-copa-no-brasil","status":"publish","type":"post","link":"https:\/\/transamerica93.com.br\/home\/sera-um-marco-para-o-futebol-feminino-diz-marta-sobre-copa-no-brasil\/","title":{"rendered":"Ser\u00e1 um marco para o futebol feminino, diz Marta sobre Copa no Brasil"},"content":{"rendered":"<p>Faltam dois anos para a abertura da Copa do Mundo de futebol feminino no Brasil,\u00a0<a href=\"https:\/\/agenciabrasil.ebc.com.br\/esportes\/noticia\/2025-05\/conheca-as-oito-cidades-da-copa-do-mundo-feminina-de-2027-no-Brasil\"><strong>com jogos em oito capitais<\/strong><\/a>:\u00a0Belo Horizonte, Bras\u00edlia, Fortaleza, Porto Alegre, Recife, Rio de Janeiro, S\u00e3o Paulo e Salvador. \u00a0E quem n\u00e3o v\u00ea a hora de o evento come\u00e7ar \u00e9 Marta, a maior artilheira do pa\u00eds na hist\u00f3ria dos Mundiais e seis vezes eleita a melhor jogadora do mundo. A atacante, que vestiu a amarelinha em cinco edi\u00e7\u00f5es da Copa (2003, 2007, 2011, 2015 e 2019), n\u00e3o segura a emo\u00e7\u00e3o ao falar da expectativa de poder jogar e acompanhar a competi\u00e7\u00e3o dentro do pa\u00eds.<img decoding=\"async\" data-src=\"https:\/\/agenciabrasil.ebc.com.br\/ebc.png?id=1648179&amp;o=node\" src=\"data:image\/svg+xml;base64,PHN2ZyB3aWR0aD0iMSIgaGVpZ2h0PSIxIiB4bWxucz0iaHR0cDovL3d3dy53My5vcmcvMjAwMC9zdmciPjwvc3ZnPg==\" class=\"lazyload\" \/><img decoding=\"async\" data-src=\"https:\/\/agenciabrasil.ebc.com.br\/ebc.gif?id=1648179&amp;o=node\" src=\"data:image\/svg+xml;base64,PHN2ZyB3aWR0aD0iMSIgaGVpZ2h0PSIxIiB4bWxucz0iaHR0cDovL3d3dy53My5vcmcvMjAwMC9zdmciPjwvc3ZnPg==\" class=\"lazyload\" \/><\/p>\n<blockquote><p>\u201cA Copa do Mundo de 2027 da Fifa no Brasil representa um sonho: \u00e9 a primeira Copa feminina da categoria adulta na Am\u00e9rica do Sul. A gente est\u00e1 super orgulhosa de poder sediar um evento t\u00e3o grande como esse\u201d, disse Marta, que saiu de Dois Riachos, no sert\u00e3o alagoano, para ganhar o mundo como atacante.<\/p><\/blockquote>\n<p><a href=\"https:\/\/www.whatsapp.com\/channel\/0029VaoRTgrInlqYLSk59B2M\" target=\"_blank\" rel=\"noopener\">&gt;&gt; Siga o canal da\u00a0<strong>Ag\u00eancia Brasil\u00a0<\/strong>no WhatsApp<\/a><\/p>\n<div class=\"dnd-widget-wrapper context-cheio_8colunas type-image\">\n<div class=\"dnd-atom-rendered\"><img decoding=\"async\" title=\"Thais Magalh\u00e3es\/CBF\/Direitos Reservados\" data-src=\"https:\/\/imagens.ebc.com.br\/1aq9Vz8iR6ZQeq6cA7icHRv5gyg=\/754x0\/smart\/https:\/\/agenciabrasil.ebc.com.br\/sites\/default\/files\/thumbnails\/image\/52779701775_8a213a3c95_o.jpg?itok=f0aBkrMB\" alt=\"trof\u00e9u, copa do mundo de futebol feminino, Rio de Janeiro, ta\u00e7a\" src=\"data:image\/svg+xml;base64,PHN2ZyB3aWR0aD0iMSIgaGVpZ2h0PSIxIiB4bWxucz0iaHR0cDovL3d3dy53My5vcmcvMjAwMC9zdmciPjwvc3ZnPg==\" class=\"lazyload\" \/><\/div>\n<div class=\"dnd-caption-wrapper\">\n<div><\/div>\n<div class=\"meta\">Al\u00e9m da cidade do\u00a0Rio de Janeiro, o Mundial de 2027 ter\u00e1 partidas em outras sete capitais: Belo Horizonte, Bras\u00edlia, Fortaleza, Porto Alegre, Recife,\u00a0S\u00e3o Paulo e Salvador\u00a0<strong>Thais Magalh\u00e3es\/CBF\/Direitos Reservados<\/strong><\/div>\n<\/div>\n<\/div>\n<p>O Mundial feminino no Brasil reunir\u00e1 32 sele\u00e7\u00f5es de 24 de junho a 25 de julho de 2027.\u00a0<a href=\"https:\/\/agenciabrasil.ebc.com.br\/esportes\/noticia\/2024-08\/brasil-e-prata-no-futebol-feminino-apos-reves-contra-eua-na-final\"><strong>Vice-campe\u00e3 ol\u00edmpica nos Jogos de Paris<\/strong><\/a><b>\u00a0<\/b>no ano passado, a sele\u00e7\u00e3o comandada pelo t\u00e9cnico Arthur Elias ser\u00e1 o centro das aten\u00e7\u00f5es. E o treinador ressalta a grande responsabilidade de o escrete fazer jus como representante do pa\u00eds.<\/p>\n<blockquote><p>&#8220;Estamos trabalhando muito para fazer uma grande Copa do Mundo em casa com o nosso torcedor. Isso \u00e9 motivo de orgulho e muita responsabilidade. Queremos deixar um marco hist\u00f3rico que impulsione a equidade necess\u00e1ria para desenvolvimento do futebol feminino brasileiro\u201d, afirmou Elias, em depoimento ao site da Confedera\u00e7\u00e3o Brasileira de Futebol (CBF).<\/p><\/blockquote>\n<p>Marta compartilha da opini\u00e3o do treinador e acredita que o sucesso do evento favore\u00e7a as pr\u00f3ximas gera\u00e7\u00f5es de atletas.<\/p>\n<blockquote><p>\u201cO mais importante para a gente \u00e9 que realmente a gente possa deixar um legado muito especial, para que o futebol feminino s\u00f3 venha a crescer mais e mais\u201d, disse a camisa 10, autora de 122 gols com a amarelinha. \u201cVamos trabalhar duro para que tudo seja perfeito, e esse evento seja um marco na hist\u00f3ria do futebol feminino\u201d, projetou Marta, estrela do futebol mundial.<\/p><\/blockquote>\n","protected":false},"excerpt":{"rendered":"<p>Faltam dois anos para a abertura da Copa do Mundo de futebol feminino no Brasil,\u00a0com jogos em oito capitais:\u00a0Belo Horizonte, Bras\u00edlia, Fortaleza, Porto Alegre, Recife, Rio de Janeiro, S\u00e3o Paulo e Salvador. \u00a0E quem n\u00e3o v\u00ea a hora de o evento come\u00e7ar \u00e9 Marta, a maior artilheira do pa\u00eds na hist\u00f3ria dos Mundiais e seis &hellip;<\/p>\n","protected":false},"author":1,"featured_media":5775,"comment_status":"closed","ping_status":"closed","sticky":false,"template":"","format":"standard","meta":{"footnotes":""},"categories":[31],"tags":[],"class_list":["post-5774","post","type-post","status-publish","format-standard","has-post-thumbnail","hentry","category-esportes"],"yoast_head":"<!-- This site is optimized with the Yoast SEO plugin v27.4 - https:\/\/yoast.com\/product\/yoast-seo-wordpress\/ -->\n<title>Ser\u00e1 um marco para o futebol feminino, diz Marta sobre Copa no Brasil - Transam\u00e9rica Mococa 93,3<\/title>\n<meta name=\"robots\" content=\"index, follow, max-snippet:-1, max-image-preview:large, max-video-preview:-1\" \/>\n<link rel=\"canonical\" href=\"https:\/\/transamerica93.com.br\/home\/sera-um-marco-para-o-futebol-feminino-diz-marta-sobre-copa-no-brasil\/\" \/>\n<meta property=\"og:locale\" content=\"pt_BR\" \/>\n<meta property=\"og:type\" content=\"article\" \/>\n<meta property=\"og:title\" content=\"Ser\u00e1 um marco para o futebol feminino, diz Marta sobre Copa no Brasil - Transam\u00e9rica Mococa 93,3\" \/>\n<meta property=\"og:description\" content=\"Faltam dois anos para a abertura da Copa do Mundo de futebol feminino no Brasil,\u00a0com jogos em oito capitais:\u00a0Belo Horizonte, Bras\u00edlia, Fortaleza, Porto Alegre, Recife, Rio de Janeiro, S\u00e3o Paulo e Salvador. \u00a0E quem n\u00e3o v\u00ea a hora de o evento come\u00e7ar \u00e9 Marta, a maior artilheira do pa\u00eds na hist\u00f3ria dos Mundiais e seis &hellip;\" \/>\n<meta property=\"og:url\" content=\"https:\/\/transamerica93.com.br\/home\/sera-um-marco-para-o-futebol-feminino-diz-marta-sobre-copa-no-brasil\/\" \/>\n<meta property=\"og:site_name\" content=\"Transam\u00e9rica Mococa 93,3\" \/>\n<meta property=\"article:publisher\" content=\"https:\/\/www.facebook.com\/transamericamococa\" \/>\n<meta property=\"article:published_time\" content=\"2025-06-30T15:00:38+00:00\" \/>\n<meta property=\"og:image\" content=\"https:\/\/transamerica93.com.br\/home\/wp-content\/uploads\/2025\/06\/1-9.jpg\" \/>\n\t<meta property=\"og:image:width\" content=\"1170\" \/>\n\t<meta property=\"og:image:height\" content=\"700\" \/>\n\t<meta property=\"og:image:type\" content=\"image\/jpeg\" \/>\n<meta name=\"author\" content=\"Reda\u00e7\u00e3o\" \/>\n<meta name=\"twitter:card\" content=\"summary_large_image\" \/>\n<meta name=\"twitter:creator\" content=\"@transamerica933\" \/>\n<meta name=\"twitter:site\" content=\"@transamerica933\" \/>\n<meta name=\"twitter:label1\" content=\"Escrito por\" \/>\n\t<meta name=\"twitter:data1\" content=\"Reda\u00e7\u00e3o\" \/>\n\t<meta name=\"twitter:label2\" content=\"Est. tempo de leitura\" \/>\n\t<meta name=\"twitter:data2\" content=\"2 minutos\" \/>\n<script type=\"application\/ld+json\" class=\"yoast-schema-graph\">{\"@context\":\"https:\\\/\\\/schema.org\",\"@graph\":[{\"@type\":\"Article\",\"@id\":\"https:\\\/\\\/transamerica93.com.br\\\/home\\\/sera-um-marco-para-o-futebol-feminino-diz-marta-sobre-copa-no-brasil\\\/#article\",\"isPartOf\":{\"@id\":\"https:\\\/\\\/transamerica93.com.br\\\/home\\\/sera-um-marco-para-o-futebol-feminino-diz-marta-sobre-copa-no-brasil\\\/\"},\"author\":{\"name\":\"Reda\u00e7\u00e3o\",\"@id\":\"https:\\\/\\\/transamerica93.com.br\\\/home\\\/#\\\/schema\\\/person\\\/7fed7c99c0d4562efa8561bc0f543172\"},\"headline\":\"Ser\u00e1 um marco para o futebol feminino, diz Marta sobre Copa no Brasil\",\"datePublished\":\"2025-06-30T15:00:38+00:00\",\"mainEntityOfPage\":{\"@id\":\"https:\\\/\\\/transamerica93.com.br\\\/home\\\/sera-um-marco-para-o-futebol-feminino-diz-marta-sobre-copa-no-brasil\\\/\"},\"wordCount\":417,\"publisher\":{\"@id\":\"https:\\\/\\\/transamerica93.com.br\\\/home\\\/#organization\"},\"image\":{\"@id\":\"https:\\\/\\\/transamerica93.com.br\\\/home\\\/sera-um-marco-para-o-futebol-feminino-diz-marta-sobre-copa-no-brasil\\\/#primaryimage\"},\"thumbnailUrl\":\"https:\\\/\\\/transamerica93.com.br\\\/home\\\/wp-content\\\/uploads\\\/2025\\\/06\\\/1-9.jpg\",\"articleSection\":[\"Esportes\"],\"inLanguage\":\"pt-BR\"},{\"@type\":\"WebPage\",\"@id\":\"https:\\\/\\\/transamerica93.com.br\\\/home\\\/sera-um-marco-para-o-futebol-feminino-diz-marta-sobre-copa-no-brasil\\\/\",\"url\":\"https:\\\/\\\/transamerica93.com.br\\\/home\\\/sera-um-marco-para-o-futebol-feminino-diz-marta-sobre-copa-no-brasil\\\/\",\"name\":\"Ser\u00e1 um marco para o futebol feminino, diz Marta sobre Copa no Brasil - Transam\u00e9rica Mococa 93,3\",\"isPartOf\":{\"@id\":\"https:\\\/\\\/transamerica93.com.br\\\/home\\\/#website\"},\"primaryImageOfPage\":{\"@id\":\"https:\\\/\\\/transamerica93.com.br\\\/home\\\/sera-um-marco-para-o-futebol-feminino-diz-marta-sobre-copa-no-brasil\\\/#primaryimage\"},\"image\":{\"@id\":\"https:\\\/\\\/transamerica93.com.br\\\/home\\\/sera-um-marco-para-o-futebol-feminino-diz-marta-sobre-copa-no-brasil\\\/#primaryimage\"},\"thumbnailUrl\":\"https:\\\/\\\/transamerica93.com.br\\\/home\\\/wp-content\\\/uploads\\\/2025\\\/06\\\/1-9.jpg\",\"datePublished\":\"2025-06-30T15:00:38+00:00\",\"breadcrumb\":{\"@id\":\"https:\\\/\\\/transamerica93.com.br\\\/home\\\/sera-um-marco-para-o-futebol-feminino-diz-marta-sobre-copa-no-brasil\\\/#breadcrumb\"},\"inLanguage\":\"pt-BR\",\"potentialAction\":[{\"@type\":\"ReadAction\",\"target\":[\"https:\\\/\\\/transamerica93.com.br\\\/home\\\/sera-um-marco-para-o-futebol-feminino-diz-marta-sobre-copa-no-brasil\\\/\"]}]},{\"@type\":\"ImageObject\",\"inLanguage\":\"pt-BR\",\"@id\":\"https:\\\/\\\/transamerica93.com.br\\\/home\\\/sera-um-marco-para-o-futebol-feminino-diz-marta-sobre-copa-no-brasil\\\/#primaryimage\",\"url\":\"https:\\\/\\\/transamerica93.com.br\\\/home\\\/wp-content\\\/uploads\\\/2025\\\/06\\\/1-9.jpg\",\"contentUrl\":\"https:\\\/\\\/transamerica93.com.br\\\/home\\\/wp-content\\\/uploads\\\/2025\\\/06\\\/1-9.jpg\",\"width\":1170,\"height\":700},{\"@type\":\"BreadcrumbList\",\"@id\":\"https:\\\/\\\/transamerica93.com.br\\\/home\\\/sera-um-marco-para-o-futebol-feminino-diz-marta-sobre-copa-no-brasil\\\/#breadcrumb\",\"itemListElement\":[{\"@type\":\"ListItem\",\"position\":1,\"name\":\"In\u00edcio\",\"item\":\"https:\\\/\\\/transamerica93.com.br\\\/home\\\/\"},{\"@type\":\"ListItem\",\"position\":2,\"name\":\"Ser\u00e1 um marco para o futebol feminino, diz Marta sobre Copa no Brasil\"}]},{\"@type\":\"WebSite\",\"@id\":\"https:\\\/\\\/transamerica93.com.br\\\/home\\\/#website\",\"url\":\"https:\\\/\\\/transamerica93.com.br\\\/home\\\/\",\"name\":\"Transam\u00e9rica Mococa 93,3\",\"description\":\"\",\"publisher\":{\"@id\":\"https:\\\/\\\/transamerica93.com.br\\\/home\\\/#organization\"},\"potentialAction\":[{\"@type\":\"SearchAction\",\"target\":{\"@type\":\"EntryPoint\",\"urlTemplate\":\"https:\\\/\\\/transamerica93.com.br\\\/home\\\/?s={search_term_string}\"},\"query-input\":{\"@type\":\"PropertyValueSpecification\",\"valueRequired\":true,\"valueName\":\"search_term_string\"}}],\"inLanguage\":\"pt-BR\"},{\"@type\":\"Organization\",\"@id\":\"https:\\\/\\\/transamerica93.com.br\\\/home\\\/#organization\",\"name\":\"Transam\u00e9rica Mococa 93,3\",\"url\":\"https:\\\/\\\/transamerica93.com.br\\\/home\\\/\",\"logo\":{\"@type\":\"ImageObject\",\"inLanguage\":\"pt-BR\",\"@id\":\"https:\\\/\\\/transamerica93.com.br\\\/home\\\/#\\\/schema\\\/logo\\\/image\\\/\",\"url\":\"https:\\\/\\\/transamerica93.com.br\\\/home\\\/wp-content\\\/uploads\\\/2023\\\/10\\\/logo2.png\",\"contentUrl\":\"https:\\\/\\\/transamerica93.com.br\\\/home\\\/wp-content\\\/uploads\\\/2023\\\/10\\\/logo2.png\",\"width\":800,\"height\":500,\"caption\":\"Transam\u00e9rica Mococa 93,3\"},\"image\":{\"@id\":\"https:\\\/\\\/transamerica93.com.br\\\/home\\\/#\\\/schema\\\/logo\\\/image\\\/\"},\"sameAs\":[\"https:\\\/\\\/www.facebook.com\\\/transamericamococa\",\"https:\\\/\\\/x.com\\\/transamerica933\",\"https:\\\/\\\/www.instagram.com\\\/transamericamococa\"]},{\"@type\":\"Person\",\"@id\":\"https:\\\/\\\/transamerica93.com.br\\\/home\\\/#\\\/schema\\\/person\\\/7fed7c99c0d4562efa8561bc0f543172\",\"name\":\"Reda\u00e7\u00e3o\",\"image\":{\"@type\":\"ImageObject\",\"inLanguage\":\"pt-BR\",\"@id\":\"https:\\\/\\\/secure.gravatar.com\\\/avatar\\\/1072c6b775fb02ef8506ce967551d95926669a6b7d2c2147b42eea4d7c68395e?s=96&d=mm&r=g\",\"url\":\"https:\\\/\\\/secure.gravatar.com\\\/avatar\\\/1072c6b775fb02ef8506ce967551d95926669a6b7d2c2147b42eea4d7c68395e?s=96&d=mm&r=g\",\"contentUrl\":\"https:\\\/\\\/secure.gravatar.com\\\/avatar\\\/1072c6b775fb02ef8506ce967551d95926669a6b7d2c2147b42eea4d7c68395e?s=96&d=mm&r=g\",\"caption\":\"Reda\u00e7\u00e3o\"},\"sameAs\":[\"https:\\\/\\\/transamerica93.com.br\\\/home\"],\"url\":\"https:\\\/\\\/transamerica93.com.br\\\/home\\\/author\\\/william\\\/\"}]}<\/script>\n<!-- \/ Yoast SEO plugin. -->","yoast_head_json":{"title":"Ser\u00e1 um marco para o futebol feminino, diz Marta sobre Copa no Brasil - Transam\u00e9rica Mococa 93,3","robots":{"index":"index","follow":"follow","max-snippet":"max-snippet:-1","max-image-preview":"max-image-preview:large","max-video-preview":"max-video-preview:-1"},"canonical":"https:\/\/transamerica93.com.br\/home\/sera-um-marco-para-o-futebol-feminino-diz-marta-sobre-copa-no-brasil\/","og_locale":"pt_BR","og_type":"article","og_title":"Ser\u00e1 um marco para o futebol feminino, diz Marta sobre Copa no Brasil - Transam\u00e9rica Mococa 93,3","og_description":"Faltam dois anos para a abertura da Copa do Mundo de futebol feminino no Brasil,\u00a0com jogos em oito capitais:\u00a0Belo Horizonte, Bras\u00edlia, Fortaleza, Porto Alegre, Recife, Rio de Janeiro, S\u00e3o Paulo e Salvador. \u00a0E quem n\u00e3o v\u00ea a hora de o evento come\u00e7ar \u00e9 Marta, a maior artilheira do pa\u00eds na hist\u00f3ria dos Mundiais e seis &hellip;","og_url":"https:\/\/transamerica93.com.br\/home\/sera-um-marco-para-o-futebol-feminino-diz-marta-sobre-copa-no-brasil\/","og_site_name":"Transam\u00e9rica Mococa 93,3","article_publisher":"https:\/\/www.facebook.com\/transamericamococa","article_published_time":"2025-06-30T15:00:38+00:00","og_image":[{"width":1170,"height":700,"url":"https:\/\/transamerica93.com.br\/home\/wp-content\/uploads\/2025\/06\/1-9.jpg","type":"image\/jpeg"}],"author":"Reda\u00e7\u00e3o","twitter_card":"summary_large_image","twitter_creator":"@transamerica933","twitter_site":"@transamerica933","twitter_misc":{"Escrito por":"Reda\u00e7\u00e3o","Est. tempo de leitura":"2 minutos"},"schema":{"@context":"https:\/\/schema.org","@graph":[{"@type":"Article","@id":"https:\/\/transamerica93.com.br\/home\/sera-um-marco-para-o-futebol-feminino-diz-marta-sobre-copa-no-brasil\/#article","isPartOf":{"@id":"https:\/\/transamerica93.com.br\/home\/sera-um-marco-para-o-futebol-feminino-diz-marta-sobre-copa-no-brasil\/"},"author":{"name":"Reda\u00e7\u00e3o","@id":"https:\/\/transamerica93.com.br\/home\/#\/schema\/person\/7fed7c99c0d4562efa8561bc0f543172"},"headline":"Ser\u00e1 um marco para o futebol feminino, diz Marta sobre Copa no Brasil","datePublished":"2025-06-30T15:00:38+00:00","mainEntityOfPage":{"@id":"https:\/\/transamerica93.com.br\/home\/sera-um-marco-para-o-futebol-feminino-diz-marta-sobre-copa-no-brasil\/"},"wordCount":417,"publisher":{"@id":"https:\/\/transamerica93.com.br\/home\/#organization"},"image":{"@id":"https:\/\/transamerica93.com.br\/home\/sera-um-marco-para-o-futebol-feminino-diz-marta-sobre-copa-no-brasil\/#primaryimage"},"thumbnailUrl":"https:\/\/transamerica93.com.br\/home\/wp-content\/uploads\/2025\/06\/1-9.jpg","articleSection":["Esportes"],"inLanguage":"pt-BR"},{"@type":"WebPage","@id":"https:\/\/transamerica93.com.br\/home\/sera-um-marco-para-o-futebol-feminino-diz-marta-sobre-copa-no-brasil\/","url":"https:\/\/transamerica93.com.br\/home\/sera-um-marco-para-o-futebol-feminino-diz-marta-sobre-copa-no-brasil\/","name":"Ser\u00e1 um marco para o futebol feminino, diz Marta sobre Copa no Brasil - Transam\u00e9rica Mococa 93,3","isPartOf":{"@id":"https:\/\/transamerica93.com.br\/home\/#website"},"primaryImageOfPage":{"@id":"https:\/\/transamerica93.com.br\/home\/sera-um-marco-para-o-futebol-feminino-diz-marta-sobre-copa-no-brasil\/#primaryimage"},"image":{"@id":"https:\/\/transamerica93.com.br\/home\/sera-um-marco-para-o-futebol-feminino-diz-marta-sobre-copa-no-brasil\/#primaryimage"},"thumbnailUrl":"https:\/\/transamerica93.com.br\/home\/wp-content\/uploads\/2025\/06\/1-9.jpg","datePublished":"2025-06-30T15:00:38+00:00","breadcrumb":{"@id":"https:\/\/transamerica93.com.br\/home\/sera-um-marco-para-o-futebol-feminino-diz-marta-sobre-copa-no-brasil\/#breadcrumb"},"inLanguage":"pt-BR","potentialAction":[{"@type":"ReadAction","target":["https:\/\/transamerica93.com.br\/home\/sera-um-marco-para-o-futebol-feminino-diz-marta-sobre-copa-no-brasil\/"]}]},{"@type":"ImageObject","inLanguage":"pt-BR","@id":"https:\/\/transamerica93.com.br\/home\/sera-um-marco-para-o-futebol-feminino-diz-marta-sobre-copa-no-brasil\/#primaryimage","url":"https:\/\/transamerica93.com.br\/home\/wp-content\/uploads\/2025\/06\/1-9.jpg","contentUrl":"https:\/\/transamerica93.com.br\/home\/wp-content\/uploads\/2025\/06\/1-9.jpg","width":1170,"height":700},{"@type":"BreadcrumbList","@id":"https:\/\/transamerica93.com.br\/home\/sera-um-marco-para-o-futebol-feminino-diz-marta-sobre-copa-no-brasil\/#breadcrumb","itemListElement":[{"@type":"ListItem","position":1,"name":"In\u00edcio","item":"https:\/\/transamerica93.com.br\/home\/"},{"@type":"ListItem","position":2,"name":"Ser\u00e1 um marco para o futebol feminino, diz Marta sobre Copa no Brasil"}]},{"@type":"WebSite","@id":"https:\/\/transamerica93.com.br\/home\/#website","url":"https:\/\/transamerica93.com.br\/home\/","name":"Transam\u00e9rica Mococa 93,3","description":"","publisher":{"@id":"https:\/\/transamerica93.com.br\/home\/#organization"},"potentialAction":[{"@type":"SearchAction","target":{"@type":"EntryPoint","urlTemplate":"https:\/\/transamerica93.com.br\/home\/?s={search_term_string}"},"query-input":{"@type":"PropertyValueSpecification","valueRequired":true,"valueName":"search_term_string"}}],"inLanguage":"pt-BR"},{"@type":"Organization","@id":"https:\/\/transamerica93.com.br\/home\/#organization","name":"Transam\u00e9rica Mococa 93,3","url":"https:\/\/transamerica93.com.br\/home\/","logo":{"@type":"ImageObject","inLanguage":"pt-BR","@id":"https:\/\/transamerica93.com.br\/home\/#\/schema\/logo\/image\/","url":"https:\/\/transamerica93.com.br\/home\/wp-content\/uploads\/2023\/10\/logo2.png","contentUrl":"https:\/\/transamerica93.com.br\/home\/wp-content\/uploads\/2023\/10\/logo2.png","width":800,"height":500,"caption":"Transam\u00e9rica Mococa 93,3"},"image":{"@id":"https:\/\/transamerica93.com.br\/home\/#\/schema\/logo\/image\/"},"sameAs":["https:\/\/www.facebook.com\/transamericamococa","https:\/\/x.com\/transamerica933","https:\/\/www.instagram.com\/transamericamococa"]},{"@type":"Person","@id":"https:\/\/transamerica93.com.br\/home\/#\/schema\/person\/7fed7c99c0d4562efa8561bc0f543172","name":"Reda\u00e7\u00e3o","image":{"@type":"ImageObject","inLanguage":"pt-BR","@id":"https:\/\/secure.gravatar.com\/avatar\/1072c6b775fb02ef8506ce967551d95926669a6b7d2c2147b42eea4d7c68395e?s=96&d=mm&r=g","url":"https:\/\/secure.gravatar.com\/avatar\/1072c6b775fb02ef8506ce967551d95926669a6b7d2c2147b42eea4d7c68395e?s=96&d=mm&r=g","contentUrl":"https:\/\/secure.gravatar.com\/avatar\/1072c6b775fb02ef8506ce967551d95926669a6b7d2c2147b42eea4d7c68395e?s=96&d=mm&r=g","caption":"Reda\u00e7\u00e3o"},"sameAs":["https:\/\/transamerica93.com.br\/home"],"url":"https:\/\/transamerica93.com.br\/home\/author\/william\/"}]}},"_links":{"self":[{"href":"https:\/\/transamerica93.com.br\/home\/wp-json\/wp\/v2\/posts\/5774","targetHints":{"allow":["GET"]}}],"collection":[{"href":"https:\/\/transamerica93.com.br\/home\/wp-json\/wp\/v2\/posts"}],"about":[{"href":"https:\/\/transamerica93.com.br\/home\/wp-json\/wp\/v2\/types\/post"}],"author":[{"embeddable":true,"href":"https:\/\/transamerica93.com.br\/home\/wp-json\/wp\/v2\/users\/1"}],"replies":[{"embeddable":true,"href":"https:\/\/transamerica93.com.br\/home\/wp-json\/wp\/v2\/comments?post=5774"}],"version-history":[{"count":1,"href":"https:\/\/transamerica93.com.br\/home\/wp-json\/wp\/v2\/posts\/5774\/revisions"}],"predecessor-version":[{"id":5776,"href":"https:\/\/transamerica93.com.br\/home\/wp-json\/wp\/v2\/posts\/5774\/revisions\/5776"}],"wp:featuredmedia":[{"embeddable":true,"href":"https:\/\/transamerica93.com.br\/home\/wp-json\/wp\/v2\/media\/5775"}],"wp:attachment":[{"href":"https:\/\/transamerica93.com.br\/home\/wp-json\/wp\/v2\/media?parent=5774"}],"wp:term":[{"taxonomy":"category","embeddable":true,"href":"https:\/\/transamerica93.com.br\/home\/wp-json\/wp\/v2\/categories?post=5774"},{"taxonomy":"post_tag","embeddable":true,"href":"https:\/\/transamerica93.com.br\/home\/wp-json\/wp\/v2\/tags?post=5774"}],"curies":[{"name":"wp","href":"https:\/\/api.w.org\/{rel}","templated":true}]}}