{"id":5777,"date":"2025-07-01T12:00:03","date_gmt":"2025-07-01T15:00:03","guid":{"rendered":"https:\/\/transamerica93.com.br\/home\/?p=5777"},"modified":"2025-06-27T17:10:52","modified_gmt":"2025-06-27T20:10:52","slug":"definidas-as-12-convocadas-da-selecao-para-a-americupw-de-basquete","status":"publish","type":"post","link":"https:\/\/transamerica93.com.br\/home\/definidas-as-12-convocadas-da-selecao-para-a-americupw-de-basquete\/","title":{"rendered":"Definidas as 12 convocadas da sele\u00e7\u00e3o para a AmeriCupW de basquete"},"content":{"rendered":"<p>A t\u00e9cnica da sele\u00e7\u00e3o brasileira feminina de basquete, a norte-americana Pokey Chatman, definiu as 12 convocadas que disputar\u00e3o a AmeriCupW, a Copa Am\u00e9rica da modalidade, em Santiago (Chile). O an\u00fancio da lista ocorreu um dia ap\u00f3s a equipe derrotar o Canad\u00e1, por 74 a 55, em amistoso disputado na Arena Mercado Livre Pacaembu, em S\u00e3o Paulo.\u00a0 Quem conquistar o t\u00edtulo, garante vaga direta na Copa do Mundo de Basquete 2026, na Alemanha.<img decoding=\"async\" data-src=\"https:\/\/agenciabrasil.ebc.com.br\/ebc.png?id=1648061&amp;o=node\" src=\"data:image\/svg+xml;base64,PHN2ZyB3aWR0aD0iMSIgaGVpZ2h0PSIxIiB4bWxucz0iaHR0cDovL3d3dy53My5vcmcvMjAwMC9zdmciPjwvc3ZnPg==\" class=\"lazyload\" \/><img decoding=\"async\" data-src=\"https:\/\/agenciabrasil.ebc.com.br\/ebc.gif?id=1648061&amp;o=node\" src=\"data:image\/svg+xml;base64,PHN2ZyB3aWR0aD0iMSIgaGVpZ2h0PSIxIiB4bWxucz0iaHR0cDovL3d3dy53My5vcmcvMjAwMC9zdmciPjwvc3ZnPg==\" class=\"lazyload\" \/><\/p>\n<div class=\"dnd-widget-wrapper context-cheio_8colunas type-image\">\n<div class=\"dnd-atom-rendered\"><img decoding=\"async\" title=\"Divulga\u00e7\u00e3o\/CBB\" data-src=\"https:\/\/imagens.ebc.com.br\/jRiK_LOoRu6JPTyab5r0nP_xELo=\/754x0\/smart\/https:\/\/agenciabrasil.ebc.com.br\/sites\/default\/files\/thumbnails\/image\/2025\/06\/23\/bella_nascimento_cestinha_brasil_x_canada_2025.jpg?itok=WPzEwxCv\" alt=\"A aramdora Bella Nascimento (com a bola na foto) foi a cestinha do amistoso Brasil x Canad\u00e1, o \u00faltimo antes da estreia da sele\u00e7\u00e3o no AmeriCupW - em 22\/06\/2025\" src=\"data:image\/svg+xml;base64,PHN2ZyB3aWR0aD0iMSIgaGVpZ2h0PSIxIiB4bWxucz0iaHR0cDovL3d3dy53My5vcmcvMjAwMC9zdmciPjwvc3ZnPg==\" class=\"lazyload\" \/><\/div>\n<div class=\"dnd-caption-wrapper\">\n<div class=\"meta\">A jovem armadora Bella Nascimento (com a bola na foto) est\u00e1 entre as 12 convocadas pela t\u00e9cnica\u00a0Pokey Chatman. A brasileira, que atua no exterior pelo William &amp; Mary, vem se destacando no torneio de basquete universit\u00e1rio norte-americano &#8211;\u00a0<strong>Divulga\u00e7\u00e3o\/CBB<\/strong><\/div>\n<div><\/div>\n<\/div>\n<\/div>\n<p>Entre as convocadas est\u00e3o tr\u00eas atletas que se destacaram no jogo contra as canadenses: a jovem armadora Bella Nascimento &#8211; cestinha da partida, com 19 pontos \u2013 e as alas Vit\u00f3ria Marcelino (18 pontos) e Catarina Ferreira (12). \u00a0Duas delas (Bella e Catarina) fazem parte do quarteto de jovens talentosas que v\u00eam brilhando no basquete universit\u00e1rio norte-americano. As outras duas s\u00e3o a ala ala\/piv\u00f4 Manu e a ala Ayla. A sele\u00e7\u00e3o em Santiago contar\u00e1 tamb\u00e9m com a armadora Alana Gon\u00e7alo; a ala\/armadora Carina; a ala Emanuely Oliveira; as alas\/piv\u00f4 Thayn\u00e1 Silva e Damiris; e as piv\u00f4s Aline Moura e Kamilla Cardoso. Confira ao final do texto a lista completa das atletas e seus respectivos clubes.<\/p>\n<div class=\"twitter-tweet twitter-tweet-rendered\"><iframe id=\"twitter-widget-0\" title=\"X Post\" data-src=\"https:\/\/platform.twitter.com\/embed\/Tweet.html?creatorScreenName=agenciabrasil&amp;dnt=false&amp;embedId=twitter-widget-0&amp;features=eyJ0ZndfdGltZWxpbmVfbGlzdCI6eyJidWNrZXQiOltdLCJ2ZXJzaW9uIjpudWxsfSwidGZ3X2ZvbGxvd2VyX2NvdW50X3N1bnNldCI6eyJidWNrZXQiOnRydWUsInZlcnNpb24iOm51bGx9LCJ0ZndfdHdlZXRfZWRpdF9iYWNrZW5kIjp7ImJ1Y2tldCI6Im9uIiwidmVyc2lvbiI6bnVsbH0sInRmd19yZWZzcmNfc2Vzc2lvbiI6eyJidWNrZXQiOiJvbiIsInZlcnNpb24iOm51bGx9LCJ0ZndfZm9zbnJfc29mdF9pbnRlcnZlbnRpb25zX2VuYWJsZWQiOnsiYnVja2V0Ijoib24iLCJ2ZXJzaW9uIjpudWxsfSwidGZ3X21peGVkX21lZGlhXzE1ODk3Ijp7ImJ1Y2tldCI6InRyZWF0bWVudCIsInZlcnNpb24iOm51bGx9LCJ0ZndfZXhwZXJpbWVudHNfY29va2llX2V4cGlyYXRpb24iOnsiYnVja2V0IjoxMjA5NjAwLCJ2ZXJzaW9uIjpudWxsfSwidGZ3X3Nob3dfYmlyZHdhdGNoX3Bpdm90c19lbmFibGVkIjp7ImJ1Y2tldCI6Im9uIiwidmVyc2lvbiI6bnVsbH0sInRmd19kdXBsaWNhdGVfc2NyaWJlc190b19zZXR0aW5ncyI6eyJidWNrZXQiOiJvbiIsInZlcnNpb24iOm51bGx9LCJ0ZndfdXNlX3Byb2ZpbGVfaW1hZ2Vfc2hhcGVfZW5hYmxlZCI6eyJidWNrZXQiOiJvbiIsInZlcnNpb24iOm51bGx9LCJ0ZndfdmlkZW9faGxzX2R5bmFtaWNfbWFuaWZlc3RzXzE1MDgyIjp7ImJ1Y2tldCI6InRydWVfYml0cmF0ZSIsInZlcnNpb24iOm51bGx9LCJ0ZndfbGVnYWN5X3RpbWVsaW5lX3N1bnNldCI6eyJidWNrZXQiOnRydWUsInZlcnNpb24iOm51bGx9LCJ0ZndfdHdlZXRfZWRpdF9mcm9udGVuZCI6eyJidWNrZXQiOiJvbiIsInZlcnNpb24iOm51bGx9fQ%3D%3D&amp;frame=false&amp;hideCard=false&amp;hideThread=false&amp;id=1937140151496433892&amp;lang=pt&amp;origin=https%3A%2F%2Fagenciabrasil.ebc.com.br%2Fesportes%2Fnoticia%2F2025-06%2Fdefinidas-12-convocadas-da-selecao-para-americupw-de-basquete&amp;sessionId=7292138b507d4b60b20f224e2bc577fce292bb94&amp;siteScreenName=agenciabrasil&amp;theme=light&amp;widgetsVersion=2615f7e52b7e0%3A1702314776716&amp;width=550px\" frameborder=\"0\" scrolling=\"no\" allowfullscreen=\"allowfullscreen\" data-tweet-id=\"1937140151496433892\" data-mce-fragment=\"1\" src=\"data:image\/svg+xml;base64,PHN2ZyB3aWR0aD0iMSIgaGVpZ2h0PSIxIiB4bWxucz0iaHR0cDovL3d3dy53My5vcmcvMjAwMC9zdmciPjwvc3ZnPg==\" class=\"lazyload\" data-load-mode=\"1\"><\/iframe><\/div>\n<div><\/div>\n<p>Boa parte das convocadas embarca para Santiago na pr\u00f3xima quarta (25). J\u00e1 Damiris, Kamilla e a treinador Pokey Chatman se juntar\u00e3o ao grupo na capital chilena.<\/p>\n<p>O torneio em Santiago re\u00fane as10 melhores sele\u00e7\u00f5es das Am\u00e9ricas. Al\u00e9m do Grupo A, onde esta o Brasil, a Chave B tem Estados Unidos, Porto Eico, Chile, Col\u00f4mbia e M\u00e9xico.\u00a0 Na primeira fase, as equipes de cada grupo duelam entre si. As quatro melhores em cada chave se classificam \u00e0s quartas de final. Da\u00ed em diante, quem vencer avan\u00e7a \u00e0s semifinais, e depois as finalistas disputam o t\u00edtulo. As equipes que terminarem entre a segunda e sexta coloca\u00e7\u00f5es disputar\u00e3o os torneios classificat\u00f3rios \u00e0s \u00faltimas 11 vagas no Mundial de 2026.<\/p>\n<p><a href=\"https:\/\/www.instagram.com\/agencia.brasil\/\" target=\"_blank\" rel=\"noopener\">&gt;&gt; Siga o perfil da\u00a0<strong>Ag\u00eancia Brasil\u00a0<\/strong>no Instagram<\/a><\/p>\n<p>O Brasil conquistou o primeiro t\u00edtulo da AmeriCupW na \u00faltima edi\u00e7\u00e3o, em 2023 (M\u00e9xico), ap\u00f3s 12 anos de jejum.<\/p>\n<h2>Convocadas<\/h2>\n<p><strong>ARMADORAS<\/strong><\/p>\n<p>Alana Gon\u00e7alo (Corinthians)<\/p>\n<p>Bella Nascimento (William &amp; Mary\/EUA)<\/p>\n<p><strong>ALAS\/ARMADORAS<\/strong><\/p>\n<p>Catarina Ferreira (Oregon State\/EUA)<\/p>\n<p>Carina Martins (Sampaio)<\/p>\n<p><strong>ALAS<\/strong><\/p>\n<p>Ayla McDowell (South Carolina\/EUA)<\/p>\n<p>Emanuely Oliveira (SESI Araraquara)<\/p>\n<p>Vit\u00f3ria Marcelino (SESI Araraquara)<\/p>\n<p><strong>ALA\/PIV\u00d4<\/strong><\/p>\n<p>Thayn\u00e1 Silva (Sampaio)<\/p>\n<p>Manu Alves (Illinois\/EUA)<\/p>\n<p>Damiris Dantas (Indiana Fever\/WNBA-EUA)<\/p>\n<p><strong>PIV\u00d4S<\/strong><\/p>\n<p>Aline Moura (SESI Araraquara)<\/p>\n<p>Kamilla Cardoso (Chicago Sky\/WNBA-EUA)<\/p>\n<div class=\"twitter-tweet twitter-tweet-rendered\"><iframe id=\"twitter-widget-1\" title=\"X Post\" data-src=\"https:\/\/platform.twitter.com\/embed\/Tweet.html?creatorScreenName=agenciabrasil&amp;dnt=false&amp;embedId=twitter-widget-1&amp;features=eyJ0ZndfdGltZWxpbmVfbGlzdCI6eyJidWNrZXQiOltdLCJ2ZXJzaW9uIjpudWxsfSwidGZ3X2ZvbGxvd2VyX2NvdW50X3N1bnNldCI6eyJidWNrZXQiOnRydWUsInZlcnNpb24iOm51bGx9LCJ0ZndfdHdlZXRfZWRpdF9iYWNrZW5kIjp7ImJ1Y2tldCI6Im9uIiwidmVyc2lvbiI6bnVsbH0sInRmd19yZWZzcmNfc2Vzc2lvbiI6eyJidWNrZXQiOiJvbiIsInZlcnNpb24iOm51bGx9LCJ0ZndfZm9zbnJfc29mdF9pbnRlcnZlbnRpb25zX2VuYWJsZWQiOnsiYnVja2V0Ijoib24iLCJ2ZXJzaW9uIjpudWxsfSwidGZ3X21peGVkX21lZGlhXzE1ODk3Ijp7ImJ1Y2tldCI6InRyZWF0bWVudCIsInZlcnNpb24iOm51bGx9LCJ0ZndfZXhwZXJpbWVudHNfY29va2llX2V4cGlyYXRpb24iOnsiYnVja2V0IjoxMjA5NjAwLCJ2ZXJzaW9uIjpudWxsfSwidGZ3X3Nob3dfYmlyZHdhdGNoX3Bpdm90c19lbmFibGVkIjp7ImJ1Y2tldCI6Im9uIiwidmVyc2lvbiI6bnVsbH0sInRmd19kdXBsaWNhdGVfc2NyaWJlc190b19zZXR0aW5ncyI6eyJidWNrZXQiOiJvbiIsInZlcnNpb24iOm51bGx9LCJ0ZndfdXNlX3Byb2ZpbGVfaW1hZ2Vfc2hhcGVfZW5hYmxlZCI6eyJidWNrZXQiOiJvbiIsInZlcnNpb24iOm51bGx9LCJ0ZndfdmlkZW9faGxzX2R5bmFtaWNfbWFuaWZlc3RzXzE1MDgyIjp7ImJ1Y2tldCI6InRydWVfYml0cmF0ZSIsInZlcnNpb24iOm51bGx9LCJ0ZndfbGVnYWN5X3RpbWVsaW5lX3N1bnNldCI6eyJidWNrZXQiOnRydWUsInZlcnNpb24iOm51bGx9LCJ0ZndfdHdlZXRfZWRpdF9mcm9udGVuZCI6eyJidWNrZXQiOiJvbiIsInZlcnNpb24iOm51bGx9fQ%3D%3D&amp;frame=false&amp;hideCard=false&amp;hideThread=false&amp;id=1904924376610251131&amp;lang=pt&amp;origin=https%3A%2F%2Fagenciabrasil.ebc.com.br%2Fesportes%2Fnoticia%2F2025-06%2Fdefinidas-12-convocadas-da-selecao-para-americupw-de-basquete&amp;sessionId=7292138b507d4b60b20f224e2bc577fce292bb94&amp;siteScreenName=agenciabrasil&amp;theme=light&amp;widgetsVersion=2615f7e52b7e0%3A1702314776716&amp;width=550px\" frameborder=\"0\" scrolling=\"no\" allowfullscreen=\"allowfullscreen\" data-tweet-id=\"1904924376610251131\" data-mce-fragment=\"1\" src=\"data:image\/svg+xml;base64,PHN2ZyB3aWR0aD0iMSIgaGVpZ2h0PSIxIiB4bWxucz0iaHR0cDovL3d3dy53My5vcmcvMjAwMC9zdmciPjwvc3ZnPg==\" class=\"lazyload\" data-load-mode=\"1\"><\/iframe><\/div>\n<h2>Jogos do Brasil na AmeriCupW<\/h2>\n<p>s\u00e1bado (28) &#8211; \u00a0Brasil x Argentina, \u00e0s 15h10<\/p>\n<p>segunda-feira (30) &#8211; Brasil x Canad\u00e1 \u00e0s 15h10<\/p>\n<p>ter\u00e7a (1\u00ba de julho) &#8211; \u00a0Brasil x Rep\u00fablica Dominicana, \u00e0s 12h40<\/p>\n<p>quarta (2) &#8211;\u00a0Brasil x El Salvador, \u00e0s 12h40<\/p>\n","protected":false},"excerpt":{"rendered":"<p>A t\u00e9cnica da sele\u00e7\u00e3o brasileira feminina de basquete, a norte-americana Pokey Chatman, definiu as 12 convocadas que disputar\u00e3o a AmeriCupW, a Copa Am\u00e9rica da modalidade, em Santiago (Chile). O an\u00fancio da lista ocorreu um dia ap\u00f3s a equipe derrotar o Canad\u00e1, por 74 a 55, em amistoso disputado na Arena Mercado Livre Pacaembu, em S\u00e3o &hellip;<\/p>\n","protected":false},"author":1,"featured_media":5778,"comment_status":"closed","ping_status":"closed","sticky":false,"template":"","format":"standard","meta":{"footnotes":""},"categories":[31],"tags":[],"class_list":["post-5777","post","type-post","status-publish","format-standard","has-post-thumbnail","hentry","category-esportes"],"yoast_head":"<!-- This site is optimized with the Yoast SEO plugin v27.4 - https:\/\/yoast.com\/product\/yoast-seo-wordpress\/ -->\n<title>Definidas as 12 convocadas da sele\u00e7\u00e3o para a AmeriCupW de basquete - Transam\u00e9rica Mococa 93,3<\/title>\n<meta name=\"robots\" content=\"index, follow, max-snippet:-1, max-image-preview:large, max-video-preview:-1\" \/>\n<link rel=\"canonical\" href=\"https:\/\/transamerica93.com.br\/home\/definidas-as-12-convocadas-da-selecao-para-a-americupw-de-basquete\/\" \/>\n<meta property=\"og:locale\" content=\"pt_BR\" \/>\n<meta property=\"og:type\" content=\"article\" \/>\n<meta property=\"og:title\" content=\"Definidas as 12 convocadas da sele\u00e7\u00e3o para a AmeriCupW de basquete - Transam\u00e9rica Mococa 93,3\" \/>\n<meta property=\"og:description\" content=\"A t\u00e9cnica da sele\u00e7\u00e3o brasileira feminina de basquete, a norte-americana Pokey Chatman, definiu as 12 convocadas que disputar\u00e3o a AmeriCupW, a Copa Am\u00e9rica da modalidade, em Santiago (Chile). O an\u00fancio da lista ocorreu um dia ap\u00f3s a equipe derrotar o Canad\u00e1, por 74 a 55, em amistoso disputado na Arena Mercado Livre Pacaembu, em S\u00e3o &hellip;\" \/>\n<meta property=\"og:url\" content=\"https:\/\/transamerica93.com.br\/home\/definidas-as-12-convocadas-da-selecao-para-a-americupw-de-basquete\/\" \/>\n<meta property=\"og:site_name\" content=\"Transam\u00e9rica Mococa 93,3\" \/>\n<meta property=\"article:publisher\" content=\"https:\/\/www.facebook.com\/transamericamococa\" \/>\n<meta property=\"article:published_time\" content=\"2025-07-01T15:00:03+00:00\" \/>\n<meta property=\"og:image\" content=\"https:\/\/transamerica93.com.br\/home\/wp-content\/uploads\/2025\/06\/1-10.jpg\" \/>\n\t<meta property=\"og:image:width\" content=\"1170\" \/>\n\t<meta property=\"og:image:height\" content=\"700\" \/>\n\t<meta property=\"og:image:type\" content=\"image\/jpeg\" \/>\n<meta name=\"author\" content=\"Reda\u00e7\u00e3o\" \/>\n<meta name=\"twitter:card\" content=\"summary_large_image\" \/>\n<meta name=\"twitter:creator\" content=\"@transamerica933\" \/>\n<meta name=\"twitter:site\" content=\"@transamerica933\" \/>\n<meta name=\"twitter:label1\" content=\"Escrito por\" \/>\n\t<meta name=\"twitter:data1\" content=\"Reda\u00e7\u00e3o\" \/>\n\t<meta name=\"twitter:label2\" content=\"Est. tempo de leitura\" \/>\n\t<meta name=\"twitter:data2\" content=\"4 minutos\" \/>\n<script type=\"application\/ld+json\" class=\"yoast-schema-graph\">{\"@context\":\"https:\\\/\\\/schema.org\",\"@graph\":[{\"@type\":\"Article\",\"@id\":\"https:\\\/\\\/transamerica93.com.br\\\/home\\\/definidas-as-12-convocadas-da-selecao-para-a-americupw-de-basquete\\\/#article\",\"isPartOf\":{\"@id\":\"https:\\\/\\\/transamerica93.com.br\\\/home\\\/definidas-as-12-convocadas-da-selecao-para-a-americupw-de-basquete\\\/\"},\"author\":{\"name\":\"Reda\u00e7\u00e3o\",\"@id\":\"https:\\\/\\\/transamerica93.com.br\\\/home\\\/#\\\/schema\\\/person\\\/7fed7c99c0d4562efa8561bc0f543172\"},\"headline\":\"Definidas as 12 convocadas da sele\u00e7\u00e3o para a AmeriCupW de basquete\",\"datePublished\":\"2025-07-01T15:00:03+00:00\",\"mainEntityOfPage\":{\"@id\":\"https:\\\/\\\/transamerica93.com.br\\\/home\\\/definidas-as-12-convocadas-da-selecao-para-a-americupw-de-basquete\\\/\"},\"wordCount\":514,\"publisher\":{\"@id\":\"https:\\\/\\\/transamerica93.com.br\\\/home\\\/#organization\"},\"image\":{\"@id\":\"https:\\\/\\\/transamerica93.com.br\\\/home\\\/definidas-as-12-convocadas-da-selecao-para-a-americupw-de-basquete\\\/#primaryimage\"},\"thumbnailUrl\":\"https:\\\/\\\/transamerica93.com.br\\\/home\\\/wp-content\\\/uploads\\\/2025\\\/06\\\/1-10.jpg\",\"articleSection\":[\"Esportes\"],\"inLanguage\":\"pt-BR\"},{\"@type\":\"WebPage\",\"@id\":\"https:\\\/\\\/transamerica93.com.br\\\/home\\\/definidas-as-12-convocadas-da-selecao-para-a-americupw-de-basquete\\\/\",\"url\":\"https:\\\/\\\/transamerica93.com.br\\\/home\\\/definidas-as-12-convocadas-da-selecao-para-a-americupw-de-basquete\\\/\",\"name\":\"Definidas as 12 convocadas da sele\u00e7\u00e3o para a AmeriCupW de basquete - Transam\u00e9rica Mococa 93,3\",\"isPartOf\":{\"@id\":\"https:\\\/\\\/transamerica93.com.br\\\/home\\\/#website\"},\"primaryImageOfPage\":{\"@id\":\"https:\\\/\\\/transamerica93.com.br\\\/home\\\/definidas-as-12-convocadas-da-selecao-para-a-americupw-de-basquete\\\/#primaryimage\"},\"image\":{\"@id\":\"https:\\\/\\\/transamerica93.com.br\\\/home\\\/definidas-as-12-convocadas-da-selecao-para-a-americupw-de-basquete\\\/#primaryimage\"},\"thumbnailUrl\":\"https:\\\/\\\/transamerica93.com.br\\\/home\\\/wp-content\\\/uploads\\\/2025\\\/06\\\/1-10.jpg\",\"datePublished\":\"2025-07-01T15:00:03+00:00\",\"breadcrumb\":{\"@id\":\"https:\\\/\\\/transamerica93.com.br\\\/home\\\/definidas-as-12-convocadas-da-selecao-para-a-americupw-de-basquete\\\/#breadcrumb\"},\"inLanguage\":\"pt-BR\",\"potentialAction\":[{\"@type\":\"ReadAction\",\"target\":[\"https:\\\/\\\/transamerica93.com.br\\\/home\\\/definidas-as-12-convocadas-da-selecao-para-a-americupw-de-basquete\\\/\"]}]},{\"@type\":\"ImageObject\",\"inLanguage\":\"pt-BR\",\"@id\":\"https:\\\/\\\/transamerica93.com.br\\\/home\\\/definidas-as-12-convocadas-da-selecao-para-a-americupw-de-basquete\\\/#primaryimage\",\"url\":\"https:\\\/\\\/transamerica93.com.br\\\/home\\\/wp-content\\\/uploads\\\/2025\\\/06\\\/1-10.jpg\",\"contentUrl\":\"https:\\\/\\\/transamerica93.com.br\\\/home\\\/wp-content\\\/uploads\\\/2025\\\/06\\\/1-10.jpg\",\"width\":1170,\"height\":700},{\"@type\":\"BreadcrumbList\",\"@id\":\"https:\\\/\\\/transamerica93.com.br\\\/home\\\/definidas-as-12-convocadas-da-selecao-para-a-americupw-de-basquete\\\/#breadcrumb\",\"itemListElement\":[{\"@type\":\"ListItem\",\"position\":1,\"name\":\"In\u00edcio\",\"item\":\"https:\\\/\\\/transamerica93.com.br\\\/home\\\/\"},{\"@type\":\"ListItem\",\"position\":2,\"name\":\"Definidas as 12 convocadas da sele\u00e7\u00e3o para a AmeriCupW de basquete\"}]},{\"@type\":\"WebSite\",\"@id\":\"https:\\\/\\\/transamerica93.com.br\\\/home\\\/#website\",\"url\":\"https:\\\/\\\/transamerica93.com.br\\\/home\\\/\",\"name\":\"Transam\u00e9rica Mococa 93,3\",\"description\":\"\",\"publisher\":{\"@id\":\"https:\\\/\\\/transamerica93.com.br\\\/home\\\/#organization\"},\"potentialAction\":[{\"@type\":\"SearchAction\",\"target\":{\"@type\":\"EntryPoint\",\"urlTemplate\":\"https:\\\/\\\/transamerica93.com.br\\\/home\\\/?s={search_term_string}\"},\"query-input\":{\"@type\":\"PropertyValueSpecification\",\"valueRequired\":true,\"valueName\":\"search_term_string\"}}],\"inLanguage\":\"pt-BR\"},{\"@type\":\"Organization\",\"@id\":\"https:\\\/\\\/transamerica93.com.br\\\/home\\\/#organization\",\"name\":\"Transam\u00e9rica Mococa 93,3\",\"url\":\"https:\\\/\\\/transamerica93.com.br\\\/home\\\/\",\"logo\":{\"@type\":\"ImageObject\",\"inLanguage\":\"pt-BR\",\"@id\":\"https:\\\/\\\/transamerica93.com.br\\\/home\\\/#\\\/schema\\\/logo\\\/image\\\/\",\"url\":\"https:\\\/\\\/transamerica93.com.br\\\/home\\\/wp-content\\\/uploads\\\/2023\\\/10\\\/logo2.png\",\"contentUrl\":\"https:\\\/\\\/transamerica93.com.br\\\/home\\\/wp-content\\\/uploads\\\/2023\\\/10\\\/logo2.png\",\"width\":800,\"height\":500,\"caption\":\"Transam\u00e9rica Mococa 93,3\"},\"image\":{\"@id\":\"https:\\\/\\\/transamerica93.com.br\\\/home\\\/#\\\/schema\\\/logo\\\/image\\\/\"},\"sameAs\":[\"https:\\\/\\\/www.facebook.com\\\/transamericamococa\",\"https:\\\/\\\/x.com\\\/transamerica933\",\"https:\\\/\\\/www.instagram.com\\\/transamericamococa\"]},{\"@type\":\"Person\",\"@id\":\"https:\\\/\\\/transamerica93.com.br\\\/home\\\/#\\\/schema\\\/person\\\/7fed7c99c0d4562efa8561bc0f543172\",\"name\":\"Reda\u00e7\u00e3o\",\"image\":{\"@type\":\"ImageObject\",\"inLanguage\":\"pt-BR\",\"@id\":\"https:\\\/\\\/secure.gravatar.com\\\/avatar\\\/1072c6b775fb02ef8506ce967551d95926669a6b7d2c2147b42eea4d7c68395e?s=96&d=mm&r=g\",\"url\":\"https:\\\/\\\/secure.gravatar.com\\\/avatar\\\/1072c6b775fb02ef8506ce967551d95926669a6b7d2c2147b42eea4d7c68395e?s=96&d=mm&r=g\",\"contentUrl\":\"https:\\\/\\\/secure.gravatar.com\\\/avatar\\\/1072c6b775fb02ef8506ce967551d95926669a6b7d2c2147b42eea4d7c68395e?s=96&d=mm&r=g\",\"caption\":\"Reda\u00e7\u00e3o\"},\"sameAs\":[\"https:\\\/\\\/transamerica93.com.br\\\/home\"],\"url\":\"https:\\\/\\\/transamerica93.com.br\\\/home\\\/author\\\/william\\\/\"}]}<\/script>\n<!-- \/ Yoast SEO plugin. -->","yoast_head_json":{"title":"Definidas as 12 convocadas da sele\u00e7\u00e3o para a AmeriCupW de basquete - Transam\u00e9rica Mococa 93,3","robots":{"index":"index","follow":"follow","max-snippet":"max-snippet:-1","max-image-preview":"max-image-preview:large","max-video-preview":"max-video-preview:-1"},"canonical":"https:\/\/transamerica93.com.br\/home\/definidas-as-12-convocadas-da-selecao-para-a-americupw-de-basquete\/","og_locale":"pt_BR","og_type":"article","og_title":"Definidas as 12 convocadas da sele\u00e7\u00e3o para a AmeriCupW de basquete - Transam\u00e9rica Mococa 93,3","og_description":"A t\u00e9cnica da sele\u00e7\u00e3o brasileira feminina de basquete, a norte-americana Pokey Chatman, definiu as 12 convocadas que disputar\u00e3o a AmeriCupW, a Copa Am\u00e9rica da modalidade, em Santiago (Chile). O an\u00fancio da lista ocorreu um dia ap\u00f3s a equipe derrotar o Canad\u00e1, por 74 a 55, em amistoso disputado na Arena Mercado Livre Pacaembu, em S\u00e3o &hellip;","og_url":"https:\/\/transamerica93.com.br\/home\/definidas-as-12-convocadas-da-selecao-para-a-americupw-de-basquete\/","og_site_name":"Transam\u00e9rica Mococa 93,3","article_publisher":"https:\/\/www.facebook.com\/transamericamococa","article_published_time":"2025-07-01T15:00:03+00:00","og_image":[{"width":1170,"height":700,"url":"https:\/\/transamerica93.com.br\/home\/wp-content\/uploads\/2025\/06\/1-10.jpg","type":"image\/jpeg"}],"author":"Reda\u00e7\u00e3o","twitter_card":"summary_large_image","twitter_creator":"@transamerica933","twitter_site":"@transamerica933","twitter_misc":{"Escrito por":"Reda\u00e7\u00e3o","Est. tempo de leitura":"4 minutos"},"schema":{"@context":"https:\/\/schema.org","@graph":[{"@type":"Article","@id":"https:\/\/transamerica93.com.br\/home\/definidas-as-12-convocadas-da-selecao-para-a-americupw-de-basquete\/#article","isPartOf":{"@id":"https:\/\/transamerica93.com.br\/home\/definidas-as-12-convocadas-da-selecao-para-a-americupw-de-basquete\/"},"author":{"name":"Reda\u00e7\u00e3o","@id":"https:\/\/transamerica93.com.br\/home\/#\/schema\/person\/7fed7c99c0d4562efa8561bc0f543172"},"headline":"Definidas as 12 convocadas da sele\u00e7\u00e3o para a AmeriCupW de basquete","datePublished":"2025-07-01T15:00:03+00:00","mainEntityOfPage":{"@id":"https:\/\/transamerica93.com.br\/home\/definidas-as-12-convocadas-da-selecao-para-a-americupw-de-basquete\/"},"wordCount":514,"publisher":{"@id":"https:\/\/transamerica93.com.br\/home\/#organization"},"image":{"@id":"https:\/\/transamerica93.com.br\/home\/definidas-as-12-convocadas-da-selecao-para-a-americupw-de-basquete\/#primaryimage"},"thumbnailUrl":"https:\/\/transamerica93.com.br\/home\/wp-content\/uploads\/2025\/06\/1-10.jpg","articleSection":["Esportes"],"inLanguage":"pt-BR"},{"@type":"WebPage","@id":"https:\/\/transamerica93.com.br\/home\/definidas-as-12-convocadas-da-selecao-para-a-americupw-de-basquete\/","url":"https:\/\/transamerica93.com.br\/home\/definidas-as-12-convocadas-da-selecao-para-a-americupw-de-basquete\/","name":"Definidas as 12 convocadas da sele\u00e7\u00e3o para a AmeriCupW de basquete - Transam\u00e9rica Mococa 93,3","isPartOf":{"@id":"https:\/\/transamerica93.com.br\/home\/#website"},"primaryImageOfPage":{"@id":"https:\/\/transamerica93.com.br\/home\/definidas-as-12-convocadas-da-selecao-para-a-americupw-de-basquete\/#primaryimage"},"image":{"@id":"https:\/\/transamerica93.com.br\/home\/definidas-as-12-convocadas-da-selecao-para-a-americupw-de-basquete\/#primaryimage"},"thumbnailUrl":"https:\/\/transamerica93.com.br\/home\/wp-content\/uploads\/2025\/06\/1-10.jpg","datePublished":"2025-07-01T15:00:03+00:00","breadcrumb":{"@id":"https:\/\/transamerica93.com.br\/home\/definidas-as-12-convocadas-da-selecao-para-a-americupw-de-basquete\/#breadcrumb"},"inLanguage":"pt-BR","potentialAction":[{"@type":"ReadAction","target":["https:\/\/transamerica93.com.br\/home\/definidas-as-12-convocadas-da-selecao-para-a-americupw-de-basquete\/"]}]},{"@type":"ImageObject","inLanguage":"pt-BR","@id":"https:\/\/transamerica93.com.br\/home\/definidas-as-12-convocadas-da-selecao-para-a-americupw-de-basquete\/#primaryimage","url":"https:\/\/transamerica93.com.br\/home\/wp-content\/uploads\/2025\/06\/1-10.jpg","contentUrl":"https:\/\/transamerica93.com.br\/home\/wp-content\/uploads\/2025\/06\/1-10.jpg","width":1170,"height":700},{"@type":"BreadcrumbList","@id":"https:\/\/transamerica93.com.br\/home\/definidas-as-12-convocadas-da-selecao-para-a-americupw-de-basquete\/#breadcrumb","itemListElement":[{"@type":"ListItem","position":1,"name":"In\u00edcio","item":"https:\/\/transamerica93.com.br\/home\/"},{"@type":"ListItem","position":2,"name":"Definidas as 12 convocadas da sele\u00e7\u00e3o para a AmeriCupW de basquete"}]},{"@type":"WebSite","@id":"https:\/\/transamerica93.com.br\/home\/#website","url":"https:\/\/transamerica93.com.br\/home\/","name":"Transam\u00e9rica Mococa 93,3","description":"","publisher":{"@id":"https:\/\/transamerica93.com.br\/home\/#organization"},"potentialAction":[{"@type":"SearchAction","target":{"@type":"EntryPoint","urlTemplate":"https:\/\/transamerica93.com.br\/home\/?s={search_term_string}"},"query-input":{"@type":"PropertyValueSpecification","valueRequired":true,"valueName":"search_term_string"}}],"inLanguage":"pt-BR"},{"@type":"Organization","@id":"https:\/\/transamerica93.com.br\/home\/#organization","name":"Transam\u00e9rica Mococa 93,3","url":"https:\/\/transamerica93.com.br\/home\/","logo":{"@type":"ImageObject","inLanguage":"pt-BR","@id":"https:\/\/transamerica93.com.br\/home\/#\/schema\/logo\/image\/","url":"https:\/\/transamerica93.com.br\/home\/wp-content\/uploads\/2023\/10\/logo2.png","contentUrl":"https:\/\/transamerica93.com.br\/home\/wp-content\/uploads\/2023\/10\/logo2.png","width":800,"height":500,"caption":"Transam\u00e9rica Mococa 93,3"},"image":{"@id":"https:\/\/transamerica93.com.br\/home\/#\/schema\/logo\/image\/"},"sameAs":["https:\/\/www.facebook.com\/transamericamococa","https:\/\/x.com\/transamerica933","https:\/\/www.instagram.com\/transamericamococa"]},{"@type":"Person","@id":"https:\/\/transamerica93.com.br\/home\/#\/schema\/person\/7fed7c99c0d4562efa8561bc0f543172","name":"Reda\u00e7\u00e3o","image":{"@type":"ImageObject","inLanguage":"pt-BR","@id":"https:\/\/secure.gravatar.com\/avatar\/1072c6b775fb02ef8506ce967551d95926669a6b7d2c2147b42eea4d7c68395e?s=96&d=mm&r=g","url":"https:\/\/secure.gravatar.com\/avatar\/1072c6b775fb02ef8506ce967551d95926669a6b7d2c2147b42eea4d7c68395e?s=96&d=mm&r=g","contentUrl":"https:\/\/secure.gravatar.com\/avatar\/1072c6b775fb02ef8506ce967551d95926669a6b7d2c2147b42eea4d7c68395e?s=96&d=mm&r=g","caption":"Reda\u00e7\u00e3o"},"sameAs":["https:\/\/transamerica93.com.br\/home"],"url":"https:\/\/transamerica93.com.br\/home\/author\/william\/"}]}},"_links":{"self":[{"href":"https:\/\/transamerica93.com.br\/home\/wp-json\/wp\/v2\/posts\/5777","targetHints":{"allow":["GET"]}}],"collection":[{"href":"https:\/\/transamerica93.com.br\/home\/wp-json\/wp\/v2\/posts"}],"about":[{"href":"https:\/\/transamerica93.com.br\/home\/wp-json\/wp\/v2\/types\/post"}],"author":[{"embeddable":true,"href":"https:\/\/transamerica93.com.br\/home\/wp-json\/wp\/v2\/users\/1"}],"replies":[{"embeddable":true,"href":"https:\/\/transamerica93.com.br\/home\/wp-json\/wp\/v2\/comments?post=5777"}],"version-history":[{"count":1,"href":"https:\/\/transamerica93.com.br\/home\/wp-json\/wp\/v2\/posts\/5777\/revisions"}],"predecessor-version":[{"id":5779,"href":"https:\/\/transamerica93.com.br\/home\/wp-json\/wp\/v2\/posts\/5777\/revisions\/5779"}],"wp:featuredmedia":[{"embeddable":true,"href":"https:\/\/transamerica93.com.br\/home\/wp-json\/wp\/v2\/media\/5778"}],"wp:attachment":[{"href":"https:\/\/transamerica93.com.br\/home\/wp-json\/wp\/v2\/media?parent=5777"}],"wp:term":[{"taxonomy":"category","embeddable":true,"href":"https:\/\/transamerica93.com.br\/home\/wp-json\/wp\/v2\/categories?post=5777"},{"taxonomy":"post_tag","embeddable":true,"href":"https:\/\/transamerica93.com.br\/home\/wp-json\/wp\/v2\/tags?post=5777"}],"curies":[{"name":"wp","href":"https:\/\/api.w.org\/{rel}","templated":true}]}}