{"id":5783,"date":"2025-07-03T12:00:50","date_gmt":"2025-07-03T15:00:50","guid":{"rendered":"https:\/\/transamerica93.com.br\/home\/?p=5783"},"modified":"2025-06-27T17:14:09","modified_gmt":"2025-06-27T20:14:09","slug":"gremio-recebe-palestra-antirracista-antes-de-volta-ao-brasileirao-conscientizacao","status":"publish","type":"post","link":"https:\/\/transamerica93.com.br\/home\/gremio-recebe-palestra-antirracista-antes-de-volta-ao-brasileirao-conscientizacao\/","title":{"rendered":"Gr\u00eamio recebe palestra antirracista antes de volta ao Brasileir\u00e3o: &#8216;conscientiza\u00e7\u00e3o&#8217;"},"content":{"rendered":"<p>O Gr\u00eamio pretende ser um exemplo no combate ao racismo no Pa\u00eds e vem orientando e auxiliando seus jogadores sobre o assunto que vem manchando o futebol sul-americano e mesmo mundial nos \u00faltimos tempos com vexat\u00f3rios atos de discrimina\u00e7\u00e3o. Na noite de quinta-feira, o elenco ga\u00facho recebeu uma palestra antirracista de &#8220;conscientiza\u00e7\u00e3o.&#8221;<\/p>\n<p>Em prepara\u00e7\u00e3o para o retorno da temporada, com a final da Recopa Ga\u00facha com o S\u00e3o Jos\u00e9, no dia 8 de julho, e com visita ao Cruzeiro pelo Brasileir\u00e3o, no dia 13, o Gr\u00eamio deu uma pausa nas atividades no CT para acompanhar as palavras de conscientiza\u00e7\u00e3o que s\u00e3o realizadas em Porto Alegre e regi\u00e3o e chegaram ao clube<\/p>\n<p>Depois de passar por escolas da capital, na noite desta quinta-feira a palestra antirracista foi ministrada para todo o elenco do Gr\u00eamio no hotel onde o grupo est\u00e1 concentrado. A a\u00e7\u00e3o faz parte da parceria com o Observat\u00f3rio da Discrimina\u00e7\u00e3o Racial no Futebol.<\/p>\n<p>A palestra inicial foi comandada pelo coordenador do Clube de Todos e advogado do Gr\u00eamio, Juliano Ferrer. Depois foi a vez do diretor executivo do Observat\u00f3rio, Marcelo Carvalho, passar as orienta\u00e7\u00f5es e explica\u00e7\u00f5es sobre o racismo, na qual falaram dos n\u00fameros de casos pelo planeta, os protocolos d Fifa e a legisla\u00e7\u00e3o sobre o tema.<\/p>\n<p>&#8220;Estamos dando mais um importante passo do Clube de Todos. Hoje, realizamos a palestra em parceria com o Observat\u00f3rio para nossos atletas e comiss\u00e3o t\u00e9cnica. \u00c9 o Gr\u00eamio cumprindo sua fun\u00e7\u00e3o e seu papel antirracista&#8221;, disse Juliano Ferrer.<\/p>\n<p>Palavras semelhantes de Marcelo Carvalho, que ganhou uma camisa do clube das m\u00e3os do zagueiro Kannemann e o presenteou com outra, do Observat\u00f3rio. &#8220;Hoje, demos um importante passo. Essa palestra \u00e9 fundamental para que a gente fa\u00e7a uma conscientiza\u00e7\u00e3o para os atletas nessa luta contra o racismo no futebol. Nosso papel \u00e9 empoderar jogadores, mostrar para eles que hoje tem leis, mostrar para eles o c\u00f3digo da Fifa, como se proteger e como n\u00e3o cometer racismo. Todos esses aspectos s\u00e3o importantes para que a gente crie um futebol sem racismo&#8221;, afirmou.<\/p>\n<p>O Gr\u00eamio j\u00e1 vinha promovendo diversas palestras em escolas de Porto Alegre nos \u00faltimos anos, em parceria do Clube de Todos e o Observat\u00f3rio. A ideia \u00e9 dar sequ\u00eancia no projeto e organizar novos eventos.<\/p>\n","protected":false},"excerpt":{"rendered":"<p>O Gr\u00eamio pretende ser um exemplo no combate ao racismo no Pa\u00eds e vem orientando e auxiliando seus jogadores sobre o assunto que vem manchando o futebol sul-americano e mesmo mundial nos \u00faltimos tempos com vexat\u00f3rios atos de discrimina\u00e7\u00e3o. Na noite de quinta-feira, o elenco ga\u00facho recebeu uma palestra antirracista de &#8220;conscientiza\u00e7\u00e3o.&#8221; Em prepara\u00e7\u00e3o para &hellip;<\/p>\n","protected":false},"author":1,"featured_media":5784,"comment_status":"closed","ping_status":"closed","sticky":false,"template":"","format":"standard","meta":{"footnotes":""},"categories":[31],"tags":[],"class_list":["post-5783","post","type-post","status-publish","format-standard","has-post-thumbnail","hentry","category-esportes"],"yoast_head":"<!-- This site is optimized with the Yoast SEO plugin v27.4 - https:\/\/yoast.com\/product\/yoast-seo-wordpress\/ -->\n<title>Gr\u00eamio recebe palestra antirracista antes de volta ao Brasileir\u00e3o: &#039;conscientiza\u00e7\u00e3o&#039; - Transam\u00e9rica Mococa 93,3<\/title>\n<meta name=\"robots\" content=\"index, follow, max-snippet:-1, max-image-preview:large, max-video-preview:-1\" \/>\n<link rel=\"canonical\" href=\"https:\/\/transamerica93.com.br\/home\/gremio-recebe-palestra-antirracista-antes-de-volta-ao-brasileirao-conscientizacao\/\" \/>\n<meta property=\"og:locale\" content=\"pt_BR\" \/>\n<meta property=\"og:type\" content=\"article\" \/>\n<meta property=\"og:title\" content=\"Gr\u00eamio recebe palestra antirracista antes de volta ao Brasileir\u00e3o: &#039;conscientiza\u00e7\u00e3o&#039; - Transam\u00e9rica Mococa 93,3\" \/>\n<meta property=\"og:description\" content=\"O Gr\u00eamio pretende ser um exemplo no combate ao racismo no Pa\u00eds e vem orientando e auxiliando seus jogadores sobre o assunto que vem manchando o futebol sul-americano e mesmo mundial nos \u00faltimos tempos com vexat\u00f3rios atos de discrimina\u00e7\u00e3o. Na noite de quinta-feira, o elenco ga\u00facho recebeu uma palestra antirracista de &#8220;conscientiza\u00e7\u00e3o.&#8221; Em prepara\u00e7\u00e3o para &hellip;\" \/>\n<meta property=\"og:url\" content=\"https:\/\/transamerica93.com.br\/home\/gremio-recebe-palestra-antirracista-antes-de-volta-ao-brasileirao-conscientizacao\/\" \/>\n<meta property=\"og:site_name\" content=\"Transam\u00e9rica Mococa 93,3\" \/>\n<meta property=\"article:publisher\" content=\"https:\/\/www.facebook.com\/transamericamococa\" \/>\n<meta property=\"article:published_time\" content=\"2025-07-03T15:00:50+00:00\" \/>\n<meta property=\"og:image\" content=\"https:\/\/transamerica93.com.br\/home\/wp-content\/uploads\/2025\/06\/1-12.jpg\" \/>\n\t<meta property=\"og:image:width\" content=\"1600\" \/>\n\t<meta property=\"og:image:height\" content=\"1067\" \/>\n\t<meta property=\"og:image:type\" content=\"image\/jpeg\" \/>\n<meta name=\"author\" content=\"Reda\u00e7\u00e3o\" \/>\n<meta name=\"twitter:card\" content=\"summary_large_image\" \/>\n<meta name=\"twitter:creator\" content=\"@transamerica933\" \/>\n<meta name=\"twitter:site\" content=\"@transamerica933\" \/>\n<meta name=\"twitter:label1\" content=\"Escrito por\" \/>\n\t<meta name=\"twitter:data1\" content=\"Reda\u00e7\u00e3o\" \/>\n\t<meta name=\"twitter:label2\" content=\"Est. tempo de leitura\" \/>\n\t<meta name=\"twitter:data2\" content=\"3 minutos\" \/>\n<script type=\"application\/ld+json\" class=\"yoast-schema-graph\">{\"@context\":\"https:\\\/\\\/schema.org\",\"@graph\":[{\"@type\":\"Article\",\"@id\":\"https:\\\/\\\/transamerica93.com.br\\\/home\\\/gremio-recebe-palestra-antirracista-antes-de-volta-ao-brasileirao-conscientizacao\\\/#article\",\"isPartOf\":{\"@id\":\"https:\\\/\\\/transamerica93.com.br\\\/home\\\/gremio-recebe-palestra-antirracista-antes-de-volta-ao-brasileirao-conscientizacao\\\/\"},\"author\":{\"name\":\"Reda\u00e7\u00e3o\",\"@id\":\"https:\\\/\\\/transamerica93.com.br\\\/home\\\/#\\\/schema\\\/person\\\/7fed7c99c0d4562efa8561bc0f543172\"},\"headline\":\"Gr\u00eamio recebe palestra antirracista antes de volta ao Brasileir\u00e3o: &#8216;conscientiza\u00e7\u00e3o&#8217;\",\"datePublished\":\"2025-07-03T15:00:50+00:00\",\"mainEntityOfPage\":{\"@id\":\"https:\\\/\\\/transamerica93.com.br\\\/home\\\/gremio-recebe-palestra-antirracista-antes-de-volta-ao-brasileirao-conscientizacao\\\/\"},\"wordCount\":419,\"publisher\":{\"@id\":\"https:\\\/\\\/transamerica93.com.br\\\/home\\\/#organization\"},\"image\":{\"@id\":\"https:\\\/\\\/transamerica93.com.br\\\/home\\\/gremio-recebe-palestra-antirracista-antes-de-volta-ao-brasileirao-conscientizacao\\\/#primaryimage\"},\"thumbnailUrl\":\"https:\\\/\\\/transamerica93.com.br\\\/home\\\/wp-content\\\/uploads\\\/2025\\\/06\\\/1-12.jpg\",\"articleSection\":[\"Esportes\"],\"inLanguage\":\"pt-BR\"},{\"@type\":\"WebPage\",\"@id\":\"https:\\\/\\\/transamerica93.com.br\\\/home\\\/gremio-recebe-palestra-antirracista-antes-de-volta-ao-brasileirao-conscientizacao\\\/\",\"url\":\"https:\\\/\\\/transamerica93.com.br\\\/home\\\/gremio-recebe-palestra-antirracista-antes-de-volta-ao-brasileirao-conscientizacao\\\/\",\"name\":\"Gr\u00eamio recebe palestra antirracista antes de volta ao Brasileir\u00e3o: 'conscientiza\u00e7\u00e3o' - Transam\u00e9rica Mococa 93,3\",\"isPartOf\":{\"@id\":\"https:\\\/\\\/transamerica93.com.br\\\/home\\\/#website\"},\"primaryImageOfPage\":{\"@id\":\"https:\\\/\\\/transamerica93.com.br\\\/home\\\/gremio-recebe-palestra-antirracista-antes-de-volta-ao-brasileirao-conscientizacao\\\/#primaryimage\"},\"image\":{\"@id\":\"https:\\\/\\\/transamerica93.com.br\\\/home\\\/gremio-recebe-palestra-antirracista-antes-de-volta-ao-brasileirao-conscientizacao\\\/#primaryimage\"},\"thumbnailUrl\":\"https:\\\/\\\/transamerica93.com.br\\\/home\\\/wp-content\\\/uploads\\\/2025\\\/06\\\/1-12.jpg\",\"datePublished\":\"2025-07-03T15:00:50+00:00\",\"breadcrumb\":{\"@id\":\"https:\\\/\\\/transamerica93.com.br\\\/home\\\/gremio-recebe-palestra-antirracista-antes-de-volta-ao-brasileirao-conscientizacao\\\/#breadcrumb\"},\"inLanguage\":\"pt-BR\",\"potentialAction\":[{\"@type\":\"ReadAction\",\"target\":[\"https:\\\/\\\/transamerica93.com.br\\\/home\\\/gremio-recebe-palestra-antirracista-antes-de-volta-ao-brasileirao-conscientizacao\\\/\"]}]},{\"@type\":\"ImageObject\",\"inLanguage\":\"pt-BR\",\"@id\":\"https:\\\/\\\/transamerica93.com.br\\\/home\\\/gremio-recebe-palestra-antirracista-antes-de-volta-ao-brasileirao-conscientizacao\\\/#primaryimage\",\"url\":\"https:\\\/\\\/transamerica93.com.br\\\/home\\\/wp-content\\\/uploads\\\/2025\\\/06\\\/1-12.jpg\",\"contentUrl\":\"https:\\\/\\\/transamerica93.com.br\\\/home\\\/wp-content\\\/uploads\\\/2025\\\/06\\\/1-12.jpg\",\"width\":1600,\"height\":1067},{\"@type\":\"BreadcrumbList\",\"@id\":\"https:\\\/\\\/transamerica93.com.br\\\/home\\\/gremio-recebe-palestra-antirracista-antes-de-volta-ao-brasileirao-conscientizacao\\\/#breadcrumb\",\"itemListElement\":[{\"@type\":\"ListItem\",\"position\":1,\"name\":\"In\u00edcio\",\"item\":\"https:\\\/\\\/transamerica93.com.br\\\/home\\\/\"},{\"@type\":\"ListItem\",\"position\":2,\"name\":\"Gr\u00eamio recebe palestra antirracista antes de volta ao Brasileir\u00e3o: &#8216;conscientiza\u00e7\u00e3o&#8217;\"}]},{\"@type\":\"WebSite\",\"@id\":\"https:\\\/\\\/transamerica93.com.br\\\/home\\\/#website\",\"url\":\"https:\\\/\\\/transamerica93.com.br\\\/home\\\/\",\"name\":\"Transam\u00e9rica Mococa 93,3\",\"description\":\"\",\"publisher\":{\"@id\":\"https:\\\/\\\/transamerica93.com.br\\\/home\\\/#organization\"},\"potentialAction\":[{\"@type\":\"SearchAction\",\"target\":{\"@type\":\"EntryPoint\",\"urlTemplate\":\"https:\\\/\\\/transamerica93.com.br\\\/home\\\/?s={search_term_string}\"},\"query-input\":{\"@type\":\"PropertyValueSpecification\",\"valueRequired\":true,\"valueName\":\"search_term_string\"}}],\"inLanguage\":\"pt-BR\"},{\"@type\":\"Organization\",\"@id\":\"https:\\\/\\\/transamerica93.com.br\\\/home\\\/#organization\",\"name\":\"Transam\u00e9rica Mococa 93,3\",\"url\":\"https:\\\/\\\/transamerica93.com.br\\\/home\\\/\",\"logo\":{\"@type\":\"ImageObject\",\"inLanguage\":\"pt-BR\",\"@id\":\"https:\\\/\\\/transamerica93.com.br\\\/home\\\/#\\\/schema\\\/logo\\\/image\\\/\",\"url\":\"https:\\\/\\\/transamerica93.com.br\\\/home\\\/wp-content\\\/uploads\\\/2023\\\/10\\\/logo2.png\",\"contentUrl\":\"https:\\\/\\\/transamerica93.com.br\\\/home\\\/wp-content\\\/uploads\\\/2023\\\/10\\\/logo2.png\",\"width\":800,\"height\":500,\"caption\":\"Transam\u00e9rica Mococa 93,3\"},\"image\":{\"@id\":\"https:\\\/\\\/transamerica93.com.br\\\/home\\\/#\\\/schema\\\/logo\\\/image\\\/\"},\"sameAs\":[\"https:\\\/\\\/www.facebook.com\\\/transamericamococa\",\"https:\\\/\\\/x.com\\\/transamerica933\",\"https:\\\/\\\/www.instagram.com\\\/transamericamococa\"]},{\"@type\":\"Person\",\"@id\":\"https:\\\/\\\/transamerica93.com.br\\\/home\\\/#\\\/schema\\\/person\\\/7fed7c99c0d4562efa8561bc0f543172\",\"name\":\"Reda\u00e7\u00e3o\",\"image\":{\"@type\":\"ImageObject\",\"inLanguage\":\"pt-BR\",\"@id\":\"https:\\\/\\\/secure.gravatar.com\\\/avatar\\\/1072c6b775fb02ef8506ce967551d95926669a6b7d2c2147b42eea4d7c68395e?s=96&d=mm&r=g\",\"url\":\"https:\\\/\\\/secure.gravatar.com\\\/avatar\\\/1072c6b775fb02ef8506ce967551d95926669a6b7d2c2147b42eea4d7c68395e?s=96&d=mm&r=g\",\"contentUrl\":\"https:\\\/\\\/secure.gravatar.com\\\/avatar\\\/1072c6b775fb02ef8506ce967551d95926669a6b7d2c2147b42eea4d7c68395e?s=96&d=mm&r=g\",\"caption\":\"Reda\u00e7\u00e3o\"},\"sameAs\":[\"https:\\\/\\\/transamerica93.com.br\\\/home\"],\"url\":\"https:\\\/\\\/transamerica93.com.br\\\/home\\\/author\\\/william\\\/\"}]}<\/script>\n<!-- \/ Yoast SEO plugin. -->","yoast_head_json":{"title":"Gr\u00eamio recebe palestra antirracista antes de volta ao Brasileir\u00e3o: 'conscientiza\u00e7\u00e3o' - Transam\u00e9rica Mococa 93,3","robots":{"index":"index","follow":"follow","max-snippet":"max-snippet:-1","max-image-preview":"max-image-preview:large","max-video-preview":"max-video-preview:-1"},"canonical":"https:\/\/transamerica93.com.br\/home\/gremio-recebe-palestra-antirracista-antes-de-volta-ao-brasileirao-conscientizacao\/","og_locale":"pt_BR","og_type":"article","og_title":"Gr\u00eamio recebe palestra antirracista antes de volta ao Brasileir\u00e3o: 'conscientiza\u00e7\u00e3o' - Transam\u00e9rica Mococa 93,3","og_description":"O Gr\u00eamio pretende ser um exemplo no combate ao racismo no Pa\u00eds e vem orientando e auxiliando seus jogadores sobre o assunto que vem manchando o futebol sul-americano e mesmo mundial nos \u00faltimos tempos com vexat\u00f3rios atos de discrimina\u00e7\u00e3o. Na noite de quinta-feira, o elenco ga\u00facho recebeu uma palestra antirracista de &#8220;conscientiza\u00e7\u00e3o.&#8221; Em prepara\u00e7\u00e3o para &hellip;","og_url":"https:\/\/transamerica93.com.br\/home\/gremio-recebe-palestra-antirracista-antes-de-volta-ao-brasileirao-conscientizacao\/","og_site_name":"Transam\u00e9rica Mococa 93,3","article_publisher":"https:\/\/www.facebook.com\/transamericamococa","article_published_time":"2025-07-03T15:00:50+00:00","og_image":[{"width":1600,"height":1067,"url":"https:\/\/transamerica93.com.br\/home\/wp-content\/uploads\/2025\/06\/1-12.jpg","type":"image\/jpeg"}],"author":"Reda\u00e7\u00e3o","twitter_card":"summary_large_image","twitter_creator":"@transamerica933","twitter_site":"@transamerica933","twitter_misc":{"Escrito por":"Reda\u00e7\u00e3o","Est. tempo de leitura":"3 minutos"},"schema":{"@context":"https:\/\/schema.org","@graph":[{"@type":"Article","@id":"https:\/\/transamerica93.com.br\/home\/gremio-recebe-palestra-antirracista-antes-de-volta-ao-brasileirao-conscientizacao\/#article","isPartOf":{"@id":"https:\/\/transamerica93.com.br\/home\/gremio-recebe-palestra-antirracista-antes-de-volta-ao-brasileirao-conscientizacao\/"},"author":{"name":"Reda\u00e7\u00e3o","@id":"https:\/\/transamerica93.com.br\/home\/#\/schema\/person\/7fed7c99c0d4562efa8561bc0f543172"},"headline":"Gr\u00eamio recebe palestra antirracista antes de volta ao Brasileir\u00e3o: &#8216;conscientiza\u00e7\u00e3o&#8217;","datePublished":"2025-07-03T15:00:50+00:00","mainEntityOfPage":{"@id":"https:\/\/transamerica93.com.br\/home\/gremio-recebe-palestra-antirracista-antes-de-volta-ao-brasileirao-conscientizacao\/"},"wordCount":419,"publisher":{"@id":"https:\/\/transamerica93.com.br\/home\/#organization"},"image":{"@id":"https:\/\/transamerica93.com.br\/home\/gremio-recebe-palestra-antirracista-antes-de-volta-ao-brasileirao-conscientizacao\/#primaryimage"},"thumbnailUrl":"https:\/\/transamerica93.com.br\/home\/wp-content\/uploads\/2025\/06\/1-12.jpg","articleSection":["Esportes"],"inLanguage":"pt-BR"},{"@type":"WebPage","@id":"https:\/\/transamerica93.com.br\/home\/gremio-recebe-palestra-antirracista-antes-de-volta-ao-brasileirao-conscientizacao\/","url":"https:\/\/transamerica93.com.br\/home\/gremio-recebe-palestra-antirracista-antes-de-volta-ao-brasileirao-conscientizacao\/","name":"Gr\u00eamio recebe palestra antirracista antes de volta ao Brasileir\u00e3o: 'conscientiza\u00e7\u00e3o' - Transam\u00e9rica Mococa 93,3","isPartOf":{"@id":"https:\/\/transamerica93.com.br\/home\/#website"},"primaryImageOfPage":{"@id":"https:\/\/transamerica93.com.br\/home\/gremio-recebe-palestra-antirracista-antes-de-volta-ao-brasileirao-conscientizacao\/#primaryimage"},"image":{"@id":"https:\/\/transamerica93.com.br\/home\/gremio-recebe-palestra-antirracista-antes-de-volta-ao-brasileirao-conscientizacao\/#primaryimage"},"thumbnailUrl":"https:\/\/transamerica93.com.br\/home\/wp-content\/uploads\/2025\/06\/1-12.jpg","datePublished":"2025-07-03T15:00:50+00:00","breadcrumb":{"@id":"https:\/\/transamerica93.com.br\/home\/gremio-recebe-palestra-antirracista-antes-de-volta-ao-brasileirao-conscientizacao\/#breadcrumb"},"inLanguage":"pt-BR","potentialAction":[{"@type":"ReadAction","target":["https:\/\/transamerica93.com.br\/home\/gremio-recebe-palestra-antirracista-antes-de-volta-ao-brasileirao-conscientizacao\/"]}]},{"@type":"ImageObject","inLanguage":"pt-BR","@id":"https:\/\/transamerica93.com.br\/home\/gremio-recebe-palestra-antirracista-antes-de-volta-ao-brasileirao-conscientizacao\/#primaryimage","url":"https:\/\/transamerica93.com.br\/home\/wp-content\/uploads\/2025\/06\/1-12.jpg","contentUrl":"https:\/\/transamerica93.com.br\/home\/wp-content\/uploads\/2025\/06\/1-12.jpg","width":1600,"height":1067},{"@type":"BreadcrumbList","@id":"https:\/\/transamerica93.com.br\/home\/gremio-recebe-palestra-antirracista-antes-de-volta-ao-brasileirao-conscientizacao\/#breadcrumb","itemListElement":[{"@type":"ListItem","position":1,"name":"In\u00edcio","item":"https:\/\/transamerica93.com.br\/home\/"},{"@type":"ListItem","position":2,"name":"Gr\u00eamio recebe palestra antirracista antes de volta ao Brasileir\u00e3o: &#8216;conscientiza\u00e7\u00e3o&#8217;"}]},{"@type":"WebSite","@id":"https:\/\/transamerica93.com.br\/home\/#website","url":"https:\/\/transamerica93.com.br\/home\/","name":"Transam\u00e9rica Mococa 93,3","description":"","publisher":{"@id":"https:\/\/transamerica93.com.br\/home\/#organization"},"potentialAction":[{"@type":"SearchAction","target":{"@type":"EntryPoint","urlTemplate":"https:\/\/transamerica93.com.br\/home\/?s={search_term_string}"},"query-input":{"@type":"PropertyValueSpecification","valueRequired":true,"valueName":"search_term_string"}}],"inLanguage":"pt-BR"},{"@type":"Organization","@id":"https:\/\/transamerica93.com.br\/home\/#organization","name":"Transam\u00e9rica Mococa 93,3","url":"https:\/\/transamerica93.com.br\/home\/","logo":{"@type":"ImageObject","inLanguage":"pt-BR","@id":"https:\/\/transamerica93.com.br\/home\/#\/schema\/logo\/image\/","url":"https:\/\/transamerica93.com.br\/home\/wp-content\/uploads\/2023\/10\/logo2.png","contentUrl":"https:\/\/transamerica93.com.br\/home\/wp-content\/uploads\/2023\/10\/logo2.png","width":800,"height":500,"caption":"Transam\u00e9rica Mococa 93,3"},"image":{"@id":"https:\/\/transamerica93.com.br\/home\/#\/schema\/logo\/image\/"},"sameAs":["https:\/\/www.facebook.com\/transamericamococa","https:\/\/x.com\/transamerica933","https:\/\/www.instagram.com\/transamericamococa"]},{"@type":"Person","@id":"https:\/\/transamerica93.com.br\/home\/#\/schema\/person\/7fed7c99c0d4562efa8561bc0f543172","name":"Reda\u00e7\u00e3o","image":{"@type":"ImageObject","inLanguage":"pt-BR","@id":"https:\/\/secure.gravatar.com\/avatar\/1072c6b775fb02ef8506ce967551d95926669a6b7d2c2147b42eea4d7c68395e?s=96&d=mm&r=g","url":"https:\/\/secure.gravatar.com\/avatar\/1072c6b775fb02ef8506ce967551d95926669a6b7d2c2147b42eea4d7c68395e?s=96&d=mm&r=g","contentUrl":"https:\/\/secure.gravatar.com\/avatar\/1072c6b775fb02ef8506ce967551d95926669a6b7d2c2147b42eea4d7c68395e?s=96&d=mm&r=g","caption":"Reda\u00e7\u00e3o"},"sameAs":["https:\/\/transamerica93.com.br\/home"],"url":"https:\/\/transamerica93.com.br\/home\/author\/william\/"}]}},"_links":{"self":[{"href":"https:\/\/transamerica93.com.br\/home\/wp-json\/wp\/v2\/posts\/5783","targetHints":{"allow":["GET"]}}],"collection":[{"href":"https:\/\/transamerica93.com.br\/home\/wp-json\/wp\/v2\/posts"}],"about":[{"href":"https:\/\/transamerica93.com.br\/home\/wp-json\/wp\/v2\/types\/post"}],"author":[{"embeddable":true,"href":"https:\/\/transamerica93.com.br\/home\/wp-json\/wp\/v2\/users\/1"}],"replies":[{"embeddable":true,"href":"https:\/\/transamerica93.com.br\/home\/wp-json\/wp\/v2\/comments?post=5783"}],"version-history":[{"count":1,"href":"https:\/\/transamerica93.com.br\/home\/wp-json\/wp\/v2\/posts\/5783\/revisions"}],"predecessor-version":[{"id":5785,"href":"https:\/\/transamerica93.com.br\/home\/wp-json\/wp\/v2\/posts\/5783\/revisions\/5785"}],"wp:featuredmedia":[{"embeddable":true,"href":"https:\/\/transamerica93.com.br\/home\/wp-json\/wp\/v2\/media\/5784"}],"wp:attachment":[{"href":"https:\/\/transamerica93.com.br\/home\/wp-json\/wp\/v2\/media?parent=5783"}],"wp:term":[{"taxonomy":"category","embeddable":true,"href":"https:\/\/transamerica93.com.br\/home\/wp-json\/wp\/v2\/categories?post=5783"},{"taxonomy":"post_tag","embeddable":true,"href":"https:\/\/transamerica93.com.br\/home\/wp-json\/wp\/v2\/tags?post=5783"}],"curies":[{"name":"wp","href":"https:\/\/api.w.org\/{rel}","templated":true}]}}