{"id":5801,"date":"2025-07-04T15:00:53","date_gmt":"2025-07-04T18:00:53","guid":{"rendered":"https:\/\/transamerica93.com.br\/home\/?p=5801"},"modified":"2025-06-27T17:25:51","modified_gmt":"2025-06-27T20:25:51","slug":"mae-de-marilia-mendonca-volta-a-se-manifestar-e-diz-que-neto-nunca-recebeu-pensao","status":"publish","type":"post","link":"https:\/\/transamerica93.com.br\/home\/mae-de-marilia-mendonca-volta-a-se-manifestar-e-diz-que-neto-nunca-recebeu-pensao\/","title":{"rendered":"M\u00e3e de Mar\u00edlia Mendon\u00e7a volta a se manifestar e diz que neto nunca recebeu pens\u00e3o"},"content":{"rendered":"<div id=\"Corpo\">\n<h6 class=\"Assina\">Por Ingrid Rodrigues<\/h6>\n<p>Dona Ruth, m\u00e3e de Mar\u00edlia Mendon\u00e7a, comentou publicamente o pedido de guarda unilateral feito por Murilo Huff em rela\u00e7\u00e3o a Leo, filho do cantor com a artista. Em publica\u00e7\u00e3o no Instagram, ela lamentou a situa\u00e7\u00e3o e afirmou que o menino nunca recebeu pens\u00e3o do pai.<\/p>\n<p>Desde a morte de Mar\u00edlia, em novembro de 2021, Ruth divide a guarda da crian\u00e7a com Murilo. &#8220;Desde o dia em que ele nasceu at\u00e9 o dia de hoje, nunca lhe faltou amor, cuidado\u2026 J\u00e1 passamos por diversos momentos dif\u00edceis&#8221;, escreveu. Ela destacou que foi seu olhar atento que contribuiu para o diagn\u00f3stico precoce de diabetes do neto.<\/p>\n<p>Na sequ\u00eancia, afirmou que nunca houve ajuda financeira por parte de Huff. &#8220;O Leo nunca recebeu nenhum centavo de pens\u00e3o do pai, mas jamais ataquei a integridade dele. Pelo contr\u00e1rio, sempre defendi que o Leo respeitasse e amasse o pai dele.&#8221;<\/p>\n<p>Sobre o patrim\u00f4nio do menino, principal herdeiro do legado de Mar\u00edlia, Dona Ruth esclareceu que est\u00e1 sendo administrado com responsabilidade. &#8220;Est\u00e1 sendo muito bem protegido, inclusive submetido \u00e0 presta\u00e7\u00e3o de contas ao ju\u00edzo do invent\u00e1rio do patrim\u00f4nio que a minha filha deixou e que est\u00e1 at\u00e9 hoje em andamento.&#8221;<\/p>\n<p>Ela finalizou dizendo que, em respeito ao neto e por orienta\u00e7\u00e3o judicial, n\u00e3o pretende comentar mais o caso.<\/p><\/div>\n","protected":false},"excerpt":{"rendered":"<p>Por Ingrid Rodrigues Dona Ruth, m\u00e3e de Mar\u00edlia Mendon\u00e7a, comentou publicamente o pedido de guarda unilateral feito por Murilo Huff em rela\u00e7\u00e3o a Leo, filho do cantor com a artista. Em publica\u00e7\u00e3o no Instagram, ela lamentou a situa\u00e7\u00e3o e afirmou que o menino nunca recebeu pens\u00e3o do pai. Desde a morte de Mar\u00edlia, em novembro &hellip;<\/p>\n","protected":false},"author":1,"featured_media":5802,"comment_status":"closed","ping_status":"closed","sticky":false,"template":"","format":"standard","meta":{"footnotes":""},"categories":[25],"tags":[],"class_list":["post-5801","post","type-post","status-publish","format-standard","has-post-thumbnail","hentry","category-musica"],"yoast_head":"<!-- This site is optimized with the Yoast SEO plugin v27.4 - https:\/\/yoast.com\/product\/yoast-seo-wordpress\/ -->\n<title>M\u00e3e de Mar\u00edlia Mendon\u00e7a volta a se manifestar e diz que neto nunca recebeu pens\u00e3o - Transam\u00e9rica Mococa 93,3<\/title>\n<meta name=\"robots\" content=\"index, follow, max-snippet:-1, max-image-preview:large, max-video-preview:-1\" \/>\n<link rel=\"canonical\" href=\"https:\/\/transamerica93.com.br\/home\/mae-de-marilia-mendonca-volta-a-se-manifestar-e-diz-que-neto-nunca-recebeu-pensao\/\" \/>\n<meta property=\"og:locale\" content=\"pt_BR\" \/>\n<meta property=\"og:type\" content=\"article\" \/>\n<meta property=\"og:title\" content=\"M\u00e3e de Mar\u00edlia Mendon\u00e7a volta a se manifestar e diz que neto nunca recebeu pens\u00e3o - Transam\u00e9rica Mococa 93,3\" \/>\n<meta property=\"og:description\" content=\"Por Ingrid Rodrigues Dona Ruth, m\u00e3e de Mar\u00edlia Mendon\u00e7a, comentou publicamente o pedido de guarda unilateral feito por Murilo Huff em rela\u00e7\u00e3o a Leo, filho do cantor com a artista. Em publica\u00e7\u00e3o no Instagram, ela lamentou a situa\u00e7\u00e3o e afirmou que o menino nunca recebeu pens\u00e3o do pai. Desde a morte de Mar\u00edlia, em novembro &hellip;\" \/>\n<meta property=\"og:url\" content=\"https:\/\/transamerica93.com.br\/home\/mae-de-marilia-mendonca-volta-a-se-manifestar-e-diz-que-neto-nunca-recebeu-pensao\/\" \/>\n<meta property=\"og:site_name\" content=\"Transam\u00e9rica Mococa 93,3\" \/>\n<meta property=\"article:publisher\" content=\"https:\/\/www.facebook.com\/transamericamococa\" \/>\n<meta property=\"article:published_time\" content=\"2025-07-04T18:00:53+00:00\" \/>\n<meta property=\"og:image\" content=\"https:\/\/transamerica93.com.br\/home\/wp-content\/uploads\/2025\/06\/1-18.jpg\" \/>\n\t<meta property=\"og:image:width\" content=\"1100\" \/>\n\t<meta property=\"og:image:height\" content=\"601\" \/>\n\t<meta property=\"og:image:type\" content=\"image\/jpeg\" \/>\n<meta name=\"author\" content=\"Reda\u00e7\u00e3o\" \/>\n<meta name=\"twitter:card\" content=\"summary_large_image\" \/>\n<meta name=\"twitter:creator\" content=\"@transamerica933\" \/>\n<meta name=\"twitter:site\" content=\"@transamerica933\" \/>\n<meta name=\"twitter:label1\" content=\"Escrito por\" \/>\n\t<meta name=\"twitter:data1\" content=\"Reda\u00e7\u00e3o\" \/>\n\t<meta name=\"twitter:label2\" content=\"Est. tempo de leitura\" \/>\n\t<meta name=\"twitter:data2\" content=\"2 minutos\" \/>\n<script type=\"application\/ld+json\" class=\"yoast-schema-graph\">{\"@context\":\"https:\\\/\\\/schema.org\",\"@graph\":[{\"@type\":\"Article\",\"@id\":\"https:\\\/\\\/transamerica93.com.br\\\/home\\\/mae-de-marilia-mendonca-volta-a-se-manifestar-e-diz-que-neto-nunca-recebeu-pensao\\\/#article\",\"isPartOf\":{\"@id\":\"https:\\\/\\\/transamerica93.com.br\\\/home\\\/mae-de-marilia-mendonca-volta-a-se-manifestar-e-diz-que-neto-nunca-recebeu-pensao\\\/\"},\"author\":{\"name\":\"Reda\u00e7\u00e3o\",\"@id\":\"https:\\\/\\\/transamerica93.com.br\\\/home\\\/#\\\/schema\\\/person\\\/7fed7c99c0d4562efa8561bc0f543172\"},\"headline\":\"M\u00e3e de Mar\u00edlia Mendon\u00e7a volta a se manifestar e diz que neto nunca recebeu pens\u00e3o\",\"datePublished\":\"2025-07-04T18:00:53+00:00\",\"mainEntityOfPage\":{\"@id\":\"https:\\\/\\\/transamerica93.com.br\\\/home\\\/mae-de-marilia-mendonca-volta-a-se-manifestar-e-diz-que-neto-nunca-recebeu-pensao\\\/\"},\"wordCount\":253,\"publisher\":{\"@id\":\"https:\\\/\\\/transamerica93.com.br\\\/home\\\/#organization\"},\"image\":{\"@id\":\"https:\\\/\\\/transamerica93.com.br\\\/home\\\/mae-de-marilia-mendonca-volta-a-se-manifestar-e-diz-que-neto-nunca-recebeu-pensao\\\/#primaryimage\"},\"thumbnailUrl\":\"https:\\\/\\\/transamerica93.com.br\\\/home\\\/wp-content\\\/uploads\\\/2025\\\/06\\\/1-18.jpg\",\"articleSection\":[\"M\u00fasica\"],\"inLanguage\":\"pt-BR\"},{\"@type\":\"WebPage\",\"@id\":\"https:\\\/\\\/transamerica93.com.br\\\/home\\\/mae-de-marilia-mendonca-volta-a-se-manifestar-e-diz-que-neto-nunca-recebeu-pensao\\\/\",\"url\":\"https:\\\/\\\/transamerica93.com.br\\\/home\\\/mae-de-marilia-mendonca-volta-a-se-manifestar-e-diz-que-neto-nunca-recebeu-pensao\\\/\",\"name\":\"M\u00e3e de Mar\u00edlia Mendon\u00e7a volta a se manifestar e diz que neto nunca recebeu pens\u00e3o - Transam\u00e9rica Mococa 93,3\",\"isPartOf\":{\"@id\":\"https:\\\/\\\/transamerica93.com.br\\\/home\\\/#website\"},\"primaryImageOfPage\":{\"@id\":\"https:\\\/\\\/transamerica93.com.br\\\/home\\\/mae-de-marilia-mendonca-volta-a-se-manifestar-e-diz-que-neto-nunca-recebeu-pensao\\\/#primaryimage\"},\"image\":{\"@id\":\"https:\\\/\\\/transamerica93.com.br\\\/home\\\/mae-de-marilia-mendonca-volta-a-se-manifestar-e-diz-que-neto-nunca-recebeu-pensao\\\/#primaryimage\"},\"thumbnailUrl\":\"https:\\\/\\\/transamerica93.com.br\\\/home\\\/wp-content\\\/uploads\\\/2025\\\/06\\\/1-18.jpg\",\"datePublished\":\"2025-07-04T18:00:53+00:00\",\"breadcrumb\":{\"@id\":\"https:\\\/\\\/transamerica93.com.br\\\/home\\\/mae-de-marilia-mendonca-volta-a-se-manifestar-e-diz-que-neto-nunca-recebeu-pensao\\\/#breadcrumb\"},\"inLanguage\":\"pt-BR\",\"potentialAction\":[{\"@type\":\"ReadAction\",\"target\":[\"https:\\\/\\\/transamerica93.com.br\\\/home\\\/mae-de-marilia-mendonca-volta-a-se-manifestar-e-diz-que-neto-nunca-recebeu-pensao\\\/\"]}]},{\"@type\":\"ImageObject\",\"inLanguage\":\"pt-BR\",\"@id\":\"https:\\\/\\\/transamerica93.com.br\\\/home\\\/mae-de-marilia-mendonca-volta-a-se-manifestar-e-diz-que-neto-nunca-recebeu-pensao\\\/#primaryimage\",\"url\":\"https:\\\/\\\/transamerica93.com.br\\\/home\\\/wp-content\\\/uploads\\\/2025\\\/06\\\/1-18.jpg\",\"contentUrl\":\"https:\\\/\\\/transamerica93.com.br\\\/home\\\/wp-content\\\/uploads\\\/2025\\\/06\\\/1-18.jpg\",\"width\":1100,\"height\":601},{\"@type\":\"BreadcrumbList\",\"@id\":\"https:\\\/\\\/transamerica93.com.br\\\/home\\\/mae-de-marilia-mendonca-volta-a-se-manifestar-e-diz-que-neto-nunca-recebeu-pensao\\\/#breadcrumb\",\"itemListElement\":[{\"@type\":\"ListItem\",\"position\":1,\"name\":\"In\u00edcio\",\"item\":\"https:\\\/\\\/transamerica93.com.br\\\/home\\\/\"},{\"@type\":\"ListItem\",\"position\":2,\"name\":\"M\u00e3e de Mar\u00edlia Mendon\u00e7a volta a se manifestar e diz que neto nunca recebeu pens\u00e3o\"}]},{\"@type\":\"WebSite\",\"@id\":\"https:\\\/\\\/transamerica93.com.br\\\/home\\\/#website\",\"url\":\"https:\\\/\\\/transamerica93.com.br\\\/home\\\/\",\"name\":\"Transam\u00e9rica Mococa 93,3\",\"description\":\"\",\"publisher\":{\"@id\":\"https:\\\/\\\/transamerica93.com.br\\\/home\\\/#organization\"},\"potentialAction\":[{\"@type\":\"SearchAction\",\"target\":{\"@type\":\"EntryPoint\",\"urlTemplate\":\"https:\\\/\\\/transamerica93.com.br\\\/home\\\/?s={search_term_string}\"},\"query-input\":{\"@type\":\"PropertyValueSpecification\",\"valueRequired\":true,\"valueName\":\"search_term_string\"}}],\"inLanguage\":\"pt-BR\"},{\"@type\":\"Organization\",\"@id\":\"https:\\\/\\\/transamerica93.com.br\\\/home\\\/#organization\",\"name\":\"Transam\u00e9rica Mococa 93,3\",\"url\":\"https:\\\/\\\/transamerica93.com.br\\\/home\\\/\",\"logo\":{\"@type\":\"ImageObject\",\"inLanguage\":\"pt-BR\",\"@id\":\"https:\\\/\\\/transamerica93.com.br\\\/home\\\/#\\\/schema\\\/logo\\\/image\\\/\",\"url\":\"https:\\\/\\\/transamerica93.com.br\\\/home\\\/wp-content\\\/uploads\\\/2023\\\/10\\\/logo2.png\",\"contentUrl\":\"https:\\\/\\\/transamerica93.com.br\\\/home\\\/wp-content\\\/uploads\\\/2023\\\/10\\\/logo2.png\",\"width\":800,\"height\":500,\"caption\":\"Transam\u00e9rica Mococa 93,3\"},\"image\":{\"@id\":\"https:\\\/\\\/transamerica93.com.br\\\/home\\\/#\\\/schema\\\/logo\\\/image\\\/\"},\"sameAs\":[\"https:\\\/\\\/www.facebook.com\\\/transamericamococa\",\"https:\\\/\\\/x.com\\\/transamerica933\",\"https:\\\/\\\/www.instagram.com\\\/transamericamococa\"]},{\"@type\":\"Person\",\"@id\":\"https:\\\/\\\/transamerica93.com.br\\\/home\\\/#\\\/schema\\\/person\\\/7fed7c99c0d4562efa8561bc0f543172\",\"name\":\"Reda\u00e7\u00e3o\",\"image\":{\"@type\":\"ImageObject\",\"inLanguage\":\"pt-BR\",\"@id\":\"https:\\\/\\\/secure.gravatar.com\\\/avatar\\\/1072c6b775fb02ef8506ce967551d95926669a6b7d2c2147b42eea4d7c68395e?s=96&d=mm&r=g\",\"url\":\"https:\\\/\\\/secure.gravatar.com\\\/avatar\\\/1072c6b775fb02ef8506ce967551d95926669a6b7d2c2147b42eea4d7c68395e?s=96&d=mm&r=g\",\"contentUrl\":\"https:\\\/\\\/secure.gravatar.com\\\/avatar\\\/1072c6b775fb02ef8506ce967551d95926669a6b7d2c2147b42eea4d7c68395e?s=96&d=mm&r=g\",\"caption\":\"Reda\u00e7\u00e3o\"},\"sameAs\":[\"https:\\\/\\\/transamerica93.com.br\\\/home\"],\"url\":\"https:\\\/\\\/transamerica93.com.br\\\/home\\\/author\\\/william\\\/\"}]}<\/script>\n<!-- \/ Yoast SEO plugin. -->","yoast_head_json":{"title":"M\u00e3e de Mar\u00edlia Mendon\u00e7a volta a se manifestar e diz que neto nunca recebeu pens\u00e3o - Transam\u00e9rica Mococa 93,3","robots":{"index":"index","follow":"follow","max-snippet":"max-snippet:-1","max-image-preview":"max-image-preview:large","max-video-preview":"max-video-preview:-1"},"canonical":"https:\/\/transamerica93.com.br\/home\/mae-de-marilia-mendonca-volta-a-se-manifestar-e-diz-que-neto-nunca-recebeu-pensao\/","og_locale":"pt_BR","og_type":"article","og_title":"M\u00e3e de Mar\u00edlia Mendon\u00e7a volta a se manifestar e diz que neto nunca recebeu pens\u00e3o - Transam\u00e9rica Mococa 93,3","og_description":"Por Ingrid Rodrigues Dona Ruth, m\u00e3e de Mar\u00edlia Mendon\u00e7a, comentou publicamente o pedido de guarda unilateral feito por Murilo Huff em rela\u00e7\u00e3o a Leo, filho do cantor com a artista. Em publica\u00e7\u00e3o no Instagram, ela lamentou a situa\u00e7\u00e3o e afirmou que o menino nunca recebeu pens\u00e3o do pai. Desde a morte de Mar\u00edlia, em novembro &hellip;","og_url":"https:\/\/transamerica93.com.br\/home\/mae-de-marilia-mendonca-volta-a-se-manifestar-e-diz-que-neto-nunca-recebeu-pensao\/","og_site_name":"Transam\u00e9rica Mococa 93,3","article_publisher":"https:\/\/www.facebook.com\/transamericamococa","article_published_time":"2025-07-04T18:00:53+00:00","og_image":[{"width":1100,"height":601,"url":"https:\/\/transamerica93.com.br\/home\/wp-content\/uploads\/2025\/06\/1-18.jpg","type":"image\/jpeg"}],"author":"Reda\u00e7\u00e3o","twitter_card":"summary_large_image","twitter_creator":"@transamerica933","twitter_site":"@transamerica933","twitter_misc":{"Escrito por":"Reda\u00e7\u00e3o","Est. tempo de leitura":"2 minutos"},"schema":{"@context":"https:\/\/schema.org","@graph":[{"@type":"Article","@id":"https:\/\/transamerica93.com.br\/home\/mae-de-marilia-mendonca-volta-a-se-manifestar-e-diz-que-neto-nunca-recebeu-pensao\/#article","isPartOf":{"@id":"https:\/\/transamerica93.com.br\/home\/mae-de-marilia-mendonca-volta-a-se-manifestar-e-diz-que-neto-nunca-recebeu-pensao\/"},"author":{"name":"Reda\u00e7\u00e3o","@id":"https:\/\/transamerica93.com.br\/home\/#\/schema\/person\/7fed7c99c0d4562efa8561bc0f543172"},"headline":"M\u00e3e de Mar\u00edlia Mendon\u00e7a volta a se manifestar e diz que neto nunca recebeu pens\u00e3o","datePublished":"2025-07-04T18:00:53+00:00","mainEntityOfPage":{"@id":"https:\/\/transamerica93.com.br\/home\/mae-de-marilia-mendonca-volta-a-se-manifestar-e-diz-que-neto-nunca-recebeu-pensao\/"},"wordCount":253,"publisher":{"@id":"https:\/\/transamerica93.com.br\/home\/#organization"},"image":{"@id":"https:\/\/transamerica93.com.br\/home\/mae-de-marilia-mendonca-volta-a-se-manifestar-e-diz-que-neto-nunca-recebeu-pensao\/#primaryimage"},"thumbnailUrl":"https:\/\/transamerica93.com.br\/home\/wp-content\/uploads\/2025\/06\/1-18.jpg","articleSection":["M\u00fasica"],"inLanguage":"pt-BR"},{"@type":"WebPage","@id":"https:\/\/transamerica93.com.br\/home\/mae-de-marilia-mendonca-volta-a-se-manifestar-e-diz-que-neto-nunca-recebeu-pensao\/","url":"https:\/\/transamerica93.com.br\/home\/mae-de-marilia-mendonca-volta-a-se-manifestar-e-diz-que-neto-nunca-recebeu-pensao\/","name":"M\u00e3e de Mar\u00edlia Mendon\u00e7a volta a se manifestar e diz que neto nunca recebeu pens\u00e3o - Transam\u00e9rica Mococa 93,3","isPartOf":{"@id":"https:\/\/transamerica93.com.br\/home\/#website"},"primaryImageOfPage":{"@id":"https:\/\/transamerica93.com.br\/home\/mae-de-marilia-mendonca-volta-a-se-manifestar-e-diz-que-neto-nunca-recebeu-pensao\/#primaryimage"},"image":{"@id":"https:\/\/transamerica93.com.br\/home\/mae-de-marilia-mendonca-volta-a-se-manifestar-e-diz-que-neto-nunca-recebeu-pensao\/#primaryimage"},"thumbnailUrl":"https:\/\/transamerica93.com.br\/home\/wp-content\/uploads\/2025\/06\/1-18.jpg","datePublished":"2025-07-04T18:00:53+00:00","breadcrumb":{"@id":"https:\/\/transamerica93.com.br\/home\/mae-de-marilia-mendonca-volta-a-se-manifestar-e-diz-que-neto-nunca-recebeu-pensao\/#breadcrumb"},"inLanguage":"pt-BR","potentialAction":[{"@type":"ReadAction","target":["https:\/\/transamerica93.com.br\/home\/mae-de-marilia-mendonca-volta-a-se-manifestar-e-diz-que-neto-nunca-recebeu-pensao\/"]}]},{"@type":"ImageObject","inLanguage":"pt-BR","@id":"https:\/\/transamerica93.com.br\/home\/mae-de-marilia-mendonca-volta-a-se-manifestar-e-diz-que-neto-nunca-recebeu-pensao\/#primaryimage","url":"https:\/\/transamerica93.com.br\/home\/wp-content\/uploads\/2025\/06\/1-18.jpg","contentUrl":"https:\/\/transamerica93.com.br\/home\/wp-content\/uploads\/2025\/06\/1-18.jpg","width":1100,"height":601},{"@type":"BreadcrumbList","@id":"https:\/\/transamerica93.com.br\/home\/mae-de-marilia-mendonca-volta-a-se-manifestar-e-diz-que-neto-nunca-recebeu-pensao\/#breadcrumb","itemListElement":[{"@type":"ListItem","position":1,"name":"In\u00edcio","item":"https:\/\/transamerica93.com.br\/home\/"},{"@type":"ListItem","position":2,"name":"M\u00e3e de Mar\u00edlia Mendon\u00e7a volta a se manifestar e diz que neto nunca recebeu pens\u00e3o"}]},{"@type":"WebSite","@id":"https:\/\/transamerica93.com.br\/home\/#website","url":"https:\/\/transamerica93.com.br\/home\/","name":"Transam\u00e9rica Mococa 93,3","description":"","publisher":{"@id":"https:\/\/transamerica93.com.br\/home\/#organization"},"potentialAction":[{"@type":"SearchAction","target":{"@type":"EntryPoint","urlTemplate":"https:\/\/transamerica93.com.br\/home\/?s={search_term_string}"},"query-input":{"@type":"PropertyValueSpecification","valueRequired":true,"valueName":"search_term_string"}}],"inLanguage":"pt-BR"},{"@type":"Organization","@id":"https:\/\/transamerica93.com.br\/home\/#organization","name":"Transam\u00e9rica Mococa 93,3","url":"https:\/\/transamerica93.com.br\/home\/","logo":{"@type":"ImageObject","inLanguage":"pt-BR","@id":"https:\/\/transamerica93.com.br\/home\/#\/schema\/logo\/image\/","url":"https:\/\/transamerica93.com.br\/home\/wp-content\/uploads\/2023\/10\/logo2.png","contentUrl":"https:\/\/transamerica93.com.br\/home\/wp-content\/uploads\/2023\/10\/logo2.png","width":800,"height":500,"caption":"Transam\u00e9rica Mococa 93,3"},"image":{"@id":"https:\/\/transamerica93.com.br\/home\/#\/schema\/logo\/image\/"},"sameAs":["https:\/\/www.facebook.com\/transamericamococa","https:\/\/x.com\/transamerica933","https:\/\/www.instagram.com\/transamericamococa"]},{"@type":"Person","@id":"https:\/\/transamerica93.com.br\/home\/#\/schema\/person\/7fed7c99c0d4562efa8561bc0f543172","name":"Reda\u00e7\u00e3o","image":{"@type":"ImageObject","inLanguage":"pt-BR","@id":"https:\/\/secure.gravatar.com\/avatar\/1072c6b775fb02ef8506ce967551d95926669a6b7d2c2147b42eea4d7c68395e?s=96&d=mm&r=g","url":"https:\/\/secure.gravatar.com\/avatar\/1072c6b775fb02ef8506ce967551d95926669a6b7d2c2147b42eea4d7c68395e?s=96&d=mm&r=g","contentUrl":"https:\/\/secure.gravatar.com\/avatar\/1072c6b775fb02ef8506ce967551d95926669a6b7d2c2147b42eea4d7c68395e?s=96&d=mm&r=g","caption":"Reda\u00e7\u00e3o"},"sameAs":["https:\/\/transamerica93.com.br\/home"],"url":"https:\/\/transamerica93.com.br\/home\/author\/william\/"}]}},"_links":{"self":[{"href":"https:\/\/transamerica93.com.br\/home\/wp-json\/wp\/v2\/posts\/5801","targetHints":{"allow":["GET"]}}],"collection":[{"href":"https:\/\/transamerica93.com.br\/home\/wp-json\/wp\/v2\/posts"}],"about":[{"href":"https:\/\/transamerica93.com.br\/home\/wp-json\/wp\/v2\/types\/post"}],"author":[{"embeddable":true,"href":"https:\/\/transamerica93.com.br\/home\/wp-json\/wp\/v2\/users\/1"}],"replies":[{"embeddable":true,"href":"https:\/\/transamerica93.com.br\/home\/wp-json\/wp\/v2\/comments?post=5801"}],"version-history":[{"count":1,"href":"https:\/\/transamerica93.com.br\/home\/wp-json\/wp\/v2\/posts\/5801\/revisions"}],"predecessor-version":[{"id":5803,"href":"https:\/\/transamerica93.com.br\/home\/wp-json\/wp\/v2\/posts\/5801\/revisions\/5803"}],"wp:featuredmedia":[{"embeddable":true,"href":"https:\/\/transamerica93.com.br\/home\/wp-json\/wp\/v2\/media\/5802"}],"wp:attachment":[{"href":"https:\/\/transamerica93.com.br\/home\/wp-json\/wp\/v2\/media?parent=5801"}],"wp:term":[{"taxonomy":"category","embeddable":true,"href":"https:\/\/transamerica93.com.br\/home\/wp-json\/wp\/v2\/categories?post=5801"},{"taxonomy":"post_tag","embeddable":true,"href":"https:\/\/transamerica93.com.br\/home\/wp-json\/wp\/v2\/tags?post=5801"}],"curies":[{"name":"wp","href":"https:\/\/api.w.org\/{rel}","templated":true}]}}