{"id":5828,"date":"2025-07-10T09:00:40","date_gmt":"2025-07-10T12:00:40","guid":{"rendered":"https:\/\/transamerica93.com.br\/home\/?p=5828"},"modified":"2025-06-27T20:51:23","modified_gmt":"2025-06-27T23:51:23","slug":"deputados-aprovam-18-de-junho-como-dia-nacional-do-orgulho-autista","status":"publish","type":"post","link":"https:\/\/transamerica93.com.br\/home\/deputados-aprovam-18-de-junho-como-dia-nacional-do-orgulho-autista\/","title":{"rendered":"Deputados aprovam 18 de junho como Dia Nacional do Orgulho Autista"},"content":{"rendered":"<p>A C\u00e2mara dos Deputados, aprovou o\u00a0<a href=\"https:\/\/www25.senado.leg.br\/web\/atividade\/materias\/-\/materia\/142587\" target=\"_blank\" rel=\"noopener\">Projeto de Lei (PL) n\u00ba 3.391\/2020<\/a> que determina que o\u00a0<strong>Dia Nacional do Orgulho Autista seja celebrado em 18 de junho.<\/strong><img decoding=\"async\" data-src=\"https:\/\/agenciabrasil.ebc.com.br\/ebc.png?id=1648547&amp;o=node\" src=\"data:image\/svg+xml;base64,PHN2ZyB3aWR0aD0iMSIgaGVpZ2h0PSIxIiB4bWxucz0iaHR0cDovL3d3dy53My5vcmcvMjAwMC9zdmciPjwvc3ZnPg==\" class=\"lazyload\" \/><img decoding=\"async\" data-src=\"https:\/\/agenciabrasil.ebc.com.br\/ebc.gif?id=1648547&amp;o=node\" src=\"data:image\/svg+xml;base64,PHN2ZyB3aWR0aD0iMSIgaGVpZ2h0PSIxIiB4bWxucz0iaHR0cDovL3d3dy53My5vcmcvMjAwMC9zdmciPjwvc3ZnPg==\" class=\"lazyload\" \/><\/p>\n<p>De autoria do senador Rom\u00e1rio (Podemos\/RJ), o PL institui a\u00a0<strong>data com o objetivo de discutir a neurodiversidade e promover a conscientiza\u00e7\u00e3o sobre o autismo, al\u00e9m de destacar a import\u00e2ncia da inclus\u00e3o e do respeito \u00e0s diferen\u00e7as.\u00a0<\/strong><\/p>\n<p><a href=\"https:\/\/www.youtube.com\/watch?v=tt57QxIIX3Y\" target=\"_blank\" rel=\"noopener\">Em sess\u00e3o plen\u00e1ria extraordin\u00e1ria semipresencial<\/a>, a\u00a0<strong>deputada federal Erika Kokay (PT-DF) entende que a data contribuir\u00e1 para consolidar pol\u00edticas p\u00fablicas de valoriza\u00e7\u00e3o de processos de acessibilidade e de inclus\u00e3o no pa\u00eds.<\/strong><\/p>\n<blockquote><p>\u201cPara que n\u00f3s possamos construir uma sociedade onde todas as pessoas se sintam inclu\u00eddas, \u00e9 muito bom que tenhamos esse dia. E tamb\u00e9m para discutirmos os direitos das pessoas com Transtornos de Espectro Autista (TEA)\u201d, disse a deputada.<\/p><\/blockquote>\n<p>Outro parlamentar, o deputado federal Luiz Lima (Novo-RJ), defendeu a conscientiza\u00e7\u00e3o sobre o Transtorno do Espectro Autista (TEA).<\/p>\n<blockquote><p>\u00a0\u201cO projeto [de lei] promove a conscientiza\u00e7\u00e3o sobre o autismo, facilita a organiza\u00e7\u00e3o de a\u00e7\u00f5es por entidades da sociedade civil, escolas, \u00f3rg\u00e3os p\u00fablicos e empresas voltadas \u00e0 causa autista e estimula o debate sobre os direitos das pessoas autistas\u201d, listou.<\/p><\/blockquote>\n<p><strong>O texto aprovado nesta quinta-feira seguir\u00e1 para a Comiss\u00e3o de Constitui\u00e7\u00e3o, Justi\u00e7a e Cidadania (CCJ) da Casa para ajuste da reda\u00e7\u00e3o final e voltar\u00e1 ao Senado Federal para vota\u00e7\u00e3o.<\/strong><\/p>\n<h2>M\u00eas de combate \u00e0s desigualdades<\/h2>\n<p>Na mesma sess\u00e3o plen\u00e1ria, a\u00a0<strong>C\u00e2mara dos Deputados rejeitou os destaques ao<a href=\"https:\/\/www.camara.leg.br\/proposicoesWeb\/fichadetramitacao?idProposicao=2381043\" target=\"_blank\" rel=\"noopener\">\u00a0Projeto de Lei (PL) n\u00ba 4.035\/2023<\/a>\u00a0do deputado federal Guilherme Boulos (PSol-SP) que institui agosto como m\u00eas de combate a desigualdades.<\/strong><\/p>\n<p>O texto aprovado determina que o Congresso Nacional, sempre no m\u00eas de agosto, fiscalize as pol\u00edticas p\u00fablicas sociais do governo federal.<\/p>\n<p>Sem as mudan\u00e7as propostas, o projeto de lei segue para an\u00e1lise do Senado Federal.<\/p>\n","protected":false},"excerpt":{"rendered":"<p>A C\u00e2mara dos Deputados, aprovou o\u00a0Projeto de Lei (PL) n\u00ba 3.391\/2020 que determina que o\u00a0Dia Nacional do Orgulho Autista seja celebrado em 18 de junho. De autoria do senador Rom\u00e1rio (Podemos\/RJ), o PL institui a\u00a0data com o objetivo de discutir a neurodiversidade e promover a conscientiza\u00e7\u00e3o sobre o autismo, al\u00e9m de destacar a import\u00e2ncia da &hellip;<\/p>\n","protected":false},"author":1,"featured_media":5829,"comment_status":"closed","ping_status":"closed","sticky":false,"template":"","format":"standard","meta":{"footnotes":""},"categories":[30],"tags":[],"class_list":["post-5828","post","type-post","status-publish","format-standard","has-post-thumbnail","hentry","category-geral"],"yoast_head":"<!-- This site is optimized with the Yoast SEO plugin v27.4 - https:\/\/yoast.com\/product\/yoast-seo-wordpress\/ -->\n<title>Deputados aprovam 18 de junho como Dia Nacional do Orgulho Autista - Transam\u00e9rica Mococa 93,3<\/title>\n<meta name=\"robots\" content=\"index, follow, max-snippet:-1, max-image-preview:large, max-video-preview:-1\" \/>\n<link rel=\"canonical\" href=\"https:\/\/transamerica93.com.br\/home\/deputados-aprovam-18-de-junho-como-dia-nacional-do-orgulho-autista\/\" \/>\n<meta property=\"og:locale\" content=\"pt_BR\" \/>\n<meta property=\"og:type\" content=\"article\" \/>\n<meta property=\"og:title\" content=\"Deputados aprovam 18 de junho como Dia Nacional do Orgulho Autista - Transam\u00e9rica Mococa 93,3\" \/>\n<meta property=\"og:description\" content=\"A C\u00e2mara dos Deputados, aprovou o\u00a0Projeto de Lei (PL) n\u00ba 3.391\/2020 que determina que o\u00a0Dia Nacional do Orgulho Autista seja celebrado em 18 de junho. De autoria do senador Rom\u00e1rio (Podemos\/RJ), o PL institui a\u00a0data com o objetivo de discutir a neurodiversidade e promover a conscientiza\u00e7\u00e3o sobre o autismo, al\u00e9m de destacar a import\u00e2ncia da &hellip;\" \/>\n<meta property=\"og:url\" content=\"https:\/\/transamerica93.com.br\/home\/deputados-aprovam-18-de-junho-como-dia-nacional-do-orgulho-autista\/\" \/>\n<meta property=\"og:site_name\" content=\"Transam\u00e9rica Mococa 93,3\" \/>\n<meta property=\"article:publisher\" content=\"https:\/\/www.facebook.com\/transamericamococa\" \/>\n<meta property=\"article:published_time\" content=\"2025-07-10T12:00:40+00:00\" \/>\n<meta property=\"og:image\" content=\"https:\/\/transamerica93.com.br\/home\/wp-content\/uploads\/2025\/06\/Sem-titulo-3.png\" \/>\n\t<meta property=\"og:image:width\" content=\"1170\" \/>\n\t<meta property=\"og:image:height\" content=\"700\" \/>\n\t<meta property=\"og:image:type\" content=\"image\/png\" \/>\n<meta name=\"author\" content=\"Reda\u00e7\u00e3o\" \/>\n<meta name=\"twitter:card\" content=\"summary_large_image\" \/>\n<meta name=\"twitter:creator\" content=\"@transamerica933\" \/>\n<meta name=\"twitter:site\" content=\"@transamerica933\" \/>\n<meta name=\"twitter:label1\" content=\"Escrito por\" \/>\n\t<meta name=\"twitter:data1\" content=\"Reda\u00e7\u00e3o\" \/>\n\t<meta name=\"twitter:label2\" content=\"Est. tempo de leitura\" \/>\n\t<meta name=\"twitter:data2\" content=\"2 minutos\" \/>\n<script type=\"application\/ld+json\" class=\"yoast-schema-graph\">{\"@context\":\"https:\\\/\\\/schema.org\",\"@graph\":[{\"@type\":\"Article\",\"@id\":\"https:\\\/\\\/transamerica93.com.br\\\/home\\\/deputados-aprovam-18-de-junho-como-dia-nacional-do-orgulho-autista\\\/#article\",\"isPartOf\":{\"@id\":\"https:\\\/\\\/transamerica93.com.br\\\/home\\\/deputados-aprovam-18-de-junho-como-dia-nacional-do-orgulho-autista\\\/\"},\"author\":{\"name\":\"Reda\u00e7\u00e3o\",\"@id\":\"https:\\\/\\\/transamerica93.com.br\\\/home\\\/#\\\/schema\\\/person\\\/7fed7c99c0d4562efa8561bc0f543172\"},\"headline\":\"Deputados aprovam 18 de junho como Dia Nacional do Orgulho Autista\",\"datePublished\":\"2025-07-10T12:00:40+00:00\",\"mainEntityOfPage\":{\"@id\":\"https:\\\/\\\/transamerica93.com.br\\\/home\\\/deputados-aprovam-18-de-junho-como-dia-nacional-do-orgulho-autista\\\/\"},\"wordCount\":338,\"publisher\":{\"@id\":\"https:\\\/\\\/transamerica93.com.br\\\/home\\\/#organization\"},\"image\":{\"@id\":\"https:\\\/\\\/transamerica93.com.br\\\/home\\\/deputados-aprovam-18-de-junho-como-dia-nacional-do-orgulho-autista\\\/#primaryimage\"},\"thumbnailUrl\":\"https:\\\/\\\/transamerica93.com.br\\\/home\\\/wp-content\\\/uploads\\\/2025\\\/06\\\/Sem-titulo-3.png\",\"articleSection\":[\"Geral\"],\"inLanguage\":\"pt-BR\"},{\"@type\":\"WebPage\",\"@id\":\"https:\\\/\\\/transamerica93.com.br\\\/home\\\/deputados-aprovam-18-de-junho-como-dia-nacional-do-orgulho-autista\\\/\",\"url\":\"https:\\\/\\\/transamerica93.com.br\\\/home\\\/deputados-aprovam-18-de-junho-como-dia-nacional-do-orgulho-autista\\\/\",\"name\":\"Deputados aprovam 18 de junho como Dia Nacional do Orgulho Autista - Transam\u00e9rica Mococa 93,3\",\"isPartOf\":{\"@id\":\"https:\\\/\\\/transamerica93.com.br\\\/home\\\/#website\"},\"primaryImageOfPage\":{\"@id\":\"https:\\\/\\\/transamerica93.com.br\\\/home\\\/deputados-aprovam-18-de-junho-como-dia-nacional-do-orgulho-autista\\\/#primaryimage\"},\"image\":{\"@id\":\"https:\\\/\\\/transamerica93.com.br\\\/home\\\/deputados-aprovam-18-de-junho-como-dia-nacional-do-orgulho-autista\\\/#primaryimage\"},\"thumbnailUrl\":\"https:\\\/\\\/transamerica93.com.br\\\/home\\\/wp-content\\\/uploads\\\/2025\\\/06\\\/Sem-titulo-3.png\",\"datePublished\":\"2025-07-10T12:00:40+00:00\",\"breadcrumb\":{\"@id\":\"https:\\\/\\\/transamerica93.com.br\\\/home\\\/deputados-aprovam-18-de-junho-como-dia-nacional-do-orgulho-autista\\\/#breadcrumb\"},\"inLanguage\":\"pt-BR\",\"potentialAction\":[{\"@type\":\"ReadAction\",\"target\":[\"https:\\\/\\\/transamerica93.com.br\\\/home\\\/deputados-aprovam-18-de-junho-como-dia-nacional-do-orgulho-autista\\\/\"]}]},{\"@type\":\"ImageObject\",\"inLanguage\":\"pt-BR\",\"@id\":\"https:\\\/\\\/transamerica93.com.br\\\/home\\\/deputados-aprovam-18-de-junho-como-dia-nacional-do-orgulho-autista\\\/#primaryimage\",\"url\":\"https:\\\/\\\/transamerica93.com.br\\\/home\\\/wp-content\\\/uploads\\\/2025\\\/06\\\/Sem-titulo-3.png\",\"contentUrl\":\"https:\\\/\\\/transamerica93.com.br\\\/home\\\/wp-content\\\/uploads\\\/2025\\\/06\\\/Sem-titulo-3.png\",\"width\":1170,\"height\":700},{\"@type\":\"BreadcrumbList\",\"@id\":\"https:\\\/\\\/transamerica93.com.br\\\/home\\\/deputados-aprovam-18-de-junho-como-dia-nacional-do-orgulho-autista\\\/#breadcrumb\",\"itemListElement\":[{\"@type\":\"ListItem\",\"position\":1,\"name\":\"In\u00edcio\",\"item\":\"https:\\\/\\\/transamerica93.com.br\\\/home\\\/\"},{\"@type\":\"ListItem\",\"position\":2,\"name\":\"Deputados aprovam 18 de junho como Dia Nacional do Orgulho Autista\"}]},{\"@type\":\"WebSite\",\"@id\":\"https:\\\/\\\/transamerica93.com.br\\\/home\\\/#website\",\"url\":\"https:\\\/\\\/transamerica93.com.br\\\/home\\\/\",\"name\":\"Transam\u00e9rica Mococa 93,3\",\"description\":\"\",\"publisher\":{\"@id\":\"https:\\\/\\\/transamerica93.com.br\\\/home\\\/#organization\"},\"potentialAction\":[{\"@type\":\"SearchAction\",\"target\":{\"@type\":\"EntryPoint\",\"urlTemplate\":\"https:\\\/\\\/transamerica93.com.br\\\/home\\\/?s={search_term_string}\"},\"query-input\":{\"@type\":\"PropertyValueSpecification\",\"valueRequired\":true,\"valueName\":\"search_term_string\"}}],\"inLanguage\":\"pt-BR\"},{\"@type\":\"Organization\",\"@id\":\"https:\\\/\\\/transamerica93.com.br\\\/home\\\/#organization\",\"name\":\"Transam\u00e9rica Mococa 93,3\",\"url\":\"https:\\\/\\\/transamerica93.com.br\\\/home\\\/\",\"logo\":{\"@type\":\"ImageObject\",\"inLanguage\":\"pt-BR\",\"@id\":\"https:\\\/\\\/transamerica93.com.br\\\/home\\\/#\\\/schema\\\/logo\\\/image\\\/\",\"url\":\"https:\\\/\\\/transamerica93.com.br\\\/home\\\/wp-content\\\/uploads\\\/2023\\\/10\\\/logo2.png\",\"contentUrl\":\"https:\\\/\\\/transamerica93.com.br\\\/home\\\/wp-content\\\/uploads\\\/2023\\\/10\\\/logo2.png\",\"width\":800,\"height\":500,\"caption\":\"Transam\u00e9rica Mococa 93,3\"},\"image\":{\"@id\":\"https:\\\/\\\/transamerica93.com.br\\\/home\\\/#\\\/schema\\\/logo\\\/image\\\/\"},\"sameAs\":[\"https:\\\/\\\/www.facebook.com\\\/transamericamococa\",\"https:\\\/\\\/x.com\\\/transamerica933\",\"https:\\\/\\\/www.instagram.com\\\/transamericamococa\"]},{\"@type\":\"Person\",\"@id\":\"https:\\\/\\\/transamerica93.com.br\\\/home\\\/#\\\/schema\\\/person\\\/7fed7c99c0d4562efa8561bc0f543172\",\"name\":\"Reda\u00e7\u00e3o\",\"image\":{\"@type\":\"ImageObject\",\"inLanguage\":\"pt-BR\",\"@id\":\"https:\\\/\\\/secure.gravatar.com\\\/avatar\\\/1072c6b775fb02ef8506ce967551d95926669a6b7d2c2147b42eea4d7c68395e?s=96&d=mm&r=g\",\"url\":\"https:\\\/\\\/secure.gravatar.com\\\/avatar\\\/1072c6b775fb02ef8506ce967551d95926669a6b7d2c2147b42eea4d7c68395e?s=96&d=mm&r=g\",\"contentUrl\":\"https:\\\/\\\/secure.gravatar.com\\\/avatar\\\/1072c6b775fb02ef8506ce967551d95926669a6b7d2c2147b42eea4d7c68395e?s=96&d=mm&r=g\",\"caption\":\"Reda\u00e7\u00e3o\"},\"sameAs\":[\"https:\\\/\\\/transamerica93.com.br\\\/home\"],\"url\":\"https:\\\/\\\/transamerica93.com.br\\\/home\\\/author\\\/william\\\/\"}]}<\/script>\n<!-- \/ Yoast SEO plugin. -->","yoast_head_json":{"title":"Deputados aprovam 18 de junho como Dia Nacional do Orgulho Autista - Transam\u00e9rica Mococa 93,3","robots":{"index":"index","follow":"follow","max-snippet":"max-snippet:-1","max-image-preview":"max-image-preview:large","max-video-preview":"max-video-preview:-1"},"canonical":"https:\/\/transamerica93.com.br\/home\/deputados-aprovam-18-de-junho-como-dia-nacional-do-orgulho-autista\/","og_locale":"pt_BR","og_type":"article","og_title":"Deputados aprovam 18 de junho como Dia Nacional do Orgulho Autista - Transam\u00e9rica Mococa 93,3","og_description":"A C\u00e2mara dos Deputados, aprovou o\u00a0Projeto de Lei (PL) n\u00ba 3.391\/2020 que determina que o\u00a0Dia Nacional do Orgulho Autista seja celebrado em 18 de junho. De autoria do senador Rom\u00e1rio (Podemos\/RJ), o PL institui a\u00a0data com o objetivo de discutir a neurodiversidade e promover a conscientiza\u00e7\u00e3o sobre o autismo, al\u00e9m de destacar a import\u00e2ncia da &hellip;","og_url":"https:\/\/transamerica93.com.br\/home\/deputados-aprovam-18-de-junho-como-dia-nacional-do-orgulho-autista\/","og_site_name":"Transam\u00e9rica Mococa 93,3","article_publisher":"https:\/\/www.facebook.com\/transamericamococa","article_published_time":"2025-07-10T12:00:40+00:00","og_image":[{"width":1170,"height":700,"url":"https:\/\/transamerica93.com.br\/home\/wp-content\/uploads\/2025\/06\/Sem-titulo-3.png","type":"image\/png"}],"author":"Reda\u00e7\u00e3o","twitter_card":"summary_large_image","twitter_creator":"@transamerica933","twitter_site":"@transamerica933","twitter_misc":{"Escrito por":"Reda\u00e7\u00e3o","Est. tempo de leitura":"2 minutos"},"schema":{"@context":"https:\/\/schema.org","@graph":[{"@type":"Article","@id":"https:\/\/transamerica93.com.br\/home\/deputados-aprovam-18-de-junho-como-dia-nacional-do-orgulho-autista\/#article","isPartOf":{"@id":"https:\/\/transamerica93.com.br\/home\/deputados-aprovam-18-de-junho-como-dia-nacional-do-orgulho-autista\/"},"author":{"name":"Reda\u00e7\u00e3o","@id":"https:\/\/transamerica93.com.br\/home\/#\/schema\/person\/7fed7c99c0d4562efa8561bc0f543172"},"headline":"Deputados aprovam 18 de junho como Dia Nacional do Orgulho Autista","datePublished":"2025-07-10T12:00:40+00:00","mainEntityOfPage":{"@id":"https:\/\/transamerica93.com.br\/home\/deputados-aprovam-18-de-junho-como-dia-nacional-do-orgulho-autista\/"},"wordCount":338,"publisher":{"@id":"https:\/\/transamerica93.com.br\/home\/#organization"},"image":{"@id":"https:\/\/transamerica93.com.br\/home\/deputados-aprovam-18-de-junho-como-dia-nacional-do-orgulho-autista\/#primaryimage"},"thumbnailUrl":"https:\/\/transamerica93.com.br\/home\/wp-content\/uploads\/2025\/06\/Sem-titulo-3.png","articleSection":["Geral"],"inLanguage":"pt-BR"},{"@type":"WebPage","@id":"https:\/\/transamerica93.com.br\/home\/deputados-aprovam-18-de-junho-como-dia-nacional-do-orgulho-autista\/","url":"https:\/\/transamerica93.com.br\/home\/deputados-aprovam-18-de-junho-como-dia-nacional-do-orgulho-autista\/","name":"Deputados aprovam 18 de junho como Dia Nacional do Orgulho Autista - Transam\u00e9rica Mococa 93,3","isPartOf":{"@id":"https:\/\/transamerica93.com.br\/home\/#website"},"primaryImageOfPage":{"@id":"https:\/\/transamerica93.com.br\/home\/deputados-aprovam-18-de-junho-como-dia-nacional-do-orgulho-autista\/#primaryimage"},"image":{"@id":"https:\/\/transamerica93.com.br\/home\/deputados-aprovam-18-de-junho-como-dia-nacional-do-orgulho-autista\/#primaryimage"},"thumbnailUrl":"https:\/\/transamerica93.com.br\/home\/wp-content\/uploads\/2025\/06\/Sem-titulo-3.png","datePublished":"2025-07-10T12:00:40+00:00","breadcrumb":{"@id":"https:\/\/transamerica93.com.br\/home\/deputados-aprovam-18-de-junho-como-dia-nacional-do-orgulho-autista\/#breadcrumb"},"inLanguage":"pt-BR","potentialAction":[{"@type":"ReadAction","target":["https:\/\/transamerica93.com.br\/home\/deputados-aprovam-18-de-junho-como-dia-nacional-do-orgulho-autista\/"]}]},{"@type":"ImageObject","inLanguage":"pt-BR","@id":"https:\/\/transamerica93.com.br\/home\/deputados-aprovam-18-de-junho-como-dia-nacional-do-orgulho-autista\/#primaryimage","url":"https:\/\/transamerica93.com.br\/home\/wp-content\/uploads\/2025\/06\/Sem-titulo-3.png","contentUrl":"https:\/\/transamerica93.com.br\/home\/wp-content\/uploads\/2025\/06\/Sem-titulo-3.png","width":1170,"height":700},{"@type":"BreadcrumbList","@id":"https:\/\/transamerica93.com.br\/home\/deputados-aprovam-18-de-junho-como-dia-nacional-do-orgulho-autista\/#breadcrumb","itemListElement":[{"@type":"ListItem","position":1,"name":"In\u00edcio","item":"https:\/\/transamerica93.com.br\/home\/"},{"@type":"ListItem","position":2,"name":"Deputados aprovam 18 de junho como Dia Nacional do Orgulho Autista"}]},{"@type":"WebSite","@id":"https:\/\/transamerica93.com.br\/home\/#website","url":"https:\/\/transamerica93.com.br\/home\/","name":"Transam\u00e9rica Mococa 93,3","description":"","publisher":{"@id":"https:\/\/transamerica93.com.br\/home\/#organization"},"potentialAction":[{"@type":"SearchAction","target":{"@type":"EntryPoint","urlTemplate":"https:\/\/transamerica93.com.br\/home\/?s={search_term_string}"},"query-input":{"@type":"PropertyValueSpecification","valueRequired":true,"valueName":"search_term_string"}}],"inLanguage":"pt-BR"},{"@type":"Organization","@id":"https:\/\/transamerica93.com.br\/home\/#organization","name":"Transam\u00e9rica Mococa 93,3","url":"https:\/\/transamerica93.com.br\/home\/","logo":{"@type":"ImageObject","inLanguage":"pt-BR","@id":"https:\/\/transamerica93.com.br\/home\/#\/schema\/logo\/image\/","url":"https:\/\/transamerica93.com.br\/home\/wp-content\/uploads\/2023\/10\/logo2.png","contentUrl":"https:\/\/transamerica93.com.br\/home\/wp-content\/uploads\/2023\/10\/logo2.png","width":800,"height":500,"caption":"Transam\u00e9rica Mococa 93,3"},"image":{"@id":"https:\/\/transamerica93.com.br\/home\/#\/schema\/logo\/image\/"},"sameAs":["https:\/\/www.facebook.com\/transamericamococa","https:\/\/x.com\/transamerica933","https:\/\/www.instagram.com\/transamericamococa"]},{"@type":"Person","@id":"https:\/\/transamerica93.com.br\/home\/#\/schema\/person\/7fed7c99c0d4562efa8561bc0f543172","name":"Reda\u00e7\u00e3o","image":{"@type":"ImageObject","inLanguage":"pt-BR","@id":"https:\/\/secure.gravatar.com\/avatar\/1072c6b775fb02ef8506ce967551d95926669a6b7d2c2147b42eea4d7c68395e?s=96&d=mm&r=g","url":"https:\/\/secure.gravatar.com\/avatar\/1072c6b775fb02ef8506ce967551d95926669a6b7d2c2147b42eea4d7c68395e?s=96&d=mm&r=g","contentUrl":"https:\/\/secure.gravatar.com\/avatar\/1072c6b775fb02ef8506ce967551d95926669a6b7d2c2147b42eea4d7c68395e?s=96&d=mm&r=g","caption":"Reda\u00e7\u00e3o"},"sameAs":["https:\/\/transamerica93.com.br\/home"],"url":"https:\/\/transamerica93.com.br\/home\/author\/william\/"}]}},"_links":{"self":[{"href":"https:\/\/transamerica93.com.br\/home\/wp-json\/wp\/v2\/posts\/5828","targetHints":{"allow":["GET"]}}],"collection":[{"href":"https:\/\/transamerica93.com.br\/home\/wp-json\/wp\/v2\/posts"}],"about":[{"href":"https:\/\/transamerica93.com.br\/home\/wp-json\/wp\/v2\/types\/post"}],"author":[{"embeddable":true,"href":"https:\/\/transamerica93.com.br\/home\/wp-json\/wp\/v2\/users\/1"}],"replies":[{"embeddable":true,"href":"https:\/\/transamerica93.com.br\/home\/wp-json\/wp\/v2\/comments?post=5828"}],"version-history":[{"count":1,"href":"https:\/\/transamerica93.com.br\/home\/wp-json\/wp\/v2\/posts\/5828\/revisions"}],"predecessor-version":[{"id":5830,"href":"https:\/\/transamerica93.com.br\/home\/wp-json\/wp\/v2\/posts\/5828\/revisions\/5830"}],"wp:featuredmedia":[{"embeddable":true,"href":"https:\/\/transamerica93.com.br\/home\/wp-json\/wp\/v2\/media\/5829"}],"wp:attachment":[{"href":"https:\/\/transamerica93.com.br\/home\/wp-json\/wp\/v2\/media?parent=5828"}],"wp:term":[{"taxonomy":"category","embeddable":true,"href":"https:\/\/transamerica93.com.br\/home\/wp-json\/wp\/v2\/categories?post=5828"},{"taxonomy":"post_tag","embeddable":true,"href":"https:\/\/transamerica93.com.br\/home\/wp-json\/wp\/v2\/tags?post=5828"}],"curies":[{"name":"wp","href":"https:\/\/api.w.org\/{rel}","templated":true}]}}