{"id":5831,"date":"2025-07-11T09:00:08","date_gmt":"2025-07-11T12:00:08","guid":{"rendered":"https:\/\/transamerica93.com.br\/home\/?p=5831"},"modified":"2025-06-27T20:53:02","modified_gmt":"2025-06-27T23:53:02","slug":"aprovados-em-concurso-de-perito-medico-federal-devem-escolher-lotacao","status":"publish","type":"post","link":"https:\/\/transamerica93.com.br\/home\/aprovados-em-concurso-de-perito-medico-federal-devem-escolher-lotacao\/","title":{"rendered":"Aprovados em concurso de perito m\u00e9dico federal devem escolher lota\u00e7\u00e3o"},"content":{"rendered":"<p>Os aprovados no concurso para perito m\u00e9dico federal\u00a0do Minist\u00e9rio da Previd\u00eancia Social (MPS) j\u00e1 podem escolher as cidades onde desejam trabalhar.<img decoding=\"async\" data-src=\"https:\/\/agenciabrasil.ebc.com.br\/ebc.png?id=1648489&amp;o=node\" src=\"data:image\/svg+xml;base64,PHN2ZyB3aWR0aD0iMSIgaGVpZ2h0PSIxIiB4bWxucz0iaHR0cDovL3d3dy53My5vcmcvMjAwMC9zdmciPjwvc3ZnPg==\" class=\"lazyload\" \/><img decoding=\"async\" data-src=\"https:\/\/agenciabrasil.ebc.com.br\/ebc.gif?id=1648489&amp;o=node\" src=\"data:image\/svg+xml;base64,PHN2ZyB3aWR0aD0iMSIgaGVpZ2h0PSIxIiB4bWxucz0iaHR0cDovL3d3dy53My5vcmcvMjAwMC9zdmciPjwvc3ZnPg==\" class=\"lazyload\" \/><\/p>\n<p>O edital \u2013 que traz a convoca\u00e7\u00e3o dos aprovados para que indiquem os locais por ordem de prefer\u00eancia \u2013 foi publicado no\u00a0<em><a href=\"https:\/\/www.in.gov.br\/en\/web\/dou\/-\/edital-mps-n-11-de-25-de-junho-de-2025-638310036\" target=\"_blank\" rel=\"noopener\">Di\u00e1rio Oficial da Uni\u00e3o<\/a><\/em>, desta quinta-feira (26)<strong>.<\/strong>\u00a0\u00a0<strong>Em comunicado, o Minist\u00e9rio explica que a ordem de convoca\u00e7\u00e3o levou em conta a classifica\u00e7\u00e3o do candidato no certame.<\/strong><\/p>\n<p>Quem n\u00e3o fizer a indica\u00e7\u00e3o das cidades per\u00edodo, perder\u00e1 este direito. N\u00e3o haver\u00e1 segunda chamada, avisa o \u00f3rg\u00e3o.<\/p>\n<p><strong>A coleta de informa\u00e7\u00f5es tem o objetivo de orientar o Minist\u00e9rio da Previd\u00eancia Social (MPS) para nomear os aprovados, respeitada a ordem de classifica\u00e7\u00e3o.<\/strong><\/p>\n<h2>Link dos estados<\/h2>\n<p><strong>A ordem de prefer\u00eancia dos munic\u00edpios deve ser informada exclusivamente por formul\u00e1rio\u00a0<em>online.<\/em><\/strong><\/p>\n<p>O\u00a0<strong><em>link<\/em>\u00a0da ferramenta deve ser correspondente \u00e0 unidade da federa\u00e7\u00e3o onde o candidato optou por concorrer no certame, assinalado no momento da inscri\u00e7\u00e3o.<\/strong>\u00a0O endere\u00e7o eletr\u00f4nico de cada um dos estados est\u00e1 dispon\u00edvel no anexo II do edital publicado.<\/p>\n<p>Por\u00e9m, aquele\u00a0<strong>candidato que escolheu disputar as vagas no Acre, Distrito Federal, Roraima, Rio Grande do Sul ou Santa Catarina\u00a0est\u00e1 dispensado de indicar a ordem de prefer\u00eancia, pois essas localidades possuem somente uma cidade de lota\u00e7\u00e3o dispon\u00edvel no quadro de vagas.<\/strong><\/p>\n<h2>Novas vagas<\/h2>\n<p><strong>As 250 vagas iniciais s\u00e3o para atuar em todas as regi\u00f5es do Brasil.<\/strong><\/p>\n<p>De acordo com o Minist\u00e9rio da Previd\u00eancia Social, a distribui\u00e7\u00e3o destas vagas, por estado, foi feita de acordo com a necessidade dos segurados do Instituto Nacional do Seguro Social (INSS), considerando o tempo m\u00e9dio de espera por uma per\u00edcia m\u00e9dica.<\/p>\n<p>Por ordem de prioridade, as vagas est\u00e3o distribu\u00eddas pelas regi\u00f5es brasileiras, da seguinte forma:<\/p>\n<p>1.\u00a0 Nordeste, que conta com o maior n\u00famero de vagas: 159;<\/p>\n<p>2.\u00a0 Norte, com 42 vagas;<\/p>\n<p>3. Sudeste, com 19 vagas;<\/p>\n<p>4. Centro-Oeste, 22;<\/p>\n<p>5. Sul, 8.<\/p>\n<p><strong>A previs\u00e3o do governo federal \u00e9 de que at\u00e9 15 de agosto todos os aprovados estejam em exerc\u00edcio nas ag\u00eancias da previd\u00eancia social (APS), ap\u00f3s passarem por treinamentos.<\/strong><\/p>\n<p>O\u00a0<strong>minist\u00e9rio prev\u00ea que seja autorizada, nos pr\u00f3ximos dias, a nomea\u00e7\u00e3o de mais 250 nomes do cadastro reserva do processo seletivo, somando 500 peritos m\u00e9dicos<\/strong>.<\/p>\n<p>Quase 14 mil candidatos participaram das provas do\u00a0concurso, realizado em fevereiro.<\/p>\n","protected":false},"excerpt":{"rendered":"<p>Os aprovados no concurso para perito m\u00e9dico federal\u00a0do Minist\u00e9rio da Previd\u00eancia Social (MPS) j\u00e1 podem escolher as cidades onde desejam trabalhar. O edital \u2013 que traz a convoca\u00e7\u00e3o dos aprovados para que indiquem os locais por ordem de prefer\u00eancia \u2013 foi publicado no\u00a0Di\u00e1rio Oficial da Uni\u00e3o, desta quinta-feira (26).\u00a0\u00a0Em comunicado, o Minist\u00e9rio explica que a &hellip;<\/p>\n","protected":false},"author":1,"featured_media":5832,"comment_status":"closed","ping_status":"closed","sticky":false,"template":"","format":"standard","meta":{"footnotes":""},"categories":[30],"tags":[],"class_list":["post-5831","post","type-post","status-publish","format-standard","has-post-thumbnail","hentry","category-geral"],"yoast_head":"<!-- This site is optimized with the Yoast SEO plugin v27.4 - https:\/\/yoast.com\/product\/yoast-seo-wordpress\/ -->\n<title>Aprovados em concurso de perito m\u00e9dico federal devem escolher lota\u00e7\u00e3o - Transam\u00e9rica Mococa 93,3<\/title>\n<meta name=\"robots\" content=\"index, follow, max-snippet:-1, max-image-preview:large, max-video-preview:-1\" \/>\n<link rel=\"canonical\" href=\"https:\/\/transamerica93.com.br\/home\/aprovados-em-concurso-de-perito-medico-federal-devem-escolher-lotacao\/\" \/>\n<meta property=\"og:locale\" content=\"pt_BR\" \/>\n<meta property=\"og:type\" content=\"article\" \/>\n<meta property=\"og:title\" content=\"Aprovados em concurso de perito m\u00e9dico federal devem escolher lota\u00e7\u00e3o - Transam\u00e9rica Mococa 93,3\" \/>\n<meta property=\"og:description\" content=\"Os aprovados no concurso para perito m\u00e9dico federal\u00a0do Minist\u00e9rio da Previd\u00eancia Social (MPS) j\u00e1 podem escolher as cidades onde desejam trabalhar. O edital \u2013 que traz a convoca\u00e7\u00e3o dos aprovados para que indiquem os locais por ordem de prefer\u00eancia \u2013 foi publicado no\u00a0Di\u00e1rio Oficial da Uni\u00e3o, desta quinta-feira (26).\u00a0\u00a0Em comunicado, o Minist\u00e9rio explica que a &hellip;\" \/>\n<meta property=\"og:url\" content=\"https:\/\/transamerica93.com.br\/home\/aprovados-em-concurso-de-perito-medico-federal-devem-escolher-lotacao\/\" \/>\n<meta property=\"og:site_name\" content=\"Transam\u00e9rica Mococa 93,3\" \/>\n<meta property=\"article:publisher\" content=\"https:\/\/www.facebook.com\/transamericamococa\" \/>\n<meta property=\"article:published_time\" content=\"2025-07-11T12:00:08+00:00\" \/>\n<meta property=\"og:image\" content=\"https:\/\/transamerica93.com.br\/home\/wp-content\/uploads\/2025\/06\/Sem-titulo-4.png\" \/>\n\t<meta property=\"og:image:width\" content=\"1170\" \/>\n\t<meta property=\"og:image:height\" content=\"700\" \/>\n\t<meta property=\"og:image:type\" content=\"image\/png\" \/>\n<meta name=\"author\" content=\"Reda\u00e7\u00e3o\" \/>\n<meta name=\"twitter:card\" content=\"summary_large_image\" \/>\n<meta name=\"twitter:creator\" content=\"@transamerica933\" \/>\n<meta name=\"twitter:site\" content=\"@transamerica933\" \/>\n<meta name=\"twitter:label1\" content=\"Escrito por\" \/>\n\t<meta name=\"twitter:data1\" content=\"Reda\u00e7\u00e3o\" \/>\n\t<meta name=\"twitter:label2\" content=\"Est. tempo de leitura\" \/>\n\t<meta name=\"twitter:data2\" content=\"3 minutos\" \/>\n<script type=\"application\/ld+json\" class=\"yoast-schema-graph\">{\"@context\":\"https:\\\/\\\/schema.org\",\"@graph\":[{\"@type\":\"Article\",\"@id\":\"https:\\\/\\\/transamerica93.com.br\\\/home\\\/aprovados-em-concurso-de-perito-medico-federal-devem-escolher-lotacao\\\/#article\",\"isPartOf\":{\"@id\":\"https:\\\/\\\/transamerica93.com.br\\\/home\\\/aprovados-em-concurso-de-perito-medico-federal-devem-escolher-lotacao\\\/\"},\"author\":{\"name\":\"Reda\u00e7\u00e3o\",\"@id\":\"https:\\\/\\\/transamerica93.com.br\\\/home\\\/#\\\/schema\\\/person\\\/7fed7c99c0d4562efa8561bc0f543172\"},\"headline\":\"Aprovados em concurso de perito m\u00e9dico federal devem escolher lota\u00e7\u00e3o\",\"datePublished\":\"2025-07-11T12:00:08+00:00\",\"mainEntityOfPage\":{\"@id\":\"https:\\\/\\\/transamerica93.com.br\\\/home\\\/aprovados-em-concurso-de-perito-medico-federal-devem-escolher-lotacao\\\/\"},\"wordCount\":415,\"publisher\":{\"@id\":\"https:\\\/\\\/transamerica93.com.br\\\/home\\\/#organization\"},\"image\":{\"@id\":\"https:\\\/\\\/transamerica93.com.br\\\/home\\\/aprovados-em-concurso-de-perito-medico-federal-devem-escolher-lotacao\\\/#primaryimage\"},\"thumbnailUrl\":\"https:\\\/\\\/transamerica93.com.br\\\/home\\\/wp-content\\\/uploads\\\/2025\\\/06\\\/Sem-titulo-4.png\",\"articleSection\":[\"Geral\"],\"inLanguage\":\"pt-BR\"},{\"@type\":\"WebPage\",\"@id\":\"https:\\\/\\\/transamerica93.com.br\\\/home\\\/aprovados-em-concurso-de-perito-medico-federal-devem-escolher-lotacao\\\/\",\"url\":\"https:\\\/\\\/transamerica93.com.br\\\/home\\\/aprovados-em-concurso-de-perito-medico-federal-devem-escolher-lotacao\\\/\",\"name\":\"Aprovados em concurso de perito m\u00e9dico federal devem escolher lota\u00e7\u00e3o - Transam\u00e9rica Mococa 93,3\",\"isPartOf\":{\"@id\":\"https:\\\/\\\/transamerica93.com.br\\\/home\\\/#website\"},\"primaryImageOfPage\":{\"@id\":\"https:\\\/\\\/transamerica93.com.br\\\/home\\\/aprovados-em-concurso-de-perito-medico-federal-devem-escolher-lotacao\\\/#primaryimage\"},\"image\":{\"@id\":\"https:\\\/\\\/transamerica93.com.br\\\/home\\\/aprovados-em-concurso-de-perito-medico-federal-devem-escolher-lotacao\\\/#primaryimage\"},\"thumbnailUrl\":\"https:\\\/\\\/transamerica93.com.br\\\/home\\\/wp-content\\\/uploads\\\/2025\\\/06\\\/Sem-titulo-4.png\",\"datePublished\":\"2025-07-11T12:00:08+00:00\",\"breadcrumb\":{\"@id\":\"https:\\\/\\\/transamerica93.com.br\\\/home\\\/aprovados-em-concurso-de-perito-medico-federal-devem-escolher-lotacao\\\/#breadcrumb\"},\"inLanguage\":\"pt-BR\",\"potentialAction\":[{\"@type\":\"ReadAction\",\"target\":[\"https:\\\/\\\/transamerica93.com.br\\\/home\\\/aprovados-em-concurso-de-perito-medico-federal-devem-escolher-lotacao\\\/\"]}]},{\"@type\":\"ImageObject\",\"inLanguage\":\"pt-BR\",\"@id\":\"https:\\\/\\\/transamerica93.com.br\\\/home\\\/aprovados-em-concurso-de-perito-medico-federal-devem-escolher-lotacao\\\/#primaryimage\",\"url\":\"https:\\\/\\\/transamerica93.com.br\\\/home\\\/wp-content\\\/uploads\\\/2025\\\/06\\\/Sem-titulo-4.png\",\"contentUrl\":\"https:\\\/\\\/transamerica93.com.br\\\/home\\\/wp-content\\\/uploads\\\/2025\\\/06\\\/Sem-titulo-4.png\",\"width\":1170,\"height\":700},{\"@type\":\"BreadcrumbList\",\"@id\":\"https:\\\/\\\/transamerica93.com.br\\\/home\\\/aprovados-em-concurso-de-perito-medico-federal-devem-escolher-lotacao\\\/#breadcrumb\",\"itemListElement\":[{\"@type\":\"ListItem\",\"position\":1,\"name\":\"In\u00edcio\",\"item\":\"https:\\\/\\\/transamerica93.com.br\\\/home\\\/\"},{\"@type\":\"ListItem\",\"position\":2,\"name\":\"Aprovados em concurso de perito m\u00e9dico federal devem escolher lota\u00e7\u00e3o\"}]},{\"@type\":\"WebSite\",\"@id\":\"https:\\\/\\\/transamerica93.com.br\\\/home\\\/#website\",\"url\":\"https:\\\/\\\/transamerica93.com.br\\\/home\\\/\",\"name\":\"Transam\u00e9rica Mococa 93,3\",\"description\":\"\",\"publisher\":{\"@id\":\"https:\\\/\\\/transamerica93.com.br\\\/home\\\/#organization\"},\"potentialAction\":[{\"@type\":\"SearchAction\",\"target\":{\"@type\":\"EntryPoint\",\"urlTemplate\":\"https:\\\/\\\/transamerica93.com.br\\\/home\\\/?s={search_term_string}\"},\"query-input\":{\"@type\":\"PropertyValueSpecification\",\"valueRequired\":true,\"valueName\":\"search_term_string\"}}],\"inLanguage\":\"pt-BR\"},{\"@type\":\"Organization\",\"@id\":\"https:\\\/\\\/transamerica93.com.br\\\/home\\\/#organization\",\"name\":\"Transam\u00e9rica Mococa 93,3\",\"url\":\"https:\\\/\\\/transamerica93.com.br\\\/home\\\/\",\"logo\":{\"@type\":\"ImageObject\",\"inLanguage\":\"pt-BR\",\"@id\":\"https:\\\/\\\/transamerica93.com.br\\\/home\\\/#\\\/schema\\\/logo\\\/image\\\/\",\"url\":\"https:\\\/\\\/transamerica93.com.br\\\/home\\\/wp-content\\\/uploads\\\/2023\\\/10\\\/logo2.png\",\"contentUrl\":\"https:\\\/\\\/transamerica93.com.br\\\/home\\\/wp-content\\\/uploads\\\/2023\\\/10\\\/logo2.png\",\"width\":800,\"height\":500,\"caption\":\"Transam\u00e9rica Mococa 93,3\"},\"image\":{\"@id\":\"https:\\\/\\\/transamerica93.com.br\\\/home\\\/#\\\/schema\\\/logo\\\/image\\\/\"},\"sameAs\":[\"https:\\\/\\\/www.facebook.com\\\/transamericamococa\",\"https:\\\/\\\/x.com\\\/transamerica933\",\"https:\\\/\\\/www.instagram.com\\\/transamericamococa\"]},{\"@type\":\"Person\",\"@id\":\"https:\\\/\\\/transamerica93.com.br\\\/home\\\/#\\\/schema\\\/person\\\/7fed7c99c0d4562efa8561bc0f543172\",\"name\":\"Reda\u00e7\u00e3o\",\"image\":{\"@type\":\"ImageObject\",\"inLanguage\":\"pt-BR\",\"@id\":\"https:\\\/\\\/secure.gravatar.com\\\/avatar\\\/1072c6b775fb02ef8506ce967551d95926669a6b7d2c2147b42eea4d7c68395e?s=96&d=mm&r=g\",\"url\":\"https:\\\/\\\/secure.gravatar.com\\\/avatar\\\/1072c6b775fb02ef8506ce967551d95926669a6b7d2c2147b42eea4d7c68395e?s=96&d=mm&r=g\",\"contentUrl\":\"https:\\\/\\\/secure.gravatar.com\\\/avatar\\\/1072c6b775fb02ef8506ce967551d95926669a6b7d2c2147b42eea4d7c68395e?s=96&d=mm&r=g\",\"caption\":\"Reda\u00e7\u00e3o\"},\"sameAs\":[\"https:\\\/\\\/transamerica93.com.br\\\/home\"],\"url\":\"https:\\\/\\\/transamerica93.com.br\\\/home\\\/author\\\/william\\\/\"}]}<\/script>\n<!-- \/ Yoast SEO plugin. -->","yoast_head_json":{"title":"Aprovados em concurso de perito m\u00e9dico federal devem escolher lota\u00e7\u00e3o - Transam\u00e9rica Mococa 93,3","robots":{"index":"index","follow":"follow","max-snippet":"max-snippet:-1","max-image-preview":"max-image-preview:large","max-video-preview":"max-video-preview:-1"},"canonical":"https:\/\/transamerica93.com.br\/home\/aprovados-em-concurso-de-perito-medico-federal-devem-escolher-lotacao\/","og_locale":"pt_BR","og_type":"article","og_title":"Aprovados em concurso de perito m\u00e9dico federal devem escolher lota\u00e7\u00e3o - Transam\u00e9rica Mococa 93,3","og_description":"Os aprovados no concurso para perito m\u00e9dico federal\u00a0do Minist\u00e9rio da Previd\u00eancia Social (MPS) j\u00e1 podem escolher as cidades onde desejam trabalhar. O edital \u2013 que traz a convoca\u00e7\u00e3o dos aprovados para que indiquem os locais por ordem de prefer\u00eancia \u2013 foi publicado no\u00a0Di\u00e1rio Oficial da Uni\u00e3o, desta quinta-feira (26).\u00a0\u00a0Em comunicado, o Minist\u00e9rio explica que a &hellip;","og_url":"https:\/\/transamerica93.com.br\/home\/aprovados-em-concurso-de-perito-medico-federal-devem-escolher-lotacao\/","og_site_name":"Transam\u00e9rica Mococa 93,3","article_publisher":"https:\/\/www.facebook.com\/transamericamococa","article_published_time":"2025-07-11T12:00:08+00:00","og_image":[{"width":1170,"height":700,"url":"https:\/\/transamerica93.com.br\/home\/wp-content\/uploads\/2025\/06\/Sem-titulo-4.png","type":"image\/png"}],"author":"Reda\u00e7\u00e3o","twitter_card":"summary_large_image","twitter_creator":"@transamerica933","twitter_site":"@transamerica933","twitter_misc":{"Escrito por":"Reda\u00e7\u00e3o","Est. tempo de leitura":"3 minutos"},"schema":{"@context":"https:\/\/schema.org","@graph":[{"@type":"Article","@id":"https:\/\/transamerica93.com.br\/home\/aprovados-em-concurso-de-perito-medico-federal-devem-escolher-lotacao\/#article","isPartOf":{"@id":"https:\/\/transamerica93.com.br\/home\/aprovados-em-concurso-de-perito-medico-federal-devem-escolher-lotacao\/"},"author":{"name":"Reda\u00e7\u00e3o","@id":"https:\/\/transamerica93.com.br\/home\/#\/schema\/person\/7fed7c99c0d4562efa8561bc0f543172"},"headline":"Aprovados em concurso de perito m\u00e9dico federal devem escolher lota\u00e7\u00e3o","datePublished":"2025-07-11T12:00:08+00:00","mainEntityOfPage":{"@id":"https:\/\/transamerica93.com.br\/home\/aprovados-em-concurso-de-perito-medico-federal-devem-escolher-lotacao\/"},"wordCount":415,"publisher":{"@id":"https:\/\/transamerica93.com.br\/home\/#organization"},"image":{"@id":"https:\/\/transamerica93.com.br\/home\/aprovados-em-concurso-de-perito-medico-federal-devem-escolher-lotacao\/#primaryimage"},"thumbnailUrl":"https:\/\/transamerica93.com.br\/home\/wp-content\/uploads\/2025\/06\/Sem-titulo-4.png","articleSection":["Geral"],"inLanguage":"pt-BR"},{"@type":"WebPage","@id":"https:\/\/transamerica93.com.br\/home\/aprovados-em-concurso-de-perito-medico-federal-devem-escolher-lotacao\/","url":"https:\/\/transamerica93.com.br\/home\/aprovados-em-concurso-de-perito-medico-federal-devem-escolher-lotacao\/","name":"Aprovados em concurso de perito m\u00e9dico federal devem escolher lota\u00e7\u00e3o - Transam\u00e9rica Mococa 93,3","isPartOf":{"@id":"https:\/\/transamerica93.com.br\/home\/#website"},"primaryImageOfPage":{"@id":"https:\/\/transamerica93.com.br\/home\/aprovados-em-concurso-de-perito-medico-federal-devem-escolher-lotacao\/#primaryimage"},"image":{"@id":"https:\/\/transamerica93.com.br\/home\/aprovados-em-concurso-de-perito-medico-federal-devem-escolher-lotacao\/#primaryimage"},"thumbnailUrl":"https:\/\/transamerica93.com.br\/home\/wp-content\/uploads\/2025\/06\/Sem-titulo-4.png","datePublished":"2025-07-11T12:00:08+00:00","breadcrumb":{"@id":"https:\/\/transamerica93.com.br\/home\/aprovados-em-concurso-de-perito-medico-federal-devem-escolher-lotacao\/#breadcrumb"},"inLanguage":"pt-BR","potentialAction":[{"@type":"ReadAction","target":["https:\/\/transamerica93.com.br\/home\/aprovados-em-concurso-de-perito-medico-federal-devem-escolher-lotacao\/"]}]},{"@type":"ImageObject","inLanguage":"pt-BR","@id":"https:\/\/transamerica93.com.br\/home\/aprovados-em-concurso-de-perito-medico-federal-devem-escolher-lotacao\/#primaryimage","url":"https:\/\/transamerica93.com.br\/home\/wp-content\/uploads\/2025\/06\/Sem-titulo-4.png","contentUrl":"https:\/\/transamerica93.com.br\/home\/wp-content\/uploads\/2025\/06\/Sem-titulo-4.png","width":1170,"height":700},{"@type":"BreadcrumbList","@id":"https:\/\/transamerica93.com.br\/home\/aprovados-em-concurso-de-perito-medico-federal-devem-escolher-lotacao\/#breadcrumb","itemListElement":[{"@type":"ListItem","position":1,"name":"In\u00edcio","item":"https:\/\/transamerica93.com.br\/home\/"},{"@type":"ListItem","position":2,"name":"Aprovados em concurso de perito m\u00e9dico federal devem escolher lota\u00e7\u00e3o"}]},{"@type":"WebSite","@id":"https:\/\/transamerica93.com.br\/home\/#website","url":"https:\/\/transamerica93.com.br\/home\/","name":"Transam\u00e9rica Mococa 93,3","description":"","publisher":{"@id":"https:\/\/transamerica93.com.br\/home\/#organization"},"potentialAction":[{"@type":"SearchAction","target":{"@type":"EntryPoint","urlTemplate":"https:\/\/transamerica93.com.br\/home\/?s={search_term_string}"},"query-input":{"@type":"PropertyValueSpecification","valueRequired":true,"valueName":"search_term_string"}}],"inLanguage":"pt-BR"},{"@type":"Organization","@id":"https:\/\/transamerica93.com.br\/home\/#organization","name":"Transam\u00e9rica Mococa 93,3","url":"https:\/\/transamerica93.com.br\/home\/","logo":{"@type":"ImageObject","inLanguage":"pt-BR","@id":"https:\/\/transamerica93.com.br\/home\/#\/schema\/logo\/image\/","url":"https:\/\/transamerica93.com.br\/home\/wp-content\/uploads\/2023\/10\/logo2.png","contentUrl":"https:\/\/transamerica93.com.br\/home\/wp-content\/uploads\/2023\/10\/logo2.png","width":800,"height":500,"caption":"Transam\u00e9rica Mococa 93,3"},"image":{"@id":"https:\/\/transamerica93.com.br\/home\/#\/schema\/logo\/image\/"},"sameAs":["https:\/\/www.facebook.com\/transamericamococa","https:\/\/x.com\/transamerica933","https:\/\/www.instagram.com\/transamericamococa"]},{"@type":"Person","@id":"https:\/\/transamerica93.com.br\/home\/#\/schema\/person\/7fed7c99c0d4562efa8561bc0f543172","name":"Reda\u00e7\u00e3o","image":{"@type":"ImageObject","inLanguage":"pt-BR","@id":"https:\/\/secure.gravatar.com\/avatar\/1072c6b775fb02ef8506ce967551d95926669a6b7d2c2147b42eea4d7c68395e?s=96&d=mm&r=g","url":"https:\/\/secure.gravatar.com\/avatar\/1072c6b775fb02ef8506ce967551d95926669a6b7d2c2147b42eea4d7c68395e?s=96&d=mm&r=g","contentUrl":"https:\/\/secure.gravatar.com\/avatar\/1072c6b775fb02ef8506ce967551d95926669a6b7d2c2147b42eea4d7c68395e?s=96&d=mm&r=g","caption":"Reda\u00e7\u00e3o"},"sameAs":["https:\/\/transamerica93.com.br\/home"],"url":"https:\/\/transamerica93.com.br\/home\/author\/william\/"}]}},"_links":{"self":[{"href":"https:\/\/transamerica93.com.br\/home\/wp-json\/wp\/v2\/posts\/5831","targetHints":{"allow":["GET"]}}],"collection":[{"href":"https:\/\/transamerica93.com.br\/home\/wp-json\/wp\/v2\/posts"}],"about":[{"href":"https:\/\/transamerica93.com.br\/home\/wp-json\/wp\/v2\/types\/post"}],"author":[{"embeddable":true,"href":"https:\/\/transamerica93.com.br\/home\/wp-json\/wp\/v2\/users\/1"}],"replies":[{"embeddable":true,"href":"https:\/\/transamerica93.com.br\/home\/wp-json\/wp\/v2\/comments?post=5831"}],"version-history":[{"count":1,"href":"https:\/\/transamerica93.com.br\/home\/wp-json\/wp\/v2\/posts\/5831\/revisions"}],"predecessor-version":[{"id":5833,"href":"https:\/\/transamerica93.com.br\/home\/wp-json\/wp\/v2\/posts\/5831\/revisions\/5833"}],"wp:featuredmedia":[{"embeddable":true,"href":"https:\/\/transamerica93.com.br\/home\/wp-json\/wp\/v2\/media\/5832"}],"wp:attachment":[{"href":"https:\/\/transamerica93.com.br\/home\/wp-json\/wp\/v2\/media?parent=5831"}],"wp:term":[{"taxonomy":"category","embeddable":true,"href":"https:\/\/transamerica93.com.br\/home\/wp-json\/wp\/v2\/categories?post=5831"},{"taxonomy":"post_tag","embeddable":true,"href":"https:\/\/transamerica93.com.br\/home\/wp-json\/wp\/v2\/tags?post=5831"}],"curies":[{"name":"wp","href":"https:\/\/api.w.org\/{rel}","templated":true}]}}