{"id":5837,"date":"2025-07-07T15:00:07","date_gmt":"2025-07-07T18:00:07","guid":{"rendered":"https:\/\/transamerica93.com.br\/home\/?p=5837"},"modified":"2025-06-27T20:58:02","modified_gmt":"2025-06-27T23:58:02","slug":"o-que-a-mae-de-marilia-mendonca-teve-a-ver-com-separacao-entre-filha-e-huff-bruno-deu-pista","status":"publish","type":"post","link":"https:\/\/transamerica93.com.br\/home\/o-que-a-mae-de-marilia-mendonca-teve-a-ver-com-separacao-entre-filha-e-huff-bruno-deu-pista\/","title":{"rendered":"O que a m\u00e3e de Mar\u00edlia Mendon\u00e7a teve a ver com separa\u00e7\u00e3o entre filha e Huff? Bruno deu pista"},"content":{"rendered":"<p>Por Reda\u00e7\u00e3o E+<\/p>\n<p>Um v\u00eddeo de cerca de quatro anos atr\u00e1s de Bruno, da dupla com Marrone, afirmando que o motivo do t\u00e9rmino entre Mar\u00edlia Mendon\u00e7a e Murilo Huff, pai de seu filho, teria sido Dona Ruth, m\u00e3e da cantora, voltou a circular nas redes sociais.<\/p>\n<p>Isso aconteceu ap\u00f3s Murilo Huff entrar na Justi\u00e7a contra a ex-sogra para garantir a guarda unilateral de seu filho, Leo, que atualmente mora com a av\u00f3. Eles t\u00eam a guarda compartilhada desde a morte da cantora.<\/p>\n<p>&#8220;Ela [Mar\u00edlia Mendon\u00e7a] amava tanto a m\u00e3e dela &#8211; ama ainda, porque eu acredito em vida ap\u00f3s a morte &#8211; que ela fazia tudo pela m\u00e3e. Inclusive, ela falou em particular no meu ouvido que largou do menino porque ele estava enfrentando a m\u00e3e [dela]. Ela falou: \u2018N\u00e3o. Minha m\u00e3e, n\u00e3o. Ningu\u00e9m enfrenta e ningu\u00e9m vai tomar o lugar dela.\u2019&#8221;, declarou em v\u00eddeo divulgado pela coluna\u00a0<i>F\u00e1bia Oliveira<\/i>\u00a0em novembro de 2021.<\/p>\n<p><b>Entenda o caso<\/b><\/p>\n<p>Murilo realizou um pedido de guarda unilateral, acordo de cust\u00f3dia que poder\u00e1 lhe conceder responsabilidade integral sobre o filho Leo. Por estar em segredo de justi\u00e7a, os detalhes do processo n\u00e3o podem ser acessados.<\/p>\n<p>A guarda do menino \u00e9 atualmente compartilhada entre Murilo e Ruth Moreira, a av\u00f3 materna.<\/p>\n<p>Segundo Murilo, ele n\u00e3o pretende afastar o filho da fam\u00edlia de Mar\u00edlia. &#8220;Infelizmente, n\u00e3o posso expor todas as provas e fatos que eu tenho pois est\u00e1 em segredo de justi\u00e7a, mas a verdade prevalecer\u00e1! N\u00e3o tenho a inten\u00e7\u00e3o, nunca quis e n\u00e3o quero afast\u00e1-lo da fam\u00edlia materna&#8221;, continuou.<\/p>\n<p>&#8220;Tomei essa decis\u00e3o por um bem maior. N\u00e3o julguem sem conhecer a hist\u00f3ria por completo&#8221;, complementou, em suas redes sociais.<\/p>\n<p>Procurados pelo\u00a0<b>Estad\u00e3o<\/b>, a assessoria de Murilo e Ruth n\u00e3o responderam sobre o processo. O espa\u00e7o segue em aberto.<\/p>\n<p>Ap\u00f3s o pronunciamento de Murilo, a m\u00e3e da cantora sertaneja falou sobre o assunto nas redes sociais e afirmou que o neto nunca recebeu pens\u00e3o do pai. &#8220;O Leo nunca recebeu nenhum centavo de pens\u00e3o do pai, mas jamais ataquei a integridade dele. Pelo contr\u00e1rio, sempre defendi que o Leo respeitasse e amasse o pai dele.&#8221;<\/p>\n<p>O cantor ent\u00e3o rebateu a ex-sogra e compartilhou comprovantes de seus gastos com o filho.<\/p>\n","protected":false},"excerpt":{"rendered":"<p>Por Reda\u00e7\u00e3o E+ Um v\u00eddeo de cerca de quatro anos atr\u00e1s de Bruno, da dupla com Marrone, afirmando que o motivo do t\u00e9rmino entre Mar\u00edlia Mendon\u00e7a e Murilo Huff, pai de seu filho, teria sido Dona Ruth, m\u00e3e da cantora, voltou a circular nas redes sociais. Isso aconteceu ap\u00f3s Murilo Huff entrar na Justi\u00e7a contra &hellip;<\/p>\n","protected":false},"author":1,"featured_media":5838,"comment_status":"closed","ping_status":"closed","sticky":false,"template":"","format":"standard","meta":{"footnotes":""},"categories":[25],"tags":[],"class_list":["post-5837","post","type-post","status-publish","format-standard","has-post-thumbnail","hentry","category-musica"],"yoast_head":"<!-- This site is optimized with the Yoast SEO plugin v27.4 - https:\/\/yoast.com\/product\/yoast-seo-wordpress\/ -->\n<title>O que a m\u00e3e de Mar\u00edlia Mendon\u00e7a teve a ver com separa\u00e7\u00e3o entre filha e Huff? Bruno deu pista - Transam\u00e9rica Mococa 93,3<\/title>\n<meta name=\"robots\" content=\"index, follow, max-snippet:-1, max-image-preview:large, max-video-preview:-1\" \/>\n<link rel=\"canonical\" href=\"https:\/\/transamerica93.com.br\/home\/o-que-a-mae-de-marilia-mendonca-teve-a-ver-com-separacao-entre-filha-e-huff-bruno-deu-pista\/\" \/>\n<meta property=\"og:locale\" content=\"pt_BR\" \/>\n<meta property=\"og:type\" content=\"article\" \/>\n<meta property=\"og:title\" content=\"O que a m\u00e3e de Mar\u00edlia Mendon\u00e7a teve a ver com separa\u00e7\u00e3o entre filha e Huff? Bruno deu pista - Transam\u00e9rica Mococa 93,3\" \/>\n<meta property=\"og:description\" content=\"Por Reda\u00e7\u00e3o E+ Um v\u00eddeo de cerca de quatro anos atr\u00e1s de Bruno, da dupla com Marrone, afirmando que o motivo do t\u00e9rmino entre Mar\u00edlia Mendon\u00e7a e Murilo Huff, pai de seu filho, teria sido Dona Ruth, m\u00e3e da cantora, voltou a circular nas redes sociais. Isso aconteceu ap\u00f3s Murilo Huff entrar na Justi\u00e7a contra &hellip;\" \/>\n<meta property=\"og:url\" content=\"https:\/\/transamerica93.com.br\/home\/o-que-a-mae-de-marilia-mendonca-teve-a-ver-com-separacao-entre-filha-e-huff-bruno-deu-pista\/\" \/>\n<meta property=\"og:site_name\" content=\"Transam\u00e9rica Mococa 93,3\" \/>\n<meta property=\"article:publisher\" content=\"https:\/\/www.facebook.com\/transamericamococa\" \/>\n<meta property=\"article:published_time\" content=\"2025-07-07T18:00:07+00:00\" \/>\n<meta property=\"og:image\" content=\"https:\/\/transamerica93.com.br\/home\/wp-content\/uploads\/2025\/06\/Sem-titulo-6.png\" \/>\n\t<meta property=\"og:image:width\" content=\"837\" \/>\n\t<meta property=\"og:image:height\" content=\"522\" \/>\n\t<meta property=\"og:image:type\" content=\"image\/png\" \/>\n<meta name=\"author\" content=\"Reda\u00e7\u00e3o\" \/>\n<meta name=\"twitter:card\" content=\"summary_large_image\" \/>\n<meta name=\"twitter:creator\" content=\"@transamerica933\" \/>\n<meta name=\"twitter:site\" content=\"@transamerica933\" \/>\n<meta name=\"twitter:label1\" content=\"Escrito por\" \/>\n\t<meta name=\"twitter:data1\" content=\"Reda\u00e7\u00e3o\" \/>\n\t<meta name=\"twitter:label2\" content=\"Est. tempo de leitura\" \/>\n\t<meta name=\"twitter:data2\" content=\"3 minutos\" \/>\n<script type=\"application\/ld+json\" class=\"yoast-schema-graph\">{\"@context\":\"https:\\\/\\\/schema.org\",\"@graph\":[{\"@type\":\"Article\",\"@id\":\"https:\\\/\\\/transamerica93.com.br\\\/home\\\/o-que-a-mae-de-marilia-mendonca-teve-a-ver-com-separacao-entre-filha-e-huff-bruno-deu-pista\\\/#article\",\"isPartOf\":{\"@id\":\"https:\\\/\\\/transamerica93.com.br\\\/home\\\/o-que-a-mae-de-marilia-mendonca-teve-a-ver-com-separacao-entre-filha-e-huff-bruno-deu-pista\\\/\"},\"author\":{\"name\":\"Reda\u00e7\u00e3o\",\"@id\":\"https:\\\/\\\/transamerica93.com.br\\\/home\\\/#\\\/schema\\\/person\\\/7fed7c99c0d4562efa8561bc0f543172\"},\"headline\":\"O que a m\u00e3e de Mar\u00edlia Mendon\u00e7a teve a ver com separa\u00e7\u00e3o entre filha e Huff? Bruno deu pista\",\"datePublished\":\"2025-07-07T18:00:07+00:00\",\"mainEntityOfPage\":{\"@id\":\"https:\\\/\\\/transamerica93.com.br\\\/home\\\/o-que-a-mae-de-marilia-mendonca-teve-a-ver-com-separacao-entre-filha-e-huff-bruno-deu-pista\\\/\"},\"wordCount\":433,\"publisher\":{\"@id\":\"https:\\\/\\\/transamerica93.com.br\\\/home\\\/#organization\"},\"image\":{\"@id\":\"https:\\\/\\\/transamerica93.com.br\\\/home\\\/o-que-a-mae-de-marilia-mendonca-teve-a-ver-com-separacao-entre-filha-e-huff-bruno-deu-pista\\\/#primaryimage\"},\"thumbnailUrl\":\"https:\\\/\\\/transamerica93.com.br\\\/home\\\/wp-content\\\/uploads\\\/2025\\\/06\\\/Sem-titulo-6.png\",\"articleSection\":[\"M\u00fasica\"],\"inLanguage\":\"pt-BR\"},{\"@type\":\"WebPage\",\"@id\":\"https:\\\/\\\/transamerica93.com.br\\\/home\\\/o-que-a-mae-de-marilia-mendonca-teve-a-ver-com-separacao-entre-filha-e-huff-bruno-deu-pista\\\/\",\"url\":\"https:\\\/\\\/transamerica93.com.br\\\/home\\\/o-que-a-mae-de-marilia-mendonca-teve-a-ver-com-separacao-entre-filha-e-huff-bruno-deu-pista\\\/\",\"name\":\"O que a m\u00e3e de Mar\u00edlia Mendon\u00e7a teve a ver com separa\u00e7\u00e3o entre filha e Huff? Bruno deu pista - Transam\u00e9rica Mococa 93,3\",\"isPartOf\":{\"@id\":\"https:\\\/\\\/transamerica93.com.br\\\/home\\\/#website\"},\"primaryImageOfPage\":{\"@id\":\"https:\\\/\\\/transamerica93.com.br\\\/home\\\/o-que-a-mae-de-marilia-mendonca-teve-a-ver-com-separacao-entre-filha-e-huff-bruno-deu-pista\\\/#primaryimage\"},\"image\":{\"@id\":\"https:\\\/\\\/transamerica93.com.br\\\/home\\\/o-que-a-mae-de-marilia-mendonca-teve-a-ver-com-separacao-entre-filha-e-huff-bruno-deu-pista\\\/#primaryimage\"},\"thumbnailUrl\":\"https:\\\/\\\/transamerica93.com.br\\\/home\\\/wp-content\\\/uploads\\\/2025\\\/06\\\/Sem-titulo-6.png\",\"datePublished\":\"2025-07-07T18:00:07+00:00\",\"breadcrumb\":{\"@id\":\"https:\\\/\\\/transamerica93.com.br\\\/home\\\/o-que-a-mae-de-marilia-mendonca-teve-a-ver-com-separacao-entre-filha-e-huff-bruno-deu-pista\\\/#breadcrumb\"},\"inLanguage\":\"pt-BR\",\"potentialAction\":[{\"@type\":\"ReadAction\",\"target\":[\"https:\\\/\\\/transamerica93.com.br\\\/home\\\/o-que-a-mae-de-marilia-mendonca-teve-a-ver-com-separacao-entre-filha-e-huff-bruno-deu-pista\\\/\"]}]},{\"@type\":\"ImageObject\",\"inLanguage\":\"pt-BR\",\"@id\":\"https:\\\/\\\/transamerica93.com.br\\\/home\\\/o-que-a-mae-de-marilia-mendonca-teve-a-ver-com-separacao-entre-filha-e-huff-bruno-deu-pista\\\/#primaryimage\",\"url\":\"https:\\\/\\\/transamerica93.com.br\\\/home\\\/wp-content\\\/uploads\\\/2025\\\/06\\\/Sem-titulo-6.png\",\"contentUrl\":\"https:\\\/\\\/transamerica93.com.br\\\/home\\\/wp-content\\\/uploads\\\/2025\\\/06\\\/Sem-titulo-6.png\",\"width\":837,\"height\":522},{\"@type\":\"BreadcrumbList\",\"@id\":\"https:\\\/\\\/transamerica93.com.br\\\/home\\\/o-que-a-mae-de-marilia-mendonca-teve-a-ver-com-separacao-entre-filha-e-huff-bruno-deu-pista\\\/#breadcrumb\",\"itemListElement\":[{\"@type\":\"ListItem\",\"position\":1,\"name\":\"In\u00edcio\",\"item\":\"https:\\\/\\\/transamerica93.com.br\\\/home\\\/\"},{\"@type\":\"ListItem\",\"position\":2,\"name\":\"O que a m\u00e3e de Mar\u00edlia Mendon\u00e7a teve a ver com separa\u00e7\u00e3o entre filha e Huff? Bruno deu pista\"}]},{\"@type\":\"WebSite\",\"@id\":\"https:\\\/\\\/transamerica93.com.br\\\/home\\\/#website\",\"url\":\"https:\\\/\\\/transamerica93.com.br\\\/home\\\/\",\"name\":\"Transam\u00e9rica Mococa 93,3\",\"description\":\"\",\"publisher\":{\"@id\":\"https:\\\/\\\/transamerica93.com.br\\\/home\\\/#organization\"},\"potentialAction\":[{\"@type\":\"SearchAction\",\"target\":{\"@type\":\"EntryPoint\",\"urlTemplate\":\"https:\\\/\\\/transamerica93.com.br\\\/home\\\/?s={search_term_string}\"},\"query-input\":{\"@type\":\"PropertyValueSpecification\",\"valueRequired\":true,\"valueName\":\"search_term_string\"}}],\"inLanguage\":\"pt-BR\"},{\"@type\":\"Organization\",\"@id\":\"https:\\\/\\\/transamerica93.com.br\\\/home\\\/#organization\",\"name\":\"Transam\u00e9rica Mococa 93,3\",\"url\":\"https:\\\/\\\/transamerica93.com.br\\\/home\\\/\",\"logo\":{\"@type\":\"ImageObject\",\"inLanguage\":\"pt-BR\",\"@id\":\"https:\\\/\\\/transamerica93.com.br\\\/home\\\/#\\\/schema\\\/logo\\\/image\\\/\",\"url\":\"https:\\\/\\\/transamerica93.com.br\\\/home\\\/wp-content\\\/uploads\\\/2023\\\/10\\\/logo2.png\",\"contentUrl\":\"https:\\\/\\\/transamerica93.com.br\\\/home\\\/wp-content\\\/uploads\\\/2023\\\/10\\\/logo2.png\",\"width\":800,\"height\":500,\"caption\":\"Transam\u00e9rica Mococa 93,3\"},\"image\":{\"@id\":\"https:\\\/\\\/transamerica93.com.br\\\/home\\\/#\\\/schema\\\/logo\\\/image\\\/\"},\"sameAs\":[\"https:\\\/\\\/www.facebook.com\\\/transamericamococa\",\"https:\\\/\\\/x.com\\\/transamerica933\",\"https:\\\/\\\/www.instagram.com\\\/transamericamococa\"]},{\"@type\":\"Person\",\"@id\":\"https:\\\/\\\/transamerica93.com.br\\\/home\\\/#\\\/schema\\\/person\\\/7fed7c99c0d4562efa8561bc0f543172\",\"name\":\"Reda\u00e7\u00e3o\",\"image\":{\"@type\":\"ImageObject\",\"inLanguage\":\"pt-BR\",\"@id\":\"https:\\\/\\\/secure.gravatar.com\\\/avatar\\\/1072c6b775fb02ef8506ce967551d95926669a6b7d2c2147b42eea4d7c68395e?s=96&d=mm&r=g\",\"url\":\"https:\\\/\\\/secure.gravatar.com\\\/avatar\\\/1072c6b775fb02ef8506ce967551d95926669a6b7d2c2147b42eea4d7c68395e?s=96&d=mm&r=g\",\"contentUrl\":\"https:\\\/\\\/secure.gravatar.com\\\/avatar\\\/1072c6b775fb02ef8506ce967551d95926669a6b7d2c2147b42eea4d7c68395e?s=96&d=mm&r=g\",\"caption\":\"Reda\u00e7\u00e3o\"},\"sameAs\":[\"https:\\\/\\\/transamerica93.com.br\\\/home\"],\"url\":\"https:\\\/\\\/transamerica93.com.br\\\/home\\\/author\\\/william\\\/\"}]}<\/script>\n<!-- \/ Yoast SEO plugin. -->","yoast_head_json":{"title":"O que a m\u00e3e de Mar\u00edlia Mendon\u00e7a teve a ver com separa\u00e7\u00e3o entre filha e Huff? Bruno deu pista - Transam\u00e9rica Mococa 93,3","robots":{"index":"index","follow":"follow","max-snippet":"max-snippet:-1","max-image-preview":"max-image-preview:large","max-video-preview":"max-video-preview:-1"},"canonical":"https:\/\/transamerica93.com.br\/home\/o-que-a-mae-de-marilia-mendonca-teve-a-ver-com-separacao-entre-filha-e-huff-bruno-deu-pista\/","og_locale":"pt_BR","og_type":"article","og_title":"O que a m\u00e3e de Mar\u00edlia Mendon\u00e7a teve a ver com separa\u00e7\u00e3o entre filha e Huff? Bruno deu pista - Transam\u00e9rica Mococa 93,3","og_description":"Por Reda\u00e7\u00e3o E+ Um v\u00eddeo de cerca de quatro anos atr\u00e1s de Bruno, da dupla com Marrone, afirmando que o motivo do t\u00e9rmino entre Mar\u00edlia Mendon\u00e7a e Murilo Huff, pai de seu filho, teria sido Dona Ruth, m\u00e3e da cantora, voltou a circular nas redes sociais. Isso aconteceu ap\u00f3s Murilo Huff entrar na Justi\u00e7a contra &hellip;","og_url":"https:\/\/transamerica93.com.br\/home\/o-que-a-mae-de-marilia-mendonca-teve-a-ver-com-separacao-entre-filha-e-huff-bruno-deu-pista\/","og_site_name":"Transam\u00e9rica Mococa 93,3","article_publisher":"https:\/\/www.facebook.com\/transamericamococa","article_published_time":"2025-07-07T18:00:07+00:00","og_image":[{"width":837,"height":522,"url":"https:\/\/transamerica93.com.br\/home\/wp-content\/uploads\/2025\/06\/Sem-titulo-6.png","type":"image\/png"}],"author":"Reda\u00e7\u00e3o","twitter_card":"summary_large_image","twitter_creator":"@transamerica933","twitter_site":"@transamerica933","twitter_misc":{"Escrito por":"Reda\u00e7\u00e3o","Est. tempo de leitura":"3 minutos"},"schema":{"@context":"https:\/\/schema.org","@graph":[{"@type":"Article","@id":"https:\/\/transamerica93.com.br\/home\/o-que-a-mae-de-marilia-mendonca-teve-a-ver-com-separacao-entre-filha-e-huff-bruno-deu-pista\/#article","isPartOf":{"@id":"https:\/\/transamerica93.com.br\/home\/o-que-a-mae-de-marilia-mendonca-teve-a-ver-com-separacao-entre-filha-e-huff-bruno-deu-pista\/"},"author":{"name":"Reda\u00e7\u00e3o","@id":"https:\/\/transamerica93.com.br\/home\/#\/schema\/person\/7fed7c99c0d4562efa8561bc0f543172"},"headline":"O que a m\u00e3e de Mar\u00edlia Mendon\u00e7a teve a ver com separa\u00e7\u00e3o entre filha e Huff? Bruno deu pista","datePublished":"2025-07-07T18:00:07+00:00","mainEntityOfPage":{"@id":"https:\/\/transamerica93.com.br\/home\/o-que-a-mae-de-marilia-mendonca-teve-a-ver-com-separacao-entre-filha-e-huff-bruno-deu-pista\/"},"wordCount":433,"publisher":{"@id":"https:\/\/transamerica93.com.br\/home\/#organization"},"image":{"@id":"https:\/\/transamerica93.com.br\/home\/o-que-a-mae-de-marilia-mendonca-teve-a-ver-com-separacao-entre-filha-e-huff-bruno-deu-pista\/#primaryimage"},"thumbnailUrl":"https:\/\/transamerica93.com.br\/home\/wp-content\/uploads\/2025\/06\/Sem-titulo-6.png","articleSection":["M\u00fasica"],"inLanguage":"pt-BR"},{"@type":"WebPage","@id":"https:\/\/transamerica93.com.br\/home\/o-que-a-mae-de-marilia-mendonca-teve-a-ver-com-separacao-entre-filha-e-huff-bruno-deu-pista\/","url":"https:\/\/transamerica93.com.br\/home\/o-que-a-mae-de-marilia-mendonca-teve-a-ver-com-separacao-entre-filha-e-huff-bruno-deu-pista\/","name":"O que a m\u00e3e de Mar\u00edlia Mendon\u00e7a teve a ver com separa\u00e7\u00e3o entre filha e Huff? Bruno deu pista - Transam\u00e9rica Mococa 93,3","isPartOf":{"@id":"https:\/\/transamerica93.com.br\/home\/#website"},"primaryImageOfPage":{"@id":"https:\/\/transamerica93.com.br\/home\/o-que-a-mae-de-marilia-mendonca-teve-a-ver-com-separacao-entre-filha-e-huff-bruno-deu-pista\/#primaryimage"},"image":{"@id":"https:\/\/transamerica93.com.br\/home\/o-que-a-mae-de-marilia-mendonca-teve-a-ver-com-separacao-entre-filha-e-huff-bruno-deu-pista\/#primaryimage"},"thumbnailUrl":"https:\/\/transamerica93.com.br\/home\/wp-content\/uploads\/2025\/06\/Sem-titulo-6.png","datePublished":"2025-07-07T18:00:07+00:00","breadcrumb":{"@id":"https:\/\/transamerica93.com.br\/home\/o-que-a-mae-de-marilia-mendonca-teve-a-ver-com-separacao-entre-filha-e-huff-bruno-deu-pista\/#breadcrumb"},"inLanguage":"pt-BR","potentialAction":[{"@type":"ReadAction","target":["https:\/\/transamerica93.com.br\/home\/o-que-a-mae-de-marilia-mendonca-teve-a-ver-com-separacao-entre-filha-e-huff-bruno-deu-pista\/"]}]},{"@type":"ImageObject","inLanguage":"pt-BR","@id":"https:\/\/transamerica93.com.br\/home\/o-que-a-mae-de-marilia-mendonca-teve-a-ver-com-separacao-entre-filha-e-huff-bruno-deu-pista\/#primaryimage","url":"https:\/\/transamerica93.com.br\/home\/wp-content\/uploads\/2025\/06\/Sem-titulo-6.png","contentUrl":"https:\/\/transamerica93.com.br\/home\/wp-content\/uploads\/2025\/06\/Sem-titulo-6.png","width":837,"height":522},{"@type":"BreadcrumbList","@id":"https:\/\/transamerica93.com.br\/home\/o-que-a-mae-de-marilia-mendonca-teve-a-ver-com-separacao-entre-filha-e-huff-bruno-deu-pista\/#breadcrumb","itemListElement":[{"@type":"ListItem","position":1,"name":"In\u00edcio","item":"https:\/\/transamerica93.com.br\/home\/"},{"@type":"ListItem","position":2,"name":"O que a m\u00e3e de Mar\u00edlia Mendon\u00e7a teve a ver com separa\u00e7\u00e3o entre filha e Huff? Bruno deu pista"}]},{"@type":"WebSite","@id":"https:\/\/transamerica93.com.br\/home\/#website","url":"https:\/\/transamerica93.com.br\/home\/","name":"Transam\u00e9rica Mococa 93,3","description":"","publisher":{"@id":"https:\/\/transamerica93.com.br\/home\/#organization"},"potentialAction":[{"@type":"SearchAction","target":{"@type":"EntryPoint","urlTemplate":"https:\/\/transamerica93.com.br\/home\/?s={search_term_string}"},"query-input":{"@type":"PropertyValueSpecification","valueRequired":true,"valueName":"search_term_string"}}],"inLanguage":"pt-BR"},{"@type":"Organization","@id":"https:\/\/transamerica93.com.br\/home\/#organization","name":"Transam\u00e9rica Mococa 93,3","url":"https:\/\/transamerica93.com.br\/home\/","logo":{"@type":"ImageObject","inLanguage":"pt-BR","@id":"https:\/\/transamerica93.com.br\/home\/#\/schema\/logo\/image\/","url":"https:\/\/transamerica93.com.br\/home\/wp-content\/uploads\/2023\/10\/logo2.png","contentUrl":"https:\/\/transamerica93.com.br\/home\/wp-content\/uploads\/2023\/10\/logo2.png","width":800,"height":500,"caption":"Transam\u00e9rica Mococa 93,3"},"image":{"@id":"https:\/\/transamerica93.com.br\/home\/#\/schema\/logo\/image\/"},"sameAs":["https:\/\/www.facebook.com\/transamericamococa","https:\/\/x.com\/transamerica933","https:\/\/www.instagram.com\/transamericamococa"]},{"@type":"Person","@id":"https:\/\/transamerica93.com.br\/home\/#\/schema\/person\/7fed7c99c0d4562efa8561bc0f543172","name":"Reda\u00e7\u00e3o","image":{"@type":"ImageObject","inLanguage":"pt-BR","@id":"https:\/\/secure.gravatar.com\/avatar\/1072c6b775fb02ef8506ce967551d95926669a6b7d2c2147b42eea4d7c68395e?s=96&d=mm&r=g","url":"https:\/\/secure.gravatar.com\/avatar\/1072c6b775fb02ef8506ce967551d95926669a6b7d2c2147b42eea4d7c68395e?s=96&d=mm&r=g","contentUrl":"https:\/\/secure.gravatar.com\/avatar\/1072c6b775fb02ef8506ce967551d95926669a6b7d2c2147b42eea4d7c68395e?s=96&d=mm&r=g","caption":"Reda\u00e7\u00e3o"},"sameAs":["https:\/\/transamerica93.com.br\/home"],"url":"https:\/\/transamerica93.com.br\/home\/author\/william\/"}]}},"_links":{"self":[{"href":"https:\/\/transamerica93.com.br\/home\/wp-json\/wp\/v2\/posts\/5837","targetHints":{"allow":["GET"]}}],"collection":[{"href":"https:\/\/transamerica93.com.br\/home\/wp-json\/wp\/v2\/posts"}],"about":[{"href":"https:\/\/transamerica93.com.br\/home\/wp-json\/wp\/v2\/types\/post"}],"author":[{"embeddable":true,"href":"https:\/\/transamerica93.com.br\/home\/wp-json\/wp\/v2\/users\/1"}],"replies":[{"embeddable":true,"href":"https:\/\/transamerica93.com.br\/home\/wp-json\/wp\/v2\/comments?post=5837"}],"version-history":[{"count":1,"href":"https:\/\/transamerica93.com.br\/home\/wp-json\/wp\/v2\/posts\/5837\/revisions"}],"predecessor-version":[{"id":5839,"href":"https:\/\/transamerica93.com.br\/home\/wp-json\/wp\/v2\/posts\/5837\/revisions\/5839"}],"wp:featuredmedia":[{"embeddable":true,"href":"https:\/\/transamerica93.com.br\/home\/wp-json\/wp\/v2\/media\/5838"}],"wp:attachment":[{"href":"https:\/\/transamerica93.com.br\/home\/wp-json\/wp\/v2\/media?parent=5837"}],"wp:term":[{"taxonomy":"category","embeddable":true,"href":"https:\/\/transamerica93.com.br\/home\/wp-json\/wp\/v2\/categories?post=5837"},{"taxonomy":"post_tag","embeddable":true,"href":"https:\/\/transamerica93.com.br\/home\/wp-json\/wp\/v2\/tags?post=5837"}],"curies":[{"name":"wp","href":"https:\/\/api.w.org\/{rel}","templated":true}]}}