{"id":5849,"date":"2025-07-10T12:00:33","date_gmt":"2025-07-10T15:00:33","guid":{"rendered":"https:\/\/transamerica93.com.br\/home\/?p=5849"},"modified":"2025-06-27T21:04:46","modified_gmt":"2025-06-28T00:04:46","slug":"alexandre-mattos-descarta-contratacoes-de-impacto-no-santos-e-exalta-neymar-e-um-genio","status":"publish","type":"post","link":"https:\/\/transamerica93.com.br\/home\/alexandre-mattos-descarta-contratacoes-de-impacto-no-santos-e-exalta-neymar-e-um-genio\/","title":{"rendered":"Alexandre Mattos descarta contrata\u00e7\u00f5es de impacto no Santos e exalta Neymar: &#8216;\u00c9 um g\u00eanio&#8217;"},"content":{"rendered":"<p>Apresentado como novo diretor executivo do Santos nesta quarta-feira, na Vila Belmiro, Alexandre Mattos deu entrevista como &#8216;homem-forte&#8217; do departamento de futebol. Em seu discurso, ele exaltou Neymar, disse apostar na retomada do atacante, e afirmou tamb\u00e9m que o Santos n\u00e3o vai fazer loucuras no mercado no que diz respeito a refor\u00e7os.<\/p>\n<p>Sobre o principal nome do elenco e as les\u00f5es do craque desde o seu retorno ao clube. Mattos comentou sobre a import\u00e2ncia do atacante neste processo de resgate do futebol santista.<\/p>\n<p>&#8220;Neymar sempre gera expectativa por tudo que representa. Quando se fala que n\u00e3o produziu, tudo bem, mas ele ficou um ano e meio sem jogar. Tem de dar um tempo. Normal ter les\u00e3o (nesta volta). Precisa adquirir ritmo, se fortalecer. Mas o que posso dizer \u00e9 que ele \u00e9 um g\u00eanio&#8221;, afirmou o dirigente que destacou a mentalidade do camisa 10 em voltar a brilhar no futebol brasileiro.<\/p>\n<p>&#8220;Priorizou ficar no Brasil. Ele tendo uma sequ\u00eancia, vai ser importante para o Santos. Conversamos duas ou tr\u00eas vezes ontem. O Neymar quer voltar a ser decisivo. E isso vai ser importante n\u00e3o s\u00f3 para o Santos, mas tamb\u00e9m para a sele\u00e7\u00e3o brasileira&#8221;, declarou Mattos.<\/p>\n<p>A novela envolvendo a renova\u00e7\u00e3o do jogador teve um final feliz e as duas partes chegaram a um acordo. O atleta acertou uma extens\u00e3o de v\u00ednculo por mais seis meses e a expectativa \u00e9 de que o segundo semestre seja mais satisfat\u00f3rio para o clube com Neymar sendo efetivo em campo.<\/p>\n<p>Na 15\u00aa coloca\u00e7\u00e3o do Campeonato Brasileiro (11 pontos) e necessitando de uma rea\u00e7\u00e3o, o assunto sobre refor\u00e7os entrou na pauta de perguntas na entrevista. Sobre o tema, Mattos foi cauteloso. Elogiou o atual elenco e garantiu que o clube n\u00e3o vai fazer loucuras no que diz respeito \u00e0 contrata\u00e7\u00f5es.<\/p>\n<p>&#8220;Quando recebi o convite, analisei o elenco e afirmo com tranquilidade que temos bons jogadores. Precisa de um ajuste ou outro, como qualquer um no mundo. Pregamos gest\u00e3o humana. Temos de resgatar alguns atletas&#8221;.<\/p>\n<p>Sobre a janela de transfer\u00eancia, o dirigente disse que tudo precisa ser analisado com calma. &#8220;\u00c9 meio de temporada, tem janela, tem pausa. Grande parte dos atletas j\u00e1 fez mais de sete partidas no Brasileiro. E no exterior, as op\u00e7\u00f5es s\u00e3o restritas. Vamos ter equil\u00edbrio na parte financeira e n\u00e3o vamos fazer loucuras&#8221;, disse.<\/p>\n","protected":false},"excerpt":{"rendered":"<p>Apresentado como novo diretor executivo do Santos nesta quarta-feira, na Vila Belmiro, Alexandre Mattos deu entrevista como &#8216;homem-forte&#8217; do departamento de futebol. Em seu discurso, ele exaltou Neymar, disse apostar na retomada do atacante, e afirmou tamb\u00e9m que o Santos n\u00e3o vai fazer loucuras no mercado no que diz respeito a refor\u00e7os. Sobre o principal &hellip;<\/p>\n","protected":false},"author":1,"featured_media":5850,"comment_status":"closed","ping_status":"closed","sticky":false,"template":"","format":"standard","meta":{"footnotes":""},"categories":[31],"tags":[],"class_list":["post-5849","post","type-post","status-publish","format-standard","has-post-thumbnail","hentry","category-esportes"],"yoast_head":"<!-- This site is optimized with the Yoast SEO plugin v27.4 - https:\/\/yoast.com\/product\/yoast-seo-wordpress\/ -->\n<title>Alexandre Mattos descarta contrata\u00e7\u00f5es de impacto no Santos e exalta Neymar: &#039;\u00c9 um g\u00eanio&#039; - Transam\u00e9rica Mococa 93,3<\/title>\n<meta name=\"robots\" content=\"index, follow, max-snippet:-1, max-image-preview:large, max-video-preview:-1\" \/>\n<link rel=\"canonical\" href=\"https:\/\/transamerica93.com.br\/home\/alexandre-mattos-descarta-contratacoes-de-impacto-no-santos-e-exalta-neymar-e-um-genio\/\" \/>\n<meta property=\"og:locale\" content=\"pt_BR\" \/>\n<meta property=\"og:type\" content=\"article\" \/>\n<meta property=\"og:title\" content=\"Alexandre Mattos descarta contrata\u00e7\u00f5es de impacto no Santos e exalta Neymar: &#039;\u00c9 um g\u00eanio&#039; - Transam\u00e9rica Mococa 93,3\" \/>\n<meta property=\"og:description\" content=\"Apresentado como novo diretor executivo do Santos nesta quarta-feira, na Vila Belmiro, Alexandre Mattos deu entrevista como &#8216;homem-forte&#8217; do departamento de futebol. Em seu discurso, ele exaltou Neymar, disse apostar na retomada do atacante, e afirmou tamb\u00e9m que o Santos n\u00e3o vai fazer loucuras no mercado no que diz respeito a refor\u00e7os. Sobre o principal &hellip;\" \/>\n<meta property=\"og:url\" content=\"https:\/\/transamerica93.com.br\/home\/alexandre-mattos-descarta-contratacoes-de-impacto-no-santos-e-exalta-neymar-e-um-genio\/\" \/>\n<meta property=\"og:site_name\" content=\"Transam\u00e9rica Mococa 93,3\" \/>\n<meta property=\"article:publisher\" content=\"https:\/\/www.facebook.com\/transamericamococa\" \/>\n<meta property=\"article:published_time\" content=\"2025-07-10T15:00:33+00:00\" \/>\n<meta property=\"og:image\" content=\"https:\/\/transamerica93.com.br\/home\/wp-content\/uploads\/2025\/06\/Sem-titulo-10.png\" \/>\n\t<meta property=\"og:image:width\" content=\"1280\" \/>\n\t<meta property=\"og:image:height\" content=\"720\" \/>\n\t<meta property=\"og:image:type\" content=\"image\/png\" \/>\n<meta name=\"author\" content=\"Reda\u00e7\u00e3o\" \/>\n<meta name=\"twitter:card\" content=\"summary_large_image\" \/>\n<meta name=\"twitter:creator\" content=\"@transamerica933\" \/>\n<meta name=\"twitter:site\" content=\"@transamerica933\" \/>\n<meta name=\"twitter:label1\" content=\"Escrito por\" \/>\n\t<meta name=\"twitter:data1\" content=\"Reda\u00e7\u00e3o\" \/>\n\t<meta name=\"twitter:label2\" content=\"Est. tempo de leitura\" \/>\n\t<meta name=\"twitter:data2\" content=\"3 minutos\" \/>\n<script type=\"application\/ld+json\" class=\"yoast-schema-graph\">{\"@context\":\"https:\\\/\\\/schema.org\",\"@graph\":[{\"@type\":\"Article\",\"@id\":\"https:\\\/\\\/transamerica93.com.br\\\/home\\\/alexandre-mattos-descarta-contratacoes-de-impacto-no-santos-e-exalta-neymar-e-um-genio\\\/#article\",\"isPartOf\":{\"@id\":\"https:\\\/\\\/transamerica93.com.br\\\/home\\\/alexandre-mattos-descarta-contratacoes-de-impacto-no-santos-e-exalta-neymar-e-um-genio\\\/\"},\"author\":{\"name\":\"Reda\u00e7\u00e3o\",\"@id\":\"https:\\\/\\\/transamerica93.com.br\\\/home\\\/#\\\/schema\\\/person\\\/7fed7c99c0d4562efa8561bc0f543172\"},\"headline\":\"Alexandre Mattos descarta contrata\u00e7\u00f5es de impacto no Santos e exalta Neymar: &#8216;\u00c9 um g\u00eanio&#8217;\",\"datePublished\":\"2025-07-10T15:00:33+00:00\",\"mainEntityOfPage\":{\"@id\":\"https:\\\/\\\/transamerica93.com.br\\\/home\\\/alexandre-mattos-descarta-contratacoes-de-impacto-no-santos-e-exalta-neymar-e-um-genio\\\/\"},\"wordCount\":419,\"publisher\":{\"@id\":\"https:\\\/\\\/transamerica93.com.br\\\/home\\\/#organization\"},\"image\":{\"@id\":\"https:\\\/\\\/transamerica93.com.br\\\/home\\\/alexandre-mattos-descarta-contratacoes-de-impacto-no-santos-e-exalta-neymar-e-um-genio\\\/#primaryimage\"},\"thumbnailUrl\":\"https:\\\/\\\/transamerica93.com.br\\\/home\\\/wp-content\\\/uploads\\\/2025\\\/06\\\/Sem-titulo-10.png\",\"articleSection\":[\"Esportes\"],\"inLanguage\":\"pt-BR\"},{\"@type\":\"WebPage\",\"@id\":\"https:\\\/\\\/transamerica93.com.br\\\/home\\\/alexandre-mattos-descarta-contratacoes-de-impacto-no-santos-e-exalta-neymar-e-um-genio\\\/\",\"url\":\"https:\\\/\\\/transamerica93.com.br\\\/home\\\/alexandre-mattos-descarta-contratacoes-de-impacto-no-santos-e-exalta-neymar-e-um-genio\\\/\",\"name\":\"Alexandre Mattos descarta contrata\u00e7\u00f5es de impacto no Santos e exalta Neymar: '\u00c9 um g\u00eanio' - Transam\u00e9rica Mococa 93,3\",\"isPartOf\":{\"@id\":\"https:\\\/\\\/transamerica93.com.br\\\/home\\\/#website\"},\"primaryImageOfPage\":{\"@id\":\"https:\\\/\\\/transamerica93.com.br\\\/home\\\/alexandre-mattos-descarta-contratacoes-de-impacto-no-santos-e-exalta-neymar-e-um-genio\\\/#primaryimage\"},\"image\":{\"@id\":\"https:\\\/\\\/transamerica93.com.br\\\/home\\\/alexandre-mattos-descarta-contratacoes-de-impacto-no-santos-e-exalta-neymar-e-um-genio\\\/#primaryimage\"},\"thumbnailUrl\":\"https:\\\/\\\/transamerica93.com.br\\\/home\\\/wp-content\\\/uploads\\\/2025\\\/06\\\/Sem-titulo-10.png\",\"datePublished\":\"2025-07-10T15:00:33+00:00\",\"breadcrumb\":{\"@id\":\"https:\\\/\\\/transamerica93.com.br\\\/home\\\/alexandre-mattos-descarta-contratacoes-de-impacto-no-santos-e-exalta-neymar-e-um-genio\\\/#breadcrumb\"},\"inLanguage\":\"pt-BR\",\"potentialAction\":[{\"@type\":\"ReadAction\",\"target\":[\"https:\\\/\\\/transamerica93.com.br\\\/home\\\/alexandre-mattos-descarta-contratacoes-de-impacto-no-santos-e-exalta-neymar-e-um-genio\\\/\"]}]},{\"@type\":\"ImageObject\",\"inLanguage\":\"pt-BR\",\"@id\":\"https:\\\/\\\/transamerica93.com.br\\\/home\\\/alexandre-mattos-descarta-contratacoes-de-impacto-no-santos-e-exalta-neymar-e-um-genio\\\/#primaryimage\",\"url\":\"https:\\\/\\\/transamerica93.com.br\\\/home\\\/wp-content\\\/uploads\\\/2025\\\/06\\\/Sem-titulo-10.png\",\"contentUrl\":\"https:\\\/\\\/transamerica93.com.br\\\/home\\\/wp-content\\\/uploads\\\/2025\\\/06\\\/Sem-titulo-10.png\",\"width\":1280,\"height\":720},{\"@type\":\"BreadcrumbList\",\"@id\":\"https:\\\/\\\/transamerica93.com.br\\\/home\\\/alexandre-mattos-descarta-contratacoes-de-impacto-no-santos-e-exalta-neymar-e-um-genio\\\/#breadcrumb\",\"itemListElement\":[{\"@type\":\"ListItem\",\"position\":1,\"name\":\"In\u00edcio\",\"item\":\"https:\\\/\\\/transamerica93.com.br\\\/home\\\/\"},{\"@type\":\"ListItem\",\"position\":2,\"name\":\"Alexandre Mattos descarta contrata\u00e7\u00f5es de impacto no Santos e exalta Neymar: &#8216;\u00c9 um g\u00eanio&#8217;\"}]},{\"@type\":\"WebSite\",\"@id\":\"https:\\\/\\\/transamerica93.com.br\\\/home\\\/#website\",\"url\":\"https:\\\/\\\/transamerica93.com.br\\\/home\\\/\",\"name\":\"Transam\u00e9rica Mococa 93,3\",\"description\":\"\",\"publisher\":{\"@id\":\"https:\\\/\\\/transamerica93.com.br\\\/home\\\/#organization\"},\"potentialAction\":[{\"@type\":\"SearchAction\",\"target\":{\"@type\":\"EntryPoint\",\"urlTemplate\":\"https:\\\/\\\/transamerica93.com.br\\\/home\\\/?s={search_term_string}\"},\"query-input\":{\"@type\":\"PropertyValueSpecification\",\"valueRequired\":true,\"valueName\":\"search_term_string\"}}],\"inLanguage\":\"pt-BR\"},{\"@type\":\"Organization\",\"@id\":\"https:\\\/\\\/transamerica93.com.br\\\/home\\\/#organization\",\"name\":\"Transam\u00e9rica Mococa 93,3\",\"url\":\"https:\\\/\\\/transamerica93.com.br\\\/home\\\/\",\"logo\":{\"@type\":\"ImageObject\",\"inLanguage\":\"pt-BR\",\"@id\":\"https:\\\/\\\/transamerica93.com.br\\\/home\\\/#\\\/schema\\\/logo\\\/image\\\/\",\"url\":\"https:\\\/\\\/transamerica93.com.br\\\/home\\\/wp-content\\\/uploads\\\/2023\\\/10\\\/logo2.png\",\"contentUrl\":\"https:\\\/\\\/transamerica93.com.br\\\/home\\\/wp-content\\\/uploads\\\/2023\\\/10\\\/logo2.png\",\"width\":800,\"height\":500,\"caption\":\"Transam\u00e9rica Mococa 93,3\"},\"image\":{\"@id\":\"https:\\\/\\\/transamerica93.com.br\\\/home\\\/#\\\/schema\\\/logo\\\/image\\\/\"},\"sameAs\":[\"https:\\\/\\\/www.facebook.com\\\/transamericamococa\",\"https:\\\/\\\/x.com\\\/transamerica933\",\"https:\\\/\\\/www.instagram.com\\\/transamericamococa\"]},{\"@type\":\"Person\",\"@id\":\"https:\\\/\\\/transamerica93.com.br\\\/home\\\/#\\\/schema\\\/person\\\/7fed7c99c0d4562efa8561bc0f543172\",\"name\":\"Reda\u00e7\u00e3o\",\"image\":{\"@type\":\"ImageObject\",\"inLanguage\":\"pt-BR\",\"@id\":\"https:\\\/\\\/secure.gravatar.com\\\/avatar\\\/1072c6b775fb02ef8506ce967551d95926669a6b7d2c2147b42eea4d7c68395e?s=96&d=mm&r=g\",\"url\":\"https:\\\/\\\/secure.gravatar.com\\\/avatar\\\/1072c6b775fb02ef8506ce967551d95926669a6b7d2c2147b42eea4d7c68395e?s=96&d=mm&r=g\",\"contentUrl\":\"https:\\\/\\\/secure.gravatar.com\\\/avatar\\\/1072c6b775fb02ef8506ce967551d95926669a6b7d2c2147b42eea4d7c68395e?s=96&d=mm&r=g\",\"caption\":\"Reda\u00e7\u00e3o\"},\"sameAs\":[\"https:\\\/\\\/transamerica93.com.br\\\/home\"],\"url\":\"https:\\\/\\\/transamerica93.com.br\\\/home\\\/author\\\/william\\\/\"}]}<\/script>\n<!-- \/ Yoast SEO plugin. -->","yoast_head_json":{"title":"Alexandre Mattos descarta contrata\u00e7\u00f5es de impacto no Santos e exalta Neymar: '\u00c9 um g\u00eanio' - Transam\u00e9rica Mococa 93,3","robots":{"index":"index","follow":"follow","max-snippet":"max-snippet:-1","max-image-preview":"max-image-preview:large","max-video-preview":"max-video-preview:-1"},"canonical":"https:\/\/transamerica93.com.br\/home\/alexandre-mattos-descarta-contratacoes-de-impacto-no-santos-e-exalta-neymar-e-um-genio\/","og_locale":"pt_BR","og_type":"article","og_title":"Alexandre Mattos descarta contrata\u00e7\u00f5es de impacto no Santos e exalta Neymar: '\u00c9 um g\u00eanio' - Transam\u00e9rica Mococa 93,3","og_description":"Apresentado como novo diretor executivo do Santos nesta quarta-feira, na Vila Belmiro, Alexandre Mattos deu entrevista como &#8216;homem-forte&#8217; do departamento de futebol. Em seu discurso, ele exaltou Neymar, disse apostar na retomada do atacante, e afirmou tamb\u00e9m que o Santos n\u00e3o vai fazer loucuras no mercado no que diz respeito a refor\u00e7os. Sobre o principal &hellip;","og_url":"https:\/\/transamerica93.com.br\/home\/alexandre-mattos-descarta-contratacoes-de-impacto-no-santos-e-exalta-neymar-e-um-genio\/","og_site_name":"Transam\u00e9rica Mococa 93,3","article_publisher":"https:\/\/www.facebook.com\/transamericamococa","article_published_time":"2025-07-10T15:00:33+00:00","og_image":[{"width":1280,"height":720,"url":"https:\/\/transamerica93.com.br\/home\/wp-content\/uploads\/2025\/06\/Sem-titulo-10.png","type":"image\/png"}],"author":"Reda\u00e7\u00e3o","twitter_card":"summary_large_image","twitter_creator":"@transamerica933","twitter_site":"@transamerica933","twitter_misc":{"Escrito por":"Reda\u00e7\u00e3o","Est. tempo de leitura":"3 minutos"},"schema":{"@context":"https:\/\/schema.org","@graph":[{"@type":"Article","@id":"https:\/\/transamerica93.com.br\/home\/alexandre-mattos-descarta-contratacoes-de-impacto-no-santos-e-exalta-neymar-e-um-genio\/#article","isPartOf":{"@id":"https:\/\/transamerica93.com.br\/home\/alexandre-mattos-descarta-contratacoes-de-impacto-no-santos-e-exalta-neymar-e-um-genio\/"},"author":{"name":"Reda\u00e7\u00e3o","@id":"https:\/\/transamerica93.com.br\/home\/#\/schema\/person\/7fed7c99c0d4562efa8561bc0f543172"},"headline":"Alexandre Mattos descarta contrata\u00e7\u00f5es de impacto no Santos e exalta Neymar: &#8216;\u00c9 um g\u00eanio&#8217;","datePublished":"2025-07-10T15:00:33+00:00","mainEntityOfPage":{"@id":"https:\/\/transamerica93.com.br\/home\/alexandre-mattos-descarta-contratacoes-de-impacto-no-santos-e-exalta-neymar-e-um-genio\/"},"wordCount":419,"publisher":{"@id":"https:\/\/transamerica93.com.br\/home\/#organization"},"image":{"@id":"https:\/\/transamerica93.com.br\/home\/alexandre-mattos-descarta-contratacoes-de-impacto-no-santos-e-exalta-neymar-e-um-genio\/#primaryimage"},"thumbnailUrl":"https:\/\/transamerica93.com.br\/home\/wp-content\/uploads\/2025\/06\/Sem-titulo-10.png","articleSection":["Esportes"],"inLanguage":"pt-BR"},{"@type":"WebPage","@id":"https:\/\/transamerica93.com.br\/home\/alexandre-mattos-descarta-contratacoes-de-impacto-no-santos-e-exalta-neymar-e-um-genio\/","url":"https:\/\/transamerica93.com.br\/home\/alexandre-mattos-descarta-contratacoes-de-impacto-no-santos-e-exalta-neymar-e-um-genio\/","name":"Alexandre Mattos descarta contrata\u00e7\u00f5es de impacto no Santos e exalta Neymar: '\u00c9 um g\u00eanio' - Transam\u00e9rica Mococa 93,3","isPartOf":{"@id":"https:\/\/transamerica93.com.br\/home\/#website"},"primaryImageOfPage":{"@id":"https:\/\/transamerica93.com.br\/home\/alexandre-mattos-descarta-contratacoes-de-impacto-no-santos-e-exalta-neymar-e-um-genio\/#primaryimage"},"image":{"@id":"https:\/\/transamerica93.com.br\/home\/alexandre-mattos-descarta-contratacoes-de-impacto-no-santos-e-exalta-neymar-e-um-genio\/#primaryimage"},"thumbnailUrl":"https:\/\/transamerica93.com.br\/home\/wp-content\/uploads\/2025\/06\/Sem-titulo-10.png","datePublished":"2025-07-10T15:00:33+00:00","breadcrumb":{"@id":"https:\/\/transamerica93.com.br\/home\/alexandre-mattos-descarta-contratacoes-de-impacto-no-santos-e-exalta-neymar-e-um-genio\/#breadcrumb"},"inLanguage":"pt-BR","potentialAction":[{"@type":"ReadAction","target":["https:\/\/transamerica93.com.br\/home\/alexandre-mattos-descarta-contratacoes-de-impacto-no-santos-e-exalta-neymar-e-um-genio\/"]}]},{"@type":"ImageObject","inLanguage":"pt-BR","@id":"https:\/\/transamerica93.com.br\/home\/alexandre-mattos-descarta-contratacoes-de-impacto-no-santos-e-exalta-neymar-e-um-genio\/#primaryimage","url":"https:\/\/transamerica93.com.br\/home\/wp-content\/uploads\/2025\/06\/Sem-titulo-10.png","contentUrl":"https:\/\/transamerica93.com.br\/home\/wp-content\/uploads\/2025\/06\/Sem-titulo-10.png","width":1280,"height":720},{"@type":"BreadcrumbList","@id":"https:\/\/transamerica93.com.br\/home\/alexandre-mattos-descarta-contratacoes-de-impacto-no-santos-e-exalta-neymar-e-um-genio\/#breadcrumb","itemListElement":[{"@type":"ListItem","position":1,"name":"In\u00edcio","item":"https:\/\/transamerica93.com.br\/home\/"},{"@type":"ListItem","position":2,"name":"Alexandre Mattos descarta contrata\u00e7\u00f5es de impacto no Santos e exalta Neymar: &#8216;\u00c9 um g\u00eanio&#8217;"}]},{"@type":"WebSite","@id":"https:\/\/transamerica93.com.br\/home\/#website","url":"https:\/\/transamerica93.com.br\/home\/","name":"Transam\u00e9rica Mococa 93,3","description":"","publisher":{"@id":"https:\/\/transamerica93.com.br\/home\/#organization"},"potentialAction":[{"@type":"SearchAction","target":{"@type":"EntryPoint","urlTemplate":"https:\/\/transamerica93.com.br\/home\/?s={search_term_string}"},"query-input":{"@type":"PropertyValueSpecification","valueRequired":true,"valueName":"search_term_string"}}],"inLanguage":"pt-BR"},{"@type":"Organization","@id":"https:\/\/transamerica93.com.br\/home\/#organization","name":"Transam\u00e9rica Mococa 93,3","url":"https:\/\/transamerica93.com.br\/home\/","logo":{"@type":"ImageObject","inLanguage":"pt-BR","@id":"https:\/\/transamerica93.com.br\/home\/#\/schema\/logo\/image\/","url":"https:\/\/transamerica93.com.br\/home\/wp-content\/uploads\/2023\/10\/logo2.png","contentUrl":"https:\/\/transamerica93.com.br\/home\/wp-content\/uploads\/2023\/10\/logo2.png","width":800,"height":500,"caption":"Transam\u00e9rica Mococa 93,3"},"image":{"@id":"https:\/\/transamerica93.com.br\/home\/#\/schema\/logo\/image\/"},"sameAs":["https:\/\/www.facebook.com\/transamericamococa","https:\/\/x.com\/transamerica933","https:\/\/www.instagram.com\/transamericamococa"]},{"@type":"Person","@id":"https:\/\/transamerica93.com.br\/home\/#\/schema\/person\/7fed7c99c0d4562efa8561bc0f543172","name":"Reda\u00e7\u00e3o","image":{"@type":"ImageObject","inLanguage":"pt-BR","@id":"https:\/\/secure.gravatar.com\/avatar\/1072c6b775fb02ef8506ce967551d95926669a6b7d2c2147b42eea4d7c68395e?s=96&d=mm&r=g","url":"https:\/\/secure.gravatar.com\/avatar\/1072c6b775fb02ef8506ce967551d95926669a6b7d2c2147b42eea4d7c68395e?s=96&d=mm&r=g","contentUrl":"https:\/\/secure.gravatar.com\/avatar\/1072c6b775fb02ef8506ce967551d95926669a6b7d2c2147b42eea4d7c68395e?s=96&d=mm&r=g","caption":"Reda\u00e7\u00e3o"},"sameAs":["https:\/\/transamerica93.com.br\/home"],"url":"https:\/\/transamerica93.com.br\/home\/author\/william\/"}]}},"_links":{"self":[{"href":"https:\/\/transamerica93.com.br\/home\/wp-json\/wp\/v2\/posts\/5849","targetHints":{"allow":["GET"]}}],"collection":[{"href":"https:\/\/transamerica93.com.br\/home\/wp-json\/wp\/v2\/posts"}],"about":[{"href":"https:\/\/transamerica93.com.br\/home\/wp-json\/wp\/v2\/types\/post"}],"author":[{"embeddable":true,"href":"https:\/\/transamerica93.com.br\/home\/wp-json\/wp\/v2\/users\/1"}],"replies":[{"embeddable":true,"href":"https:\/\/transamerica93.com.br\/home\/wp-json\/wp\/v2\/comments?post=5849"}],"version-history":[{"count":1,"href":"https:\/\/transamerica93.com.br\/home\/wp-json\/wp\/v2\/posts\/5849\/revisions"}],"predecessor-version":[{"id":5851,"href":"https:\/\/transamerica93.com.br\/home\/wp-json\/wp\/v2\/posts\/5849\/revisions\/5851"}],"wp:featuredmedia":[{"embeddable":true,"href":"https:\/\/transamerica93.com.br\/home\/wp-json\/wp\/v2\/media\/5850"}],"wp:attachment":[{"href":"https:\/\/transamerica93.com.br\/home\/wp-json\/wp\/v2\/media?parent=5849"}],"wp:term":[{"taxonomy":"category","embeddable":true,"href":"https:\/\/transamerica93.com.br\/home\/wp-json\/wp\/v2\/categories?post=5849"},{"taxonomy":"post_tag","embeddable":true,"href":"https:\/\/transamerica93.com.br\/home\/wp-json\/wp\/v2\/tags?post=5849"}],"curies":[{"name":"wp","href":"https:\/\/api.w.org\/{rel}","templated":true}]}}