{"id":5852,"date":"2025-07-11T12:00:57","date_gmt":"2025-07-11T15:00:57","guid":{"rendered":"https:\/\/transamerica93.com.br\/home\/?p=5852"},"modified":"2025-06-27T21:06:12","modified_gmt":"2025-06-28T00:06:12","slug":"federacao-alema-e-multada-em-caso-de-suspeita-de-corrupcao-por-sede-da-copa-do-mundo-de-2006","status":"publish","type":"post","link":"https:\/\/transamerica93.com.br\/home\/federacao-alema-e-multada-em-caso-de-suspeita-de-corrupcao-por-sede-da-copa-do-mundo-de-2006\/","title":{"rendered":"Federa\u00e7\u00e3o alem\u00e3 \u00e9 multada em caso de suspeita de corrup\u00e7\u00e3o por sede da Copa do Mundo de 2006"},"content":{"rendered":"<p>A Federa\u00e7\u00e3o Alem\u00e3 de Futebol foi condenada por evas\u00e3o fiscal nesta quarta-feira no caso judicial que come\u00e7ou com uma suspeita de corrup\u00e7\u00e3o no processo de escolha do pa\u00eds para sediar a Copa do Mundo de 2006. Na pr\u00e1tica, a suspeita de compra de votos se tornou um caso de sonega\u00e7\u00e3o de impostos, gerando uma multa \u00e0 entidade alem\u00e3.<\/p>\n<p>A decis\u00e3o desta quarta encerrou um processo que durou cerca de 10 anos motivado por alega\u00e7\u00f5es de que a Alemanha usou um fundo secreto para comprar votos de membros do ent\u00e3o Comit\u00ea Executivo da Fifa para garantir a realiza\u00e7\u00e3o do torneio no pa\u00eds europeu.<\/p>\n<p>Um tribunal regional de Frankfurt multou a federa\u00e7\u00e3o, conhecida pela sigla alem\u00e3 DFB, em 110 mil euros, cerca de R$ 702 mil ao fim de um julgamento de quase 16 meses, ap\u00f3s o t\u00e9rmino do processo de investiga\u00e7\u00e3o. Os promotores pressionavam por uma multa maior ap\u00f3s acusarem a DFB de n\u00e3o pagar aproximadamente 2,7 milh\u00f5es de euros em impostos relacionados ao pagamento de 6,7 milh\u00f5es de euros \u00e0 Fifa, em abril de 2005.<\/p>\n<p>Esse pagamento liquidou um empr\u00e9stimo que o alem\u00e3o Franz Beckenbauer, chefe do comit\u00ea organizador da Copa do Mundo, havia contra\u00eddo tr\u00eas anos antes junto a Robert Louis-Dreyfus, ex-executivo da Adidas e ent\u00e3o copropriet\u00e1rio da ag\u00eancia de marketing Infront.<\/p>\n<p>O dinheiro foi canalizado por meio de um escrit\u00f3rio de advocacia su\u00ed\u00e7o para uma empresa do Catar pertencente a Mohammed Bin Hammam, ent\u00e3o membro do Comit\u00ea Executivo da Fifa. O objetivo exato do dinheiro nunca foi determinado.<\/p>\n<p>Theo Zwanziger, que era presidente da DFB na \u00e9poca, disse \u00e0 revista\u00a0<i>Spiegel<\/i>\u00a0em 2015 que &#8220;havia com certeza um fundo secreto na candidatura alem\u00e3 \u00e0 Copa do Mundo&#8221;. Ele acusou seu sucessor, Wolfgang Niersbach, de mentir sobre o assunto. Ambos faziam parte do comit\u00ea organizador da Copa do Mundo de 2006.<\/p>\n<p>A DFB ocultou o reembolso do empr\u00e9stimo como uma contribui\u00e7\u00e3o para uma festa de abertura da Copa do Mundo que acabou n\u00e3o acontecendo. E teria declarado falsamente o gasto como despesa comercial um ano depois.<\/p>\n<p>Zwanziger, Niersbach e o secret\u00e1rio-geral da DFB, Horst R. Schmidt, foram inicialmente acusados no julgamento. O processo contra os tr\u00eas, que negaram as acusa\u00e7\u00f5es de evas\u00e3o fiscal, acabou sendo arquivado ap\u00f3s o pagamento de multas.<\/p>\n<p>&#8220;O tribunal est\u00e1 certo, sem d\u00favida, de que a DFB sonegou impostos e que os envolvidos toleraram isso&#8221;, disse a ju\u00edza Eva-Marie Distler na quarta-feira, em coment\u00e1rios divulgados pela ag\u00eancia de not\u00edcias DPA. A DFB foi inicialmente multada em 130 mil euros, mas 20 mil euros foram dispensados devido a &#8220;atrasos processuais&#8221; no caso. A DFB tem uma semana para recorrer da decis\u00e3o.<\/p>\n","protected":false},"excerpt":{"rendered":"<p>A Federa\u00e7\u00e3o Alem\u00e3 de Futebol foi condenada por evas\u00e3o fiscal nesta quarta-feira no caso judicial que come\u00e7ou com uma suspeita de corrup\u00e7\u00e3o no processo de escolha do pa\u00eds para sediar a Copa do Mundo de 2006. Na pr\u00e1tica, a suspeita de compra de votos se tornou um caso de sonega\u00e7\u00e3o de impostos, gerando uma multa &hellip;<\/p>\n","protected":false},"author":1,"featured_media":5853,"comment_status":"closed","ping_status":"closed","sticky":false,"template":"","format":"standard","meta":{"footnotes":""},"categories":[31],"tags":[],"class_list":["post-5852","post","type-post","status-publish","format-standard","has-post-thumbnail","hentry","category-esportes"],"yoast_head":"<!-- This site is optimized with the Yoast SEO plugin v27.4 - https:\/\/yoast.com\/product\/yoast-seo-wordpress\/ -->\n<title>Federa\u00e7\u00e3o alem\u00e3 \u00e9 multada em caso de suspeita de corrup\u00e7\u00e3o por sede da Copa do Mundo de 2006 - Transam\u00e9rica Mococa 93,3<\/title>\n<meta name=\"robots\" content=\"index, follow, max-snippet:-1, max-image-preview:large, max-video-preview:-1\" \/>\n<link rel=\"canonical\" href=\"https:\/\/transamerica93.com.br\/home\/federacao-alema-e-multada-em-caso-de-suspeita-de-corrupcao-por-sede-da-copa-do-mundo-de-2006\/\" \/>\n<meta property=\"og:locale\" content=\"pt_BR\" \/>\n<meta property=\"og:type\" content=\"article\" \/>\n<meta property=\"og:title\" content=\"Federa\u00e7\u00e3o alem\u00e3 \u00e9 multada em caso de suspeita de corrup\u00e7\u00e3o por sede da Copa do Mundo de 2006 - Transam\u00e9rica Mococa 93,3\" \/>\n<meta property=\"og:description\" content=\"A Federa\u00e7\u00e3o Alem\u00e3 de Futebol foi condenada por evas\u00e3o fiscal nesta quarta-feira no caso judicial que come\u00e7ou com uma suspeita de corrup\u00e7\u00e3o no processo de escolha do pa\u00eds para sediar a Copa do Mundo de 2006. Na pr\u00e1tica, a suspeita de compra de votos se tornou um caso de sonega\u00e7\u00e3o de impostos, gerando uma multa &hellip;\" \/>\n<meta property=\"og:url\" content=\"https:\/\/transamerica93.com.br\/home\/federacao-alema-e-multada-em-caso-de-suspeita-de-corrupcao-por-sede-da-copa-do-mundo-de-2006\/\" \/>\n<meta property=\"og:site_name\" content=\"Transam\u00e9rica Mococa 93,3\" \/>\n<meta property=\"article:publisher\" content=\"https:\/\/www.facebook.com\/transamericamococa\" \/>\n<meta property=\"article:published_time\" content=\"2025-07-11T15:00:57+00:00\" \/>\n<meta property=\"og:image\" content=\"https:\/\/transamerica93.com.br\/home\/wp-content\/uploads\/2025\/06\/Sem-titulo-11.png\" \/>\n\t<meta property=\"og:image:width\" content=\"1100\" \/>\n\t<meta property=\"og:image:height\" content=\"698\" \/>\n\t<meta property=\"og:image:type\" content=\"image\/png\" \/>\n<meta name=\"author\" content=\"Reda\u00e7\u00e3o\" \/>\n<meta name=\"twitter:card\" content=\"summary_large_image\" \/>\n<meta name=\"twitter:creator\" content=\"@transamerica933\" \/>\n<meta name=\"twitter:site\" content=\"@transamerica933\" \/>\n<meta name=\"twitter:label1\" content=\"Escrito por\" \/>\n\t<meta name=\"twitter:data1\" content=\"Reda\u00e7\u00e3o\" \/>\n\t<meta name=\"twitter:label2\" content=\"Est. tempo de leitura\" \/>\n\t<meta name=\"twitter:data2\" content=\"3 minutos\" \/>\n<script type=\"application\/ld+json\" class=\"yoast-schema-graph\">{\"@context\":\"https:\\\/\\\/schema.org\",\"@graph\":[{\"@type\":\"Article\",\"@id\":\"https:\\\/\\\/transamerica93.com.br\\\/home\\\/federacao-alema-e-multada-em-caso-de-suspeita-de-corrupcao-por-sede-da-copa-do-mundo-de-2006\\\/#article\",\"isPartOf\":{\"@id\":\"https:\\\/\\\/transamerica93.com.br\\\/home\\\/federacao-alema-e-multada-em-caso-de-suspeita-de-corrupcao-por-sede-da-copa-do-mundo-de-2006\\\/\"},\"author\":{\"name\":\"Reda\u00e7\u00e3o\",\"@id\":\"https:\\\/\\\/transamerica93.com.br\\\/home\\\/#\\\/schema\\\/person\\\/7fed7c99c0d4562efa8561bc0f543172\"},\"headline\":\"Federa\u00e7\u00e3o alem\u00e3 \u00e9 multada em caso de suspeita de corrup\u00e7\u00e3o por sede da Copa do Mundo de 2006\",\"datePublished\":\"2025-07-11T15:00:57+00:00\",\"mainEntityOfPage\":{\"@id\":\"https:\\\/\\\/transamerica93.com.br\\\/home\\\/federacao-alema-e-multada-em-caso-de-suspeita-de-corrupcao-por-sede-da-copa-do-mundo-de-2006\\\/\"},\"wordCount\":481,\"publisher\":{\"@id\":\"https:\\\/\\\/transamerica93.com.br\\\/home\\\/#organization\"},\"image\":{\"@id\":\"https:\\\/\\\/transamerica93.com.br\\\/home\\\/federacao-alema-e-multada-em-caso-de-suspeita-de-corrupcao-por-sede-da-copa-do-mundo-de-2006\\\/#primaryimage\"},\"thumbnailUrl\":\"https:\\\/\\\/transamerica93.com.br\\\/home\\\/wp-content\\\/uploads\\\/2025\\\/06\\\/Sem-titulo-11.png\",\"articleSection\":[\"Esportes\"],\"inLanguage\":\"pt-BR\"},{\"@type\":\"WebPage\",\"@id\":\"https:\\\/\\\/transamerica93.com.br\\\/home\\\/federacao-alema-e-multada-em-caso-de-suspeita-de-corrupcao-por-sede-da-copa-do-mundo-de-2006\\\/\",\"url\":\"https:\\\/\\\/transamerica93.com.br\\\/home\\\/federacao-alema-e-multada-em-caso-de-suspeita-de-corrupcao-por-sede-da-copa-do-mundo-de-2006\\\/\",\"name\":\"Federa\u00e7\u00e3o alem\u00e3 \u00e9 multada em caso de suspeita de corrup\u00e7\u00e3o por sede da Copa do Mundo de 2006 - Transam\u00e9rica Mococa 93,3\",\"isPartOf\":{\"@id\":\"https:\\\/\\\/transamerica93.com.br\\\/home\\\/#website\"},\"primaryImageOfPage\":{\"@id\":\"https:\\\/\\\/transamerica93.com.br\\\/home\\\/federacao-alema-e-multada-em-caso-de-suspeita-de-corrupcao-por-sede-da-copa-do-mundo-de-2006\\\/#primaryimage\"},\"image\":{\"@id\":\"https:\\\/\\\/transamerica93.com.br\\\/home\\\/federacao-alema-e-multada-em-caso-de-suspeita-de-corrupcao-por-sede-da-copa-do-mundo-de-2006\\\/#primaryimage\"},\"thumbnailUrl\":\"https:\\\/\\\/transamerica93.com.br\\\/home\\\/wp-content\\\/uploads\\\/2025\\\/06\\\/Sem-titulo-11.png\",\"datePublished\":\"2025-07-11T15:00:57+00:00\",\"breadcrumb\":{\"@id\":\"https:\\\/\\\/transamerica93.com.br\\\/home\\\/federacao-alema-e-multada-em-caso-de-suspeita-de-corrupcao-por-sede-da-copa-do-mundo-de-2006\\\/#breadcrumb\"},\"inLanguage\":\"pt-BR\",\"potentialAction\":[{\"@type\":\"ReadAction\",\"target\":[\"https:\\\/\\\/transamerica93.com.br\\\/home\\\/federacao-alema-e-multada-em-caso-de-suspeita-de-corrupcao-por-sede-da-copa-do-mundo-de-2006\\\/\"]}]},{\"@type\":\"ImageObject\",\"inLanguage\":\"pt-BR\",\"@id\":\"https:\\\/\\\/transamerica93.com.br\\\/home\\\/federacao-alema-e-multada-em-caso-de-suspeita-de-corrupcao-por-sede-da-copa-do-mundo-de-2006\\\/#primaryimage\",\"url\":\"https:\\\/\\\/transamerica93.com.br\\\/home\\\/wp-content\\\/uploads\\\/2025\\\/06\\\/Sem-titulo-11.png\",\"contentUrl\":\"https:\\\/\\\/transamerica93.com.br\\\/home\\\/wp-content\\\/uploads\\\/2025\\\/06\\\/Sem-titulo-11.png\",\"width\":1100,\"height\":698},{\"@type\":\"BreadcrumbList\",\"@id\":\"https:\\\/\\\/transamerica93.com.br\\\/home\\\/federacao-alema-e-multada-em-caso-de-suspeita-de-corrupcao-por-sede-da-copa-do-mundo-de-2006\\\/#breadcrumb\",\"itemListElement\":[{\"@type\":\"ListItem\",\"position\":1,\"name\":\"In\u00edcio\",\"item\":\"https:\\\/\\\/transamerica93.com.br\\\/home\\\/\"},{\"@type\":\"ListItem\",\"position\":2,\"name\":\"Federa\u00e7\u00e3o alem\u00e3 \u00e9 multada em caso de suspeita de corrup\u00e7\u00e3o por sede da Copa do Mundo de 2006\"}]},{\"@type\":\"WebSite\",\"@id\":\"https:\\\/\\\/transamerica93.com.br\\\/home\\\/#website\",\"url\":\"https:\\\/\\\/transamerica93.com.br\\\/home\\\/\",\"name\":\"Transam\u00e9rica Mococa 93,3\",\"description\":\"\",\"publisher\":{\"@id\":\"https:\\\/\\\/transamerica93.com.br\\\/home\\\/#organization\"},\"potentialAction\":[{\"@type\":\"SearchAction\",\"target\":{\"@type\":\"EntryPoint\",\"urlTemplate\":\"https:\\\/\\\/transamerica93.com.br\\\/home\\\/?s={search_term_string}\"},\"query-input\":{\"@type\":\"PropertyValueSpecification\",\"valueRequired\":true,\"valueName\":\"search_term_string\"}}],\"inLanguage\":\"pt-BR\"},{\"@type\":\"Organization\",\"@id\":\"https:\\\/\\\/transamerica93.com.br\\\/home\\\/#organization\",\"name\":\"Transam\u00e9rica Mococa 93,3\",\"url\":\"https:\\\/\\\/transamerica93.com.br\\\/home\\\/\",\"logo\":{\"@type\":\"ImageObject\",\"inLanguage\":\"pt-BR\",\"@id\":\"https:\\\/\\\/transamerica93.com.br\\\/home\\\/#\\\/schema\\\/logo\\\/image\\\/\",\"url\":\"https:\\\/\\\/transamerica93.com.br\\\/home\\\/wp-content\\\/uploads\\\/2023\\\/10\\\/logo2.png\",\"contentUrl\":\"https:\\\/\\\/transamerica93.com.br\\\/home\\\/wp-content\\\/uploads\\\/2023\\\/10\\\/logo2.png\",\"width\":800,\"height\":500,\"caption\":\"Transam\u00e9rica Mococa 93,3\"},\"image\":{\"@id\":\"https:\\\/\\\/transamerica93.com.br\\\/home\\\/#\\\/schema\\\/logo\\\/image\\\/\"},\"sameAs\":[\"https:\\\/\\\/www.facebook.com\\\/transamericamococa\",\"https:\\\/\\\/x.com\\\/transamerica933\",\"https:\\\/\\\/www.instagram.com\\\/transamericamococa\"]},{\"@type\":\"Person\",\"@id\":\"https:\\\/\\\/transamerica93.com.br\\\/home\\\/#\\\/schema\\\/person\\\/7fed7c99c0d4562efa8561bc0f543172\",\"name\":\"Reda\u00e7\u00e3o\",\"image\":{\"@type\":\"ImageObject\",\"inLanguage\":\"pt-BR\",\"@id\":\"https:\\\/\\\/secure.gravatar.com\\\/avatar\\\/1072c6b775fb02ef8506ce967551d95926669a6b7d2c2147b42eea4d7c68395e?s=96&d=mm&r=g\",\"url\":\"https:\\\/\\\/secure.gravatar.com\\\/avatar\\\/1072c6b775fb02ef8506ce967551d95926669a6b7d2c2147b42eea4d7c68395e?s=96&d=mm&r=g\",\"contentUrl\":\"https:\\\/\\\/secure.gravatar.com\\\/avatar\\\/1072c6b775fb02ef8506ce967551d95926669a6b7d2c2147b42eea4d7c68395e?s=96&d=mm&r=g\",\"caption\":\"Reda\u00e7\u00e3o\"},\"sameAs\":[\"https:\\\/\\\/transamerica93.com.br\\\/home\"],\"url\":\"https:\\\/\\\/transamerica93.com.br\\\/home\\\/author\\\/william\\\/\"}]}<\/script>\n<!-- \/ Yoast SEO plugin. -->","yoast_head_json":{"title":"Federa\u00e7\u00e3o alem\u00e3 \u00e9 multada em caso de suspeita de corrup\u00e7\u00e3o por sede da Copa do Mundo de 2006 - Transam\u00e9rica Mococa 93,3","robots":{"index":"index","follow":"follow","max-snippet":"max-snippet:-1","max-image-preview":"max-image-preview:large","max-video-preview":"max-video-preview:-1"},"canonical":"https:\/\/transamerica93.com.br\/home\/federacao-alema-e-multada-em-caso-de-suspeita-de-corrupcao-por-sede-da-copa-do-mundo-de-2006\/","og_locale":"pt_BR","og_type":"article","og_title":"Federa\u00e7\u00e3o alem\u00e3 \u00e9 multada em caso de suspeita de corrup\u00e7\u00e3o por sede da Copa do Mundo de 2006 - Transam\u00e9rica Mococa 93,3","og_description":"A Federa\u00e7\u00e3o Alem\u00e3 de Futebol foi condenada por evas\u00e3o fiscal nesta quarta-feira no caso judicial que come\u00e7ou com uma suspeita de corrup\u00e7\u00e3o no processo de escolha do pa\u00eds para sediar a Copa do Mundo de 2006. Na pr\u00e1tica, a suspeita de compra de votos se tornou um caso de sonega\u00e7\u00e3o de impostos, gerando uma multa &hellip;","og_url":"https:\/\/transamerica93.com.br\/home\/federacao-alema-e-multada-em-caso-de-suspeita-de-corrupcao-por-sede-da-copa-do-mundo-de-2006\/","og_site_name":"Transam\u00e9rica Mococa 93,3","article_publisher":"https:\/\/www.facebook.com\/transamericamococa","article_published_time":"2025-07-11T15:00:57+00:00","og_image":[{"width":1100,"height":698,"url":"https:\/\/transamerica93.com.br\/home\/wp-content\/uploads\/2025\/06\/Sem-titulo-11.png","type":"image\/png"}],"author":"Reda\u00e7\u00e3o","twitter_card":"summary_large_image","twitter_creator":"@transamerica933","twitter_site":"@transamerica933","twitter_misc":{"Escrito por":"Reda\u00e7\u00e3o","Est. tempo de leitura":"3 minutos"},"schema":{"@context":"https:\/\/schema.org","@graph":[{"@type":"Article","@id":"https:\/\/transamerica93.com.br\/home\/federacao-alema-e-multada-em-caso-de-suspeita-de-corrupcao-por-sede-da-copa-do-mundo-de-2006\/#article","isPartOf":{"@id":"https:\/\/transamerica93.com.br\/home\/federacao-alema-e-multada-em-caso-de-suspeita-de-corrupcao-por-sede-da-copa-do-mundo-de-2006\/"},"author":{"name":"Reda\u00e7\u00e3o","@id":"https:\/\/transamerica93.com.br\/home\/#\/schema\/person\/7fed7c99c0d4562efa8561bc0f543172"},"headline":"Federa\u00e7\u00e3o alem\u00e3 \u00e9 multada em caso de suspeita de corrup\u00e7\u00e3o por sede da Copa do Mundo de 2006","datePublished":"2025-07-11T15:00:57+00:00","mainEntityOfPage":{"@id":"https:\/\/transamerica93.com.br\/home\/federacao-alema-e-multada-em-caso-de-suspeita-de-corrupcao-por-sede-da-copa-do-mundo-de-2006\/"},"wordCount":481,"publisher":{"@id":"https:\/\/transamerica93.com.br\/home\/#organization"},"image":{"@id":"https:\/\/transamerica93.com.br\/home\/federacao-alema-e-multada-em-caso-de-suspeita-de-corrupcao-por-sede-da-copa-do-mundo-de-2006\/#primaryimage"},"thumbnailUrl":"https:\/\/transamerica93.com.br\/home\/wp-content\/uploads\/2025\/06\/Sem-titulo-11.png","articleSection":["Esportes"],"inLanguage":"pt-BR"},{"@type":"WebPage","@id":"https:\/\/transamerica93.com.br\/home\/federacao-alema-e-multada-em-caso-de-suspeita-de-corrupcao-por-sede-da-copa-do-mundo-de-2006\/","url":"https:\/\/transamerica93.com.br\/home\/federacao-alema-e-multada-em-caso-de-suspeita-de-corrupcao-por-sede-da-copa-do-mundo-de-2006\/","name":"Federa\u00e7\u00e3o alem\u00e3 \u00e9 multada em caso de suspeita de corrup\u00e7\u00e3o por sede da Copa do Mundo de 2006 - Transam\u00e9rica Mococa 93,3","isPartOf":{"@id":"https:\/\/transamerica93.com.br\/home\/#website"},"primaryImageOfPage":{"@id":"https:\/\/transamerica93.com.br\/home\/federacao-alema-e-multada-em-caso-de-suspeita-de-corrupcao-por-sede-da-copa-do-mundo-de-2006\/#primaryimage"},"image":{"@id":"https:\/\/transamerica93.com.br\/home\/federacao-alema-e-multada-em-caso-de-suspeita-de-corrupcao-por-sede-da-copa-do-mundo-de-2006\/#primaryimage"},"thumbnailUrl":"https:\/\/transamerica93.com.br\/home\/wp-content\/uploads\/2025\/06\/Sem-titulo-11.png","datePublished":"2025-07-11T15:00:57+00:00","breadcrumb":{"@id":"https:\/\/transamerica93.com.br\/home\/federacao-alema-e-multada-em-caso-de-suspeita-de-corrupcao-por-sede-da-copa-do-mundo-de-2006\/#breadcrumb"},"inLanguage":"pt-BR","potentialAction":[{"@type":"ReadAction","target":["https:\/\/transamerica93.com.br\/home\/federacao-alema-e-multada-em-caso-de-suspeita-de-corrupcao-por-sede-da-copa-do-mundo-de-2006\/"]}]},{"@type":"ImageObject","inLanguage":"pt-BR","@id":"https:\/\/transamerica93.com.br\/home\/federacao-alema-e-multada-em-caso-de-suspeita-de-corrupcao-por-sede-da-copa-do-mundo-de-2006\/#primaryimage","url":"https:\/\/transamerica93.com.br\/home\/wp-content\/uploads\/2025\/06\/Sem-titulo-11.png","contentUrl":"https:\/\/transamerica93.com.br\/home\/wp-content\/uploads\/2025\/06\/Sem-titulo-11.png","width":1100,"height":698},{"@type":"BreadcrumbList","@id":"https:\/\/transamerica93.com.br\/home\/federacao-alema-e-multada-em-caso-de-suspeita-de-corrupcao-por-sede-da-copa-do-mundo-de-2006\/#breadcrumb","itemListElement":[{"@type":"ListItem","position":1,"name":"In\u00edcio","item":"https:\/\/transamerica93.com.br\/home\/"},{"@type":"ListItem","position":2,"name":"Federa\u00e7\u00e3o alem\u00e3 \u00e9 multada em caso de suspeita de corrup\u00e7\u00e3o por sede da Copa do Mundo de 2006"}]},{"@type":"WebSite","@id":"https:\/\/transamerica93.com.br\/home\/#website","url":"https:\/\/transamerica93.com.br\/home\/","name":"Transam\u00e9rica Mococa 93,3","description":"","publisher":{"@id":"https:\/\/transamerica93.com.br\/home\/#organization"},"potentialAction":[{"@type":"SearchAction","target":{"@type":"EntryPoint","urlTemplate":"https:\/\/transamerica93.com.br\/home\/?s={search_term_string}"},"query-input":{"@type":"PropertyValueSpecification","valueRequired":true,"valueName":"search_term_string"}}],"inLanguage":"pt-BR"},{"@type":"Organization","@id":"https:\/\/transamerica93.com.br\/home\/#organization","name":"Transam\u00e9rica Mococa 93,3","url":"https:\/\/transamerica93.com.br\/home\/","logo":{"@type":"ImageObject","inLanguage":"pt-BR","@id":"https:\/\/transamerica93.com.br\/home\/#\/schema\/logo\/image\/","url":"https:\/\/transamerica93.com.br\/home\/wp-content\/uploads\/2023\/10\/logo2.png","contentUrl":"https:\/\/transamerica93.com.br\/home\/wp-content\/uploads\/2023\/10\/logo2.png","width":800,"height":500,"caption":"Transam\u00e9rica Mococa 93,3"},"image":{"@id":"https:\/\/transamerica93.com.br\/home\/#\/schema\/logo\/image\/"},"sameAs":["https:\/\/www.facebook.com\/transamericamococa","https:\/\/x.com\/transamerica933","https:\/\/www.instagram.com\/transamericamococa"]},{"@type":"Person","@id":"https:\/\/transamerica93.com.br\/home\/#\/schema\/person\/7fed7c99c0d4562efa8561bc0f543172","name":"Reda\u00e7\u00e3o","image":{"@type":"ImageObject","inLanguage":"pt-BR","@id":"https:\/\/secure.gravatar.com\/avatar\/1072c6b775fb02ef8506ce967551d95926669a6b7d2c2147b42eea4d7c68395e?s=96&d=mm&r=g","url":"https:\/\/secure.gravatar.com\/avatar\/1072c6b775fb02ef8506ce967551d95926669a6b7d2c2147b42eea4d7c68395e?s=96&d=mm&r=g","contentUrl":"https:\/\/secure.gravatar.com\/avatar\/1072c6b775fb02ef8506ce967551d95926669a6b7d2c2147b42eea4d7c68395e?s=96&d=mm&r=g","caption":"Reda\u00e7\u00e3o"},"sameAs":["https:\/\/transamerica93.com.br\/home"],"url":"https:\/\/transamerica93.com.br\/home\/author\/william\/"}]}},"_links":{"self":[{"href":"https:\/\/transamerica93.com.br\/home\/wp-json\/wp\/v2\/posts\/5852","targetHints":{"allow":["GET"]}}],"collection":[{"href":"https:\/\/transamerica93.com.br\/home\/wp-json\/wp\/v2\/posts"}],"about":[{"href":"https:\/\/transamerica93.com.br\/home\/wp-json\/wp\/v2\/types\/post"}],"author":[{"embeddable":true,"href":"https:\/\/transamerica93.com.br\/home\/wp-json\/wp\/v2\/users\/1"}],"replies":[{"embeddable":true,"href":"https:\/\/transamerica93.com.br\/home\/wp-json\/wp\/v2\/comments?post=5852"}],"version-history":[{"count":1,"href":"https:\/\/transamerica93.com.br\/home\/wp-json\/wp\/v2\/posts\/5852\/revisions"}],"predecessor-version":[{"id":5854,"href":"https:\/\/transamerica93.com.br\/home\/wp-json\/wp\/v2\/posts\/5852\/revisions\/5854"}],"wp:featuredmedia":[{"embeddable":true,"href":"https:\/\/transamerica93.com.br\/home\/wp-json\/wp\/v2\/media\/5853"}],"wp:attachment":[{"href":"https:\/\/transamerica93.com.br\/home\/wp-json\/wp\/v2\/media?parent=5852"}],"wp:term":[{"taxonomy":"category","embeddable":true,"href":"https:\/\/transamerica93.com.br\/home\/wp-json\/wp\/v2\/categories?post=5852"},{"taxonomy":"post_tag","embeddable":true,"href":"https:\/\/transamerica93.com.br\/home\/wp-json\/wp\/v2\/tags?post=5852"}],"curies":[{"name":"wp","href":"https:\/\/api.w.org\/{rel}","templated":true}]}}