{"id":5855,"date":"2025-07-08T15:00:27","date_gmt":"2025-07-08T18:00:27","guid":{"rendered":"https:\/\/transamerica93.com.br\/home\/?p=5855"},"modified":"2025-06-27T21:09:09","modified_gmt":"2025-06-28T00:09:09","slug":"caso-diddy-promotoria-descarta-acusacoes-de-sequestro-e-incendio-para-ajudar-decisao-do-juri","status":"publish","type":"post","link":"https:\/\/transamerica93.com.br\/home\/caso-diddy-promotoria-descarta-acusacoes-de-sequestro-e-incendio-para-ajudar-decisao-do-juri\/","title":{"rendered":"Caso Diddy: Promotoria descarta acusa\u00e7\u00f5es de sequestro e inc\u00eandio para ajudar decis\u00e3o do j\u00fari"},"content":{"rendered":"<p>Por Reda\u00e7\u00e3o C2<\/p>\n<p>O julgamento de P. Diddy entrou em sua reta final nesta semana, no tribunal federal de Manhattan, em Nova York. O rapper decidiu n\u00e3o depor em sua defesa, e sua equipe tamb\u00e9m optou por n\u00e3o apresentar testemunhas. Com isso, o caso segue para os argumentos finais com um ajuste nas acusa\u00e7\u00f5es por parte da promotoria, atendendo \u00e0 orienta\u00e7\u00e3o do juiz para simplificar as instru\u00e7\u00f5es ao j\u00fari.<\/p>\n<p>Segundo o site TMZ, os promotores informaram ao juiz Arun Subramanian, em carta oficial, que n\u00e3o v\u00e3o mais incluir nas instru\u00e7\u00f5es ao j\u00fari as acusa\u00e7\u00f5es de tentativa de sequestro, tentativa de inc\u00eandio criminoso e aux\u00edlio em tr\u00e1fico sexual. O objetivo, segundo o documento, \u00e9 simplificar a compreens\u00e3o das acusa\u00e7\u00f5es e facilitar a an\u00e1lise por parte dos jurados.<\/p>\n<p>A decis\u00e3o atinge epis\u00f3dios como o suposto sequestro da ex-funcion\u00e1ria Capricorn Clark, levada a um pr\u00e9dio para ser submetida a um detector de mentiras, e da cantora Cassie, que teria sido mantida em um hotel de luxo em Los Angeles.<\/p>\n<p>Tamb\u00e9m deixa de ser considerado o caso em que Diddy teria mandado incendiar o carro de Kid Cudi, em um ataque de ci\u00fames. Segundo a promotoria, n\u00e3o foi poss\u00edvel estabelecer uma liga\u00e7\u00e3o direta do r\u00e9u com o inc\u00eandio.<\/p>\n<p>Essas acusa\u00e7\u00f5es estavam relacionadas ao processo por associa\u00e7\u00e3o criminosa. A promotoria ainda mant\u00e9m outras acusa\u00e7\u00f5es de tr\u00e1fico sexual, mas sem o agravante de &#8220;ajuda e facilita\u00e7\u00e3o&#8221; de tais crimes. Tamb\u00e9m pede que o juiz oriente o j\u00fari a n\u00e3o considerar o consentimento pr\u00e9vio das v\u00edtimas como definitivo.<\/p>\n<p>Os promotores ainda argumentam que o fato de uma das v\u00edtimas ter recebido dinheiro n\u00e3o impede a caracteriza\u00e7\u00e3o de trabalho for\u00e7ado &#8211; aspecto que integra as acusa\u00e7\u00f5es de tr\u00e1fico humano. Al\u00e9m disso, querem que o j\u00fari entenda que, para comprovar coer\u00e7\u00e3o, n\u00e3o \u00e9 necess\u00e1rio que tenha havido viol\u00eancia f\u00edsica ou que os atos tenham envolvido troca comercial.<\/p>\n<p>Diddy acompanhou presencialmente todas as etapas do julgamento, que se estendeu por sete semanas. Nesta semana, ao ser questionado pelo juiz Subramanian se havia decidido, por conta pr\u00f3pria, n\u00e3o depor, o rapper respondeu de forma direta que a decis\u00e3o foi exclusivamente sua.<\/p>\n","protected":false},"excerpt":{"rendered":"<p>Por Reda\u00e7\u00e3o C2 O julgamento de P. Diddy entrou em sua reta final nesta semana, no tribunal federal de Manhattan, em Nova York. O rapper decidiu n\u00e3o depor em sua defesa, e sua equipe tamb\u00e9m optou por n\u00e3o apresentar testemunhas. Com isso, o caso segue para os argumentos finais com um ajuste nas acusa\u00e7\u00f5es por &hellip;<\/p>\n","protected":false},"author":1,"featured_media":5856,"comment_status":"closed","ping_status":"closed","sticky":false,"template":"","format":"standard","meta":{"footnotes":""},"categories":[25],"tags":[],"class_list":["post-5855","post","type-post","status-publish","format-standard","has-post-thumbnail","hentry","category-musica"],"yoast_head":"<!-- This site is optimized with the Yoast SEO plugin v27.4 - https:\/\/yoast.com\/product\/yoast-seo-wordpress\/ -->\n<title>Caso Diddy: Promotoria descarta acusa\u00e7\u00f5es de sequestro e inc\u00eandio para ajudar decis\u00e3o do j\u00fari - Transam\u00e9rica Mococa 93,3<\/title>\n<meta name=\"robots\" content=\"index, follow, max-snippet:-1, max-image-preview:large, max-video-preview:-1\" \/>\n<link rel=\"canonical\" href=\"https:\/\/transamerica93.com.br\/home\/caso-diddy-promotoria-descarta-acusacoes-de-sequestro-e-incendio-para-ajudar-decisao-do-juri\/\" \/>\n<meta property=\"og:locale\" content=\"pt_BR\" \/>\n<meta property=\"og:type\" content=\"article\" \/>\n<meta property=\"og:title\" content=\"Caso Diddy: Promotoria descarta acusa\u00e7\u00f5es de sequestro e inc\u00eandio para ajudar decis\u00e3o do j\u00fari - Transam\u00e9rica Mococa 93,3\" \/>\n<meta property=\"og:description\" content=\"Por Reda\u00e7\u00e3o C2 O julgamento de P. Diddy entrou em sua reta final nesta semana, no tribunal federal de Manhattan, em Nova York. O rapper decidiu n\u00e3o depor em sua defesa, e sua equipe tamb\u00e9m optou por n\u00e3o apresentar testemunhas. Com isso, o caso segue para os argumentos finais com um ajuste nas acusa\u00e7\u00f5es por &hellip;\" \/>\n<meta property=\"og:url\" content=\"https:\/\/transamerica93.com.br\/home\/caso-diddy-promotoria-descarta-acusacoes-de-sequestro-e-incendio-para-ajudar-decisao-do-juri\/\" \/>\n<meta property=\"og:site_name\" content=\"Transam\u00e9rica Mococa 93,3\" \/>\n<meta property=\"article:publisher\" content=\"https:\/\/www.facebook.com\/transamericamococa\" \/>\n<meta property=\"article:published_time\" content=\"2025-07-08T18:00:27+00:00\" \/>\n<meta property=\"og:image\" content=\"https:\/\/transamerica93.com.br\/home\/wp-content\/uploads\/2025\/06\/Sem-titulo-12.png\" \/>\n\t<meta property=\"og:image:width\" content=\"1600\" \/>\n\t<meta property=\"og:image:height\" content=\"900\" \/>\n\t<meta property=\"og:image:type\" content=\"image\/png\" \/>\n<meta name=\"author\" content=\"Reda\u00e7\u00e3o\" \/>\n<meta name=\"twitter:card\" content=\"summary_large_image\" \/>\n<meta name=\"twitter:creator\" content=\"@transamerica933\" \/>\n<meta name=\"twitter:site\" content=\"@transamerica933\" \/>\n<meta name=\"twitter:label1\" content=\"Escrito por\" \/>\n\t<meta name=\"twitter:data1\" content=\"Reda\u00e7\u00e3o\" \/>\n\t<meta name=\"twitter:label2\" content=\"Est. tempo de leitura\" \/>\n\t<meta name=\"twitter:data2\" content=\"2 minutos\" \/>\n<script type=\"application\/ld+json\" class=\"yoast-schema-graph\">{\"@context\":\"https:\\\/\\\/schema.org\",\"@graph\":[{\"@type\":\"Article\",\"@id\":\"https:\\\/\\\/transamerica93.com.br\\\/home\\\/caso-diddy-promotoria-descarta-acusacoes-de-sequestro-e-incendio-para-ajudar-decisao-do-juri\\\/#article\",\"isPartOf\":{\"@id\":\"https:\\\/\\\/transamerica93.com.br\\\/home\\\/caso-diddy-promotoria-descarta-acusacoes-de-sequestro-e-incendio-para-ajudar-decisao-do-juri\\\/\"},\"author\":{\"name\":\"Reda\u00e7\u00e3o\",\"@id\":\"https:\\\/\\\/transamerica93.com.br\\\/home\\\/#\\\/schema\\\/person\\\/7fed7c99c0d4562efa8561bc0f543172\"},\"headline\":\"Caso Diddy: Promotoria descarta acusa\u00e7\u00f5es de sequestro e inc\u00eandio para ajudar decis\u00e3o do j\u00fari\",\"datePublished\":\"2025-07-08T18:00:27+00:00\",\"mainEntityOfPage\":{\"@id\":\"https:\\\/\\\/transamerica93.com.br\\\/home\\\/caso-diddy-promotoria-descarta-acusacoes-de-sequestro-e-incendio-para-ajudar-decisao-do-juri\\\/\"},\"wordCount\":422,\"publisher\":{\"@id\":\"https:\\\/\\\/transamerica93.com.br\\\/home\\\/#organization\"},\"image\":{\"@id\":\"https:\\\/\\\/transamerica93.com.br\\\/home\\\/caso-diddy-promotoria-descarta-acusacoes-de-sequestro-e-incendio-para-ajudar-decisao-do-juri\\\/#primaryimage\"},\"thumbnailUrl\":\"https:\\\/\\\/transamerica93.com.br\\\/home\\\/wp-content\\\/uploads\\\/2025\\\/06\\\/Sem-titulo-12.png\",\"articleSection\":[\"M\u00fasica\"],\"inLanguage\":\"pt-BR\"},{\"@type\":\"WebPage\",\"@id\":\"https:\\\/\\\/transamerica93.com.br\\\/home\\\/caso-diddy-promotoria-descarta-acusacoes-de-sequestro-e-incendio-para-ajudar-decisao-do-juri\\\/\",\"url\":\"https:\\\/\\\/transamerica93.com.br\\\/home\\\/caso-diddy-promotoria-descarta-acusacoes-de-sequestro-e-incendio-para-ajudar-decisao-do-juri\\\/\",\"name\":\"Caso Diddy: Promotoria descarta acusa\u00e7\u00f5es de sequestro e inc\u00eandio para ajudar decis\u00e3o do j\u00fari - Transam\u00e9rica Mococa 93,3\",\"isPartOf\":{\"@id\":\"https:\\\/\\\/transamerica93.com.br\\\/home\\\/#website\"},\"primaryImageOfPage\":{\"@id\":\"https:\\\/\\\/transamerica93.com.br\\\/home\\\/caso-diddy-promotoria-descarta-acusacoes-de-sequestro-e-incendio-para-ajudar-decisao-do-juri\\\/#primaryimage\"},\"image\":{\"@id\":\"https:\\\/\\\/transamerica93.com.br\\\/home\\\/caso-diddy-promotoria-descarta-acusacoes-de-sequestro-e-incendio-para-ajudar-decisao-do-juri\\\/#primaryimage\"},\"thumbnailUrl\":\"https:\\\/\\\/transamerica93.com.br\\\/home\\\/wp-content\\\/uploads\\\/2025\\\/06\\\/Sem-titulo-12.png\",\"datePublished\":\"2025-07-08T18:00:27+00:00\",\"breadcrumb\":{\"@id\":\"https:\\\/\\\/transamerica93.com.br\\\/home\\\/caso-diddy-promotoria-descarta-acusacoes-de-sequestro-e-incendio-para-ajudar-decisao-do-juri\\\/#breadcrumb\"},\"inLanguage\":\"pt-BR\",\"potentialAction\":[{\"@type\":\"ReadAction\",\"target\":[\"https:\\\/\\\/transamerica93.com.br\\\/home\\\/caso-diddy-promotoria-descarta-acusacoes-de-sequestro-e-incendio-para-ajudar-decisao-do-juri\\\/\"]}]},{\"@type\":\"ImageObject\",\"inLanguage\":\"pt-BR\",\"@id\":\"https:\\\/\\\/transamerica93.com.br\\\/home\\\/caso-diddy-promotoria-descarta-acusacoes-de-sequestro-e-incendio-para-ajudar-decisao-do-juri\\\/#primaryimage\",\"url\":\"https:\\\/\\\/transamerica93.com.br\\\/home\\\/wp-content\\\/uploads\\\/2025\\\/06\\\/Sem-titulo-12.png\",\"contentUrl\":\"https:\\\/\\\/transamerica93.com.br\\\/home\\\/wp-content\\\/uploads\\\/2025\\\/06\\\/Sem-titulo-12.png\",\"width\":1600,\"height\":900},{\"@type\":\"BreadcrumbList\",\"@id\":\"https:\\\/\\\/transamerica93.com.br\\\/home\\\/caso-diddy-promotoria-descarta-acusacoes-de-sequestro-e-incendio-para-ajudar-decisao-do-juri\\\/#breadcrumb\",\"itemListElement\":[{\"@type\":\"ListItem\",\"position\":1,\"name\":\"In\u00edcio\",\"item\":\"https:\\\/\\\/transamerica93.com.br\\\/home\\\/\"},{\"@type\":\"ListItem\",\"position\":2,\"name\":\"Caso Diddy: Promotoria descarta acusa\u00e7\u00f5es de sequestro e inc\u00eandio para ajudar decis\u00e3o do j\u00fari\"}]},{\"@type\":\"WebSite\",\"@id\":\"https:\\\/\\\/transamerica93.com.br\\\/home\\\/#website\",\"url\":\"https:\\\/\\\/transamerica93.com.br\\\/home\\\/\",\"name\":\"Transam\u00e9rica Mococa 93,3\",\"description\":\"\",\"publisher\":{\"@id\":\"https:\\\/\\\/transamerica93.com.br\\\/home\\\/#organization\"},\"potentialAction\":[{\"@type\":\"SearchAction\",\"target\":{\"@type\":\"EntryPoint\",\"urlTemplate\":\"https:\\\/\\\/transamerica93.com.br\\\/home\\\/?s={search_term_string}\"},\"query-input\":{\"@type\":\"PropertyValueSpecification\",\"valueRequired\":true,\"valueName\":\"search_term_string\"}}],\"inLanguage\":\"pt-BR\"},{\"@type\":\"Organization\",\"@id\":\"https:\\\/\\\/transamerica93.com.br\\\/home\\\/#organization\",\"name\":\"Transam\u00e9rica Mococa 93,3\",\"url\":\"https:\\\/\\\/transamerica93.com.br\\\/home\\\/\",\"logo\":{\"@type\":\"ImageObject\",\"inLanguage\":\"pt-BR\",\"@id\":\"https:\\\/\\\/transamerica93.com.br\\\/home\\\/#\\\/schema\\\/logo\\\/image\\\/\",\"url\":\"https:\\\/\\\/transamerica93.com.br\\\/home\\\/wp-content\\\/uploads\\\/2023\\\/10\\\/logo2.png\",\"contentUrl\":\"https:\\\/\\\/transamerica93.com.br\\\/home\\\/wp-content\\\/uploads\\\/2023\\\/10\\\/logo2.png\",\"width\":800,\"height\":500,\"caption\":\"Transam\u00e9rica Mococa 93,3\"},\"image\":{\"@id\":\"https:\\\/\\\/transamerica93.com.br\\\/home\\\/#\\\/schema\\\/logo\\\/image\\\/\"},\"sameAs\":[\"https:\\\/\\\/www.facebook.com\\\/transamericamococa\",\"https:\\\/\\\/x.com\\\/transamerica933\",\"https:\\\/\\\/www.instagram.com\\\/transamericamococa\"]},{\"@type\":\"Person\",\"@id\":\"https:\\\/\\\/transamerica93.com.br\\\/home\\\/#\\\/schema\\\/person\\\/7fed7c99c0d4562efa8561bc0f543172\",\"name\":\"Reda\u00e7\u00e3o\",\"image\":{\"@type\":\"ImageObject\",\"inLanguage\":\"pt-BR\",\"@id\":\"https:\\\/\\\/secure.gravatar.com\\\/avatar\\\/1072c6b775fb02ef8506ce967551d95926669a6b7d2c2147b42eea4d7c68395e?s=96&d=mm&r=g\",\"url\":\"https:\\\/\\\/secure.gravatar.com\\\/avatar\\\/1072c6b775fb02ef8506ce967551d95926669a6b7d2c2147b42eea4d7c68395e?s=96&d=mm&r=g\",\"contentUrl\":\"https:\\\/\\\/secure.gravatar.com\\\/avatar\\\/1072c6b775fb02ef8506ce967551d95926669a6b7d2c2147b42eea4d7c68395e?s=96&d=mm&r=g\",\"caption\":\"Reda\u00e7\u00e3o\"},\"sameAs\":[\"https:\\\/\\\/transamerica93.com.br\\\/home\"],\"url\":\"https:\\\/\\\/transamerica93.com.br\\\/home\\\/author\\\/william\\\/\"}]}<\/script>\n<!-- \/ Yoast SEO plugin. -->","yoast_head_json":{"title":"Caso Diddy: Promotoria descarta acusa\u00e7\u00f5es de sequestro e inc\u00eandio para ajudar decis\u00e3o do j\u00fari - Transam\u00e9rica Mococa 93,3","robots":{"index":"index","follow":"follow","max-snippet":"max-snippet:-1","max-image-preview":"max-image-preview:large","max-video-preview":"max-video-preview:-1"},"canonical":"https:\/\/transamerica93.com.br\/home\/caso-diddy-promotoria-descarta-acusacoes-de-sequestro-e-incendio-para-ajudar-decisao-do-juri\/","og_locale":"pt_BR","og_type":"article","og_title":"Caso Diddy: Promotoria descarta acusa\u00e7\u00f5es de sequestro e inc\u00eandio para ajudar decis\u00e3o do j\u00fari - Transam\u00e9rica Mococa 93,3","og_description":"Por Reda\u00e7\u00e3o C2 O julgamento de P. Diddy entrou em sua reta final nesta semana, no tribunal federal de Manhattan, em Nova York. O rapper decidiu n\u00e3o depor em sua defesa, e sua equipe tamb\u00e9m optou por n\u00e3o apresentar testemunhas. Com isso, o caso segue para os argumentos finais com um ajuste nas acusa\u00e7\u00f5es por &hellip;","og_url":"https:\/\/transamerica93.com.br\/home\/caso-diddy-promotoria-descarta-acusacoes-de-sequestro-e-incendio-para-ajudar-decisao-do-juri\/","og_site_name":"Transam\u00e9rica Mococa 93,3","article_publisher":"https:\/\/www.facebook.com\/transamericamococa","article_published_time":"2025-07-08T18:00:27+00:00","og_image":[{"width":1600,"height":900,"url":"https:\/\/transamerica93.com.br\/home\/wp-content\/uploads\/2025\/06\/Sem-titulo-12.png","type":"image\/png"}],"author":"Reda\u00e7\u00e3o","twitter_card":"summary_large_image","twitter_creator":"@transamerica933","twitter_site":"@transamerica933","twitter_misc":{"Escrito por":"Reda\u00e7\u00e3o","Est. tempo de leitura":"2 minutos"},"schema":{"@context":"https:\/\/schema.org","@graph":[{"@type":"Article","@id":"https:\/\/transamerica93.com.br\/home\/caso-diddy-promotoria-descarta-acusacoes-de-sequestro-e-incendio-para-ajudar-decisao-do-juri\/#article","isPartOf":{"@id":"https:\/\/transamerica93.com.br\/home\/caso-diddy-promotoria-descarta-acusacoes-de-sequestro-e-incendio-para-ajudar-decisao-do-juri\/"},"author":{"name":"Reda\u00e7\u00e3o","@id":"https:\/\/transamerica93.com.br\/home\/#\/schema\/person\/7fed7c99c0d4562efa8561bc0f543172"},"headline":"Caso Diddy: Promotoria descarta acusa\u00e7\u00f5es de sequestro e inc\u00eandio para ajudar decis\u00e3o do j\u00fari","datePublished":"2025-07-08T18:00:27+00:00","mainEntityOfPage":{"@id":"https:\/\/transamerica93.com.br\/home\/caso-diddy-promotoria-descarta-acusacoes-de-sequestro-e-incendio-para-ajudar-decisao-do-juri\/"},"wordCount":422,"publisher":{"@id":"https:\/\/transamerica93.com.br\/home\/#organization"},"image":{"@id":"https:\/\/transamerica93.com.br\/home\/caso-diddy-promotoria-descarta-acusacoes-de-sequestro-e-incendio-para-ajudar-decisao-do-juri\/#primaryimage"},"thumbnailUrl":"https:\/\/transamerica93.com.br\/home\/wp-content\/uploads\/2025\/06\/Sem-titulo-12.png","articleSection":["M\u00fasica"],"inLanguage":"pt-BR"},{"@type":"WebPage","@id":"https:\/\/transamerica93.com.br\/home\/caso-diddy-promotoria-descarta-acusacoes-de-sequestro-e-incendio-para-ajudar-decisao-do-juri\/","url":"https:\/\/transamerica93.com.br\/home\/caso-diddy-promotoria-descarta-acusacoes-de-sequestro-e-incendio-para-ajudar-decisao-do-juri\/","name":"Caso Diddy: Promotoria descarta acusa\u00e7\u00f5es de sequestro e inc\u00eandio para ajudar decis\u00e3o do j\u00fari - Transam\u00e9rica Mococa 93,3","isPartOf":{"@id":"https:\/\/transamerica93.com.br\/home\/#website"},"primaryImageOfPage":{"@id":"https:\/\/transamerica93.com.br\/home\/caso-diddy-promotoria-descarta-acusacoes-de-sequestro-e-incendio-para-ajudar-decisao-do-juri\/#primaryimage"},"image":{"@id":"https:\/\/transamerica93.com.br\/home\/caso-diddy-promotoria-descarta-acusacoes-de-sequestro-e-incendio-para-ajudar-decisao-do-juri\/#primaryimage"},"thumbnailUrl":"https:\/\/transamerica93.com.br\/home\/wp-content\/uploads\/2025\/06\/Sem-titulo-12.png","datePublished":"2025-07-08T18:00:27+00:00","breadcrumb":{"@id":"https:\/\/transamerica93.com.br\/home\/caso-diddy-promotoria-descarta-acusacoes-de-sequestro-e-incendio-para-ajudar-decisao-do-juri\/#breadcrumb"},"inLanguage":"pt-BR","potentialAction":[{"@type":"ReadAction","target":["https:\/\/transamerica93.com.br\/home\/caso-diddy-promotoria-descarta-acusacoes-de-sequestro-e-incendio-para-ajudar-decisao-do-juri\/"]}]},{"@type":"ImageObject","inLanguage":"pt-BR","@id":"https:\/\/transamerica93.com.br\/home\/caso-diddy-promotoria-descarta-acusacoes-de-sequestro-e-incendio-para-ajudar-decisao-do-juri\/#primaryimage","url":"https:\/\/transamerica93.com.br\/home\/wp-content\/uploads\/2025\/06\/Sem-titulo-12.png","contentUrl":"https:\/\/transamerica93.com.br\/home\/wp-content\/uploads\/2025\/06\/Sem-titulo-12.png","width":1600,"height":900},{"@type":"BreadcrumbList","@id":"https:\/\/transamerica93.com.br\/home\/caso-diddy-promotoria-descarta-acusacoes-de-sequestro-e-incendio-para-ajudar-decisao-do-juri\/#breadcrumb","itemListElement":[{"@type":"ListItem","position":1,"name":"In\u00edcio","item":"https:\/\/transamerica93.com.br\/home\/"},{"@type":"ListItem","position":2,"name":"Caso Diddy: Promotoria descarta acusa\u00e7\u00f5es de sequestro e inc\u00eandio para ajudar decis\u00e3o do j\u00fari"}]},{"@type":"WebSite","@id":"https:\/\/transamerica93.com.br\/home\/#website","url":"https:\/\/transamerica93.com.br\/home\/","name":"Transam\u00e9rica Mococa 93,3","description":"","publisher":{"@id":"https:\/\/transamerica93.com.br\/home\/#organization"},"potentialAction":[{"@type":"SearchAction","target":{"@type":"EntryPoint","urlTemplate":"https:\/\/transamerica93.com.br\/home\/?s={search_term_string}"},"query-input":{"@type":"PropertyValueSpecification","valueRequired":true,"valueName":"search_term_string"}}],"inLanguage":"pt-BR"},{"@type":"Organization","@id":"https:\/\/transamerica93.com.br\/home\/#organization","name":"Transam\u00e9rica Mococa 93,3","url":"https:\/\/transamerica93.com.br\/home\/","logo":{"@type":"ImageObject","inLanguage":"pt-BR","@id":"https:\/\/transamerica93.com.br\/home\/#\/schema\/logo\/image\/","url":"https:\/\/transamerica93.com.br\/home\/wp-content\/uploads\/2023\/10\/logo2.png","contentUrl":"https:\/\/transamerica93.com.br\/home\/wp-content\/uploads\/2023\/10\/logo2.png","width":800,"height":500,"caption":"Transam\u00e9rica Mococa 93,3"},"image":{"@id":"https:\/\/transamerica93.com.br\/home\/#\/schema\/logo\/image\/"},"sameAs":["https:\/\/www.facebook.com\/transamericamococa","https:\/\/x.com\/transamerica933","https:\/\/www.instagram.com\/transamericamococa"]},{"@type":"Person","@id":"https:\/\/transamerica93.com.br\/home\/#\/schema\/person\/7fed7c99c0d4562efa8561bc0f543172","name":"Reda\u00e7\u00e3o","image":{"@type":"ImageObject","inLanguage":"pt-BR","@id":"https:\/\/secure.gravatar.com\/avatar\/1072c6b775fb02ef8506ce967551d95926669a6b7d2c2147b42eea4d7c68395e?s=96&d=mm&r=g","url":"https:\/\/secure.gravatar.com\/avatar\/1072c6b775fb02ef8506ce967551d95926669a6b7d2c2147b42eea4d7c68395e?s=96&d=mm&r=g","contentUrl":"https:\/\/secure.gravatar.com\/avatar\/1072c6b775fb02ef8506ce967551d95926669a6b7d2c2147b42eea4d7c68395e?s=96&d=mm&r=g","caption":"Reda\u00e7\u00e3o"},"sameAs":["https:\/\/transamerica93.com.br\/home"],"url":"https:\/\/transamerica93.com.br\/home\/author\/william\/"}]}},"_links":{"self":[{"href":"https:\/\/transamerica93.com.br\/home\/wp-json\/wp\/v2\/posts\/5855","targetHints":{"allow":["GET"]}}],"collection":[{"href":"https:\/\/transamerica93.com.br\/home\/wp-json\/wp\/v2\/posts"}],"about":[{"href":"https:\/\/transamerica93.com.br\/home\/wp-json\/wp\/v2\/types\/post"}],"author":[{"embeddable":true,"href":"https:\/\/transamerica93.com.br\/home\/wp-json\/wp\/v2\/users\/1"}],"replies":[{"embeddable":true,"href":"https:\/\/transamerica93.com.br\/home\/wp-json\/wp\/v2\/comments?post=5855"}],"version-history":[{"count":1,"href":"https:\/\/transamerica93.com.br\/home\/wp-json\/wp\/v2\/posts\/5855\/revisions"}],"predecessor-version":[{"id":5857,"href":"https:\/\/transamerica93.com.br\/home\/wp-json\/wp\/v2\/posts\/5855\/revisions\/5857"}],"wp:featuredmedia":[{"embeddable":true,"href":"https:\/\/transamerica93.com.br\/home\/wp-json\/wp\/v2\/media\/5856"}],"wp:attachment":[{"href":"https:\/\/transamerica93.com.br\/home\/wp-json\/wp\/v2\/media?parent=5855"}],"wp:term":[{"taxonomy":"category","embeddable":true,"href":"https:\/\/transamerica93.com.br\/home\/wp-json\/wp\/v2\/categories?post=5855"},{"taxonomy":"post_tag","embeddable":true,"href":"https:\/\/transamerica93.com.br\/home\/wp-json\/wp\/v2\/tags?post=5855"}],"curies":[{"name":"wp","href":"https:\/\/api.w.org\/{rel}","templated":true}]}}