{"id":5858,"date":"2025-07-09T15:00:49","date_gmt":"2025-07-09T18:00:49","guid":{"rendered":"https:\/\/transamerica93.com.br\/home\/?p=5858"},"modified":"2025-06-27T21:11:15","modified_gmt":"2025-06-28T00:11:15","slug":"casamento-de-amado-batista-chegou-ao-fim-veja-o-que-diz-a-esposa-do-cantor","status":"publish","type":"post","link":"https:\/\/transamerica93.com.br\/home\/casamento-de-amado-batista-chegou-ao-fim-veja-o-que-diz-a-esposa-do-cantor\/","title":{"rendered":"Casamento de Amado Batista chegou ao fim? Veja o que diz a esposa do cantor"},"content":{"rendered":"<h6 class=\"Assina\">Por Renata Nogueira<\/h6>\n<p>Uma fala de Amado Batista sobre estar solteiro em um show e a conta do Instagram fora do ar de esposa do cantor, C\u00e1lita Franciele, formaram a combina\u00e7\u00e3o perfeita para que os f\u00e3s do cantor desconfiassem que o casamento com a Miss Mato Grosso tivesse chegado ao fim ap\u00f3s apenas tr\u00eas meses.<\/p>\n<p>&#8220;Fiquei solteiro, sozinho de novo. T\u00e1 vendo? Dizem que vida de solteiro \u00e9 melhor que vida de casado. N\u00e3o sei. Quem t\u00e1 apaixonado n\u00e3o vai concordar com isso [\u2026] Se n\u00e3o for por amor eu n\u00e3o fico&#8221;, disse o cantor em cima do palco no Arrai\u00e1 do Povo, em Aracaju.<\/p>\n<p>Mas tudo n\u00e3o passou de um mal-entendido, segundo a assessoria do cantor. O trecho do show em que Amado fala sobre estar solteiro faz parte da introdu\u00e7\u00e3o da m\u00fasica\u00a0<i>Vida de Solteiro<\/i>, gravada por ele em 2022, dois anos antes de conhecer C\u00e1lita.<\/p>\n<p>O cantor de 74 anos se casou com a miss 50 anos mais nova em 15 de mar\u00e7o. A cerim\u00f4nia aconteceu na fazenda dele localizada em Cocalinho, no interior do Mato Grosso. O local \u00e9 avaliado em R$ 350 milh\u00f5es.<\/p>\n<p><b>Esposa nega separa\u00e7\u00e3o<\/b><\/p>\n<p>A equipe jur\u00eddica da esposa de Amado Batista emitiu uma nota negando a separa\u00e7\u00e3o. &#8220;A senhora C\u00e1lita Franciele foi surpreendida, na presente data, com a veicula\u00e7\u00e3o de not\u00edcias inver\u00eddicas que afirmam, de forma leviana, que ela estaria separada de fato de seu marido, o Sr. Amado Batista&#8221;, diz o texto.<\/p>\n<p>&#8220;Por meio de sua assessoria jur\u00eddica, a senhora C\u00e1lita nega categoricamente a exist\u00eancia de qualquer separa\u00e7\u00e3o, esclarecendo que tal informa\u00e7\u00e3o \u00e9 falsa e n\u00e3o possui qualquer respaldo na realidade dos fatos. Trata-se, portanto, de uma narrativa inventada, disseminada com o \u00fanico prop\u00f3sito de constranger o casal e gerar repercuss\u00e3o negativa.&#8221;<\/p>\n<p><b>Instagram fora do ar<\/b><\/p>\n<p>A equipe jur\u00eddica tamb\u00e9m esclareceu o fato de a conta de C\u00e1lita Franciele estar fora do ar no Instagram, que n\u00e3o teria nenhuma rela\u00e7\u00e3o com os boatos de separa\u00e7\u00e3o. Por enquanto, a esposa de Amado Batista est\u00e1 usando uma conta reserva para se comunicar com os seguidores.<\/p>\n<p>&#8220;Quanto \u00e0 sua aus\u00eancia nas redes sociais, em especial no Instagram, a assessoria esclarece que a conta da senhora C\u00e1lita foi temporariamente bloqueada pela pr\u00f3pria plataforma, por motivo ainda desconhecido. J\u00e1 est\u00e3o sendo avaliadas e ser\u00e3o adotadas as medidas judiciais cab\u00edveis para o imediato restabelecimento de seu acesso.&#8221;<\/p>\n<p>Em suas redes sociais, Amado Batista republicou v\u00eddeos do show em Aracaju e n\u00e3o deve se pronunciar sobre o mal-entendido em rela\u00e7\u00e3o \u00e0 vida pessoal, informou a assessoria de imprensa do cantor.<\/p>\n","protected":false},"excerpt":{"rendered":"<p>Por Renata Nogueira Uma fala de Amado Batista sobre estar solteiro em um show e a conta do Instagram fora do ar de esposa do cantor, C\u00e1lita Franciele, formaram a combina\u00e7\u00e3o perfeita para que os f\u00e3s do cantor desconfiassem que o casamento com a Miss Mato Grosso tivesse chegado ao fim ap\u00f3s apenas tr\u00eas meses. &hellip;<\/p>\n","protected":false},"author":1,"featured_media":5859,"comment_status":"closed","ping_status":"closed","sticky":false,"template":"","format":"standard","meta":{"footnotes":""},"categories":[25],"tags":[],"class_list":["post-5858","post","type-post","status-publish","format-standard","has-post-thumbnail","hentry","category-musica"],"yoast_head":"<!-- This site is optimized with the Yoast SEO plugin v27.4 - https:\/\/yoast.com\/product\/yoast-seo-wordpress\/ -->\n<title>Casamento de Amado Batista chegou ao fim? Veja o que diz a esposa do cantor - Transam\u00e9rica Mococa 93,3<\/title>\n<meta name=\"robots\" content=\"index, follow, max-snippet:-1, max-image-preview:large, max-video-preview:-1\" \/>\n<link rel=\"canonical\" href=\"https:\/\/transamerica93.com.br\/home\/casamento-de-amado-batista-chegou-ao-fim-veja-o-que-diz-a-esposa-do-cantor\/\" \/>\n<meta property=\"og:locale\" content=\"pt_BR\" \/>\n<meta property=\"og:type\" content=\"article\" \/>\n<meta property=\"og:title\" content=\"Casamento de Amado Batista chegou ao fim? Veja o que diz a esposa do cantor - Transam\u00e9rica Mococa 93,3\" \/>\n<meta property=\"og:description\" content=\"Por Renata Nogueira Uma fala de Amado Batista sobre estar solteiro em um show e a conta do Instagram fora do ar de esposa do cantor, C\u00e1lita Franciele, formaram a combina\u00e7\u00e3o perfeita para que os f\u00e3s do cantor desconfiassem que o casamento com a Miss Mato Grosso tivesse chegado ao fim ap\u00f3s apenas tr\u00eas meses. &hellip;\" \/>\n<meta property=\"og:url\" content=\"https:\/\/transamerica93.com.br\/home\/casamento-de-amado-batista-chegou-ao-fim-veja-o-que-diz-a-esposa-do-cantor\/\" \/>\n<meta property=\"og:site_name\" content=\"Transam\u00e9rica Mococa 93,3\" \/>\n<meta property=\"article:publisher\" content=\"https:\/\/www.facebook.com\/transamericamococa\" \/>\n<meta property=\"article:published_time\" content=\"2025-07-09T18:00:49+00:00\" \/>\n<meta property=\"og:image\" content=\"https:\/\/transamerica93.com.br\/home\/wp-content\/uploads\/2025\/06\/Sem-titulo-13.png\" \/>\n\t<meta property=\"og:image:width\" content=\"767\" \/>\n\t<meta property=\"og:image:height\" content=\"382\" \/>\n\t<meta property=\"og:image:type\" content=\"image\/png\" \/>\n<meta name=\"author\" content=\"Reda\u00e7\u00e3o\" \/>\n<meta name=\"twitter:card\" content=\"summary_large_image\" \/>\n<meta name=\"twitter:creator\" content=\"@transamerica933\" \/>\n<meta name=\"twitter:site\" content=\"@transamerica933\" \/>\n<meta name=\"twitter:label1\" content=\"Escrito por\" \/>\n\t<meta name=\"twitter:data1\" content=\"Reda\u00e7\u00e3o\" \/>\n\t<meta name=\"twitter:label2\" content=\"Est. tempo de leitura\" \/>\n\t<meta name=\"twitter:data2\" content=\"3 minutos\" \/>\n<script type=\"application\/ld+json\" class=\"yoast-schema-graph\">{\"@context\":\"https:\\\/\\\/schema.org\",\"@graph\":[{\"@type\":\"Article\",\"@id\":\"https:\\\/\\\/transamerica93.com.br\\\/home\\\/casamento-de-amado-batista-chegou-ao-fim-veja-o-que-diz-a-esposa-do-cantor\\\/#article\",\"isPartOf\":{\"@id\":\"https:\\\/\\\/transamerica93.com.br\\\/home\\\/casamento-de-amado-batista-chegou-ao-fim-veja-o-que-diz-a-esposa-do-cantor\\\/\"},\"author\":{\"name\":\"Reda\u00e7\u00e3o\",\"@id\":\"https:\\\/\\\/transamerica93.com.br\\\/home\\\/#\\\/schema\\\/person\\\/7fed7c99c0d4562efa8561bc0f543172\"},\"headline\":\"Casamento de Amado Batista chegou ao fim? Veja o que diz a esposa do cantor\",\"datePublished\":\"2025-07-09T18:00:49+00:00\",\"mainEntityOfPage\":{\"@id\":\"https:\\\/\\\/transamerica93.com.br\\\/home\\\/casamento-de-amado-batista-chegou-ao-fim-veja-o-que-diz-a-esposa-do-cantor\\\/\"},\"wordCount\":472,\"publisher\":{\"@id\":\"https:\\\/\\\/transamerica93.com.br\\\/home\\\/#organization\"},\"image\":{\"@id\":\"https:\\\/\\\/transamerica93.com.br\\\/home\\\/casamento-de-amado-batista-chegou-ao-fim-veja-o-que-diz-a-esposa-do-cantor\\\/#primaryimage\"},\"thumbnailUrl\":\"https:\\\/\\\/transamerica93.com.br\\\/home\\\/wp-content\\\/uploads\\\/2025\\\/06\\\/Sem-titulo-13.png\",\"articleSection\":[\"M\u00fasica\"],\"inLanguage\":\"pt-BR\"},{\"@type\":\"WebPage\",\"@id\":\"https:\\\/\\\/transamerica93.com.br\\\/home\\\/casamento-de-amado-batista-chegou-ao-fim-veja-o-que-diz-a-esposa-do-cantor\\\/\",\"url\":\"https:\\\/\\\/transamerica93.com.br\\\/home\\\/casamento-de-amado-batista-chegou-ao-fim-veja-o-que-diz-a-esposa-do-cantor\\\/\",\"name\":\"Casamento de Amado Batista chegou ao fim? Veja o que diz a esposa do cantor - Transam\u00e9rica Mococa 93,3\",\"isPartOf\":{\"@id\":\"https:\\\/\\\/transamerica93.com.br\\\/home\\\/#website\"},\"primaryImageOfPage\":{\"@id\":\"https:\\\/\\\/transamerica93.com.br\\\/home\\\/casamento-de-amado-batista-chegou-ao-fim-veja-o-que-diz-a-esposa-do-cantor\\\/#primaryimage\"},\"image\":{\"@id\":\"https:\\\/\\\/transamerica93.com.br\\\/home\\\/casamento-de-amado-batista-chegou-ao-fim-veja-o-que-diz-a-esposa-do-cantor\\\/#primaryimage\"},\"thumbnailUrl\":\"https:\\\/\\\/transamerica93.com.br\\\/home\\\/wp-content\\\/uploads\\\/2025\\\/06\\\/Sem-titulo-13.png\",\"datePublished\":\"2025-07-09T18:00:49+00:00\",\"breadcrumb\":{\"@id\":\"https:\\\/\\\/transamerica93.com.br\\\/home\\\/casamento-de-amado-batista-chegou-ao-fim-veja-o-que-diz-a-esposa-do-cantor\\\/#breadcrumb\"},\"inLanguage\":\"pt-BR\",\"potentialAction\":[{\"@type\":\"ReadAction\",\"target\":[\"https:\\\/\\\/transamerica93.com.br\\\/home\\\/casamento-de-amado-batista-chegou-ao-fim-veja-o-que-diz-a-esposa-do-cantor\\\/\"]}]},{\"@type\":\"ImageObject\",\"inLanguage\":\"pt-BR\",\"@id\":\"https:\\\/\\\/transamerica93.com.br\\\/home\\\/casamento-de-amado-batista-chegou-ao-fim-veja-o-que-diz-a-esposa-do-cantor\\\/#primaryimage\",\"url\":\"https:\\\/\\\/transamerica93.com.br\\\/home\\\/wp-content\\\/uploads\\\/2025\\\/06\\\/Sem-titulo-13.png\",\"contentUrl\":\"https:\\\/\\\/transamerica93.com.br\\\/home\\\/wp-content\\\/uploads\\\/2025\\\/06\\\/Sem-titulo-13.png\",\"width\":767,\"height\":382},{\"@type\":\"BreadcrumbList\",\"@id\":\"https:\\\/\\\/transamerica93.com.br\\\/home\\\/casamento-de-amado-batista-chegou-ao-fim-veja-o-que-diz-a-esposa-do-cantor\\\/#breadcrumb\",\"itemListElement\":[{\"@type\":\"ListItem\",\"position\":1,\"name\":\"In\u00edcio\",\"item\":\"https:\\\/\\\/transamerica93.com.br\\\/home\\\/\"},{\"@type\":\"ListItem\",\"position\":2,\"name\":\"Casamento de Amado Batista chegou ao fim? Veja o que diz a esposa do cantor\"}]},{\"@type\":\"WebSite\",\"@id\":\"https:\\\/\\\/transamerica93.com.br\\\/home\\\/#website\",\"url\":\"https:\\\/\\\/transamerica93.com.br\\\/home\\\/\",\"name\":\"Transam\u00e9rica Mococa 93,3\",\"description\":\"\",\"publisher\":{\"@id\":\"https:\\\/\\\/transamerica93.com.br\\\/home\\\/#organization\"},\"potentialAction\":[{\"@type\":\"SearchAction\",\"target\":{\"@type\":\"EntryPoint\",\"urlTemplate\":\"https:\\\/\\\/transamerica93.com.br\\\/home\\\/?s={search_term_string}\"},\"query-input\":{\"@type\":\"PropertyValueSpecification\",\"valueRequired\":true,\"valueName\":\"search_term_string\"}}],\"inLanguage\":\"pt-BR\"},{\"@type\":\"Organization\",\"@id\":\"https:\\\/\\\/transamerica93.com.br\\\/home\\\/#organization\",\"name\":\"Transam\u00e9rica Mococa 93,3\",\"url\":\"https:\\\/\\\/transamerica93.com.br\\\/home\\\/\",\"logo\":{\"@type\":\"ImageObject\",\"inLanguage\":\"pt-BR\",\"@id\":\"https:\\\/\\\/transamerica93.com.br\\\/home\\\/#\\\/schema\\\/logo\\\/image\\\/\",\"url\":\"https:\\\/\\\/transamerica93.com.br\\\/home\\\/wp-content\\\/uploads\\\/2023\\\/10\\\/logo2.png\",\"contentUrl\":\"https:\\\/\\\/transamerica93.com.br\\\/home\\\/wp-content\\\/uploads\\\/2023\\\/10\\\/logo2.png\",\"width\":800,\"height\":500,\"caption\":\"Transam\u00e9rica Mococa 93,3\"},\"image\":{\"@id\":\"https:\\\/\\\/transamerica93.com.br\\\/home\\\/#\\\/schema\\\/logo\\\/image\\\/\"},\"sameAs\":[\"https:\\\/\\\/www.facebook.com\\\/transamericamococa\",\"https:\\\/\\\/x.com\\\/transamerica933\",\"https:\\\/\\\/www.instagram.com\\\/transamericamococa\"]},{\"@type\":\"Person\",\"@id\":\"https:\\\/\\\/transamerica93.com.br\\\/home\\\/#\\\/schema\\\/person\\\/7fed7c99c0d4562efa8561bc0f543172\",\"name\":\"Reda\u00e7\u00e3o\",\"image\":{\"@type\":\"ImageObject\",\"inLanguage\":\"pt-BR\",\"@id\":\"https:\\\/\\\/secure.gravatar.com\\\/avatar\\\/1072c6b775fb02ef8506ce967551d95926669a6b7d2c2147b42eea4d7c68395e?s=96&d=mm&r=g\",\"url\":\"https:\\\/\\\/secure.gravatar.com\\\/avatar\\\/1072c6b775fb02ef8506ce967551d95926669a6b7d2c2147b42eea4d7c68395e?s=96&d=mm&r=g\",\"contentUrl\":\"https:\\\/\\\/secure.gravatar.com\\\/avatar\\\/1072c6b775fb02ef8506ce967551d95926669a6b7d2c2147b42eea4d7c68395e?s=96&d=mm&r=g\",\"caption\":\"Reda\u00e7\u00e3o\"},\"sameAs\":[\"https:\\\/\\\/transamerica93.com.br\\\/home\"],\"url\":\"https:\\\/\\\/transamerica93.com.br\\\/home\\\/author\\\/william\\\/\"}]}<\/script>\n<!-- \/ Yoast SEO plugin. -->","yoast_head_json":{"title":"Casamento de Amado Batista chegou ao fim? Veja o que diz a esposa do cantor - Transam\u00e9rica Mococa 93,3","robots":{"index":"index","follow":"follow","max-snippet":"max-snippet:-1","max-image-preview":"max-image-preview:large","max-video-preview":"max-video-preview:-1"},"canonical":"https:\/\/transamerica93.com.br\/home\/casamento-de-amado-batista-chegou-ao-fim-veja-o-que-diz-a-esposa-do-cantor\/","og_locale":"pt_BR","og_type":"article","og_title":"Casamento de Amado Batista chegou ao fim? Veja o que diz a esposa do cantor - Transam\u00e9rica Mococa 93,3","og_description":"Por Renata Nogueira Uma fala de Amado Batista sobre estar solteiro em um show e a conta do Instagram fora do ar de esposa do cantor, C\u00e1lita Franciele, formaram a combina\u00e7\u00e3o perfeita para que os f\u00e3s do cantor desconfiassem que o casamento com a Miss Mato Grosso tivesse chegado ao fim ap\u00f3s apenas tr\u00eas meses. &hellip;","og_url":"https:\/\/transamerica93.com.br\/home\/casamento-de-amado-batista-chegou-ao-fim-veja-o-que-diz-a-esposa-do-cantor\/","og_site_name":"Transam\u00e9rica Mococa 93,3","article_publisher":"https:\/\/www.facebook.com\/transamericamococa","article_published_time":"2025-07-09T18:00:49+00:00","og_image":[{"width":767,"height":382,"url":"https:\/\/transamerica93.com.br\/home\/wp-content\/uploads\/2025\/06\/Sem-titulo-13.png","type":"image\/png"}],"author":"Reda\u00e7\u00e3o","twitter_card":"summary_large_image","twitter_creator":"@transamerica933","twitter_site":"@transamerica933","twitter_misc":{"Escrito por":"Reda\u00e7\u00e3o","Est. tempo de leitura":"3 minutos"},"schema":{"@context":"https:\/\/schema.org","@graph":[{"@type":"Article","@id":"https:\/\/transamerica93.com.br\/home\/casamento-de-amado-batista-chegou-ao-fim-veja-o-que-diz-a-esposa-do-cantor\/#article","isPartOf":{"@id":"https:\/\/transamerica93.com.br\/home\/casamento-de-amado-batista-chegou-ao-fim-veja-o-que-diz-a-esposa-do-cantor\/"},"author":{"name":"Reda\u00e7\u00e3o","@id":"https:\/\/transamerica93.com.br\/home\/#\/schema\/person\/7fed7c99c0d4562efa8561bc0f543172"},"headline":"Casamento de Amado Batista chegou ao fim? Veja o que diz a esposa do cantor","datePublished":"2025-07-09T18:00:49+00:00","mainEntityOfPage":{"@id":"https:\/\/transamerica93.com.br\/home\/casamento-de-amado-batista-chegou-ao-fim-veja-o-que-diz-a-esposa-do-cantor\/"},"wordCount":472,"publisher":{"@id":"https:\/\/transamerica93.com.br\/home\/#organization"},"image":{"@id":"https:\/\/transamerica93.com.br\/home\/casamento-de-amado-batista-chegou-ao-fim-veja-o-que-diz-a-esposa-do-cantor\/#primaryimage"},"thumbnailUrl":"https:\/\/transamerica93.com.br\/home\/wp-content\/uploads\/2025\/06\/Sem-titulo-13.png","articleSection":["M\u00fasica"],"inLanguage":"pt-BR"},{"@type":"WebPage","@id":"https:\/\/transamerica93.com.br\/home\/casamento-de-amado-batista-chegou-ao-fim-veja-o-que-diz-a-esposa-do-cantor\/","url":"https:\/\/transamerica93.com.br\/home\/casamento-de-amado-batista-chegou-ao-fim-veja-o-que-diz-a-esposa-do-cantor\/","name":"Casamento de Amado Batista chegou ao fim? Veja o que diz a esposa do cantor - Transam\u00e9rica Mococa 93,3","isPartOf":{"@id":"https:\/\/transamerica93.com.br\/home\/#website"},"primaryImageOfPage":{"@id":"https:\/\/transamerica93.com.br\/home\/casamento-de-amado-batista-chegou-ao-fim-veja-o-que-diz-a-esposa-do-cantor\/#primaryimage"},"image":{"@id":"https:\/\/transamerica93.com.br\/home\/casamento-de-amado-batista-chegou-ao-fim-veja-o-que-diz-a-esposa-do-cantor\/#primaryimage"},"thumbnailUrl":"https:\/\/transamerica93.com.br\/home\/wp-content\/uploads\/2025\/06\/Sem-titulo-13.png","datePublished":"2025-07-09T18:00:49+00:00","breadcrumb":{"@id":"https:\/\/transamerica93.com.br\/home\/casamento-de-amado-batista-chegou-ao-fim-veja-o-que-diz-a-esposa-do-cantor\/#breadcrumb"},"inLanguage":"pt-BR","potentialAction":[{"@type":"ReadAction","target":["https:\/\/transamerica93.com.br\/home\/casamento-de-amado-batista-chegou-ao-fim-veja-o-que-diz-a-esposa-do-cantor\/"]}]},{"@type":"ImageObject","inLanguage":"pt-BR","@id":"https:\/\/transamerica93.com.br\/home\/casamento-de-amado-batista-chegou-ao-fim-veja-o-que-diz-a-esposa-do-cantor\/#primaryimage","url":"https:\/\/transamerica93.com.br\/home\/wp-content\/uploads\/2025\/06\/Sem-titulo-13.png","contentUrl":"https:\/\/transamerica93.com.br\/home\/wp-content\/uploads\/2025\/06\/Sem-titulo-13.png","width":767,"height":382},{"@type":"BreadcrumbList","@id":"https:\/\/transamerica93.com.br\/home\/casamento-de-amado-batista-chegou-ao-fim-veja-o-que-diz-a-esposa-do-cantor\/#breadcrumb","itemListElement":[{"@type":"ListItem","position":1,"name":"In\u00edcio","item":"https:\/\/transamerica93.com.br\/home\/"},{"@type":"ListItem","position":2,"name":"Casamento de Amado Batista chegou ao fim? Veja o que diz a esposa do cantor"}]},{"@type":"WebSite","@id":"https:\/\/transamerica93.com.br\/home\/#website","url":"https:\/\/transamerica93.com.br\/home\/","name":"Transam\u00e9rica Mococa 93,3","description":"","publisher":{"@id":"https:\/\/transamerica93.com.br\/home\/#organization"},"potentialAction":[{"@type":"SearchAction","target":{"@type":"EntryPoint","urlTemplate":"https:\/\/transamerica93.com.br\/home\/?s={search_term_string}"},"query-input":{"@type":"PropertyValueSpecification","valueRequired":true,"valueName":"search_term_string"}}],"inLanguage":"pt-BR"},{"@type":"Organization","@id":"https:\/\/transamerica93.com.br\/home\/#organization","name":"Transam\u00e9rica Mococa 93,3","url":"https:\/\/transamerica93.com.br\/home\/","logo":{"@type":"ImageObject","inLanguage":"pt-BR","@id":"https:\/\/transamerica93.com.br\/home\/#\/schema\/logo\/image\/","url":"https:\/\/transamerica93.com.br\/home\/wp-content\/uploads\/2023\/10\/logo2.png","contentUrl":"https:\/\/transamerica93.com.br\/home\/wp-content\/uploads\/2023\/10\/logo2.png","width":800,"height":500,"caption":"Transam\u00e9rica Mococa 93,3"},"image":{"@id":"https:\/\/transamerica93.com.br\/home\/#\/schema\/logo\/image\/"},"sameAs":["https:\/\/www.facebook.com\/transamericamococa","https:\/\/x.com\/transamerica933","https:\/\/www.instagram.com\/transamericamococa"]},{"@type":"Person","@id":"https:\/\/transamerica93.com.br\/home\/#\/schema\/person\/7fed7c99c0d4562efa8561bc0f543172","name":"Reda\u00e7\u00e3o","image":{"@type":"ImageObject","inLanguage":"pt-BR","@id":"https:\/\/secure.gravatar.com\/avatar\/1072c6b775fb02ef8506ce967551d95926669a6b7d2c2147b42eea4d7c68395e?s=96&d=mm&r=g","url":"https:\/\/secure.gravatar.com\/avatar\/1072c6b775fb02ef8506ce967551d95926669a6b7d2c2147b42eea4d7c68395e?s=96&d=mm&r=g","contentUrl":"https:\/\/secure.gravatar.com\/avatar\/1072c6b775fb02ef8506ce967551d95926669a6b7d2c2147b42eea4d7c68395e?s=96&d=mm&r=g","caption":"Reda\u00e7\u00e3o"},"sameAs":["https:\/\/transamerica93.com.br\/home"],"url":"https:\/\/transamerica93.com.br\/home\/author\/william\/"}]}},"_links":{"self":[{"href":"https:\/\/transamerica93.com.br\/home\/wp-json\/wp\/v2\/posts\/5858","targetHints":{"allow":["GET"]}}],"collection":[{"href":"https:\/\/transamerica93.com.br\/home\/wp-json\/wp\/v2\/posts"}],"about":[{"href":"https:\/\/transamerica93.com.br\/home\/wp-json\/wp\/v2\/types\/post"}],"author":[{"embeddable":true,"href":"https:\/\/transamerica93.com.br\/home\/wp-json\/wp\/v2\/users\/1"}],"replies":[{"embeddable":true,"href":"https:\/\/transamerica93.com.br\/home\/wp-json\/wp\/v2\/comments?post=5858"}],"version-history":[{"count":1,"href":"https:\/\/transamerica93.com.br\/home\/wp-json\/wp\/v2\/posts\/5858\/revisions"}],"predecessor-version":[{"id":5860,"href":"https:\/\/transamerica93.com.br\/home\/wp-json\/wp\/v2\/posts\/5858\/revisions\/5860"}],"wp:featuredmedia":[{"embeddable":true,"href":"https:\/\/transamerica93.com.br\/home\/wp-json\/wp\/v2\/media\/5859"}],"wp:attachment":[{"href":"https:\/\/transamerica93.com.br\/home\/wp-json\/wp\/v2\/media?parent=5858"}],"wp:term":[{"taxonomy":"category","embeddable":true,"href":"https:\/\/transamerica93.com.br\/home\/wp-json\/wp\/v2\/categories?post=5858"},{"taxonomy":"post_tag","embeddable":true,"href":"https:\/\/transamerica93.com.br\/home\/wp-json\/wp\/v2\/tags?post=5858"}],"curies":[{"name":"wp","href":"https:\/\/api.w.org\/{rel}","templated":true}]}}