{"id":5867,"date":"2025-07-08T18:00:44","date_gmt":"2025-07-08T21:00:44","guid":{"rendered":"https:\/\/transamerica93.com.br\/home\/?p=5867"},"modified":"2025-06-27T21:16:58","modified_gmt":"2025-06-28T00:16:58","slug":"leo-lins-ironiza-preta-gil-e-seu-cancer-durante-show-apos-condenacao-veja-o-que-ele-disse","status":"publish","type":"post","link":"https:\/\/transamerica93.com.br\/home\/leo-lins-ironiza-preta-gil-e-seu-cancer-durante-show-apos-condenacao-veja-o-que-ele-disse\/","title":{"rendered":"L\u00e9o Lins ironiza Preta Gil e seu c\u00e2ncer durante show ap\u00f3s condena\u00e7\u00e3o; veja o que ele disse"},"content":{"rendered":"<div id=\"Corpo\">Por Maria Fernanda Viana<\/p>\n<p>L\u00e9o Lins, humorista que foi condenado a oito anos e tr\u00eas meses de pris\u00e3o por &#8220;discursos preconceituosos contra diversos grupos minorit\u00e1rios&#8221; em uma apresenta\u00e7\u00e3o divulgada no Youtube, voltou aos palcos na \u00faltima quinta-feira, 19.<\/p>\n<p>Ele se apresentou no Teatro Gazeta, em S\u00e3o Paulo, e lotou o local com 720 pessoas.<\/p>\n<p>Segundo\u00a0<i>O Globo<\/i>, o humorista falou sobre alguns dos processos que fizeram com que ele fosse condenado e citou Preta Gil, que moveu uma a\u00e7\u00e3o contra ele em 2019, quando L\u00e9o Lins a comparou com uma &#8220;porca&#8221;.<\/p>\n<p>&#8220;A Preta Gil veio me processar por causa de uma piada de anos atr\u00e1s. Tr\u00eas meses depois que chegou o processo, ela apareceu com c\u00e2ncer. Bom, parece que Deus tem um favorito. Acho que ele gostou da piada. E pelo menos ela vai emagrecer&#8221;, disse ele, de acordo com o ve\u00edculo.<\/p>\n<p>A pedido de seus advogados, o humorista proibiu o uso de celulares, que foram lacrados no in\u00edcio da sess\u00e3o.<\/p>\n<p><b>Entenda o caso de L\u00e9o Lins<\/b><\/p>\n<p>O v\u00eddeo que gerou a condena\u00e7\u00e3o de L\u00e9o Lins, produzido em 2022, mostra o show &#8220;Pertubador&#8221; no qual o humorista fez uma s\u00e9rie de declara\u00e7\u00f5es contra negros, idosos, obesos, portadores de HIV, homossexuais, ind\u00edgenas, nordestinos, evang\u00e9licos, judeus e pessoas com defici\u00eancia.<\/p>\n<p>Em agosto de 2023, quando a veicula\u00e7\u00e3o no YouTube foi suspensa por decis\u00e3o judicial, a publica\u00e7\u00e3o tinha mais de tr\u00eas milh\u00f5es de visualiza\u00e7\u00f5es.<\/p>\n<p>A disponibiliza\u00e7\u00e3o do v\u00eddeo pela internet e a &#8220;grande quantidade de grupos sociais atingidos&#8221; foram fatores que a Justi\u00e7a Federal considerou para aumentar a pena aplicada ao comediante.<\/p>\n<p><i>*Estagi\u00e1ria sob supervis\u00e3o de Charlise Morais<\/i><\/div>\n","protected":false},"excerpt":{"rendered":"<p>Por Maria Fernanda Viana L\u00e9o Lins, humorista que foi condenado a oito anos e tr\u00eas meses de pris\u00e3o por &#8220;discursos preconceituosos contra diversos grupos minorit\u00e1rios&#8221; em uma apresenta\u00e7\u00e3o divulgada no Youtube, voltou aos palcos na \u00faltima quinta-feira, 19. Ele se apresentou no Teatro Gazeta, em S\u00e3o Paulo, e lotou o local com 720 pessoas. Segundo\u00a0O &hellip;<\/p>\n","protected":false},"author":1,"featured_media":5868,"comment_status":"closed","ping_status":"closed","sticky":false,"template":"","format":"standard","meta":{"footnotes":""},"categories":[24],"tags":[],"class_list":["post-5867","post","type-post","status-publish","format-standard","has-post-thumbnail","hentry","category-entretenimento"],"yoast_head":"<!-- This site is optimized with the Yoast SEO plugin v27.4 - https:\/\/yoast.com\/product\/yoast-seo-wordpress\/ -->\n<title>L\u00e9o Lins ironiza Preta Gil e seu c\u00e2ncer durante show ap\u00f3s condena\u00e7\u00e3o; veja o que ele disse - Transam\u00e9rica Mococa 93,3<\/title>\n<meta name=\"robots\" content=\"index, follow, max-snippet:-1, max-image-preview:large, max-video-preview:-1\" \/>\n<link rel=\"canonical\" href=\"https:\/\/transamerica93.com.br\/home\/leo-lins-ironiza-preta-gil-e-seu-cancer-durante-show-apos-condenacao-veja-o-que-ele-disse\/\" \/>\n<meta property=\"og:locale\" content=\"pt_BR\" \/>\n<meta property=\"og:type\" content=\"article\" \/>\n<meta property=\"og:title\" content=\"L\u00e9o Lins ironiza Preta Gil e seu c\u00e2ncer durante show ap\u00f3s condena\u00e7\u00e3o; veja o que ele disse - Transam\u00e9rica Mococa 93,3\" \/>\n<meta property=\"og:description\" content=\"Por Maria Fernanda Viana L\u00e9o Lins, humorista que foi condenado a oito anos e tr\u00eas meses de pris\u00e3o por &#8220;discursos preconceituosos contra diversos grupos minorit\u00e1rios&#8221; em uma apresenta\u00e7\u00e3o divulgada no Youtube, voltou aos palcos na \u00faltima quinta-feira, 19. Ele se apresentou no Teatro Gazeta, em S\u00e3o Paulo, e lotou o local com 720 pessoas. Segundo\u00a0O &hellip;\" \/>\n<meta property=\"og:url\" content=\"https:\/\/transamerica93.com.br\/home\/leo-lins-ironiza-preta-gil-e-seu-cancer-durante-show-apos-condenacao-veja-o-que-ele-disse\/\" \/>\n<meta property=\"og:site_name\" content=\"Transam\u00e9rica Mococa 93,3\" \/>\n<meta property=\"article:publisher\" content=\"https:\/\/www.facebook.com\/transamericamococa\" \/>\n<meta property=\"article:published_time\" content=\"2025-07-08T21:00:44+00:00\" \/>\n<meta property=\"og:image\" content=\"https:\/\/transamerica93.com.br\/home\/wp-content\/uploads\/2025\/06\/Sem-titulo-16.png\" \/>\n\t<meta property=\"og:image:width\" content=\"1200\" \/>\n\t<meta property=\"og:image:height\" content=\"630\" \/>\n\t<meta property=\"og:image:type\" content=\"image\/png\" \/>\n<meta name=\"author\" content=\"Reda\u00e7\u00e3o\" \/>\n<meta name=\"twitter:card\" content=\"summary_large_image\" \/>\n<meta name=\"twitter:creator\" content=\"@transamerica933\" \/>\n<meta name=\"twitter:site\" content=\"@transamerica933\" \/>\n<meta name=\"twitter:label1\" content=\"Escrito por\" \/>\n\t<meta name=\"twitter:data1\" content=\"Reda\u00e7\u00e3o\" \/>\n\t<meta name=\"twitter:label2\" content=\"Est. tempo de leitura\" \/>\n\t<meta name=\"twitter:data2\" content=\"2 minutos\" \/>\n<script type=\"application\/ld+json\" class=\"yoast-schema-graph\">{\"@context\":\"https:\\\/\\\/schema.org\",\"@graph\":[{\"@type\":\"Article\",\"@id\":\"https:\\\/\\\/transamerica93.com.br\\\/home\\\/leo-lins-ironiza-preta-gil-e-seu-cancer-durante-show-apos-condenacao-veja-o-que-ele-disse\\\/#article\",\"isPartOf\":{\"@id\":\"https:\\\/\\\/transamerica93.com.br\\\/home\\\/leo-lins-ironiza-preta-gil-e-seu-cancer-durante-show-apos-condenacao-veja-o-que-ele-disse\\\/\"},\"author\":{\"name\":\"Reda\u00e7\u00e3o\",\"@id\":\"https:\\\/\\\/transamerica93.com.br\\\/home\\\/#\\\/schema\\\/person\\\/7fed7c99c0d4562efa8561bc0f543172\"},\"headline\":\"L\u00e9o Lins ironiza Preta Gil e seu c\u00e2ncer durante show ap\u00f3s condena\u00e7\u00e3o; veja o que ele disse\",\"datePublished\":\"2025-07-08T21:00:44+00:00\",\"mainEntityOfPage\":{\"@id\":\"https:\\\/\\\/transamerica93.com.br\\\/home\\\/leo-lins-ironiza-preta-gil-e-seu-cancer-durante-show-apos-condenacao-veja-o-que-ele-disse\\\/\"},\"wordCount\":315,\"publisher\":{\"@id\":\"https:\\\/\\\/transamerica93.com.br\\\/home\\\/#organization\"},\"image\":{\"@id\":\"https:\\\/\\\/transamerica93.com.br\\\/home\\\/leo-lins-ironiza-preta-gil-e-seu-cancer-durante-show-apos-condenacao-veja-o-que-ele-disse\\\/#primaryimage\"},\"thumbnailUrl\":\"https:\\\/\\\/transamerica93.com.br\\\/home\\\/wp-content\\\/uploads\\\/2025\\\/06\\\/Sem-titulo-16.png\",\"articleSection\":[\"Entretenimento\"],\"inLanguage\":\"pt-BR\"},{\"@type\":\"WebPage\",\"@id\":\"https:\\\/\\\/transamerica93.com.br\\\/home\\\/leo-lins-ironiza-preta-gil-e-seu-cancer-durante-show-apos-condenacao-veja-o-que-ele-disse\\\/\",\"url\":\"https:\\\/\\\/transamerica93.com.br\\\/home\\\/leo-lins-ironiza-preta-gil-e-seu-cancer-durante-show-apos-condenacao-veja-o-que-ele-disse\\\/\",\"name\":\"L\u00e9o Lins ironiza Preta Gil e seu c\u00e2ncer durante show ap\u00f3s condena\u00e7\u00e3o; veja o que ele disse - Transam\u00e9rica Mococa 93,3\",\"isPartOf\":{\"@id\":\"https:\\\/\\\/transamerica93.com.br\\\/home\\\/#website\"},\"primaryImageOfPage\":{\"@id\":\"https:\\\/\\\/transamerica93.com.br\\\/home\\\/leo-lins-ironiza-preta-gil-e-seu-cancer-durante-show-apos-condenacao-veja-o-que-ele-disse\\\/#primaryimage\"},\"image\":{\"@id\":\"https:\\\/\\\/transamerica93.com.br\\\/home\\\/leo-lins-ironiza-preta-gil-e-seu-cancer-durante-show-apos-condenacao-veja-o-que-ele-disse\\\/#primaryimage\"},\"thumbnailUrl\":\"https:\\\/\\\/transamerica93.com.br\\\/home\\\/wp-content\\\/uploads\\\/2025\\\/06\\\/Sem-titulo-16.png\",\"datePublished\":\"2025-07-08T21:00:44+00:00\",\"breadcrumb\":{\"@id\":\"https:\\\/\\\/transamerica93.com.br\\\/home\\\/leo-lins-ironiza-preta-gil-e-seu-cancer-durante-show-apos-condenacao-veja-o-que-ele-disse\\\/#breadcrumb\"},\"inLanguage\":\"pt-BR\",\"potentialAction\":[{\"@type\":\"ReadAction\",\"target\":[\"https:\\\/\\\/transamerica93.com.br\\\/home\\\/leo-lins-ironiza-preta-gil-e-seu-cancer-durante-show-apos-condenacao-veja-o-que-ele-disse\\\/\"]}]},{\"@type\":\"ImageObject\",\"inLanguage\":\"pt-BR\",\"@id\":\"https:\\\/\\\/transamerica93.com.br\\\/home\\\/leo-lins-ironiza-preta-gil-e-seu-cancer-durante-show-apos-condenacao-veja-o-que-ele-disse\\\/#primaryimage\",\"url\":\"https:\\\/\\\/transamerica93.com.br\\\/home\\\/wp-content\\\/uploads\\\/2025\\\/06\\\/Sem-titulo-16.png\",\"contentUrl\":\"https:\\\/\\\/transamerica93.com.br\\\/home\\\/wp-content\\\/uploads\\\/2025\\\/06\\\/Sem-titulo-16.png\",\"width\":1200,\"height\":630},{\"@type\":\"BreadcrumbList\",\"@id\":\"https:\\\/\\\/transamerica93.com.br\\\/home\\\/leo-lins-ironiza-preta-gil-e-seu-cancer-durante-show-apos-condenacao-veja-o-que-ele-disse\\\/#breadcrumb\",\"itemListElement\":[{\"@type\":\"ListItem\",\"position\":1,\"name\":\"In\u00edcio\",\"item\":\"https:\\\/\\\/transamerica93.com.br\\\/home\\\/\"},{\"@type\":\"ListItem\",\"position\":2,\"name\":\"L\u00e9o Lins ironiza Preta Gil e seu c\u00e2ncer durante show ap\u00f3s condena\u00e7\u00e3o; veja o que ele disse\"}]},{\"@type\":\"WebSite\",\"@id\":\"https:\\\/\\\/transamerica93.com.br\\\/home\\\/#website\",\"url\":\"https:\\\/\\\/transamerica93.com.br\\\/home\\\/\",\"name\":\"Transam\u00e9rica Mococa 93,3\",\"description\":\"\",\"publisher\":{\"@id\":\"https:\\\/\\\/transamerica93.com.br\\\/home\\\/#organization\"},\"potentialAction\":[{\"@type\":\"SearchAction\",\"target\":{\"@type\":\"EntryPoint\",\"urlTemplate\":\"https:\\\/\\\/transamerica93.com.br\\\/home\\\/?s={search_term_string}\"},\"query-input\":{\"@type\":\"PropertyValueSpecification\",\"valueRequired\":true,\"valueName\":\"search_term_string\"}}],\"inLanguage\":\"pt-BR\"},{\"@type\":\"Organization\",\"@id\":\"https:\\\/\\\/transamerica93.com.br\\\/home\\\/#organization\",\"name\":\"Transam\u00e9rica Mococa 93,3\",\"url\":\"https:\\\/\\\/transamerica93.com.br\\\/home\\\/\",\"logo\":{\"@type\":\"ImageObject\",\"inLanguage\":\"pt-BR\",\"@id\":\"https:\\\/\\\/transamerica93.com.br\\\/home\\\/#\\\/schema\\\/logo\\\/image\\\/\",\"url\":\"https:\\\/\\\/transamerica93.com.br\\\/home\\\/wp-content\\\/uploads\\\/2023\\\/10\\\/logo2.png\",\"contentUrl\":\"https:\\\/\\\/transamerica93.com.br\\\/home\\\/wp-content\\\/uploads\\\/2023\\\/10\\\/logo2.png\",\"width\":800,\"height\":500,\"caption\":\"Transam\u00e9rica Mococa 93,3\"},\"image\":{\"@id\":\"https:\\\/\\\/transamerica93.com.br\\\/home\\\/#\\\/schema\\\/logo\\\/image\\\/\"},\"sameAs\":[\"https:\\\/\\\/www.facebook.com\\\/transamericamococa\",\"https:\\\/\\\/x.com\\\/transamerica933\",\"https:\\\/\\\/www.instagram.com\\\/transamericamococa\"]},{\"@type\":\"Person\",\"@id\":\"https:\\\/\\\/transamerica93.com.br\\\/home\\\/#\\\/schema\\\/person\\\/7fed7c99c0d4562efa8561bc0f543172\",\"name\":\"Reda\u00e7\u00e3o\",\"image\":{\"@type\":\"ImageObject\",\"inLanguage\":\"pt-BR\",\"@id\":\"https:\\\/\\\/secure.gravatar.com\\\/avatar\\\/1072c6b775fb02ef8506ce967551d95926669a6b7d2c2147b42eea4d7c68395e?s=96&d=mm&r=g\",\"url\":\"https:\\\/\\\/secure.gravatar.com\\\/avatar\\\/1072c6b775fb02ef8506ce967551d95926669a6b7d2c2147b42eea4d7c68395e?s=96&d=mm&r=g\",\"contentUrl\":\"https:\\\/\\\/secure.gravatar.com\\\/avatar\\\/1072c6b775fb02ef8506ce967551d95926669a6b7d2c2147b42eea4d7c68395e?s=96&d=mm&r=g\",\"caption\":\"Reda\u00e7\u00e3o\"},\"sameAs\":[\"https:\\\/\\\/transamerica93.com.br\\\/home\"],\"url\":\"https:\\\/\\\/transamerica93.com.br\\\/home\\\/author\\\/william\\\/\"}]}<\/script>\n<!-- \/ Yoast SEO plugin. -->","yoast_head_json":{"title":"L\u00e9o Lins ironiza Preta Gil e seu c\u00e2ncer durante show ap\u00f3s condena\u00e7\u00e3o; veja o que ele disse - Transam\u00e9rica Mococa 93,3","robots":{"index":"index","follow":"follow","max-snippet":"max-snippet:-1","max-image-preview":"max-image-preview:large","max-video-preview":"max-video-preview:-1"},"canonical":"https:\/\/transamerica93.com.br\/home\/leo-lins-ironiza-preta-gil-e-seu-cancer-durante-show-apos-condenacao-veja-o-que-ele-disse\/","og_locale":"pt_BR","og_type":"article","og_title":"L\u00e9o Lins ironiza Preta Gil e seu c\u00e2ncer durante show ap\u00f3s condena\u00e7\u00e3o; veja o que ele disse - Transam\u00e9rica Mococa 93,3","og_description":"Por Maria Fernanda Viana L\u00e9o Lins, humorista que foi condenado a oito anos e tr\u00eas meses de pris\u00e3o por &#8220;discursos preconceituosos contra diversos grupos minorit\u00e1rios&#8221; em uma apresenta\u00e7\u00e3o divulgada no Youtube, voltou aos palcos na \u00faltima quinta-feira, 19. Ele se apresentou no Teatro Gazeta, em S\u00e3o Paulo, e lotou o local com 720 pessoas. Segundo\u00a0O &hellip;","og_url":"https:\/\/transamerica93.com.br\/home\/leo-lins-ironiza-preta-gil-e-seu-cancer-durante-show-apos-condenacao-veja-o-que-ele-disse\/","og_site_name":"Transam\u00e9rica Mococa 93,3","article_publisher":"https:\/\/www.facebook.com\/transamericamococa","article_published_time":"2025-07-08T21:00:44+00:00","og_image":[{"width":1200,"height":630,"url":"https:\/\/transamerica93.com.br\/home\/wp-content\/uploads\/2025\/06\/Sem-titulo-16.png","type":"image\/png"}],"author":"Reda\u00e7\u00e3o","twitter_card":"summary_large_image","twitter_creator":"@transamerica933","twitter_site":"@transamerica933","twitter_misc":{"Escrito por":"Reda\u00e7\u00e3o","Est. tempo de leitura":"2 minutos"},"schema":{"@context":"https:\/\/schema.org","@graph":[{"@type":"Article","@id":"https:\/\/transamerica93.com.br\/home\/leo-lins-ironiza-preta-gil-e-seu-cancer-durante-show-apos-condenacao-veja-o-que-ele-disse\/#article","isPartOf":{"@id":"https:\/\/transamerica93.com.br\/home\/leo-lins-ironiza-preta-gil-e-seu-cancer-durante-show-apos-condenacao-veja-o-que-ele-disse\/"},"author":{"name":"Reda\u00e7\u00e3o","@id":"https:\/\/transamerica93.com.br\/home\/#\/schema\/person\/7fed7c99c0d4562efa8561bc0f543172"},"headline":"L\u00e9o Lins ironiza Preta Gil e seu c\u00e2ncer durante show ap\u00f3s condena\u00e7\u00e3o; veja o que ele disse","datePublished":"2025-07-08T21:00:44+00:00","mainEntityOfPage":{"@id":"https:\/\/transamerica93.com.br\/home\/leo-lins-ironiza-preta-gil-e-seu-cancer-durante-show-apos-condenacao-veja-o-que-ele-disse\/"},"wordCount":315,"publisher":{"@id":"https:\/\/transamerica93.com.br\/home\/#organization"},"image":{"@id":"https:\/\/transamerica93.com.br\/home\/leo-lins-ironiza-preta-gil-e-seu-cancer-durante-show-apos-condenacao-veja-o-que-ele-disse\/#primaryimage"},"thumbnailUrl":"https:\/\/transamerica93.com.br\/home\/wp-content\/uploads\/2025\/06\/Sem-titulo-16.png","articleSection":["Entretenimento"],"inLanguage":"pt-BR"},{"@type":"WebPage","@id":"https:\/\/transamerica93.com.br\/home\/leo-lins-ironiza-preta-gil-e-seu-cancer-durante-show-apos-condenacao-veja-o-que-ele-disse\/","url":"https:\/\/transamerica93.com.br\/home\/leo-lins-ironiza-preta-gil-e-seu-cancer-durante-show-apos-condenacao-veja-o-que-ele-disse\/","name":"L\u00e9o Lins ironiza Preta Gil e seu c\u00e2ncer durante show ap\u00f3s condena\u00e7\u00e3o; veja o que ele disse - Transam\u00e9rica Mococa 93,3","isPartOf":{"@id":"https:\/\/transamerica93.com.br\/home\/#website"},"primaryImageOfPage":{"@id":"https:\/\/transamerica93.com.br\/home\/leo-lins-ironiza-preta-gil-e-seu-cancer-durante-show-apos-condenacao-veja-o-que-ele-disse\/#primaryimage"},"image":{"@id":"https:\/\/transamerica93.com.br\/home\/leo-lins-ironiza-preta-gil-e-seu-cancer-durante-show-apos-condenacao-veja-o-que-ele-disse\/#primaryimage"},"thumbnailUrl":"https:\/\/transamerica93.com.br\/home\/wp-content\/uploads\/2025\/06\/Sem-titulo-16.png","datePublished":"2025-07-08T21:00:44+00:00","breadcrumb":{"@id":"https:\/\/transamerica93.com.br\/home\/leo-lins-ironiza-preta-gil-e-seu-cancer-durante-show-apos-condenacao-veja-o-que-ele-disse\/#breadcrumb"},"inLanguage":"pt-BR","potentialAction":[{"@type":"ReadAction","target":["https:\/\/transamerica93.com.br\/home\/leo-lins-ironiza-preta-gil-e-seu-cancer-durante-show-apos-condenacao-veja-o-que-ele-disse\/"]}]},{"@type":"ImageObject","inLanguage":"pt-BR","@id":"https:\/\/transamerica93.com.br\/home\/leo-lins-ironiza-preta-gil-e-seu-cancer-durante-show-apos-condenacao-veja-o-que-ele-disse\/#primaryimage","url":"https:\/\/transamerica93.com.br\/home\/wp-content\/uploads\/2025\/06\/Sem-titulo-16.png","contentUrl":"https:\/\/transamerica93.com.br\/home\/wp-content\/uploads\/2025\/06\/Sem-titulo-16.png","width":1200,"height":630},{"@type":"BreadcrumbList","@id":"https:\/\/transamerica93.com.br\/home\/leo-lins-ironiza-preta-gil-e-seu-cancer-durante-show-apos-condenacao-veja-o-que-ele-disse\/#breadcrumb","itemListElement":[{"@type":"ListItem","position":1,"name":"In\u00edcio","item":"https:\/\/transamerica93.com.br\/home\/"},{"@type":"ListItem","position":2,"name":"L\u00e9o Lins ironiza Preta Gil e seu c\u00e2ncer durante show ap\u00f3s condena\u00e7\u00e3o; veja o que ele disse"}]},{"@type":"WebSite","@id":"https:\/\/transamerica93.com.br\/home\/#website","url":"https:\/\/transamerica93.com.br\/home\/","name":"Transam\u00e9rica Mococa 93,3","description":"","publisher":{"@id":"https:\/\/transamerica93.com.br\/home\/#organization"},"potentialAction":[{"@type":"SearchAction","target":{"@type":"EntryPoint","urlTemplate":"https:\/\/transamerica93.com.br\/home\/?s={search_term_string}"},"query-input":{"@type":"PropertyValueSpecification","valueRequired":true,"valueName":"search_term_string"}}],"inLanguage":"pt-BR"},{"@type":"Organization","@id":"https:\/\/transamerica93.com.br\/home\/#organization","name":"Transam\u00e9rica Mococa 93,3","url":"https:\/\/transamerica93.com.br\/home\/","logo":{"@type":"ImageObject","inLanguage":"pt-BR","@id":"https:\/\/transamerica93.com.br\/home\/#\/schema\/logo\/image\/","url":"https:\/\/transamerica93.com.br\/home\/wp-content\/uploads\/2023\/10\/logo2.png","contentUrl":"https:\/\/transamerica93.com.br\/home\/wp-content\/uploads\/2023\/10\/logo2.png","width":800,"height":500,"caption":"Transam\u00e9rica Mococa 93,3"},"image":{"@id":"https:\/\/transamerica93.com.br\/home\/#\/schema\/logo\/image\/"},"sameAs":["https:\/\/www.facebook.com\/transamericamococa","https:\/\/x.com\/transamerica933","https:\/\/www.instagram.com\/transamericamococa"]},{"@type":"Person","@id":"https:\/\/transamerica93.com.br\/home\/#\/schema\/person\/7fed7c99c0d4562efa8561bc0f543172","name":"Reda\u00e7\u00e3o","image":{"@type":"ImageObject","inLanguage":"pt-BR","@id":"https:\/\/secure.gravatar.com\/avatar\/1072c6b775fb02ef8506ce967551d95926669a6b7d2c2147b42eea4d7c68395e?s=96&d=mm&r=g","url":"https:\/\/secure.gravatar.com\/avatar\/1072c6b775fb02ef8506ce967551d95926669a6b7d2c2147b42eea4d7c68395e?s=96&d=mm&r=g","contentUrl":"https:\/\/secure.gravatar.com\/avatar\/1072c6b775fb02ef8506ce967551d95926669a6b7d2c2147b42eea4d7c68395e?s=96&d=mm&r=g","caption":"Reda\u00e7\u00e3o"},"sameAs":["https:\/\/transamerica93.com.br\/home"],"url":"https:\/\/transamerica93.com.br\/home\/author\/william\/"}]}},"_links":{"self":[{"href":"https:\/\/transamerica93.com.br\/home\/wp-json\/wp\/v2\/posts\/5867","targetHints":{"allow":["GET"]}}],"collection":[{"href":"https:\/\/transamerica93.com.br\/home\/wp-json\/wp\/v2\/posts"}],"about":[{"href":"https:\/\/transamerica93.com.br\/home\/wp-json\/wp\/v2\/types\/post"}],"author":[{"embeddable":true,"href":"https:\/\/transamerica93.com.br\/home\/wp-json\/wp\/v2\/users\/1"}],"replies":[{"embeddable":true,"href":"https:\/\/transamerica93.com.br\/home\/wp-json\/wp\/v2\/comments?post=5867"}],"version-history":[{"count":1,"href":"https:\/\/transamerica93.com.br\/home\/wp-json\/wp\/v2\/posts\/5867\/revisions"}],"predecessor-version":[{"id":5869,"href":"https:\/\/transamerica93.com.br\/home\/wp-json\/wp\/v2\/posts\/5867\/revisions\/5869"}],"wp:featuredmedia":[{"embeddable":true,"href":"https:\/\/transamerica93.com.br\/home\/wp-json\/wp\/v2\/media\/5868"}],"wp:attachment":[{"href":"https:\/\/transamerica93.com.br\/home\/wp-json\/wp\/v2\/media?parent=5867"}],"wp:term":[{"taxonomy":"category","embeddable":true,"href":"https:\/\/transamerica93.com.br\/home\/wp-json\/wp\/v2\/categories?post=5867"},{"taxonomy":"post_tag","embeddable":true,"href":"https:\/\/transamerica93.com.br\/home\/wp-json\/wp\/v2\/tags?post=5867"}],"curies":[{"name":"wp","href":"https:\/\/api.w.org\/{rel}","templated":true}]}}