{"id":5870,"date":"2025-07-09T18:00:07","date_gmt":"2025-07-09T21:00:07","guid":{"rendered":"https:\/\/transamerica93.com.br\/home\/?p=5870"},"modified":"2025-06-27T21:18:33","modified_gmt":"2025-06-28T00:18:33","slug":"fernanda-torres-e-convidada-para-ser-membro-da-academia-do-oscar","status":"publish","type":"post","link":"https:\/\/transamerica93.com.br\/home\/fernanda-torres-e-convidada-para-ser-membro-da-academia-do-oscar\/","title":{"rendered":"Fernanda Torres \u00e9 convidada para ser membro da Academia do Oscar"},"content":{"rendered":"<div id=\"Corpo\">\n<h6 class=\"Assina\">Por Renata Nogueira<\/h6>\n<p>A Academia de Artes e Ci\u00eancias Cinematogr\u00e1ficas, que promove o Oscar, divulgou nesta quinta-feira, 26, uma lista com 534 artistas e executivos da ind\u00fastria convidados para se juntarem \u00e0 institui\u00e7\u00e3o. Entre eles est\u00e1 Fernanda Torres, que neste ano concorreu ao Oscar de melhor atriz por seu trabalho em\u00a0<i>Ainda Estou Aqui<\/i>, vencedor na categoria de Melhor Filme Internacional.<\/p>\n<p>&#8220;Estamos muito felizes em convidar esta respeitada classe de artistas, tecn\u00f3logos e profissionais para se juntar \u00e0 Academia&#8221;, diz o comunicado oficial assinado pelo CEO da Academia, Bill Kramer, e pela presidente, Janet Yang. &#8220;Por meio de seu compromisso com a produ\u00e7\u00e3o cinematogr\u00e1fica e com a ind\u00fastria cinematogr\u00e1fica em geral, esses indiv\u00edduos excepcionalmente talentosos fizeram contribui\u00e7\u00f5es indel\u00e9veis para a nossa comunidade cinematogr\u00e1fica global.&#8221;<\/p>\n<p>Al\u00e9m de Fernanda Torres, outros nove brasileiros aparecem na lista: os diretores Daniel Filho, Gabriel Mascaro, Daniela Thomas e Eliza Capai e a executiva Giselle Abbud Manzur.<\/p>\n<p>A produtora Maria Carlota Bruno, vencedora do Oscar por\u00a0<i>Ainda Estou Aqui<\/i>, tamb\u00e9m est\u00e1 na lista de convidados a integrar a Academia, assim como Carlos Conti, designer de produ\u00e7\u00e3o e Murilo Hauser e Heitor Lorega, roteiristas do filme brasileiro premiado<\/p>\n<p><b>Veja a lista de brasileiros convidados para a Academia do Oscar:<\/b><\/p>\n<p>Fernanda Torres, atriz<\/p>\n<p>Daniel Filho, diretor<\/p>\n<p>Gabriel Mascaro, diretor<\/p>\n<p>Daniela Thomas, diretora<\/p>\n<p>Eliza Capai, diretora<\/p>\n<p>Giselle Abbud Manzur, executiva<\/p>\n<p>Maria Carlota Bruno, produtora<\/p>\n<p>Carlos Conti, designer de produ\u00e7\u00e3o<\/p>\n<p>Murilo Hauser, roteirista<\/p>\n<p>Heitor Lorega, roteirista<\/p><\/div>\n","protected":false},"excerpt":{"rendered":"<p>Por Renata Nogueira A Academia de Artes e Ci\u00eancias Cinematogr\u00e1ficas, que promove o Oscar, divulgou nesta quinta-feira, 26, uma lista com 534 artistas e executivos da ind\u00fastria convidados para se juntarem \u00e0 institui\u00e7\u00e3o. Entre eles est\u00e1 Fernanda Torres, que neste ano concorreu ao Oscar de melhor atriz por seu trabalho em\u00a0Ainda Estou Aqui, vencedor na &hellip;<\/p>\n","protected":false},"author":1,"featured_media":5871,"comment_status":"closed","ping_status":"closed","sticky":false,"template":"","format":"standard","meta":{"footnotes":""},"categories":[24],"tags":[],"class_list":["post-5870","post","type-post","status-publish","format-standard","has-post-thumbnail","hentry","category-entretenimento"],"yoast_head":"<!-- This site is optimized with the Yoast SEO plugin v27.4 - https:\/\/yoast.com\/product\/yoast-seo-wordpress\/ -->\n<title>Fernanda Torres \u00e9 convidada para ser membro da Academia do Oscar - Transam\u00e9rica Mococa 93,3<\/title>\n<meta name=\"robots\" content=\"index, follow, max-snippet:-1, max-image-preview:large, max-video-preview:-1\" \/>\n<link rel=\"canonical\" href=\"https:\/\/transamerica93.com.br\/home\/fernanda-torres-e-convidada-para-ser-membro-da-academia-do-oscar\/\" \/>\n<meta property=\"og:locale\" content=\"pt_BR\" \/>\n<meta property=\"og:type\" content=\"article\" \/>\n<meta property=\"og:title\" content=\"Fernanda Torres \u00e9 convidada para ser membro da Academia do Oscar - Transam\u00e9rica Mococa 93,3\" \/>\n<meta property=\"og:description\" content=\"Por Renata Nogueira A Academia de Artes e Ci\u00eancias Cinematogr\u00e1ficas, que promove o Oscar, divulgou nesta quinta-feira, 26, uma lista com 534 artistas e executivos da ind\u00fastria convidados para se juntarem \u00e0 institui\u00e7\u00e3o. Entre eles est\u00e1 Fernanda Torres, que neste ano concorreu ao Oscar de melhor atriz por seu trabalho em\u00a0Ainda Estou Aqui, vencedor na &hellip;\" \/>\n<meta property=\"og:url\" content=\"https:\/\/transamerica93.com.br\/home\/fernanda-torres-e-convidada-para-ser-membro-da-academia-do-oscar\/\" \/>\n<meta property=\"og:site_name\" content=\"Transam\u00e9rica Mococa 93,3\" \/>\n<meta property=\"article:publisher\" content=\"https:\/\/www.facebook.com\/transamericamococa\" \/>\n<meta property=\"article:published_time\" content=\"2025-07-09T21:00:07+00:00\" \/>\n<meta property=\"og:image\" content=\"https:\/\/transamerica93.com.br\/home\/wp-content\/uploads\/2025\/06\/Sem-titulo-17.png\" \/>\n\t<meta property=\"og:image:width\" content=\"1920\" \/>\n\t<meta property=\"og:image:height\" content=\"1008\" \/>\n\t<meta property=\"og:image:type\" content=\"image\/png\" \/>\n<meta name=\"author\" content=\"Reda\u00e7\u00e3o\" \/>\n<meta name=\"twitter:card\" content=\"summary_large_image\" \/>\n<meta name=\"twitter:creator\" content=\"@transamerica933\" \/>\n<meta name=\"twitter:site\" content=\"@transamerica933\" \/>\n<meta name=\"twitter:label1\" content=\"Escrito por\" \/>\n\t<meta name=\"twitter:data1\" content=\"Reda\u00e7\u00e3o\" \/>\n\t<meta name=\"twitter:label2\" content=\"Est. tempo de leitura\" \/>\n\t<meta name=\"twitter:data2\" content=\"2 minutos\" \/>\n<script type=\"application\/ld+json\" class=\"yoast-schema-graph\">{\"@context\":\"https:\\\/\\\/schema.org\",\"@graph\":[{\"@type\":\"Article\",\"@id\":\"https:\\\/\\\/transamerica93.com.br\\\/home\\\/fernanda-torres-e-convidada-para-ser-membro-da-academia-do-oscar\\\/#article\",\"isPartOf\":{\"@id\":\"https:\\\/\\\/transamerica93.com.br\\\/home\\\/fernanda-torres-e-convidada-para-ser-membro-da-academia-do-oscar\\\/\"},\"author\":{\"name\":\"Reda\u00e7\u00e3o\",\"@id\":\"https:\\\/\\\/transamerica93.com.br\\\/home\\\/#\\\/schema\\\/person\\\/7fed7c99c0d4562efa8561bc0f543172\"},\"headline\":\"Fernanda Torres \u00e9 convidada para ser membro da Academia do Oscar\",\"datePublished\":\"2025-07-09T21:00:07+00:00\",\"mainEntityOfPage\":{\"@id\":\"https:\\\/\\\/transamerica93.com.br\\\/home\\\/fernanda-torres-e-convidada-para-ser-membro-da-academia-do-oscar\\\/\"},\"wordCount\":259,\"publisher\":{\"@id\":\"https:\\\/\\\/transamerica93.com.br\\\/home\\\/#organization\"},\"image\":{\"@id\":\"https:\\\/\\\/transamerica93.com.br\\\/home\\\/fernanda-torres-e-convidada-para-ser-membro-da-academia-do-oscar\\\/#primaryimage\"},\"thumbnailUrl\":\"https:\\\/\\\/transamerica93.com.br\\\/home\\\/wp-content\\\/uploads\\\/2025\\\/06\\\/Sem-titulo-17.png\",\"articleSection\":[\"Entretenimento\"],\"inLanguage\":\"pt-BR\"},{\"@type\":\"WebPage\",\"@id\":\"https:\\\/\\\/transamerica93.com.br\\\/home\\\/fernanda-torres-e-convidada-para-ser-membro-da-academia-do-oscar\\\/\",\"url\":\"https:\\\/\\\/transamerica93.com.br\\\/home\\\/fernanda-torres-e-convidada-para-ser-membro-da-academia-do-oscar\\\/\",\"name\":\"Fernanda Torres \u00e9 convidada para ser membro da Academia do Oscar - Transam\u00e9rica Mococa 93,3\",\"isPartOf\":{\"@id\":\"https:\\\/\\\/transamerica93.com.br\\\/home\\\/#website\"},\"primaryImageOfPage\":{\"@id\":\"https:\\\/\\\/transamerica93.com.br\\\/home\\\/fernanda-torres-e-convidada-para-ser-membro-da-academia-do-oscar\\\/#primaryimage\"},\"image\":{\"@id\":\"https:\\\/\\\/transamerica93.com.br\\\/home\\\/fernanda-torres-e-convidada-para-ser-membro-da-academia-do-oscar\\\/#primaryimage\"},\"thumbnailUrl\":\"https:\\\/\\\/transamerica93.com.br\\\/home\\\/wp-content\\\/uploads\\\/2025\\\/06\\\/Sem-titulo-17.png\",\"datePublished\":\"2025-07-09T21:00:07+00:00\",\"breadcrumb\":{\"@id\":\"https:\\\/\\\/transamerica93.com.br\\\/home\\\/fernanda-torres-e-convidada-para-ser-membro-da-academia-do-oscar\\\/#breadcrumb\"},\"inLanguage\":\"pt-BR\",\"potentialAction\":[{\"@type\":\"ReadAction\",\"target\":[\"https:\\\/\\\/transamerica93.com.br\\\/home\\\/fernanda-torres-e-convidada-para-ser-membro-da-academia-do-oscar\\\/\"]}]},{\"@type\":\"ImageObject\",\"inLanguage\":\"pt-BR\",\"@id\":\"https:\\\/\\\/transamerica93.com.br\\\/home\\\/fernanda-torres-e-convidada-para-ser-membro-da-academia-do-oscar\\\/#primaryimage\",\"url\":\"https:\\\/\\\/transamerica93.com.br\\\/home\\\/wp-content\\\/uploads\\\/2025\\\/06\\\/Sem-titulo-17.png\",\"contentUrl\":\"https:\\\/\\\/transamerica93.com.br\\\/home\\\/wp-content\\\/uploads\\\/2025\\\/06\\\/Sem-titulo-17.png\",\"width\":1920,\"height\":1008},{\"@type\":\"BreadcrumbList\",\"@id\":\"https:\\\/\\\/transamerica93.com.br\\\/home\\\/fernanda-torres-e-convidada-para-ser-membro-da-academia-do-oscar\\\/#breadcrumb\",\"itemListElement\":[{\"@type\":\"ListItem\",\"position\":1,\"name\":\"In\u00edcio\",\"item\":\"https:\\\/\\\/transamerica93.com.br\\\/home\\\/\"},{\"@type\":\"ListItem\",\"position\":2,\"name\":\"Fernanda Torres \u00e9 convidada para ser membro da Academia do Oscar\"}]},{\"@type\":\"WebSite\",\"@id\":\"https:\\\/\\\/transamerica93.com.br\\\/home\\\/#website\",\"url\":\"https:\\\/\\\/transamerica93.com.br\\\/home\\\/\",\"name\":\"Transam\u00e9rica Mococa 93,3\",\"description\":\"\",\"publisher\":{\"@id\":\"https:\\\/\\\/transamerica93.com.br\\\/home\\\/#organization\"},\"potentialAction\":[{\"@type\":\"SearchAction\",\"target\":{\"@type\":\"EntryPoint\",\"urlTemplate\":\"https:\\\/\\\/transamerica93.com.br\\\/home\\\/?s={search_term_string}\"},\"query-input\":{\"@type\":\"PropertyValueSpecification\",\"valueRequired\":true,\"valueName\":\"search_term_string\"}}],\"inLanguage\":\"pt-BR\"},{\"@type\":\"Organization\",\"@id\":\"https:\\\/\\\/transamerica93.com.br\\\/home\\\/#organization\",\"name\":\"Transam\u00e9rica Mococa 93,3\",\"url\":\"https:\\\/\\\/transamerica93.com.br\\\/home\\\/\",\"logo\":{\"@type\":\"ImageObject\",\"inLanguage\":\"pt-BR\",\"@id\":\"https:\\\/\\\/transamerica93.com.br\\\/home\\\/#\\\/schema\\\/logo\\\/image\\\/\",\"url\":\"https:\\\/\\\/transamerica93.com.br\\\/home\\\/wp-content\\\/uploads\\\/2023\\\/10\\\/logo2.png\",\"contentUrl\":\"https:\\\/\\\/transamerica93.com.br\\\/home\\\/wp-content\\\/uploads\\\/2023\\\/10\\\/logo2.png\",\"width\":800,\"height\":500,\"caption\":\"Transam\u00e9rica Mococa 93,3\"},\"image\":{\"@id\":\"https:\\\/\\\/transamerica93.com.br\\\/home\\\/#\\\/schema\\\/logo\\\/image\\\/\"},\"sameAs\":[\"https:\\\/\\\/www.facebook.com\\\/transamericamococa\",\"https:\\\/\\\/x.com\\\/transamerica933\",\"https:\\\/\\\/www.instagram.com\\\/transamericamococa\"]},{\"@type\":\"Person\",\"@id\":\"https:\\\/\\\/transamerica93.com.br\\\/home\\\/#\\\/schema\\\/person\\\/7fed7c99c0d4562efa8561bc0f543172\",\"name\":\"Reda\u00e7\u00e3o\",\"image\":{\"@type\":\"ImageObject\",\"inLanguage\":\"pt-BR\",\"@id\":\"https:\\\/\\\/secure.gravatar.com\\\/avatar\\\/1072c6b775fb02ef8506ce967551d95926669a6b7d2c2147b42eea4d7c68395e?s=96&d=mm&r=g\",\"url\":\"https:\\\/\\\/secure.gravatar.com\\\/avatar\\\/1072c6b775fb02ef8506ce967551d95926669a6b7d2c2147b42eea4d7c68395e?s=96&d=mm&r=g\",\"contentUrl\":\"https:\\\/\\\/secure.gravatar.com\\\/avatar\\\/1072c6b775fb02ef8506ce967551d95926669a6b7d2c2147b42eea4d7c68395e?s=96&d=mm&r=g\",\"caption\":\"Reda\u00e7\u00e3o\"},\"sameAs\":[\"https:\\\/\\\/transamerica93.com.br\\\/home\"],\"url\":\"https:\\\/\\\/transamerica93.com.br\\\/home\\\/author\\\/william\\\/\"}]}<\/script>\n<!-- \/ Yoast SEO plugin. -->","yoast_head_json":{"title":"Fernanda Torres \u00e9 convidada para ser membro da Academia do Oscar - Transam\u00e9rica Mococa 93,3","robots":{"index":"index","follow":"follow","max-snippet":"max-snippet:-1","max-image-preview":"max-image-preview:large","max-video-preview":"max-video-preview:-1"},"canonical":"https:\/\/transamerica93.com.br\/home\/fernanda-torres-e-convidada-para-ser-membro-da-academia-do-oscar\/","og_locale":"pt_BR","og_type":"article","og_title":"Fernanda Torres \u00e9 convidada para ser membro da Academia do Oscar - Transam\u00e9rica Mococa 93,3","og_description":"Por Renata Nogueira A Academia de Artes e Ci\u00eancias Cinematogr\u00e1ficas, que promove o Oscar, divulgou nesta quinta-feira, 26, uma lista com 534 artistas e executivos da ind\u00fastria convidados para se juntarem \u00e0 institui\u00e7\u00e3o. Entre eles est\u00e1 Fernanda Torres, que neste ano concorreu ao Oscar de melhor atriz por seu trabalho em\u00a0Ainda Estou Aqui, vencedor na &hellip;","og_url":"https:\/\/transamerica93.com.br\/home\/fernanda-torres-e-convidada-para-ser-membro-da-academia-do-oscar\/","og_site_name":"Transam\u00e9rica Mococa 93,3","article_publisher":"https:\/\/www.facebook.com\/transamericamococa","article_published_time":"2025-07-09T21:00:07+00:00","og_image":[{"width":1920,"height":1008,"url":"https:\/\/transamerica93.com.br\/home\/wp-content\/uploads\/2025\/06\/Sem-titulo-17.png","type":"image\/png"}],"author":"Reda\u00e7\u00e3o","twitter_card":"summary_large_image","twitter_creator":"@transamerica933","twitter_site":"@transamerica933","twitter_misc":{"Escrito por":"Reda\u00e7\u00e3o","Est. tempo de leitura":"2 minutos"},"schema":{"@context":"https:\/\/schema.org","@graph":[{"@type":"Article","@id":"https:\/\/transamerica93.com.br\/home\/fernanda-torres-e-convidada-para-ser-membro-da-academia-do-oscar\/#article","isPartOf":{"@id":"https:\/\/transamerica93.com.br\/home\/fernanda-torres-e-convidada-para-ser-membro-da-academia-do-oscar\/"},"author":{"name":"Reda\u00e7\u00e3o","@id":"https:\/\/transamerica93.com.br\/home\/#\/schema\/person\/7fed7c99c0d4562efa8561bc0f543172"},"headline":"Fernanda Torres \u00e9 convidada para ser membro da Academia do Oscar","datePublished":"2025-07-09T21:00:07+00:00","mainEntityOfPage":{"@id":"https:\/\/transamerica93.com.br\/home\/fernanda-torres-e-convidada-para-ser-membro-da-academia-do-oscar\/"},"wordCount":259,"publisher":{"@id":"https:\/\/transamerica93.com.br\/home\/#organization"},"image":{"@id":"https:\/\/transamerica93.com.br\/home\/fernanda-torres-e-convidada-para-ser-membro-da-academia-do-oscar\/#primaryimage"},"thumbnailUrl":"https:\/\/transamerica93.com.br\/home\/wp-content\/uploads\/2025\/06\/Sem-titulo-17.png","articleSection":["Entretenimento"],"inLanguage":"pt-BR"},{"@type":"WebPage","@id":"https:\/\/transamerica93.com.br\/home\/fernanda-torres-e-convidada-para-ser-membro-da-academia-do-oscar\/","url":"https:\/\/transamerica93.com.br\/home\/fernanda-torres-e-convidada-para-ser-membro-da-academia-do-oscar\/","name":"Fernanda Torres \u00e9 convidada para ser membro da Academia do Oscar - Transam\u00e9rica Mococa 93,3","isPartOf":{"@id":"https:\/\/transamerica93.com.br\/home\/#website"},"primaryImageOfPage":{"@id":"https:\/\/transamerica93.com.br\/home\/fernanda-torres-e-convidada-para-ser-membro-da-academia-do-oscar\/#primaryimage"},"image":{"@id":"https:\/\/transamerica93.com.br\/home\/fernanda-torres-e-convidada-para-ser-membro-da-academia-do-oscar\/#primaryimage"},"thumbnailUrl":"https:\/\/transamerica93.com.br\/home\/wp-content\/uploads\/2025\/06\/Sem-titulo-17.png","datePublished":"2025-07-09T21:00:07+00:00","breadcrumb":{"@id":"https:\/\/transamerica93.com.br\/home\/fernanda-torres-e-convidada-para-ser-membro-da-academia-do-oscar\/#breadcrumb"},"inLanguage":"pt-BR","potentialAction":[{"@type":"ReadAction","target":["https:\/\/transamerica93.com.br\/home\/fernanda-torres-e-convidada-para-ser-membro-da-academia-do-oscar\/"]}]},{"@type":"ImageObject","inLanguage":"pt-BR","@id":"https:\/\/transamerica93.com.br\/home\/fernanda-torres-e-convidada-para-ser-membro-da-academia-do-oscar\/#primaryimage","url":"https:\/\/transamerica93.com.br\/home\/wp-content\/uploads\/2025\/06\/Sem-titulo-17.png","contentUrl":"https:\/\/transamerica93.com.br\/home\/wp-content\/uploads\/2025\/06\/Sem-titulo-17.png","width":1920,"height":1008},{"@type":"BreadcrumbList","@id":"https:\/\/transamerica93.com.br\/home\/fernanda-torres-e-convidada-para-ser-membro-da-academia-do-oscar\/#breadcrumb","itemListElement":[{"@type":"ListItem","position":1,"name":"In\u00edcio","item":"https:\/\/transamerica93.com.br\/home\/"},{"@type":"ListItem","position":2,"name":"Fernanda Torres \u00e9 convidada para ser membro da Academia do Oscar"}]},{"@type":"WebSite","@id":"https:\/\/transamerica93.com.br\/home\/#website","url":"https:\/\/transamerica93.com.br\/home\/","name":"Transam\u00e9rica Mococa 93,3","description":"","publisher":{"@id":"https:\/\/transamerica93.com.br\/home\/#organization"},"potentialAction":[{"@type":"SearchAction","target":{"@type":"EntryPoint","urlTemplate":"https:\/\/transamerica93.com.br\/home\/?s={search_term_string}"},"query-input":{"@type":"PropertyValueSpecification","valueRequired":true,"valueName":"search_term_string"}}],"inLanguage":"pt-BR"},{"@type":"Organization","@id":"https:\/\/transamerica93.com.br\/home\/#organization","name":"Transam\u00e9rica Mococa 93,3","url":"https:\/\/transamerica93.com.br\/home\/","logo":{"@type":"ImageObject","inLanguage":"pt-BR","@id":"https:\/\/transamerica93.com.br\/home\/#\/schema\/logo\/image\/","url":"https:\/\/transamerica93.com.br\/home\/wp-content\/uploads\/2023\/10\/logo2.png","contentUrl":"https:\/\/transamerica93.com.br\/home\/wp-content\/uploads\/2023\/10\/logo2.png","width":800,"height":500,"caption":"Transam\u00e9rica Mococa 93,3"},"image":{"@id":"https:\/\/transamerica93.com.br\/home\/#\/schema\/logo\/image\/"},"sameAs":["https:\/\/www.facebook.com\/transamericamococa","https:\/\/x.com\/transamerica933","https:\/\/www.instagram.com\/transamericamococa"]},{"@type":"Person","@id":"https:\/\/transamerica93.com.br\/home\/#\/schema\/person\/7fed7c99c0d4562efa8561bc0f543172","name":"Reda\u00e7\u00e3o","image":{"@type":"ImageObject","inLanguage":"pt-BR","@id":"https:\/\/secure.gravatar.com\/avatar\/1072c6b775fb02ef8506ce967551d95926669a6b7d2c2147b42eea4d7c68395e?s=96&d=mm&r=g","url":"https:\/\/secure.gravatar.com\/avatar\/1072c6b775fb02ef8506ce967551d95926669a6b7d2c2147b42eea4d7c68395e?s=96&d=mm&r=g","contentUrl":"https:\/\/secure.gravatar.com\/avatar\/1072c6b775fb02ef8506ce967551d95926669a6b7d2c2147b42eea4d7c68395e?s=96&d=mm&r=g","caption":"Reda\u00e7\u00e3o"},"sameAs":["https:\/\/transamerica93.com.br\/home"],"url":"https:\/\/transamerica93.com.br\/home\/author\/william\/"}]}},"_links":{"self":[{"href":"https:\/\/transamerica93.com.br\/home\/wp-json\/wp\/v2\/posts\/5870","targetHints":{"allow":["GET"]}}],"collection":[{"href":"https:\/\/transamerica93.com.br\/home\/wp-json\/wp\/v2\/posts"}],"about":[{"href":"https:\/\/transamerica93.com.br\/home\/wp-json\/wp\/v2\/types\/post"}],"author":[{"embeddable":true,"href":"https:\/\/transamerica93.com.br\/home\/wp-json\/wp\/v2\/users\/1"}],"replies":[{"embeddable":true,"href":"https:\/\/transamerica93.com.br\/home\/wp-json\/wp\/v2\/comments?post=5870"}],"version-history":[{"count":1,"href":"https:\/\/transamerica93.com.br\/home\/wp-json\/wp\/v2\/posts\/5870\/revisions"}],"predecessor-version":[{"id":5872,"href":"https:\/\/transamerica93.com.br\/home\/wp-json\/wp\/v2\/posts\/5870\/revisions\/5872"}],"wp:featuredmedia":[{"embeddable":true,"href":"https:\/\/transamerica93.com.br\/home\/wp-json\/wp\/v2\/media\/5871"}],"wp:attachment":[{"href":"https:\/\/transamerica93.com.br\/home\/wp-json\/wp\/v2\/media?parent=5870"}],"wp:term":[{"taxonomy":"category","embeddable":true,"href":"https:\/\/transamerica93.com.br\/home\/wp-json\/wp\/v2\/categories?post=5870"},{"taxonomy":"post_tag","embeddable":true,"href":"https:\/\/transamerica93.com.br\/home\/wp-json\/wp\/v2\/tags?post=5870"}],"curies":[{"name":"wp","href":"https:\/\/api.w.org\/{rel}","templated":true}]}}