{"id":5879,"date":"2025-07-14T09:00:07","date_gmt":"2025-07-14T12:00:07","guid":{"rendered":"https:\/\/transamerica93.com.br\/home\/?p=5879"},"modified":"2025-06-27T22:39:32","modified_gmt":"2025-06-28T01:39:32","slug":"dengue-vacina-do-butantan-deve-estar-disponivel-no-inicio-de-2026","status":"publish","type":"post","link":"https:\/\/transamerica93.com.br\/home\/dengue-vacina-do-butantan-deve-estar-disponivel-no-inicio-de-2026\/","title":{"rendered":"Dengue: vacina do Butantan deve estar dispon\u00edvel no in\u00edcio de 2026"},"content":{"rendered":"<p><strong>A aprova\u00e7\u00e3o da vacina da dengue &#8211; produzida pelo Instituto Butantan &#8211; segue sob an\u00e1lise na Ag\u00eancia Nacional de Vigil\u00e2ncia Sanit\u00e1ria (Anvisa), em Bras\u00edlia. A expectativa do governo federal, de acordo com o ministro da Sa\u00fade, Alexandre Padilha, \u00e9 que a dose esteja dispon\u00edvel, para ser utilizada em um amplo programa de imuniza\u00e7\u00e3o, no in\u00edcio de 2026.<\/strong><img decoding=\"async\" data-src=\"https:\/\/agenciabrasil.ebc.com.br\/ebc.png?id=1648234&amp;o=node\" src=\"data:image\/svg+xml;base64,PHN2ZyB3aWR0aD0iMSIgaGVpZ2h0PSIxIiB4bWxucz0iaHR0cDovL3d3dy53My5vcmcvMjAwMC9zdmciPjwvc3ZnPg==\" class=\"lazyload\" \/><img decoding=\"async\" data-src=\"https:\/\/agenciabrasil.ebc.com.br\/ebc.gif?id=1648234&amp;o=node\" src=\"data:image\/svg+xml;base64,PHN2ZyB3aWR0aD0iMSIgaGVpZ2h0PSIxIiB4bWxucz0iaHR0cDovL3d3dy53My5vcmcvMjAwMC9zdmciPjwvc3ZnPg==\" class=\"lazyload\" \/><\/p>\n<p>\u201cA vacina est\u00e1 em um momento de avalia\u00e7\u00e3o. A Anvisa questiona e sempre pergunta alguns dados. E o Instituto Butantan est\u00e1 respondendo esses dados. A nossa expectativa \u00e9 terminar toda essa avalia\u00e7\u00e3o para que se possa ter essa vacina dispon\u00edvel no come\u00e7o do ano que vem\u201d, afirmou o ministro.\u00a0A dengue \u00e9 uma doen\u00e7a infecciosa febril aguda causada por um v\u00edrus transmitido pela picada do mosquito\u00a0<em>Aedes aegypti<\/em>.<\/p>\n<p>Em entrevista hoje (25), em Bras\u00edlia, a emissoras de r\u00e1dio durante o programa\u00a0<strong><em>Bom Dia, Ministro<\/em><\/strong>, produzido pela\u00a0<strong>Empresa Brasil de Comunica\u00e7\u00e3o (EBC)<\/strong>, Padilha lembrou que, em 2025, os casos da doen\u00e7a ca\u00edram mais de 70% e os \u00f3bitos mais de 80% quando comparados aos dados de 2024, enquanto o estado de S\u00e3o Paulo registrou aumento na circula\u00e7\u00e3o do v\u00edrus, concentrando boa parte dos casos e das mortes no pa\u00eds.<\/p>\n<h2>Preven\u00e7\u00e3o e controle<\/h2>\n<p>\u201cJunho e julho [representam] o per\u00edodo final de maior transmiss\u00e3o da dengue. Passado esse per\u00edodo, vamos trabalhar muito fortemente em agosto e setembro, j\u00e1 no segundo semestre, para os munic\u00edpios e governos estaduais come\u00e7arem a\u00e7\u00f5es de preven\u00e7\u00e3o, controle e informa\u00e7\u00e3o \u00e0 popula\u00e7\u00e3o\u201d, antecipou.<\/p>\n<p>\u00c9 \u201cpara que, quando come\u00e7ar o outro per\u00edodo de transmiss\u00e3o de dengue &#8211; janeiro e fevereiro &#8211; com pico em mar\u00e7o at\u00e9 maio e junho, as coisas j\u00e1 tenham acontecido de forma antecipada. E uma delas \u00e9 o desenvolvimento e avalia\u00e7\u00e3o final da vacina da dengue. Estamos trabalhando firme. A Anvisa fazendo os questionamentos e o Butantan, em uma grande parceria, para que a gente possa ter essa vacina garantida e registrada at\u00e9 o final do ano [2025]\u201d, finalizou.<\/p>\n","protected":false},"excerpt":{"rendered":"<p>A aprova\u00e7\u00e3o da vacina da dengue &#8211; produzida pelo Instituto Butantan &#8211; segue sob an\u00e1lise na Ag\u00eancia Nacional de Vigil\u00e2ncia Sanit\u00e1ria (Anvisa), em Bras\u00edlia. A expectativa do governo federal, de acordo com o ministro da Sa\u00fade, Alexandre Padilha, \u00e9 que a dose esteja dispon\u00edvel, para ser utilizada em um amplo programa de imuniza\u00e7\u00e3o, no in\u00edcio &hellip;<\/p>\n","protected":false},"author":1,"featured_media":5880,"comment_status":"closed","ping_status":"closed","sticky":false,"template":"","format":"standard","meta":{"footnotes":""},"categories":[30],"tags":[],"class_list":["post-5879","post","type-post","status-publish","format-standard","has-post-thumbnail","hentry","category-geral"],"yoast_head":"<!-- This site is optimized with the Yoast SEO plugin v27.4 - https:\/\/yoast.com\/product\/yoast-seo-wordpress\/ -->\n<title>Dengue: vacina do Butantan deve estar dispon\u00edvel no in\u00edcio de 2026 - Transam\u00e9rica Mococa 93,3<\/title>\n<meta name=\"robots\" content=\"index, follow, max-snippet:-1, max-image-preview:large, max-video-preview:-1\" \/>\n<link rel=\"canonical\" href=\"https:\/\/transamerica93.com.br\/home\/dengue-vacina-do-butantan-deve-estar-disponivel-no-inicio-de-2026\/\" \/>\n<meta property=\"og:locale\" content=\"pt_BR\" \/>\n<meta property=\"og:type\" content=\"article\" \/>\n<meta property=\"og:title\" content=\"Dengue: vacina do Butantan deve estar dispon\u00edvel no in\u00edcio de 2026 - Transam\u00e9rica Mococa 93,3\" \/>\n<meta property=\"og:description\" content=\"A aprova\u00e7\u00e3o da vacina da dengue &#8211; produzida pelo Instituto Butantan &#8211; segue sob an\u00e1lise na Ag\u00eancia Nacional de Vigil\u00e2ncia Sanit\u00e1ria (Anvisa), em Bras\u00edlia. A expectativa do governo federal, de acordo com o ministro da Sa\u00fade, Alexandre Padilha, \u00e9 que a dose esteja dispon\u00edvel, para ser utilizada em um amplo programa de imuniza\u00e7\u00e3o, no in\u00edcio &hellip;\" \/>\n<meta property=\"og:url\" content=\"https:\/\/transamerica93.com.br\/home\/dengue-vacina-do-butantan-deve-estar-disponivel-no-inicio-de-2026\/\" \/>\n<meta property=\"og:site_name\" content=\"Transam\u00e9rica Mococa 93,3\" \/>\n<meta property=\"article:publisher\" content=\"https:\/\/www.facebook.com\/transamericamococa\" \/>\n<meta property=\"article:published_time\" content=\"2025-07-14T12:00:07+00:00\" \/>\n<meta property=\"og:image\" content=\"https:\/\/transamerica93.com.br\/home\/wp-content\/uploads\/2025\/06\/Sem-titulo-20.png\" \/>\n\t<meta property=\"og:image:width\" content=\"1170\" \/>\n\t<meta property=\"og:image:height\" content=\"700\" \/>\n\t<meta property=\"og:image:type\" content=\"image\/png\" \/>\n<meta name=\"author\" content=\"Reda\u00e7\u00e3o\" \/>\n<meta name=\"twitter:card\" content=\"summary_large_image\" \/>\n<meta name=\"twitter:creator\" content=\"@transamerica933\" \/>\n<meta name=\"twitter:site\" content=\"@transamerica933\" \/>\n<meta name=\"twitter:label1\" content=\"Escrito por\" \/>\n\t<meta name=\"twitter:data1\" content=\"Reda\u00e7\u00e3o\" \/>\n\t<meta name=\"twitter:label2\" content=\"Est. tempo de leitura\" \/>\n\t<meta name=\"twitter:data2\" content=\"3 minutos\" \/>\n<script type=\"application\/ld+json\" class=\"yoast-schema-graph\">{\"@context\":\"https:\\\/\\\/schema.org\",\"@graph\":[{\"@type\":\"Article\",\"@id\":\"https:\\\/\\\/transamerica93.com.br\\\/home\\\/dengue-vacina-do-butantan-deve-estar-disponivel-no-inicio-de-2026\\\/#article\",\"isPartOf\":{\"@id\":\"https:\\\/\\\/transamerica93.com.br\\\/home\\\/dengue-vacina-do-butantan-deve-estar-disponivel-no-inicio-de-2026\\\/\"},\"author\":{\"name\":\"Reda\u00e7\u00e3o\",\"@id\":\"https:\\\/\\\/transamerica93.com.br\\\/home\\\/#\\\/schema\\\/person\\\/7fed7c99c0d4562efa8561bc0f543172\"},\"headline\":\"Dengue: vacina do Butantan deve estar dispon\u00edvel no in\u00edcio de 2026\",\"datePublished\":\"2025-07-14T12:00:07+00:00\",\"mainEntityOfPage\":{\"@id\":\"https:\\\/\\\/transamerica93.com.br\\\/home\\\/dengue-vacina-do-butantan-deve-estar-disponivel-no-inicio-de-2026\\\/\"},\"wordCount\":359,\"publisher\":{\"@id\":\"https:\\\/\\\/transamerica93.com.br\\\/home\\\/#organization\"},\"image\":{\"@id\":\"https:\\\/\\\/transamerica93.com.br\\\/home\\\/dengue-vacina-do-butantan-deve-estar-disponivel-no-inicio-de-2026\\\/#primaryimage\"},\"thumbnailUrl\":\"https:\\\/\\\/transamerica93.com.br\\\/home\\\/wp-content\\\/uploads\\\/2025\\\/06\\\/Sem-titulo-20.png\",\"articleSection\":[\"Geral\"],\"inLanguage\":\"pt-BR\"},{\"@type\":\"WebPage\",\"@id\":\"https:\\\/\\\/transamerica93.com.br\\\/home\\\/dengue-vacina-do-butantan-deve-estar-disponivel-no-inicio-de-2026\\\/\",\"url\":\"https:\\\/\\\/transamerica93.com.br\\\/home\\\/dengue-vacina-do-butantan-deve-estar-disponivel-no-inicio-de-2026\\\/\",\"name\":\"Dengue: vacina do Butantan deve estar dispon\u00edvel no in\u00edcio de 2026 - Transam\u00e9rica Mococa 93,3\",\"isPartOf\":{\"@id\":\"https:\\\/\\\/transamerica93.com.br\\\/home\\\/#website\"},\"primaryImageOfPage\":{\"@id\":\"https:\\\/\\\/transamerica93.com.br\\\/home\\\/dengue-vacina-do-butantan-deve-estar-disponivel-no-inicio-de-2026\\\/#primaryimage\"},\"image\":{\"@id\":\"https:\\\/\\\/transamerica93.com.br\\\/home\\\/dengue-vacina-do-butantan-deve-estar-disponivel-no-inicio-de-2026\\\/#primaryimage\"},\"thumbnailUrl\":\"https:\\\/\\\/transamerica93.com.br\\\/home\\\/wp-content\\\/uploads\\\/2025\\\/06\\\/Sem-titulo-20.png\",\"datePublished\":\"2025-07-14T12:00:07+00:00\",\"breadcrumb\":{\"@id\":\"https:\\\/\\\/transamerica93.com.br\\\/home\\\/dengue-vacina-do-butantan-deve-estar-disponivel-no-inicio-de-2026\\\/#breadcrumb\"},\"inLanguage\":\"pt-BR\",\"potentialAction\":[{\"@type\":\"ReadAction\",\"target\":[\"https:\\\/\\\/transamerica93.com.br\\\/home\\\/dengue-vacina-do-butantan-deve-estar-disponivel-no-inicio-de-2026\\\/\"]}]},{\"@type\":\"ImageObject\",\"inLanguage\":\"pt-BR\",\"@id\":\"https:\\\/\\\/transamerica93.com.br\\\/home\\\/dengue-vacina-do-butantan-deve-estar-disponivel-no-inicio-de-2026\\\/#primaryimage\",\"url\":\"https:\\\/\\\/transamerica93.com.br\\\/home\\\/wp-content\\\/uploads\\\/2025\\\/06\\\/Sem-titulo-20.png\",\"contentUrl\":\"https:\\\/\\\/transamerica93.com.br\\\/home\\\/wp-content\\\/uploads\\\/2025\\\/06\\\/Sem-titulo-20.png\",\"width\":1170,\"height\":700},{\"@type\":\"BreadcrumbList\",\"@id\":\"https:\\\/\\\/transamerica93.com.br\\\/home\\\/dengue-vacina-do-butantan-deve-estar-disponivel-no-inicio-de-2026\\\/#breadcrumb\",\"itemListElement\":[{\"@type\":\"ListItem\",\"position\":1,\"name\":\"In\u00edcio\",\"item\":\"https:\\\/\\\/transamerica93.com.br\\\/home\\\/\"},{\"@type\":\"ListItem\",\"position\":2,\"name\":\"Dengue: vacina do Butantan deve estar dispon\u00edvel no in\u00edcio de 2026\"}]},{\"@type\":\"WebSite\",\"@id\":\"https:\\\/\\\/transamerica93.com.br\\\/home\\\/#website\",\"url\":\"https:\\\/\\\/transamerica93.com.br\\\/home\\\/\",\"name\":\"Transam\u00e9rica Mococa 93,3\",\"description\":\"\",\"publisher\":{\"@id\":\"https:\\\/\\\/transamerica93.com.br\\\/home\\\/#organization\"},\"potentialAction\":[{\"@type\":\"SearchAction\",\"target\":{\"@type\":\"EntryPoint\",\"urlTemplate\":\"https:\\\/\\\/transamerica93.com.br\\\/home\\\/?s={search_term_string}\"},\"query-input\":{\"@type\":\"PropertyValueSpecification\",\"valueRequired\":true,\"valueName\":\"search_term_string\"}}],\"inLanguage\":\"pt-BR\"},{\"@type\":\"Organization\",\"@id\":\"https:\\\/\\\/transamerica93.com.br\\\/home\\\/#organization\",\"name\":\"Transam\u00e9rica Mococa 93,3\",\"url\":\"https:\\\/\\\/transamerica93.com.br\\\/home\\\/\",\"logo\":{\"@type\":\"ImageObject\",\"inLanguage\":\"pt-BR\",\"@id\":\"https:\\\/\\\/transamerica93.com.br\\\/home\\\/#\\\/schema\\\/logo\\\/image\\\/\",\"url\":\"https:\\\/\\\/transamerica93.com.br\\\/home\\\/wp-content\\\/uploads\\\/2023\\\/10\\\/logo2.png\",\"contentUrl\":\"https:\\\/\\\/transamerica93.com.br\\\/home\\\/wp-content\\\/uploads\\\/2023\\\/10\\\/logo2.png\",\"width\":800,\"height\":500,\"caption\":\"Transam\u00e9rica Mococa 93,3\"},\"image\":{\"@id\":\"https:\\\/\\\/transamerica93.com.br\\\/home\\\/#\\\/schema\\\/logo\\\/image\\\/\"},\"sameAs\":[\"https:\\\/\\\/www.facebook.com\\\/transamericamococa\",\"https:\\\/\\\/x.com\\\/transamerica933\",\"https:\\\/\\\/www.instagram.com\\\/transamericamococa\"]},{\"@type\":\"Person\",\"@id\":\"https:\\\/\\\/transamerica93.com.br\\\/home\\\/#\\\/schema\\\/person\\\/7fed7c99c0d4562efa8561bc0f543172\",\"name\":\"Reda\u00e7\u00e3o\",\"image\":{\"@type\":\"ImageObject\",\"inLanguage\":\"pt-BR\",\"@id\":\"https:\\\/\\\/secure.gravatar.com\\\/avatar\\\/1072c6b775fb02ef8506ce967551d95926669a6b7d2c2147b42eea4d7c68395e?s=96&d=mm&r=g\",\"url\":\"https:\\\/\\\/secure.gravatar.com\\\/avatar\\\/1072c6b775fb02ef8506ce967551d95926669a6b7d2c2147b42eea4d7c68395e?s=96&d=mm&r=g\",\"contentUrl\":\"https:\\\/\\\/secure.gravatar.com\\\/avatar\\\/1072c6b775fb02ef8506ce967551d95926669a6b7d2c2147b42eea4d7c68395e?s=96&d=mm&r=g\",\"caption\":\"Reda\u00e7\u00e3o\"},\"sameAs\":[\"https:\\\/\\\/transamerica93.com.br\\\/home\"],\"url\":\"https:\\\/\\\/transamerica93.com.br\\\/home\\\/author\\\/william\\\/\"}]}<\/script>\n<!-- \/ Yoast SEO plugin. -->","yoast_head_json":{"title":"Dengue: vacina do Butantan deve estar dispon\u00edvel no in\u00edcio de 2026 - Transam\u00e9rica Mococa 93,3","robots":{"index":"index","follow":"follow","max-snippet":"max-snippet:-1","max-image-preview":"max-image-preview:large","max-video-preview":"max-video-preview:-1"},"canonical":"https:\/\/transamerica93.com.br\/home\/dengue-vacina-do-butantan-deve-estar-disponivel-no-inicio-de-2026\/","og_locale":"pt_BR","og_type":"article","og_title":"Dengue: vacina do Butantan deve estar dispon\u00edvel no in\u00edcio de 2026 - Transam\u00e9rica Mococa 93,3","og_description":"A aprova\u00e7\u00e3o da vacina da dengue &#8211; produzida pelo Instituto Butantan &#8211; segue sob an\u00e1lise na Ag\u00eancia Nacional de Vigil\u00e2ncia Sanit\u00e1ria (Anvisa), em Bras\u00edlia. A expectativa do governo federal, de acordo com o ministro da Sa\u00fade, Alexandre Padilha, \u00e9 que a dose esteja dispon\u00edvel, para ser utilizada em um amplo programa de imuniza\u00e7\u00e3o, no in\u00edcio &hellip;","og_url":"https:\/\/transamerica93.com.br\/home\/dengue-vacina-do-butantan-deve-estar-disponivel-no-inicio-de-2026\/","og_site_name":"Transam\u00e9rica Mococa 93,3","article_publisher":"https:\/\/www.facebook.com\/transamericamococa","article_published_time":"2025-07-14T12:00:07+00:00","og_image":[{"width":1170,"height":700,"url":"https:\/\/transamerica93.com.br\/home\/wp-content\/uploads\/2025\/06\/Sem-titulo-20.png","type":"image\/png"}],"author":"Reda\u00e7\u00e3o","twitter_card":"summary_large_image","twitter_creator":"@transamerica933","twitter_site":"@transamerica933","twitter_misc":{"Escrito por":"Reda\u00e7\u00e3o","Est. tempo de leitura":"3 minutos"},"schema":{"@context":"https:\/\/schema.org","@graph":[{"@type":"Article","@id":"https:\/\/transamerica93.com.br\/home\/dengue-vacina-do-butantan-deve-estar-disponivel-no-inicio-de-2026\/#article","isPartOf":{"@id":"https:\/\/transamerica93.com.br\/home\/dengue-vacina-do-butantan-deve-estar-disponivel-no-inicio-de-2026\/"},"author":{"name":"Reda\u00e7\u00e3o","@id":"https:\/\/transamerica93.com.br\/home\/#\/schema\/person\/7fed7c99c0d4562efa8561bc0f543172"},"headline":"Dengue: vacina do Butantan deve estar dispon\u00edvel no in\u00edcio de 2026","datePublished":"2025-07-14T12:00:07+00:00","mainEntityOfPage":{"@id":"https:\/\/transamerica93.com.br\/home\/dengue-vacina-do-butantan-deve-estar-disponivel-no-inicio-de-2026\/"},"wordCount":359,"publisher":{"@id":"https:\/\/transamerica93.com.br\/home\/#organization"},"image":{"@id":"https:\/\/transamerica93.com.br\/home\/dengue-vacina-do-butantan-deve-estar-disponivel-no-inicio-de-2026\/#primaryimage"},"thumbnailUrl":"https:\/\/transamerica93.com.br\/home\/wp-content\/uploads\/2025\/06\/Sem-titulo-20.png","articleSection":["Geral"],"inLanguage":"pt-BR"},{"@type":"WebPage","@id":"https:\/\/transamerica93.com.br\/home\/dengue-vacina-do-butantan-deve-estar-disponivel-no-inicio-de-2026\/","url":"https:\/\/transamerica93.com.br\/home\/dengue-vacina-do-butantan-deve-estar-disponivel-no-inicio-de-2026\/","name":"Dengue: vacina do Butantan deve estar dispon\u00edvel no in\u00edcio de 2026 - Transam\u00e9rica Mococa 93,3","isPartOf":{"@id":"https:\/\/transamerica93.com.br\/home\/#website"},"primaryImageOfPage":{"@id":"https:\/\/transamerica93.com.br\/home\/dengue-vacina-do-butantan-deve-estar-disponivel-no-inicio-de-2026\/#primaryimage"},"image":{"@id":"https:\/\/transamerica93.com.br\/home\/dengue-vacina-do-butantan-deve-estar-disponivel-no-inicio-de-2026\/#primaryimage"},"thumbnailUrl":"https:\/\/transamerica93.com.br\/home\/wp-content\/uploads\/2025\/06\/Sem-titulo-20.png","datePublished":"2025-07-14T12:00:07+00:00","breadcrumb":{"@id":"https:\/\/transamerica93.com.br\/home\/dengue-vacina-do-butantan-deve-estar-disponivel-no-inicio-de-2026\/#breadcrumb"},"inLanguage":"pt-BR","potentialAction":[{"@type":"ReadAction","target":["https:\/\/transamerica93.com.br\/home\/dengue-vacina-do-butantan-deve-estar-disponivel-no-inicio-de-2026\/"]}]},{"@type":"ImageObject","inLanguage":"pt-BR","@id":"https:\/\/transamerica93.com.br\/home\/dengue-vacina-do-butantan-deve-estar-disponivel-no-inicio-de-2026\/#primaryimage","url":"https:\/\/transamerica93.com.br\/home\/wp-content\/uploads\/2025\/06\/Sem-titulo-20.png","contentUrl":"https:\/\/transamerica93.com.br\/home\/wp-content\/uploads\/2025\/06\/Sem-titulo-20.png","width":1170,"height":700},{"@type":"BreadcrumbList","@id":"https:\/\/transamerica93.com.br\/home\/dengue-vacina-do-butantan-deve-estar-disponivel-no-inicio-de-2026\/#breadcrumb","itemListElement":[{"@type":"ListItem","position":1,"name":"In\u00edcio","item":"https:\/\/transamerica93.com.br\/home\/"},{"@type":"ListItem","position":2,"name":"Dengue: vacina do Butantan deve estar dispon\u00edvel no in\u00edcio de 2026"}]},{"@type":"WebSite","@id":"https:\/\/transamerica93.com.br\/home\/#website","url":"https:\/\/transamerica93.com.br\/home\/","name":"Transam\u00e9rica Mococa 93,3","description":"","publisher":{"@id":"https:\/\/transamerica93.com.br\/home\/#organization"},"potentialAction":[{"@type":"SearchAction","target":{"@type":"EntryPoint","urlTemplate":"https:\/\/transamerica93.com.br\/home\/?s={search_term_string}"},"query-input":{"@type":"PropertyValueSpecification","valueRequired":true,"valueName":"search_term_string"}}],"inLanguage":"pt-BR"},{"@type":"Organization","@id":"https:\/\/transamerica93.com.br\/home\/#organization","name":"Transam\u00e9rica Mococa 93,3","url":"https:\/\/transamerica93.com.br\/home\/","logo":{"@type":"ImageObject","inLanguage":"pt-BR","@id":"https:\/\/transamerica93.com.br\/home\/#\/schema\/logo\/image\/","url":"https:\/\/transamerica93.com.br\/home\/wp-content\/uploads\/2023\/10\/logo2.png","contentUrl":"https:\/\/transamerica93.com.br\/home\/wp-content\/uploads\/2023\/10\/logo2.png","width":800,"height":500,"caption":"Transam\u00e9rica Mococa 93,3"},"image":{"@id":"https:\/\/transamerica93.com.br\/home\/#\/schema\/logo\/image\/"},"sameAs":["https:\/\/www.facebook.com\/transamericamococa","https:\/\/x.com\/transamerica933","https:\/\/www.instagram.com\/transamericamococa"]},{"@type":"Person","@id":"https:\/\/transamerica93.com.br\/home\/#\/schema\/person\/7fed7c99c0d4562efa8561bc0f543172","name":"Reda\u00e7\u00e3o","image":{"@type":"ImageObject","inLanguage":"pt-BR","@id":"https:\/\/secure.gravatar.com\/avatar\/1072c6b775fb02ef8506ce967551d95926669a6b7d2c2147b42eea4d7c68395e?s=96&d=mm&r=g","url":"https:\/\/secure.gravatar.com\/avatar\/1072c6b775fb02ef8506ce967551d95926669a6b7d2c2147b42eea4d7c68395e?s=96&d=mm&r=g","contentUrl":"https:\/\/secure.gravatar.com\/avatar\/1072c6b775fb02ef8506ce967551d95926669a6b7d2c2147b42eea4d7c68395e?s=96&d=mm&r=g","caption":"Reda\u00e7\u00e3o"},"sameAs":["https:\/\/transamerica93.com.br\/home"],"url":"https:\/\/transamerica93.com.br\/home\/author\/william\/"}]}},"_links":{"self":[{"href":"https:\/\/transamerica93.com.br\/home\/wp-json\/wp\/v2\/posts\/5879","targetHints":{"allow":["GET"]}}],"collection":[{"href":"https:\/\/transamerica93.com.br\/home\/wp-json\/wp\/v2\/posts"}],"about":[{"href":"https:\/\/transamerica93.com.br\/home\/wp-json\/wp\/v2\/types\/post"}],"author":[{"embeddable":true,"href":"https:\/\/transamerica93.com.br\/home\/wp-json\/wp\/v2\/users\/1"}],"replies":[{"embeddable":true,"href":"https:\/\/transamerica93.com.br\/home\/wp-json\/wp\/v2\/comments?post=5879"}],"version-history":[{"count":1,"href":"https:\/\/transamerica93.com.br\/home\/wp-json\/wp\/v2\/posts\/5879\/revisions"}],"predecessor-version":[{"id":5881,"href":"https:\/\/transamerica93.com.br\/home\/wp-json\/wp\/v2\/posts\/5879\/revisions\/5881"}],"wp:featuredmedia":[{"embeddable":true,"href":"https:\/\/transamerica93.com.br\/home\/wp-json\/wp\/v2\/media\/5880"}],"wp:attachment":[{"href":"https:\/\/transamerica93.com.br\/home\/wp-json\/wp\/v2\/media?parent=5879"}],"wp:term":[{"taxonomy":"category","embeddable":true,"href":"https:\/\/transamerica93.com.br\/home\/wp-json\/wp\/v2\/categories?post=5879"},{"taxonomy":"post_tag","embeddable":true,"href":"https:\/\/transamerica93.com.br\/home\/wp-json\/wp\/v2\/tags?post=5879"}],"curies":[{"name":"wp","href":"https:\/\/api.w.org\/{rel}","templated":true}]}}