{"id":5882,"date":"2025-07-15T09:00:46","date_gmt":"2025-07-15T12:00:46","guid":{"rendered":"https:\/\/transamerica93.com.br\/home\/?p=5882"},"modified":"2025-06-27T22:40:41","modified_gmt":"2025-06-28T01:40:41","slug":"precos-de-alimentos-caem-e-previa-da-inflacao-de-junho-fica-em-026","status":"publish","type":"post","link":"https:\/\/transamerica93.com.br\/home\/precos-de-alimentos-caem-e-previa-da-inflacao-de-junho-fica-em-026\/","title":{"rendered":"Pre\u00e7os de alimentos caem e pr\u00e9via da infla\u00e7\u00e3o de junho fica em 0,26%"},"content":{"rendered":"<p><strong>Depois de nove meses seguidos de alta, os pre\u00e7os dos alimentos apresentaram queda em junho e ajudaram a fazer o \u00cdndice Nacional de Pre\u00e7os ao Consumidor Amplo 15 (IPCA-15) \u2013 tamb\u00e9m conhecido como pr\u00e9via da infla\u00e7\u00e3o oficial \u2013 fechar em 0,26%.<\/strong><img decoding=\"async\" data-src=\"https:\/\/agenciabrasil.ebc.com.br\/ebc.png?id=1648486&amp;o=node\" src=\"data:image\/svg+xml;base64,PHN2ZyB3aWR0aD0iMSIgaGVpZ2h0PSIxIiB4bWxucz0iaHR0cDovL3d3dy53My5vcmcvMjAwMC9zdmciPjwvc3ZnPg==\" class=\"lazyload\" \/><img decoding=\"async\" data-src=\"https:\/\/agenciabrasil.ebc.com.br\/ebc.gif?id=1648486&amp;o=node\" src=\"data:image\/svg+xml;base64,PHN2ZyB3aWR0aD0iMSIgaGVpZ2h0PSIxIiB4bWxucz0iaHR0cDovL3d3dy53My5vcmcvMjAwMC9zdmciPjwvc3ZnPg==\" class=\"lazyload\" \/><\/p>\n<p>Os dados foram divulgados pelo Instituto Brasileiro de Geografia e Estat\u00edstica (IBGE). Esse resultado representa o quarto m\u00eas seguido de desacelera\u00e7\u00e3o, ou seja, a infla\u00e7\u00e3o est\u00e1 perdendo for\u00e7a.<\/p>\n<p>Veja o comportamento do IPCA-15 desde fevereiro, quando foi apurado o maior \u00edndice do ano:<\/p>\n<p>Fevereiro: 1,23%<\/p>\n<p>Mar\u00e7o: 0,64%<\/p>\n<p>Abril: 0,43%<\/p>\n<p>Maio: 0,36%<\/p>\n<p>Junho: 0,26%<\/p>\n<p>O resultado de junho tamb\u00e9m deixa o IPCA-15 abaixo do registrado no mesmo m\u00eas do ano passado (0,39%).\u00a0<strong>No acumulado de 12 meses, o \u00edndice soma 5,27%.<\/strong><\/p>\n<h2>Influ\u00eancias<\/h2>\n<p>Dos nove grupos de produtos e servi\u00e7os pesquisados pelo IBGE, sete apresentaram alta em junho.\u00a0<strong>Al\u00e9m da alimenta\u00e7\u00e3o, o outro grupamento com recuo nos pre\u00e7os foi educa\u00e7\u00e3o (-0,02%)<\/strong>.<\/p>\n<p><strong>Entre os que tiveram alta, a maior press\u00e3o veio da habita\u00e7\u00e3o, que subiu 1,08%, representando impacto de 0,16 ponto percentual (p.p.) no IPCA-15.<\/strong><\/p>\n<p>&#8211; Habita\u00e7\u00e3o: 1,08%<\/p>\n<p>&#8211; Vestu\u00e1rio: 0,51%<\/p>\n<p>&#8211; Sa\u00fade e cuidados pessoais: 0,29%<\/p>\n<p>&#8211; Despesas pessoais: 0,19%<\/p>\n<p>&#8211; Artigos de resid\u00eancia: 0,11%<\/p>\n<p>&#8211; Transportes: 0,06%<\/p>\n<p>&#8211; Comunica\u00e7\u00e3o: 0,02%<\/p>\n<p>&#8211; Alimenta\u00e7\u00e3o e bebidas: -0,02%<\/p>\n<p>&#8211; Educa\u00e7\u00e3o: -0,02%<\/p>\n<p><strong>O grupo habita\u00e7\u00e3o foi influenciado pelo subitem energia el\u00e9trica residencial \u2013 o que mais contribuiu para a infla\u00e7\u00e3o dentre todos os 377 produtos e servi\u00e7os pesquisados pelo IBGE.<\/strong><\/p>\n<p><strong>A conta de luz nos lares ficou 3,29% mais cara (impacto de 0,13 p.p.) por causa da incorpora\u00e7\u00e3o da bandeira tarif\u00e1ria vermelha patamar 1,<\/strong>\u00a0com a\u00a0<a href=\"https:\/\/agenciabrasil.ebc.com.br\/economia\/noticia\/2025-05\/conta-de-luz-tera-bandeira-vermelha-em-junho-anuncia-aneel\" target=\"_blank\" rel=\"noopener\">cobran\u00e7a adicional de R$ 4,46 na fatura a cada 100 quilowatts-hora (kWh) consumidos<\/a>, que passou a vigorar em junho.<\/p>\n<h2>Impactos negativos<\/h2>\n<p>Dos quatro principais impactos negativos no \u00edndice, tr\u00eas s\u00e3o subitens do grupo alimenta\u00e7\u00e3o:<\/p>\n<p>Tomate: -7,24% (-0,02 p.p.)<\/p>\n<p>Ovo de galinha: -6,95% (-0,02 p.p.)<\/p>\n<p>Arroz: -3,44% (-0,02 p.p.)<\/p>\n<p>As frutas ficaram 2,47% mais baratas.\u00a0<strong>A cebola (9,54%) e o caf\u00e9 mo\u00eddo (2,86%), por outro lado, subiram.<\/strong><\/p>\n<p><strong>A defla\u00e7\u00e3o dos alimentos em junho \u00e9 a primeira desde agosto de 2024, quando os pre\u00e7os tinham ca\u00eddo 0,80%.<\/strong>\u00a0Desde ent\u00e3o, foram nove meses de alta, tendo o pico sido atingido em dezembro (1,47%). Em maio, a eleva\u00e7\u00e3o foi 0,39%.<\/p>\n<p>A gasolina, subitem que tem o maior peso na cesta de pre\u00e7os apurada pelos pesquisadores, recuou 0,52%, tirando 0,03 p.p. do IPCA-15. O grupo combust\u00edveis como um todo recuou 0,69%.<\/p>\n<p>&#8211; \u00f3leo diesel (-1,74%)<\/p>\n<p>&#8211; etanol (-1,66%)<\/p>\n<p>&#8211; gasolina (-0,52%)<\/p>\n<p>&#8211; g\u00e1s veicular (-0,33%)<\/p>\n<h2>O \u00edndice<\/h2>\n<p>O IPCA-15 tem basicamente a mesma metodologia do IPCA, a chamada infla\u00e7\u00e3o oficial, que serve de base para a pol\u00edtica de meta de infla\u00e7\u00e3o do governo: 3% em 12 meses, com margem de toler\u00e2ncia de 1,5 p.p. para mais ou para menos.<\/p>\n<p>A diferen\u00e7a est\u00e1 no per\u00edodo de coleta de pre\u00e7os e na abrang\u00eancia geogr\u00e1fica. Na pr\u00e9via, a pesquisa e feita e divulgada antes mesmo de acabar o m\u00eas de refer\u00eancia.\u00a0<strong>Em rela\u00e7\u00e3o \u00e0 divulga\u00e7\u00e3o atual, o per\u00edodo de coleta foi de 16 de maio a 13 de junho.<\/strong><\/p>\n<p><strong>Ambos os \u00edndices levam em considera\u00e7\u00e3o uma cesta de produtos e servi\u00e7os para fam\u00edlias com rendimentos entre um e 40 sal\u00e1rios m\u00ednimos. Atualmente o valor do m\u00ednimo \u00e9 R$ 1.518.<\/strong><\/p>\n<p>O IPCA-15 coleta pre\u00e7os em 11 localidades do pa\u00eds (as regi\u00f5es metropolitanas do Rio de Janeiro, Porto Alegre, Belo Horizonte, Recife, S\u00e3o Paulo, Bel\u00e9m, Fortaleza, Salvador e Curitiba, al\u00e9m de Bras\u00edlia e Goi\u00e2nia.); e o IPCA, 16 localidades (inclui Vit\u00f3ria, Campo Grande, Rio Branco, S\u00e3o Lu\u00eds e Aracaju).\u00a0<strong>O IPCA cheio de junho ser\u00e1 divulgado em 10 de julho.<\/strong><\/p>\n","protected":false},"excerpt":{"rendered":"<p>Depois de nove meses seguidos de alta, os pre\u00e7os dos alimentos apresentaram queda em junho e ajudaram a fazer o \u00cdndice Nacional de Pre\u00e7os ao Consumidor Amplo 15 (IPCA-15) \u2013 tamb\u00e9m conhecido como pr\u00e9via da infla\u00e7\u00e3o oficial \u2013 fechar em 0,26%. Os dados foram divulgados pelo Instituto Brasileiro de Geografia e Estat\u00edstica (IBGE). Esse resultado &hellip;<\/p>\n","protected":false},"author":1,"featured_media":5883,"comment_status":"closed","ping_status":"closed","sticky":false,"template":"","format":"standard","meta":{"footnotes":""},"categories":[30],"tags":[],"class_list":["post-5882","post","type-post","status-publish","format-standard","has-post-thumbnail","hentry","category-geral"],"yoast_head":"<!-- This site is optimized with the Yoast SEO plugin v27.4 - https:\/\/yoast.com\/product\/yoast-seo-wordpress\/ -->\n<title>Pre\u00e7os de alimentos caem e pr\u00e9via da infla\u00e7\u00e3o de junho fica em 0,26% - Transam\u00e9rica Mococa 93,3<\/title>\n<meta name=\"robots\" content=\"index, follow, max-snippet:-1, max-image-preview:large, max-video-preview:-1\" \/>\n<link rel=\"canonical\" href=\"https:\/\/transamerica93.com.br\/home\/precos-de-alimentos-caem-e-previa-da-inflacao-de-junho-fica-em-026\/\" \/>\n<meta property=\"og:locale\" content=\"pt_BR\" \/>\n<meta property=\"og:type\" content=\"article\" \/>\n<meta property=\"og:title\" content=\"Pre\u00e7os de alimentos caem e pr\u00e9via da infla\u00e7\u00e3o de junho fica em 0,26% - Transam\u00e9rica Mococa 93,3\" \/>\n<meta property=\"og:description\" content=\"Depois de nove meses seguidos de alta, os pre\u00e7os dos alimentos apresentaram queda em junho e ajudaram a fazer o \u00cdndice Nacional de Pre\u00e7os ao Consumidor Amplo 15 (IPCA-15) \u2013 tamb\u00e9m conhecido como pr\u00e9via da infla\u00e7\u00e3o oficial \u2013 fechar em 0,26%. Os dados foram divulgados pelo Instituto Brasileiro de Geografia e Estat\u00edstica (IBGE). Esse resultado &hellip;\" \/>\n<meta property=\"og:url\" content=\"https:\/\/transamerica93.com.br\/home\/precos-de-alimentos-caem-e-previa-da-inflacao-de-junho-fica-em-026\/\" \/>\n<meta property=\"og:site_name\" content=\"Transam\u00e9rica Mococa 93,3\" \/>\n<meta property=\"article:publisher\" content=\"https:\/\/www.facebook.com\/transamericamococa\" \/>\n<meta property=\"article:published_time\" content=\"2025-07-15T12:00:46+00:00\" \/>\n<meta property=\"og:image\" content=\"https:\/\/transamerica93.com.br\/home\/wp-content\/uploads\/2025\/06\/Sem-titulo-21.png\" \/>\n\t<meta property=\"og:image:width\" content=\"1170\" \/>\n\t<meta property=\"og:image:height\" content=\"700\" \/>\n\t<meta property=\"og:image:type\" content=\"image\/png\" \/>\n<meta name=\"author\" content=\"Reda\u00e7\u00e3o\" \/>\n<meta name=\"twitter:card\" content=\"summary_large_image\" \/>\n<meta name=\"twitter:creator\" content=\"@transamerica933\" \/>\n<meta name=\"twitter:site\" content=\"@transamerica933\" \/>\n<meta name=\"twitter:label1\" content=\"Escrito por\" \/>\n\t<meta name=\"twitter:data1\" content=\"Reda\u00e7\u00e3o\" \/>\n\t<meta name=\"twitter:label2\" content=\"Est. tempo de leitura\" \/>\n\t<meta name=\"twitter:data2\" content=\"4 minutos\" \/>\n<script type=\"application\/ld+json\" class=\"yoast-schema-graph\">{\"@context\":\"https:\\\/\\\/schema.org\",\"@graph\":[{\"@type\":\"Article\",\"@id\":\"https:\\\/\\\/transamerica93.com.br\\\/home\\\/precos-de-alimentos-caem-e-previa-da-inflacao-de-junho-fica-em-026\\\/#article\",\"isPartOf\":{\"@id\":\"https:\\\/\\\/transamerica93.com.br\\\/home\\\/precos-de-alimentos-caem-e-previa-da-inflacao-de-junho-fica-em-026\\\/\"},\"author\":{\"name\":\"Reda\u00e7\u00e3o\",\"@id\":\"https:\\\/\\\/transamerica93.com.br\\\/home\\\/#\\\/schema\\\/person\\\/7fed7c99c0d4562efa8561bc0f543172\"},\"headline\":\"Pre\u00e7os de alimentos caem e pr\u00e9via da infla\u00e7\u00e3o de junho fica em 0,26%\",\"datePublished\":\"2025-07-15T12:00:46+00:00\",\"mainEntityOfPage\":{\"@id\":\"https:\\\/\\\/transamerica93.com.br\\\/home\\\/precos-de-alimentos-caem-e-previa-da-inflacao-de-junho-fica-em-026\\\/\"},\"wordCount\":642,\"publisher\":{\"@id\":\"https:\\\/\\\/transamerica93.com.br\\\/home\\\/#organization\"},\"image\":{\"@id\":\"https:\\\/\\\/transamerica93.com.br\\\/home\\\/precos-de-alimentos-caem-e-previa-da-inflacao-de-junho-fica-em-026\\\/#primaryimage\"},\"thumbnailUrl\":\"https:\\\/\\\/transamerica93.com.br\\\/home\\\/wp-content\\\/uploads\\\/2025\\\/06\\\/Sem-titulo-21.png\",\"articleSection\":[\"Geral\"],\"inLanguage\":\"pt-BR\"},{\"@type\":\"WebPage\",\"@id\":\"https:\\\/\\\/transamerica93.com.br\\\/home\\\/precos-de-alimentos-caem-e-previa-da-inflacao-de-junho-fica-em-026\\\/\",\"url\":\"https:\\\/\\\/transamerica93.com.br\\\/home\\\/precos-de-alimentos-caem-e-previa-da-inflacao-de-junho-fica-em-026\\\/\",\"name\":\"Pre\u00e7os de alimentos caem e pr\u00e9via da infla\u00e7\u00e3o de junho fica em 0,26% - Transam\u00e9rica Mococa 93,3\",\"isPartOf\":{\"@id\":\"https:\\\/\\\/transamerica93.com.br\\\/home\\\/#website\"},\"primaryImageOfPage\":{\"@id\":\"https:\\\/\\\/transamerica93.com.br\\\/home\\\/precos-de-alimentos-caem-e-previa-da-inflacao-de-junho-fica-em-026\\\/#primaryimage\"},\"image\":{\"@id\":\"https:\\\/\\\/transamerica93.com.br\\\/home\\\/precos-de-alimentos-caem-e-previa-da-inflacao-de-junho-fica-em-026\\\/#primaryimage\"},\"thumbnailUrl\":\"https:\\\/\\\/transamerica93.com.br\\\/home\\\/wp-content\\\/uploads\\\/2025\\\/06\\\/Sem-titulo-21.png\",\"datePublished\":\"2025-07-15T12:00:46+00:00\",\"breadcrumb\":{\"@id\":\"https:\\\/\\\/transamerica93.com.br\\\/home\\\/precos-de-alimentos-caem-e-previa-da-inflacao-de-junho-fica-em-026\\\/#breadcrumb\"},\"inLanguage\":\"pt-BR\",\"potentialAction\":[{\"@type\":\"ReadAction\",\"target\":[\"https:\\\/\\\/transamerica93.com.br\\\/home\\\/precos-de-alimentos-caem-e-previa-da-inflacao-de-junho-fica-em-026\\\/\"]}]},{\"@type\":\"ImageObject\",\"inLanguage\":\"pt-BR\",\"@id\":\"https:\\\/\\\/transamerica93.com.br\\\/home\\\/precos-de-alimentos-caem-e-previa-da-inflacao-de-junho-fica-em-026\\\/#primaryimage\",\"url\":\"https:\\\/\\\/transamerica93.com.br\\\/home\\\/wp-content\\\/uploads\\\/2025\\\/06\\\/Sem-titulo-21.png\",\"contentUrl\":\"https:\\\/\\\/transamerica93.com.br\\\/home\\\/wp-content\\\/uploads\\\/2025\\\/06\\\/Sem-titulo-21.png\",\"width\":1170,\"height\":700},{\"@type\":\"BreadcrumbList\",\"@id\":\"https:\\\/\\\/transamerica93.com.br\\\/home\\\/precos-de-alimentos-caem-e-previa-da-inflacao-de-junho-fica-em-026\\\/#breadcrumb\",\"itemListElement\":[{\"@type\":\"ListItem\",\"position\":1,\"name\":\"In\u00edcio\",\"item\":\"https:\\\/\\\/transamerica93.com.br\\\/home\\\/\"},{\"@type\":\"ListItem\",\"position\":2,\"name\":\"Pre\u00e7os de alimentos caem e pr\u00e9via da infla\u00e7\u00e3o de junho fica em 0,26%\"}]},{\"@type\":\"WebSite\",\"@id\":\"https:\\\/\\\/transamerica93.com.br\\\/home\\\/#website\",\"url\":\"https:\\\/\\\/transamerica93.com.br\\\/home\\\/\",\"name\":\"Transam\u00e9rica Mococa 93,3\",\"description\":\"\",\"publisher\":{\"@id\":\"https:\\\/\\\/transamerica93.com.br\\\/home\\\/#organization\"},\"potentialAction\":[{\"@type\":\"SearchAction\",\"target\":{\"@type\":\"EntryPoint\",\"urlTemplate\":\"https:\\\/\\\/transamerica93.com.br\\\/home\\\/?s={search_term_string}\"},\"query-input\":{\"@type\":\"PropertyValueSpecification\",\"valueRequired\":true,\"valueName\":\"search_term_string\"}}],\"inLanguage\":\"pt-BR\"},{\"@type\":\"Organization\",\"@id\":\"https:\\\/\\\/transamerica93.com.br\\\/home\\\/#organization\",\"name\":\"Transam\u00e9rica Mococa 93,3\",\"url\":\"https:\\\/\\\/transamerica93.com.br\\\/home\\\/\",\"logo\":{\"@type\":\"ImageObject\",\"inLanguage\":\"pt-BR\",\"@id\":\"https:\\\/\\\/transamerica93.com.br\\\/home\\\/#\\\/schema\\\/logo\\\/image\\\/\",\"url\":\"https:\\\/\\\/transamerica93.com.br\\\/home\\\/wp-content\\\/uploads\\\/2023\\\/10\\\/logo2.png\",\"contentUrl\":\"https:\\\/\\\/transamerica93.com.br\\\/home\\\/wp-content\\\/uploads\\\/2023\\\/10\\\/logo2.png\",\"width\":800,\"height\":500,\"caption\":\"Transam\u00e9rica Mococa 93,3\"},\"image\":{\"@id\":\"https:\\\/\\\/transamerica93.com.br\\\/home\\\/#\\\/schema\\\/logo\\\/image\\\/\"},\"sameAs\":[\"https:\\\/\\\/www.facebook.com\\\/transamericamococa\",\"https:\\\/\\\/x.com\\\/transamerica933\",\"https:\\\/\\\/www.instagram.com\\\/transamericamococa\"]},{\"@type\":\"Person\",\"@id\":\"https:\\\/\\\/transamerica93.com.br\\\/home\\\/#\\\/schema\\\/person\\\/7fed7c99c0d4562efa8561bc0f543172\",\"name\":\"Reda\u00e7\u00e3o\",\"image\":{\"@type\":\"ImageObject\",\"inLanguage\":\"pt-BR\",\"@id\":\"https:\\\/\\\/secure.gravatar.com\\\/avatar\\\/1072c6b775fb02ef8506ce967551d95926669a6b7d2c2147b42eea4d7c68395e?s=96&d=mm&r=g\",\"url\":\"https:\\\/\\\/secure.gravatar.com\\\/avatar\\\/1072c6b775fb02ef8506ce967551d95926669a6b7d2c2147b42eea4d7c68395e?s=96&d=mm&r=g\",\"contentUrl\":\"https:\\\/\\\/secure.gravatar.com\\\/avatar\\\/1072c6b775fb02ef8506ce967551d95926669a6b7d2c2147b42eea4d7c68395e?s=96&d=mm&r=g\",\"caption\":\"Reda\u00e7\u00e3o\"},\"sameAs\":[\"https:\\\/\\\/transamerica93.com.br\\\/home\"],\"url\":\"https:\\\/\\\/transamerica93.com.br\\\/home\\\/author\\\/william\\\/\"}]}<\/script>\n<!-- \/ Yoast SEO plugin. -->","yoast_head_json":{"title":"Pre\u00e7os de alimentos caem e pr\u00e9via da infla\u00e7\u00e3o de junho fica em 0,26% - Transam\u00e9rica Mococa 93,3","robots":{"index":"index","follow":"follow","max-snippet":"max-snippet:-1","max-image-preview":"max-image-preview:large","max-video-preview":"max-video-preview:-1"},"canonical":"https:\/\/transamerica93.com.br\/home\/precos-de-alimentos-caem-e-previa-da-inflacao-de-junho-fica-em-026\/","og_locale":"pt_BR","og_type":"article","og_title":"Pre\u00e7os de alimentos caem e pr\u00e9via da infla\u00e7\u00e3o de junho fica em 0,26% - Transam\u00e9rica Mococa 93,3","og_description":"Depois de nove meses seguidos de alta, os pre\u00e7os dos alimentos apresentaram queda em junho e ajudaram a fazer o \u00cdndice Nacional de Pre\u00e7os ao Consumidor Amplo 15 (IPCA-15) \u2013 tamb\u00e9m conhecido como pr\u00e9via da infla\u00e7\u00e3o oficial \u2013 fechar em 0,26%. Os dados foram divulgados pelo Instituto Brasileiro de Geografia e Estat\u00edstica (IBGE). Esse resultado &hellip;","og_url":"https:\/\/transamerica93.com.br\/home\/precos-de-alimentos-caem-e-previa-da-inflacao-de-junho-fica-em-026\/","og_site_name":"Transam\u00e9rica Mococa 93,3","article_publisher":"https:\/\/www.facebook.com\/transamericamococa","article_published_time":"2025-07-15T12:00:46+00:00","og_image":[{"width":1170,"height":700,"url":"https:\/\/transamerica93.com.br\/home\/wp-content\/uploads\/2025\/06\/Sem-titulo-21.png","type":"image\/png"}],"author":"Reda\u00e7\u00e3o","twitter_card":"summary_large_image","twitter_creator":"@transamerica933","twitter_site":"@transamerica933","twitter_misc":{"Escrito por":"Reda\u00e7\u00e3o","Est. tempo de leitura":"4 minutos"},"schema":{"@context":"https:\/\/schema.org","@graph":[{"@type":"Article","@id":"https:\/\/transamerica93.com.br\/home\/precos-de-alimentos-caem-e-previa-da-inflacao-de-junho-fica-em-026\/#article","isPartOf":{"@id":"https:\/\/transamerica93.com.br\/home\/precos-de-alimentos-caem-e-previa-da-inflacao-de-junho-fica-em-026\/"},"author":{"name":"Reda\u00e7\u00e3o","@id":"https:\/\/transamerica93.com.br\/home\/#\/schema\/person\/7fed7c99c0d4562efa8561bc0f543172"},"headline":"Pre\u00e7os de alimentos caem e pr\u00e9via da infla\u00e7\u00e3o de junho fica em 0,26%","datePublished":"2025-07-15T12:00:46+00:00","mainEntityOfPage":{"@id":"https:\/\/transamerica93.com.br\/home\/precos-de-alimentos-caem-e-previa-da-inflacao-de-junho-fica-em-026\/"},"wordCount":642,"publisher":{"@id":"https:\/\/transamerica93.com.br\/home\/#organization"},"image":{"@id":"https:\/\/transamerica93.com.br\/home\/precos-de-alimentos-caem-e-previa-da-inflacao-de-junho-fica-em-026\/#primaryimage"},"thumbnailUrl":"https:\/\/transamerica93.com.br\/home\/wp-content\/uploads\/2025\/06\/Sem-titulo-21.png","articleSection":["Geral"],"inLanguage":"pt-BR"},{"@type":"WebPage","@id":"https:\/\/transamerica93.com.br\/home\/precos-de-alimentos-caem-e-previa-da-inflacao-de-junho-fica-em-026\/","url":"https:\/\/transamerica93.com.br\/home\/precos-de-alimentos-caem-e-previa-da-inflacao-de-junho-fica-em-026\/","name":"Pre\u00e7os de alimentos caem e pr\u00e9via da infla\u00e7\u00e3o de junho fica em 0,26% - Transam\u00e9rica Mococa 93,3","isPartOf":{"@id":"https:\/\/transamerica93.com.br\/home\/#website"},"primaryImageOfPage":{"@id":"https:\/\/transamerica93.com.br\/home\/precos-de-alimentos-caem-e-previa-da-inflacao-de-junho-fica-em-026\/#primaryimage"},"image":{"@id":"https:\/\/transamerica93.com.br\/home\/precos-de-alimentos-caem-e-previa-da-inflacao-de-junho-fica-em-026\/#primaryimage"},"thumbnailUrl":"https:\/\/transamerica93.com.br\/home\/wp-content\/uploads\/2025\/06\/Sem-titulo-21.png","datePublished":"2025-07-15T12:00:46+00:00","breadcrumb":{"@id":"https:\/\/transamerica93.com.br\/home\/precos-de-alimentos-caem-e-previa-da-inflacao-de-junho-fica-em-026\/#breadcrumb"},"inLanguage":"pt-BR","potentialAction":[{"@type":"ReadAction","target":["https:\/\/transamerica93.com.br\/home\/precos-de-alimentos-caem-e-previa-da-inflacao-de-junho-fica-em-026\/"]}]},{"@type":"ImageObject","inLanguage":"pt-BR","@id":"https:\/\/transamerica93.com.br\/home\/precos-de-alimentos-caem-e-previa-da-inflacao-de-junho-fica-em-026\/#primaryimage","url":"https:\/\/transamerica93.com.br\/home\/wp-content\/uploads\/2025\/06\/Sem-titulo-21.png","contentUrl":"https:\/\/transamerica93.com.br\/home\/wp-content\/uploads\/2025\/06\/Sem-titulo-21.png","width":1170,"height":700},{"@type":"BreadcrumbList","@id":"https:\/\/transamerica93.com.br\/home\/precos-de-alimentos-caem-e-previa-da-inflacao-de-junho-fica-em-026\/#breadcrumb","itemListElement":[{"@type":"ListItem","position":1,"name":"In\u00edcio","item":"https:\/\/transamerica93.com.br\/home\/"},{"@type":"ListItem","position":2,"name":"Pre\u00e7os de alimentos caem e pr\u00e9via da infla\u00e7\u00e3o de junho fica em 0,26%"}]},{"@type":"WebSite","@id":"https:\/\/transamerica93.com.br\/home\/#website","url":"https:\/\/transamerica93.com.br\/home\/","name":"Transam\u00e9rica Mococa 93,3","description":"","publisher":{"@id":"https:\/\/transamerica93.com.br\/home\/#organization"},"potentialAction":[{"@type":"SearchAction","target":{"@type":"EntryPoint","urlTemplate":"https:\/\/transamerica93.com.br\/home\/?s={search_term_string}"},"query-input":{"@type":"PropertyValueSpecification","valueRequired":true,"valueName":"search_term_string"}}],"inLanguage":"pt-BR"},{"@type":"Organization","@id":"https:\/\/transamerica93.com.br\/home\/#organization","name":"Transam\u00e9rica Mococa 93,3","url":"https:\/\/transamerica93.com.br\/home\/","logo":{"@type":"ImageObject","inLanguage":"pt-BR","@id":"https:\/\/transamerica93.com.br\/home\/#\/schema\/logo\/image\/","url":"https:\/\/transamerica93.com.br\/home\/wp-content\/uploads\/2023\/10\/logo2.png","contentUrl":"https:\/\/transamerica93.com.br\/home\/wp-content\/uploads\/2023\/10\/logo2.png","width":800,"height":500,"caption":"Transam\u00e9rica Mococa 93,3"},"image":{"@id":"https:\/\/transamerica93.com.br\/home\/#\/schema\/logo\/image\/"},"sameAs":["https:\/\/www.facebook.com\/transamericamococa","https:\/\/x.com\/transamerica933","https:\/\/www.instagram.com\/transamericamococa"]},{"@type":"Person","@id":"https:\/\/transamerica93.com.br\/home\/#\/schema\/person\/7fed7c99c0d4562efa8561bc0f543172","name":"Reda\u00e7\u00e3o","image":{"@type":"ImageObject","inLanguage":"pt-BR","@id":"https:\/\/secure.gravatar.com\/avatar\/1072c6b775fb02ef8506ce967551d95926669a6b7d2c2147b42eea4d7c68395e?s=96&d=mm&r=g","url":"https:\/\/secure.gravatar.com\/avatar\/1072c6b775fb02ef8506ce967551d95926669a6b7d2c2147b42eea4d7c68395e?s=96&d=mm&r=g","contentUrl":"https:\/\/secure.gravatar.com\/avatar\/1072c6b775fb02ef8506ce967551d95926669a6b7d2c2147b42eea4d7c68395e?s=96&d=mm&r=g","caption":"Reda\u00e7\u00e3o"},"sameAs":["https:\/\/transamerica93.com.br\/home"],"url":"https:\/\/transamerica93.com.br\/home\/author\/william\/"}]}},"_links":{"self":[{"href":"https:\/\/transamerica93.com.br\/home\/wp-json\/wp\/v2\/posts\/5882","targetHints":{"allow":["GET"]}}],"collection":[{"href":"https:\/\/transamerica93.com.br\/home\/wp-json\/wp\/v2\/posts"}],"about":[{"href":"https:\/\/transamerica93.com.br\/home\/wp-json\/wp\/v2\/types\/post"}],"author":[{"embeddable":true,"href":"https:\/\/transamerica93.com.br\/home\/wp-json\/wp\/v2\/users\/1"}],"replies":[{"embeddable":true,"href":"https:\/\/transamerica93.com.br\/home\/wp-json\/wp\/v2\/comments?post=5882"}],"version-history":[{"count":1,"href":"https:\/\/transamerica93.com.br\/home\/wp-json\/wp\/v2\/posts\/5882\/revisions"}],"predecessor-version":[{"id":5884,"href":"https:\/\/transamerica93.com.br\/home\/wp-json\/wp\/v2\/posts\/5882\/revisions\/5884"}],"wp:featuredmedia":[{"embeddable":true,"href":"https:\/\/transamerica93.com.br\/home\/wp-json\/wp\/v2\/media\/5883"}],"wp:attachment":[{"href":"https:\/\/transamerica93.com.br\/home\/wp-json\/wp\/v2\/media?parent=5882"}],"wp:term":[{"taxonomy":"category","embeddable":true,"href":"https:\/\/transamerica93.com.br\/home\/wp-json\/wp\/v2\/categories?post=5882"},{"taxonomy":"post_tag","embeddable":true,"href":"https:\/\/transamerica93.com.br\/home\/wp-json\/wp\/v2\/tags?post=5882"}],"curies":[{"name":"wp","href":"https:\/\/api.w.org\/{rel}","templated":true}]}}